{"id":22084,"date":"2025-02-13T19:05:07","date_gmt":"2025-02-13T19:05:07","guid":{"rendered":"https:\/\/www.valparaisocreativo.cl\/?p=22084"},"modified":"2025-02-13T19:05:25","modified_gmt":"2025-02-13T19:05:25","slug":"obra-unipersonal-que-transforma-la-risa-en-reflexion-llega-en-el-mes-de-la-mujer","status":"publish","type":"post","link":"https:\/\/dev.antudigital.cl\/sites\/vc\/obra-unipersonal-que-transforma-la-risa-en-reflexion-llega-en-el-mes-de-la-mujer\/","title":{"rendered":"Obra unipersonal que transforma la risa en reflexi\u00f3n llega en el Mes de la Mujer"},"content":{"rendered":"\n<p>La escena teatral chilena se enriquece con la propuesta fresca y honesta de la actriz Carol Chac\u00f3n, quien, a trav\u00e9s del humor, el canto y la reflexi\u00f3n, aborda temas como la violencia de g\u00e9nero, la equidad, el amor propio y el empoderamiento.<\/p>\n\n\n\n<p><strong><em>\u201cLa Flacunchi\u201d<\/em><\/strong>, un personaje lleno de ternura, humor y sinceridad, se presenta como un espejo en el que muchos podr\u00e1n verse reflejados. Adem\u00e1s, su car\u00e1cter itinerante le permitir\u00e1 llevar la obra en una gira por diversas comunas y regiones de Chile con entrada liberada.<\/p>\n\n\n\n<p>Es un proyecto que destaca el talento y la creatividad femenina con un equipo art\u00edstico y t\u00e9cnico completamente compuesto por mujeres, promoviendo la visibilidad de nuevas figuras femeninas en el \u00e1mbito art\u00edstico y social.<\/p>\n\n\n\n<p><em>\u201cFlacunchi\u201d es una invitaci\u00f3n a re\u00edr, a pensar y a celebrar la fuerza interior.<\/em><\/p>\n\n\n\n<p><em>\u00a1No te lo pierdas!&nbsp;<\/em><\/p>\n\n\n\n<figure class=\"wp-block-image size-large is-resized\"><img fetchpriority=\"high\" decoding=\"async\" width=\"819\" height=\"1024\" src=\"https:\/\/www.valparaisocreativo.cl\/wp-content\/uploads\/2025\/02\/funciones-marzo-2025-819x1024.png\" alt=\"\" class=\"wp-image-22086\" style=\"width:499px;height:auto\" srcset=\"https:\/\/dev.antudigital.cl\/sites\/vc\/wp-content\/uploads\/2025\/02\/funciones-marzo-2025-819x1024.png 819w, https:\/\/dev.antudigital.cl\/sites\/vc\/wp-content\/uploads\/2025\/02\/funciones-marzo-2025-240x300.png 240w, https:\/\/dev.antudigital.cl\/sites\/vc\/wp-content\/uploads\/2025\/02\/funciones-marzo-2025-768x960.png 768w, https:\/\/dev.antudigital.cl\/sites\/vc\/wp-content\/uploads\/2025\/02\/funciones-marzo-2025-980x1225.png 980w, https:\/\/dev.antudigital.cl\/sites\/vc\/wp-content\/uploads\/2025\/02\/funciones-marzo-2025-480x600.png 480w, https:\/\/dev.antudigital.cl\/sites\/vc\/wp-content\/uploads\/2025\/02\/funciones-marzo-2025-19x24.png 19w, https:\/\/dev.antudigital.cl\/sites\/vc\/wp-content\/uploads\/2025\/02\/funciones-marzo-2025-29x36.png 29w, https:\/\/dev.antudigital.cl\/sites\/vc\/wp-content\/uploads\/2025\/02\/funciones-marzo-2025-38x48.png 38w, https:\/\/dev.antudigital.cl\/sites\/vc\/wp-content\/uploads\/2025\/02\/funciones-marzo-2025.png 1080w\" sizes=\"(max-width: 819px) 100vw, 819px\" \/><\/figure>\n\n\n\n<p><strong>Rese\u00f1a obra:<\/strong><\/p>\n\n\n\n<p>\u00abFlacunchi\u00bb es la protagonista y tras ser abandonada por su novio, intenta superar su desamor con humor y un ritual esot\u00e9rico que le trae un misterioso maniqu\u00ed llamado \u00abIgnacio\u00bb. Al tratar de darle vida y arreglar la relaci\u00f3n, descubre que su relaci\u00f3n est\u00e1 irremediablemente rota. Agotada por el fracaso, Flacunchi finalmente encuentra consuelo y empoderamiento a trav\u00e9s de un encuentro espiritual, aprendiendo a valorarse y redescubrir su amor propio.<\/p>\n\n\n\n<p><strong>Ficha art\u00edstica:<\/strong><\/p>\n\n\n\n<p>Elenco: Carol Chac\u00f3n Jim\u00e9nez, B\u00e1rbara Ahumada Quintana<\/p>\n\n\n\n<p>Escenograf\u00eda: Mitzi Irrazabal Araya<\/p>\n\n\n\n<p>Iluminaci\u00f3n: Bele\u00f1a Meza Fern\u00e1ndez<\/p>\n\n\n\n<p>Sonido: Nathalie Chac\u00f3n Jim\u00e9nez<\/p>\n\n\n\n<p>Material Audiovisual: Robert Massicotte<\/p>\n\n\n\n<p>Fotograf\u00eda: B\u00e1rbara Quintana Korze<\/p>\n\n\n\n<p>Dise\u00f1o gr\u00e1fico: Bredize Quintana Korze<\/p>\n\n\n\n<p>Producci\u00f3n General: B\u00e1rbara Quintana Korze<\/p>\n\n\n\n<p>Asistencia de Producci\u00f3n: Mitzi Irrazabal Araya<\/p>\n\n\n\n<h3 class=\"wp-block-heading\"><strong>Fechas y lugares de funciones:<\/strong><\/h3>\n\n\n\n<ul class=\"wp-block-list\">\n<li>Viernes 7 de Marzo 19:00hrs. Teatro Municipal La Pintana, An\u00edbal Pinto 12952, La Pintana.<\/li>\n\n\n\n<li>Mi\u00e9rcoles 12 de Marzo 17:00hrs. Centro Cultural Recoleta, Inocencia 2711, Recoleta.<\/li>\n\n\n\n<li>Jueves 13 de Marzo a las 19:00 Casa de la Cultura Anselmo C\u00e1diz, Gran Avenida 12.552-b, Paradero 37. El Bosque<\/li>\n\n\n\n<li>S\u00e1bado 15 de Marzo a las 19:00 Centro Cultural Espacio Matta, Santa Rosa #9014, La Granja.<\/li>\n\n\n\n<li>Jueves 20 de Marzo 19:00, Centro cultural Cas\u00f3n Dubois, Ayuntamiento 1650, Quinta Normal.<\/li>\n\n\n\n<li>Viernes 21 y S\u00e1bado 22 de Marzo 19:00hrs. Parque Cultural de Valpara\u00edso, Calle Cumming 590, C\u00b0 C\u00e1rcel.<\/li>\n\n\n\n<li>Jueves 27 de Marzo a las 11:00hrs. Y 16:00hrs. Teatro Municipal de Antofagasta, Antonio Jos\u00e9 de Sucre 433, Antofagasta.<\/li>\n\n\n\n<li>Viernes 28 de Marzo a las 19:00hrs. Asociaci\u00f3n cultural Municipal de Cerrillos, ubicada en Av. Camino Lonqu\u00e9n N\u00b07518.<\/li>\n<\/ul>\n\n\n\n<p><strong>Link de fotos y video descarga: <\/strong><a href=\"https:\/\/drive.google.com\/drive\/folders\/1hZbrGlCynZ2nG5SO6zVHCJ2HU0xLrISM?usp=share_link\">https:\/\/drive.google.com\/drive\/folders\/1hZbrGlCynZ2nG5SO6zVHCJ2HU0xLrISM?usp=share_link<\/a><\/p>\n\n\n\n<p><strong>Para m\u00e1s informaci\u00f3n<\/strong><strong><br><\/strong>S\u00edguenos en nuestras redes sociales:<br>Instagram | Facebook: @Flacunchi<\/p>\n\n\n\n<p><a href=\"https:\/\/www.instagram.com\/flacunchi\">https:\/\/www.instagram.com\/flacunchi<\/a><\/p>\n\n\n\n<figure class=\"wp-block-image size-large is-resized\"><img decoding=\"async\" width=\"724\" height=\"1024\" src=\"https:\/\/www.valparaisocreativo.cl\/wp-content\/uploads\/2025\/02\/Afiche-Flacunchi-General-Patrocinan-724x1024.jpg\" alt=\"\" class=\"wp-image-22085\" style=\"width:349px;height:auto\" srcset=\"https:\/\/dev.antudigital.cl\/sites\/vc\/wp-content\/uploads\/2025\/02\/Afiche-Flacunchi-General-Patrocinan-724x1024.jpg 724w, https:\/\/dev.antudigital.cl\/sites\/vc\/wp-content\/uploads\/2025\/02\/Afiche-Flacunchi-General-Patrocinan-212x300.jpg 212w, https:\/\/dev.antudigital.cl\/sites\/vc\/wp-content\/uploads\/2025\/02\/Afiche-Flacunchi-General-Patrocinan-768x1086.jpg 768w, https:\/\/dev.antudigital.cl\/sites\/vc\/wp-content\/uploads\/2025\/02\/Afiche-Flacunchi-General-Patrocinan-1086x1536.jpg 1086w, https:\/\/dev.antudigital.cl\/sites\/vc\/wp-content\/uploads\/2025\/02\/Afiche-Flacunchi-General-Patrocinan-1448x2048.jpg 1448w, https:\/\/dev.antudigital.cl\/sites\/vc\/wp-content\/uploads\/2025\/02\/Afiche-Flacunchi-General-Patrocinan-1080x1528.jpg 1080w, https:\/\/dev.antudigital.cl\/sites\/vc\/wp-content\/uploads\/2025\/02\/Afiche-Flacunchi-General-Patrocinan-1280x1810.jpg 1280w, https:\/\/dev.antudigital.cl\/sites\/vc\/wp-content\/uploads\/2025\/02\/Afiche-Flacunchi-General-Patrocinan-980x1386.jpg 980w, https:\/\/dev.antudigital.cl\/sites\/vc\/wp-content\/uploads\/2025\/02\/Afiche-Flacunchi-General-Patrocinan-480x679.jpg 480w, https:\/\/dev.antudigital.cl\/sites\/vc\/wp-content\/uploads\/2025\/02\/Afiche-Flacunchi-General-Patrocinan-17x24.jpg 17w, https:\/\/dev.antudigital.cl\/sites\/vc\/wp-content\/uploads\/2025\/02\/Afiche-Flacunchi-General-Patrocinan-25x36.jpg 25w, https:\/\/dev.antudigital.cl\/sites\/vc\/wp-content\/uploads\/2025\/02\/Afiche-Flacunchi-General-Patrocinan-34x48.jpg 34w, https:\/\/dev.antudigital.cl\/sites\/vc\/wp-content\/uploads\/2025\/02\/Afiche-Flacunchi-General-Patrocinan-scaled.jpg 1810w\" sizes=\"(max-width: 724px) 100vw, 724px\" \/><\/figure>\n","protected":false},"excerpt":{"rendered":"<p>La escena teatral chilena se enriquece con la propuesta fresca y honesta de la actriz Carol Chac\u00f3n, quien, a trav\u00e9s del humor, el canto y la reflexi\u00f3n, aborda temas como la violencia de g\u00e9nero, la equidad, el amor propio y el empoderamiento. \u201cLa Flacunchi\u201d, un personaje lleno de ternura, humor y sinceridad, se presenta como [&hellip;]<\/p>\n","protected":false},"author":1,"featured_media":22087,"comment_status":"closed","ping_status":"closed","sticky":false,"template":"","format":"standard","meta":{"_acf_changed":false,"footnotes":""},"categories":[8],"tags":[],"class_list":["post-22084","post","type-post","status-publish","format-standard","has-post-thumbnail","hentry","category-noticia"],"acf":[],"yoast_head":"<!-- This site is optimized with the Yoast SEO plugin v27.1.1 - https:\/\/yoast.com\/product\/yoast-seo-wordpress\/ -->\n<title>Obra unipersonal que transforma la risa en reflexi\u00f3n llega en el Mes de la Mujer - Valpara\u00ed\u00adso Creativo<\/title>\n<meta name=\"robots\" content=\"index, follow, max-snippet:-1, max-image-preview:large, max-video-preview:-1\" \/>\n<link rel=\"canonical\" href=\"https:\/\/dev.antudigital.cl\/sites\/vc\/obra-unipersonal-que-transforma-la-risa-en-reflexion-llega-en-el-mes-de-la-mujer\/\" \/>\n<meta property=\"og:locale\" content=\"es_ES\" \/>\n<meta property=\"og:type\" content=\"article\" \/>\n<meta property=\"og:title\" content=\"Obra unipersonal que transforma la risa en reflexi\u00f3n llega en el Mes de la Mujer - Valpara\u00ed\u00adso Creativo\" \/>\n<meta property=\"og:description\" content=\"La escena teatral chilena se enriquece con la propuesta fresca y honesta de la actriz Carol Chac\u00f3n, quien, a trav\u00e9s del humor, el canto y la reflexi\u00f3n, aborda temas como la violencia de g\u00e9nero, la equidad, el amor propio y el empoderamiento. \u201cLa Flacunchi\u201d, un personaje lleno de ternura, humor y sinceridad, se presenta como [&hellip;]\" \/>\n<meta property=\"og:url\" content=\"https:\/\/dev.antudigital.cl\/sites\/vc\/obra-unipersonal-que-transforma-la-risa-en-reflexion-llega-en-el-mes-de-la-mujer\/\" \/>\n<meta property=\"og:site_name\" content=\"Valpara\u00ed\u00adso Creativo\" \/>\n<meta property=\"article:published_time\" content=\"2025-02-13T19:05:07+00:00\" \/>\n<meta property=\"article:modified_time\" content=\"2025-02-13T19:05:25+00:00\" \/>\n<meta property=\"og:image\" content=\"https:\/\/dev.antudigital.cl\/sites\/vc\/wp-content\/uploads\/2025\/02\/IMG_3161-scaled.jpg\" \/>\n\t<meta property=\"og:image:width\" content=\"2560\" \/>\n\t<meta property=\"og:image:height\" content=\"1707\" \/>\n\t<meta property=\"og:image:type\" content=\"image\/jpeg\" \/>\n<meta name=\"author\" content=\"Valpara\u00edso Creativo\" \/>\n<meta name=\"twitter:card\" content=\"summary_large_image\" \/>\n<meta name=\"twitter:label1\" content=\"Escrito por\" \/>\n\t<meta name=\"twitter:data1\" content=\"Valpara\u00edso Creativo\" \/>\n\t<meta name=\"twitter:label2\" content=\"Tiempo de lectura\" \/>\n\t<meta name=\"twitter:data2\" content=\"3 minutos\" \/>\n<script type=\"application\/ld+json\" class=\"yoast-schema-graph\">{\"@context\":\"https:\/\/schema.org\",\"@graph\":[{\"@type\":\"Article\",\"@id\":\"https:\/\/dev.antudigital.cl\/sites\/vc\/obra-unipersonal-que-transforma-la-risa-en-reflexion-llega-en-el-mes-de-la-mujer\/#article\",\"isPartOf\":{\"@id\":\"https:\/\/dev.antudigital.cl\/sites\/vc\/obra-unipersonal-que-transforma-la-risa-en-reflexion-llega-en-el-mes-de-la-mujer\/\"},\"author\":{\"name\":\"Valpara\u00edso Creativo\",\"@id\":\"https:\/\/dev.antudigital.cl\/sites\/vc\/#\/schema\/person\/c2b9da8dd545e27166fc5ab232837318\"},\"headline\":\"Obra unipersonal que transforma la risa en reflexi\u00f3n llega en el Mes de la Mujer\",\"datePublished\":\"2025-02-13T19:05:07+00:00\",\"dateModified\":\"2025-02-13T19:05:25+00:00\",\"mainEntityOfPage\":{\"@id\":\"https:\/\/dev.antudigital.cl\/sites\/vc\/obra-unipersonal-que-transforma-la-risa-en-reflexion-llega-en-el-mes-de-la-mujer\/\"},\"wordCount\":469,\"image\":{\"@id\":\"https:\/\/dev.antudigital.cl\/sites\/vc\/obra-unipersonal-que-transforma-la-risa-en-reflexion-llega-en-el-mes-de-la-mujer\/#primaryimage\"},\"thumbnailUrl\":\"https:\/\/dev.antudigital.cl\/sites\/vc\/wp-content\/uploads\/2025\/02\/IMG_3161-scaled.jpg\",\"articleSection\":[\"Noticia\"],\"inLanguage\":\"es\"},{\"@type\":\"WebPage\",\"@id\":\"https:\/\/dev.antudigital.cl\/sites\/vc\/obra-unipersonal-que-transforma-la-risa-en-reflexion-llega-en-el-mes-de-la-mujer\/\",\"url\":\"https:\/\/dev.antudigital.cl\/sites\/vc\/obra-unipersonal-que-transforma-la-risa-en-reflexion-llega-en-el-mes-de-la-mujer\/\",\"name\":\"Obra unipersonal que transforma la risa en reflexi\u00f3n llega en el Mes de la Mujer - Valpara\u00ed\u00adso Creativo\",\"isPartOf\":{\"@id\":\"https:\/\/dev.antudigital.cl\/sites\/vc\/#website\"},\"primaryImageOfPage\":{\"@id\":\"https:\/\/dev.antudigital.cl\/sites\/vc\/obra-unipersonal-que-transforma-la-risa-en-reflexion-llega-en-el-mes-de-la-mujer\/#primaryimage\"},\"image\":{\"@id\":\"https:\/\/dev.antudigital.cl\/sites\/vc\/obra-unipersonal-que-transforma-la-risa-en-reflexion-llega-en-el-mes-de-la-mujer\/#primaryimage\"},\"thumbnailUrl\":\"https:\/\/dev.antudigital.cl\/sites\/vc\/wp-content\/uploads\/2025\/02\/IMG_3161-scaled.jpg\",\"datePublished\":\"2025-02-13T19:05:07+00:00\",\"dateModified\":\"2025-02-13T19:05:25+00:00\",\"author\":{\"@id\":\"https:\/\/dev.antudigital.cl\/sites\/vc\/#\/schema\/person\/c2b9da8dd545e27166fc5ab232837318\"},\"breadcrumb\":{\"@id\":\"https:\/\/dev.antudigital.cl\/sites\/vc\/obra-unipersonal-que-transforma-la-risa-en-reflexion-llega-en-el-mes-de-la-mujer\/#breadcrumb\"},\"inLanguage\":\"es\",\"potentialAction\":[{\"@type\":\"ReadAction\",\"target\":[\"https:\/\/dev.antudigital.cl\/sites\/vc\/obra-unipersonal-que-transforma-la-risa-en-reflexion-llega-en-el-mes-de-la-mujer\/\"]}]},{\"@type\":\"ImageObject\",\"inLanguage\":\"es\",\"@id\":\"https:\/\/dev.antudigital.cl\/sites\/vc\/obra-unipersonal-que-transforma-la-risa-en-reflexion-llega-en-el-mes-de-la-mujer\/#primaryimage\",\"url\":\"https:\/\/dev.antudigital.cl\/sites\/vc\/wp-content\/uploads\/2025\/02\/IMG_3161-scaled.jpg\",\"contentUrl\":\"https:\/\/dev.antudigital.cl\/sites\/vc\/wp-content\/uploads\/2025\/02\/IMG_3161-scaled.jpg\",\"width\":2560,\"height\":1707},{\"@type\":\"BreadcrumbList\",\"@id\":\"https:\/\/dev.antudigital.cl\/sites\/vc\/obra-unipersonal-que-transforma-la-risa-en-reflexion-llega-en-el-mes-de-la-mujer\/#breadcrumb\",\"itemListElement\":[{\"@type\":\"ListItem\",\"position\":1,\"name\":\"Home\",\"item\":\"https:\/\/dev.antudigital.cl\/sites\/vc\/\"},{\"@type\":\"ListItem\",\"position\":2,\"name\":\"Obra unipersonal que transforma la risa en reflexi\u00f3n llega en el Mes de la Mujer\"}]},{\"@type\":\"WebSite\",\"@id\":\"https:\/\/dev.antudigital.cl\/sites\/vc\/#website\",\"url\":\"https:\/\/dev.antudigital.cl\/sites\/vc\/\",\"name\":\"Valpara\u00ed\u00adso Creativo\",\"description\":\"\",\"potentialAction\":[{\"@type\":\"SearchAction\",\"target\":{\"@type\":\"EntryPoint\",\"urlTemplate\":\"https:\/\/dev.antudigital.cl\/sites\/vc\/?s={search_term_string}\"},\"query-input\":{\"@type\":\"PropertyValueSpecification\",\"valueRequired\":true,\"valueName\":\"search_term_string\"}}],\"inLanguage\":\"es\"},{\"@type\":\"Person\",\"@id\":\"https:\/\/dev.antudigital.cl\/sites\/vc\/#\/schema\/person\/c2b9da8dd545e27166fc5ab232837318\",\"name\":\"Valpara\u00edso Creativo\",\"description\":\"Periodista de cultura en la Regi\u00f3n de Valpara\u00edso.\",\"url\":\"https:\/\/dev.antudigital.cl\/sites\/vc\/author\/valpoadmin\/\"}]}<\/script>\n<!-- \/ Yoast SEO plugin. -->","yoast_head_json":{"title":"Obra unipersonal que transforma la risa en reflexi\u00f3n llega en el Mes de la Mujer - Valpara\u00ed\u00adso Creativo","robots":{"index":"index","follow":"follow","max-snippet":"max-snippet:-1","max-image-preview":"max-image-preview:large","max-video-preview":"max-video-preview:-1"},"canonical":"https:\/\/dev.antudigital.cl\/sites\/vc\/obra-unipersonal-que-transforma-la-risa-en-reflexion-llega-en-el-mes-de-la-mujer\/","og_locale":"es_ES","og_type":"article","og_title":"Obra unipersonal que transforma la risa en reflexi\u00f3n llega en el Mes de la Mujer - Valpara\u00ed\u00adso Creativo","og_description":"La escena teatral chilena se enriquece con la propuesta fresca y honesta de la actriz Carol Chac\u00f3n, quien, a trav\u00e9s del humor, el canto y la reflexi\u00f3n, aborda temas como la violencia de g\u00e9nero, la equidad, el amor propio y el empoderamiento. \u201cLa Flacunchi\u201d, un personaje lleno de ternura, humor y sinceridad, se presenta como [&hellip;]","og_url":"https:\/\/dev.antudigital.cl\/sites\/vc\/obra-unipersonal-que-transforma-la-risa-en-reflexion-llega-en-el-mes-de-la-mujer\/","og_site_name":"Valpara\u00ed\u00adso Creativo","article_published_time":"2025-02-13T19:05:07+00:00","article_modified_time":"2025-02-13T19:05:25+00:00","og_image":[{"width":2560,"height":1707,"url":"https:\/\/dev.antudigital.cl\/sites\/vc\/wp-content\/uploads\/2025\/02\/IMG_3161-scaled.jpg","type":"image\/jpeg"}],"author":"Valpara\u00edso Creativo","twitter_card":"summary_large_image","twitter_misc":{"Escrito por":"Valpara\u00edso Creativo","Tiempo de lectura":"3 minutos"},"schema":{"@context":"https:\/\/schema.org","@graph":[{"@type":"Article","@id":"https:\/\/dev.antudigital.cl\/sites\/vc\/obra-unipersonal-que-transforma-la-risa-en-reflexion-llega-en-el-mes-de-la-mujer\/#article","isPartOf":{"@id":"https:\/\/dev.antudigital.cl\/sites\/vc\/obra-unipersonal-que-transforma-la-risa-en-reflexion-llega-en-el-mes-de-la-mujer\/"},"author":{"name":"Valpara\u00edso Creativo","@id":"https:\/\/dev.antudigital.cl\/sites\/vc\/#\/schema\/person\/c2b9da8dd545e27166fc5ab232837318"},"headline":"Obra unipersonal que transforma la risa en reflexi\u00f3n llega en el Mes de la Mujer","datePublished":"2025-02-13T19:05:07+00:00","dateModified":"2025-02-13T19:05:25+00:00","mainEntityOfPage":{"@id":"https:\/\/dev.antudigital.cl\/sites\/vc\/obra-unipersonal-que-transforma-la-risa-en-reflexion-llega-en-el-mes-de-la-mujer\/"},"wordCount":469,"image":{"@id":"https:\/\/dev.antudigital.cl\/sites\/vc\/obra-unipersonal-que-transforma-la-risa-en-reflexion-llega-en-el-mes-de-la-mujer\/#primaryimage"},"thumbnailUrl":"https:\/\/dev.antudigital.cl\/sites\/vc\/wp-content\/uploads\/2025\/02\/IMG_3161-scaled.jpg","articleSection":["Noticia"],"inLanguage":"es"},{"@type":"WebPage","@id":"https:\/\/dev.antudigital.cl\/sites\/vc\/obra-unipersonal-que-transforma-la-risa-en-reflexion-llega-en-el-mes-de-la-mujer\/","url":"https:\/\/dev.antudigital.cl\/sites\/vc\/obra-unipersonal-que-transforma-la-risa-en-reflexion-llega-en-el-mes-de-la-mujer\/","name":"Obra unipersonal que transforma la risa en reflexi\u00f3n llega en el Mes de la Mujer - Valpara\u00ed\u00adso Creativo","isPartOf":{"@id":"https:\/\/dev.antudigital.cl\/sites\/vc\/#website"},"primaryImageOfPage":{"@id":"https:\/\/dev.antudigital.cl\/sites\/vc\/obra-unipersonal-que-transforma-la-risa-en-reflexion-llega-en-el-mes-de-la-mujer\/#primaryimage"},"image":{"@id":"https:\/\/dev.antudigital.cl\/sites\/vc\/obra-unipersonal-que-transforma-la-risa-en-reflexion-llega-en-el-mes-de-la-mujer\/#primaryimage"},"thumbnailUrl":"https:\/\/dev.antudigital.cl\/sites\/vc\/wp-content\/uploads\/2025\/02\/IMG_3161-scaled.jpg","datePublished":"2025-02-13T19:05:07+00:00","dateModified":"2025-02-13T19:05:25+00:00","author":{"@id":"https:\/\/dev.antudigital.cl\/sites\/vc\/#\/schema\/person\/c2b9da8dd545e27166fc5ab232837318"},"breadcrumb":{"@id":"https:\/\/dev.antudigital.cl\/sites\/vc\/obra-unipersonal-que-transforma-la-risa-en-reflexion-llega-en-el-mes-de-la-mujer\/#breadcrumb"},"inLanguage":"es","potentialAction":[{"@type":"ReadAction","target":["https:\/\/dev.antudigital.cl\/sites\/vc\/obra-unipersonal-que-transforma-la-risa-en-reflexion-llega-en-el-mes-de-la-mujer\/"]}]},{"@type":"ImageObject","inLanguage":"es","@id":"https:\/\/dev.antudigital.cl\/sites\/vc\/obra-unipersonal-que-transforma-la-risa-en-reflexion-llega-en-el-mes-de-la-mujer\/#primaryimage","url":"https:\/\/dev.antudigital.cl\/sites\/vc\/wp-content\/uploads\/2025\/02\/IMG_3161-scaled.jpg","contentUrl":"https:\/\/dev.antudigital.cl\/sites\/vc\/wp-content\/uploads\/2025\/02\/IMG_3161-scaled.jpg","width":2560,"height":1707},{"@type":"BreadcrumbList","@id":"https:\/\/dev.antudigital.cl\/sites\/vc\/obra-unipersonal-que-transforma-la-risa-en-reflexion-llega-en-el-mes-de-la-mujer\/#breadcrumb","itemListElement":[{"@type":"ListItem","position":1,"name":"Home","item":"https:\/\/dev.antudigital.cl\/sites\/vc\/"},{"@type":"ListItem","position":2,"name":"Obra unipersonal que transforma la risa en reflexi\u00f3n llega en el Mes de la Mujer"}]},{"@type":"WebSite","@id":"https:\/\/dev.antudigital.cl\/sites\/vc\/#website","url":"https:\/\/dev.antudigital.cl\/sites\/vc\/","name":"Valpara\u00ed\u00adso Creativo","description":"","potentialAction":[{"@type":"SearchAction","target":{"@type":"EntryPoint","urlTemplate":"https:\/\/dev.antudigital.cl\/sites\/vc\/?s={search_term_string}"},"query-input":{"@type":"PropertyValueSpecification","valueRequired":true,"valueName":"search_term_string"}}],"inLanguage":"es"},{"@type":"Person","@id":"https:\/\/dev.antudigital.cl\/sites\/vc\/#\/schema\/person\/c2b9da8dd545e27166fc5ab232837318","name":"Valpara\u00edso Creativo","description":"Periodista de cultura en la Regi\u00f3n de Valpara\u00edso.","url":"https:\/\/dev.antudigital.cl\/sites\/vc\/author\/valpoadmin\/"}]}},"_links":{"self":[{"href":"https:\/\/dev.antudigital.cl\/sites\/vc\/wp-json\/wp\/v2\/posts\/22084","targetHints":{"allow":["GET"]}}],"collection":[{"href":"https:\/\/dev.antudigital.cl\/sites\/vc\/wp-json\/wp\/v2\/posts"}],"about":[{"href":"https:\/\/dev.antudigital.cl\/sites\/vc\/wp-json\/wp\/v2\/types\/post"}],"author":[{"embeddable":true,"href":"https:\/\/dev.antudigital.cl\/sites\/vc\/wp-json\/wp\/v2\/users\/1"}],"replies":[{"embeddable":true,"href":"https:\/\/dev.antudigital.cl\/sites\/vc\/wp-json\/wp\/v2\/comments?post=22084"}],"version-history":[{"count":1,"href":"https:\/\/dev.antudigital.cl\/sites\/vc\/wp-json\/wp\/v2\/posts\/22084\/revisions"}],"predecessor-version":[{"id":22088,"href":"https:\/\/dev.antudigital.cl\/sites\/vc\/wp-json\/wp\/v2\/posts\/22084\/revisions\/22088"}],"wp:featuredmedia":[{"embeddable":true,"href":"https:\/\/dev.antudigital.cl\/sites\/vc\/wp-json\/wp\/v2\/media\/22087"}],"wp:attachment":[{"href":"https:\/\/dev.antudigital.cl\/sites\/vc\/wp-json\/wp\/v2\/media?parent=22084"}],"wp:term":[{"taxonomy":"category","embeddable":true,"href":"https:\/\/dev.antudigital.cl\/sites\/vc\/wp-json\/wp\/v2\/categories?post=22084"},{"taxonomy":"post_tag","embeddable":true,"href":"https:\/\/dev.antudigital.cl\/sites\/vc\/wp-json\/wp\/v2\/tags?post=22084"}],"curies":[{"name":"wp","href":"https:\/\/api.w.org\/{rel}","templated":true}]}}