{"id":22089,"date":"2025-02-13T19:26:17","date_gmt":"2025-02-13T19:26:17","guid":{"rendered":"https:\/\/www.valparaisocreativo.cl\/?p=22089"},"modified":"2025-02-13T19:26:33","modified_gmt":"2025-02-13T19:26:33","slug":"lanzamiento-10-anos-de-street-art-en-valparaiso","status":"publish","type":"post","link":"https:\/\/dev.antudigital.cl\/sites\/vc\/lanzamiento-10-anos-de-street-art-en-valparaiso\/","title":{"rendered":"Lanzamiento \u00ab10 a\u00f1os de street art\u00bb en Valpara\u00edso"},"content":{"rendered":"\n<p>Este pr\u00f3ximo 21 de febrero se realizar\u00e1 un evento\u00a0de aniversario de los 10 a\u00f1os de la plataforma Valpo Street Art, dedicada a la difusi\u00f3n del arte urbano presente en el territorio. El evento tendr\u00e1 lugar en Galer\u00eda Marginal, de calle Almirante Montt en Cerro Alegre. <\/p>\n\n\n\n<p>Ac\u00e1 se presentar\u00e1 la trilog\u00eda de libros \u00abValpara\u00edso Capital del arte urbano\u00bb Volumen 1,2 y 3 del autor Juan Francisco Astorga y la presentaci\u00f3n del Micro Documental del Origen del arte Graffiti en la Quinta Regi\u00f3n de Valpara\u00edso en Colores.<\/p>\n\n\n\n<p>\u00a1No te pierdas este evento muy interesante!<\/p>\n\n\n\n<p>Ser\u00e1 a las 20 horas del 21 con m\u00fasica en vivo. Entrada liberada.<\/p>\n\n\n\n<figure class=\"wp-block-image size-large\"><img fetchpriority=\"high\" decoding=\"async\" width=\"819\" height=\"1024\" src=\"https:\/\/www.valparaisocreativo.cl\/wp-content\/uploads\/2025\/02\/AficheVSA-819x1024.jpg\" alt=\"\" class=\"wp-image-22090\" srcset=\"https:\/\/dev.antudigital.cl\/sites\/vc\/wp-content\/uploads\/2025\/02\/AficheVSA-819x1024.jpg 819w, https:\/\/dev.antudigital.cl\/sites\/vc\/wp-content\/uploads\/2025\/02\/AficheVSA-240x300.jpg 240w, https:\/\/dev.antudigital.cl\/sites\/vc\/wp-content\/uploads\/2025\/02\/AficheVSA-768x960.jpg 768w, https:\/\/dev.antudigital.cl\/sites\/vc\/wp-content\/uploads\/2025\/02\/AficheVSA-1229x1536.jpg 1229w, https:\/\/dev.antudigital.cl\/sites\/vc\/wp-content\/uploads\/2025\/02\/AficheVSA-1639x2048.jpg 1639w, https:\/\/dev.antudigital.cl\/sites\/vc\/wp-content\/uploads\/2025\/02\/AficheVSA-1080x1350.jpg 1080w, https:\/\/dev.antudigital.cl\/sites\/vc\/wp-content\/uploads\/2025\/02\/AficheVSA-1280x1600.jpg 1280w, https:\/\/dev.antudigital.cl\/sites\/vc\/wp-content\/uploads\/2025\/02\/AficheVSA-980x1225.jpg 980w, https:\/\/dev.antudigital.cl\/sites\/vc\/wp-content\/uploads\/2025\/02\/AficheVSA-480x600.jpg 480w, https:\/\/dev.antudigital.cl\/sites\/vc\/wp-content\/uploads\/2025\/02\/AficheVSA-19x24.jpg 19w, https:\/\/dev.antudigital.cl\/sites\/vc\/wp-content\/uploads\/2025\/02\/AficheVSA-29x36.jpg 29w, https:\/\/dev.antudigital.cl\/sites\/vc\/wp-content\/uploads\/2025\/02\/AficheVSA-38x48.jpg 38w, https:\/\/dev.antudigital.cl\/sites\/vc\/wp-content\/uploads\/2025\/02\/AficheVSA-scaled.jpg 2048w\" sizes=\"(max-width: 819px) 100vw, 819px\" \/><\/figure>\n","protected":false},"excerpt":{"rendered":"<p>Este pr\u00f3ximo 21 de febrero se realizar\u00e1 un evento\u00a0de aniversario de los 10 a\u00f1os de la plataforma Valpo Street Art, dedicada a la difusi\u00f3n del arte urbano presente en el territorio. El evento tendr\u00e1 lugar en Galer\u00eda Marginal, de calle Almirante Montt en Cerro Alegre. Ac\u00e1 se presentar\u00e1 la trilog\u00eda de libros \u00abValpara\u00edso Capital del [&hellip;]<\/p>\n","protected":false},"author":1,"featured_media":22091,"comment_status":"closed","ping_status":"closed","sticky":false,"template":"","format":"standard","meta":{"_acf_changed":false,"footnotes":""},"categories":[8],"tags":[],"class_list":["post-22089","post","type-post","status-publish","format-standard","has-post-thumbnail","hentry","category-noticia"],"acf":[],"yoast_head":"<!-- This site is optimized with the Yoast SEO plugin v27.1.1 - https:\/\/yoast.com\/product\/yoast-seo-wordpress\/ -->\n<title>Lanzamiento &quot;10 a\u00f1os de street art&quot; en Valpara\u00edso - Valpara\u00ed\u00adso Creativo<\/title>\n<meta name=\"robots\" content=\"index, follow, max-snippet:-1, max-image-preview:large, max-video-preview:-1\" \/>\n<link rel=\"canonical\" href=\"https:\/\/dev.antudigital.cl\/sites\/vc\/lanzamiento-10-anos-de-street-art-en-valparaiso\/\" \/>\n<meta property=\"og:locale\" content=\"es_ES\" \/>\n<meta property=\"og:type\" content=\"article\" \/>\n<meta property=\"og:title\" content=\"Lanzamiento &quot;10 a\u00f1os de street art&quot; en Valpara\u00edso - Valpara\u00ed\u00adso Creativo\" \/>\n<meta property=\"og:description\" content=\"Este pr\u00f3ximo 21 de febrero se realizar\u00e1 un evento\u00a0de aniversario de los 10 a\u00f1os de la plataforma Valpo Street Art, dedicada a la difusi\u00f3n del arte urbano presente en el territorio. El evento tendr\u00e1 lugar en Galer\u00eda Marginal, de calle Almirante Montt en Cerro Alegre. Ac\u00e1 se presentar\u00e1 la trilog\u00eda de libros \u00abValpara\u00edso Capital del [&hellip;]\" \/>\n<meta property=\"og:url\" content=\"https:\/\/dev.antudigital.cl\/sites\/vc\/lanzamiento-10-anos-de-street-art-en-valparaiso\/\" \/>\n<meta property=\"og:site_name\" content=\"Valpara\u00ed\u00adso Creativo\" \/>\n<meta property=\"article:published_time\" content=\"2025-02-13T19:26:17+00:00\" \/>\n<meta property=\"article:modified_time\" content=\"2025-02-13T19:26:33+00:00\" \/>\n<meta property=\"og:image\" content=\"https:\/\/dev.antudigital.cl\/sites\/vc\/wp-content\/uploads\/2025\/02\/WhatsApp-Image-2025-02-13-at-4.12.32-PM.jpeg\" \/>\n\t<meta property=\"og:image:width\" content=\"704\" \/>\n\t<meta property=\"og:image:height\" content=\"487\" \/>\n\t<meta property=\"og:image:type\" content=\"image\/jpeg\" \/>\n<meta name=\"author\" content=\"Valpara\u00edso Creativo\" \/>\n<meta name=\"twitter:card\" content=\"summary_large_image\" \/>\n<meta name=\"twitter:label1\" content=\"Escrito por\" \/>\n\t<meta name=\"twitter:data1\" content=\"Valpara\u00edso Creativo\" \/>\n\t<meta name=\"twitter:label2\" content=\"Tiempo de lectura\" \/>\n\t<meta name=\"twitter:data2\" content=\"1 minuto\" \/>\n<script type=\"application\/ld+json\" class=\"yoast-schema-graph\">{\"@context\":\"https:\/\/schema.org\",\"@graph\":[{\"@type\":\"Article\",\"@id\":\"https:\/\/dev.antudigital.cl\/sites\/vc\/lanzamiento-10-anos-de-street-art-en-valparaiso\/#article\",\"isPartOf\":{\"@id\":\"https:\/\/dev.antudigital.cl\/sites\/vc\/lanzamiento-10-anos-de-street-art-en-valparaiso\/\"},\"author\":{\"name\":\"Valpara\u00edso Creativo\",\"@id\":\"https:\/\/dev.antudigital.cl\/sites\/vc\/#\/schema\/person\/c2b9da8dd545e27166fc5ab232837318\"},\"headline\":\"Lanzamiento \u00ab10 a\u00f1os de street art\u00bb en Valpara\u00edso\",\"datePublished\":\"2025-02-13T19:26:17+00:00\",\"dateModified\":\"2025-02-13T19:26:33+00:00\",\"mainEntityOfPage\":{\"@id\":\"https:\/\/dev.antudigital.cl\/sites\/vc\/lanzamiento-10-anos-de-street-art-en-valparaiso\/\"},\"wordCount\":119,\"image\":{\"@id\":\"https:\/\/dev.antudigital.cl\/sites\/vc\/lanzamiento-10-anos-de-street-art-en-valparaiso\/#primaryimage\"},\"thumbnailUrl\":\"https:\/\/dev.antudigital.cl\/sites\/vc\/wp-content\/uploads\/2025\/02\/WhatsApp-Image-2025-02-13-at-4.12.32-PM.jpeg\",\"articleSection\":[\"Noticia\"],\"inLanguage\":\"es\"},{\"@type\":\"WebPage\",\"@id\":\"https:\/\/dev.antudigital.cl\/sites\/vc\/lanzamiento-10-anos-de-street-art-en-valparaiso\/\",\"url\":\"https:\/\/dev.antudigital.cl\/sites\/vc\/lanzamiento-10-anos-de-street-art-en-valparaiso\/\",\"name\":\"Lanzamiento \\\"10 a\u00f1os de street art\\\" en Valpara\u00edso - Valpara\u00ed\u00adso Creativo\",\"isPartOf\":{\"@id\":\"https:\/\/dev.antudigital.cl\/sites\/vc\/#website\"},\"primaryImageOfPage\":{\"@id\":\"https:\/\/dev.antudigital.cl\/sites\/vc\/lanzamiento-10-anos-de-street-art-en-valparaiso\/#primaryimage\"},\"image\":{\"@id\":\"https:\/\/dev.antudigital.cl\/sites\/vc\/lanzamiento-10-anos-de-street-art-en-valparaiso\/#primaryimage\"},\"thumbnailUrl\":\"https:\/\/dev.antudigital.cl\/sites\/vc\/wp-content\/uploads\/2025\/02\/WhatsApp-Image-2025-02-13-at-4.12.32-PM.jpeg\",\"datePublished\":\"2025-02-13T19:26:17+00:00\",\"dateModified\":\"2025-02-13T19:26:33+00:00\",\"author\":{\"@id\":\"https:\/\/dev.antudigital.cl\/sites\/vc\/#\/schema\/person\/c2b9da8dd545e27166fc5ab232837318\"},\"breadcrumb\":{\"@id\":\"https:\/\/dev.antudigital.cl\/sites\/vc\/lanzamiento-10-anos-de-street-art-en-valparaiso\/#breadcrumb\"},\"inLanguage\":\"es\",\"potentialAction\":[{\"@type\":\"ReadAction\",\"target\":[\"https:\/\/dev.antudigital.cl\/sites\/vc\/lanzamiento-10-anos-de-street-art-en-valparaiso\/\"]}]},{\"@type\":\"ImageObject\",\"inLanguage\":\"es\",\"@id\":\"https:\/\/dev.antudigital.cl\/sites\/vc\/lanzamiento-10-anos-de-street-art-en-valparaiso\/#primaryimage\",\"url\":\"https:\/\/dev.antudigital.cl\/sites\/vc\/wp-content\/uploads\/2025\/02\/WhatsApp-Image-2025-02-13-at-4.12.32-PM.jpeg\",\"contentUrl\":\"https:\/\/dev.antudigital.cl\/sites\/vc\/wp-content\/uploads\/2025\/02\/WhatsApp-Image-2025-02-13-at-4.12.32-PM.jpeg\",\"width\":704,\"height\":487},{\"@type\":\"BreadcrumbList\",\"@id\":\"https:\/\/dev.antudigital.cl\/sites\/vc\/lanzamiento-10-anos-de-street-art-en-valparaiso\/#breadcrumb\",\"itemListElement\":[{\"@type\":\"ListItem\",\"position\":1,\"name\":\"Home\",\"item\":\"https:\/\/dev.antudigital.cl\/sites\/vc\/\"},{\"@type\":\"ListItem\",\"position\":2,\"name\":\"Lanzamiento \u00ab10 a\u00f1os de street art\u00bb en Valpara\u00edso\"}]},{\"@type\":\"WebSite\",\"@id\":\"https:\/\/dev.antudigital.cl\/sites\/vc\/#website\",\"url\":\"https:\/\/dev.antudigital.cl\/sites\/vc\/\",\"name\":\"Valpara\u00ed\u00adso Creativo\",\"description\":\"\",\"potentialAction\":[{\"@type\":\"SearchAction\",\"target\":{\"@type\":\"EntryPoint\",\"urlTemplate\":\"https:\/\/dev.antudigital.cl\/sites\/vc\/?s={search_term_string}\"},\"query-input\":{\"@type\":\"PropertyValueSpecification\",\"valueRequired\":true,\"valueName\":\"search_term_string\"}}],\"inLanguage\":\"es\"},{\"@type\":\"Person\",\"@id\":\"https:\/\/dev.antudigital.cl\/sites\/vc\/#\/schema\/person\/c2b9da8dd545e27166fc5ab232837318\",\"name\":\"Valpara\u00edso Creativo\",\"description\":\"Periodista de cultura en la Regi\u00f3n de Valpara\u00edso.\",\"url\":\"https:\/\/dev.antudigital.cl\/sites\/vc\/author\/valpoadmin\/\"}]}<\/script>\n<!-- \/ Yoast SEO plugin. -->","yoast_head_json":{"title":"Lanzamiento \"10 a\u00f1os de street art\" en Valpara\u00edso - Valpara\u00ed\u00adso Creativo","robots":{"index":"index","follow":"follow","max-snippet":"max-snippet:-1","max-image-preview":"max-image-preview:large","max-video-preview":"max-video-preview:-1"},"canonical":"https:\/\/dev.antudigital.cl\/sites\/vc\/lanzamiento-10-anos-de-street-art-en-valparaiso\/","og_locale":"es_ES","og_type":"article","og_title":"Lanzamiento \"10 a\u00f1os de street art\" en Valpara\u00edso - Valpara\u00ed\u00adso Creativo","og_description":"Este pr\u00f3ximo 21 de febrero se realizar\u00e1 un evento\u00a0de aniversario de los 10 a\u00f1os de la plataforma Valpo Street Art, dedicada a la difusi\u00f3n del arte urbano presente en el territorio. El evento tendr\u00e1 lugar en Galer\u00eda Marginal, de calle Almirante Montt en Cerro Alegre. Ac\u00e1 se presentar\u00e1 la trilog\u00eda de libros \u00abValpara\u00edso Capital del [&hellip;]","og_url":"https:\/\/dev.antudigital.cl\/sites\/vc\/lanzamiento-10-anos-de-street-art-en-valparaiso\/","og_site_name":"Valpara\u00ed\u00adso Creativo","article_published_time":"2025-02-13T19:26:17+00:00","article_modified_time":"2025-02-13T19:26:33+00:00","og_image":[{"width":704,"height":487,"url":"https:\/\/dev.antudigital.cl\/sites\/vc\/wp-content\/uploads\/2025\/02\/WhatsApp-Image-2025-02-13-at-4.12.32-PM.jpeg","type":"image\/jpeg"}],"author":"Valpara\u00edso Creativo","twitter_card":"summary_large_image","twitter_misc":{"Escrito por":"Valpara\u00edso Creativo","Tiempo de lectura":"1 minuto"},"schema":{"@context":"https:\/\/schema.org","@graph":[{"@type":"Article","@id":"https:\/\/dev.antudigital.cl\/sites\/vc\/lanzamiento-10-anos-de-street-art-en-valparaiso\/#article","isPartOf":{"@id":"https:\/\/dev.antudigital.cl\/sites\/vc\/lanzamiento-10-anos-de-street-art-en-valparaiso\/"},"author":{"name":"Valpara\u00edso Creativo","@id":"https:\/\/dev.antudigital.cl\/sites\/vc\/#\/schema\/person\/c2b9da8dd545e27166fc5ab232837318"},"headline":"Lanzamiento \u00ab10 a\u00f1os de street art\u00bb en Valpara\u00edso","datePublished":"2025-02-13T19:26:17+00:00","dateModified":"2025-02-13T19:26:33+00:00","mainEntityOfPage":{"@id":"https:\/\/dev.antudigital.cl\/sites\/vc\/lanzamiento-10-anos-de-street-art-en-valparaiso\/"},"wordCount":119,"image":{"@id":"https:\/\/dev.antudigital.cl\/sites\/vc\/lanzamiento-10-anos-de-street-art-en-valparaiso\/#primaryimage"},"thumbnailUrl":"https:\/\/dev.antudigital.cl\/sites\/vc\/wp-content\/uploads\/2025\/02\/WhatsApp-Image-2025-02-13-at-4.12.32-PM.jpeg","articleSection":["Noticia"],"inLanguage":"es"},{"@type":"WebPage","@id":"https:\/\/dev.antudigital.cl\/sites\/vc\/lanzamiento-10-anos-de-street-art-en-valparaiso\/","url":"https:\/\/dev.antudigital.cl\/sites\/vc\/lanzamiento-10-anos-de-street-art-en-valparaiso\/","name":"Lanzamiento \"10 a\u00f1os de street art\" en Valpara\u00edso - Valpara\u00ed\u00adso Creativo","isPartOf":{"@id":"https:\/\/dev.antudigital.cl\/sites\/vc\/#website"},"primaryImageOfPage":{"@id":"https:\/\/dev.antudigital.cl\/sites\/vc\/lanzamiento-10-anos-de-street-art-en-valparaiso\/#primaryimage"},"image":{"@id":"https:\/\/dev.antudigital.cl\/sites\/vc\/lanzamiento-10-anos-de-street-art-en-valparaiso\/#primaryimage"},"thumbnailUrl":"https:\/\/dev.antudigital.cl\/sites\/vc\/wp-content\/uploads\/2025\/02\/WhatsApp-Image-2025-02-13-at-4.12.32-PM.jpeg","datePublished":"2025-02-13T19:26:17+00:00","dateModified":"2025-02-13T19:26:33+00:00","author":{"@id":"https:\/\/dev.antudigital.cl\/sites\/vc\/#\/schema\/person\/c2b9da8dd545e27166fc5ab232837318"},"breadcrumb":{"@id":"https:\/\/dev.antudigital.cl\/sites\/vc\/lanzamiento-10-anos-de-street-art-en-valparaiso\/#breadcrumb"},"inLanguage":"es","potentialAction":[{"@type":"ReadAction","target":["https:\/\/dev.antudigital.cl\/sites\/vc\/lanzamiento-10-anos-de-street-art-en-valparaiso\/"]}]},{"@type":"ImageObject","inLanguage":"es","@id":"https:\/\/dev.antudigital.cl\/sites\/vc\/lanzamiento-10-anos-de-street-art-en-valparaiso\/#primaryimage","url":"https:\/\/dev.antudigital.cl\/sites\/vc\/wp-content\/uploads\/2025\/02\/WhatsApp-Image-2025-02-13-at-4.12.32-PM.jpeg","contentUrl":"https:\/\/dev.antudigital.cl\/sites\/vc\/wp-content\/uploads\/2025\/02\/WhatsApp-Image-2025-02-13-at-4.12.32-PM.jpeg","width":704,"height":487},{"@type":"BreadcrumbList","@id":"https:\/\/dev.antudigital.cl\/sites\/vc\/lanzamiento-10-anos-de-street-art-en-valparaiso\/#breadcrumb","itemListElement":[{"@type":"ListItem","position":1,"name":"Home","item":"https:\/\/dev.antudigital.cl\/sites\/vc\/"},{"@type":"ListItem","position":2,"name":"Lanzamiento \u00ab10 a\u00f1os de street art\u00bb en Valpara\u00edso"}]},{"@type":"WebSite","@id":"https:\/\/dev.antudigital.cl\/sites\/vc\/#website","url":"https:\/\/dev.antudigital.cl\/sites\/vc\/","name":"Valpara\u00ed\u00adso Creativo","description":"","potentialAction":[{"@type":"SearchAction","target":{"@type":"EntryPoint","urlTemplate":"https:\/\/dev.antudigital.cl\/sites\/vc\/?s={search_term_string}"},"query-input":{"@type":"PropertyValueSpecification","valueRequired":true,"valueName":"search_term_string"}}],"inLanguage":"es"},{"@type":"Person","@id":"https:\/\/dev.antudigital.cl\/sites\/vc\/#\/schema\/person\/c2b9da8dd545e27166fc5ab232837318","name":"Valpara\u00edso Creativo","description":"Periodista de cultura en la Regi\u00f3n de Valpara\u00edso.","url":"https:\/\/dev.antudigital.cl\/sites\/vc\/author\/valpoadmin\/"}]}},"_links":{"self":[{"href":"https:\/\/dev.antudigital.cl\/sites\/vc\/wp-json\/wp\/v2\/posts\/22089","targetHints":{"allow":["GET"]}}],"collection":[{"href":"https:\/\/dev.antudigital.cl\/sites\/vc\/wp-json\/wp\/v2\/posts"}],"about":[{"href":"https:\/\/dev.antudigital.cl\/sites\/vc\/wp-json\/wp\/v2\/types\/post"}],"author":[{"embeddable":true,"href":"https:\/\/dev.antudigital.cl\/sites\/vc\/wp-json\/wp\/v2\/users\/1"}],"replies":[{"embeddable":true,"href":"https:\/\/dev.antudigital.cl\/sites\/vc\/wp-json\/wp\/v2\/comments?post=22089"}],"version-history":[{"count":1,"href":"https:\/\/dev.antudigital.cl\/sites\/vc\/wp-json\/wp\/v2\/posts\/22089\/revisions"}],"predecessor-version":[{"id":22092,"href":"https:\/\/dev.antudigital.cl\/sites\/vc\/wp-json\/wp\/v2\/posts\/22089\/revisions\/22092"}],"wp:featuredmedia":[{"embeddable":true,"href":"https:\/\/dev.antudigital.cl\/sites\/vc\/wp-json\/wp\/v2\/media\/22091"}],"wp:attachment":[{"href":"https:\/\/dev.antudigital.cl\/sites\/vc\/wp-json\/wp\/v2\/media?parent=22089"}],"wp:term":[{"taxonomy":"category","embeddable":true,"href":"https:\/\/dev.antudigital.cl\/sites\/vc\/wp-json\/wp\/v2\/categories?post=22089"},{"taxonomy":"post_tag","embeddable":true,"href":"https:\/\/dev.antudigital.cl\/sites\/vc\/wp-json\/wp\/v2\/tags?post=22089"}],"curies":[{"name":"wp","href":"https:\/\/api.w.org\/{rel}","templated":true}]}}