{"id":22176,"date":"2025-03-02T23:40:34","date_gmt":"2025-03-02T23:40:34","guid":{"rendered":"https:\/\/www.valparaisocreativo.cl\/?p=22176"},"modified":"2025-03-02T23:40:54","modified_gmt":"2025-03-02T23:40:54","slug":"el-mono-pelicula-basada-en-un-cuento-de-stephen-king-llega-en-marzo-a-insomnia","status":"publish","type":"post","link":"https:\/\/dev.antudigital.cl\/sites\/vc\/el-mono-pelicula-basada-en-un-cuento-de-stephen-king-llega-en-marzo-a-insomnia\/","title":{"rendered":"\u201cEl Mono\u201d pel\u00edcula basada en un cuento de Stephen King llega en marzo a INSOMNIA"},"content":{"rendered":"\n<p>Marzo comienza con el pie derecho en INSOMNIA, partiendo el s\u00e1bado 1 con la comedia de terror \u201cEl Mono\u201d. La pel\u00edcula est\u00e1 dirigida por Osgood Perkins, quien el a\u00f1o pasado sorprendi\u00f3 al p\u00fablico con \u201cLonglegs\u201d un thriller de atm\u00f3sfera aterradora sobre una agente del FBI tratando de localizar a un asesino en serie ligado al ocultismo y que en su reparto contaba con un irreconocible Nicolas Cage.&nbsp;&nbsp;<\/p>\n\n\n\n<p>Por su parte, \u201cEl Mono\u201d est\u00e1 basada en un cuento del maestro del terror, el escritor norteamericano Stephen King, y cuenta la historia de los gemelos Hal y Bill, quienes descubren el antiguo mono de juguete de su padre en el \u00e1tico que desencadenar\u00e1 una serie de truculentas muertes a su alrededor. Los hermanos deciden tirar al mono y continuar con sus vidas, distanci\u00e1ndose con el paso de los a\u00f1os. Pero cuando misteriosas muertes vuelven a sucederse, los hermanos deber\u00e1n reunirse para destruir al mono antes de que acabe con las vidas de todos a su alrededor.<\/p>\n\n\n\n<figure class=\"wp-block-image size-large\"><img fetchpriority=\"high\" decoding=\"async\" width=\"1024\" height=\"577\" src=\"https:\/\/www.valparaisocreativo.cl\/wp-content\/uploads\/2025\/03\/El-Mono-1-1024x577.jpg\" alt=\"\" class=\"wp-image-22177\" srcset=\"https:\/\/dev.antudigital.cl\/sites\/vc\/wp-content\/uploads\/2025\/03\/El-Mono-1-1024x577.jpg 1024w, https:\/\/dev.antudigital.cl\/sites\/vc\/wp-content\/uploads\/2025\/03\/El-Mono-1-300x169.jpg 300w, https:\/\/dev.antudigital.cl\/sites\/vc\/wp-content\/uploads\/2025\/03\/El-Mono-1-768x433.jpg 768w, https:\/\/dev.antudigital.cl\/sites\/vc\/wp-content\/uploads\/2025\/03\/El-Mono-1-1080x608.jpg 1080w, https:\/\/dev.antudigital.cl\/sites\/vc\/wp-content\/uploads\/2025\/03\/El-Mono-1-1280x721.jpg 1280w, https:\/\/dev.antudigital.cl\/sites\/vc\/wp-content\/uploads\/2025\/03\/El-Mono-1-980x552.jpg 980w, https:\/\/dev.antudigital.cl\/sites\/vc\/wp-content\/uploads\/2025\/03\/El-Mono-1-480x270.jpg 480w, https:\/\/dev.antudigital.cl\/sites\/vc\/wp-content\/uploads\/2025\/03\/El-Mono-1-24x14.jpg 24w, https:\/\/dev.antudigital.cl\/sites\/vc\/wp-content\/uploads\/2025\/03\/El-Mono-1-36x20.jpg 36w, https:\/\/dev.antudigital.cl\/sites\/vc\/wp-content\/uploads\/2025\/03\/El-Mono-1-48x27.jpg 48w, https:\/\/dev.antudigital.cl\/sites\/vc\/wp-content\/uploads\/2025\/03\/El-Mono-1.jpg 1296w\" sizes=\"(max-width: 1024px) 100vw, 1024px\" \/><\/figure>\n\n\n\n<p>\u201cEl Mono\u201d llega a la pantalla de INSOMNIA este s\u00e1bado 1 de marzo a las 21:45. Tambi\u00e9n contar\u00e1 con funciones los d\u00edas mi\u00e9rcoles 5 (21:00), mi\u00e9rcoles 12 (20:30) y s\u00e1bado 15 (19:00). Est\u00e1 protagonizada por Theo James (\u201cThe White Lotus\u201d), Tatiana Maslany (\u201cShe-Hulk\u201d) y Elijah Wood (\u201cEl se\u00f1or de los anillos\u201d).<\/p>\n\n\n\n<p>Adem\u00e1s siguen en cartelera las pel\u00edculas favoritas para los Premios \u00d3scar. Antes de la ceremonia que se realizar\u00e1 este domingo 2 de marzo, el p\u00fablico todav\u00eda puede ver pel\u00edculas nominadas como \u201cUn completo desconocido\u201d (s\u00e1bado 1 de marzo a las 15:00), \u201cFlow\u201d (s\u00e1bado 1 de marzo a las 17:30), \u201cA\u00fan estoy aqu\u00ed\u201d (domingo 2 de marzo a las 15:00) y \u201cEl Brutalista\u201d (domingo 2 de marzo a las 19:15). Para revisar m\u00e1s funciones de \u00e9stas y otras pel\u00edculas pueden revisar la web <a href=\"http:\/\/www.insomniacine.cl\/\" target=\"_blank\" rel=\"noreferrer noopener\">www.insomniacine.cl<\/a><\/p>\n","protected":false},"excerpt":{"rendered":"<p>Marzo comienza con el pie derecho en INSOMNIA, partiendo el s\u00e1bado 1 con la comedia de terror \u201cEl Mono\u201d. La pel\u00edcula est\u00e1 dirigida por Osgood Perkins, quien el a\u00f1o pasado sorprendi\u00f3 al p\u00fablico con \u201cLonglegs\u201d un thriller de atm\u00f3sfera aterradora sobre una agente del FBI tratando de localizar a un asesino en serie ligado al [&hellip;]<\/p>\n","protected":false},"author":1,"featured_media":22178,"comment_status":"closed","ping_status":"closed","sticky":false,"template":"","format":"standard","meta":{"_acf_changed":false,"footnotes":""},"categories":[8],"tags":[],"class_list":["post-22176","post","type-post","status-publish","format-standard","has-post-thumbnail","hentry","category-noticia"],"acf":[],"yoast_head":"<!-- This site is optimized with the Yoast SEO plugin v27.1.1 - https:\/\/yoast.com\/product\/yoast-seo-wordpress\/ -->\n<title>\u201cEl Mono\u201d pel\u00edcula basada en un cuento de Stephen King llega en marzo a INSOMNIA - Valpara\u00ed\u00adso Creativo<\/title>\n<meta name=\"robots\" content=\"index, follow, max-snippet:-1, max-image-preview:large, max-video-preview:-1\" \/>\n<link rel=\"canonical\" href=\"https:\/\/dev.antudigital.cl\/sites\/vc\/el-mono-pelicula-basada-en-un-cuento-de-stephen-king-llega-en-marzo-a-insomnia\/\" \/>\n<meta property=\"og:locale\" content=\"es_ES\" \/>\n<meta property=\"og:type\" content=\"article\" \/>\n<meta property=\"og:title\" content=\"\u201cEl Mono\u201d pel\u00edcula basada en un cuento de Stephen King llega en marzo a INSOMNIA - Valpara\u00ed\u00adso Creativo\" \/>\n<meta property=\"og:description\" content=\"Marzo comienza con el pie derecho en INSOMNIA, partiendo el s\u00e1bado 1 con la comedia de terror \u201cEl Mono\u201d. La pel\u00edcula est\u00e1 dirigida por Osgood Perkins, quien el a\u00f1o pasado sorprendi\u00f3 al p\u00fablico con \u201cLonglegs\u201d un thriller de atm\u00f3sfera aterradora sobre una agente del FBI tratando de localizar a un asesino en serie ligado al [&hellip;]\" \/>\n<meta property=\"og:url\" content=\"https:\/\/dev.antudigital.cl\/sites\/vc\/el-mono-pelicula-basada-en-un-cuento-de-stephen-king-llega-en-marzo-a-insomnia\/\" \/>\n<meta property=\"og:site_name\" content=\"Valpara\u00ed\u00adso Creativo\" \/>\n<meta property=\"article:published_time\" content=\"2025-03-02T23:40:34+00:00\" \/>\n<meta property=\"article:modified_time\" content=\"2025-03-02T23:40:54+00:00\" \/>\n<meta property=\"og:image\" content=\"https:\/\/dev.antudigital.cl\/sites\/vc\/wp-content\/uploads\/2025\/03\/El-Mono-2.jpg\" \/>\n\t<meta property=\"og:image:width\" content=\"1200\" \/>\n\t<meta property=\"og:image:height\" content=\"675\" \/>\n\t<meta property=\"og:image:type\" content=\"image\/jpeg\" \/>\n<meta name=\"author\" content=\"Valpara\u00edso Creativo\" \/>\n<meta name=\"twitter:card\" content=\"summary_large_image\" \/>\n<meta name=\"twitter:label1\" content=\"Escrito por\" \/>\n\t<meta name=\"twitter:data1\" content=\"Valpara\u00edso Creativo\" \/>\n\t<meta name=\"twitter:label2\" content=\"Tiempo de lectura\" \/>\n\t<meta name=\"twitter:data2\" content=\"2 minutos\" \/>\n<script type=\"application\/ld+json\" class=\"yoast-schema-graph\">{\"@context\":\"https:\/\/schema.org\",\"@graph\":[{\"@type\":\"Article\",\"@id\":\"https:\/\/dev.antudigital.cl\/sites\/vc\/el-mono-pelicula-basada-en-un-cuento-de-stephen-king-llega-en-marzo-a-insomnia\/#article\",\"isPartOf\":{\"@id\":\"https:\/\/dev.antudigital.cl\/sites\/vc\/el-mono-pelicula-basada-en-un-cuento-de-stephen-king-llega-en-marzo-a-insomnia\/\"},\"author\":{\"name\":\"Valpara\u00edso Creativo\",\"@id\":\"https:\/\/dev.antudigital.cl\/sites\/vc\/#\/schema\/person\/c2b9da8dd545e27166fc5ab232837318\"},\"headline\":\"\u201cEl Mono\u201d pel\u00edcula basada en un cuento de Stephen King llega en marzo a INSOMNIA\",\"datePublished\":\"2025-03-02T23:40:34+00:00\",\"dateModified\":\"2025-03-02T23:40:54+00:00\",\"mainEntityOfPage\":{\"@id\":\"https:\/\/dev.antudigital.cl\/sites\/vc\/el-mono-pelicula-basada-en-un-cuento-de-stephen-king-llega-en-marzo-a-insomnia\/\"},\"wordCount\":325,\"image\":{\"@id\":\"https:\/\/dev.antudigital.cl\/sites\/vc\/el-mono-pelicula-basada-en-un-cuento-de-stephen-king-llega-en-marzo-a-insomnia\/#primaryimage\"},\"thumbnailUrl\":\"https:\/\/dev.antudigital.cl\/sites\/vc\/wp-content\/uploads\/2025\/03\/El-Mono-2.jpg\",\"articleSection\":[\"Noticia\"],\"inLanguage\":\"es\"},{\"@type\":\"WebPage\",\"@id\":\"https:\/\/dev.antudigital.cl\/sites\/vc\/el-mono-pelicula-basada-en-un-cuento-de-stephen-king-llega-en-marzo-a-insomnia\/\",\"url\":\"https:\/\/dev.antudigital.cl\/sites\/vc\/el-mono-pelicula-basada-en-un-cuento-de-stephen-king-llega-en-marzo-a-insomnia\/\",\"name\":\"\u201cEl Mono\u201d pel\u00edcula basada en un cuento de Stephen King llega en marzo a INSOMNIA - Valpara\u00ed\u00adso Creativo\",\"isPartOf\":{\"@id\":\"https:\/\/dev.antudigital.cl\/sites\/vc\/#website\"},\"primaryImageOfPage\":{\"@id\":\"https:\/\/dev.antudigital.cl\/sites\/vc\/el-mono-pelicula-basada-en-un-cuento-de-stephen-king-llega-en-marzo-a-insomnia\/#primaryimage\"},\"image\":{\"@id\":\"https:\/\/dev.antudigital.cl\/sites\/vc\/el-mono-pelicula-basada-en-un-cuento-de-stephen-king-llega-en-marzo-a-insomnia\/#primaryimage\"},\"thumbnailUrl\":\"https:\/\/dev.antudigital.cl\/sites\/vc\/wp-content\/uploads\/2025\/03\/El-Mono-2.jpg\",\"datePublished\":\"2025-03-02T23:40:34+00:00\",\"dateModified\":\"2025-03-02T23:40:54+00:00\",\"author\":{\"@id\":\"https:\/\/dev.antudigital.cl\/sites\/vc\/#\/schema\/person\/c2b9da8dd545e27166fc5ab232837318\"},\"breadcrumb\":{\"@id\":\"https:\/\/dev.antudigital.cl\/sites\/vc\/el-mono-pelicula-basada-en-un-cuento-de-stephen-king-llega-en-marzo-a-insomnia\/#breadcrumb\"},\"inLanguage\":\"es\",\"potentialAction\":[{\"@type\":\"ReadAction\",\"target\":[\"https:\/\/dev.antudigital.cl\/sites\/vc\/el-mono-pelicula-basada-en-un-cuento-de-stephen-king-llega-en-marzo-a-insomnia\/\"]}]},{\"@type\":\"ImageObject\",\"inLanguage\":\"es\",\"@id\":\"https:\/\/dev.antudigital.cl\/sites\/vc\/el-mono-pelicula-basada-en-un-cuento-de-stephen-king-llega-en-marzo-a-insomnia\/#primaryimage\",\"url\":\"https:\/\/dev.antudigital.cl\/sites\/vc\/wp-content\/uploads\/2025\/03\/El-Mono-2.jpg\",\"contentUrl\":\"https:\/\/dev.antudigital.cl\/sites\/vc\/wp-content\/uploads\/2025\/03\/El-Mono-2.jpg\",\"width\":1200,\"height\":675},{\"@type\":\"BreadcrumbList\",\"@id\":\"https:\/\/dev.antudigital.cl\/sites\/vc\/el-mono-pelicula-basada-en-un-cuento-de-stephen-king-llega-en-marzo-a-insomnia\/#breadcrumb\",\"itemListElement\":[{\"@type\":\"ListItem\",\"position\":1,\"name\":\"Home\",\"item\":\"https:\/\/dev.antudigital.cl\/sites\/vc\/\"},{\"@type\":\"ListItem\",\"position\":2,\"name\":\"\u201cEl Mono\u201d pel\u00edcula basada en un cuento de Stephen King llega en marzo a INSOMNIA\"}]},{\"@type\":\"WebSite\",\"@id\":\"https:\/\/dev.antudigital.cl\/sites\/vc\/#website\",\"url\":\"https:\/\/dev.antudigital.cl\/sites\/vc\/\",\"name\":\"Valpara\u00ed\u00adso Creativo\",\"description\":\"\",\"potentialAction\":[{\"@type\":\"SearchAction\",\"target\":{\"@type\":\"EntryPoint\",\"urlTemplate\":\"https:\/\/dev.antudigital.cl\/sites\/vc\/?s={search_term_string}\"},\"query-input\":{\"@type\":\"PropertyValueSpecification\",\"valueRequired\":true,\"valueName\":\"search_term_string\"}}],\"inLanguage\":\"es\"},{\"@type\":\"Person\",\"@id\":\"https:\/\/dev.antudigital.cl\/sites\/vc\/#\/schema\/person\/c2b9da8dd545e27166fc5ab232837318\",\"name\":\"Valpara\u00edso Creativo\",\"description\":\"Periodista de cultura en la Regi\u00f3n de Valpara\u00edso.\",\"url\":\"https:\/\/dev.antudigital.cl\/sites\/vc\/author\/valpoadmin\/\"}]}<\/script>\n<!-- \/ Yoast SEO plugin. -->","yoast_head_json":{"title":"\u201cEl Mono\u201d pel\u00edcula basada en un cuento de Stephen King llega en marzo a INSOMNIA - Valpara\u00ed\u00adso Creativo","robots":{"index":"index","follow":"follow","max-snippet":"max-snippet:-1","max-image-preview":"max-image-preview:large","max-video-preview":"max-video-preview:-1"},"canonical":"https:\/\/dev.antudigital.cl\/sites\/vc\/el-mono-pelicula-basada-en-un-cuento-de-stephen-king-llega-en-marzo-a-insomnia\/","og_locale":"es_ES","og_type":"article","og_title":"\u201cEl Mono\u201d pel\u00edcula basada en un cuento de Stephen King llega en marzo a INSOMNIA - Valpara\u00ed\u00adso Creativo","og_description":"Marzo comienza con el pie derecho en INSOMNIA, partiendo el s\u00e1bado 1 con la comedia de terror \u201cEl Mono\u201d. La pel\u00edcula est\u00e1 dirigida por Osgood Perkins, quien el a\u00f1o pasado sorprendi\u00f3 al p\u00fablico con \u201cLonglegs\u201d un thriller de atm\u00f3sfera aterradora sobre una agente del FBI tratando de localizar a un asesino en serie ligado al [&hellip;]","og_url":"https:\/\/dev.antudigital.cl\/sites\/vc\/el-mono-pelicula-basada-en-un-cuento-de-stephen-king-llega-en-marzo-a-insomnia\/","og_site_name":"Valpara\u00ed\u00adso Creativo","article_published_time":"2025-03-02T23:40:34+00:00","article_modified_time":"2025-03-02T23:40:54+00:00","og_image":[{"width":1200,"height":675,"url":"https:\/\/dev.antudigital.cl\/sites\/vc\/wp-content\/uploads\/2025\/03\/El-Mono-2.jpg","type":"image\/jpeg"}],"author":"Valpara\u00edso Creativo","twitter_card":"summary_large_image","twitter_misc":{"Escrito por":"Valpara\u00edso Creativo","Tiempo de lectura":"2 minutos"},"schema":{"@context":"https:\/\/schema.org","@graph":[{"@type":"Article","@id":"https:\/\/dev.antudigital.cl\/sites\/vc\/el-mono-pelicula-basada-en-un-cuento-de-stephen-king-llega-en-marzo-a-insomnia\/#article","isPartOf":{"@id":"https:\/\/dev.antudigital.cl\/sites\/vc\/el-mono-pelicula-basada-en-un-cuento-de-stephen-king-llega-en-marzo-a-insomnia\/"},"author":{"name":"Valpara\u00edso Creativo","@id":"https:\/\/dev.antudigital.cl\/sites\/vc\/#\/schema\/person\/c2b9da8dd545e27166fc5ab232837318"},"headline":"\u201cEl Mono\u201d pel\u00edcula basada en un cuento de Stephen King llega en marzo a INSOMNIA","datePublished":"2025-03-02T23:40:34+00:00","dateModified":"2025-03-02T23:40:54+00:00","mainEntityOfPage":{"@id":"https:\/\/dev.antudigital.cl\/sites\/vc\/el-mono-pelicula-basada-en-un-cuento-de-stephen-king-llega-en-marzo-a-insomnia\/"},"wordCount":325,"image":{"@id":"https:\/\/dev.antudigital.cl\/sites\/vc\/el-mono-pelicula-basada-en-un-cuento-de-stephen-king-llega-en-marzo-a-insomnia\/#primaryimage"},"thumbnailUrl":"https:\/\/dev.antudigital.cl\/sites\/vc\/wp-content\/uploads\/2025\/03\/El-Mono-2.jpg","articleSection":["Noticia"],"inLanguage":"es"},{"@type":"WebPage","@id":"https:\/\/dev.antudigital.cl\/sites\/vc\/el-mono-pelicula-basada-en-un-cuento-de-stephen-king-llega-en-marzo-a-insomnia\/","url":"https:\/\/dev.antudigital.cl\/sites\/vc\/el-mono-pelicula-basada-en-un-cuento-de-stephen-king-llega-en-marzo-a-insomnia\/","name":"\u201cEl Mono\u201d pel\u00edcula basada en un cuento de Stephen King llega en marzo a INSOMNIA - Valpara\u00ed\u00adso Creativo","isPartOf":{"@id":"https:\/\/dev.antudigital.cl\/sites\/vc\/#website"},"primaryImageOfPage":{"@id":"https:\/\/dev.antudigital.cl\/sites\/vc\/el-mono-pelicula-basada-en-un-cuento-de-stephen-king-llega-en-marzo-a-insomnia\/#primaryimage"},"image":{"@id":"https:\/\/dev.antudigital.cl\/sites\/vc\/el-mono-pelicula-basada-en-un-cuento-de-stephen-king-llega-en-marzo-a-insomnia\/#primaryimage"},"thumbnailUrl":"https:\/\/dev.antudigital.cl\/sites\/vc\/wp-content\/uploads\/2025\/03\/El-Mono-2.jpg","datePublished":"2025-03-02T23:40:34+00:00","dateModified":"2025-03-02T23:40:54+00:00","author":{"@id":"https:\/\/dev.antudigital.cl\/sites\/vc\/#\/schema\/person\/c2b9da8dd545e27166fc5ab232837318"},"breadcrumb":{"@id":"https:\/\/dev.antudigital.cl\/sites\/vc\/el-mono-pelicula-basada-en-un-cuento-de-stephen-king-llega-en-marzo-a-insomnia\/#breadcrumb"},"inLanguage":"es","potentialAction":[{"@type":"ReadAction","target":["https:\/\/dev.antudigital.cl\/sites\/vc\/el-mono-pelicula-basada-en-un-cuento-de-stephen-king-llega-en-marzo-a-insomnia\/"]}]},{"@type":"ImageObject","inLanguage":"es","@id":"https:\/\/dev.antudigital.cl\/sites\/vc\/el-mono-pelicula-basada-en-un-cuento-de-stephen-king-llega-en-marzo-a-insomnia\/#primaryimage","url":"https:\/\/dev.antudigital.cl\/sites\/vc\/wp-content\/uploads\/2025\/03\/El-Mono-2.jpg","contentUrl":"https:\/\/dev.antudigital.cl\/sites\/vc\/wp-content\/uploads\/2025\/03\/El-Mono-2.jpg","width":1200,"height":675},{"@type":"BreadcrumbList","@id":"https:\/\/dev.antudigital.cl\/sites\/vc\/el-mono-pelicula-basada-en-un-cuento-de-stephen-king-llega-en-marzo-a-insomnia\/#breadcrumb","itemListElement":[{"@type":"ListItem","position":1,"name":"Home","item":"https:\/\/dev.antudigital.cl\/sites\/vc\/"},{"@type":"ListItem","position":2,"name":"\u201cEl Mono\u201d pel\u00edcula basada en un cuento de Stephen King llega en marzo a INSOMNIA"}]},{"@type":"WebSite","@id":"https:\/\/dev.antudigital.cl\/sites\/vc\/#website","url":"https:\/\/dev.antudigital.cl\/sites\/vc\/","name":"Valpara\u00ed\u00adso Creativo","description":"","potentialAction":[{"@type":"SearchAction","target":{"@type":"EntryPoint","urlTemplate":"https:\/\/dev.antudigital.cl\/sites\/vc\/?s={search_term_string}"},"query-input":{"@type":"PropertyValueSpecification","valueRequired":true,"valueName":"search_term_string"}}],"inLanguage":"es"},{"@type":"Person","@id":"https:\/\/dev.antudigital.cl\/sites\/vc\/#\/schema\/person\/c2b9da8dd545e27166fc5ab232837318","name":"Valpara\u00edso Creativo","description":"Periodista de cultura en la Regi\u00f3n de Valpara\u00edso.","url":"https:\/\/dev.antudigital.cl\/sites\/vc\/author\/valpoadmin\/"}]}},"_links":{"self":[{"href":"https:\/\/dev.antudigital.cl\/sites\/vc\/wp-json\/wp\/v2\/posts\/22176","targetHints":{"allow":["GET"]}}],"collection":[{"href":"https:\/\/dev.antudigital.cl\/sites\/vc\/wp-json\/wp\/v2\/posts"}],"about":[{"href":"https:\/\/dev.antudigital.cl\/sites\/vc\/wp-json\/wp\/v2\/types\/post"}],"author":[{"embeddable":true,"href":"https:\/\/dev.antudigital.cl\/sites\/vc\/wp-json\/wp\/v2\/users\/1"}],"replies":[{"embeddable":true,"href":"https:\/\/dev.antudigital.cl\/sites\/vc\/wp-json\/wp\/v2\/comments?post=22176"}],"version-history":[{"count":1,"href":"https:\/\/dev.antudigital.cl\/sites\/vc\/wp-json\/wp\/v2\/posts\/22176\/revisions"}],"predecessor-version":[{"id":22179,"href":"https:\/\/dev.antudigital.cl\/sites\/vc\/wp-json\/wp\/v2\/posts\/22176\/revisions\/22179"}],"wp:featuredmedia":[{"embeddable":true,"href":"https:\/\/dev.antudigital.cl\/sites\/vc\/wp-json\/wp\/v2\/media\/22178"}],"wp:attachment":[{"href":"https:\/\/dev.antudigital.cl\/sites\/vc\/wp-json\/wp\/v2\/media?parent=22176"}],"wp:term":[{"taxonomy":"category","embeddable":true,"href":"https:\/\/dev.antudigital.cl\/sites\/vc\/wp-json\/wp\/v2\/categories?post=22176"},{"taxonomy":"post_tag","embeddable":true,"href":"https:\/\/dev.antudigital.cl\/sites\/vc\/wp-json\/wp\/v2\/tags?post=22176"}],"curies":[{"name":"wp","href":"https:\/\/api.w.org\/{rel}","templated":true}]}}