{"id":22183,"date":"2025-03-03T12:41:13","date_gmt":"2025-03-03T12:41:13","guid":{"rendered":"https:\/\/www.valparaisocreativo.cl\/?p=22183"},"modified":"2025-03-03T12:41:32","modified_gmt":"2025-03-03T12:41:32","slug":"con-acceso-gratuito-y-foco-en-el-femicidio-se-estrena-obra-en-conmemoracion-del-dia-de-la-mujer-mis-paginas-con-lorena-capetillo-y-arantxa-bodenhofer","status":"publish","type":"post","link":"https:\/\/dev.antudigital.cl\/sites\/vc\/con-acceso-gratuito-y-foco-en-el-femicidio-se-estrena-obra-en-conmemoracion-del-dia-de-la-mujer-mis-paginas-con-lorena-capetillo-y-arantxa-bodenhofer\/","title":{"rendered":"Con acceso gratuito y foco en el femicidio se estrena obra en conmemoraci\u00f3n del D\u00eda de la Mujer: \u201cMis p\u00e1ginas\u201d con Lorena Capetillo y Arantxa Bodenhofer"},"content":{"rendered":"\n<p>Con acceso gratuito se presentar\u00e1 el 7 de marzo en el Parque Cultural de Valpara\u00edso-Ex C\u00e1rcel, la obra teatral&nbsp;<strong>\u201cMis p\u00e1ginas\u201d<\/strong>&nbsp;en el marco de la conmemoraci\u00f3n del&nbsp;<strong>D\u00eda Internacional de la Mujer.&nbsp;<\/strong>La obra relata un desgarrador testimonio que pone sobre la mesa la desolaci\u00f3n de una madre que ve c\u00f3mo su hija, a pesar de sus intentos, no logra salir de una relaci\u00f3n azotada de violencia, siendo asesinada por su esposo en 1933.<\/p>\n\n\n\n<p>En el a\u00f1o 1934, In\u00e9s Echeverr\u00eda public\u00f3 \u201cPor \u00e9l\u201d, libro \u00abde denuncia y testimonio\u00bb, en el que adem\u00e1s de acusar a su yerno Roberto Barcel\u00f3 Lira de asesinar a su hija Rebeca Larra\u00edn Echeverr\u00eda, el 30 de junio de 1933 de un disparo en la espalda, apunt\u00f3 a la familia del reo (&#8216;la tribu&#8217;), a la oligarqu\u00eda y a la sociedad de la \u00e9poca \u201cque vive de la apariencia, que persigue solo el dinero y que carece de valores morales\u00bb. El libro sirvi\u00f3 como una prueba m\u00e1s para condenar a Roberto, quien cumpli\u00f3 su condena y posteriormente fue ejecutado.<\/p>\n\n\n\n<figure class=\"wp-block-image size-large\"><img fetchpriority=\"high\" decoding=\"async\" width=\"768\" height=\"1024\" src=\"https:\/\/www.valparaisocreativo.cl\/wp-content\/uploads\/2025\/03\/Afiche-4-768x1024.jpg\" alt=\"\" class=\"wp-image-22184\" srcset=\"https:\/\/dev.antudigital.cl\/sites\/vc\/wp-content\/uploads\/2025\/03\/Afiche-4-768x1024.jpg 768w, https:\/\/dev.antudigital.cl\/sites\/vc\/wp-content\/uploads\/2025\/03\/Afiche-4-225x300.jpg 225w, https:\/\/dev.antudigital.cl\/sites\/vc\/wp-content\/uploads\/2025\/03\/Afiche-4-1152x1536.jpg 1152w, https:\/\/dev.antudigital.cl\/sites\/vc\/wp-content\/uploads\/2025\/03\/Afiche-4-1536x2048.jpg 1536w, https:\/\/dev.antudigital.cl\/sites\/vc\/wp-content\/uploads\/2025\/03\/Afiche-4-1080x1440.jpg 1080w, https:\/\/dev.antudigital.cl\/sites\/vc\/wp-content\/uploads\/2025\/03\/Afiche-4-1280x1707.jpg 1280w, https:\/\/dev.antudigital.cl\/sites\/vc\/wp-content\/uploads\/2025\/03\/Afiche-4-980x1307.jpg 980w, https:\/\/dev.antudigital.cl\/sites\/vc\/wp-content\/uploads\/2025\/03\/Afiche-4-480x640.jpg 480w, https:\/\/dev.antudigital.cl\/sites\/vc\/wp-content\/uploads\/2025\/03\/Afiche-4-18x24.jpg 18w, https:\/\/dev.antudigital.cl\/sites\/vc\/wp-content\/uploads\/2025\/03\/Afiche-4-27x36.jpg 27w, https:\/\/dev.antudigital.cl\/sites\/vc\/wp-content\/uploads\/2025\/03\/Afiche-4-36x48.jpg 36w, https:\/\/dev.antudigital.cl\/sites\/vc\/wp-content\/uploads\/2025\/03\/Afiche-4-scaled.jpg 1920w\" sizes=\"(max-width: 768px) 100vw, 768px\" \/><\/figure>\n\n\n\n<p><strong>Estos hechos, que hoy constituyen legalmente un femicidio en Chile, son el eje central de la obra \u201cMis p\u00e1ginas\u201d, que cuenta con un destacado elenco y direcci\u00f3n, incluyendo a Arantxa Bodenhofer, Lorena Capetillo, Giordano Rossi y su directora Ver\u00f3nica Gonz\u00e1lez<\/strong>. Despu\u00e9s de la funci\u00f3n se realizar\u00e1 un conversatorio con la participaci\u00f3n de los actores y la directora de la obra. El panel ser\u00e1 moderado por Francia Jamett, encargada nacional de la Unidad de Cultura, Memoria y Derechos Humanos.&nbsp;<\/p>\n\n\n\n<p><strong>Cabe se\u00f1alar que, en lo que va del a\u00f1o, se registran 6 femicidios consumados y 16 frustrados, seg\u00fan datos del Servicio Nacional de la Mujer y la Equidad de G\u00e9nero (Sernameg).&nbsp;<\/strong><\/p>\n\n\n\n<p>La obra se exhibir\u00e1 en funci\u00f3n \u00fanica y gratuita gracias a la Unidad de Cultura, Memoria y Derechos Humanos del Departamento de Ciudadan\u00eda Cultural del Ministerio de las Culturas, las Artes y el Patrimonio, el viernes 7 de marzo, a las 18:00 hrs en la Sala Estudio del Parque Cultural de Valpara\u00edso \u2013 Ex C\u00e1rcel.<\/p>\n","protected":false},"excerpt":{"rendered":"<p>Con acceso gratuito se presentar\u00e1 el 7 de marzo en el Parque Cultural de Valpara\u00edso-Ex C\u00e1rcel, la obra teatral&nbsp;\u201cMis p\u00e1ginas\u201d&nbsp;en el marco de la conmemoraci\u00f3n del&nbsp;D\u00eda Internacional de la Mujer.&nbsp;La obra relata un desgarrador testimonio que pone sobre la mesa la desolaci\u00f3n de una madre que ve c\u00f3mo su hija, a pesar de sus intentos, [&hellip;]<\/p>\n","protected":false},"author":1,"featured_media":22185,"comment_status":"closed","ping_status":"closed","sticky":false,"template":"","format":"standard","meta":{"_acf_changed":false,"footnotes":""},"categories":[8],"tags":[],"class_list":["post-22183","post","type-post","status-publish","format-standard","has-post-thumbnail","hentry","category-noticia"],"acf":[],"yoast_head":"<!-- This site is optimized with the Yoast SEO plugin v27.1.1 - https:\/\/yoast.com\/product\/yoast-seo-wordpress\/ -->\n<title>Con acceso gratuito y foco en el femicidio se estrena obra en conmemoraci\u00f3n del D\u00eda de la Mujer: \u201cMis p\u00e1ginas\u201d con Lorena Capetillo y Arantxa Bodenhofer - Valpara\u00ed\u00adso Creativo<\/title>\n<meta name=\"robots\" content=\"index, follow, max-snippet:-1, max-image-preview:large, max-video-preview:-1\" \/>\n<link rel=\"canonical\" href=\"https:\/\/dev.antudigital.cl\/sites\/vc\/con-acceso-gratuito-y-foco-en-el-femicidio-se-estrena-obra-en-conmemoracion-del-dia-de-la-mujer-mis-paginas-con-lorena-capetillo-y-arantxa-bodenhofer\/\" \/>\n<meta property=\"og:locale\" content=\"es_ES\" \/>\n<meta property=\"og:type\" content=\"article\" \/>\n<meta property=\"og:title\" content=\"Con acceso gratuito y foco en el femicidio se estrena obra en conmemoraci\u00f3n del D\u00eda de la Mujer: \u201cMis p\u00e1ginas\u201d con Lorena Capetillo y Arantxa Bodenhofer - Valpara\u00ed\u00adso Creativo\" \/>\n<meta property=\"og:description\" content=\"Con acceso gratuito se presentar\u00e1 el 7 de marzo en el Parque Cultural de Valpara\u00edso-Ex C\u00e1rcel, la obra teatral&nbsp;\u201cMis p\u00e1ginas\u201d&nbsp;en el marco de la conmemoraci\u00f3n del&nbsp;D\u00eda Internacional de la Mujer.&nbsp;La obra relata un desgarrador testimonio que pone sobre la mesa la desolaci\u00f3n de una madre que ve c\u00f3mo su hija, a pesar de sus intentos, [&hellip;]\" \/>\n<meta property=\"og:url\" content=\"https:\/\/dev.antudigital.cl\/sites\/vc\/con-acceso-gratuito-y-foco-en-el-femicidio-se-estrena-obra-en-conmemoracion-del-dia-de-la-mujer-mis-paginas-con-lorena-capetillo-y-arantxa-bodenhofer\/\" \/>\n<meta property=\"og:site_name\" content=\"Valpara\u00ed\u00adso Creativo\" \/>\n<meta property=\"article:published_time\" content=\"2025-03-03T12:41:13+00:00\" \/>\n<meta property=\"article:modified_time\" content=\"2025-03-03T12:41:32+00:00\" \/>\n<meta property=\"og:image\" content=\"https:\/\/dev.antudigital.cl\/sites\/vc\/wp-content\/uploads\/2025\/03\/481848363_18487820599040436_7581399032098013810_n-e1741005653947.jpeg\" \/>\n\t<meta property=\"og:image:width\" content=\"1440\" \/>\n\t<meta property=\"og:image:height\" content=\"588\" \/>\n\t<meta property=\"og:image:type\" content=\"image\/jpeg\" \/>\n<meta name=\"author\" content=\"Valpara\u00edso Creativo\" \/>\n<meta name=\"twitter:card\" content=\"summary_large_image\" \/>\n<meta name=\"twitter:label1\" content=\"Escrito por\" \/>\n\t<meta name=\"twitter:data1\" content=\"Valpara\u00edso Creativo\" \/>\n\t<meta name=\"twitter:label2\" content=\"Tiempo de lectura\" \/>\n\t<meta name=\"twitter:data2\" content=\"2 minutos\" \/>\n<script type=\"application\/ld+json\" class=\"yoast-schema-graph\">{\"@context\":\"https:\/\/schema.org\",\"@graph\":[{\"@type\":\"Article\",\"@id\":\"https:\/\/dev.antudigital.cl\/sites\/vc\/con-acceso-gratuito-y-foco-en-el-femicidio-se-estrena-obra-en-conmemoracion-del-dia-de-la-mujer-mis-paginas-con-lorena-capetillo-y-arantxa-bodenhofer\/#article\",\"isPartOf\":{\"@id\":\"https:\/\/dev.antudigital.cl\/sites\/vc\/con-acceso-gratuito-y-foco-en-el-femicidio-se-estrena-obra-en-conmemoracion-del-dia-de-la-mujer-mis-paginas-con-lorena-capetillo-y-arantxa-bodenhofer\/\"},\"author\":{\"name\":\"Valpara\u00edso Creativo\",\"@id\":\"https:\/\/dev.antudigital.cl\/sites\/vc\/#\/schema\/person\/c2b9da8dd545e27166fc5ab232837318\"},\"headline\":\"Con acceso gratuito y foco en el femicidio se estrena obra en conmemoraci\u00f3n del D\u00eda de la Mujer: \u201cMis p\u00e1ginas\u201d con Lorena Capetillo y Arantxa Bodenhofer\",\"datePublished\":\"2025-03-03T12:41:13+00:00\",\"dateModified\":\"2025-03-03T12:41:32+00:00\",\"mainEntityOfPage\":{\"@id\":\"https:\/\/dev.antudigital.cl\/sites\/vc\/con-acceso-gratuito-y-foco-en-el-femicidio-se-estrena-obra-en-conmemoracion-del-dia-de-la-mujer-mis-paginas-con-lorena-capetillo-y-arantxa-bodenhofer\/\"},\"wordCount\":394,\"image\":{\"@id\":\"https:\/\/dev.antudigital.cl\/sites\/vc\/con-acceso-gratuito-y-foco-en-el-femicidio-se-estrena-obra-en-conmemoracion-del-dia-de-la-mujer-mis-paginas-con-lorena-capetillo-y-arantxa-bodenhofer\/#primaryimage\"},\"thumbnailUrl\":\"https:\/\/dev.antudigital.cl\/sites\/vc\/wp-content\/uploads\/2025\/03\/481848363_18487820599040436_7581399032098013810_n-e1741005653947.jpeg\",\"articleSection\":[\"Noticia\"],\"inLanguage\":\"es\"},{\"@type\":\"WebPage\",\"@id\":\"https:\/\/dev.antudigital.cl\/sites\/vc\/con-acceso-gratuito-y-foco-en-el-femicidio-se-estrena-obra-en-conmemoracion-del-dia-de-la-mujer-mis-paginas-con-lorena-capetillo-y-arantxa-bodenhofer\/\",\"url\":\"https:\/\/dev.antudigital.cl\/sites\/vc\/con-acceso-gratuito-y-foco-en-el-femicidio-se-estrena-obra-en-conmemoracion-del-dia-de-la-mujer-mis-paginas-con-lorena-capetillo-y-arantxa-bodenhofer\/\",\"name\":\"Con acceso gratuito y foco en el femicidio se estrena obra en conmemoraci\u00f3n del D\u00eda de la Mujer: \u201cMis p\u00e1ginas\u201d con Lorena Capetillo y Arantxa Bodenhofer - Valpara\u00ed\u00adso Creativo\",\"isPartOf\":{\"@id\":\"https:\/\/dev.antudigital.cl\/sites\/vc\/#website\"},\"primaryImageOfPage\":{\"@id\":\"https:\/\/dev.antudigital.cl\/sites\/vc\/con-acceso-gratuito-y-foco-en-el-femicidio-se-estrena-obra-en-conmemoracion-del-dia-de-la-mujer-mis-paginas-con-lorena-capetillo-y-arantxa-bodenhofer\/#primaryimage\"},\"image\":{\"@id\":\"https:\/\/dev.antudigital.cl\/sites\/vc\/con-acceso-gratuito-y-foco-en-el-femicidio-se-estrena-obra-en-conmemoracion-del-dia-de-la-mujer-mis-paginas-con-lorena-capetillo-y-arantxa-bodenhofer\/#primaryimage\"},\"thumbnailUrl\":\"https:\/\/dev.antudigital.cl\/sites\/vc\/wp-content\/uploads\/2025\/03\/481848363_18487820599040436_7581399032098013810_n-e1741005653947.jpeg\",\"datePublished\":\"2025-03-03T12:41:13+00:00\",\"dateModified\":\"2025-03-03T12:41:32+00:00\",\"author\":{\"@id\":\"https:\/\/dev.antudigital.cl\/sites\/vc\/#\/schema\/person\/c2b9da8dd545e27166fc5ab232837318\"},\"breadcrumb\":{\"@id\":\"https:\/\/dev.antudigital.cl\/sites\/vc\/con-acceso-gratuito-y-foco-en-el-femicidio-se-estrena-obra-en-conmemoracion-del-dia-de-la-mujer-mis-paginas-con-lorena-capetillo-y-arantxa-bodenhofer\/#breadcrumb\"},\"inLanguage\":\"es\",\"potentialAction\":[{\"@type\":\"ReadAction\",\"target\":[\"https:\/\/dev.antudigital.cl\/sites\/vc\/con-acceso-gratuito-y-foco-en-el-femicidio-se-estrena-obra-en-conmemoracion-del-dia-de-la-mujer-mis-paginas-con-lorena-capetillo-y-arantxa-bodenhofer\/\"]}]},{\"@type\":\"ImageObject\",\"inLanguage\":\"es\",\"@id\":\"https:\/\/dev.antudigital.cl\/sites\/vc\/con-acceso-gratuito-y-foco-en-el-femicidio-se-estrena-obra-en-conmemoracion-del-dia-de-la-mujer-mis-paginas-con-lorena-capetillo-y-arantxa-bodenhofer\/#primaryimage\",\"url\":\"https:\/\/dev.antudigital.cl\/sites\/vc\/wp-content\/uploads\/2025\/03\/481848363_18487820599040436_7581399032098013810_n-e1741005653947.jpeg\",\"contentUrl\":\"https:\/\/dev.antudigital.cl\/sites\/vc\/wp-content\/uploads\/2025\/03\/481848363_18487820599040436_7581399032098013810_n-e1741005653947.jpeg\",\"width\":1440,\"height\":588},{\"@type\":\"BreadcrumbList\",\"@id\":\"https:\/\/dev.antudigital.cl\/sites\/vc\/con-acceso-gratuito-y-foco-en-el-femicidio-se-estrena-obra-en-conmemoracion-del-dia-de-la-mujer-mis-paginas-con-lorena-capetillo-y-arantxa-bodenhofer\/#breadcrumb\",\"itemListElement\":[{\"@type\":\"ListItem\",\"position\":1,\"name\":\"Home\",\"item\":\"https:\/\/dev.antudigital.cl\/sites\/vc\/\"},{\"@type\":\"ListItem\",\"position\":2,\"name\":\"Con acceso gratuito y foco en el femicidio se estrena obra en conmemoraci\u00f3n del D\u00eda de la Mujer: \u201cMis p\u00e1ginas\u201d con Lorena Capetillo y Arantxa Bodenhofer\"}]},{\"@type\":\"WebSite\",\"@id\":\"https:\/\/dev.antudigital.cl\/sites\/vc\/#website\",\"url\":\"https:\/\/dev.antudigital.cl\/sites\/vc\/\",\"name\":\"Valpara\u00ed\u00adso Creativo\",\"description\":\"\",\"potentialAction\":[{\"@type\":\"SearchAction\",\"target\":{\"@type\":\"EntryPoint\",\"urlTemplate\":\"https:\/\/dev.antudigital.cl\/sites\/vc\/?s={search_term_string}\"},\"query-input\":{\"@type\":\"PropertyValueSpecification\",\"valueRequired\":true,\"valueName\":\"search_term_string\"}}],\"inLanguage\":\"es\"},{\"@type\":\"Person\",\"@id\":\"https:\/\/dev.antudigital.cl\/sites\/vc\/#\/schema\/person\/c2b9da8dd545e27166fc5ab232837318\",\"name\":\"Valpara\u00edso Creativo\",\"description\":\"Periodista de cultura en la Regi\u00f3n de Valpara\u00edso.\",\"url\":\"https:\/\/dev.antudigital.cl\/sites\/vc\/author\/valpoadmin\/\"}]}<\/script>\n<!-- \/ Yoast SEO plugin. -->","yoast_head_json":{"title":"Con acceso gratuito y foco en el femicidio se estrena obra en conmemoraci\u00f3n del D\u00eda de la Mujer: \u201cMis p\u00e1ginas\u201d con Lorena Capetillo y Arantxa Bodenhofer - Valpara\u00ed\u00adso Creativo","robots":{"index":"index","follow":"follow","max-snippet":"max-snippet:-1","max-image-preview":"max-image-preview:large","max-video-preview":"max-video-preview:-1"},"canonical":"https:\/\/dev.antudigital.cl\/sites\/vc\/con-acceso-gratuito-y-foco-en-el-femicidio-se-estrena-obra-en-conmemoracion-del-dia-de-la-mujer-mis-paginas-con-lorena-capetillo-y-arantxa-bodenhofer\/","og_locale":"es_ES","og_type":"article","og_title":"Con acceso gratuito y foco en el femicidio se estrena obra en conmemoraci\u00f3n del D\u00eda de la Mujer: \u201cMis p\u00e1ginas\u201d con Lorena Capetillo y Arantxa Bodenhofer - Valpara\u00ed\u00adso Creativo","og_description":"Con acceso gratuito se presentar\u00e1 el 7 de marzo en el Parque Cultural de Valpara\u00edso-Ex C\u00e1rcel, la obra teatral&nbsp;\u201cMis p\u00e1ginas\u201d&nbsp;en el marco de la conmemoraci\u00f3n del&nbsp;D\u00eda Internacional de la Mujer.&nbsp;La obra relata un desgarrador testimonio que pone sobre la mesa la desolaci\u00f3n de una madre que ve c\u00f3mo su hija, a pesar de sus intentos, [&hellip;]","og_url":"https:\/\/dev.antudigital.cl\/sites\/vc\/con-acceso-gratuito-y-foco-en-el-femicidio-se-estrena-obra-en-conmemoracion-del-dia-de-la-mujer-mis-paginas-con-lorena-capetillo-y-arantxa-bodenhofer\/","og_site_name":"Valpara\u00ed\u00adso Creativo","article_published_time":"2025-03-03T12:41:13+00:00","article_modified_time":"2025-03-03T12:41:32+00:00","og_image":[{"width":1440,"height":588,"url":"https:\/\/dev.antudigital.cl\/sites\/vc\/wp-content\/uploads\/2025\/03\/481848363_18487820599040436_7581399032098013810_n-e1741005653947.jpeg","type":"image\/jpeg"}],"author":"Valpara\u00edso Creativo","twitter_card":"summary_large_image","twitter_misc":{"Escrito por":"Valpara\u00edso Creativo","Tiempo de lectura":"2 minutos"},"schema":{"@context":"https:\/\/schema.org","@graph":[{"@type":"Article","@id":"https:\/\/dev.antudigital.cl\/sites\/vc\/con-acceso-gratuito-y-foco-en-el-femicidio-se-estrena-obra-en-conmemoracion-del-dia-de-la-mujer-mis-paginas-con-lorena-capetillo-y-arantxa-bodenhofer\/#article","isPartOf":{"@id":"https:\/\/dev.antudigital.cl\/sites\/vc\/con-acceso-gratuito-y-foco-en-el-femicidio-se-estrena-obra-en-conmemoracion-del-dia-de-la-mujer-mis-paginas-con-lorena-capetillo-y-arantxa-bodenhofer\/"},"author":{"name":"Valpara\u00edso Creativo","@id":"https:\/\/dev.antudigital.cl\/sites\/vc\/#\/schema\/person\/c2b9da8dd545e27166fc5ab232837318"},"headline":"Con acceso gratuito y foco en el femicidio se estrena obra en conmemoraci\u00f3n del D\u00eda de la Mujer: \u201cMis p\u00e1ginas\u201d con Lorena Capetillo y Arantxa Bodenhofer","datePublished":"2025-03-03T12:41:13+00:00","dateModified":"2025-03-03T12:41:32+00:00","mainEntityOfPage":{"@id":"https:\/\/dev.antudigital.cl\/sites\/vc\/con-acceso-gratuito-y-foco-en-el-femicidio-se-estrena-obra-en-conmemoracion-del-dia-de-la-mujer-mis-paginas-con-lorena-capetillo-y-arantxa-bodenhofer\/"},"wordCount":394,"image":{"@id":"https:\/\/dev.antudigital.cl\/sites\/vc\/con-acceso-gratuito-y-foco-en-el-femicidio-se-estrena-obra-en-conmemoracion-del-dia-de-la-mujer-mis-paginas-con-lorena-capetillo-y-arantxa-bodenhofer\/#primaryimage"},"thumbnailUrl":"https:\/\/dev.antudigital.cl\/sites\/vc\/wp-content\/uploads\/2025\/03\/481848363_18487820599040436_7581399032098013810_n-e1741005653947.jpeg","articleSection":["Noticia"],"inLanguage":"es"},{"@type":"WebPage","@id":"https:\/\/dev.antudigital.cl\/sites\/vc\/con-acceso-gratuito-y-foco-en-el-femicidio-se-estrena-obra-en-conmemoracion-del-dia-de-la-mujer-mis-paginas-con-lorena-capetillo-y-arantxa-bodenhofer\/","url":"https:\/\/dev.antudigital.cl\/sites\/vc\/con-acceso-gratuito-y-foco-en-el-femicidio-se-estrena-obra-en-conmemoracion-del-dia-de-la-mujer-mis-paginas-con-lorena-capetillo-y-arantxa-bodenhofer\/","name":"Con acceso gratuito y foco en el femicidio se estrena obra en conmemoraci\u00f3n del D\u00eda de la Mujer: \u201cMis p\u00e1ginas\u201d con Lorena Capetillo y Arantxa Bodenhofer - Valpara\u00ed\u00adso Creativo","isPartOf":{"@id":"https:\/\/dev.antudigital.cl\/sites\/vc\/#website"},"primaryImageOfPage":{"@id":"https:\/\/dev.antudigital.cl\/sites\/vc\/con-acceso-gratuito-y-foco-en-el-femicidio-se-estrena-obra-en-conmemoracion-del-dia-de-la-mujer-mis-paginas-con-lorena-capetillo-y-arantxa-bodenhofer\/#primaryimage"},"image":{"@id":"https:\/\/dev.antudigital.cl\/sites\/vc\/con-acceso-gratuito-y-foco-en-el-femicidio-se-estrena-obra-en-conmemoracion-del-dia-de-la-mujer-mis-paginas-con-lorena-capetillo-y-arantxa-bodenhofer\/#primaryimage"},"thumbnailUrl":"https:\/\/dev.antudigital.cl\/sites\/vc\/wp-content\/uploads\/2025\/03\/481848363_18487820599040436_7581399032098013810_n-e1741005653947.jpeg","datePublished":"2025-03-03T12:41:13+00:00","dateModified":"2025-03-03T12:41:32+00:00","author":{"@id":"https:\/\/dev.antudigital.cl\/sites\/vc\/#\/schema\/person\/c2b9da8dd545e27166fc5ab232837318"},"breadcrumb":{"@id":"https:\/\/dev.antudigital.cl\/sites\/vc\/con-acceso-gratuito-y-foco-en-el-femicidio-se-estrena-obra-en-conmemoracion-del-dia-de-la-mujer-mis-paginas-con-lorena-capetillo-y-arantxa-bodenhofer\/#breadcrumb"},"inLanguage":"es","potentialAction":[{"@type":"ReadAction","target":["https:\/\/dev.antudigital.cl\/sites\/vc\/con-acceso-gratuito-y-foco-en-el-femicidio-se-estrena-obra-en-conmemoracion-del-dia-de-la-mujer-mis-paginas-con-lorena-capetillo-y-arantxa-bodenhofer\/"]}]},{"@type":"ImageObject","inLanguage":"es","@id":"https:\/\/dev.antudigital.cl\/sites\/vc\/con-acceso-gratuito-y-foco-en-el-femicidio-se-estrena-obra-en-conmemoracion-del-dia-de-la-mujer-mis-paginas-con-lorena-capetillo-y-arantxa-bodenhofer\/#primaryimage","url":"https:\/\/dev.antudigital.cl\/sites\/vc\/wp-content\/uploads\/2025\/03\/481848363_18487820599040436_7581399032098013810_n-e1741005653947.jpeg","contentUrl":"https:\/\/dev.antudigital.cl\/sites\/vc\/wp-content\/uploads\/2025\/03\/481848363_18487820599040436_7581399032098013810_n-e1741005653947.jpeg","width":1440,"height":588},{"@type":"BreadcrumbList","@id":"https:\/\/dev.antudigital.cl\/sites\/vc\/con-acceso-gratuito-y-foco-en-el-femicidio-se-estrena-obra-en-conmemoracion-del-dia-de-la-mujer-mis-paginas-con-lorena-capetillo-y-arantxa-bodenhofer\/#breadcrumb","itemListElement":[{"@type":"ListItem","position":1,"name":"Home","item":"https:\/\/dev.antudigital.cl\/sites\/vc\/"},{"@type":"ListItem","position":2,"name":"Con acceso gratuito y foco en el femicidio se estrena obra en conmemoraci\u00f3n del D\u00eda de la Mujer: \u201cMis p\u00e1ginas\u201d con Lorena Capetillo y Arantxa Bodenhofer"}]},{"@type":"WebSite","@id":"https:\/\/dev.antudigital.cl\/sites\/vc\/#website","url":"https:\/\/dev.antudigital.cl\/sites\/vc\/","name":"Valpara\u00ed\u00adso Creativo","description":"","potentialAction":[{"@type":"SearchAction","target":{"@type":"EntryPoint","urlTemplate":"https:\/\/dev.antudigital.cl\/sites\/vc\/?s={search_term_string}"},"query-input":{"@type":"PropertyValueSpecification","valueRequired":true,"valueName":"search_term_string"}}],"inLanguage":"es"},{"@type":"Person","@id":"https:\/\/dev.antudigital.cl\/sites\/vc\/#\/schema\/person\/c2b9da8dd545e27166fc5ab232837318","name":"Valpara\u00edso Creativo","description":"Periodista de cultura en la Regi\u00f3n de Valpara\u00edso.","url":"https:\/\/dev.antudigital.cl\/sites\/vc\/author\/valpoadmin\/"}]}},"_links":{"self":[{"href":"https:\/\/dev.antudigital.cl\/sites\/vc\/wp-json\/wp\/v2\/posts\/22183","targetHints":{"allow":["GET"]}}],"collection":[{"href":"https:\/\/dev.antudigital.cl\/sites\/vc\/wp-json\/wp\/v2\/posts"}],"about":[{"href":"https:\/\/dev.antudigital.cl\/sites\/vc\/wp-json\/wp\/v2\/types\/post"}],"author":[{"embeddable":true,"href":"https:\/\/dev.antudigital.cl\/sites\/vc\/wp-json\/wp\/v2\/users\/1"}],"replies":[{"embeddable":true,"href":"https:\/\/dev.antudigital.cl\/sites\/vc\/wp-json\/wp\/v2\/comments?post=22183"}],"version-history":[{"count":1,"href":"https:\/\/dev.antudigital.cl\/sites\/vc\/wp-json\/wp\/v2\/posts\/22183\/revisions"}],"predecessor-version":[{"id":22186,"href":"https:\/\/dev.antudigital.cl\/sites\/vc\/wp-json\/wp\/v2\/posts\/22183\/revisions\/22186"}],"wp:featuredmedia":[{"embeddable":true,"href":"https:\/\/dev.antudigital.cl\/sites\/vc\/wp-json\/wp\/v2\/media\/22185"}],"wp:attachment":[{"href":"https:\/\/dev.antudigital.cl\/sites\/vc\/wp-json\/wp\/v2\/media?parent=22183"}],"wp:term":[{"taxonomy":"category","embeddable":true,"href":"https:\/\/dev.antudigital.cl\/sites\/vc\/wp-json\/wp\/v2\/categories?post=22183"},{"taxonomy":"post_tag","embeddable":true,"href":"https:\/\/dev.antudigital.cl\/sites\/vc\/wp-json\/wp\/v2\/tags?post=22183"}],"curies":[{"name":"wp","href":"https:\/\/api.w.org\/{rel}","templated":true}]}}