{"id":22274,"date":"2025-03-13T15:28:50","date_gmt":"2025-03-13T15:28:50","guid":{"rendered":"https:\/\/www.valparaisocreativo.cl\/?p=22274"},"modified":"2025-03-13T15:29:17","modified_gmt":"2025-03-13T15:29:17","slug":"de-suenos-y-ritmos-latinos-sabales-presenta-descripciones-oniricas-segundo-adelanto-de-lp-debut","status":"publish","type":"post","link":"https:\/\/dev.antudigital.cl\/sites\/vc\/de-suenos-y-ritmos-latinos-sabales-presenta-descripciones-oniricas-segundo-adelanto-de-lp-debut\/","title":{"rendered":"De sue\u00f1os y ritmos latinos: Sabales presenta\u00a0&#8216;Descripciones On\u00edricas&#8217;, segundo adelanto de LP debut"},"content":{"rendered":"\n<figure class=\"wp-block-table\"><table class=\"has-fixed-layout\"><tbody><tr><td>Visitamos la playa en&nbsp;<strong>&#8216;Hermano&#8217;<\/strong>&nbsp;y ahora es el turno de despedirnos de la temporada, no sin antes recorrer los relatos y universos m\u00e1s profundos del artista, quien aprovecha de mostrarnos m\u00e1s de sus influencias r\u00edtmicas en una segunda muestra de<em><strong>&nbsp;Dar y Mirar<\/strong><\/em>, disco fechado para este 2025 bajo&nbsp;<strong>Sello Leviat\u00e1n<\/strong>.<\/td><\/tr><\/tbody><\/table><\/figure>\n\n\n\n<figure class=\"wp-block-table\"><table class=\"has-fixed-layout\"><tbody><tr><td>Ya le cantamos al amor hermanable y ahora nos toca entregarnos al vaiv\u00e9n m\u00e1s bailable.\u00a0<a href=\"https:\/\/bh1ik.r.sp1-brevo.net\/mk\/cl\/f\/sh\/SMK1E8tHeG13GZB6HuHbH2zmqP4Q\/gTtIIHv4Fb_k\" target=\"_blank\" rel=\"noreferrer noopener\"><strong>Sabal Canales<\/strong><\/a>\u00a0libera el segundo sencillo de lo que ser\u00e1 su primer disco de estudio.<br>\u00a0<br>La historia de la canci\u00f3n remonta a un show donde present\u00f3\u00a0<a href=\"https:\/\/bh1ik.r.sp1-brevo.net\/mk\/cl\/f\/sh\/SMK1E8tHeG7uii03T4R5MsIWoheg\/wBkN3Z2x2_PE\" target=\"_blank\" rel=\"noreferrer noopener\"><strong>&#8216;Hermano&#8217;<\/strong><\/a>, creando una melod\u00eda que fue la base perfecta para contar sobre un sue\u00f1o que tuvo y que no dej\u00f3 de dar vueltas en su cabeza. As\u00ed, da con\u00a0<a href=\"https:\/\/bh1ik.r.sp1-brevo.net\/mk\/cl\/f\/sh\/SMK1E8tHeGEmAqp0eEaZShbGn0Ew\/A9VFKc4bbS1e\" target=\"_blank\" rel=\"noreferrer noopener\"><strong>&#8216;Descripciones On\u00edricas&#8217;<\/strong><\/a>, un track m\u00e1s bailable en su sonido, ideal para despedir la temporada estival.<br>\u00a0<br><strong>\u00abQuer\u00eda sacar esta canci\u00f3n en \u00e9poca veraniega, entonces parec\u00eda un buen match; se est\u00e1n acabando las vacaciones, pero siento que a\u00fan queda algo de esa energ\u00eda\u00bb<\/strong>, cuenta\u00a0<a href=\"https:\/\/bh1ik.r.sp1-brevo.net\/mk\/cl\/f\/sh\/SMK1E8tHeGLdczdxpOk3YWu0lIpC\/1LASuDf0HvRG\" target=\"_blank\" rel=\"noreferrer noopener\"><strong>Sabales<\/strong><\/a>, adelantando que con la llegada del oto\u00f1o tambi\u00e9n tendremos sencillos m\u00e1s melanc\u00f3licos, una l\u00ednea m\u00e1s cercana a lo que es su composici\u00f3n habitual.<br><br>\u275d<strong>Este tema trae el color de los ritmos latinos. Mis singles anteriores son m\u00e1s propios del indie, sin embargo me gusta escuchar y explorar varios g\u00e9neros: me encanta la cumbia, el folclor latinoamericano, la trova fue mi primera escuela. Siento que\u00a0<\/strong><a href=\"https:\/\/bh1ik.r.sp1-brevo.net\/mk\/cl\/f\/sh\/SMK1E8tHeGZMXHHsBj31kBVUhtzi\/QJt2mnbt66yc\" target=\"_blank\" rel=\"noreferrer noopener\"><strong>&#8216;Descripciones On\u00edricas&#8217;<\/strong><\/a><strong>\u00a0introduce ese abanico de influencias con las que viene el disco, y ante todo me gustar\u00eda que la gente sintiera ganas de bailar al escucharla\u00bb<\/strong>.<br>\u00a0<br>Como adelanta el t\u00edtulo, la canci\u00f3n est\u00e1 inspirada en los sue\u00f1os, la descripci\u00f3n de varios de ellos. Un conflicto y el erotismo se encuentran como t\u00f3picos que siguen d\u00e1ndole robustez a lo que ser\u00e1\u00a0<em><strong>Dar y Mirar<\/strong><\/em>, el disco a estrenarse durante este a\u00f1o, del que ya conocemos la cara m\u00e1s colorida en este track con una importante participaci\u00f3n de bronces, cargado al ritmo del fin de calor.<br><br><a href=\"https:\/\/links.altafonte.com\/grd60lr\"><strong>Escucha el single aqu\u00ed.<\/strong><\/a><\/td><\/tr><\/tbody><\/table><\/figure>\n\n\n\n<figure class=\"wp-block-image size-large\"><img fetchpriority=\"high\" decoding=\"async\" width=\"1024\" height=\"1024\" src=\"https:\/\/www.valparaisocreativo.cl\/wp-content\/uploads\/2025\/03\/unnamed2-1024x1024.jpeg\" alt=\"\" class=\"wp-image-22276\" srcset=\"https:\/\/dev.antudigital.cl\/sites\/vc\/wp-content\/uploads\/2025\/03\/unnamed2-1024x1024.jpeg 1024w, https:\/\/dev.antudigital.cl\/sites\/vc\/wp-content\/uploads\/2025\/03\/unnamed2-300x300.jpeg 300w, https:\/\/dev.antudigital.cl\/sites\/vc\/wp-content\/uploads\/2025\/03\/unnamed2-150x150.jpeg 150w, https:\/\/dev.antudigital.cl\/sites\/vc\/wp-content\/uploads\/2025\/03\/unnamed2-768x768.jpeg 768w, https:\/\/dev.antudigital.cl\/sites\/vc\/wp-content\/uploads\/2025\/03\/unnamed2-1536x1536.jpeg 1536w, https:\/\/dev.antudigital.cl\/sites\/vc\/wp-content\/uploads\/2025\/03\/unnamed2-2048x2048.jpeg 2048w, https:\/\/dev.antudigital.cl\/sites\/vc\/wp-content\/uploads\/2025\/03\/unnamed2-1080x1080.jpeg 1080w, https:\/\/dev.antudigital.cl\/sites\/vc\/wp-content\/uploads\/2025\/03\/unnamed2-1280x1280.jpeg 1280w, https:\/\/dev.antudigital.cl\/sites\/vc\/wp-content\/uploads\/2025\/03\/unnamed2-980x980.jpeg 980w, https:\/\/dev.antudigital.cl\/sites\/vc\/wp-content\/uploads\/2025\/03\/unnamed2-480x480.jpeg 480w, https:\/\/dev.antudigital.cl\/sites\/vc\/wp-content\/uploads\/2025\/03\/unnamed2-24x24.jpeg 24w, https:\/\/dev.antudigital.cl\/sites\/vc\/wp-content\/uploads\/2025\/03\/unnamed2-36x36.jpeg 36w, https:\/\/dev.antudigital.cl\/sites\/vc\/wp-content\/uploads\/2025\/03\/unnamed2-48x48.jpeg 48w\" sizes=\"(max-width: 1024px) 100vw, 1024px\" \/><\/figure>\n","protected":false},"excerpt":{"rendered":"<p>Visitamos la playa en&nbsp;&#8216;Hermano&#8217;&nbsp;y ahora es el turno de despedirnos de la temporada, no sin antes recorrer los relatos y universos m\u00e1s profundos del artista, quien aprovecha de mostrarnos m\u00e1s de sus influencias r\u00edtmicas en una segunda muestra de&nbsp;Dar y Mirar, disco fechado para este 2025 bajo&nbsp;Sello Leviat\u00e1n. Ya le cantamos al amor hermanable y [&hellip;]<\/p>\n","protected":false},"author":1,"featured_media":22275,"comment_status":"closed","ping_status":"closed","sticky":false,"template":"","format":"standard","meta":{"_acf_changed":false,"footnotes":""},"categories":[8],"tags":[],"class_list":["post-22274","post","type-post","status-publish","format-standard","has-post-thumbnail","hentry","category-noticia"],"acf":[],"yoast_head":"<!-- This site is optimized with the Yoast SEO plugin v27.1.1 - https:\/\/yoast.com\/product\/yoast-seo-wordpress\/ -->\n<title>De sue\u00f1os y ritmos latinos: Sabales presenta\u00a0&#039;Descripciones On\u00edricas&#039;, segundo adelanto de LP debut - Valpara\u00ed\u00adso Creativo<\/title>\n<meta name=\"robots\" content=\"index, follow, max-snippet:-1, max-image-preview:large, max-video-preview:-1\" \/>\n<link rel=\"canonical\" href=\"https:\/\/dev.antudigital.cl\/sites\/vc\/de-suenos-y-ritmos-latinos-sabales-presenta-descripciones-oniricas-segundo-adelanto-de-lp-debut\/\" \/>\n<meta property=\"og:locale\" content=\"es_ES\" \/>\n<meta property=\"og:type\" content=\"article\" \/>\n<meta property=\"og:title\" content=\"De sue\u00f1os y ritmos latinos: Sabales presenta\u00a0&#039;Descripciones On\u00edricas&#039;, segundo adelanto de LP debut - Valpara\u00ed\u00adso Creativo\" \/>\n<meta property=\"og:description\" content=\"Visitamos la playa en&nbsp;&#8216;Hermano&#8217;&nbsp;y ahora es el turno de despedirnos de la temporada, no sin antes recorrer los relatos y universos m\u00e1s profundos del artista, quien aprovecha de mostrarnos m\u00e1s de sus influencias r\u00edtmicas en una segunda muestra de&nbsp;Dar y Mirar, disco fechado para este 2025 bajo&nbsp;Sello Leviat\u00e1n. Ya le cantamos al amor hermanable y [&hellip;]\" \/>\n<meta property=\"og:url\" content=\"https:\/\/dev.antudigital.cl\/sites\/vc\/de-suenos-y-ritmos-latinos-sabales-presenta-descripciones-oniricas-segundo-adelanto-de-lp-debut\/\" \/>\n<meta property=\"og:site_name\" content=\"Valpara\u00ed\u00adso Creativo\" \/>\n<meta property=\"article:published_time\" content=\"2025-03-13T15:28:50+00:00\" \/>\n<meta property=\"article:modified_time\" content=\"2025-03-13T15:29:17+00:00\" \/>\n<meta property=\"og:image\" content=\"https:\/\/dev.antudigital.cl\/sites\/vc\/wp-content\/uploads\/2025\/03\/unnamed-scaled.jpeg\" \/>\n\t<meta property=\"og:image:width\" content=\"2560\" \/>\n\t<meta property=\"og:image:height\" content=\"1688\" \/>\n\t<meta property=\"og:image:type\" content=\"image\/jpeg\" \/>\n<meta name=\"author\" content=\"Valpara\u00edso Creativo\" \/>\n<meta name=\"twitter:card\" content=\"summary_large_image\" \/>\n<meta name=\"twitter:label1\" content=\"Escrito por\" \/>\n\t<meta name=\"twitter:data1\" content=\"Valpara\u00edso Creativo\" \/>\n\t<meta name=\"twitter:label2\" content=\"Tiempo de lectura\" \/>\n\t<meta name=\"twitter:data2\" content=\"2 minutos\" \/>\n<script type=\"application\/ld+json\" class=\"yoast-schema-graph\">{\"@context\":\"https:\/\/schema.org\",\"@graph\":[{\"@type\":\"Article\",\"@id\":\"https:\/\/dev.antudigital.cl\/sites\/vc\/de-suenos-y-ritmos-latinos-sabales-presenta-descripciones-oniricas-segundo-adelanto-de-lp-debut\/#article\",\"isPartOf\":{\"@id\":\"https:\/\/dev.antudigital.cl\/sites\/vc\/de-suenos-y-ritmos-latinos-sabales-presenta-descripciones-oniricas-segundo-adelanto-de-lp-debut\/\"},\"author\":{\"name\":\"Valpara\u00edso Creativo\",\"@id\":\"https:\/\/dev.antudigital.cl\/sites\/vc\/#\/schema\/person\/c2b9da8dd545e27166fc5ab232837318\"},\"headline\":\"De sue\u00f1os y ritmos latinos: Sabales presenta\u00a0&#8216;Descripciones On\u00edricas&#8217;, segundo adelanto de LP debut\",\"datePublished\":\"2025-03-13T15:28:50+00:00\",\"dateModified\":\"2025-03-13T15:29:17+00:00\",\"mainEntityOfPage\":{\"@id\":\"https:\/\/dev.antudigital.cl\/sites\/vc\/de-suenos-y-ritmos-latinos-sabales-presenta-descripciones-oniricas-segundo-adelanto-de-lp-debut\/\"},\"wordCount\":384,\"image\":{\"@id\":\"https:\/\/dev.antudigital.cl\/sites\/vc\/de-suenos-y-ritmos-latinos-sabales-presenta-descripciones-oniricas-segundo-adelanto-de-lp-debut\/#primaryimage\"},\"thumbnailUrl\":\"https:\/\/dev.antudigital.cl\/sites\/vc\/wp-content\/uploads\/2025\/03\/unnamed-scaled.jpeg\",\"articleSection\":[\"Noticia\"],\"inLanguage\":\"es\"},{\"@type\":\"WebPage\",\"@id\":\"https:\/\/dev.antudigital.cl\/sites\/vc\/de-suenos-y-ritmos-latinos-sabales-presenta-descripciones-oniricas-segundo-adelanto-de-lp-debut\/\",\"url\":\"https:\/\/dev.antudigital.cl\/sites\/vc\/de-suenos-y-ritmos-latinos-sabales-presenta-descripciones-oniricas-segundo-adelanto-de-lp-debut\/\",\"name\":\"De sue\u00f1os y ritmos latinos: Sabales presenta\u00a0'Descripciones On\u00edricas', segundo adelanto de LP debut - Valpara\u00ed\u00adso Creativo\",\"isPartOf\":{\"@id\":\"https:\/\/dev.antudigital.cl\/sites\/vc\/#website\"},\"primaryImageOfPage\":{\"@id\":\"https:\/\/dev.antudigital.cl\/sites\/vc\/de-suenos-y-ritmos-latinos-sabales-presenta-descripciones-oniricas-segundo-adelanto-de-lp-debut\/#primaryimage\"},\"image\":{\"@id\":\"https:\/\/dev.antudigital.cl\/sites\/vc\/de-suenos-y-ritmos-latinos-sabales-presenta-descripciones-oniricas-segundo-adelanto-de-lp-debut\/#primaryimage\"},\"thumbnailUrl\":\"https:\/\/dev.antudigital.cl\/sites\/vc\/wp-content\/uploads\/2025\/03\/unnamed-scaled.jpeg\",\"datePublished\":\"2025-03-13T15:28:50+00:00\",\"dateModified\":\"2025-03-13T15:29:17+00:00\",\"author\":{\"@id\":\"https:\/\/dev.antudigital.cl\/sites\/vc\/#\/schema\/person\/c2b9da8dd545e27166fc5ab232837318\"},\"breadcrumb\":{\"@id\":\"https:\/\/dev.antudigital.cl\/sites\/vc\/de-suenos-y-ritmos-latinos-sabales-presenta-descripciones-oniricas-segundo-adelanto-de-lp-debut\/#breadcrumb\"},\"inLanguage\":\"es\",\"potentialAction\":[{\"@type\":\"ReadAction\",\"target\":[\"https:\/\/dev.antudigital.cl\/sites\/vc\/de-suenos-y-ritmos-latinos-sabales-presenta-descripciones-oniricas-segundo-adelanto-de-lp-debut\/\"]}]},{\"@type\":\"ImageObject\",\"inLanguage\":\"es\",\"@id\":\"https:\/\/dev.antudigital.cl\/sites\/vc\/de-suenos-y-ritmos-latinos-sabales-presenta-descripciones-oniricas-segundo-adelanto-de-lp-debut\/#primaryimage\",\"url\":\"https:\/\/dev.antudigital.cl\/sites\/vc\/wp-content\/uploads\/2025\/03\/unnamed-scaled.jpeg\",\"contentUrl\":\"https:\/\/dev.antudigital.cl\/sites\/vc\/wp-content\/uploads\/2025\/03\/unnamed-scaled.jpeg\",\"width\":2560,\"height\":1688},{\"@type\":\"BreadcrumbList\",\"@id\":\"https:\/\/dev.antudigital.cl\/sites\/vc\/de-suenos-y-ritmos-latinos-sabales-presenta-descripciones-oniricas-segundo-adelanto-de-lp-debut\/#breadcrumb\",\"itemListElement\":[{\"@type\":\"ListItem\",\"position\":1,\"name\":\"Home\",\"item\":\"https:\/\/dev.antudigital.cl\/sites\/vc\/\"},{\"@type\":\"ListItem\",\"position\":2,\"name\":\"De sue\u00f1os y ritmos latinos: Sabales presenta\u00a0&#8216;Descripciones On\u00edricas&#8217;, segundo adelanto de LP debut\"}]},{\"@type\":\"WebSite\",\"@id\":\"https:\/\/dev.antudigital.cl\/sites\/vc\/#website\",\"url\":\"https:\/\/dev.antudigital.cl\/sites\/vc\/\",\"name\":\"Valpara\u00ed\u00adso Creativo\",\"description\":\"\",\"potentialAction\":[{\"@type\":\"SearchAction\",\"target\":{\"@type\":\"EntryPoint\",\"urlTemplate\":\"https:\/\/dev.antudigital.cl\/sites\/vc\/?s={search_term_string}\"},\"query-input\":{\"@type\":\"PropertyValueSpecification\",\"valueRequired\":true,\"valueName\":\"search_term_string\"}}],\"inLanguage\":\"es\"},{\"@type\":\"Person\",\"@id\":\"https:\/\/dev.antudigital.cl\/sites\/vc\/#\/schema\/person\/c2b9da8dd545e27166fc5ab232837318\",\"name\":\"Valpara\u00edso Creativo\",\"description\":\"Periodista de cultura en la Regi\u00f3n de Valpara\u00edso.\",\"url\":\"https:\/\/dev.antudigital.cl\/sites\/vc\/author\/valpoadmin\/\"}]}<\/script>\n<!-- \/ Yoast SEO plugin. -->","yoast_head_json":{"title":"De sue\u00f1os y ritmos latinos: Sabales presenta\u00a0'Descripciones On\u00edricas', segundo adelanto de LP debut - Valpara\u00ed\u00adso Creativo","robots":{"index":"index","follow":"follow","max-snippet":"max-snippet:-1","max-image-preview":"max-image-preview:large","max-video-preview":"max-video-preview:-1"},"canonical":"https:\/\/dev.antudigital.cl\/sites\/vc\/de-suenos-y-ritmos-latinos-sabales-presenta-descripciones-oniricas-segundo-adelanto-de-lp-debut\/","og_locale":"es_ES","og_type":"article","og_title":"De sue\u00f1os y ritmos latinos: Sabales presenta\u00a0'Descripciones On\u00edricas', segundo adelanto de LP debut - Valpara\u00ed\u00adso Creativo","og_description":"Visitamos la playa en&nbsp;&#8216;Hermano&#8217;&nbsp;y ahora es el turno de despedirnos de la temporada, no sin antes recorrer los relatos y universos m\u00e1s profundos del artista, quien aprovecha de mostrarnos m\u00e1s de sus influencias r\u00edtmicas en una segunda muestra de&nbsp;Dar y Mirar, disco fechado para este 2025 bajo&nbsp;Sello Leviat\u00e1n. Ya le cantamos al amor hermanable y [&hellip;]","og_url":"https:\/\/dev.antudigital.cl\/sites\/vc\/de-suenos-y-ritmos-latinos-sabales-presenta-descripciones-oniricas-segundo-adelanto-de-lp-debut\/","og_site_name":"Valpara\u00ed\u00adso Creativo","article_published_time":"2025-03-13T15:28:50+00:00","article_modified_time":"2025-03-13T15:29:17+00:00","og_image":[{"width":2560,"height":1688,"url":"https:\/\/dev.antudigital.cl\/sites\/vc\/wp-content\/uploads\/2025\/03\/unnamed-scaled.jpeg","type":"image\/jpeg"}],"author":"Valpara\u00edso Creativo","twitter_card":"summary_large_image","twitter_misc":{"Escrito por":"Valpara\u00edso Creativo","Tiempo de lectura":"2 minutos"},"schema":{"@context":"https:\/\/schema.org","@graph":[{"@type":"Article","@id":"https:\/\/dev.antudigital.cl\/sites\/vc\/de-suenos-y-ritmos-latinos-sabales-presenta-descripciones-oniricas-segundo-adelanto-de-lp-debut\/#article","isPartOf":{"@id":"https:\/\/dev.antudigital.cl\/sites\/vc\/de-suenos-y-ritmos-latinos-sabales-presenta-descripciones-oniricas-segundo-adelanto-de-lp-debut\/"},"author":{"name":"Valpara\u00edso Creativo","@id":"https:\/\/dev.antudigital.cl\/sites\/vc\/#\/schema\/person\/c2b9da8dd545e27166fc5ab232837318"},"headline":"De sue\u00f1os y ritmos latinos: Sabales presenta\u00a0&#8216;Descripciones On\u00edricas&#8217;, segundo adelanto de LP debut","datePublished":"2025-03-13T15:28:50+00:00","dateModified":"2025-03-13T15:29:17+00:00","mainEntityOfPage":{"@id":"https:\/\/dev.antudigital.cl\/sites\/vc\/de-suenos-y-ritmos-latinos-sabales-presenta-descripciones-oniricas-segundo-adelanto-de-lp-debut\/"},"wordCount":384,"image":{"@id":"https:\/\/dev.antudigital.cl\/sites\/vc\/de-suenos-y-ritmos-latinos-sabales-presenta-descripciones-oniricas-segundo-adelanto-de-lp-debut\/#primaryimage"},"thumbnailUrl":"https:\/\/dev.antudigital.cl\/sites\/vc\/wp-content\/uploads\/2025\/03\/unnamed-scaled.jpeg","articleSection":["Noticia"],"inLanguage":"es"},{"@type":"WebPage","@id":"https:\/\/dev.antudigital.cl\/sites\/vc\/de-suenos-y-ritmos-latinos-sabales-presenta-descripciones-oniricas-segundo-adelanto-de-lp-debut\/","url":"https:\/\/dev.antudigital.cl\/sites\/vc\/de-suenos-y-ritmos-latinos-sabales-presenta-descripciones-oniricas-segundo-adelanto-de-lp-debut\/","name":"De sue\u00f1os y ritmos latinos: Sabales presenta\u00a0'Descripciones On\u00edricas', segundo adelanto de LP debut - Valpara\u00ed\u00adso Creativo","isPartOf":{"@id":"https:\/\/dev.antudigital.cl\/sites\/vc\/#website"},"primaryImageOfPage":{"@id":"https:\/\/dev.antudigital.cl\/sites\/vc\/de-suenos-y-ritmos-latinos-sabales-presenta-descripciones-oniricas-segundo-adelanto-de-lp-debut\/#primaryimage"},"image":{"@id":"https:\/\/dev.antudigital.cl\/sites\/vc\/de-suenos-y-ritmos-latinos-sabales-presenta-descripciones-oniricas-segundo-adelanto-de-lp-debut\/#primaryimage"},"thumbnailUrl":"https:\/\/dev.antudigital.cl\/sites\/vc\/wp-content\/uploads\/2025\/03\/unnamed-scaled.jpeg","datePublished":"2025-03-13T15:28:50+00:00","dateModified":"2025-03-13T15:29:17+00:00","author":{"@id":"https:\/\/dev.antudigital.cl\/sites\/vc\/#\/schema\/person\/c2b9da8dd545e27166fc5ab232837318"},"breadcrumb":{"@id":"https:\/\/dev.antudigital.cl\/sites\/vc\/de-suenos-y-ritmos-latinos-sabales-presenta-descripciones-oniricas-segundo-adelanto-de-lp-debut\/#breadcrumb"},"inLanguage":"es","potentialAction":[{"@type":"ReadAction","target":["https:\/\/dev.antudigital.cl\/sites\/vc\/de-suenos-y-ritmos-latinos-sabales-presenta-descripciones-oniricas-segundo-adelanto-de-lp-debut\/"]}]},{"@type":"ImageObject","inLanguage":"es","@id":"https:\/\/dev.antudigital.cl\/sites\/vc\/de-suenos-y-ritmos-latinos-sabales-presenta-descripciones-oniricas-segundo-adelanto-de-lp-debut\/#primaryimage","url":"https:\/\/dev.antudigital.cl\/sites\/vc\/wp-content\/uploads\/2025\/03\/unnamed-scaled.jpeg","contentUrl":"https:\/\/dev.antudigital.cl\/sites\/vc\/wp-content\/uploads\/2025\/03\/unnamed-scaled.jpeg","width":2560,"height":1688},{"@type":"BreadcrumbList","@id":"https:\/\/dev.antudigital.cl\/sites\/vc\/de-suenos-y-ritmos-latinos-sabales-presenta-descripciones-oniricas-segundo-adelanto-de-lp-debut\/#breadcrumb","itemListElement":[{"@type":"ListItem","position":1,"name":"Home","item":"https:\/\/dev.antudigital.cl\/sites\/vc\/"},{"@type":"ListItem","position":2,"name":"De sue\u00f1os y ritmos latinos: Sabales presenta\u00a0&#8216;Descripciones On\u00edricas&#8217;, segundo adelanto de LP debut"}]},{"@type":"WebSite","@id":"https:\/\/dev.antudigital.cl\/sites\/vc\/#website","url":"https:\/\/dev.antudigital.cl\/sites\/vc\/","name":"Valpara\u00ed\u00adso Creativo","description":"","potentialAction":[{"@type":"SearchAction","target":{"@type":"EntryPoint","urlTemplate":"https:\/\/dev.antudigital.cl\/sites\/vc\/?s={search_term_string}"},"query-input":{"@type":"PropertyValueSpecification","valueRequired":true,"valueName":"search_term_string"}}],"inLanguage":"es"},{"@type":"Person","@id":"https:\/\/dev.antudigital.cl\/sites\/vc\/#\/schema\/person\/c2b9da8dd545e27166fc5ab232837318","name":"Valpara\u00edso Creativo","description":"Periodista de cultura en la Regi\u00f3n de Valpara\u00edso.","url":"https:\/\/dev.antudigital.cl\/sites\/vc\/author\/valpoadmin\/"}]}},"_links":{"self":[{"href":"https:\/\/dev.antudigital.cl\/sites\/vc\/wp-json\/wp\/v2\/posts\/22274","targetHints":{"allow":["GET"]}}],"collection":[{"href":"https:\/\/dev.antudigital.cl\/sites\/vc\/wp-json\/wp\/v2\/posts"}],"about":[{"href":"https:\/\/dev.antudigital.cl\/sites\/vc\/wp-json\/wp\/v2\/types\/post"}],"author":[{"embeddable":true,"href":"https:\/\/dev.antudigital.cl\/sites\/vc\/wp-json\/wp\/v2\/users\/1"}],"replies":[{"embeddable":true,"href":"https:\/\/dev.antudigital.cl\/sites\/vc\/wp-json\/wp\/v2\/comments?post=22274"}],"version-history":[{"count":1,"href":"https:\/\/dev.antudigital.cl\/sites\/vc\/wp-json\/wp\/v2\/posts\/22274\/revisions"}],"predecessor-version":[{"id":22277,"href":"https:\/\/dev.antudigital.cl\/sites\/vc\/wp-json\/wp\/v2\/posts\/22274\/revisions\/22277"}],"wp:featuredmedia":[{"embeddable":true,"href":"https:\/\/dev.antudigital.cl\/sites\/vc\/wp-json\/wp\/v2\/media\/22275"}],"wp:attachment":[{"href":"https:\/\/dev.antudigital.cl\/sites\/vc\/wp-json\/wp\/v2\/media?parent=22274"}],"wp:term":[{"taxonomy":"category","embeddable":true,"href":"https:\/\/dev.antudigital.cl\/sites\/vc\/wp-json\/wp\/v2\/categories?post=22274"},{"taxonomy":"post_tag","embeddable":true,"href":"https:\/\/dev.antudigital.cl\/sites\/vc\/wp-json\/wp\/v2\/tags?post=22274"}],"curies":[{"name":"wp","href":"https:\/\/api.w.org\/{rel}","templated":true}]}}