{"id":22278,"date":"2025-03-13T15:36:56","date_gmt":"2025-03-13T15:36:56","guid":{"rendered":"https:\/\/www.valparaisocreativo.cl\/?p=22278"},"modified":"2025-03-13T15:37:15","modified_gmt":"2025-03-13T15:37:15","slug":"el-drama-y-el-terror-llegan-a-insomnia-con-la-animacion-en-stop-motion-memorias-de-un-caracol-y-presence-protagonizada-por-lucy-liu","status":"publish","type":"post","link":"https:\/\/dev.antudigital.cl\/sites\/vc\/el-drama-y-el-terror-llegan-a-insomnia-con-la-animacion-en-stop-motion-memorias-de-un-caracol-y-presence-protagonizada-por-lucy-liu\/","title":{"rendered":"El drama y el terror llegan a INSOMNIA con la animaci\u00f3n en stop motion \u201cMemorias de un caracol\u201d y \u201cPresence\u201d protagonizada por Lucy Liu"},"content":{"rendered":"\n<p>Esta semana INSOMNIA tiene dos estrenos que desaf\u00edan las formas de narrar historias habituales en el cine. La primera es \u201cMemorias de un caracol\u201d una pel\u00edcula australiana del director Adam Elliot, que a trav\u00e9s de la animaci\u00f3n en stop motion nos relata un drama sensible sobre la p\u00e9rdida de seres queridos, la resiliencia y el valor de la amistad.&nbsp; Luego, una pel\u00edcula estremecedora sobre una casa en donde acecha un esp\u00edritu, con un trabajo de c\u00e1mara que nos permite acercarnos a la historia desde el punto de vista de un fantasma, trabajo sorprendente del \u00edcono del cine independiente de Estados Unidos Steven Soderbergh.<\/p>\n\n\n\n<p>Memorias de un caracol nos lleva a Australia, a la d\u00e9cada de los 70. Grace Pudel es una ni\u00f1a solitaria e inadaptada, aficionada a coleccionar figuras decorativas de caracoles y con una devoci\u00f3n profunda por las novelas rom\u00e1nticas. La muerte de su padre, cuando tan solo es una ni\u00f1a, la lleva a tener que separarse de su hermano mellizo, Gilbert, lo que la aboca a una espiral de ansiedad y angustia. Sin embargo, la esperanza vuelve a su vida cuando conoce a una exc\u00e9ntrica anciana llena de determinaci\u00f3n y amor por la vida llamada Pinky, con la que entablar\u00e1 una larga amistad que le cambiar\u00e1 la vida para siempre.<\/p>\n\n\n\n<p>Este drama realizado completamente en animaci\u00f3n de Stop Motion, cuenta con las voces de Sarah Snook, Eric Bana y Kodi Smit McPhee, se estrenar\u00e1 este jueves 13 de marzo a las 21:00 horas y tendr\u00e1 m\u00e1s proyecciones los d\u00edas domingo 16 (18:10), lunes 17 (18:00), martes 18 (20:30), mi\u00e9rcoles 26 (21:00) y domingo 30 (20:15).<\/p>\n\n\n\n<figure class=\"wp-block-image size-large\"><img fetchpriority=\"high\" decoding=\"async\" width=\"1024\" height=\"553\" src=\"https:\/\/www.valparaisocreativo.cl\/wp-content\/uploads\/2025\/03\/Memorias-de-un-caracol-3-1024x553.jpg\" alt=\"\" class=\"wp-image-22280\" srcset=\"https:\/\/dev.antudigital.cl\/sites\/vc\/wp-content\/uploads\/2025\/03\/Memorias-de-un-caracol-3-1024x553.jpg 1024w, https:\/\/dev.antudigital.cl\/sites\/vc\/wp-content\/uploads\/2025\/03\/Memorias-de-un-caracol-3-300x162.jpg 300w, https:\/\/dev.antudigital.cl\/sites\/vc\/wp-content\/uploads\/2025\/03\/Memorias-de-un-caracol-3-768x415.jpg 768w, https:\/\/dev.antudigital.cl\/sites\/vc\/wp-content\/uploads\/2025\/03\/Memorias-de-un-caracol-3-1536x830.jpg 1536w, https:\/\/dev.antudigital.cl\/sites\/vc\/wp-content\/uploads\/2025\/03\/Memorias-de-un-caracol-3-1080x584.jpg 1080w, https:\/\/dev.antudigital.cl\/sites\/vc\/wp-content\/uploads\/2025\/03\/Memorias-de-un-caracol-3-1280x692.jpg 1280w, https:\/\/dev.antudigital.cl\/sites\/vc\/wp-content\/uploads\/2025\/03\/Memorias-de-un-caracol-3-980x530.jpg 980w, https:\/\/dev.antudigital.cl\/sites\/vc\/wp-content\/uploads\/2025\/03\/Memorias-de-un-caracol-3-480x259.jpg 480w, https:\/\/dev.antudigital.cl\/sites\/vc\/wp-content\/uploads\/2025\/03\/Memorias-de-un-caracol-3-24x13.jpg 24w, https:\/\/dev.antudigital.cl\/sites\/vc\/wp-content\/uploads\/2025\/03\/Memorias-de-un-caracol-3-36x19.jpg 36w, https:\/\/dev.antudigital.cl\/sites\/vc\/wp-content\/uploads\/2025\/03\/Memorias-de-un-caracol-3-48x26.jpg 48w, https:\/\/dev.antudigital.cl\/sites\/vc\/wp-content\/uploads\/2025\/03\/Memorias-de-un-caracol-3.jpg 2000w\" sizes=\"(max-width: 1024px) 100vw, 1024px\" \/><\/figure>\n\n\n\n<p><strong>El terror m\u00e1s all\u00e1 de lo sobrenatural: Presence<\/strong><\/p>\n\n\n\n<p>Este viernes 14 a las 21:30 se estrenar\u00e1 \u201cPresence\u201d la pel\u00edcula que da vuelta el g\u00e9nero del terror al ser narrada desde la perspectiva del fantasma. Dirigida por Steven Soderbergh (Erin Brockovich, Oceans\u00b4 Eleven, Traffic, Solaris) y escrita por el guionista David Koepp (Jurassic Park, Misi\u00f3n imposible), cuenta con un elenco compuesto por Lucy Liu, Julia Fox, Chris Sullivan, West Mullholland, Callina Liang y Eddy Maday.<\/p>\n\n\n\n<p>Rebekah (Lucy Liu), su marido (Chris Sullivan) y sus hijos comienzan a experimentar fen\u00f3menos inexplicables tras mudarse a su nueva casa en los suburbios. Las extra\u00f1as presencias que se manifiestan a su alrededor les har\u00e1n cruzar la fina l\u00ednea que separa la realidad de la percepci\u00f3n. Presence se proyectar\u00e1 los d\u00edas viernes 14 (21:30), mi\u00e9rcoles 19 (20:30) y s\u00e1bado 22 (21:30).<\/p>\n\n\n\n<p>Las entradas est\u00e1n disponibles para la venta presencial en Condell 1585 y online en el sitio web &nbsp;<a href=\"http:\/\/insomnia.tickd.cl\/\" target=\"_blank\" rel=\"noreferrer noopener\">insomnia.tickd.cl<\/a>, para m\u00e1s informaci\u00f3n visita&nbsp;<a href=\"http:\/\/www.insomniacine.cl\/\" target=\"_blank\" rel=\"noreferrer noopener\">www.insomniacine.cl<\/a>.<\/p>\n","protected":false},"excerpt":{"rendered":"<p>Esta semana INSOMNIA tiene dos estrenos que desaf\u00edan las formas de narrar historias habituales en el cine. La primera es \u201cMemorias de un caracol\u201d una pel\u00edcula australiana del director Adam Elliot, que a trav\u00e9s de la animaci\u00f3n en stop motion nos relata un drama sensible sobre la p\u00e9rdida de seres queridos, la resiliencia y el [&hellip;]<\/p>\n","protected":false},"author":1,"featured_media":22279,"comment_status":"closed","ping_status":"closed","sticky":false,"template":"","format":"standard","meta":{"_acf_changed":false,"footnotes":""},"categories":[8],"tags":[],"class_list":["post-22278","post","type-post","status-publish","format-standard","has-post-thumbnail","hentry","category-noticia"],"acf":[],"yoast_head":"<!-- This site is optimized with the Yoast SEO plugin v27.1.1 - https:\/\/yoast.com\/product\/yoast-seo-wordpress\/ -->\n<title>El drama y el terror llegan a INSOMNIA con la animaci\u00f3n en stop motion \u201cMemorias de un caracol\u201d y \u201cPresence\u201d protagonizada por Lucy Liu - Valpara\u00ed\u00adso Creativo<\/title>\n<meta name=\"robots\" content=\"index, follow, max-snippet:-1, max-image-preview:large, max-video-preview:-1\" \/>\n<link rel=\"canonical\" href=\"https:\/\/dev.antudigital.cl\/sites\/vc\/el-drama-y-el-terror-llegan-a-insomnia-con-la-animacion-en-stop-motion-memorias-de-un-caracol-y-presence-protagonizada-por-lucy-liu\/\" \/>\n<meta property=\"og:locale\" content=\"es_ES\" \/>\n<meta property=\"og:type\" content=\"article\" \/>\n<meta property=\"og:title\" content=\"El drama y el terror llegan a INSOMNIA con la animaci\u00f3n en stop motion \u201cMemorias de un caracol\u201d y \u201cPresence\u201d protagonizada por Lucy Liu - Valpara\u00ed\u00adso Creativo\" \/>\n<meta property=\"og:description\" content=\"Esta semana INSOMNIA tiene dos estrenos que desaf\u00edan las formas de narrar historias habituales en el cine. La primera es \u201cMemorias de un caracol\u201d una pel\u00edcula australiana del director Adam Elliot, que a trav\u00e9s de la animaci\u00f3n en stop motion nos relata un drama sensible sobre la p\u00e9rdida de seres queridos, la resiliencia y el [&hellip;]\" \/>\n<meta property=\"og:url\" content=\"https:\/\/dev.antudigital.cl\/sites\/vc\/el-drama-y-el-terror-llegan-a-insomnia-con-la-animacion-en-stop-motion-memorias-de-un-caracol-y-presence-protagonizada-por-lucy-liu\/\" \/>\n<meta property=\"og:site_name\" content=\"Valpara\u00ed\u00adso Creativo\" \/>\n<meta property=\"article:published_time\" content=\"2025-03-13T15:36:56+00:00\" \/>\n<meta property=\"article:modified_time\" content=\"2025-03-13T15:37:15+00:00\" \/>\n<meta property=\"og:image\" content=\"https:\/\/dev.antudigital.cl\/sites\/vc\/wp-content\/uploads\/2025\/03\/Memorias-de-un-caracol-1.jpg\" \/>\n\t<meta property=\"og:image:width\" content=\"2000\" \/>\n\t<meta property=\"og:image:height\" content=\"1081\" \/>\n\t<meta property=\"og:image:type\" content=\"image\/jpeg\" \/>\n<meta name=\"author\" content=\"Valpara\u00edso Creativo\" \/>\n<meta name=\"twitter:card\" content=\"summary_large_image\" \/>\n<meta name=\"twitter:label1\" content=\"Escrito por\" \/>\n\t<meta name=\"twitter:data1\" content=\"Valpara\u00edso Creativo\" \/>\n\t<meta name=\"twitter:label2\" content=\"Tiempo de lectura\" \/>\n\t<meta name=\"twitter:data2\" content=\"3 minutos\" \/>\n<script type=\"application\/ld+json\" class=\"yoast-schema-graph\">{\"@context\":\"https:\/\/schema.org\",\"@graph\":[{\"@type\":\"Article\",\"@id\":\"https:\/\/dev.antudigital.cl\/sites\/vc\/el-drama-y-el-terror-llegan-a-insomnia-con-la-animacion-en-stop-motion-memorias-de-un-caracol-y-presence-protagonizada-por-lucy-liu\/#article\",\"isPartOf\":{\"@id\":\"https:\/\/dev.antudigital.cl\/sites\/vc\/el-drama-y-el-terror-llegan-a-insomnia-con-la-animacion-en-stop-motion-memorias-de-un-caracol-y-presence-protagonizada-por-lucy-liu\/\"},\"author\":{\"name\":\"Valpara\u00edso Creativo\",\"@id\":\"https:\/\/dev.antudigital.cl\/sites\/vc\/#\/schema\/person\/c2b9da8dd545e27166fc5ab232837318\"},\"headline\":\"El drama y el terror llegan a INSOMNIA con la animaci\u00f3n en stop motion \u201cMemorias de un caracol\u201d y \u201cPresence\u201d protagonizada por Lucy Liu\",\"datePublished\":\"2025-03-13T15:36:56+00:00\",\"dateModified\":\"2025-03-13T15:37:15+00:00\",\"mainEntityOfPage\":{\"@id\":\"https:\/\/dev.antudigital.cl\/sites\/vc\/el-drama-y-el-terror-llegan-a-insomnia-con-la-animacion-en-stop-motion-memorias-de-un-caracol-y-presence-protagonizada-por-lucy-liu\/\"},\"wordCount\":469,\"image\":{\"@id\":\"https:\/\/dev.antudigital.cl\/sites\/vc\/el-drama-y-el-terror-llegan-a-insomnia-con-la-animacion-en-stop-motion-memorias-de-un-caracol-y-presence-protagonizada-por-lucy-liu\/#primaryimage\"},\"thumbnailUrl\":\"https:\/\/dev.antudigital.cl\/sites\/vc\/wp-content\/uploads\/2025\/03\/Memorias-de-un-caracol-1.jpg\",\"articleSection\":[\"Noticia\"],\"inLanguage\":\"es\"},{\"@type\":\"WebPage\",\"@id\":\"https:\/\/dev.antudigital.cl\/sites\/vc\/el-drama-y-el-terror-llegan-a-insomnia-con-la-animacion-en-stop-motion-memorias-de-un-caracol-y-presence-protagonizada-por-lucy-liu\/\",\"url\":\"https:\/\/dev.antudigital.cl\/sites\/vc\/el-drama-y-el-terror-llegan-a-insomnia-con-la-animacion-en-stop-motion-memorias-de-un-caracol-y-presence-protagonizada-por-lucy-liu\/\",\"name\":\"El drama y el terror llegan a INSOMNIA con la animaci\u00f3n en stop motion \u201cMemorias de un caracol\u201d y \u201cPresence\u201d protagonizada por Lucy Liu - Valpara\u00ed\u00adso Creativo\",\"isPartOf\":{\"@id\":\"https:\/\/dev.antudigital.cl\/sites\/vc\/#website\"},\"primaryImageOfPage\":{\"@id\":\"https:\/\/dev.antudigital.cl\/sites\/vc\/el-drama-y-el-terror-llegan-a-insomnia-con-la-animacion-en-stop-motion-memorias-de-un-caracol-y-presence-protagonizada-por-lucy-liu\/#primaryimage\"},\"image\":{\"@id\":\"https:\/\/dev.antudigital.cl\/sites\/vc\/el-drama-y-el-terror-llegan-a-insomnia-con-la-animacion-en-stop-motion-memorias-de-un-caracol-y-presence-protagonizada-por-lucy-liu\/#primaryimage\"},\"thumbnailUrl\":\"https:\/\/dev.antudigital.cl\/sites\/vc\/wp-content\/uploads\/2025\/03\/Memorias-de-un-caracol-1.jpg\",\"datePublished\":\"2025-03-13T15:36:56+00:00\",\"dateModified\":\"2025-03-13T15:37:15+00:00\",\"author\":{\"@id\":\"https:\/\/dev.antudigital.cl\/sites\/vc\/#\/schema\/person\/c2b9da8dd545e27166fc5ab232837318\"},\"breadcrumb\":{\"@id\":\"https:\/\/dev.antudigital.cl\/sites\/vc\/el-drama-y-el-terror-llegan-a-insomnia-con-la-animacion-en-stop-motion-memorias-de-un-caracol-y-presence-protagonizada-por-lucy-liu\/#breadcrumb\"},\"inLanguage\":\"es\",\"potentialAction\":[{\"@type\":\"ReadAction\",\"target\":[\"https:\/\/dev.antudigital.cl\/sites\/vc\/el-drama-y-el-terror-llegan-a-insomnia-con-la-animacion-en-stop-motion-memorias-de-un-caracol-y-presence-protagonizada-por-lucy-liu\/\"]}]},{\"@type\":\"ImageObject\",\"inLanguage\":\"es\",\"@id\":\"https:\/\/dev.antudigital.cl\/sites\/vc\/el-drama-y-el-terror-llegan-a-insomnia-con-la-animacion-en-stop-motion-memorias-de-un-caracol-y-presence-protagonizada-por-lucy-liu\/#primaryimage\",\"url\":\"https:\/\/dev.antudigital.cl\/sites\/vc\/wp-content\/uploads\/2025\/03\/Memorias-de-un-caracol-1.jpg\",\"contentUrl\":\"https:\/\/dev.antudigital.cl\/sites\/vc\/wp-content\/uploads\/2025\/03\/Memorias-de-un-caracol-1.jpg\",\"width\":2000,\"height\":1081},{\"@type\":\"BreadcrumbList\",\"@id\":\"https:\/\/dev.antudigital.cl\/sites\/vc\/el-drama-y-el-terror-llegan-a-insomnia-con-la-animacion-en-stop-motion-memorias-de-un-caracol-y-presence-protagonizada-por-lucy-liu\/#breadcrumb\",\"itemListElement\":[{\"@type\":\"ListItem\",\"position\":1,\"name\":\"Home\",\"item\":\"https:\/\/dev.antudigital.cl\/sites\/vc\/\"},{\"@type\":\"ListItem\",\"position\":2,\"name\":\"El drama y el terror llegan a INSOMNIA con la animaci\u00f3n en stop motion \u201cMemorias de un caracol\u201d y \u201cPresence\u201d protagonizada por Lucy Liu\"}]},{\"@type\":\"WebSite\",\"@id\":\"https:\/\/dev.antudigital.cl\/sites\/vc\/#website\",\"url\":\"https:\/\/dev.antudigital.cl\/sites\/vc\/\",\"name\":\"Valpara\u00ed\u00adso Creativo\",\"description\":\"\",\"potentialAction\":[{\"@type\":\"SearchAction\",\"target\":{\"@type\":\"EntryPoint\",\"urlTemplate\":\"https:\/\/dev.antudigital.cl\/sites\/vc\/?s={search_term_string}\"},\"query-input\":{\"@type\":\"PropertyValueSpecification\",\"valueRequired\":true,\"valueName\":\"search_term_string\"}}],\"inLanguage\":\"es\"},{\"@type\":\"Person\",\"@id\":\"https:\/\/dev.antudigital.cl\/sites\/vc\/#\/schema\/person\/c2b9da8dd545e27166fc5ab232837318\",\"name\":\"Valpara\u00edso Creativo\",\"description\":\"Periodista de cultura en la Regi\u00f3n de Valpara\u00edso.\",\"url\":\"https:\/\/dev.antudigital.cl\/sites\/vc\/author\/valpoadmin\/\"}]}<\/script>\n<!-- \/ Yoast SEO plugin. -->","yoast_head_json":{"title":"El drama y el terror llegan a INSOMNIA con la animaci\u00f3n en stop motion \u201cMemorias de un caracol\u201d y \u201cPresence\u201d protagonizada por Lucy Liu - Valpara\u00ed\u00adso Creativo","robots":{"index":"index","follow":"follow","max-snippet":"max-snippet:-1","max-image-preview":"max-image-preview:large","max-video-preview":"max-video-preview:-1"},"canonical":"https:\/\/dev.antudigital.cl\/sites\/vc\/el-drama-y-el-terror-llegan-a-insomnia-con-la-animacion-en-stop-motion-memorias-de-un-caracol-y-presence-protagonizada-por-lucy-liu\/","og_locale":"es_ES","og_type":"article","og_title":"El drama y el terror llegan a INSOMNIA con la animaci\u00f3n en stop motion \u201cMemorias de un caracol\u201d y \u201cPresence\u201d protagonizada por Lucy Liu - Valpara\u00ed\u00adso Creativo","og_description":"Esta semana INSOMNIA tiene dos estrenos que desaf\u00edan las formas de narrar historias habituales en el cine. La primera es \u201cMemorias de un caracol\u201d una pel\u00edcula australiana del director Adam Elliot, que a trav\u00e9s de la animaci\u00f3n en stop motion nos relata un drama sensible sobre la p\u00e9rdida de seres queridos, la resiliencia y el [&hellip;]","og_url":"https:\/\/dev.antudigital.cl\/sites\/vc\/el-drama-y-el-terror-llegan-a-insomnia-con-la-animacion-en-stop-motion-memorias-de-un-caracol-y-presence-protagonizada-por-lucy-liu\/","og_site_name":"Valpara\u00ed\u00adso Creativo","article_published_time":"2025-03-13T15:36:56+00:00","article_modified_time":"2025-03-13T15:37:15+00:00","og_image":[{"width":2000,"height":1081,"url":"https:\/\/dev.antudigital.cl\/sites\/vc\/wp-content\/uploads\/2025\/03\/Memorias-de-un-caracol-1.jpg","type":"image\/jpeg"}],"author":"Valpara\u00edso Creativo","twitter_card":"summary_large_image","twitter_misc":{"Escrito por":"Valpara\u00edso Creativo","Tiempo de lectura":"3 minutos"},"schema":{"@context":"https:\/\/schema.org","@graph":[{"@type":"Article","@id":"https:\/\/dev.antudigital.cl\/sites\/vc\/el-drama-y-el-terror-llegan-a-insomnia-con-la-animacion-en-stop-motion-memorias-de-un-caracol-y-presence-protagonizada-por-lucy-liu\/#article","isPartOf":{"@id":"https:\/\/dev.antudigital.cl\/sites\/vc\/el-drama-y-el-terror-llegan-a-insomnia-con-la-animacion-en-stop-motion-memorias-de-un-caracol-y-presence-protagonizada-por-lucy-liu\/"},"author":{"name":"Valpara\u00edso Creativo","@id":"https:\/\/dev.antudigital.cl\/sites\/vc\/#\/schema\/person\/c2b9da8dd545e27166fc5ab232837318"},"headline":"El drama y el terror llegan a INSOMNIA con la animaci\u00f3n en stop motion \u201cMemorias de un caracol\u201d y \u201cPresence\u201d protagonizada por Lucy Liu","datePublished":"2025-03-13T15:36:56+00:00","dateModified":"2025-03-13T15:37:15+00:00","mainEntityOfPage":{"@id":"https:\/\/dev.antudigital.cl\/sites\/vc\/el-drama-y-el-terror-llegan-a-insomnia-con-la-animacion-en-stop-motion-memorias-de-un-caracol-y-presence-protagonizada-por-lucy-liu\/"},"wordCount":469,"image":{"@id":"https:\/\/dev.antudigital.cl\/sites\/vc\/el-drama-y-el-terror-llegan-a-insomnia-con-la-animacion-en-stop-motion-memorias-de-un-caracol-y-presence-protagonizada-por-lucy-liu\/#primaryimage"},"thumbnailUrl":"https:\/\/dev.antudigital.cl\/sites\/vc\/wp-content\/uploads\/2025\/03\/Memorias-de-un-caracol-1.jpg","articleSection":["Noticia"],"inLanguage":"es"},{"@type":"WebPage","@id":"https:\/\/dev.antudigital.cl\/sites\/vc\/el-drama-y-el-terror-llegan-a-insomnia-con-la-animacion-en-stop-motion-memorias-de-un-caracol-y-presence-protagonizada-por-lucy-liu\/","url":"https:\/\/dev.antudigital.cl\/sites\/vc\/el-drama-y-el-terror-llegan-a-insomnia-con-la-animacion-en-stop-motion-memorias-de-un-caracol-y-presence-protagonizada-por-lucy-liu\/","name":"El drama y el terror llegan a INSOMNIA con la animaci\u00f3n en stop motion \u201cMemorias de un caracol\u201d y \u201cPresence\u201d protagonizada por Lucy Liu - Valpara\u00ed\u00adso Creativo","isPartOf":{"@id":"https:\/\/dev.antudigital.cl\/sites\/vc\/#website"},"primaryImageOfPage":{"@id":"https:\/\/dev.antudigital.cl\/sites\/vc\/el-drama-y-el-terror-llegan-a-insomnia-con-la-animacion-en-stop-motion-memorias-de-un-caracol-y-presence-protagonizada-por-lucy-liu\/#primaryimage"},"image":{"@id":"https:\/\/dev.antudigital.cl\/sites\/vc\/el-drama-y-el-terror-llegan-a-insomnia-con-la-animacion-en-stop-motion-memorias-de-un-caracol-y-presence-protagonizada-por-lucy-liu\/#primaryimage"},"thumbnailUrl":"https:\/\/dev.antudigital.cl\/sites\/vc\/wp-content\/uploads\/2025\/03\/Memorias-de-un-caracol-1.jpg","datePublished":"2025-03-13T15:36:56+00:00","dateModified":"2025-03-13T15:37:15+00:00","author":{"@id":"https:\/\/dev.antudigital.cl\/sites\/vc\/#\/schema\/person\/c2b9da8dd545e27166fc5ab232837318"},"breadcrumb":{"@id":"https:\/\/dev.antudigital.cl\/sites\/vc\/el-drama-y-el-terror-llegan-a-insomnia-con-la-animacion-en-stop-motion-memorias-de-un-caracol-y-presence-protagonizada-por-lucy-liu\/#breadcrumb"},"inLanguage":"es","potentialAction":[{"@type":"ReadAction","target":["https:\/\/dev.antudigital.cl\/sites\/vc\/el-drama-y-el-terror-llegan-a-insomnia-con-la-animacion-en-stop-motion-memorias-de-un-caracol-y-presence-protagonizada-por-lucy-liu\/"]}]},{"@type":"ImageObject","inLanguage":"es","@id":"https:\/\/dev.antudigital.cl\/sites\/vc\/el-drama-y-el-terror-llegan-a-insomnia-con-la-animacion-en-stop-motion-memorias-de-un-caracol-y-presence-protagonizada-por-lucy-liu\/#primaryimage","url":"https:\/\/dev.antudigital.cl\/sites\/vc\/wp-content\/uploads\/2025\/03\/Memorias-de-un-caracol-1.jpg","contentUrl":"https:\/\/dev.antudigital.cl\/sites\/vc\/wp-content\/uploads\/2025\/03\/Memorias-de-un-caracol-1.jpg","width":2000,"height":1081},{"@type":"BreadcrumbList","@id":"https:\/\/dev.antudigital.cl\/sites\/vc\/el-drama-y-el-terror-llegan-a-insomnia-con-la-animacion-en-stop-motion-memorias-de-un-caracol-y-presence-protagonizada-por-lucy-liu\/#breadcrumb","itemListElement":[{"@type":"ListItem","position":1,"name":"Home","item":"https:\/\/dev.antudigital.cl\/sites\/vc\/"},{"@type":"ListItem","position":2,"name":"El drama y el terror llegan a INSOMNIA con la animaci\u00f3n en stop motion \u201cMemorias de un caracol\u201d y \u201cPresence\u201d protagonizada por Lucy Liu"}]},{"@type":"WebSite","@id":"https:\/\/dev.antudigital.cl\/sites\/vc\/#website","url":"https:\/\/dev.antudigital.cl\/sites\/vc\/","name":"Valpara\u00ed\u00adso Creativo","description":"","potentialAction":[{"@type":"SearchAction","target":{"@type":"EntryPoint","urlTemplate":"https:\/\/dev.antudigital.cl\/sites\/vc\/?s={search_term_string}"},"query-input":{"@type":"PropertyValueSpecification","valueRequired":true,"valueName":"search_term_string"}}],"inLanguage":"es"},{"@type":"Person","@id":"https:\/\/dev.antudigital.cl\/sites\/vc\/#\/schema\/person\/c2b9da8dd545e27166fc5ab232837318","name":"Valpara\u00edso Creativo","description":"Periodista de cultura en la Regi\u00f3n de Valpara\u00edso.","url":"https:\/\/dev.antudigital.cl\/sites\/vc\/author\/valpoadmin\/"}]}},"_links":{"self":[{"href":"https:\/\/dev.antudigital.cl\/sites\/vc\/wp-json\/wp\/v2\/posts\/22278","targetHints":{"allow":["GET"]}}],"collection":[{"href":"https:\/\/dev.antudigital.cl\/sites\/vc\/wp-json\/wp\/v2\/posts"}],"about":[{"href":"https:\/\/dev.antudigital.cl\/sites\/vc\/wp-json\/wp\/v2\/types\/post"}],"author":[{"embeddable":true,"href":"https:\/\/dev.antudigital.cl\/sites\/vc\/wp-json\/wp\/v2\/users\/1"}],"replies":[{"embeddable":true,"href":"https:\/\/dev.antudigital.cl\/sites\/vc\/wp-json\/wp\/v2\/comments?post=22278"}],"version-history":[{"count":1,"href":"https:\/\/dev.antudigital.cl\/sites\/vc\/wp-json\/wp\/v2\/posts\/22278\/revisions"}],"predecessor-version":[{"id":22281,"href":"https:\/\/dev.antudigital.cl\/sites\/vc\/wp-json\/wp\/v2\/posts\/22278\/revisions\/22281"}],"wp:featuredmedia":[{"embeddable":true,"href":"https:\/\/dev.antudigital.cl\/sites\/vc\/wp-json\/wp\/v2\/media\/22279"}],"wp:attachment":[{"href":"https:\/\/dev.antudigital.cl\/sites\/vc\/wp-json\/wp\/v2\/media?parent=22278"}],"wp:term":[{"taxonomy":"category","embeddable":true,"href":"https:\/\/dev.antudigital.cl\/sites\/vc\/wp-json\/wp\/v2\/categories?post=22278"},{"taxonomy":"post_tag","embeddable":true,"href":"https:\/\/dev.antudigital.cl\/sites\/vc\/wp-json\/wp\/v2\/tags?post=22278"}],"curies":[{"name":"wp","href":"https:\/\/api.w.org\/{rel}","templated":true}]}}