{"id":22286,"date":"2025-03-13T17:25:57","date_gmt":"2025-03-13T17:25:57","guid":{"rendered":"https:\/\/www.valparaisocreativo.cl\/?p=22286"},"modified":"2025-03-13T17:26:15","modified_gmt":"2025-03-13T17:26:15","slug":"encuentro-remm-feria-pacifica-2025-conoce-un-adelanto-de-la-programacion-y-fechas-en-que-se-realizara-esta-primera-edicion","status":"publish","type":"post","link":"https:\/\/dev.antudigital.cl\/sites\/vc\/encuentro-remm-feria-pacifica-2025-conoce-un-adelanto-de-la-programacion-y-fechas-en-que-se-realizara-esta-primera-edicion\/","title":{"rendered":"Encuentro REMM + Feria Pac\u00edfica 2025: Conoce un adelanto de la programaci\u00f3n y fechas en que se realizar\u00e1 esta primera edici\u00f3n"},"content":{"rendered":"\n<p><em>El encuentro que se desarrollar\u00e1 los d\u00edas 28 y 29 de marzo en el Parque Cultural de Valpara\u00edso, busca posicionarse como el primer espacio gremial liderado por organizaciones, de mujeres y disidencias, trabajadoras del ecosistema de la m\u00fasica.<\/em><\/p>\n\n\n\n<p><em>Las inscripciones a las diferentes actividades y shows ya est\u00e1n abiertas y se realizar\u00e1n de manera gratuita.<\/em><\/p>\n\n\n\n<p>Por fin el empoderamiento de las mujeres y disidencias tienen su evento propio en Chile, al igual que en los otros pa\u00edses del continente. Se trata del primer <strong>Encuentro REMM junto a Feria Pac\u00edfica 2025<\/strong>, instancias que busca visibilizar el trabajo de mujeres y disidencias que forman parte del ecosistema de la m\u00fasica y que el viernes 28 y s\u00e1bado 29 de marzo se tomar\u00e1n el Parque Cultural de Valpara\u00edso (ex- c\u00e1rcel), para reunir en un solo lugar proyectos musicales de Chile y el mundo, con sellos discogr\u00e1ficos, creadoras y emprendedoras, librer\u00edas y editoriales, oficios vinculados a la m\u00fasica y a la industria musical.&nbsp;<\/p>\n\n\n\n<p>El encuentro es una mezcla h\u00e1bil de conciertos con las nuevas voces de la m\u00fasica, y un ciclo de conferencias sobre temas relevantes con representantes ilustres que vendr\u00e1n a impartir sus conocimientos sobre la circulaci\u00f3n, la exportaci\u00f3n o la salud mental.<\/p>\n\n\n\n<figure class=\"wp-block-image size-large\"><img fetchpriority=\"high\" decoding=\"async\" width=\"819\" height=\"1024\" src=\"https:\/\/www.valparaisocreativo.cl\/wp-content\/uploads\/2025\/03\/SHOWCASES-REMM-PORTADA-819x1024.png\" alt=\"\" class=\"wp-image-22289\" srcset=\"https:\/\/dev.antudigital.cl\/sites\/vc\/wp-content\/uploads\/2025\/03\/SHOWCASES-REMM-PORTADA-819x1024.png 819w, https:\/\/dev.antudigital.cl\/sites\/vc\/wp-content\/uploads\/2025\/03\/SHOWCASES-REMM-PORTADA-240x300.png 240w, https:\/\/dev.antudigital.cl\/sites\/vc\/wp-content\/uploads\/2025\/03\/SHOWCASES-REMM-PORTADA-768x960.png 768w, https:\/\/dev.antudigital.cl\/sites\/vc\/wp-content\/uploads\/2025\/03\/SHOWCASES-REMM-PORTADA-1229x1536.png 1229w, https:\/\/dev.antudigital.cl\/sites\/vc\/wp-content\/uploads\/2025\/03\/SHOWCASES-REMM-PORTADA-1638x2048.png 1638w, https:\/\/dev.antudigital.cl\/sites\/vc\/wp-content\/uploads\/2025\/03\/SHOWCASES-REMM-PORTADA-1080x1350.png 1080w, https:\/\/dev.antudigital.cl\/sites\/vc\/wp-content\/uploads\/2025\/03\/SHOWCASES-REMM-PORTADA-1280x1600.png 1280w, https:\/\/dev.antudigital.cl\/sites\/vc\/wp-content\/uploads\/2025\/03\/SHOWCASES-REMM-PORTADA-980x1225.png 980w, https:\/\/dev.antudigital.cl\/sites\/vc\/wp-content\/uploads\/2025\/03\/SHOWCASES-REMM-PORTADA-480x600.png 480w, https:\/\/dev.antudigital.cl\/sites\/vc\/wp-content\/uploads\/2025\/03\/SHOWCASES-REMM-PORTADA-19x24.png 19w, https:\/\/dev.antudigital.cl\/sites\/vc\/wp-content\/uploads\/2025\/03\/SHOWCASES-REMM-PORTADA-29x36.png 29w, https:\/\/dev.antudigital.cl\/sites\/vc\/wp-content\/uploads\/2025\/03\/SHOWCASES-REMM-PORTADA-38x48.png 38w\" sizes=\"(max-width: 819px) 100vw, 819px\" \/><\/figure>\n\n\n\n<p>De manera gratuita y durante dos jornadas artistas y p\u00fablico en general, podr\u00e1n disfrutar de lo que est\u00e1 pasando en materia de nuevos proyectos y estilos musicales liderados por mujeres y disidencias, adem\u00e1s de conocer m\u00e1s sobre diversos emprendimientos del sector, que tendr\u00e1n su stand en Feria Pac\u00edfica<\/p>\n\n\n\n<p>La selecci\u00f3n de los showcase se hizo a partir de una convocatoria abierta, en la que participaron m\u00e1s de 120 proyectos musicales, y que estuvo a cargo de jurados nacionales con una destacada trayectoria en el sector, como Tiare Galaz (Ni\u00f1a Tormenta, Uva Robot) y Pablo Fattori (Manager, Agencia Pegajosa).<\/p>\n\n\n\n<p>Los proyectos art\u00edsticos seleccionados que participan este a\u00f1o son: <strong>Ania Ivania<\/strong> (Puerto Montt, Chile); <strong>Fran Ri<\/strong> (Santiago, Chile); <strong>Dadal\u00fa<\/strong> (Santiago, Chile); <strong>Diavol Str\u00e2in<\/strong> (Valpara\u00edso, Chile); <strong>Luta Cruz<\/strong> (Santiago, Chile); <strong>Manuela Ocampo<\/strong> (Bogot\u00e1, Colombia); <strong>Kurmi<\/strong> (Santiago, Chile); y <strong>Wanda Jael<\/strong> (C\u00f3rdoba, Argentina).<\/p>\n\n\n\n<p>\u201cQuedamos gratamente sorprendidos por el alto nivel y la variedad de proyectos musicales que participaron en esta primera convocatoria. Creemos que lo que se mostrar\u00e1 en esta primera versi\u00f3n, es una buena muestra de lo que est\u00e1 pasando en nuestro pa\u00eds en materia de&nbsp; m\u00fasica e industria y da cuenta de la enorme cantidad de mujeres y disidencias que est\u00e1n liderando proyectos musicales. Creo que REMM va en la l\u00ednea correcta al crear este nuevo espacio\u201d, comenta <strong>Tiare Galaz, artista y jurado del certamen.<\/strong><\/p>\n\n\n\n<p>Adem\u00e1s, este primer encuentro contar\u00e1 con paneles de conversaci\u00f3n y talleres en los que profesionales y artistas nacionales e internacionales hablar\u00e1n sobre la generaci\u00f3n de nuevas redes, la salud mental en la industria musical, la circulaci\u00f3n de talentos y exportaci\u00f3n de proyectos musicales. \u201cEn una actualidad compleja&nbsp; globalmente, el objetivo de crear estas instancias de conversaci\u00f3n es re pensar la realidad actual en la m\u00fasica respecto a las brechas de g\u00e9nero, informar y pensar sobre los circuitos que existen en la actualidad para el desarrollo de talentos. Creemos que de esta forma podemos poner en valor lo que realizan gestoras, activistas y profesionales del ecosistema musical hoy, reuni\u00e9ndolas en un solo lugar para pensar el futuro\u201d, explica <strong>Claudia Pereira, directora de programaci\u00f3n REMM.<\/strong><\/p>\n\n\n\n<p>Dentro de los nombres de las panelistas y talleristas internacionales que ya est\u00e1n confirmadas destacan: <strong>Rosana Corbacho<\/strong> (Espa\u00f1a) Fundadora de M.I Therapy, psic\u00f3loga cl\u00ednica y humanista especializada en la industria musical, tambi\u00e9n parte de Asociaci\u00f3n MIM; <strong>Peni Franconi<\/strong> (C\u00f3rdoba, Argentina), directora del Festival Grl Pwr y la productora Big Mama; <strong>Tina Wroblewski<\/strong> (Canad\u00e1), Export Development en Folk Canad\u00e1, entre otras profesionales que se ir\u00e1n anunciando durante los pr\u00f3ximos d\u00edas.<\/p>\n\n\n\n<figure class=\"wp-block-image size-large\"><img decoding=\"async\" width=\"819\" height=\"1024\" src=\"https:\/\/www.valparaisocreativo.cl\/wp-content\/uploads\/2025\/03\/Encuentro-REMM_Rosana-Corbacho-819x1024.png\" alt=\"\" class=\"wp-image-22288\" srcset=\"https:\/\/dev.antudigital.cl\/sites\/vc\/wp-content\/uploads\/2025\/03\/Encuentro-REMM_Rosana-Corbacho-819x1024.png 819w, https:\/\/dev.antudigital.cl\/sites\/vc\/wp-content\/uploads\/2025\/03\/Encuentro-REMM_Rosana-Corbacho-240x300.png 240w, https:\/\/dev.antudigital.cl\/sites\/vc\/wp-content\/uploads\/2025\/03\/Encuentro-REMM_Rosana-Corbacho-768x960.png 768w, https:\/\/dev.antudigital.cl\/sites\/vc\/wp-content\/uploads\/2025\/03\/Encuentro-REMM_Rosana-Corbacho-1229x1536.png 1229w, https:\/\/dev.antudigital.cl\/sites\/vc\/wp-content\/uploads\/2025\/03\/Encuentro-REMM_Rosana-Corbacho-1638x2048.png 1638w, https:\/\/dev.antudigital.cl\/sites\/vc\/wp-content\/uploads\/2025\/03\/Encuentro-REMM_Rosana-Corbacho-1080x1350.png 1080w, https:\/\/dev.antudigital.cl\/sites\/vc\/wp-content\/uploads\/2025\/03\/Encuentro-REMM_Rosana-Corbacho-1280x1600.png 1280w, https:\/\/dev.antudigital.cl\/sites\/vc\/wp-content\/uploads\/2025\/03\/Encuentro-REMM_Rosana-Corbacho-980x1225.png 980w, https:\/\/dev.antudigital.cl\/sites\/vc\/wp-content\/uploads\/2025\/03\/Encuentro-REMM_Rosana-Corbacho-480x600.png 480w, https:\/\/dev.antudigital.cl\/sites\/vc\/wp-content\/uploads\/2025\/03\/Encuentro-REMM_Rosana-Corbacho-19x24.png 19w, https:\/\/dev.antudigital.cl\/sites\/vc\/wp-content\/uploads\/2025\/03\/Encuentro-REMM_Rosana-Corbacho-29x36.png 29w, https:\/\/dev.antudigital.cl\/sites\/vc\/wp-content\/uploads\/2025\/03\/Encuentro-REMM_Rosana-Corbacho-38x48.png 38w\" sizes=\"(max-width: 819px) 100vw, 819px\" \/><\/figure>\n\n\n\n<p>Los talleres y conversatorios ser\u00e1n con inscripci\u00f3n y cupos limitados, las personas interesadas en participar de estas instancias, pueden desde ya&nbsp; rellenar el formulario <a href=\"https:\/\/docs.google.com\/forms\/d\/e\/1FAIpQLSdcN_EXZkBO-JwrgFI0DuDC8FciM5K4_AxRZcB_53_yMcbrag\/viewform\">ac\u00e1<\/a>. As\u00ed mismo las noches REMM llenar\u00e1n de fiestas y sorpresas los bares de Valpara\u00edso con artistas consagradas, cuyos nombres se anunciar\u00e1n durante marzo. Los conciertos son gratuitos para quienes se inscriban y participen del evento.<\/p>\n\n\n\n<p>Toda la informaci\u00f3n y noticias asociadas a esta iniciativa la puedes encontrar en el instagram @somosremm<\/p>\n\n\n\n<p>El Primer Encuentro REMM + Feria Pac\u00edfica se realiza gracias al financiamiento de la Secretar\u00eda de la m\u00fasica y la Secretar\u00eda de Econom\u00eda creativa del Ministerio de las Culturas, las Artes y el Patrimonio, y la SCD, y cuenta con el apoyo del Parque Cultural de Valpara\u00edso y el Centex.<\/p>\n\n\n\n<p><strong>Somos REMM<\/strong><\/p>\n\n\n\n<p>Con el objetivo de generar una red de colaboraci\u00f3n y circulaci\u00f3n nacional, que fomente las buenas pr\u00e1cticas para disminuir las brechas de g\u00e9nero en el ecosistema de la m\u00fasica, e impulse el mejoramiento de las condiciones laborales para mujeres y disidencias, es que nace <strong>REMM: Red y Encuentro de Mujeres y Disidencias en la M\u00fasica<\/strong>, un espacio que agrupa a seis organizaciones de trabajadoras de las artes chilenas de diferentes regiones del pa\u00eds.<br>Dentro de las asociaciones que conforman esta red est\u00e1n <strong>MUSAP<\/strong> (Plataforma de enlace para artistas, mujeres y disidencias, que entrega un soporte t\u00e9cnico y comercial, y que est\u00e1 detr\u00e1s de proyectos como la Residencia art\u00edstica IMPACTA &#8211; 4 ediciones- y el Festival Alzadas); <strong>UDARA<\/strong> (Asociaci\u00f3n cultural que visibiliza y pone en valor el trabajo de mujeres y disidencias en el rock, y que hace 10 a\u00f1os realiza el Festival UDARA); <strong>LLUVIOSA<\/strong> (Organizaci\u00f3n cultural de Valdivia promueve y visibiliza el trabajo de mujeres y disidencias en la m\u00fasica con el fin de contribuir en el desarrollo de la escena musical); <strong>FIMM<\/strong> (Festival Internacional de Mujeres M\u00fasicas que potencia desde Concepci\u00f3n la formaci\u00f3n, creaci\u00f3n y difusi\u00f3n art\u00edstica); <strong>FEMFEST<\/strong> (Organizaci\u00f3n horizontal de mujeres y disidencias, que se re\u00fane en torno a distintas dimensiones de las artes para expresar y cuestionar inquietudes personales y colectivas sobre la sociedad y su cultura); y <strong>ENCUENTRO<\/strong><strong>DETONADAS<\/strong> (espacio que busca visibilizar el trabajo de artistas y creadoras a trav\u00e9s de presentaciones en vivo, conversatorios y actividades formativas desde la ciudad de Valpara\u00edso).<\/p>\n","protected":false},"excerpt":{"rendered":"<p>El encuentro que se desarrollar\u00e1 los d\u00edas 28 y 29 de marzo en el Parque Cultural de Valpara\u00edso, busca posicionarse como el primer espacio gremial liderado por organizaciones, de mujeres y disidencias, trabajadoras del ecosistema de la m\u00fasica. Las inscripciones a las diferentes actividades y shows ya est\u00e1n abiertas y se realizar\u00e1n de manera gratuita. [&hellip;]<\/p>\n","protected":false},"author":1,"featured_media":22287,"comment_status":"closed","ping_status":"closed","sticky":false,"template":"","format":"standard","meta":{"_acf_changed":false,"footnotes":""},"categories":[8],"tags":[],"class_list":["post-22286","post","type-post","status-publish","format-standard","has-post-thumbnail","hentry","category-noticia"],"acf":[],"yoast_head":"<!-- This site is optimized with the Yoast SEO plugin v27.1.1 - https:\/\/yoast.com\/product\/yoast-seo-wordpress\/ -->\n<title>Encuentro REMM + Feria Pac\u00edfica 2025: Conoce un adelanto de la programaci\u00f3n y fechas en que se realizar\u00e1 esta primera edici\u00f3n - Valpara\u00ed\u00adso Creativo<\/title>\n<meta name=\"robots\" content=\"index, follow, max-snippet:-1, max-image-preview:large, max-video-preview:-1\" \/>\n<link rel=\"canonical\" href=\"https:\/\/dev.antudigital.cl\/sites\/vc\/encuentro-remm-feria-pacifica-2025-conoce-un-adelanto-de-la-programacion-y-fechas-en-que-se-realizara-esta-primera-edicion\/\" \/>\n<meta property=\"og:locale\" content=\"es_ES\" \/>\n<meta property=\"og:type\" content=\"article\" \/>\n<meta property=\"og:title\" content=\"Encuentro REMM + Feria Pac\u00edfica 2025: Conoce un adelanto de la programaci\u00f3n y fechas en que se realizar\u00e1 esta primera edici\u00f3n - Valpara\u00ed\u00adso Creativo\" \/>\n<meta property=\"og:description\" content=\"El encuentro que se desarrollar\u00e1 los d\u00edas 28 y 29 de marzo en el Parque Cultural de Valpara\u00edso, busca posicionarse como el primer espacio gremial liderado por organizaciones, de mujeres y disidencias, trabajadoras del ecosistema de la m\u00fasica. Las inscripciones a las diferentes actividades y shows ya est\u00e1n abiertas y se realizar\u00e1n de manera gratuita. [&hellip;]\" \/>\n<meta property=\"og:url\" content=\"https:\/\/dev.antudigital.cl\/sites\/vc\/encuentro-remm-feria-pacifica-2025-conoce-un-adelanto-de-la-programacion-y-fechas-en-que-se-realizara-esta-primera-edicion\/\" \/>\n<meta property=\"og:site_name\" content=\"Valpara\u00ed\u00adso Creativo\" \/>\n<meta property=\"article:published_time\" content=\"2025-03-13T17:25:57+00:00\" \/>\n<meta property=\"article:modified_time\" content=\"2025-03-13T17:26:15+00:00\" \/>\n<meta property=\"og:image\" content=\"https:\/\/dev.antudigital.cl\/sites\/vc\/wp-content\/uploads\/2025\/03\/DIAVOLSTRAIN2-scaled.jpg\" \/>\n\t<meta property=\"og:image:width\" content=\"2560\" \/>\n\t<meta property=\"og:image:height\" content=\"1894\" \/>\n\t<meta property=\"og:image:type\" content=\"image\/jpeg\" \/>\n<meta name=\"author\" content=\"Valpara\u00edso Creativo\" \/>\n<meta name=\"twitter:card\" content=\"summary_large_image\" \/>\n<meta name=\"twitter:label1\" content=\"Escrito por\" \/>\n\t<meta name=\"twitter:data1\" content=\"Valpara\u00edso Creativo\" \/>\n\t<meta name=\"twitter:label2\" content=\"Tiempo de lectura\" \/>\n\t<meta name=\"twitter:data2\" content=\"6 minutos\" \/>\n<script type=\"application\/ld+json\" class=\"yoast-schema-graph\">{\"@context\":\"https:\/\/schema.org\",\"@graph\":[{\"@type\":\"Article\",\"@id\":\"https:\/\/dev.antudigital.cl\/sites\/vc\/encuentro-remm-feria-pacifica-2025-conoce-un-adelanto-de-la-programacion-y-fechas-en-que-se-realizara-esta-primera-edicion\/#article\",\"isPartOf\":{\"@id\":\"https:\/\/dev.antudigital.cl\/sites\/vc\/encuentro-remm-feria-pacifica-2025-conoce-un-adelanto-de-la-programacion-y-fechas-en-que-se-realizara-esta-primera-edicion\/\"},\"author\":{\"name\":\"Valpara\u00edso Creativo\",\"@id\":\"https:\/\/dev.antudigital.cl\/sites\/vc\/#\/schema\/person\/c2b9da8dd545e27166fc5ab232837318\"},\"headline\":\"Encuentro REMM + Feria Pac\u00edfica 2025: Conoce un adelanto de la programaci\u00f3n y fechas en que se realizar\u00e1 esta primera edici\u00f3n\",\"datePublished\":\"2025-03-13T17:25:57+00:00\",\"dateModified\":\"2025-03-13T17:26:15+00:00\",\"mainEntityOfPage\":{\"@id\":\"https:\/\/dev.antudigital.cl\/sites\/vc\/encuentro-remm-feria-pacifica-2025-conoce-un-adelanto-de-la-programacion-y-fechas-en-que-se-realizara-esta-primera-edicion\/\"},\"wordCount\":1106,\"image\":{\"@id\":\"https:\/\/dev.antudigital.cl\/sites\/vc\/encuentro-remm-feria-pacifica-2025-conoce-un-adelanto-de-la-programacion-y-fechas-en-que-se-realizara-esta-primera-edicion\/#primaryimage\"},\"thumbnailUrl\":\"https:\/\/dev.antudigital.cl\/sites\/vc\/wp-content\/uploads\/2025\/03\/DIAVOLSTRAIN2-scaled.jpg\",\"articleSection\":[\"Noticia\"],\"inLanguage\":\"es\"},{\"@type\":\"WebPage\",\"@id\":\"https:\/\/dev.antudigital.cl\/sites\/vc\/encuentro-remm-feria-pacifica-2025-conoce-un-adelanto-de-la-programacion-y-fechas-en-que-se-realizara-esta-primera-edicion\/\",\"url\":\"https:\/\/dev.antudigital.cl\/sites\/vc\/encuentro-remm-feria-pacifica-2025-conoce-un-adelanto-de-la-programacion-y-fechas-en-que-se-realizara-esta-primera-edicion\/\",\"name\":\"Encuentro REMM + Feria Pac\u00edfica 2025: Conoce un adelanto de la programaci\u00f3n y fechas en que se realizar\u00e1 esta primera edici\u00f3n - Valpara\u00ed\u00adso Creativo\",\"isPartOf\":{\"@id\":\"https:\/\/dev.antudigital.cl\/sites\/vc\/#website\"},\"primaryImageOfPage\":{\"@id\":\"https:\/\/dev.antudigital.cl\/sites\/vc\/encuentro-remm-feria-pacifica-2025-conoce-un-adelanto-de-la-programacion-y-fechas-en-que-se-realizara-esta-primera-edicion\/#primaryimage\"},\"image\":{\"@id\":\"https:\/\/dev.antudigital.cl\/sites\/vc\/encuentro-remm-feria-pacifica-2025-conoce-un-adelanto-de-la-programacion-y-fechas-en-que-se-realizara-esta-primera-edicion\/#primaryimage\"},\"thumbnailUrl\":\"https:\/\/dev.antudigital.cl\/sites\/vc\/wp-content\/uploads\/2025\/03\/DIAVOLSTRAIN2-scaled.jpg\",\"datePublished\":\"2025-03-13T17:25:57+00:00\",\"dateModified\":\"2025-03-13T17:26:15+00:00\",\"author\":{\"@id\":\"https:\/\/dev.antudigital.cl\/sites\/vc\/#\/schema\/person\/c2b9da8dd545e27166fc5ab232837318\"},\"breadcrumb\":{\"@id\":\"https:\/\/dev.antudigital.cl\/sites\/vc\/encuentro-remm-feria-pacifica-2025-conoce-un-adelanto-de-la-programacion-y-fechas-en-que-se-realizara-esta-primera-edicion\/#breadcrumb\"},\"inLanguage\":\"es\",\"potentialAction\":[{\"@type\":\"ReadAction\",\"target\":[\"https:\/\/dev.antudigital.cl\/sites\/vc\/encuentro-remm-feria-pacifica-2025-conoce-un-adelanto-de-la-programacion-y-fechas-en-que-se-realizara-esta-primera-edicion\/\"]}]},{\"@type\":\"ImageObject\",\"inLanguage\":\"es\",\"@id\":\"https:\/\/dev.antudigital.cl\/sites\/vc\/encuentro-remm-feria-pacifica-2025-conoce-un-adelanto-de-la-programacion-y-fechas-en-que-se-realizara-esta-primera-edicion\/#primaryimage\",\"url\":\"https:\/\/dev.antudigital.cl\/sites\/vc\/wp-content\/uploads\/2025\/03\/DIAVOLSTRAIN2-scaled.jpg\",\"contentUrl\":\"https:\/\/dev.antudigital.cl\/sites\/vc\/wp-content\/uploads\/2025\/03\/DIAVOLSTRAIN2-scaled.jpg\",\"width\":2560,\"height\":1894},{\"@type\":\"BreadcrumbList\",\"@id\":\"https:\/\/dev.antudigital.cl\/sites\/vc\/encuentro-remm-feria-pacifica-2025-conoce-un-adelanto-de-la-programacion-y-fechas-en-que-se-realizara-esta-primera-edicion\/#breadcrumb\",\"itemListElement\":[{\"@type\":\"ListItem\",\"position\":1,\"name\":\"Home\",\"item\":\"https:\/\/dev.antudigital.cl\/sites\/vc\/\"},{\"@type\":\"ListItem\",\"position\":2,\"name\":\"Encuentro REMM + Feria Pac\u00edfica 2025: Conoce un adelanto de la programaci\u00f3n y fechas en que se realizar\u00e1 esta primera edici\u00f3n\"}]},{\"@type\":\"WebSite\",\"@id\":\"https:\/\/dev.antudigital.cl\/sites\/vc\/#website\",\"url\":\"https:\/\/dev.antudigital.cl\/sites\/vc\/\",\"name\":\"Valpara\u00ed\u00adso Creativo\",\"description\":\"\",\"potentialAction\":[{\"@type\":\"SearchAction\",\"target\":{\"@type\":\"EntryPoint\",\"urlTemplate\":\"https:\/\/dev.antudigital.cl\/sites\/vc\/?s={search_term_string}\"},\"query-input\":{\"@type\":\"PropertyValueSpecification\",\"valueRequired\":true,\"valueName\":\"search_term_string\"}}],\"inLanguage\":\"es\"},{\"@type\":\"Person\",\"@id\":\"https:\/\/dev.antudigital.cl\/sites\/vc\/#\/schema\/person\/c2b9da8dd545e27166fc5ab232837318\",\"name\":\"Valpara\u00edso Creativo\",\"description\":\"Periodista de cultura en la Regi\u00f3n de Valpara\u00edso.\",\"url\":\"https:\/\/dev.antudigital.cl\/sites\/vc\/author\/valpoadmin\/\"}]}<\/script>\n<!-- \/ Yoast SEO plugin. -->","yoast_head_json":{"title":"Encuentro REMM + Feria Pac\u00edfica 2025: Conoce un adelanto de la programaci\u00f3n y fechas en que se realizar\u00e1 esta primera edici\u00f3n - Valpara\u00ed\u00adso Creativo","robots":{"index":"index","follow":"follow","max-snippet":"max-snippet:-1","max-image-preview":"max-image-preview:large","max-video-preview":"max-video-preview:-1"},"canonical":"https:\/\/dev.antudigital.cl\/sites\/vc\/encuentro-remm-feria-pacifica-2025-conoce-un-adelanto-de-la-programacion-y-fechas-en-que-se-realizara-esta-primera-edicion\/","og_locale":"es_ES","og_type":"article","og_title":"Encuentro REMM + Feria Pac\u00edfica 2025: Conoce un adelanto de la programaci\u00f3n y fechas en que se realizar\u00e1 esta primera edici\u00f3n - Valpara\u00ed\u00adso Creativo","og_description":"El encuentro que se desarrollar\u00e1 los d\u00edas 28 y 29 de marzo en el Parque Cultural de Valpara\u00edso, busca posicionarse como el primer espacio gremial liderado por organizaciones, de mujeres y disidencias, trabajadoras del ecosistema de la m\u00fasica. Las inscripciones a las diferentes actividades y shows ya est\u00e1n abiertas y se realizar\u00e1n de manera gratuita. [&hellip;]","og_url":"https:\/\/dev.antudigital.cl\/sites\/vc\/encuentro-remm-feria-pacifica-2025-conoce-un-adelanto-de-la-programacion-y-fechas-en-que-se-realizara-esta-primera-edicion\/","og_site_name":"Valpara\u00ed\u00adso Creativo","article_published_time":"2025-03-13T17:25:57+00:00","article_modified_time":"2025-03-13T17:26:15+00:00","og_image":[{"width":2560,"height":1894,"url":"https:\/\/dev.antudigital.cl\/sites\/vc\/wp-content\/uploads\/2025\/03\/DIAVOLSTRAIN2-scaled.jpg","type":"image\/jpeg"}],"author":"Valpara\u00edso Creativo","twitter_card":"summary_large_image","twitter_misc":{"Escrito por":"Valpara\u00edso Creativo","Tiempo de lectura":"6 minutos"},"schema":{"@context":"https:\/\/schema.org","@graph":[{"@type":"Article","@id":"https:\/\/dev.antudigital.cl\/sites\/vc\/encuentro-remm-feria-pacifica-2025-conoce-un-adelanto-de-la-programacion-y-fechas-en-que-se-realizara-esta-primera-edicion\/#article","isPartOf":{"@id":"https:\/\/dev.antudigital.cl\/sites\/vc\/encuentro-remm-feria-pacifica-2025-conoce-un-adelanto-de-la-programacion-y-fechas-en-que-se-realizara-esta-primera-edicion\/"},"author":{"name":"Valpara\u00edso Creativo","@id":"https:\/\/dev.antudigital.cl\/sites\/vc\/#\/schema\/person\/c2b9da8dd545e27166fc5ab232837318"},"headline":"Encuentro REMM + Feria Pac\u00edfica 2025: Conoce un adelanto de la programaci\u00f3n y fechas en que se realizar\u00e1 esta primera edici\u00f3n","datePublished":"2025-03-13T17:25:57+00:00","dateModified":"2025-03-13T17:26:15+00:00","mainEntityOfPage":{"@id":"https:\/\/dev.antudigital.cl\/sites\/vc\/encuentro-remm-feria-pacifica-2025-conoce-un-adelanto-de-la-programacion-y-fechas-en-que-se-realizara-esta-primera-edicion\/"},"wordCount":1106,"image":{"@id":"https:\/\/dev.antudigital.cl\/sites\/vc\/encuentro-remm-feria-pacifica-2025-conoce-un-adelanto-de-la-programacion-y-fechas-en-que-se-realizara-esta-primera-edicion\/#primaryimage"},"thumbnailUrl":"https:\/\/dev.antudigital.cl\/sites\/vc\/wp-content\/uploads\/2025\/03\/DIAVOLSTRAIN2-scaled.jpg","articleSection":["Noticia"],"inLanguage":"es"},{"@type":"WebPage","@id":"https:\/\/dev.antudigital.cl\/sites\/vc\/encuentro-remm-feria-pacifica-2025-conoce-un-adelanto-de-la-programacion-y-fechas-en-que-se-realizara-esta-primera-edicion\/","url":"https:\/\/dev.antudigital.cl\/sites\/vc\/encuentro-remm-feria-pacifica-2025-conoce-un-adelanto-de-la-programacion-y-fechas-en-que-se-realizara-esta-primera-edicion\/","name":"Encuentro REMM + Feria Pac\u00edfica 2025: Conoce un adelanto de la programaci\u00f3n y fechas en que se realizar\u00e1 esta primera edici\u00f3n - Valpara\u00ed\u00adso Creativo","isPartOf":{"@id":"https:\/\/dev.antudigital.cl\/sites\/vc\/#website"},"primaryImageOfPage":{"@id":"https:\/\/dev.antudigital.cl\/sites\/vc\/encuentro-remm-feria-pacifica-2025-conoce-un-adelanto-de-la-programacion-y-fechas-en-que-se-realizara-esta-primera-edicion\/#primaryimage"},"image":{"@id":"https:\/\/dev.antudigital.cl\/sites\/vc\/encuentro-remm-feria-pacifica-2025-conoce-un-adelanto-de-la-programacion-y-fechas-en-que-se-realizara-esta-primera-edicion\/#primaryimage"},"thumbnailUrl":"https:\/\/dev.antudigital.cl\/sites\/vc\/wp-content\/uploads\/2025\/03\/DIAVOLSTRAIN2-scaled.jpg","datePublished":"2025-03-13T17:25:57+00:00","dateModified":"2025-03-13T17:26:15+00:00","author":{"@id":"https:\/\/dev.antudigital.cl\/sites\/vc\/#\/schema\/person\/c2b9da8dd545e27166fc5ab232837318"},"breadcrumb":{"@id":"https:\/\/dev.antudigital.cl\/sites\/vc\/encuentro-remm-feria-pacifica-2025-conoce-un-adelanto-de-la-programacion-y-fechas-en-que-se-realizara-esta-primera-edicion\/#breadcrumb"},"inLanguage":"es","potentialAction":[{"@type":"ReadAction","target":["https:\/\/dev.antudigital.cl\/sites\/vc\/encuentro-remm-feria-pacifica-2025-conoce-un-adelanto-de-la-programacion-y-fechas-en-que-se-realizara-esta-primera-edicion\/"]}]},{"@type":"ImageObject","inLanguage":"es","@id":"https:\/\/dev.antudigital.cl\/sites\/vc\/encuentro-remm-feria-pacifica-2025-conoce-un-adelanto-de-la-programacion-y-fechas-en-que-se-realizara-esta-primera-edicion\/#primaryimage","url":"https:\/\/dev.antudigital.cl\/sites\/vc\/wp-content\/uploads\/2025\/03\/DIAVOLSTRAIN2-scaled.jpg","contentUrl":"https:\/\/dev.antudigital.cl\/sites\/vc\/wp-content\/uploads\/2025\/03\/DIAVOLSTRAIN2-scaled.jpg","width":2560,"height":1894},{"@type":"BreadcrumbList","@id":"https:\/\/dev.antudigital.cl\/sites\/vc\/encuentro-remm-feria-pacifica-2025-conoce-un-adelanto-de-la-programacion-y-fechas-en-que-se-realizara-esta-primera-edicion\/#breadcrumb","itemListElement":[{"@type":"ListItem","position":1,"name":"Home","item":"https:\/\/dev.antudigital.cl\/sites\/vc\/"},{"@type":"ListItem","position":2,"name":"Encuentro REMM + Feria Pac\u00edfica 2025: Conoce un adelanto de la programaci\u00f3n y fechas en que se realizar\u00e1 esta primera edici\u00f3n"}]},{"@type":"WebSite","@id":"https:\/\/dev.antudigital.cl\/sites\/vc\/#website","url":"https:\/\/dev.antudigital.cl\/sites\/vc\/","name":"Valpara\u00ed\u00adso Creativo","description":"","potentialAction":[{"@type":"SearchAction","target":{"@type":"EntryPoint","urlTemplate":"https:\/\/dev.antudigital.cl\/sites\/vc\/?s={search_term_string}"},"query-input":{"@type":"PropertyValueSpecification","valueRequired":true,"valueName":"search_term_string"}}],"inLanguage":"es"},{"@type":"Person","@id":"https:\/\/dev.antudigital.cl\/sites\/vc\/#\/schema\/person\/c2b9da8dd545e27166fc5ab232837318","name":"Valpara\u00edso Creativo","description":"Periodista de cultura en la Regi\u00f3n de Valpara\u00edso.","url":"https:\/\/dev.antudigital.cl\/sites\/vc\/author\/valpoadmin\/"}]}},"_links":{"self":[{"href":"https:\/\/dev.antudigital.cl\/sites\/vc\/wp-json\/wp\/v2\/posts\/22286","targetHints":{"allow":["GET"]}}],"collection":[{"href":"https:\/\/dev.antudigital.cl\/sites\/vc\/wp-json\/wp\/v2\/posts"}],"about":[{"href":"https:\/\/dev.antudigital.cl\/sites\/vc\/wp-json\/wp\/v2\/types\/post"}],"author":[{"embeddable":true,"href":"https:\/\/dev.antudigital.cl\/sites\/vc\/wp-json\/wp\/v2\/users\/1"}],"replies":[{"embeddable":true,"href":"https:\/\/dev.antudigital.cl\/sites\/vc\/wp-json\/wp\/v2\/comments?post=22286"}],"version-history":[{"count":1,"href":"https:\/\/dev.antudigital.cl\/sites\/vc\/wp-json\/wp\/v2\/posts\/22286\/revisions"}],"predecessor-version":[{"id":22290,"href":"https:\/\/dev.antudigital.cl\/sites\/vc\/wp-json\/wp\/v2\/posts\/22286\/revisions\/22290"}],"wp:featuredmedia":[{"embeddable":true,"href":"https:\/\/dev.antudigital.cl\/sites\/vc\/wp-json\/wp\/v2\/media\/22287"}],"wp:attachment":[{"href":"https:\/\/dev.antudigital.cl\/sites\/vc\/wp-json\/wp\/v2\/media?parent=22286"}],"wp:term":[{"taxonomy":"category","embeddable":true,"href":"https:\/\/dev.antudigital.cl\/sites\/vc\/wp-json\/wp\/v2\/categories?post=22286"},{"taxonomy":"post_tag","embeddable":true,"href":"https:\/\/dev.antudigital.cl\/sites\/vc\/wp-json\/wp\/v2\/tags?post=22286"}],"curies":[{"name":"wp","href":"https:\/\/api.w.org\/{rel}","templated":true}]}}