{"id":22302,"date":"2025-03-17T18:29:28","date_gmt":"2025-03-17T18:29:28","guid":{"rendered":"https:\/\/www.valparaisocreativo.cl\/?p=22302"},"modified":"2025-03-17T18:31:52","modified_gmt":"2025-03-17T18:31:52","slug":"insomnia-estrena-con-cine-foro-henri-el-ultimo-pirata-y-bernadette-comedia-francesa-de-lea-domenach","status":"publish","type":"post","link":"https:\/\/dev.antudigital.cl\/sites\/vc\/insomnia-estrena-con-cine-foro-henri-el-ultimo-pirata-y-bernadette-comedia-francesa-de-lea-domenach\/","title":{"rendered":"INSOMNIA estrena con cine foro Henri, el \u00faltimo pirata y Bernadette comedia francesa de L\u00e9a Domenach"},"content":{"rendered":"\n<p>El cine franc\u00e9s y sus protagonistas se toman los estrenos de esta semana en INSOMNIA Teatro Condell con \u201cHenri, el \u00faltimo pirata\u201d documental de Juli\u00e1n Fern\u00e1ndez sobre un buzo franc\u00e9s que decide quedarse a vivir en Rapanui, \u201cBernadette\u201d una comedia de L\u00e9a Domenach sobre la esposa del expresidente Jacques Chirac y el reestreno de la trilog\u00eda colores del director Krzysztof Kie\u015blowski, con inolvidables actuaciones de Juliette Binoche y Julie Delpy.<\/p>\n\n\n\n<p>Henri, el \u00faltimo pirata se estrena con cine foro junto a su director este mi\u00e9rcoles 19 de marzo a las 18:00 horas. El film del director Juli\u00e1n Fern\u00e1ndez Prieto y la productora -1 Cine se desarrolla en un Chile melanc\u00f3lico que pasea por distintas d\u00e9cadas y territorios, que a veces parece otro planeta, hombres que vivieron un mundo que todav\u00eda escond\u00eda tesoros o, quiz\u00e1, un tributo al mundo cuando todav\u00eda parec\u00eda desconocido. Narrada con desfachatez, llena de giros, pasando desde el Calypso de Jacques Cousteau, a la Polinesia y luego a la cima de un volc\u00e1n en la mitad de un desierto.<\/p>\n\n\n\n<figure class=\"wp-block-image size-large\"><img fetchpriority=\"high\" decoding=\"async\" width=\"1024\" height=\"707\" src=\"https:\/\/www.valparaisocreativo.cl\/wp-content\/uploads\/2025\/03\/Henri-el-ultimo-pirata-2-1024x707.jpeg\" alt=\"\" class=\"wp-image-22305\" srcset=\"https:\/\/dev.antudigital.cl\/sites\/vc\/wp-content\/uploads\/2025\/03\/Henri-el-ultimo-pirata-2-1024x707.jpeg 1024w, https:\/\/dev.antudigital.cl\/sites\/vc\/wp-content\/uploads\/2025\/03\/Henri-el-ultimo-pirata-2-300x207.jpeg 300w, https:\/\/dev.antudigital.cl\/sites\/vc\/wp-content\/uploads\/2025\/03\/Henri-el-ultimo-pirata-2-768x530.jpeg 768w, https:\/\/dev.antudigital.cl\/sites\/vc\/wp-content\/uploads\/2025\/03\/Henri-el-ultimo-pirata-2-1536x1061.jpeg 1536w, https:\/\/dev.antudigital.cl\/sites\/vc\/wp-content\/uploads\/2025\/03\/Henri-el-ultimo-pirata-2-1080x746.jpeg 1080w, https:\/\/dev.antudigital.cl\/sites\/vc\/wp-content\/uploads\/2025\/03\/Henri-el-ultimo-pirata-2-1280x884.jpeg 1280w, https:\/\/dev.antudigital.cl\/sites\/vc\/wp-content\/uploads\/2025\/03\/Henri-el-ultimo-pirata-2-980x677.jpeg 980w, https:\/\/dev.antudigital.cl\/sites\/vc\/wp-content\/uploads\/2025\/03\/Henri-el-ultimo-pirata-2-480x332.jpeg 480w, https:\/\/dev.antudigital.cl\/sites\/vc\/wp-content\/uploads\/2025\/03\/Henri-el-ultimo-pirata-2-24x17.jpeg 24w, https:\/\/dev.antudigital.cl\/sites\/vc\/wp-content\/uploads\/2025\/03\/Henri-el-ultimo-pirata-2-36x25.jpeg 36w, https:\/\/dev.antudigital.cl\/sites\/vc\/wp-content\/uploads\/2025\/03\/Henri-el-ultimo-pirata-2-48x33.jpeg 48w, https:\/\/dev.antudigital.cl\/sites\/vc\/wp-content\/uploads\/2025\/03\/Henri-el-ultimo-pirata-2.jpeg 1600w\" sizes=\"(max-width: 1024px) 100vw, 1024px\" \/><\/figure>\n\n\n\n<p>A trav\u00e9s de un viaje, el hijo de Henri (Loti) intenta comprender a su padre y sanar su p\u00e9rdida, comprendiendo su esp\u00edritu inquieto, aventura y frustraciones. Pareciera que el verdadero tesoro del director es el material que tiene en sus manos y no el de su pirata Henri, el hipn\u00f3tico protagonista. Cabe destacar que la m\u00fasica del documental fue compuesta por su hijo Loti Garc\u00eda Haoa y Pablo Yovane. Henri, el \u00faltimo pirata se proyectar\u00e1 adem\u00e1s los d\u00edas jueves 20 (17:00), s\u00e1bado 22 (19:30), mi\u00e9rcoles 26 (19:00) y s\u00e1bado 29 (19:30).<\/p>\n\n\n\n<p>El segundo estreno de la semana es Bernadette, pel\u00edcula de la directora francesa L\u00e9a Domenach que cuenta con la actuaci\u00f3n protag\u00f3nica de Catherine Deneuve en el rol de la esposa del expresidente Jacques Chirac. Fue nominada a mejor \u00d3pera Prima en los premios C\u00e9sar de Francia y est\u00e1 basada en hechos reales.<\/p>\n\n\n\n<figure class=\"wp-block-image size-large\"><img decoding=\"async\" width=\"1024\" height=\"768\" src=\"https:\/\/www.valparaisocreativo.cl\/wp-content\/uploads\/2025\/03\/Bernadette-3-1024x768.jpeg\" alt=\"\" class=\"wp-image-22303\" srcset=\"https:\/\/dev.antudigital.cl\/sites\/vc\/wp-content\/uploads\/2025\/03\/Bernadette-3-1024x768.jpeg 1024w, https:\/\/dev.antudigital.cl\/sites\/vc\/wp-content\/uploads\/2025\/03\/Bernadette-3-300x225.jpeg 300w, https:\/\/dev.antudigital.cl\/sites\/vc\/wp-content\/uploads\/2025\/03\/Bernadette-3-768x576.jpeg 768w, https:\/\/dev.antudigital.cl\/sites\/vc\/wp-content\/uploads\/2025\/03\/Bernadette-3-1536x1152.jpeg 1536w, https:\/\/dev.antudigital.cl\/sites\/vc\/wp-content\/uploads\/2025\/03\/Bernadette-3-510x382.jpeg 510w, https:\/\/dev.antudigital.cl\/sites\/vc\/wp-content\/uploads\/2025\/03\/Bernadette-3-1080x810.jpeg 1080w, https:\/\/dev.antudigital.cl\/sites\/vc\/wp-content\/uploads\/2025\/03\/Bernadette-3-1280x960.jpeg 1280w, https:\/\/dev.antudigital.cl\/sites\/vc\/wp-content\/uploads\/2025\/03\/Bernadette-3-980x735.jpeg 980w, https:\/\/dev.antudigital.cl\/sites\/vc\/wp-content\/uploads\/2025\/03\/Bernadette-3-480x360.jpeg 480w, https:\/\/dev.antudigital.cl\/sites\/vc\/wp-content\/uploads\/2025\/03\/Bernadette-3-24x18.jpeg 24w, https:\/\/dev.antudigital.cl\/sites\/vc\/wp-content\/uploads\/2025\/03\/Bernadette-3-36x27.jpeg 36w, https:\/\/dev.antudigital.cl\/sites\/vc\/wp-content\/uploads\/2025\/03\/Bernadette-3-48x36.jpeg 48w, https:\/\/dev.antudigital.cl\/sites\/vc\/wp-content\/uploads\/2025\/03\/Bernadette-3.jpeg 1600w\" sizes=\"(max-width: 1024px) 100vw, 1024px\" \/><\/figure>\n\n\n\n<p>La cinta se centra en Bernadette Chirac, esposa del expresidente franc\u00e9s Jacques Chirac. Cuando lleg\u00f3 al El\u00edseo, Bernadette esperaba obtener por fin el lugar que merec\u00eda, tras haber trabajado siempre a la sombra de su marido para convertirlo en presidente de la Rep\u00fablica. Pero calificada como anticuada y antip\u00e1tica, Bernadette decidi\u00f3 vengarse convirti\u00e9ndose en una importante figura medi\u00e1tica. Este film se estrena el s\u00e1bado 22 (17:30) y tendr\u00e1 m\u00e1s proyecciones los d\u00edas martes 25 (17:45) y domingo 30 (15:00).<\/p>\n\n\n\n<p>Finalmente, INSOMNIA prepara el reestreno de la trilog\u00eda francesa m\u00e1s famosa en la historia del cine: Tres colores, emulando los colores de la bandera francesa bleu, blanc y rouge, el director propone tres historias que reflexionan o parodian los pilares fundamentales de la naci\u00f3n: libertad, igualdad y fraternidad.<\/p>\n\n\n\n<p>Tres colores: Azul, es la primera pel\u00edcula de la trilog\u00eda, estrenada en 1993, narra el accidente en coche en donde Julie pierde a su marido Patrice, un prestigioso compositor, y a su hija Anna. Al recuperarse de sus lesiones, decide comenzar una nueva vida, independiente, solitaria y an\u00f3nima, alejada de los privilegios que antes disfrutaba. Olivier, el ayudante de Patrice, intenta sacarla de su aislamiento. Olivier est\u00e1 enamorado de ella desde hace muchos a\u00f1os y acaba convenci\u00e9ndola para que termine el \u00abConcierto para Europa\u00bb, una ambiciosa obra inacabada de Patrice. Proyecciones los d\u00edas jueves 20 (19:00) y mi\u00e9rcoles 26 (17:00).<\/p>\n\n\n\n<p>En \u201cTres colores: blanco\u201d conocemos a la actriz Julie Delpy, ella interpreta a Karol, quien ama profundamente a Dominique, pero lo abandona debido a que \u00e9l sufre un problema de impotencia. Entonces decide volver, con su amigo Nikolai, a su Polonia natal. Esta pel\u00edcula se exhibir\u00e1 los d\u00edas viernes 21 (19:00) y s\u00e1bado 29 (18:00).<\/p>\n\n\n\n<p>Finalmente, \u201cTres colores: rojo\u201d, recibi\u00f3 nominaciones a los premios Oscar a mejor director, gui\u00f3n original y fotograf\u00eda. Valentina, una joven estudiante que se gana la vida como modelo, salva la vida de un perro atropellado por un coche. La b\u00fasqueda de su due\u00f1o la conduce a un juez jubilado que tiene una extra\u00f1a obsesi\u00f3n: escuchar las conversaciones telef\u00f3nicas de sus vecinos. Si antes el espionaje telef\u00f3nico formaba parte de su trabajo, ahora se ha convertido en un vicio. A Valentina le desagrada la conducta del hombre, pero no puede evitar ir a verlo. La pel\u00edcula se proyectar\u00e1 los d\u00edas domingo 23 (15:00) y lunes 31 (18:00).<\/p>\n","protected":false},"excerpt":{"rendered":"<p>El cine franc\u00e9s y sus protagonistas se toman los estrenos de esta semana en INSOMNIA Teatro Condell con \u201cHenri, el \u00faltimo pirata\u201d documental de Juli\u00e1n Fern\u00e1ndez sobre un buzo franc\u00e9s que decide quedarse a vivir en Rapanui, \u201cBernadette\u201d una comedia de L\u00e9a Domenach sobre la esposa del expresidente Jacques Chirac y el reestreno de la [&hellip;]<\/p>\n","protected":false},"author":1,"featured_media":22304,"comment_status":"closed","ping_status":"closed","sticky":false,"template":"","format":"standard","meta":{"_acf_changed":false,"footnotes":""},"categories":[8],"tags":[],"class_list":["post-22302","post","type-post","status-publish","format-standard","has-post-thumbnail","hentry","category-noticia"],"acf":[],"yoast_head":"<!-- This site is optimized with the Yoast SEO plugin v27.1.1 - https:\/\/yoast.com\/product\/yoast-seo-wordpress\/ -->\n<title>INSOMNIA estrena con cine foro Henri, el \u00faltimo pirata y Bernadette comedia francesa de L\u00e9a Domenach - Valpara\u00ed\u00adso Creativo<\/title>\n<meta name=\"robots\" content=\"index, follow, max-snippet:-1, max-image-preview:large, max-video-preview:-1\" \/>\n<link rel=\"canonical\" href=\"https:\/\/dev.antudigital.cl\/sites\/vc\/insomnia-estrena-con-cine-foro-henri-el-ultimo-pirata-y-bernadette-comedia-francesa-de-lea-domenach\/\" \/>\n<meta property=\"og:locale\" content=\"es_ES\" \/>\n<meta property=\"og:type\" content=\"article\" \/>\n<meta property=\"og:title\" content=\"INSOMNIA estrena con cine foro Henri, el \u00faltimo pirata y Bernadette comedia francesa de L\u00e9a Domenach - Valpara\u00ed\u00adso Creativo\" \/>\n<meta property=\"og:description\" content=\"El cine franc\u00e9s y sus protagonistas se toman los estrenos de esta semana en INSOMNIA Teatro Condell con \u201cHenri, el \u00faltimo pirata\u201d documental de Juli\u00e1n Fern\u00e1ndez sobre un buzo franc\u00e9s que decide quedarse a vivir en Rapanui, \u201cBernadette\u201d una comedia de L\u00e9a Domenach sobre la esposa del expresidente Jacques Chirac y el reestreno de la [&hellip;]\" \/>\n<meta property=\"og:url\" content=\"https:\/\/dev.antudigital.cl\/sites\/vc\/insomnia-estrena-con-cine-foro-henri-el-ultimo-pirata-y-bernadette-comedia-francesa-de-lea-domenach\/\" \/>\n<meta property=\"og:site_name\" content=\"Valpara\u00ed\u00adso Creativo\" \/>\n<meta property=\"article:published_time\" content=\"2025-03-17T18:29:28+00:00\" \/>\n<meta property=\"article:modified_time\" content=\"2025-03-17T18:31:52+00:00\" \/>\n<meta property=\"og:image\" content=\"https:\/\/dev.antudigital.cl\/sites\/vc\/wp-content\/uploads\/2025\/03\/Henri-el-ultimo-pirata-1.jpeg\" \/>\n\t<meta property=\"og:image:width\" content=\"1600\" \/>\n\t<meta property=\"og:image:height\" content=\"1106\" \/>\n\t<meta property=\"og:image:type\" content=\"image\/jpeg\" \/>\n<meta name=\"author\" content=\"Valpara\u00edso Creativo\" \/>\n<meta name=\"twitter:card\" content=\"summary_large_image\" \/>\n<meta name=\"twitter:label1\" content=\"Escrito por\" \/>\n\t<meta name=\"twitter:data1\" content=\"Valpara\u00edso Creativo\" \/>\n\t<meta name=\"twitter:label2\" content=\"Tiempo de lectura\" \/>\n\t<meta name=\"twitter:data2\" content=\"4 minutos\" \/>\n<script type=\"application\/ld+json\" class=\"yoast-schema-graph\">{\"@context\":\"https:\/\/schema.org\",\"@graph\":[{\"@type\":\"Article\",\"@id\":\"https:\/\/dev.antudigital.cl\/sites\/vc\/insomnia-estrena-con-cine-foro-henri-el-ultimo-pirata-y-bernadette-comedia-francesa-de-lea-domenach\/#article\",\"isPartOf\":{\"@id\":\"https:\/\/dev.antudigital.cl\/sites\/vc\/insomnia-estrena-con-cine-foro-henri-el-ultimo-pirata-y-bernadette-comedia-francesa-de-lea-domenach\/\"},\"author\":{\"name\":\"Valpara\u00edso Creativo\",\"@id\":\"https:\/\/dev.antudigital.cl\/sites\/vc\/#\/schema\/person\/c2b9da8dd545e27166fc5ab232837318\"},\"headline\":\"INSOMNIA estrena con cine foro Henri, el \u00faltimo pirata y Bernadette comedia francesa de L\u00e9a Domenach\",\"datePublished\":\"2025-03-17T18:29:28+00:00\",\"dateModified\":\"2025-03-17T18:31:52+00:00\",\"mainEntityOfPage\":{\"@id\":\"https:\/\/dev.antudigital.cl\/sites\/vc\/insomnia-estrena-con-cine-foro-henri-el-ultimo-pirata-y-bernadette-comedia-francesa-de-lea-domenach\/\"},\"wordCount\":757,\"image\":{\"@id\":\"https:\/\/dev.antudigital.cl\/sites\/vc\/insomnia-estrena-con-cine-foro-henri-el-ultimo-pirata-y-bernadette-comedia-francesa-de-lea-domenach\/#primaryimage\"},\"thumbnailUrl\":\"https:\/\/dev.antudigital.cl\/sites\/vc\/wp-content\/uploads\/2025\/03\/Henri-el-ultimo-pirata-1.jpeg\",\"articleSection\":[\"Noticia\"],\"inLanguage\":\"es\"},{\"@type\":\"WebPage\",\"@id\":\"https:\/\/dev.antudigital.cl\/sites\/vc\/insomnia-estrena-con-cine-foro-henri-el-ultimo-pirata-y-bernadette-comedia-francesa-de-lea-domenach\/\",\"url\":\"https:\/\/dev.antudigital.cl\/sites\/vc\/insomnia-estrena-con-cine-foro-henri-el-ultimo-pirata-y-bernadette-comedia-francesa-de-lea-domenach\/\",\"name\":\"INSOMNIA estrena con cine foro Henri, el \u00faltimo pirata y Bernadette comedia francesa de L\u00e9a Domenach - Valpara\u00ed\u00adso Creativo\",\"isPartOf\":{\"@id\":\"https:\/\/dev.antudigital.cl\/sites\/vc\/#website\"},\"primaryImageOfPage\":{\"@id\":\"https:\/\/dev.antudigital.cl\/sites\/vc\/insomnia-estrena-con-cine-foro-henri-el-ultimo-pirata-y-bernadette-comedia-francesa-de-lea-domenach\/#primaryimage\"},\"image\":{\"@id\":\"https:\/\/dev.antudigital.cl\/sites\/vc\/insomnia-estrena-con-cine-foro-henri-el-ultimo-pirata-y-bernadette-comedia-francesa-de-lea-domenach\/#primaryimage\"},\"thumbnailUrl\":\"https:\/\/dev.antudigital.cl\/sites\/vc\/wp-content\/uploads\/2025\/03\/Henri-el-ultimo-pirata-1.jpeg\",\"datePublished\":\"2025-03-17T18:29:28+00:00\",\"dateModified\":\"2025-03-17T18:31:52+00:00\",\"author\":{\"@id\":\"https:\/\/dev.antudigital.cl\/sites\/vc\/#\/schema\/person\/c2b9da8dd545e27166fc5ab232837318\"},\"breadcrumb\":{\"@id\":\"https:\/\/dev.antudigital.cl\/sites\/vc\/insomnia-estrena-con-cine-foro-henri-el-ultimo-pirata-y-bernadette-comedia-francesa-de-lea-domenach\/#breadcrumb\"},\"inLanguage\":\"es\",\"potentialAction\":[{\"@type\":\"ReadAction\",\"target\":[\"https:\/\/dev.antudigital.cl\/sites\/vc\/insomnia-estrena-con-cine-foro-henri-el-ultimo-pirata-y-bernadette-comedia-francesa-de-lea-domenach\/\"]}]},{\"@type\":\"ImageObject\",\"inLanguage\":\"es\",\"@id\":\"https:\/\/dev.antudigital.cl\/sites\/vc\/insomnia-estrena-con-cine-foro-henri-el-ultimo-pirata-y-bernadette-comedia-francesa-de-lea-domenach\/#primaryimage\",\"url\":\"https:\/\/dev.antudigital.cl\/sites\/vc\/wp-content\/uploads\/2025\/03\/Henri-el-ultimo-pirata-1.jpeg\",\"contentUrl\":\"https:\/\/dev.antudigital.cl\/sites\/vc\/wp-content\/uploads\/2025\/03\/Henri-el-ultimo-pirata-1.jpeg\",\"width\":1600,\"height\":1106},{\"@type\":\"BreadcrumbList\",\"@id\":\"https:\/\/dev.antudigital.cl\/sites\/vc\/insomnia-estrena-con-cine-foro-henri-el-ultimo-pirata-y-bernadette-comedia-francesa-de-lea-domenach\/#breadcrumb\",\"itemListElement\":[{\"@type\":\"ListItem\",\"position\":1,\"name\":\"Home\",\"item\":\"https:\/\/dev.antudigital.cl\/sites\/vc\/\"},{\"@type\":\"ListItem\",\"position\":2,\"name\":\"INSOMNIA estrena con cine foro Henri, el \u00faltimo pirata y Bernadette comedia francesa de L\u00e9a Domenach\"}]},{\"@type\":\"WebSite\",\"@id\":\"https:\/\/dev.antudigital.cl\/sites\/vc\/#website\",\"url\":\"https:\/\/dev.antudigital.cl\/sites\/vc\/\",\"name\":\"Valpara\u00ed\u00adso Creativo\",\"description\":\"\",\"potentialAction\":[{\"@type\":\"SearchAction\",\"target\":{\"@type\":\"EntryPoint\",\"urlTemplate\":\"https:\/\/dev.antudigital.cl\/sites\/vc\/?s={search_term_string}\"},\"query-input\":{\"@type\":\"PropertyValueSpecification\",\"valueRequired\":true,\"valueName\":\"search_term_string\"}}],\"inLanguage\":\"es\"},{\"@type\":\"Person\",\"@id\":\"https:\/\/dev.antudigital.cl\/sites\/vc\/#\/schema\/person\/c2b9da8dd545e27166fc5ab232837318\",\"name\":\"Valpara\u00edso Creativo\",\"description\":\"Periodista de cultura en la Regi\u00f3n de Valpara\u00edso.\",\"url\":\"https:\/\/dev.antudigital.cl\/sites\/vc\/author\/valpoadmin\/\"}]}<\/script>\n<!-- \/ Yoast SEO plugin. -->","yoast_head_json":{"title":"INSOMNIA estrena con cine foro Henri, el \u00faltimo pirata y Bernadette comedia francesa de L\u00e9a Domenach - Valpara\u00ed\u00adso Creativo","robots":{"index":"index","follow":"follow","max-snippet":"max-snippet:-1","max-image-preview":"max-image-preview:large","max-video-preview":"max-video-preview:-1"},"canonical":"https:\/\/dev.antudigital.cl\/sites\/vc\/insomnia-estrena-con-cine-foro-henri-el-ultimo-pirata-y-bernadette-comedia-francesa-de-lea-domenach\/","og_locale":"es_ES","og_type":"article","og_title":"INSOMNIA estrena con cine foro Henri, el \u00faltimo pirata y Bernadette comedia francesa de L\u00e9a Domenach - Valpara\u00ed\u00adso Creativo","og_description":"El cine franc\u00e9s y sus protagonistas se toman los estrenos de esta semana en INSOMNIA Teatro Condell con \u201cHenri, el \u00faltimo pirata\u201d documental de Juli\u00e1n Fern\u00e1ndez sobre un buzo franc\u00e9s que decide quedarse a vivir en Rapanui, \u201cBernadette\u201d una comedia de L\u00e9a Domenach sobre la esposa del expresidente Jacques Chirac y el reestreno de la [&hellip;]","og_url":"https:\/\/dev.antudigital.cl\/sites\/vc\/insomnia-estrena-con-cine-foro-henri-el-ultimo-pirata-y-bernadette-comedia-francesa-de-lea-domenach\/","og_site_name":"Valpara\u00ed\u00adso Creativo","article_published_time":"2025-03-17T18:29:28+00:00","article_modified_time":"2025-03-17T18:31:52+00:00","og_image":[{"width":1600,"height":1106,"url":"https:\/\/dev.antudigital.cl\/sites\/vc\/wp-content\/uploads\/2025\/03\/Henri-el-ultimo-pirata-1.jpeg","type":"image\/jpeg"}],"author":"Valpara\u00edso Creativo","twitter_card":"summary_large_image","twitter_misc":{"Escrito por":"Valpara\u00edso Creativo","Tiempo de lectura":"4 minutos"},"schema":{"@context":"https:\/\/schema.org","@graph":[{"@type":"Article","@id":"https:\/\/dev.antudigital.cl\/sites\/vc\/insomnia-estrena-con-cine-foro-henri-el-ultimo-pirata-y-bernadette-comedia-francesa-de-lea-domenach\/#article","isPartOf":{"@id":"https:\/\/dev.antudigital.cl\/sites\/vc\/insomnia-estrena-con-cine-foro-henri-el-ultimo-pirata-y-bernadette-comedia-francesa-de-lea-domenach\/"},"author":{"name":"Valpara\u00edso Creativo","@id":"https:\/\/dev.antudigital.cl\/sites\/vc\/#\/schema\/person\/c2b9da8dd545e27166fc5ab232837318"},"headline":"INSOMNIA estrena con cine foro Henri, el \u00faltimo pirata y Bernadette comedia francesa de L\u00e9a Domenach","datePublished":"2025-03-17T18:29:28+00:00","dateModified":"2025-03-17T18:31:52+00:00","mainEntityOfPage":{"@id":"https:\/\/dev.antudigital.cl\/sites\/vc\/insomnia-estrena-con-cine-foro-henri-el-ultimo-pirata-y-bernadette-comedia-francesa-de-lea-domenach\/"},"wordCount":757,"image":{"@id":"https:\/\/dev.antudigital.cl\/sites\/vc\/insomnia-estrena-con-cine-foro-henri-el-ultimo-pirata-y-bernadette-comedia-francesa-de-lea-domenach\/#primaryimage"},"thumbnailUrl":"https:\/\/dev.antudigital.cl\/sites\/vc\/wp-content\/uploads\/2025\/03\/Henri-el-ultimo-pirata-1.jpeg","articleSection":["Noticia"],"inLanguage":"es"},{"@type":"WebPage","@id":"https:\/\/dev.antudigital.cl\/sites\/vc\/insomnia-estrena-con-cine-foro-henri-el-ultimo-pirata-y-bernadette-comedia-francesa-de-lea-domenach\/","url":"https:\/\/dev.antudigital.cl\/sites\/vc\/insomnia-estrena-con-cine-foro-henri-el-ultimo-pirata-y-bernadette-comedia-francesa-de-lea-domenach\/","name":"INSOMNIA estrena con cine foro Henri, el \u00faltimo pirata y Bernadette comedia francesa de L\u00e9a Domenach - Valpara\u00ed\u00adso Creativo","isPartOf":{"@id":"https:\/\/dev.antudigital.cl\/sites\/vc\/#website"},"primaryImageOfPage":{"@id":"https:\/\/dev.antudigital.cl\/sites\/vc\/insomnia-estrena-con-cine-foro-henri-el-ultimo-pirata-y-bernadette-comedia-francesa-de-lea-domenach\/#primaryimage"},"image":{"@id":"https:\/\/dev.antudigital.cl\/sites\/vc\/insomnia-estrena-con-cine-foro-henri-el-ultimo-pirata-y-bernadette-comedia-francesa-de-lea-domenach\/#primaryimage"},"thumbnailUrl":"https:\/\/dev.antudigital.cl\/sites\/vc\/wp-content\/uploads\/2025\/03\/Henri-el-ultimo-pirata-1.jpeg","datePublished":"2025-03-17T18:29:28+00:00","dateModified":"2025-03-17T18:31:52+00:00","author":{"@id":"https:\/\/dev.antudigital.cl\/sites\/vc\/#\/schema\/person\/c2b9da8dd545e27166fc5ab232837318"},"breadcrumb":{"@id":"https:\/\/dev.antudigital.cl\/sites\/vc\/insomnia-estrena-con-cine-foro-henri-el-ultimo-pirata-y-bernadette-comedia-francesa-de-lea-domenach\/#breadcrumb"},"inLanguage":"es","potentialAction":[{"@type":"ReadAction","target":["https:\/\/dev.antudigital.cl\/sites\/vc\/insomnia-estrena-con-cine-foro-henri-el-ultimo-pirata-y-bernadette-comedia-francesa-de-lea-domenach\/"]}]},{"@type":"ImageObject","inLanguage":"es","@id":"https:\/\/dev.antudigital.cl\/sites\/vc\/insomnia-estrena-con-cine-foro-henri-el-ultimo-pirata-y-bernadette-comedia-francesa-de-lea-domenach\/#primaryimage","url":"https:\/\/dev.antudigital.cl\/sites\/vc\/wp-content\/uploads\/2025\/03\/Henri-el-ultimo-pirata-1.jpeg","contentUrl":"https:\/\/dev.antudigital.cl\/sites\/vc\/wp-content\/uploads\/2025\/03\/Henri-el-ultimo-pirata-1.jpeg","width":1600,"height":1106},{"@type":"BreadcrumbList","@id":"https:\/\/dev.antudigital.cl\/sites\/vc\/insomnia-estrena-con-cine-foro-henri-el-ultimo-pirata-y-bernadette-comedia-francesa-de-lea-domenach\/#breadcrumb","itemListElement":[{"@type":"ListItem","position":1,"name":"Home","item":"https:\/\/dev.antudigital.cl\/sites\/vc\/"},{"@type":"ListItem","position":2,"name":"INSOMNIA estrena con cine foro Henri, el \u00faltimo pirata y Bernadette comedia francesa de L\u00e9a Domenach"}]},{"@type":"WebSite","@id":"https:\/\/dev.antudigital.cl\/sites\/vc\/#website","url":"https:\/\/dev.antudigital.cl\/sites\/vc\/","name":"Valpara\u00ed\u00adso Creativo","description":"","potentialAction":[{"@type":"SearchAction","target":{"@type":"EntryPoint","urlTemplate":"https:\/\/dev.antudigital.cl\/sites\/vc\/?s={search_term_string}"},"query-input":{"@type":"PropertyValueSpecification","valueRequired":true,"valueName":"search_term_string"}}],"inLanguage":"es"},{"@type":"Person","@id":"https:\/\/dev.antudigital.cl\/sites\/vc\/#\/schema\/person\/c2b9da8dd545e27166fc5ab232837318","name":"Valpara\u00edso Creativo","description":"Periodista de cultura en la Regi\u00f3n de Valpara\u00edso.","url":"https:\/\/dev.antudigital.cl\/sites\/vc\/author\/valpoadmin\/"}]}},"_links":{"self":[{"href":"https:\/\/dev.antudigital.cl\/sites\/vc\/wp-json\/wp\/v2\/posts\/22302","targetHints":{"allow":["GET"]}}],"collection":[{"href":"https:\/\/dev.antudigital.cl\/sites\/vc\/wp-json\/wp\/v2\/posts"}],"about":[{"href":"https:\/\/dev.antudigital.cl\/sites\/vc\/wp-json\/wp\/v2\/types\/post"}],"author":[{"embeddable":true,"href":"https:\/\/dev.antudigital.cl\/sites\/vc\/wp-json\/wp\/v2\/users\/1"}],"replies":[{"embeddable":true,"href":"https:\/\/dev.antudigital.cl\/sites\/vc\/wp-json\/wp\/v2\/comments?post=22302"}],"version-history":[{"count":2,"href":"https:\/\/dev.antudigital.cl\/sites\/vc\/wp-json\/wp\/v2\/posts\/22302\/revisions"}],"predecessor-version":[{"id":22308,"href":"https:\/\/dev.antudigital.cl\/sites\/vc\/wp-json\/wp\/v2\/posts\/22302\/revisions\/22308"}],"wp:featuredmedia":[{"embeddable":true,"href":"https:\/\/dev.antudigital.cl\/sites\/vc\/wp-json\/wp\/v2\/media\/22304"}],"wp:attachment":[{"href":"https:\/\/dev.antudigital.cl\/sites\/vc\/wp-json\/wp\/v2\/media?parent=22302"}],"wp:term":[{"taxonomy":"category","embeddable":true,"href":"https:\/\/dev.antudigital.cl\/sites\/vc\/wp-json\/wp\/v2\/categories?post=22302"},{"taxonomy":"post_tag","embeddable":true,"href":"https:\/\/dev.antudigital.cl\/sites\/vc\/wp-json\/wp\/v2\/tags?post=22302"}],"curies":[{"name":"wp","href":"https:\/\/api.w.org\/{rel}","templated":true}]}}