{"id":22309,"date":"2025-03-17T18:34:58","date_gmt":"2025-03-17T18:34:58","guid":{"rendered":"https:\/\/www.valparaisocreativo.cl\/?p=22309"},"modified":"2025-03-17T18:35:25","modified_gmt":"2025-03-17T18:35:25","slug":"fabi-lanza-perder-en-el-teatro-del-parque-cultural-de-valparaiso","status":"publish","type":"post","link":"https:\/\/dev.antudigital.cl\/sites\/vc\/fabi-lanza-perder-en-el-teatro-del-parque-cultural-de-valparaiso\/","title":{"rendered":"FABI lanza \u00abperder\u00bb en el Teatro del Parque Cultural de Valpara\u00edso"},"content":{"rendered":"\n<p>El esperado estreno en vivo del \u00e1lbum&nbsp;<strong>\u00abPerder\u00bb<\/strong>&nbsp;llega a Valpara\u00edso. Luego de su lanzamiento en plataformas el 15 de noviembre pasado, FABI nos invita a vivir una experiencia \u00fanica, con la participaci\u00f3n de grandes artistas como&nbsp;<strong>Andr\u00e9s Landon, Natis\u00fa, Valentina Rodr\u00edguez, Alfredo Tauber, Alejandro Pino y Lorena Blume (Per\u00fa).<\/strong><\/p>\n\n\n\n<figure class=\"wp-block-image aligncenter size-full is-resized\"><img fetchpriority=\"high\" decoding=\"async\" width=\"1000\" height=\"1000\" src=\"https:\/\/www.valparaisocreativo.cl\/wp-content\/uploads\/2025\/03\/unnamed56.jpeg\" alt=\"\" class=\"wp-image-22310\" style=\"width:522px;height:auto\" srcset=\"https:\/\/dev.antudigital.cl\/sites\/vc\/wp-content\/uploads\/2025\/03\/unnamed56.jpeg 1000w, https:\/\/dev.antudigital.cl\/sites\/vc\/wp-content\/uploads\/2025\/03\/unnamed56-300x300.jpeg 300w, https:\/\/dev.antudigital.cl\/sites\/vc\/wp-content\/uploads\/2025\/03\/unnamed56-150x150.jpeg 150w, https:\/\/dev.antudigital.cl\/sites\/vc\/wp-content\/uploads\/2025\/03\/unnamed56-768x768.jpeg 768w, https:\/\/dev.antudigital.cl\/sites\/vc\/wp-content\/uploads\/2025\/03\/unnamed56-980x980.jpeg 980w, https:\/\/dev.antudigital.cl\/sites\/vc\/wp-content\/uploads\/2025\/03\/unnamed56-480x480.jpeg 480w, https:\/\/dev.antudigital.cl\/sites\/vc\/wp-content\/uploads\/2025\/03\/unnamed56-24x24.jpeg 24w, https:\/\/dev.antudigital.cl\/sites\/vc\/wp-content\/uploads\/2025\/03\/unnamed56-36x36.jpeg 36w, https:\/\/dev.antudigital.cl\/sites\/vc\/wp-content\/uploads\/2025\/03\/unnamed56-48x48.jpeg 48w\" sizes=\"(max-width: 1000px) 100vw, 1000px\" \/><\/figure>\n\n\n\n<p>Ven a disfrutar de un espect\u00e1culo inolvidable, donde las canciones de este disco cobrar\u00e1n vida en el escenario, junto a sorpresas y grandes invitaciones de la escena porte\u00f1a y nacional.<\/p>\n\n\n\n<p><strong>\u00a1No te lo pierdas!<\/strong><\/p>\n\n\n\n<h2 class=\"wp-block-heading\"><a href=\"https:\/\/www.portaldisc.com\/evento\/lanzamientoperder?ref=portaltickets\">Consigue tus entradas aqu\u00ed.<\/a><\/h2>\n\n\n\n<figure class=\"wp-block-table\"><table class=\"has-fixed-layout\"><tbody><tr><td><strong>Fecha: Domingo 30 de marzo 2025, 18:00<\/strong><\/td><\/tr><tr><td><strong>Lugar: Parque Cultural de Valpara\u00edso, C\u00e1rcel 471, Valpara\u00edso<\/strong><\/td><\/tr><\/tbody><\/table><\/figure>\n","protected":false},"excerpt":{"rendered":"<p>El esperado estreno en vivo del \u00e1lbum&nbsp;\u00abPerder\u00bb&nbsp;llega a Valpara\u00edso. Luego de su lanzamiento en plataformas el 15 de noviembre pasado, FABI nos invita a vivir una experiencia \u00fanica, con la participaci\u00f3n de grandes artistas como&nbsp;Andr\u00e9s Landon, Natis\u00fa, Valentina Rodr\u00edguez, Alfredo Tauber, Alejandro Pino y Lorena Blume (Per\u00fa). Ven a disfrutar de un espect\u00e1culo inolvidable, donde [&hellip;]<\/p>\n","protected":false},"author":1,"featured_media":22311,"comment_status":"closed","ping_status":"closed","sticky":false,"template":"","format":"standard","meta":{"_acf_changed":false,"footnotes":""},"categories":[8],"tags":[],"class_list":["post-22309","post","type-post","status-publish","format-standard","has-post-thumbnail","hentry","category-noticia"],"acf":[],"yoast_head":"<!-- This site is optimized with the Yoast SEO plugin v27.1.1 - https:\/\/yoast.com\/product\/yoast-seo-wordpress\/ -->\n<title>FABI lanza &quot;perder&quot; en el Teatro del Parque Cultural de Valpara\u00edso - Valpara\u00ed\u00adso Creativo<\/title>\n<meta name=\"robots\" content=\"index, follow, max-snippet:-1, max-image-preview:large, max-video-preview:-1\" \/>\n<link rel=\"canonical\" href=\"https:\/\/dev.antudigital.cl\/sites\/vc\/fabi-lanza-perder-en-el-teatro-del-parque-cultural-de-valparaiso\/\" \/>\n<meta property=\"og:locale\" content=\"es_ES\" \/>\n<meta property=\"og:type\" content=\"article\" \/>\n<meta property=\"og:title\" content=\"FABI lanza &quot;perder&quot; en el Teatro del Parque Cultural de Valpara\u00edso - Valpara\u00ed\u00adso Creativo\" \/>\n<meta property=\"og:description\" content=\"El esperado estreno en vivo del \u00e1lbum&nbsp;\u00abPerder\u00bb&nbsp;llega a Valpara\u00edso. Luego de su lanzamiento en plataformas el 15 de noviembre pasado, FABI nos invita a vivir una experiencia \u00fanica, con la participaci\u00f3n de grandes artistas como&nbsp;Andr\u00e9s Landon, Natis\u00fa, Valentina Rodr\u00edguez, Alfredo Tauber, Alejandro Pino y Lorena Blume (Per\u00fa). Ven a disfrutar de un espect\u00e1culo inolvidable, donde [&hellip;]\" \/>\n<meta property=\"og:url\" content=\"https:\/\/dev.antudigital.cl\/sites\/vc\/fabi-lanza-perder-en-el-teatro-del-parque-cultural-de-valparaiso\/\" \/>\n<meta property=\"og:site_name\" content=\"Valpara\u00ed\u00adso Creativo\" \/>\n<meta property=\"article:published_time\" content=\"2025-03-17T18:34:58+00:00\" \/>\n<meta property=\"article:modified_time\" content=\"2025-03-17T18:35:25+00:00\" \/>\n<meta property=\"og:image\" content=\"https:\/\/dev.antudigital.cl\/sites\/vc\/wp-content\/uploads\/2025\/03\/Fabi_web.jpeg\" \/>\n\t<meta property=\"og:image:width\" content=\"1000\" \/>\n\t<meta property=\"og:image:height\" content=\"667\" \/>\n\t<meta property=\"og:image:type\" content=\"image\/jpeg\" \/>\n<meta name=\"author\" content=\"Valpara\u00edso Creativo\" \/>\n<meta name=\"twitter:card\" content=\"summary_large_image\" \/>\n<meta name=\"twitter:label1\" content=\"Escrito por\" \/>\n\t<meta name=\"twitter:data1\" content=\"Valpara\u00edso Creativo\" \/>\n\t<meta name=\"twitter:label2\" content=\"Tiempo de lectura\" \/>\n\t<meta name=\"twitter:data2\" content=\"1 minuto\" \/>\n<script type=\"application\/ld+json\" class=\"yoast-schema-graph\">{\"@context\":\"https:\/\/schema.org\",\"@graph\":[{\"@type\":\"Article\",\"@id\":\"https:\/\/dev.antudigital.cl\/sites\/vc\/fabi-lanza-perder-en-el-teatro-del-parque-cultural-de-valparaiso\/#article\",\"isPartOf\":{\"@id\":\"https:\/\/dev.antudigital.cl\/sites\/vc\/fabi-lanza-perder-en-el-teatro-del-parque-cultural-de-valparaiso\/\"},\"author\":{\"name\":\"Valpara\u00edso Creativo\",\"@id\":\"https:\/\/dev.antudigital.cl\/sites\/vc\/#\/schema\/person\/c2b9da8dd545e27166fc5ab232837318\"},\"headline\":\"FABI lanza \u00abperder\u00bb en el Teatro del Parque Cultural de Valpara\u00edso\",\"datePublished\":\"2025-03-17T18:34:58+00:00\",\"dateModified\":\"2025-03-17T18:35:25+00:00\",\"mainEntityOfPage\":{\"@id\":\"https:\/\/dev.antudigital.cl\/sites\/vc\/fabi-lanza-perder-en-el-teatro-del-parque-cultural-de-valparaiso\/\"},\"wordCount\":123,\"image\":{\"@id\":\"https:\/\/dev.antudigital.cl\/sites\/vc\/fabi-lanza-perder-en-el-teatro-del-parque-cultural-de-valparaiso\/#primaryimage\"},\"thumbnailUrl\":\"https:\/\/dev.antudigital.cl\/sites\/vc\/wp-content\/uploads\/2025\/03\/Fabi_web.jpeg\",\"articleSection\":[\"Noticia\"],\"inLanguage\":\"es\"},{\"@type\":\"WebPage\",\"@id\":\"https:\/\/dev.antudigital.cl\/sites\/vc\/fabi-lanza-perder-en-el-teatro-del-parque-cultural-de-valparaiso\/\",\"url\":\"https:\/\/dev.antudigital.cl\/sites\/vc\/fabi-lanza-perder-en-el-teatro-del-parque-cultural-de-valparaiso\/\",\"name\":\"FABI lanza \\\"perder\\\" en el Teatro del Parque Cultural de Valpara\u00edso - Valpara\u00ed\u00adso Creativo\",\"isPartOf\":{\"@id\":\"https:\/\/dev.antudigital.cl\/sites\/vc\/#website\"},\"primaryImageOfPage\":{\"@id\":\"https:\/\/dev.antudigital.cl\/sites\/vc\/fabi-lanza-perder-en-el-teatro-del-parque-cultural-de-valparaiso\/#primaryimage\"},\"image\":{\"@id\":\"https:\/\/dev.antudigital.cl\/sites\/vc\/fabi-lanza-perder-en-el-teatro-del-parque-cultural-de-valparaiso\/#primaryimage\"},\"thumbnailUrl\":\"https:\/\/dev.antudigital.cl\/sites\/vc\/wp-content\/uploads\/2025\/03\/Fabi_web.jpeg\",\"datePublished\":\"2025-03-17T18:34:58+00:00\",\"dateModified\":\"2025-03-17T18:35:25+00:00\",\"author\":{\"@id\":\"https:\/\/dev.antudigital.cl\/sites\/vc\/#\/schema\/person\/c2b9da8dd545e27166fc5ab232837318\"},\"breadcrumb\":{\"@id\":\"https:\/\/dev.antudigital.cl\/sites\/vc\/fabi-lanza-perder-en-el-teatro-del-parque-cultural-de-valparaiso\/#breadcrumb\"},\"inLanguage\":\"es\",\"potentialAction\":[{\"@type\":\"ReadAction\",\"target\":[\"https:\/\/dev.antudigital.cl\/sites\/vc\/fabi-lanza-perder-en-el-teatro-del-parque-cultural-de-valparaiso\/\"]}]},{\"@type\":\"ImageObject\",\"inLanguage\":\"es\",\"@id\":\"https:\/\/dev.antudigital.cl\/sites\/vc\/fabi-lanza-perder-en-el-teatro-del-parque-cultural-de-valparaiso\/#primaryimage\",\"url\":\"https:\/\/dev.antudigital.cl\/sites\/vc\/wp-content\/uploads\/2025\/03\/Fabi_web.jpeg\",\"contentUrl\":\"https:\/\/dev.antudigital.cl\/sites\/vc\/wp-content\/uploads\/2025\/03\/Fabi_web.jpeg\",\"width\":1000,\"height\":667},{\"@type\":\"BreadcrumbList\",\"@id\":\"https:\/\/dev.antudigital.cl\/sites\/vc\/fabi-lanza-perder-en-el-teatro-del-parque-cultural-de-valparaiso\/#breadcrumb\",\"itemListElement\":[{\"@type\":\"ListItem\",\"position\":1,\"name\":\"Home\",\"item\":\"https:\/\/dev.antudigital.cl\/sites\/vc\/\"},{\"@type\":\"ListItem\",\"position\":2,\"name\":\"FABI lanza \u00abperder\u00bb en el Teatro del Parque Cultural de Valpara\u00edso\"}]},{\"@type\":\"WebSite\",\"@id\":\"https:\/\/dev.antudigital.cl\/sites\/vc\/#website\",\"url\":\"https:\/\/dev.antudigital.cl\/sites\/vc\/\",\"name\":\"Valpara\u00ed\u00adso Creativo\",\"description\":\"\",\"potentialAction\":[{\"@type\":\"SearchAction\",\"target\":{\"@type\":\"EntryPoint\",\"urlTemplate\":\"https:\/\/dev.antudigital.cl\/sites\/vc\/?s={search_term_string}\"},\"query-input\":{\"@type\":\"PropertyValueSpecification\",\"valueRequired\":true,\"valueName\":\"search_term_string\"}}],\"inLanguage\":\"es\"},{\"@type\":\"Person\",\"@id\":\"https:\/\/dev.antudigital.cl\/sites\/vc\/#\/schema\/person\/c2b9da8dd545e27166fc5ab232837318\",\"name\":\"Valpara\u00edso Creativo\",\"description\":\"Periodista de cultura en la Regi\u00f3n de Valpara\u00edso.\",\"url\":\"https:\/\/dev.antudigital.cl\/sites\/vc\/author\/valpoadmin\/\"}]}<\/script>\n<!-- \/ Yoast SEO plugin. -->","yoast_head_json":{"title":"FABI lanza \"perder\" en el Teatro del Parque Cultural de Valpara\u00edso - Valpara\u00ed\u00adso Creativo","robots":{"index":"index","follow":"follow","max-snippet":"max-snippet:-1","max-image-preview":"max-image-preview:large","max-video-preview":"max-video-preview:-1"},"canonical":"https:\/\/dev.antudigital.cl\/sites\/vc\/fabi-lanza-perder-en-el-teatro-del-parque-cultural-de-valparaiso\/","og_locale":"es_ES","og_type":"article","og_title":"FABI lanza \"perder\" en el Teatro del Parque Cultural de Valpara\u00edso - Valpara\u00ed\u00adso Creativo","og_description":"El esperado estreno en vivo del \u00e1lbum&nbsp;\u00abPerder\u00bb&nbsp;llega a Valpara\u00edso. Luego de su lanzamiento en plataformas el 15 de noviembre pasado, FABI nos invita a vivir una experiencia \u00fanica, con la participaci\u00f3n de grandes artistas como&nbsp;Andr\u00e9s Landon, Natis\u00fa, Valentina Rodr\u00edguez, Alfredo Tauber, Alejandro Pino y Lorena Blume (Per\u00fa). Ven a disfrutar de un espect\u00e1culo inolvidable, donde [&hellip;]","og_url":"https:\/\/dev.antudigital.cl\/sites\/vc\/fabi-lanza-perder-en-el-teatro-del-parque-cultural-de-valparaiso\/","og_site_name":"Valpara\u00ed\u00adso Creativo","article_published_time":"2025-03-17T18:34:58+00:00","article_modified_time":"2025-03-17T18:35:25+00:00","og_image":[{"width":1000,"height":667,"url":"https:\/\/dev.antudigital.cl\/sites\/vc\/wp-content\/uploads\/2025\/03\/Fabi_web.jpeg","type":"image\/jpeg"}],"author":"Valpara\u00edso Creativo","twitter_card":"summary_large_image","twitter_misc":{"Escrito por":"Valpara\u00edso Creativo","Tiempo de lectura":"1 minuto"},"schema":{"@context":"https:\/\/schema.org","@graph":[{"@type":"Article","@id":"https:\/\/dev.antudigital.cl\/sites\/vc\/fabi-lanza-perder-en-el-teatro-del-parque-cultural-de-valparaiso\/#article","isPartOf":{"@id":"https:\/\/dev.antudigital.cl\/sites\/vc\/fabi-lanza-perder-en-el-teatro-del-parque-cultural-de-valparaiso\/"},"author":{"name":"Valpara\u00edso Creativo","@id":"https:\/\/dev.antudigital.cl\/sites\/vc\/#\/schema\/person\/c2b9da8dd545e27166fc5ab232837318"},"headline":"FABI lanza \u00abperder\u00bb en el Teatro del Parque Cultural de Valpara\u00edso","datePublished":"2025-03-17T18:34:58+00:00","dateModified":"2025-03-17T18:35:25+00:00","mainEntityOfPage":{"@id":"https:\/\/dev.antudigital.cl\/sites\/vc\/fabi-lanza-perder-en-el-teatro-del-parque-cultural-de-valparaiso\/"},"wordCount":123,"image":{"@id":"https:\/\/dev.antudigital.cl\/sites\/vc\/fabi-lanza-perder-en-el-teatro-del-parque-cultural-de-valparaiso\/#primaryimage"},"thumbnailUrl":"https:\/\/dev.antudigital.cl\/sites\/vc\/wp-content\/uploads\/2025\/03\/Fabi_web.jpeg","articleSection":["Noticia"],"inLanguage":"es"},{"@type":"WebPage","@id":"https:\/\/dev.antudigital.cl\/sites\/vc\/fabi-lanza-perder-en-el-teatro-del-parque-cultural-de-valparaiso\/","url":"https:\/\/dev.antudigital.cl\/sites\/vc\/fabi-lanza-perder-en-el-teatro-del-parque-cultural-de-valparaiso\/","name":"FABI lanza \"perder\" en el Teatro del Parque Cultural de Valpara\u00edso - Valpara\u00ed\u00adso Creativo","isPartOf":{"@id":"https:\/\/dev.antudigital.cl\/sites\/vc\/#website"},"primaryImageOfPage":{"@id":"https:\/\/dev.antudigital.cl\/sites\/vc\/fabi-lanza-perder-en-el-teatro-del-parque-cultural-de-valparaiso\/#primaryimage"},"image":{"@id":"https:\/\/dev.antudigital.cl\/sites\/vc\/fabi-lanza-perder-en-el-teatro-del-parque-cultural-de-valparaiso\/#primaryimage"},"thumbnailUrl":"https:\/\/dev.antudigital.cl\/sites\/vc\/wp-content\/uploads\/2025\/03\/Fabi_web.jpeg","datePublished":"2025-03-17T18:34:58+00:00","dateModified":"2025-03-17T18:35:25+00:00","author":{"@id":"https:\/\/dev.antudigital.cl\/sites\/vc\/#\/schema\/person\/c2b9da8dd545e27166fc5ab232837318"},"breadcrumb":{"@id":"https:\/\/dev.antudigital.cl\/sites\/vc\/fabi-lanza-perder-en-el-teatro-del-parque-cultural-de-valparaiso\/#breadcrumb"},"inLanguage":"es","potentialAction":[{"@type":"ReadAction","target":["https:\/\/dev.antudigital.cl\/sites\/vc\/fabi-lanza-perder-en-el-teatro-del-parque-cultural-de-valparaiso\/"]}]},{"@type":"ImageObject","inLanguage":"es","@id":"https:\/\/dev.antudigital.cl\/sites\/vc\/fabi-lanza-perder-en-el-teatro-del-parque-cultural-de-valparaiso\/#primaryimage","url":"https:\/\/dev.antudigital.cl\/sites\/vc\/wp-content\/uploads\/2025\/03\/Fabi_web.jpeg","contentUrl":"https:\/\/dev.antudigital.cl\/sites\/vc\/wp-content\/uploads\/2025\/03\/Fabi_web.jpeg","width":1000,"height":667},{"@type":"BreadcrumbList","@id":"https:\/\/dev.antudigital.cl\/sites\/vc\/fabi-lanza-perder-en-el-teatro-del-parque-cultural-de-valparaiso\/#breadcrumb","itemListElement":[{"@type":"ListItem","position":1,"name":"Home","item":"https:\/\/dev.antudigital.cl\/sites\/vc\/"},{"@type":"ListItem","position":2,"name":"FABI lanza \u00abperder\u00bb en el Teatro del Parque Cultural de Valpara\u00edso"}]},{"@type":"WebSite","@id":"https:\/\/dev.antudigital.cl\/sites\/vc\/#website","url":"https:\/\/dev.antudigital.cl\/sites\/vc\/","name":"Valpara\u00ed\u00adso Creativo","description":"","potentialAction":[{"@type":"SearchAction","target":{"@type":"EntryPoint","urlTemplate":"https:\/\/dev.antudigital.cl\/sites\/vc\/?s={search_term_string}"},"query-input":{"@type":"PropertyValueSpecification","valueRequired":true,"valueName":"search_term_string"}}],"inLanguage":"es"},{"@type":"Person","@id":"https:\/\/dev.antudigital.cl\/sites\/vc\/#\/schema\/person\/c2b9da8dd545e27166fc5ab232837318","name":"Valpara\u00edso Creativo","description":"Periodista de cultura en la Regi\u00f3n de Valpara\u00edso.","url":"https:\/\/dev.antudigital.cl\/sites\/vc\/author\/valpoadmin\/"}]}},"_links":{"self":[{"href":"https:\/\/dev.antudigital.cl\/sites\/vc\/wp-json\/wp\/v2\/posts\/22309","targetHints":{"allow":["GET"]}}],"collection":[{"href":"https:\/\/dev.antudigital.cl\/sites\/vc\/wp-json\/wp\/v2\/posts"}],"about":[{"href":"https:\/\/dev.antudigital.cl\/sites\/vc\/wp-json\/wp\/v2\/types\/post"}],"author":[{"embeddable":true,"href":"https:\/\/dev.antudigital.cl\/sites\/vc\/wp-json\/wp\/v2\/users\/1"}],"replies":[{"embeddable":true,"href":"https:\/\/dev.antudigital.cl\/sites\/vc\/wp-json\/wp\/v2\/comments?post=22309"}],"version-history":[{"count":1,"href":"https:\/\/dev.antudigital.cl\/sites\/vc\/wp-json\/wp\/v2\/posts\/22309\/revisions"}],"predecessor-version":[{"id":22312,"href":"https:\/\/dev.antudigital.cl\/sites\/vc\/wp-json\/wp\/v2\/posts\/22309\/revisions\/22312"}],"wp:featuredmedia":[{"embeddable":true,"href":"https:\/\/dev.antudigital.cl\/sites\/vc\/wp-json\/wp\/v2\/media\/22311"}],"wp:attachment":[{"href":"https:\/\/dev.antudigital.cl\/sites\/vc\/wp-json\/wp\/v2\/media?parent=22309"}],"wp:term":[{"taxonomy":"category","embeddable":true,"href":"https:\/\/dev.antudigital.cl\/sites\/vc\/wp-json\/wp\/v2\/categories?post=22309"},{"taxonomy":"post_tag","embeddable":true,"href":"https:\/\/dev.antudigital.cl\/sites\/vc\/wp-json\/wp\/v2\/tags?post=22309"}],"curies":[{"name":"wp","href":"https:\/\/api.w.org\/{rel}","templated":true}]}}