{"id":22313,"date":"2025-03-17T18:38:35","date_gmt":"2025-03-17T18:38:35","guid":{"rendered":"https:\/\/www.valparaisocreativo.cl\/?p=22313"},"modified":"2025-03-17T18:39:04","modified_gmt":"2025-03-17T18:39:04","slug":"museo-artequin-vina-del-mar-inicia-el-ano-escolar-con-novedosas-visitas-guiadas-para-escuelas-y-agrupaciones","status":"publish","type":"post","link":"https:\/\/dev.antudigital.cl\/sites\/vc\/museo-artequin-vina-del-mar-inicia-el-ano-escolar-con-novedosas-visitas-guiadas-para-escuelas-y-agrupaciones\/","title":{"rendered":"Museo Artequin Vi\u00f1a del Mar inicia el a\u00f1o escolar con novedosas visitas guiadas para escuelas y agrupaciones"},"content":{"rendered":"\n<p>El museo educativo e interactivo Artequin de Vi\u00f1a del Mar, tras su ciclo de verano, vuelve con s\u00f3lidas y variadas visitas guiadas, dise\u00f1adas para acercar la historia del arte a ni\u00f1os, ni\u00f1as y j\u00f3venes de diferentes escuelas y agrupaciones de la Regi\u00f3n de Valpara\u00edso. La actual programaci\u00f3n ofrece experiencias l\u00fadicas y participativas explorando 16 tem\u00e1ticas diferentes tales como medioambiente, vanguardias, identidad, patrimonio, juegos en el museo, entre otras.<\/p>\n\n\n\n<p>Ubicado en Alcalde Prieto Nieto N\u00ba 500, en las dependencias del Parque Quinta Vergara, el museo invita a todas las familias, cursos y grupos sociales de infancias a explorar las galer\u00edas de arte con m\u00faltiples pinturas y juegos, promoviendo el aprendizaje a trav\u00e9s de la observaci\u00f3n, la experimentaci\u00f3n y el di\u00e1logo.<br><br>Las visitas guiadas est\u00e1n dirigidas a todos los niveles educativos y pueden adaptarse a las necesidades e intereses de cada grupo. En este sentido, la directora del museo, Macarena Ruiz, se\u00f1ala que \u201cen Artequin Vi\u00f1a del Mar creemos firmemente en el poder transformador del arte en la educaci\u00f3n. Nuestro compromiso se refleja en cada una de nuestras iniciativas que buscan acercar la cultura y las artes a ni\u00f1os, ni\u00f1as y j\u00f3venes de manera significativa y accesible\u00bb.<\/p>\n\n\n\n<figure class=\"wp-block-image aligncenter size-full is-resized\"><img fetchpriority=\"high\" decoding=\"async\" width=\"720\" height=\"908\" src=\"https:\/\/www.valparaisocreativo.cl\/wp-content\/uploads\/2025\/03\/itineranciaComp.jpg\" alt=\"\" class=\"wp-image-22314\" style=\"width:275px;height:auto\" srcset=\"https:\/\/dev.antudigital.cl\/sites\/vc\/wp-content\/uploads\/2025\/03\/itineranciaComp.jpg 720w, https:\/\/dev.antudigital.cl\/sites\/vc\/wp-content\/uploads\/2025\/03\/itineranciaComp-238x300.jpg 238w, https:\/\/dev.antudigital.cl\/sites\/vc\/wp-content\/uploads\/2025\/03\/itineranciaComp-480x605.jpg 480w, https:\/\/dev.antudigital.cl\/sites\/vc\/wp-content\/uploads\/2025\/03\/itineranciaComp-19x24.jpg 19w, https:\/\/dev.antudigital.cl\/sites\/vc\/wp-content\/uploads\/2025\/03\/itineranciaComp-29x36.jpg 29w, https:\/\/dev.antudigital.cl\/sites\/vc\/wp-content\/uploads\/2025\/03\/itineranciaComp-38x48.jpg 38w\" sizes=\"(max-width: 720px) 100vw, 720px\" \/><\/figure>\n\n\n\n<p><br><strong>Artequin visita tu barrio y tu escuela\u00a0<\/strong><\/p>\n\n\n\n<p>Con el compromiso de descentralizar las artes y las culturas, Artequin Vi\u00f1a del Mar propone a trav\u00e9s de su programa <strong>Museo Viajero<\/strong> extenderse hacia distintos rincones de la regi\u00f3n, permitiendo as\u00ed que diversas comunidades accedan a contenidos art\u00edsticos y culturales de alta calidad sin moverse de sus localidades.<br><br>Como parte del programa anual, esta iniciativa que incluye una muestra te\u00f3rica y un taller pr\u00e1ctico, busca integrar a ni\u00f1as, ni\u00f1os y j\u00f3venes facilit\u00e1ndoles una visita itinerante del museo sin necesidad de trasladarse de sus barrios o escuelas.<br><br>Estas visitas se cotizan de acuerdo con la modalidad elegida, que var\u00edan seg\u00fan los recursos incluidos tales como mobiliario, proyector, m\u00f3dulos educativos y otros elementos did\u00e1cticos.&nbsp;<\/p>\n\n\n\n<p>Las instituciones interesadas en participar en el programa de visitas guiadas o en el Museo Viajero pueden obtener m\u00e1s informaci\u00f3n y realizar reservas contact\u00e1ndose al correo inscripciones@artequinvina.cl o a trav\u00e9s de sus redes sociales @artequinvina.<\/p>\n","protected":false},"excerpt":{"rendered":"<p>El museo educativo e interactivo Artequin de Vi\u00f1a del Mar, tras su ciclo de verano, vuelve con s\u00f3lidas y variadas visitas guiadas, dise\u00f1adas para acercar la historia del arte a ni\u00f1os, ni\u00f1as y j\u00f3venes de diferentes escuelas y agrupaciones de la Regi\u00f3n de Valpara\u00edso. La actual programaci\u00f3n ofrece experiencias l\u00fadicas y participativas explorando 16 tem\u00e1ticas [&hellip;]<\/p>\n","protected":false},"author":1,"featured_media":22315,"comment_status":"closed","ping_status":"closed","sticky":false,"template":"","format":"standard","meta":{"_acf_changed":false,"footnotes":""},"categories":[8],"tags":[],"class_list":["post-22313","post","type-post","status-publish","format-standard","has-post-thumbnail","hentry","category-noticia"],"acf":[],"yoast_head":"<!-- This site is optimized with the Yoast SEO plugin v27.1.1 - https:\/\/yoast.com\/product\/yoast-seo-wordpress\/ -->\n<title>Museo Artequin Vi\u00f1a del Mar inicia el a\u00f1o escolar con novedosas visitas guiadas para escuelas y agrupaciones - Valpara\u00ed\u00adso Creativo<\/title>\n<meta name=\"robots\" content=\"index, follow, max-snippet:-1, max-image-preview:large, max-video-preview:-1\" \/>\n<link rel=\"canonical\" href=\"https:\/\/dev.antudigital.cl\/sites\/vc\/museo-artequin-vina-del-mar-inicia-el-ano-escolar-con-novedosas-visitas-guiadas-para-escuelas-y-agrupaciones\/\" \/>\n<meta property=\"og:locale\" content=\"es_ES\" \/>\n<meta property=\"og:type\" content=\"article\" \/>\n<meta property=\"og:title\" content=\"Museo Artequin Vi\u00f1a del Mar inicia el a\u00f1o escolar con novedosas visitas guiadas para escuelas y agrupaciones - Valpara\u00ed\u00adso Creativo\" \/>\n<meta property=\"og:description\" content=\"El museo educativo e interactivo Artequin de Vi\u00f1a del Mar, tras su ciclo de verano, vuelve con s\u00f3lidas y variadas visitas guiadas, dise\u00f1adas para acercar la historia del arte a ni\u00f1os, ni\u00f1as y j\u00f3venes de diferentes escuelas y agrupaciones de la Regi\u00f3n de Valpara\u00edso. La actual programaci\u00f3n ofrece experiencias l\u00fadicas y participativas explorando 16 tem\u00e1ticas [&hellip;]\" \/>\n<meta property=\"og:url\" content=\"https:\/\/dev.antudigital.cl\/sites\/vc\/museo-artequin-vina-del-mar-inicia-el-ano-escolar-con-novedosas-visitas-guiadas-para-escuelas-y-agrupaciones\/\" \/>\n<meta property=\"og:site_name\" content=\"Valpara\u00ed\u00adso Creativo\" \/>\n<meta property=\"article:published_time\" content=\"2025-03-17T18:38:35+00:00\" \/>\n<meta property=\"article:modified_time\" content=\"2025-03-17T18:39:04+00:00\" \/>\n<meta property=\"og:image\" content=\"https:\/\/dev.antudigital.cl\/sites\/vc\/wp-content\/uploads\/2025\/03\/visitaguiadComp.jpg\" \/>\n\t<meta property=\"og:image:width\" content=\"1920\" \/>\n\t<meta property=\"og:image:height\" content=\"1119\" \/>\n\t<meta property=\"og:image:type\" content=\"image\/jpeg\" \/>\n<meta name=\"author\" content=\"Valpara\u00edso Creativo\" \/>\n<meta name=\"twitter:card\" content=\"summary_large_image\" \/>\n<meta name=\"twitter:label1\" content=\"Escrito por\" \/>\n\t<meta name=\"twitter:data1\" content=\"Valpara\u00edso Creativo\" \/>\n\t<meta name=\"twitter:label2\" content=\"Tiempo de lectura\" \/>\n\t<meta name=\"twitter:data2\" content=\"3 minutos\" \/>\n<script type=\"application\/ld+json\" class=\"yoast-schema-graph\">{\"@context\":\"https:\/\/schema.org\",\"@graph\":[{\"@type\":\"Article\",\"@id\":\"https:\/\/dev.antudigital.cl\/sites\/vc\/museo-artequin-vina-del-mar-inicia-el-ano-escolar-con-novedosas-visitas-guiadas-para-escuelas-y-agrupaciones\/#article\",\"isPartOf\":{\"@id\":\"https:\/\/dev.antudigital.cl\/sites\/vc\/museo-artequin-vina-del-mar-inicia-el-ano-escolar-con-novedosas-visitas-guiadas-para-escuelas-y-agrupaciones\/\"},\"author\":{\"name\":\"Valpara\u00edso Creativo\",\"@id\":\"https:\/\/dev.antudigital.cl\/sites\/vc\/#\/schema\/person\/c2b9da8dd545e27166fc5ab232837318\"},\"headline\":\"Museo Artequin Vi\u00f1a del Mar inicia el a\u00f1o escolar con novedosas visitas guiadas para escuelas y agrupaciones\",\"datePublished\":\"2025-03-17T18:38:35+00:00\",\"dateModified\":\"2025-03-17T18:39:04+00:00\",\"mainEntityOfPage\":{\"@id\":\"https:\/\/dev.antudigital.cl\/sites\/vc\/museo-artequin-vina-del-mar-inicia-el-ano-escolar-con-novedosas-visitas-guiadas-para-escuelas-y-agrupaciones\/\"},\"wordCount\":411,\"image\":{\"@id\":\"https:\/\/dev.antudigital.cl\/sites\/vc\/museo-artequin-vina-del-mar-inicia-el-ano-escolar-con-novedosas-visitas-guiadas-para-escuelas-y-agrupaciones\/#primaryimage\"},\"thumbnailUrl\":\"https:\/\/dev.antudigital.cl\/sites\/vc\/wp-content\/uploads\/2025\/03\/visitaguiadComp.jpg\",\"articleSection\":[\"Noticia\"],\"inLanguage\":\"es\"},{\"@type\":\"WebPage\",\"@id\":\"https:\/\/dev.antudigital.cl\/sites\/vc\/museo-artequin-vina-del-mar-inicia-el-ano-escolar-con-novedosas-visitas-guiadas-para-escuelas-y-agrupaciones\/\",\"url\":\"https:\/\/dev.antudigital.cl\/sites\/vc\/museo-artequin-vina-del-mar-inicia-el-ano-escolar-con-novedosas-visitas-guiadas-para-escuelas-y-agrupaciones\/\",\"name\":\"Museo Artequin Vi\u00f1a del Mar inicia el a\u00f1o escolar con novedosas visitas guiadas para escuelas y agrupaciones - Valpara\u00ed\u00adso Creativo\",\"isPartOf\":{\"@id\":\"https:\/\/dev.antudigital.cl\/sites\/vc\/#website\"},\"primaryImageOfPage\":{\"@id\":\"https:\/\/dev.antudigital.cl\/sites\/vc\/museo-artequin-vina-del-mar-inicia-el-ano-escolar-con-novedosas-visitas-guiadas-para-escuelas-y-agrupaciones\/#primaryimage\"},\"image\":{\"@id\":\"https:\/\/dev.antudigital.cl\/sites\/vc\/museo-artequin-vina-del-mar-inicia-el-ano-escolar-con-novedosas-visitas-guiadas-para-escuelas-y-agrupaciones\/#primaryimage\"},\"thumbnailUrl\":\"https:\/\/dev.antudigital.cl\/sites\/vc\/wp-content\/uploads\/2025\/03\/visitaguiadComp.jpg\",\"datePublished\":\"2025-03-17T18:38:35+00:00\",\"dateModified\":\"2025-03-17T18:39:04+00:00\",\"author\":{\"@id\":\"https:\/\/dev.antudigital.cl\/sites\/vc\/#\/schema\/person\/c2b9da8dd545e27166fc5ab232837318\"},\"breadcrumb\":{\"@id\":\"https:\/\/dev.antudigital.cl\/sites\/vc\/museo-artequin-vina-del-mar-inicia-el-ano-escolar-con-novedosas-visitas-guiadas-para-escuelas-y-agrupaciones\/#breadcrumb\"},\"inLanguage\":\"es\",\"potentialAction\":[{\"@type\":\"ReadAction\",\"target\":[\"https:\/\/dev.antudigital.cl\/sites\/vc\/museo-artequin-vina-del-mar-inicia-el-ano-escolar-con-novedosas-visitas-guiadas-para-escuelas-y-agrupaciones\/\"]}]},{\"@type\":\"ImageObject\",\"inLanguage\":\"es\",\"@id\":\"https:\/\/dev.antudigital.cl\/sites\/vc\/museo-artequin-vina-del-mar-inicia-el-ano-escolar-con-novedosas-visitas-guiadas-para-escuelas-y-agrupaciones\/#primaryimage\",\"url\":\"https:\/\/dev.antudigital.cl\/sites\/vc\/wp-content\/uploads\/2025\/03\/visitaguiadComp.jpg\",\"contentUrl\":\"https:\/\/dev.antudigital.cl\/sites\/vc\/wp-content\/uploads\/2025\/03\/visitaguiadComp.jpg\",\"width\":1920,\"height\":1119},{\"@type\":\"BreadcrumbList\",\"@id\":\"https:\/\/dev.antudigital.cl\/sites\/vc\/museo-artequin-vina-del-mar-inicia-el-ano-escolar-con-novedosas-visitas-guiadas-para-escuelas-y-agrupaciones\/#breadcrumb\",\"itemListElement\":[{\"@type\":\"ListItem\",\"position\":1,\"name\":\"Home\",\"item\":\"https:\/\/dev.antudigital.cl\/sites\/vc\/\"},{\"@type\":\"ListItem\",\"position\":2,\"name\":\"Museo Artequin Vi\u00f1a del Mar inicia el a\u00f1o escolar con novedosas visitas guiadas para escuelas y agrupaciones\"}]},{\"@type\":\"WebSite\",\"@id\":\"https:\/\/dev.antudigital.cl\/sites\/vc\/#website\",\"url\":\"https:\/\/dev.antudigital.cl\/sites\/vc\/\",\"name\":\"Valpara\u00ed\u00adso Creativo\",\"description\":\"\",\"potentialAction\":[{\"@type\":\"SearchAction\",\"target\":{\"@type\":\"EntryPoint\",\"urlTemplate\":\"https:\/\/dev.antudigital.cl\/sites\/vc\/?s={search_term_string}\"},\"query-input\":{\"@type\":\"PropertyValueSpecification\",\"valueRequired\":true,\"valueName\":\"search_term_string\"}}],\"inLanguage\":\"es\"},{\"@type\":\"Person\",\"@id\":\"https:\/\/dev.antudigital.cl\/sites\/vc\/#\/schema\/person\/c2b9da8dd545e27166fc5ab232837318\",\"name\":\"Valpara\u00edso Creativo\",\"description\":\"Periodista de cultura en la Regi\u00f3n de Valpara\u00edso.\",\"url\":\"https:\/\/dev.antudigital.cl\/sites\/vc\/author\/valpoadmin\/\"}]}<\/script>\n<!-- \/ Yoast SEO plugin. -->","yoast_head_json":{"title":"Museo Artequin Vi\u00f1a del Mar inicia el a\u00f1o escolar con novedosas visitas guiadas para escuelas y agrupaciones - Valpara\u00ed\u00adso Creativo","robots":{"index":"index","follow":"follow","max-snippet":"max-snippet:-1","max-image-preview":"max-image-preview:large","max-video-preview":"max-video-preview:-1"},"canonical":"https:\/\/dev.antudigital.cl\/sites\/vc\/museo-artequin-vina-del-mar-inicia-el-ano-escolar-con-novedosas-visitas-guiadas-para-escuelas-y-agrupaciones\/","og_locale":"es_ES","og_type":"article","og_title":"Museo Artequin Vi\u00f1a del Mar inicia el a\u00f1o escolar con novedosas visitas guiadas para escuelas y agrupaciones - Valpara\u00ed\u00adso Creativo","og_description":"El museo educativo e interactivo Artequin de Vi\u00f1a del Mar, tras su ciclo de verano, vuelve con s\u00f3lidas y variadas visitas guiadas, dise\u00f1adas para acercar la historia del arte a ni\u00f1os, ni\u00f1as y j\u00f3venes de diferentes escuelas y agrupaciones de la Regi\u00f3n de Valpara\u00edso. La actual programaci\u00f3n ofrece experiencias l\u00fadicas y participativas explorando 16 tem\u00e1ticas [&hellip;]","og_url":"https:\/\/dev.antudigital.cl\/sites\/vc\/museo-artequin-vina-del-mar-inicia-el-ano-escolar-con-novedosas-visitas-guiadas-para-escuelas-y-agrupaciones\/","og_site_name":"Valpara\u00ed\u00adso Creativo","article_published_time":"2025-03-17T18:38:35+00:00","article_modified_time":"2025-03-17T18:39:04+00:00","og_image":[{"width":1920,"height":1119,"url":"https:\/\/dev.antudigital.cl\/sites\/vc\/wp-content\/uploads\/2025\/03\/visitaguiadComp.jpg","type":"image\/jpeg"}],"author":"Valpara\u00edso Creativo","twitter_card":"summary_large_image","twitter_misc":{"Escrito por":"Valpara\u00edso Creativo","Tiempo de lectura":"3 minutos"},"schema":{"@context":"https:\/\/schema.org","@graph":[{"@type":"Article","@id":"https:\/\/dev.antudigital.cl\/sites\/vc\/museo-artequin-vina-del-mar-inicia-el-ano-escolar-con-novedosas-visitas-guiadas-para-escuelas-y-agrupaciones\/#article","isPartOf":{"@id":"https:\/\/dev.antudigital.cl\/sites\/vc\/museo-artequin-vina-del-mar-inicia-el-ano-escolar-con-novedosas-visitas-guiadas-para-escuelas-y-agrupaciones\/"},"author":{"name":"Valpara\u00edso Creativo","@id":"https:\/\/dev.antudigital.cl\/sites\/vc\/#\/schema\/person\/c2b9da8dd545e27166fc5ab232837318"},"headline":"Museo Artequin Vi\u00f1a del Mar inicia el a\u00f1o escolar con novedosas visitas guiadas para escuelas y agrupaciones","datePublished":"2025-03-17T18:38:35+00:00","dateModified":"2025-03-17T18:39:04+00:00","mainEntityOfPage":{"@id":"https:\/\/dev.antudigital.cl\/sites\/vc\/museo-artequin-vina-del-mar-inicia-el-ano-escolar-con-novedosas-visitas-guiadas-para-escuelas-y-agrupaciones\/"},"wordCount":411,"image":{"@id":"https:\/\/dev.antudigital.cl\/sites\/vc\/museo-artequin-vina-del-mar-inicia-el-ano-escolar-con-novedosas-visitas-guiadas-para-escuelas-y-agrupaciones\/#primaryimage"},"thumbnailUrl":"https:\/\/dev.antudigital.cl\/sites\/vc\/wp-content\/uploads\/2025\/03\/visitaguiadComp.jpg","articleSection":["Noticia"],"inLanguage":"es"},{"@type":"WebPage","@id":"https:\/\/dev.antudigital.cl\/sites\/vc\/museo-artequin-vina-del-mar-inicia-el-ano-escolar-con-novedosas-visitas-guiadas-para-escuelas-y-agrupaciones\/","url":"https:\/\/dev.antudigital.cl\/sites\/vc\/museo-artequin-vina-del-mar-inicia-el-ano-escolar-con-novedosas-visitas-guiadas-para-escuelas-y-agrupaciones\/","name":"Museo Artequin Vi\u00f1a del Mar inicia el a\u00f1o escolar con novedosas visitas guiadas para escuelas y agrupaciones - Valpara\u00ed\u00adso Creativo","isPartOf":{"@id":"https:\/\/dev.antudigital.cl\/sites\/vc\/#website"},"primaryImageOfPage":{"@id":"https:\/\/dev.antudigital.cl\/sites\/vc\/museo-artequin-vina-del-mar-inicia-el-ano-escolar-con-novedosas-visitas-guiadas-para-escuelas-y-agrupaciones\/#primaryimage"},"image":{"@id":"https:\/\/dev.antudigital.cl\/sites\/vc\/museo-artequin-vina-del-mar-inicia-el-ano-escolar-con-novedosas-visitas-guiadas-para-escuelas-y-agrupaciones\/#primaryimage"},"thumbnailUrl":"https:\/\/dev.antudigital.cl\/sites\/vc\/wp-content\/uploads\/2025\/03\/visitaguiadComp.jpg","datePublished":"2025-03-17T18:38:35+00:00","dateModified":"2025-03-17T18:39:04+00:00","author":{"@id":"https:\/\/dev.antudigital.cl\/sites\/vc\/#\/schema\/person\/c2b9da8dd545e27166fc5ab232837318"},"breadcrumb":{"@id":"https:\/\/dev.antudigital.cl\/sites\/vc\/museo-artequin-vina-del-mar-inicia-el-ano-escolar-con-novedosas-visitas-guiadas-para-escuelas-y-agrupaciones\/#breadcrumb"},"inLanguage":"es","potentialAction":[{"@type":"ReadAction","target":["https:\/\/dev.antudigital.cl\/sites\/vc\/museo-artequin-vina-del-mar-inicia-el-ano-escolar-con-novedosas-visitas-guiadas-para-escuelas-y-agrupaciones\/"]}]},{"@type":"ImageObject","inLanguage":"es","@id":"https:\/\/dev.antudigital.cl\/sites\/vc\/museo-artequin-vina-del-mar-inicia-el-ano-escolar-con-novedosas-visitas-guiadas-para-escuelas-y-agrupaciones\/#primaryimage","url":"https:\/\/dev.antudigital.cl\/sites\/vc\/wp-content\/uploads\/2025\/03\/visitaguiadComp.jpg","contentUrl":"https:\/\/dev.antudigital.cl\/sites\/vc\/wp-content\/uploads\/2025\/03\/visitaguiadComp.jpg","width":1920,"height":1119},{"@type":"BreadcrumbList","@id":"https:\/\/dev.antudigital.cl\/sites\/vc\/museo-artequin-vina-del-mar-inicia-el-ano-escolar-con-novedosas-visitas-guiadas-para-escuelas-y-agrupaciones\/#breadcrumb","itemListElement":[{"@type":"ListItem","position":1,"name":"Home","item":"https:\/\/dev.antudigital.cl\/sites\/vc\/"},{"@type":"ListItem","position":2,"name":"Museo Artequin Vi\u00f1a del Mar inicia el a\u00f1o escolar con novedosas visitas guiadas para escuelas y agrupaciones"}]},{"@type":"WebSite","@id":"https:\/\/dev.antudigital.cl\/sites\/vc\/#website","url":"https:\/\/dev.antudigital.cl\/sites\/vc\/","name":"Valpara\u00ed\u00adso Creativo","description":"","potentialAction":[{"@type":"SearchAction","target":{"@type":"EntryPoint","urlTemplate":"https:\/\/dev.antudigital.cl\/sites\/vc\/?s={search_term_string}"},"query-input":{"@type":"PropertyValueSpecification","valueRequired":true,"valueName":"search_term_string"}}],"inLanguage":"es"},{"@type":"Person","@id":"https:\/\/dev.antudigital.cl\/sites\/vc\/#\/schema\/person\/c2b9da8dd545e27166fc5ab232837318","name":"Valpara\u00edso Creativo","description":"Periodista de cultura en la Regi\u00f3n de Valpara\u00edso.","url":"https:\/\/dev.antudigital.cl\/sites\/vc\/author\/valpoadmin\/"}]}},"_links":{"self":[{"href":"https:\/\/dev.antudigital.cl\/sites\/vc\/wp-json\/wp\/v2\/posts\/22313","targetHints":{"allow":["GET"]}}],"collection":[{"href":"https:\/\/dev.antudigital.cl\/sites\/vc\/wp-json\/wp\/v2\/posts"}],"about":[{"href":"https:\/\/dev.antudigital.cl\/sites\/vc\/wp-json\/wp\/v2\/types\/post"}],"author":[{"embeddable":true,"href":"https:\/\/dev.antudigital.cl\/sites\/vc\/wp-json\/wp\/v2\/users\/1"}],"replies":[{"embeddable":true,"href":"https:\/\/dev.antudigital.cl\/sites\/vc\/wp-json\/wp\/v2\/comments?post=22313"}],"version-history":[{"count":1,"href":"https:\/\/dev.antudigital.cl\/sites\/vc\/wp-json\/wp\/v2\/posts\/22313\/revisions"}],"predecessor-version":[{"id":22316,"href":"https:\/\/dev.antudigital.cl\/sites\/vc\/wp-json\/wp\/v2\/posts\/22313\/revisions\/22316"}],"wp:featuredmedia":[{"embeddable":true,"href":"https:\/\/dev.antudigital.cl\/sites\/vc\/wp-json\/wp\/v2\/media\/22315"}],"wp:attachment":[{"href":"https:\/\/dev.antudigital.cl\/sites\/vc\/wp-json\/wp\/v2\/media?parent=22313"}],"wp:term":[{"taxonomy":"category","embeddable":true,"href":"https:\/\/dev.antudigital.cl\/sites\/vc\/wp-json\/wp\/v2\/categories?post=22313"},{"taxonomy":"post_tag","embeddable":true,"href":"https:\/\/dev.antudigital.cl\/sites\/vc\/wp-json\/wp\/v2\/tags?post=22313"}],"curies":[{"name":"wp","href":"https:\/\/api.w.org\/{rel}","templated":true}]}}