{"id":22317,"date":"2025-03-17T18:53:00","date_gmt":"2025-03-17T18:53:00","guid":{"rendered":"https:\/\/www.valparaisocreativo.cl\/?p=22317"},"modified":"2025-03-17T18:53:21","modified_gmt":"2025-03-17T18:53:21","slug":"araceli-cantora-irrumpe-en-matucana-100-este-jueves","status":"publish","type":"post","link":"https:\/\/dev.antudigital.cl\/sites\/vc\/araceli-cantora-irrumpe-en-matucana-100-este-jueves\/","title":{"rendered":"Araceli Cantora irrumpe en Matucana 100 este jueves"},"content":{"rendered":"\n<p>El Ciclo Compositoras de M100 arranca con una propuesta vanguardista presentando a la destacada artista nacional&nbsp;<em>Araceli Cantora<\/em>, quien ofrecer\u00e1 un concierto que fusiona folklore, hip hop y m\u00fasica electr\u00f3nica. El evento se llevar\u00e1 a cabo el jueves 20 de marzo a las 21:30 hrs en la Explanada de MATUCANA 100, con una duraci\u00f3n de 80 minutos y la participaci\u00f3n especial de<em>&nbsp;La Charawilla<\/em>&nbsp;como telonera.<\/p>\n\n\n\n<p>Araceli Fuentes, joven compositora de oficio tras viajar por Chile, Panam\u00e1, Per\u00fa, Argentina, Paraguay y Bolivia llega a Santiago de Chile presentando su exitoso disco \u2018\u2019EnBituin\u2019\u2019 m\u00e1s canciones in\u00e9ditas, la noche unifica la escena de mujeres de santiago y valpara\u00edso quebrando edades, clases sociales y g\u00e9neros musicales. Guitarr\u00f3n chileno, danza fat chance, hip hop, y cuerpos disidentes prometen un concierto que marca un antes y despu\u00e9s que a nadie deja indiferente.<\/p>\n\n\n\n<p>Araceli Cantora combina la tradici\u00f3n con lo moderno, la reflexi\u00f3n con lo \u2018\u2019bailable\u2019\u2019. Ha sido programada e invitada a encuentros de industria tales como&nbsp;<strong>Femnoise<\/strong>,&nbsp;<strong>Mimlatam<\/strong>,&nbsp;<strong>Rock\u00f3dromo<\/strong>,&nbsp;<strong>Fluvial<\/strong>,&nbsp;<strong>VAM<\/strong>&nbsp;y&nbsp;<strong>Bienal Internacional de Artes de Valpara\u00edso<\/strong>, donde tambi\u00e9n expuso una obra visual de su autor\u00eda.<\/p>\n\n\n\n<p><em>\u00abMi trabajo es un puente entre el pasado y el futuro, para crear algo nuevo y disruptivo\u00bb, afirma<\/em>&nbsp;Araceli sobre su propuesta musical.<\/p>\n\n\n\n<figure class=\"wp-block-image size-large\"><img fetchpriority=\"high\" decoding=\"async\" width=\"1024\" height=\"1024\" src=\"https:\/\/www.valparaisocreativo.cl\/wp-content\/uploads\/2025\/03\/475432475_1095225589305406_535084317048591454_n-1024x1024.jpeg\" alt=\"\" class=\"wp-image-22318\" srcset=\"https:\/\/dev.antudigital.cl\/sites\/vc\/wp-content\/uploads\/2025\/03\/475432475_1095225589305406_535084317048591454_n-1024x1024.jpeg 1024w, https:\/\/dev.antudigital.cl\/sites\/vc\/wp-content\/uploads\/2025\/03\/475432475_1095225589305406_535084317048591454_n-300x300.jpeg 300w, https:\/\/dev.antudigital.cl\/sites\/vc\/wp-content\/uploads\/2025\/03\/475432475_1095225589305406_535084317048591454_n-150x150.jpeg 150w, https:\/\/dev.antudigital.cl\/sites\/vc\/wp-content\/uploads\/2025\/03\/475432475_1095225589305406_535084317048591454_n-768x768.jpeg 768w, https:\/\/dev.antudigital.cl\/sites\/vc\/wp-content\/uploads\/2025\/03\/475432475_1095225589305406_535084317048591454_n-1080x1080.jpeg 1080w, https:\/\/dev.antudigital.cl\/sites\/vc\/wp-content\/uploads\/2025\/03\/475432475_1095225589305406_535084317048591454_n-1280x1280.jpeg 1280w, https:\/\/dev.antudigital.cl\/sites\/vc\/wp-content\/uploads\/2025\/03\/475432475_1095225589305406_535084317048591454_n-980x980.jpeg 980w, https:\/\/dev.antudigital.cl\/sites\/vc\/wp-content\/uploads\/2025\/03\/475432475_1095225589305406_535084317048591454_n-480x480.jpeg 480w, https:\/\/dev.antudigital.cl\/sites\/vc\/wp-content\/uploads\/2025\/03\/475432475_1095225589305406_535084317048591454_n-24x24.jpeg 24w, https:\/\/dev.antudigital.cl\/sites\/vc\/wp-content\/uploads\/2025\/03\/475432475_1095225589305406_535084317048591454_n-36x36.jpeg 36w, https:\/\/dev.antudigital.cl\/sites\/vc\/wp-content\/uploads\/2025\/03\/475432475_1095225589305406_535084317048591454_n-48x48.jpeg 48w, https:\/\/dev.antudigital.cl\/sites\/vc\/wp-content\/uploads\/2025\/03\/475432475_1095225589305406_535084317048591454_n.jpeg 1440w\" sizes=\"(max-width: 1024px) 100vw, 1024px\" \/><\/figure>\n\n\n\n<p>Este concierto contar\u00e1 con la participaci\u00f3n de grandes artistas invitadas como Danza Indhomita, Cecilia,Concha-Laborde, Nina Inti, Sin Amxs y Catalina Teresa. La sinergia entre todas las participantes promete una experiencia esc\u00e9nica a\u00fan m\u00e1s impactante y memorable.<\/p>\n\n\n\n<p>Detalles del Evento:<\/p>\n\n\n\n<ul class=\"wp-block-list\">\n<li>Fecha: Jueves 20 de marzo de 2025<\/li>\n\n\n\n<li>Hora: 21:30 hrs<\/li>\n\n\n\n<li>Lugar: Explanada de MATUCANA100<\/li>\n\n\n\n<li>Duraci\u00f3n: 80 minutos<\/li>\n\n\n\n<li>Clasificaci\u00f3n: Todo Espectador<\/li>\n\n\n\n<li>Entradas: General $6,000 \u2013\u00a0<a href=\"https:\/\/ticketplus.cl\/events\/compositoras-araceli-cantora\" target=\"_blank\" rel=\"noreferrer noopener\">Compra aqu\u00ed<\/a><\/li>\n<\/ul>\n\n\n\n<p>&nbsp;Araceli Cantora y sus invitadas te esperan para transportarte a un viaje sonoro sin precedentes.<\/p>\n","protected":false},"excerpt":{"rendered":"<p>El Ciclo Compositoras de M100 arranca con una propuesta vanguardista presentando a la destacada artista nacional&nbsp;Araceli Cantora, quien ofrecer\u00e1 un concierto que fusiona folklore, hip hop y m\u00fasica electr\u00f3nica. El evento se llevar\u00e1 a cabo el jueves 20 de marzo a las 21:30 hrs en la Explanada de MATUCANA 100, con una duraci\u00f3n de 80 [&hellip;]<\/p>\n","protected":false},"author":1,"featured_media":22319,"comment_status":"closed","ping_status":"closed","sticky":false,"template":"","format":"standard","meta":{"_acf_changed":false,"footnotes":""},"categories":[8],"tags":[],"class_list":["post-22317","post","type-post","status-publish","format-standard","has-post-thumbnail","hentry","category-noticia"],"acf":[],"yoast_head":"<!-- This site is optimized with the Yoast SEO plugin v27.1.1 - https:\/\/yoast.com\/product\/yoast-seo-wordpress\/ -->\n<title>Araceli Cantora irrumpe en Matucana 100 este jueves - Valpara\u00ed\u00adso Creativo<\/title>\n<meta name=\"robots\" content=\"index, follow, max-snippet:-1, max-image-preview:large, max-video-preview:-1\" \/>\n<link rel=\"canonical\" href=\"https:\/\/dev.antudigital.cl\/sites\/vc\/araceli-cantora-irrumpe-en-matucana-100-este-jueves\/\" \/>\n<meta property=\"og:locale\" content=\"es_ES\" \/>\n<meta property=\"og:type\" content=\"article\" \/>\n<meta property=\"og:title\" content=\"Araceli Cantora irrumpe en Matucana 100 este jueves - Valpara\u00ed\u00adso Creativo\" \/>\n<meta property=\"og:description\" content=\"El Ciclo Compositoras de M100 arranca con una propuesta vanguardista presentando a la destacada artista nacional&nbsp;Araceli Cantora, quien ofrecer\u00e1 un concierto que fusiona folklore, hip hop y m\u00fasica electr\u00f3nica. El evento se llevar\u00e1 a cabo el jueves 20 de marzo a las 21:30 hrs en la Explanada de MATUCANA 100, con una duraci\u00f3n de 80 [&hellip;]\" \/>\n<meta property=\"og:url\" content=\"https:\/\/dev.antudigital.cl\/sites\/vc\/araceli-cantora-irrumpe-en-matucana-100-este-jueves\/\" \/>\n<meta property=\"og:site_name\" content=\"Valpara\u00ed\u00adso Creativo\" \/>\n<meta property=\"article:published_time\" content=\"2025-03-17T18:53:00+00:00\" \/>\n<meta property=\"article:modified_time\" content=\"2025-03-17T18:53:21+00:00\" \/>\n<meta property=\"og:image\" content=\"https:\/\/dev.antudigital.cl\/sites\/vc\/wp-content\/uploads\/2025\/03\/AraceliCantora_BienBoni8-1.jpeg\" \/>\n\t<meta property=\"og:image:width\" content=\"700\" \/>\n\t<meta property=\"og:image:height\" content=\"394\" \/>\n\t<meta property=\"og:image:type\" content=\"image\/jpeg\" \/>\n<meta name=\"author\" content=\"Valpara\u00edso Creativo\" \/>\n<meta name=\"twitter:card\" content=\"summary_large_image\" \/>\n<meta name=\"twitter:label1\" content=\"Escrito por\" \/>\n\t<meta name=\"twitter:data1\" content=\"Valpara\u00edso Creativo\" \/>\n\t<meta name=\"twitter:label2\" content=\"Tiempo de lectura\" \/>\n\t<meta name=\"twitter:data2\" content=\"2 minutos\" \/>\n<script type=\"application\/ld+json\" class=\"yoast-schema-graph\">{\"@context\":\"https:\/\/schema.org\",\"@graph\":[{\"@type\":\"Article\",\"@id\":\"https:\/\/dev.antudigital.cl\/sites\/vc\/araceli-cantora-irrumpe-en-matucana-100-este-jueves\/#article\",\"isPartOf\":{\"@id\":\"https:\/\/dev.antudigital.cl\/sites\/vc\/araceli-cantora-irrumpe-en-matucana-100-este-jueves\/\"},\"author\":{\"name\":\"Valpara\u00edso Creativo\",\"@id\":\"https:\/\/dev.antudigital.cl\/sites\/vc\/#\/schema\/person\/c2b9da8dd545e27166fc5ab232837318\"},\"headline\":\"Araceli Cantora irrumpe en Matucana 100 este jueves\",\"datePublished\":\"2025-03-17T18:53:00+00:00\",\"dateModified\":\"2025-03-17T18:53:21+00:00\",\"mainEntityOfPage\":{\"@id\":\"https:\/\/dev.antudigital.cl\/sites\/vc\/araceli-cantora-irrumpe-en-matucana-100-este-jueves\/\"},\"wordCount\":317,\"image\":{\"@id\":\"https:\/\/dev.antudigital.cl\/sites\/vc\/araceli-cantora-irrumpe-en-matucana-100-este-jueves\/#primaryimage\"},\"thumbnailUrl\":\"https:\/\/dev.antudigital.cl\/sites\/vc\/wp-content\/uploads\/2025\/03\/AraceliCantora_BienBoni8-1.jpeg\",\"articleSection\":[\"Noticia\"],\"inLanguage\":\"es\"},{\"@type\":\"WebPage\",\"@id\":\"https:\/\/dev.antudigital.cl\/sites\/vc\/araceli-cantora-irrumpe-en-matucana-100-este-jueves\/\",\"url\":\"https:\/\/dev.antudigital.cl\/sites\/vc\/araceli-cantora-irrumpe-en-matucana-100-este-jueves\/\",\"name\":\"Araceli Cantora irrumpe en Matucana 100 este jueves - Valpara\u00ed\u00adso Creativo\",\"isPartOf\":{\"@id\":\"https:\/\/dev.antudigital.cl\/sites\/vc\/#website\"},\"primaryImageOfPage\":{\"@id\":\"https:\/\/dev.antudigital.cl\/sites\/vc\/araceli-cantora-irrumpe-en-matucana-100-este-jueves\/#primaryimage\"},\"image\":{\"@id\":\"https:\/\/dev.antudigital.cl\/sites\/vc\/araceli-cantora-irrumpe-en-matucana-100-este-jueves\/#primaryimage\"},\"thumbnailUrl\":\"https:\/\/dev.antudigital.cl\/sites\/vc\/wp-content\/uploads\/2025\/03\/AraceliCantora_BienBoni8-1.jpeg\",\"datePublished\":\"2025-03-17T18:53:00+00:00\",\"dateModified\":\"2025-03-17T18:53:21+00:00\",\"author\":{\"@id\":\"https:\/\/dev.antudigital.cl\/sites\/vc\/#\/schema\/person\/c2b9da8dd545e27166fc5ab232837318\"},\"breadcrumb\":{\"@id\":\"https:\/\/dev.antudigital.cl\/sites\/vc\/araceli-cantora-irrumpe-en-matucana-100-este-jueves\/#breadcrumb\"},\"inLanguage\":\"es\",\"potentialAction\":[{\"@type\":\"ReadAction\",\"target\":[\"https:\/\/dev.antudigital.cl\/sites\/vc\/araceli-cantora-irrumpe-en-matucana-100-este-jueves\/\"]}]},{\"@type\":\"ImageObject\",\"inLanguage\":\"es\",\"@id\":\"https:\/\/dev.antudigital.cl\/sites\/vc\/araceli-cantora-irrumpe-en-matucana-100-este-jueves\/#primaryimage\",\"url\":\"https:\/\/dev.antudigital.cl\/sites\/vc\/wp-content\/uploads\/2025\/03\/AraceliCantora_BienBoni8-1.jpeg\",\"contentUrl\":\"https:\/\/dev.antudigital.cl\/sites\/vc\/wp-content\/uploads\/2025\/03\/AraceliCantora_BienBoni8-1.jpeg\",\"width\":700,\"height\":394},{\"@type\":\"BreadcrumbList\",\"@id\":\"https:\/\/dev.antudigital.cl\/sites\/vc\/araceli-cantora-irrumpe-en-matucana-100-este-jueves\/#breadcrumb\",\"itemListElement\":[{\"@type\":\"ListItem\",\"position\":1,\"name\":\"Home\",\"item\":\"https:\/\/dev.antudigital.cl\/sites\/vc\/\"},{\"@type\":\"ListItem\",\"position\":2,\"name\":\"Araceli Cantora irrumpe en Matucana 100 este jueves\"}]},{\"@type\":\"WebSite\",\"@id\":\"https:\/\/dev.antudigital.cl\/sites\/vc\/#website\",\"url\":\"https:\/\/dev.antudigital.cl\/sites\/vc\/\",\"name\":\"Valpara\u00ed\u00adso Creativo\",\"description\":\"\",\"potentialAction\":[{\"@type\":\"SearchAction\",\"target\":{\"@type\":\"EntryPoint\",\"urlTemplate\":\"https:\/\/dev.antudigital.cl\/sites\/vc\/?s={search_term_string}\"},\"query-input\":{\"@type\":\"PropertyValueSpecification\",\"valueRequired\":true,\"valueName\":\"search_term_string\"}}],\"inLanguage\":\"es\"},{\"@type\":\"Person\",\"@id\":\"https:\/\/dev.antudigital.cl\/sites\/vc\/#\/schema\/person\/c2b9da8dd545e27166fc5ab232837318\",\"name\":\"Valpara\u00edso Creativo\",\"description\":\"Periodista de cultura en la Regi\u00f3n de Valpara\u00edso.\",\"url\":\"https:\/\/dev.antudigital.cl\/sites\/vc\/author\/valpoadmin\/\"}]}<\/script>\n<!-- \/ Yoast SEO plugin. -->","yoast_head_json":{"title":"Araceli Cantora irrumpe en Matucana 100 este jueves - Valpara\u00ed\u00adso Creativo","robots":{"index":"index","follow":"follow","max-snippet":"max-snippet:-1","max-image-preview":"max-image-preview:large","max-video-preview":"max-video-preview:-1"},"canonical":"https:\/\/dev.antudigital.cl\/sites\/vc\/araceli-cantora-irrumpe-en-matucana-100-este-jueves\/","og_locale":"es_ES","og_type":"article","og_title":"Araceli Cantora irrumpe en Matucana 100 este jueves - Valpara\u00ed\u00adso Creativo","og_description":"El Ciclo Compositoras de M100 arranca con una propuesta vanguardista presentando a la destacada artista nacional&nbsp;Araceli Cantora, quien ofrecer\u00e1 un concierto que fusiona folklore, hip hop y m\u00fasica electr\u00f3nica. El evento se llevar\u00e1 a cabo el jueves 20 de marzo a las 21:30 hrs en la Explanada de MATUCANA 100, con una duraci\u00f3n de 80 [&hellip;]","og_url":"https:\/\/dev.antudigital.cl\/sites\/vc\/araceli-cantora-irrumpe-en-matucana-100-este-jueves\/","og_site_name":"Valpara\u00ed\u00adso Creativo","article_published_time":"2025-03-17T18:53:00+00:00","article_modified_time":"2025-03-17T18:53:21+00:00","og_image":[{"width":700,"height":394,"url":"https:\/\/dev.antudigital.cl\/sites\/vc\/wp-content\/uploads\/2025\/03\/AraceliCantora_BienBoni8-1.jpeg","type":"image\/jpeg"}],"author":"Valpara\u00edso Creativo","twitter_card":"summary_large_image","twitter_misc":{"Escrito por":"Valpara\u00edso Creativo","Tiempo de lectura":"2 minutos"},"schema":{"@context":"https:\/\/schema.org","@graph":[{"@type":"Article","@id":"https:\/\/dev.antudigital.cl\/sites\/vc\/araceli-cantora-irrumpe-en-matucana-100-este-jueves\/#article","isPartOf":{"@id":"https:\/\/dev.antudigital.cl\/sites\/vc\/araceli-cantora-irrumpe-en-matucana-100-este-jueves\/"},"author":{"name":"Valpara\u00edso Creativo","@id":"https:\/\/dev.antudigital.cl\/sites\/vc\/#\/schema\/person\/c2b9da8dd545e27166fc5ab232837318"},"headline":"Araceli Cantora irrumpe en Matucana 100 este jueves","datePublished":"2025-03-17T18:53:00+00:00","dateModified":"2025-03-17T18:53:21+00:00","mainEntityOfPage":{"@id":"https:\/\/dev.antudigital.cl\/sites\/vc\/araceli-cantora-irrumpe-en-matucana-100-este-jueves\/"},"wordCount":317,"image":{"@id":"https:\/\/dev.antudigital.cl\/sites\/vc\/araceli-cantora-irrumpe-en-matucana-100-este-jueves\/#primaryimage"},"thumbnailUrl":"https:\/\/dev.antudigital.cl\/sites\/vc\/wp-content\/uploads\/2025\/03\/AraceliCantora_BienBoni8-1.jpeg","articleSection":["Noticia"],"inLanguage":"es"},{"@type":"WebPage","@id":"https:\/\/dev.antudigital.cl\/sites\/vc\/araceli-cantora-irrumpe-en-matucana-100-este-jueves\/","url":"https:\/\/dev.antudigital.cl\/sites\/vc\/araceli-cantora-irrumpe-en-matucana-100-este-jueves\/","name":"Araceli Cantora irrumpe en Matucana 100 este jueves - Valpara\u00ed\u00adso Creativo","isPartOf":{"@id":"https:\/\/dev.antudigital.cl\/sites\/vc\/#website"},"primaryImageOfPage":{"@id":"https:\/\/dev.antudigital.cl\/sites\/vc\/araceli-cantora-irrumpe-en-matucana-100-este-jueves\/#primaryimage"},"image":{"@id":"https:\/\/dev.antudigital.cl\/sites\/vc\/araceli-cantora-irrumpe-en-matucana-100-este-jueves\/#primaryimage"},"thumbnailUrl":"https:\/\/dev.antudigital.cl\/sites\/vc\/wp-content\/uploads\/2025\/03\/AraceliCantora_BienBoni8-1.jpeg","datePublished":"2025-03-17T18:53:00+00:00","dateModified":"2025-03-17T18:53:21+00:00","author":{"@id":"https:\/\/dev.antudigital.cl\/sites\/vc\/#\/schema\/person\/c2b9da8dd545e27166fc5ab232837318"},"breadcrumb":{"@id":"https:\/\/dev.antudigital.cl\/sites\/vc\/araceli-cantora-irrumpe-en-matucana-100-este-jueves\/#breadcrumb"},"inLanguage":"es","potentialAction":[{"@type":"ReadAction","target":["https:\/\/dev.antudigital.cl\/sites\/vc\/araceli-cantora-irrumpe-en-matucana-100-este-jueves\/"]}]},{"@type":"ImageObject","inLanguage":"es","@id":"https:\/\/dev.antudigital.cl\/sites\/vc\/araceli-cantora-irrumpe-en-matucana-100-este-jueves\/#primaryimage","url":"https:\/\/dev.antudigital.cl\/sites\/vc\/wp-content\/uploads\/2025\/03\/AraceliCantora_BienBoni8-1.jpeg","contentUrl":"https:\/\/dev.antudigital.cl\/sites\/vc\/wp-content\/uploads\/2025\/03\/AraceliCantora_BienBoni8-1.jpeg","width":700,"height":394},{"@type":"BreadcrumbList","@id":"https:\/\/dev.antudigital.cl\/sites\/vc\/araceli-cantora-irrumpe-en-matucana-100-este-jueves\/#breadcrumb","itemListElement":[{"@type":"ListItem","position":1,"name":"Home","item":"https:\/\/dev.antudigital.cl\/sites\/vc\/"},{"@type":"ListItem","position":2,"name":"Araceli Cantora irrumpe en Matucana 100 este jueves"}]},{"@type":"WebSite","@id":"https:\/\/dev.antudigital.cl\/sites\/vc\/#website","url":"https:\/\/dev.antudigital.cl\/sites\/vc\/","name":"Valpara\u00ed\u00adso Creativo","description":"","potentialAction":[{"@type":"SearchAction","target":{"@type":"EntryPoint","urlTemplate":"https:\/\/dev.antudigital.cl\/sites\/vc\/?s={search_term_string}"},"query-input":{"@type":"PropertyValueSpecification","valueRequired":true,"valueName":"search_term_string"}}],"inLanguage":"es"},{"@type":"Person","@id":"https:\/\/dev.antudigital.cl\/sites\/vc\/#\/schema\/person\/c2b9da8dd545e27166fc5ab232837318","name":"Valpara\u00edso Creativo","description":"Periodista de cultura en la Regi\u00f3n de Valpara\u00edso.","url":"https:\/\/dev.antudigital.cl\/sites\/vc\/author\/valpoadmin\/"}]}},"_links":{"self":[{"href":"https:\/\/dev.antudigital.cl\/sites\/vc\/wp-json\/wp\/v2\/posts\/22317","targetHints":{"allow":["GET"]}}],"collection":[{"href":"https:\/\/dev.antudigital.cl\/sites\/vc\/wp-json\/wp\/v2\/posts"}],"about":[{"href":"https:\/\/dev.antudigital.cl\/sites\/vc\/wp-json\/wp\/v2\/types\/post"}],"author":[{"embeddable":true,"href":"https:\/\/dev.antudigital.cl\/sites\/vc\/wp-json\/wp\/v2\/users\/1"}],"replies":[{"embeddable":true,"href":"https:\/\/dev.antudigital.cl\/sites\/vc\/wp-json\/wp\/v2\/comments?post=22317"}],"version-history":[{"count":1,"href":"https:\/\/dev.antudigital.cl\/sites\/vc\/wp-json\/wp\/v2\/posts\/22317\/revisions"}],"predecessor-version":[{"id":22320,"href":"https:\/\/dev.antudigital.cl\/sites\/vc\/wp-json\/wp\/v2\/posts\/22317\/revisions\/22320"}],"wp:featuredmedia":[{"embeddable":true,"href":"https:\/\/dev.antudigital.cl\/sites\/vc\/wp-json\/wp\/v2\/media\/22319"}],"wp:attachment":[{"href":"https:\/\/dev.antudigital.cl\/sites\/vc\/wp-json\/wp\/v2\/media?parent=22317"}],"wp:term":[{"taxonomy":"category","embeddable":true,"href":"https:\/\/dev.antudigital.cl\/sites\/vc\/wp-json\/wp\/v2\/categories?post=22317"},{"taxonomy":"post_tag","embeddable":true,"href":"https:\/\/dev.antudigital.cl\/sites\/vc\/wp-json\/wp\/v2\/tags?post=22317"}],"curies":[{"name":"wp","href":"https:\/\/api.w.org\/{rel}","templated":true}]}}