{"id":22321,"date":"2025-03-17T18:58:43","date_gmt":"2025-03-17T18:58:43","guid":{"rendered":"https:\/\/www.valparaisocreativo.cl\/?p=22321"},"modified":"2025-03-17T18:59:02","modified_gmt":"2025-03-17T18:59:02","slug":"vuelve-taller-literario-gratuito-de-arelis-uribe-para-residentes-del-gran-valparaiso","status":"publish","type":"post","link":"https:\/\/dev.antudigital.cl\/sites\/vc\/vuelve-taller-literario-gratuito-de-arelis-uribe-para-residentes-del-gran-valparaiso\/","title":{"rendered":"Vuelve taller literario gratuito de Arelis Uribe para residentes del Gran Valpara\u00edso"},"content":{"rendered":"\n<p><em>Postulaciones hasta el 28 de abril.<\/em><\/p>\n\n\n\n<p>Cuento, cr\u00f3nica o novela. Estos son los g\u00e9neros literarios que el grupo de 20 seleccionados podr\u00e1 trabajar en quince sesiones con la escritora Arelis Uribe, autora de&nbsp;<em>Quiltras<\/em>, quien actualmente vive en la ciudad puerto. La convocatoria para ser parte del taller gratuito se encuentra abierta hasta el 28 de abril y es exclusiva para residentes del Gran Valpara\u00edso.<\/p>\n\n\n\n<p>\u201cEl a\u00f1o pasado recibimos casi 200 postulaciones, lo que me llena de dicha, pues significa que all\u00e1 afuera hay cientos de personas escribiendo literatura\u201d, se\u00f1ala Uribe, respecto a la experiencia del a\u00f1o 2024, que, al igual que en esta oportunidad, se impartir\u00e1 en el Parque Cultural de Valpara\u00edso gracias al&nbsp;Fondo Nacional de Fomento del Libro y la Lectura.<\/p>\n\n\n\n<p>El taller se desarrollar\u00e1 los d\u00edas s\u00e1bados del&nbsp;10 de mayo al 30 de agosto de 2025, entre las 11:00 y 13:00 horas. En el espacio, cada participante revisar\u00e1 textos referenciales y tendr\u00e1 la oportunidad de someter un manuscrito narrativo a revisi\u00f3n grupal. Esta metodolog\u00eda, explica Uribe, \u201cla vengo desarrollando hace a\u00f1os y me parece la m\u00e1s id\u00f3nea: analizamos bibliograf\u00eda inspiradora y luego comentamos un manuscrito del taller de forma colectiva. Es un espacio de compartencia, donde cada cual ense\u00f1a lo que sabe y aprende lo que le falta\u201d.<\/p>\n\n\n\n<p><strong>Telepunga: Nuevo libro de cuentos<\/strong><\/p>\n\n\n\n<p>La agenda literaria de Arelis Uribe tendr\u00e1 adem\u00e1s una novedad editorial. Se trata del lanzamiento de un nuevo libro de cuentos, titulado&nbsp;<em>Telepunga<\/em>. Publicado bajo Los libros de la Mujer Rota, el volumen re\u00fane nueve relatos con personajes populares, cuyos conflictos existenciales son atravesados por la clase o las relaciones de poder.<\/p>\n\n\n\n<p>\u201cSon cuentos que escrib\u00ed hace una d\u00e9cada y que el a\u00f1o pasado encontr\u00e9 por accidente. Eran relatos inconclusos que ahora me dispuse a terminar. Pertenecen al mismo universo de&nbsp;<em>Quiltras<\/em>, porque los cre\u00e9 en la misma \u00e9poca, aunque los mundos de&nbsp;<em>Telepunga<\/em>&nbsp;son m\u00e1s oscuros, violentos y crueles\u201d, se\u00f1ala la autora de esta nueva colecci\u00f3n de cuentos que se presentar\u00e1 en mayo.<\/p>\n\n\n\n<p>Respecto al cruce entre el rol de escritora y tallerista, agrega Uribe, ambos planos se nutren. \u201cMe inspira mucho la Mistral, que ense\u00f1aba por necesidad, para hacerse un sueldo; y escrib\u00eda por vocaci\u00f3n, para vaciar en el papel el desborde de emociones que le generaba el mundo. Leer es mi pasi\u00f3n y formaci\u00f3n permanente; ense\u00f1ar es un placer y una forma de ayudar a otras personas a desarrollar sus habilidades lectoescritoras\u201d.<\/p>\n\n\n\n<p><strong>Coordenadas<\/strong><\/p>\n\n\n\n<p>El taller estar\u00e1 integrado por 20 personas,&nbsp;previa selecci\u00f3n,&nbsp;las cuales deben ser&nbsp;residentes del Gran Valpara\u00edso. Los encuentros se desarrollar\u00e1n los s\u00e1bados de 11:00 a 13:00 hrs., durante 15 sesiones, del 10 de mayo al 30 de agosto en el Parque Cultural de Valpara\u00edso. Las&nbsp;postulaciones est\u00e1n disponibles hasta el 28 de abril mediante el correo&nbsp;<a href=\"mailto:editorialnegra@gmail.com\" target=\"_blank\" rel=\"noreferrer noopener\">editorialnegra@gmail.com<\/a>&nbsp;<\/p>\n\n\n\n<p>Arelis Uribe (Chile, 1987). Estudi\u00f3 Periodismo en la Usach y una Maestr\u00eda en Escritura Creativa en la NYU. Su debut&nbsp;<em>Quiltras<\/em>, traducido y publicado en ocho pa\u00edses, fue reconocido con el premio Mejores Obras Literarias del Ministerio de las Culturas, las Artes y el Patrimonio de Chile; nominado a mejor ficci\u00f3n por la C\u00e1mara Nacional de la Industria Editorial Mexicana y destacado como uno de los libros latinoamericanos del a\u00f1o por The New York Times. Uribe vive en Valpara\u00edso, donde cuida un jard\u00edn.<\/p>\n","protected":false},"excerpt":{"rendered":"<p>Postulaciones hasta el 28 de abril. Cuento, cr\u00f3nica o novela. Estos son los g\u00e9neros literarios que el grupo de 20 seleccionados podr\u00e1 trabajar en quince sesiones con la escritora Arelis Uribe, autora de&nbsp;Quiltras, quien actualmente vive en la ciudad puerto. La convocatoria para ser parte del taller gratuito se encuentra abierta hasta el 28 de [&hellip;]<\/p>\n","protected":false},"author":1,"featured_media":22322,"comment_status":"closed","ping_status":"closed","sticky":false,"template":"","format":"standard","meta":{"_acf_changed":false,"footnotes":""},"categories":[8],"tags":[],"class_list":["post-22321","post","type-post","status-publish","format-standard","has-post-thumbnail","hentry","category-noticia"],"acf":[],"yoast_head":"<!-- This site is optimized with the Yoast SEO plugin v27.1.1 - https:\/\/yoast.com\/product\/yoast-seo-wordpress\/ -->\n<title>Vuelve taller literario gratuito de Arelis Uribe para residentes del Gran Valpara\u00edso - Valpara\u00ed\u00adso Creativo<\/title>\n<meta name=\"robots\" content=\"index, follow, max-snippet:-1, max-image-preview:large, max-video-preview:-1\" \/>\n<link rel=\"canonical\" href=\"https:\/\/dev.antudigital.cl\/sites\/vc\/vuelve-taller-literario-gratuito-de-arelis-uribe-para-residentes-del-gran-valparaiso\/\" \/>\n<meta property=\"og:locale\" content=\"es_ES\" \/>\n<meta property=\"og:type\" content=\"article\" \/>\n<meta property=\"og:title\" content=\"Vuelve taller literario gratuito de Arelis Uribe para residentes del Gran Valpara\u00edso - Valpara\u00ed\u00adso Creativo\" \/>\n<meta property=\"og:description\" content=\"Postulaciones hasta el 28 de abril. Cuento, cr\u00f3nica o novela. Estos son los g\u00e9neros literarios que el grupo de 20 seleccionados podr\u00e1 trabajar en quince sesiones con la escritora Arelis Uribe, autora de&nbsp;Quiltras, quien actualmente vive en la ciudad puerto. La convocatoria para ser parte del taller gratuito se encuentra abierta hasta el 28 de [&hellip;]\" \/>\n<meta property=\"og:url\" content=\"https:\/\/dev.antudigital.cl\/sites\/vc\/vuelve-taller-literario-gratuito-de-arelis-uribe-para-residentes-del-gran-valparaiso\/\" \/>\n<meta property=\"og:site_name\" content=\"Valpara\u00ed\u00adso Creativo\" \/>\n<meta property=\"article:published_time\" content=\"2025-03-17T18:58:43+00:00\" \/>\n<meta property=\"article:modified_time\" content=\"2025-03-17T18:59:02+00:00\" \/>\n<meta property=\"og:image\" content=\"https:\/\/dev.antudigital.cl\/sites\/vc\/wp-content\/uploads\/2025\/03\/Sofia-Suazo001.jpeg\" \/>\n\t<meta property=\"og:image:width\" content=\"1417\" \/>\n\t<meta property=\"og:image:height\" content=\"939\" \/>\n\t<meta property=\"og:image:type\" content=\"image\/jpeg\" \/>\n<meta name=\"author\" content=\"Valpara\u00edso Creativo\" \/>\n<meta name=\"twitter:card\" content=\"summary_large_image\" \/>\n<meta name=\"twitter:label1\" content=\"Escrito por\" \/>\n\t<meta name=\"twitter:data1\" content=\"Valpara\u00edso Creativo\" \/>\n\t<meta name=\"twitter:label2\" content=\"Tiempo de lectura\" \/>\n\t<meta name=\"twitter:data2\" content=\"3 minutos\" \/>\n<script type=\"application\/ld+json\" class=\"yoast-schema-graph\">{\"@context\":\"https:\/\/schema.org\",\"@graph\":[{\"@type\":\"Article\",\"@id\":\"https:\/\/dev.antudigital.cl\/sites\/vc\/vuelve-taller-literario-gratuito-de-arelis-uribe-para-residentes-del-gran-valparaiso\/#article\",\"isPartOf\":{\"@id\":\"https:\/\/dev.antudigital.cl\/sites\/vc\/vuelve-taller-literario-gratuito-de-arelis-uribe-para-residentes-del-gran-valparaiso\/\"},\"author\":{\"name\":\"Valpara\u00edso Creativo\",\"@id\":\"https:\/\/dev.antudigital.cl\/sites\/vc\/#\/schema\/person\/c2b9da8dd545e27166fc5ab232837318\"},\"headline\":\"Vuelve taller literario gratuito de Arelis Uribe para residentes del Gran Valpara\u00edso\",\"datePublished\":\"2025-03-17T18:58:43+00:00\",\"dateModified\":\"2025-03-17T18:59:02+00:00\",\"mainEntityOfPage\":{\"@id\":\"https:\/\/dev.antudigital.cl\/sites\/vc\/vuelve-taller-literario-gratuito-de-arelis-uribe-para-residentes-del-gran-valparaiso\/\"},\"wordCount\":598,\"image\":{\"@id\":\"https:\/\/dev.antudigital.cl\/sites\/vc\/vuelve-taller-literario-gratuito-de-arelis-uribe-para-residentes-del-gran-valparaiso\/#primaryimage\"},\"thumbnailUrl\":\"https:\/\/dev.antudigital.cl\/sites\/vc\/wp-content\/uploads\/2025\/03\/Sofia-Suazo001.jpeg\",\"articleSection\":[\"Noticia\"],\"inLanguage\":\"es\"},{\"@type\":\"WebPage\",\"@id\":\"https:\/\/dev.antudigital.cl\/sites\/vc\/vuelve-taller-literario-gratuito-de-arelis-uribe-para-residentes-del-gran-valparaiso\/\",\"url\":\"https:\/\/dev.antudigital.cl\/sites\/vc\/vuelve-taller-literario-gratuito-de-arelis-uribe-para-residentes-del-gran-valparaiso\/\",\"name\":\"Vuelve taller literario gratuito de Arelis Uribe para residentes del Gran Valpara\u00edso - Valpara\u00ed\u00adso Creativo\",\"isPartOf\":{\"@id\":\"https:\/\/dev.antudigital.cl\/sites\/vc\/#website\"},\"primaryImageOfPage\":{\"@id\":\"https:\/\/dev.antudigital.cl\/sites\/vc\/vuelve-taller-literario-gratuito-de-arelis-uribe-para-residentes-del-gran-valparaiso\/#primaryimage\"},\"image\":{\"@id\":\"https:\/\/dev.antudigital.cl\/sites\/vc\/vuelve-taller-literario-gratuito-de-arelis-uribe-para-residentes-del-gran-valparaiso\/#primaryimage\"},\"thumbnailUrl\":\"https:\/\/dev.antudigital.cl\/sites\/vc\/wp-content\/uploads\/2025\/03\/Sofia-Suazo001.jpeg\",\"datePublished\":\"2025-03-17T18:58:43+00:00\",\"dateModified\":\"2025-03-17T18:59:02+00:00\",\"author\":{\"@id\":\"https:\/\/dev.antudigital.cl\/sites\/vc\/#\/schema\/person\/c2b9da8dd545e27166fc5ab232837318\"},\"breadcrumb\":{\"@id\":\"https:\/\/dev.antudigital.cl\/sites\/vc\/vuelve-taller-literario-gratuito-de-arelis-uribe-para-residentes-del-gran-valparaiso\/#breadcrumb\"},\"inLanguage\":\"es\",\"potentialAction\":[{\"@type\":\"ReadAction\",\"target\":[\"https:\/\/dev.antudigital.cl\/sites\/vc\/vuelve-taller-literario-gratuito-de-arelis-uribe-para-residentes-del-gran-valparaiso\/\"]}]},{\"@type\":\"ImageObject\",\"inLanguage\":\"es\",\"@id\":\"https:\/\/dev.antudigital.cl\/sites\/vc\/vuelve-taller-literario-gratuito-de-arelis-uribe-para-residentes-del-gran-valparaiso\/#primaryimage\",\"url\":\"https:\/\/dev.antudigital.cl\/sites\/vc\/wp-content\/uploads\/2025\/03\/Sofia-Suazo001.jpeg\",\"contentUrl\":\"https:\/\/dev.antudigital.cl\/sites\/vc\/wp-content\/uploads\/2025\/03\/Sofia-Suazo001.jpeg\",\"width\":1417,\"height\":939},{\"@type\":\"BreadcrumbList\",\"@id\":\"https:\/\/dev.antudigital.cl\/sites\/vc\/vuelve-taller-literario-gratuito-de-arelis-uribe-para-residentes-del-gran-valparaiso\/#breadcrumb\",\"itemListElement\":[{\"@type\":\"ListItem\",\"position\":1,\"name\":\"Home\",\"item\":\"https:\/\/dev.antudigital.cl\/sites\/vc\/\"},{\"@type\":\"ListItem\",\"position\":2,\"name\":\"Vuelve taller literario gratuito de Arelis Uribe para residentes del Gran Valpara\u00edso\"}]},{\"@type\":\"WebSite\",\"@id\":\"https:\/\/dev.antudigital.cl\/sites\/vc\/#website\",\"url\":\"https:\/\/dev.antudigital.cl\/sites\/vc\/\",\"name\":\"Valpara\u00ed\u00adso Creativo\",\"description\":\"\",\"potentialAction\":[{\"@type\":\"SearchAction\",\"target\":{\"@type\":\"EntryPoint\",\"urlTemplate\":\"https:\/\/dev.antudigital.cl\/sites\/vc\/?s={search_term_string}\"},\"query-input\":{\"@type\":\"PropertyValueSpecification\",\"valueRequired\":true,\"valueName\":\"search_term_string\"}}],\"inLanguage\":\"es\"},{\"@type\":\"Person\",\"@id\":\"https:\/\/dev.antudigital.cl\/sites\/vc\/#\/schema\/person\/c2b9da8dd545e27166fc5ab232837318\",\"name\":\"Valpara\u00edso Creativo\",\"description\":\"Periodista de cultura en la Regi\u00f3n de Valpara\u00edso.\",\"url\":\"https:\/\/dev.antudigital.cl\/sites\/vc\/author\/valpoadmin\/\"}]}<\/script>\n<!-- \/ Yoast SEO plugin. -->","yoast_head_json":{"title":"Vuelve taller literario gratuito de Arelis Uribe para residentes del Gran Valpara\u00edso - Valpara\u00ed\u00adso Creativo","robots":{"index":"index","follow":"follow","max-snippet":"max-snippet:-1","max-image-preview":"max-image-preview:large","max-video-preview":"max-video-preview:-1"},"canonical":"https:\/\/dev.antudigital.cl\/sites\/vc\/vuelve-taller-literario-gratuito-de-arelis-uribe-para-residentes-del-gran-valparaiso\/","og_locale":"es_ES","og_type":"article","og_title":"Vuelve taller literario gratuito de Arelis Uribe para residentes del Gran Valpara\u00edso - Valpara\u00ed\u00adso Creativo","og_description":"Postulaciones hasta el 28 de abril. Cuento, cr\u00f3nica o novela. Estos son los g\u00e9neros literarios que el grupo de 20 seleccionados podr\u00e1 trabajar en quince sesiones con la escritora Arelis Uribe, autora de&nbsp;Quiltras, quien actualmente vive en la ciudad puerto. La convocatoria para ser parte del taller gratuito se encuentra abierta hasta el 28 de [&hellip;]","og_url":"https:\/\/dev.antudigital.cl\/sites\/vc\/vuelve-taller-literario-gratuito-de-arelis-uribe-para-residentes-del-gran-valparaiso\/","og_site_name":"Valpara\u00ed\u00adso Creativo","article_published_time":"2025-03-17T18:58:43+00:00","article_modified_time":"2025-03-17T18:59:02+00:00","og_image":[{"width":1417,"height":939,"url":"https:\/\/dev.antudigital.cl\/sites\/vc\/wp-content\/uploads\/2025\/03\/Sofia-Suazo001.jpeg","type":"image\/jpeg"}],"author":"Valpara\u00edso Creativo","twitter_card":"summary_large_image","twitter_misc":{"Escrito por":"Valpara\u00edso Creativo","Tiempo de lectura":"3 minutos"},"schema":{"@context":"https:\/\/schema.org","@graph":[{"@type":"Article","@id":"https:\/\/dev.antudigital.cl\/sites\/vc\/vuelve-taller-literario-gratuito-de-arelis-uribe-para-residentes-del-gran-valparaiso\/#article","isPartOf":{"@id":"https:\/\/dev.antudigital.cl\/sites\/vc\/vuelve-taller-literario-gratuito-de-arelis-uribe-para-residentes-del-gran-valparaiso\/"},"author":{"name":"Valpara\u00edso Creativo","@id":"https:\/\/dev.antudigital.cl\/sites\/vc\/#\/schema\/person\/c2b9da8dd545e27166fc5ab232837318"},"headline":"Vuelve taller literario gratuito de Arelis Uribe para residentes del Gran Valpara\u00edso","datePublished":"2025-03-17T18:58:43+00:00","dateModified":"2025-03-17T18:59:02+00:00","mainEntityOfPage":{"@id":"https:\/\/dev.antudigital.cl\/sites\/vc\/vuelve-taller-literario-gratuito-de-arelis-uribe-para-residentes-del-gran-valparaiso\/"},"wordCount":598,"image":{"@id":"https:\/\/dev.antudigital.cl\/sites\/vc\/vuelve-taller-literario-gratuito-de-arelis-uribe-para-residentes-del-gran-valparaiso\/#primaryimage"},"thumbnailUrl":"https:\/\/dev.antudigital.cl\/sites\/vc\/wp-content\/uploads\/2025\/03\/Sofia-Suazo001.jpeg","articleSection":["Noticia"],"inLanguage":"es"},{"@type":"WebPage","@id":"https:\/\/dev.antudigital.cl\/sites\/vc\/vuelve-taller-literario-gratuito-de-arelis-uribe-para-residentes-del-gran-valparaiso\/","url":"https:\/\/dev.antudigital.cl\/sites\/vc\/vuelve-taller-literario-gratuito-de-arelis-uribe-para-residentes-del-gran-valparaiso\/","name":"Vuelve taller literario gratuito de Arelis Uribe para residentes del Gran Valpara\u00edso - Valpara\u00ed\u00adso Creativo","isPartOf":{"@id":"https:\/\/dev.antudigital.cl\/sites\/vc\/#website"},"primaryImageOfPage":{"@id":"https:\/\/dev.antudigital.cl\/sites\/vc\/vuelve-taller-literario-gratuito-de-arelis-uribe-para-residentes-del-gran-valparaiso\/#primaryimage"},"image":{"@id":"https:\/\/dev.antudigital.cl\/sites\/vc\/vuelve-taller-literario-gratuito-de-arelis-uribe-para-residentes-del-gran-valparaiso\/#primaryimage"},"thumbnailUrl":"https:\/\/dev.antudigital.cl\/sites\/vc\/wp-content\/uploads\/2025\/03\/Sofia-Suazo001.jpeg","datePublished":"2025-03-17T18:58:43+00:00","dateModified":"2025-03-17T18:59:02+00:00","author":{"@id":"https:\/\/dev.antudigital.cl\/sites\/vc\/#\/schema\/person\/c2b9da8dd545e27166fc5ab232837318"},"breadcrumb":{"@id":"https:\/\/dev.antudigital.cl\/sites\/vc\/vuelve-taller-literario-gratuito-de-arelis-uribe-para-residentes-del-gran-valparaiso\/#breadcrumb"},"inLanguage":"es","potentialAction":[{"@type":"ReadAction","target":["https:\/\/dev.antudigital.cl\/sites\/vc\/vuelve-taller-literario-gratuito-de-arelis-uribe-para-residentes-del-gran-valparaiso\/"]}]},{"@type":"ImageObject","inLanguage":"es","@id":"https:\/\/dev.antudigital.cl\/sites\/vc\/vuelve-taller-literario-gratuito-de-arelis-uribe-para-residentes-del-gran-valparaiso\/#primaryimage","url":"https:\/\/dev.antudigital.cl\/sites\/vc\/wp-content\/uploads\/2025\/03\/Sofia-Suazo001.jpeg","contentUrl":"https:\/\/dev.antudigital.cl\/sites\/vc\/wp-content\/uploads\/2025\/03\/Sofia-Suazo001.jpeg","width":1417,"height":939},{"@type":"BreadcrumbList","@id":"https:\/\/dev.antudigital.cl\/sites\/vc\/vuelve-taller-literario-gratuito-de-arelis-uribe-para-residentes-del-gran-valparaiso\/#breadcrumb","itemListElement":[{"@type":"ListItem","position":1,"name":"Home","item":"https:\/\/dev.antudigital.cl\/sites\/vc\/"},{"@type":"ListItem","position":2,"name":"Vuelve taller literario gratuito de Arelis Uribe para residentes del Gran Valpara\u00edso"}]},{"@type":"WebSite","@id":"https:\/\/dev.antudigital.cl\/sites\/vc\/#website","url":"https:\/\/dev.antudigital.cl\/sites\/vc\/","name":"Valpara\u00ed\u00adso Creativo","description":"","potentialAction":[{"@type":"SearchAction","target":{"@type":"EntryPoint","urlTemplate":"https:\/\/dev.antudigital.cl\/sites\/vc\/?s={search_term_string}"},"query-input":{"@type":"PropertyValueSpecification","valueRequired":true,"valueName":"search_term_string"}}],"inLanguage":"es"},{"@type":"Person","@id":"https:\/\/dev.antudigital.cl\/sites\/vc\/#\/schema\/person\/c2b9da8dd545e27166fc5ab232837318","name":"Valpara\u00edso Creativo","description":"Periodista de cultura en la Regi\u00f3n de Valpara\u00edso.","url":"https:\/\/dev.antudigital.cl\/sites\/vc\/author\/valpoadmin\/"}]}},"_links":{"self":[{"href":"https:\/\/dev.antudigital.cl\/sites\/vc\/wp-json\/wp\/v2\/posts\/22321","targetHints":{"allow":["GET"]}}],"collection":[{"href":"https:\/\/dev.antudigital.cl\/sites\/vc\/wp-json\/wp\/v2\/posts"}],"about":[{"href":"https:\/\/dev.antudigital.cl\/sites\/vc\/wp-json\/wp\/v2\/types\/post"}],"author":[{"embeddable":true,"href":"https:\/\/dev.antudigital.cl\/sites\/vc\/wp-json\/wp\/v2\/users\/1"}],"replies":[{"embeddable":true,"href":"https:\/\/dev.antudigital.cl\/sites\/vc\/wp-json\/wp\/v2\/comments?post=22321"}],"version-history":[{"count":1,"href":"https:\/\/dev.antudigital.cl\/sites\/vc\/wp-json\/wp\/v2\/posts\/22321\/revisions"}],"predecessor-version":[{"id":22323,"href":"https:\/\/dev.antudigital.cl\/sites\/vc\/wp-json\/wp\/v2\/posts\/22321\/revisions\/22323"}],"wp:featuredmedia":[{"embeddable":true,"href":"https:\/\/dev.antudigital.cl\/sites\/vc\/wp-json\/wp\/v2\/media\/22322"}],"wp:attachment":[{"href":"https:\/\/dev.antudigital.cl\/sites\/vc\/wp-json\/wp\/v2\/media?parent=22321"}],"wp:term":[{"taxonomy":"category","embeddable":true,"href":"https:\/\/dev.antudigital.cl\/sites\/vc\/wp-json\/wp\/v2\/categories?post=22321"},{"taxonomy":"post_tag","embeddable":true,"href":"https:\/\/dev.antudigital.cl\/sites\/vc\/wp-json\/wp\/v2\/tags?post=22321"}],"curies":[{"name":"wp","href":"https:\/\/api.w.org\/{rel}","templated":true}]}}