{"id":22324,"date":"2025-03-17T19:07:38","date_gmt":"2025-03-17T19:07:38","guid":{"rendered":"https:\/\/www.valparaisocreativo.cl\/?p=22324"},"modified":"2025-03-17T19:07:58","modified_gmt":"2025-03-17T19:07:58","slug":"convocatoria-abierta-al-primer-diploma-de-postitulo-de-la-escuela-de-teatro-uv","status":"publish","type":"post","link":"https:\/\/dev.antudigital.cl\/sites\/vc\/convocatoria-abierta-al-primer-diploma-de-postitulo-de-la-escuela-de-teatro-uv\/","title":{"rendered":"Convocatoria abierta al primer Diploma de Post\u00edtulo de la Escuela de Teatro UV"},"content":{"rendered":"\n<p><strong>Hasta el d\u00eda 15 de abril est\u00e1n abiertas las postulaciones al Diploma de Post\u00edtulo en Estrategias Teatrales para la Intervenci\u00f3n Socioeducativa en Instituciones y Territorios<\/strong>, un programa de especializaci\u00f3n de teatro aplicado in\u00e9dito en la Regi\u00f3n, en colaboraci\u00f3n con la Escuela de Trabajo Social y enmarcado en los 20 a\u00f1os de la Escuela de Teatro UV.&nbsp;<\/p>\n\n\n\n<p>A trav\u00e9s de una mirada local y sist\u00e9mica, el Diploma de Post\u00edtulo integra herramientas, teor\u00edas y t\u00e9cnicas teatrales para innovar en el dise\u00f1o, planificaci\u00f3n y evaluaci\u00f3n de intervenciones que buscan la integraci\u00f3n y promoci\u00f3n de sectores excluidos de la sociedad. La modalidad es semipresencial, con clases virtuales los s\u00e1bados en la ma\u00f1ana y solo tres clases presenciales en todo el semestre. Para m\u00e1s informaci\u00f3n revisar la p\u00e1gina web\u00a0<a href=\"https:\/\/postgrados.uv.cl\/diplomas\/facultad-de-arquitectura\/estrategias-teatrales\" target=\"_blank\" rel=\"noreferrer noopener\">https:\/\/postgrados.uv.cl\/diplomas\/facultad-de-arquitectura\/estrategias-teatrales<\/a>\u00a0<\/p>\n\n\n\n<figure class=\"wp-block-image size-large\"><img fetchpriority=\"high\" decoding=\"async\" width=\"1024\" height=\"683\" src=\"https:\/\/www.valparaisocreativo.cl\/wp-content\/uploads\/2025\/03\/Teatro-4-Denis-Isla-1024x683.jpg\" alt=\"\" class=\"wp-image-22326\" srcset=\"https:\/\/dev.antudigital.cl\/sites\/vc\/wp-content\/uploads\/2025\/03\/Teatro-4-Denis-Isla-1024x683.jpg 1024w, https:\/\/dev.antudigital.cl\/sites\/vc\/wp-content\/uploads\/2025\/03\/Teatro-4-Denis-Isla-300x200.jpg 300w, https:\/\/dev.antudigital.cl\/sites\/vc\/wp-content\/uploads\/2025\/03\/Teatro-4-Denis-Isla-768x512.jpg 768w, https:\/\/dev.antudigital.cl\/sites\/vc\/wp-content\/uploads\/2025\/03\/Teatro-4-Denis-Isla-1536x1024.jpg 1536w, https:\/\/dev.antudigital.cl\/sites\/vc\/wp-content\/uploads\/2025\/03\/Teatro-4-Denis-Isla-1080x720.jpg 1080w, https:\/\/dev.antudigital.cl\/sites\/vc\/wp-content\/uploads\/2025\/03\/Teatro-4-Denis-Isla-1280x853.jpg 1280w, https:\/\/dev.antudigital.cl\/sites\/vc\/wp-content\/uploads\/2025\/03\/Teatro-4-Denis-Isla-980x653.jpg 980w, https:\/\/dev.antudigital.cl\/sites\/vc\/wp-content\/uploads\/2025\/03\/Teatro-4-Denis-Isla-480x320.jpg 480w, https:\/\/dev.antudigital.cl\/sites\/vc\/wp-content\/uploads\/2025\/03\/Teatro-4-Denis-Isla-24x16.jpg 24w, https:\/\/dev.antudigital.cl\/sites\/vc\/wp-content\/uploads\/2025\/03\/Teatro-4-Denis-Isla-36x24.jpg 36w, https:\/\/dev.antudigital.cl\/sites\/vc\/wp-content\/uploads\/2025\/03\/Teatro-4-Denis-Isla-48x32.jpg 48w, https:\/\/dev.antudigital.cl\/sites\/vc\/wp-content\/uploads\/2025\/03\/Teatro-4-Denis-Isla.jpg 1728w\" sizes=\"(max-width: 1024px) 100vw, 1024px\" \/><\/figure>\n\n\n\n<p><strong>Marcela Inzunza, Jefa de Carrera de la Escuela de Teatro UV,&nbsp;<\/strong>se\u00f1ala: \u201cHace tiempo que&nbsp; ten\u00edamos el anhelo, desde la Menci\u00f3n de Did\u00e1ctica Teatral, de levantar un Programa de Post\u00edtulo y, por fin, lo hemos concretado. Con Iria Retuerto, antrop\u00f3loga y acad\u00e9mica, logramos avanzar en la propuesta del Diplomado que hoy ponemos a disposici\u00f3n de profesionales que deseen especializarse en el \u00e1rea\u201d.<\/p>\n\n\n\n<p>\u201cConsideramos fundamental que los aprendizajes adquiridos integren disciplinas complementarias, por lo que es propicio establecer v\u00ednculo y sinergia con la Escuela de Trabajo Social. Sumado a todo eso, el Diplomado contribuye a consolidar el proyecto Escuela, que cumple 20 a\u00f1os este 2025. Partimos con muy poco y nos hemos esforzado mucho para ir creciendo, consolidando el pregrado y ahora el posgrado, un proceso natural de maduraci\u00f3n por el que estamos muy contentos\u201d.<\/p>\n\n\n\n<figure class=\"wp-block-image size-large\"><img decoding=\"async\" width=\"1024\" height=\"1024\" src=\"https:\/\/www.valparaisocreativo.cl\/wp-content\/uploads\/2025\/03\/Estrategias-Teatrales-2-1024x1024.jpeg\" alt=\"\" class=\"wp-image-22327\" srcset=\"https:\/\/dev.antudigital.cl\/sites\/vc\/wp-content\/uploads\/2025\/03\/Estrategias-Teatrales-2-1024x1024.jpeg 1024w, https:\/\/dev.antudigital.cl\/sites\/vc\/wp-content\/uploads\/2025\/03\/Estrategias-Teatrales-2-300x300.jpeg 300w, https:\/\/dev.antudigital.cl\/sites\/vc\/wp-content\/uploads\/2025\/03\/Estrategias-Teatrales-2-150x150.jpeg 150w, https:\/\/dev.antudigital.cl\/sites\/vc\/wp-content\/uploads\/2025\/03\/Estrategias-Teatrales-2-768x768.jpeg 768w, https:\/\/dev.antudigital.cl\/sites\/vc\/wp-content\/uploads\/2025\/03\/Estrategias-Teatrales-2-980x980.jpeg 980w, https:\/\/dev.antudigital.cl\/sites\/vc\/wp-content\/uploads\/2025\/03\/Estrategias-Teatrales-2-480x480.jpeg 480w, https:\/\/dev.antudigital.cl\/sites\/vc\/wp-content\/uploads\/2025\/03\/Estrategias-Teatrales-2-24x24.jpeg 24w, https:\/\/dev.antudigital.cl\/sites\/vc\/wp-content\/uploads\/2025\/03\/Estrategias-Teatrales-2-36x36.jpeg 36w, https:\/\/dev.antudigital.cl\/sites\/vc\/wp-content\/uploads\/2025\/03\/Estrategias-Teatrales-2-48x48.jpeg 48w, https:\/\/dev.antudigital.cl\/sites\/vc\/wp-content\/uploads\/2025\/03\/Estrategias-Teatrales-2.jpeg 1080w\" sizes=\"(max-width: 1024px) 100vw, 1024px\" \/><\/figure>\n\n\n\n<p><strong>Francisco Sotomayor, Acad\u00e9mico y Trabajador Social<\/strong>, comenta: \u201cPara nosotros, como Escuela de Trabajo Social, vincularnos con Teatro es una tremenda oportunidad, una alianza muy importante. Esta es una carrera amplia y diversa en t\u00e9rminos de trabajo, y una de las \u00e1reas que estaba al debe era la integraci\u00f3n terap\u00e9utica y psicosocial. El arte y la expresi\u00f3n, en el sentido m\u00e1s complejo de la palabra, y la corporalidad son elementos sustantivos en el \u00e1rea de nuestros colegas. Vincularnos con Teatro nos saca de un espacio m\u00e1s tecnocr\u00e1tico y nos ubica en un lugar m\u00e1s terap\u00e9utico, un desaf\u00edo disciplinar y un requerimiento real del mercado\u201d.<\/p>\n\n\n\n<p><strong>L\u00eda Toro, Acad\u00e9mica de la Escuela de Teatro UV<\/strong>, detalla: \u201cEste Diplomado no solamente est\u00e1 enfocado en personas tituladas de Teatro, sino que tambi\u00e9n de otras disciplinas, como profesoras y profesores de todas las asignaturas, trabajadores sociales, psic\u00f3logos, enfermeros, personal del CESFAM que trabaja en el programa comunitario, duplas psicosociales, licenciadas y licenciados que tengan inter\u00e9s en adquirir m\u00e1s herramientas en beneficio de las comunidades con las que se relacionan, tanto pr\u00e1cticas como te\u00f3ricas. Es una gran oportunidad de crecimiento, estamos muy felices de iniciar este nuevo proceso\u201d.&nbsp;<\/p>\n","protected":false},"excerpt":{"rendered":"<p>Hasta el d\u00eda 15 de abril est\u00e1n abiertas las postulaciones al Diploma de Post\u00edtulo en Estrategias Teatrales para la Intervenci\u00f3n Socioeducativa en Instituciones y Territorios, un programa de especializaci\u00f3n de teatro aplicado in\u00e9dito en la Regi\u00f3n, en colaboraci\u00f3n con la Escuela de Trabajo Social y enmarcado en los 20 a\u00f1os de la Escuela de Teatro [&hellip;]<\/p>\n","protected":false},"author":1,"featured_media":22325,"comment_status":"closed","ping_status":"closed","sticky":false,"template":"","format":"standard","meta":{"_acf_changed":false,"footnotes":""},"categories":[8],"tags":[],"class_list":["post-22324","post","type-post","status-publish","format-standard","has-post-thumbnail","hentry","category-noticia"],"acf":[],"yoast_head":"<!-- This site is optimized with the Yoast SEO plugin v27.1.1 - https:\/\/yoast.com\/product\/yoast-seo-wordpress\/ -->\n<title>Convocatoria abierta al primer Diploma de Post\u00edtulo de la Escuela de Teatro UV - Valpara\u00ed\u00adso Creativo<\/title>\n<meta name=\"robots\" content=\"index, follow, max-snippet:-1, max-image-preview:large, max-video-preview:-1\" \/>\n<link rel=\"canonical\" href=\"https:\/\/dev.antudigital.cl\/sites\/vc\/convocatoria-abierta-al-primer-diploma-de-postitulo-de-la-escuela-de-teatro-uv\/\" \/>\n<meta property=\"og:locale\" content=\"es_ES\" \/>\n<meta property=\"og:type\" content=\"article\" \/>\n<meta property=\"og:title\" content=\"Convocatoria abierta al primer Diploma de Post\u00edtulo de la Escuela de Teatro UV - Valpara\u00ed\u00adso Creativo\" \/>\n<meta property=\"og:description\" content=\"Hasta el d\u00eda 15 de abril est\u00e1n abiertas las postulaciones al Diploma de Post\u00edtulo en Estrategias Teatrales para la Intervenci\u00f3n Socioeducativa en Instituciones y Territorios, un programa de especializaci\u00f3n de teatro aplicado in\u00e9dito en la Regi\u00f3n, en colaboraci\u00f3n con la Escuela de Trabajo Social y enmarcado en los 20 a\u00f1os de la Escuela de Teatro [&hellip;]\" \/>\n<meta property=\"og:url\" content=\"https:\/\/dev.antudigital.cl\/sites\/vc\/convocatoria-abierta-al-primer-diploma-de-postitulo-de-la-escuela-de-teatro-uv\/\" \/>\n<meta property=\"og:site_name\" content=\"Valpara\u00ed\u00adso Creativo\" \/>\n<meta property=\"article:published_time\" content=\"2025-03-17T19:07:38+00:00\" \/>\n<meta property=\"article:modified_time\" content=\"2025-03-17T19:07:58+00:00\" \/>\n<meta property=\"og:image\" content=\"https:\/\/dev.antudigital.cl\/sites\/vc\/wp-content\/uploads\/2025\/03\/Teatro-9-Denis-Isla.jpg\" \/>\n\t<meta property=\"og:image:width\" content=\"1394\" \/>\n\t<meta property=\"og:image:height\" content=\"949\" \/>\n\t<meta property=\"og:image:type\" content=\"image\/jpeg\" \/>\n<meta name=\"author\" content=\"Valpara\u00edso Creativo\" \/>\n<meta name=\"twitter:card\" content=\"summary_large_image\" \/>\n<meta name=\"twitter:label1\" content=\"Escrito por\" \/>\n\t<meta name=\"twitter:data1\" content=\"Valpara\u00edso Creativo\" \/>\n\t<meta name=\"twitter:label2\" content=\"Tiempo de lectura\" \/>\n\t<meta name=\"twitter:data2\" content=\"3 minutos\" \/>\n<script type=\"application\/ld+json\" class=\"yoast-schema-graph\">{\"@context\":\"https:\/\/schema.org\",\"@graph\":[{\"@type\":\"Article\",\"@id\":\"https:\/\/dev.antudigital.cl\/sites\/vc\/convocatoria-abierta-al-primer-diploma-de-postitulo-de-la-escuela-de-teatro-uv\/#article\",\"isPartOf\":{\"@id\":\"https:\/\/dev.antudigital.cl\/sites\/vc\/convocatoria-abierta-al-primer-diploma-de-postitulo-de-la-escuela-de-teatro-uv\/\"},\"author\":{\"name\":\"Valpara\u00edso Creativo\",\"@id\":\"https:\/\/dev.antudigital.cl\/sites\/vc\/#\/schema\/person\/c2b9da8dd545e27166fc5ab232837318\"},\"headline\":\"Convocatoria abierta al primer Diploma de Post\u00edtulo de la Escuela de Teatro UV\",\"datePublished\":\"2025-03-17T19:07:38+00:00\",\"dateModified\":\"2025-03-17T19:07:58+00:00\",\"mainEntityOfPage\":{\"@id\":\"https:\/\/dev.antudigital.cl\/sites\/vc\/convocatoria-abierta-al-primer-diploma-de-postitulo-de-la-escuela-de-teatro-uv\/\"},\"wordCount\":524,\"image\":{\"@id\":\"https:\/\/dev.antudigital.cl\/sites\/vc\/convocatoria-abierta-al-primer-diploma-de-postitulo-de-la-escuela-de-teatro-uv\/#primaryimage\"},\"thumbnailUrl\":\"https:\/\/dev.antudigital.cl\/sites\/vc\/wp-content\/uploads\/2025\/03\/Teatro-9-Denis-Isla.jpg\",\"articleSection\":[\"Noticia\"],\"inLanguage\":\"es\"},{\"@type\":\"WebPage\",\"@id\":\"https:\/\/dev.antudigital.cl\/sites\/vc\/convocatoria-abierta-al-primer-diploma-de-postitulo-de-la-escuela-de-teatro-uv\/\",\"url\":\"https:\/\/dev.antudigital.cl\/sites\/vc\/convocatoria-abierta-al-primer-diploma-de-postitulo-de-la-escuela-de-teatro-uv\/\",\"name\":\"Convocatoria abierta al primer Diploma de Post\u00edtulo de la Escuela de Teatro UV - Valpara\u00ed\u00adso Creativo\",\"isPartOf\":{\"@id\":\"https:\/\/dev.antudigital.cl\/sites\/vc\/#website\"},\"primaryImageOfPage\":{\"@id\":\"https:\/\/dev.antudigital.cl\/sites\/vc\/convocatoria-abierta-al-primer-diploma-de-postitulo-de-la-escuela-de-teatro-uv\/#primaryimage\"},\"image\":{\"@id\":\"https:\/\/dev.antudigital.cl\/sites\/vc\/convocatoria-abierta-al-primer-diploma-de-postitulo-de-la-escuela-de-teatro-uv\/#primaryimage\"},\"thumbnailUrl\":\"https:\/\/dev.antudigital.cl\/sites\/vc\/wp-content\/uploads\/2025\/03\/Teatro-9-Denis-Isla.jpg\",\"datePublished\":\"2025-03-17T19:07:38+00:00\",\"dateModified\":\"2025-03-17T19:07:58+00:00\",\"author\":{\"@id\":\"https:\/\/dev.antudigital.cl\/sites\/vc\/#\/schema\/person\/c2b9da8dd545e27166fc5ab232837318\"},\"breadcrumb\":{\"@id\":\"https:\/\/dev.antudigital.cl\/sites\/vc\/convocatoria-abierta-al-primer-diploma-de-postitulo-de-la-escuela-de-teatro-uv\/#breadcrumb\"},\"inLanguage\":\"es\",\"potentialAction\":[{\"@type\":\"ReadAction\",\"target\":[\"https:\/\/dev.antudigital.cl\/sites\/vc\/convocatoria-abierta-al-primer-diploma-de-postitulo-de-la-escuela-de-teatro-uv\/\"]}]},{\"@type\":\"ImageObject\",\"inLanguage\":\"es\",\"@id\":\"https:\/\/dev.antudigital.cl\/sites\/vc\/convocatoria-abierta-al-primer-diploma-de-postitulo-de-la-escuela-de-teatro-uv\/#primaryimage\",\"url\":\"https:\/\/dev.antudigital.cl\/sites\/vc\/wp-content\/uploads\/2025\/03\/Teatro-9-Denis-Isla.jpg\",\"contentUrl\":\"https:\/\/dev.antudigital.cl\/sites\/vc\/wp-content\/uploads\/2025\/03\/Teatro-9-Denis-Isla.jpg\",\"width\":1394,\"height\":949},{\"@type\":\"BreadcrumbList\",\"@id\":\"https:\/\/dev.antudigital.cl\/sites\/vc\/convocatoria-abierta-al-primer-diploma-de-postitulo-de-la-escuela-de-teatro-uv\/#breadcrumb\",\"itemListElement\":[{\"@type\":\"ListItem\",\"position\":1,\"name\":\"Home\",\"item\":\"https:\/\/dev.antudigital.cl\/sites\/vc\/\"},{\"@type\":\"ListItem\",\"position\":2,\"name\":\"Convocatoria abierta al primer Diploma de Post\u00edtulo de la Escuela de Teatro UV\"}]},{\"@type\":\"WebSite\",\"@id\":\"https:\/\/dev.antudigital.cl\/sites\/vc\/#website\",\"url\":\"https:\/\/dev.antudigital.cl\/sites\/vc\/\",\"name\":\"Valpara\u00ed\u00adso Creativo\",\"description\":\"\",\"potentialAction\":[{\"@type\":\"SearchAction\",\"target\":{\"@type\":\"EntryPoint\",\"urlTemplate\":\"https:\/\/dev.antudigital.cl\/sites\/vc\/?s={search_term_string}\"},\"query-input\":{\"@type\":\"PropertyValueSpecification\",\"valueRequired\":true,\"valueName\":\"search_term_string\"}}],\"inLanguage\":\"es\"},{\"@type\":\"Person\",\"@id\":\"https:\/\/dev.antudigital.cl\/sites\/vc\/#\/schema\/person\/c2b9da8dd545e27166fc5ab232837318\",\"name\":\"Valpara\u00edso Creativo\",\"description\":\"Periodista de cultura en la Regi\u00f3n de Valpara\u00edso.\",\"url\":\"https:\/\/dev.antudigital.cl\/sites\/vc\/author\/valpoadmin\/\"}]}<\/script>\n<!-- \/ Yoast SEO plugin. -->","yoast_head_json":{"title":"Convocatoria abierta al primer Diploma de Post\u00edtulo de la Escuela de Teatro UV - Valpara\u00ed\u00adso Creativo","robots":{"index":"index","follow":"follow","max-snippet":"max-snippet:-1","max-image-preview":"max-image-preview:large","max-video-preview":"max-video-preview:-1"},"canonical":"https:\/\/dev.antudigital.cl\/sites\/vc\/convocatoria-abierta-al-primer-diploma-de-postitulo-de-la-escuela-de-teatro-uv\/","og_locale":"es_ES","og_type":"article","og_title":"Convocatoria abierta al primer Diploma de Post\u00edtulo de la Escuela de Teatro UV - Valpara\u00ed\u00adso Creativo","og_description":"Hasta el d\u00eda 15 de abril est\u00e1n abiertas las postulaciones al Diploma de Post\u00edtulo en Estrategias Teatrales para la Intervenci\u00f3n Socioeducativa en Instituciones y Territorios, un programa de especializaci\u00f3n de teatro aplicado in\u00e9dito en la Regi\u00f3n, en colaboraci\u00f3n con la Escuela de Trabajo Social y enmarcado en los 20 a\u00f1os de la Escuela de Teatro [&hellip;]","og_url":"https:\/\/dev.antudigital.cl\/sites\/vc\/convocatoria-abierta-al-primer-diploma-de-postitulo-de-la-escuela-de-teatro-uv\/","og_site_name":"Valpara\u00ed\u00adso Creativo","article_published_time":"2025-03-17T19:07:38+00:00","article_modified_time":"2025-03-17T19:07:58+00:00","og_image":[{"width":1394,"height":949,"url":"https:\/\/dev.antudigital.cl\/sites\/vc\/wp-content\/uploads\/2025\/03\/Teatro-9-Denis-Isla.jpg","type":"image\/jpeg"}],"author":"Valpara\u00edso Creativo","twitter_card":"summary_large_image","twitter_misc":{"Escrito por":"Valpara\u00edso Creativo","Tiempo de lectura":"3 minutos"},"schema":{"@context":"https:\/\/schema.org","@graph":[{"@type":"Article","@id":"https:\/\/dev.antudigital.cl\/sites\/vc\/convocatoria-abierta-al-primer-diploma-de-postitulo-de-la-escuela-de-teatro-uv\/#article","isPartOf":{"@id":"https:\/\/dev.antudigital.cl\/sites\/vc\/convocatoria-abierta-al-primer-diploma-de-postitulo-de-la-escuela-de-teatro-uv\/"},"author":{"name":"Valpara\u00edso Creativo","@id":"https:\/\/dev.antudigital.cl\/sites\/vc\/#\/schema\/person\/c2b9da8dd545e27166fc5ab232837318"},"headline":"Convocatoria abierta al primer Diploma de Post\u00edtulo de la Escuela de Teatro UV","datePublished":"2025-03-17T19:07:38+00:00","dateModified":"2025-03-17T19:07:58+00:00","mainEntityOfPage":{"@id":"https:\/\/dev.antudigital.cl\/sites\/vc\/convocatoria-abierta-al-primer-diploma-de-postitulo-de-la-escuela-de-teatro-uv\/"},"wordCount":524,"image":{"@id":"https:\/\/dev.antudigital.cl\/sites\/vc\/convocatoria-abierta-al-primer-diploma-de-postitulo-de-la-escuela-de-teatro-uv\/#primaryimage"},"thumbnailUrl":"https:\/\/dev.antudigital.cl\/sites\/vc\/wp-content\/uploads\/2025\/03\/Teatro-9-Denis-Isla.jpg","articleSection":["Noticia"],"inLanguage":"es"},{"@type":"WebPage","@id":"https:\/\/dev.antudigital.cl\/sites\/vc\/convocatoria-abierta-al-primer-diploma-de-postitulo-de-la-escuela-de-teatro-uv\/","url":"https:\/\/dev.antudigital.cl\/sites\/vc\/convocatoria-abierta-al-primer-diploma-de-postitulo-de-la-escuela-de-teatro-uv\/","name":"Convocatoria abierta al primer Diploma de Post\u00edtulo de la Escuela de Teatro UV - Valpara\u00ed\u00adso Creativo","isPartOf":{"@id":"https:\/\/dev.antudigital.cl\/sites\/vc\/#website"},"primaryImageOfPage":{"@id":"https:\/\/dev.antudigital.cl\/sites\/vc\/convocatoria-abierta-al-primer-diploma-de-postitulo-de-la-escuela-de-teatro-uv\/#primaryimage"},"image":{"@id":"https:\/\/dev.antudigital.cl\/sites\/vc\/convocatoria-abierta-al-primer-diploma-de-postitulo-de-la-escuela-de-teatro-uv\/#primaryimage"},"thumbnailUrl":"https:\/\/dev.antudigital.cl\/sites\/vc\/wp-content\/uploads\/2025\/03\/Teatro-9-Denis-Isla.jpg","datePublished":"2025-03-17T19:07:38+00:00","dateModified":"2025-03-17T19:07:58+00:00","author":{"@id":"https:\/\/dev.antudigital.cl\/sites\/vc\/#\/schema\/person\/c2b9da8dd545e27166fc5ab232837318"},"breadcrumb":{"@id":"https:\/\/dev.antudigital.cl\/sites\/vc\/convocatoria-abierta-al-primer-diploma-de-postitulo-de-la-escuela-de-teatro-uv\/#breadcrumb"},"inLanguage":"es","potentialAction":[{"@type":"ReadAction","target":["https:\/\/dev.antudigital.cl\/sites\/vc\/convocatoria-abierta-al-primer-diploma-de-postitulo-de-la-escuela-de-teatro-uv\/"]}]},{"@type":"ImageObject","inLanguage":"es","@id":"https:\/\/dev.antudigital.cl\/sites\/vc\/convocatoria-abierta-al-primer-diploma-de-postitulo-de-la-escuela-de-teatro-uv\/#primaryimage","url":"https:\/\/dev.antudigital.cl\/sites\/vc\/wp-content\/uploads\/2025\/03\/Teatro-9-Denis-Isla.jpg","contentUrl":"https:\/\/dev.antudigital.cl\/sites\/vc\/wp-content\/uploads\/2025\/03\/Teatro-9-Denis-Isla.jpg","width":1394,"height":949},{"@type":"BreadcrumbList","@id":"https:\/\/dev.antudigital.cl\/sites\/vc\/convocatoria-abierta-al-primer-diploma-de-postitulo-de-la-escuela-de-teatro-uv\/#breadcrumb","itemListElement":[{"@type":"ListItem","position":1,"name":"Home","item":"https:\/\/dev.antudigital.cl\/sites\/vc\/"},{"@type":"ListItem","position":2,"name":"Convocatoria abierta al primer Diploma de Post\u00edtulo de la Escuela de Teatro UV"}]},{"@type":"WebSite","@id":"https:\/\/dev.antudigital.cl\/sites\/vc\/#website","url":"https:\/\/dev.antudigital.cl\/sites\/vc\/","name":"Valpara\u00ed\u00adso Creativo","description":"","potentialAction":[{"@type":"SearchAction","target":{"@type":"EntryPoint","urlTemplate":"https:\/\/dev.antudigital.cl\/sites\/vc\/?s={search_term_string}"},"query-input":{"@type":"PropertyValueSpecification","valueRequired":true,"valueName":"search_term_string"}}],"inLanguage":"es"},{"@type":"Person","@id":"https:\/\/dev.antudigital.cl\/sites\/vc\/#\/schema\/person\/c2b9da8dd545e27166fc5ab232837318","name":"Valpara\u00edso Creativo","description":"Periodista de cultura en la Regi\u00f3n de Valpara\u00edso.","url":"https:\/\/dev.antudigital.cl\/sites\/vc\/author\/valpoadmin\/"}]}},"_links":{"self":[{"href":"https:\/\/dev.antudigital.cl\/sites\/vc\/wp-json\/wp\/v2\/posts\/22324","targetHints":{"allow":["GET"]}}],"collection":[{"href":"https:\/\/dev.antudigital.cl\/sites\/vc\/wp-json\/wp\/v2\/posts"}],"about":[{"href":"https:\/\/dev.antudigital.cl\/sites\/vc\/wp-json\/wp\/v2\/types\/post"}],"author":[{"embeddable":true,"href":"https:\/\/dev.antudigital.cl\/sites\/vc\/wp-json\/wp\/v2\/users\/1"}],"replies":[{"embeddable":true,"href":"https:\/\/dev.antudigital.cl\/sites\/vc\/wp-json\/wp\/v2\/comments?post=22324"}],"version-history":[{"count":1,"href":"https:\/\/dev.antudigital.cl\/sites\/vc\/wp-json\/wp\/v2\/posts\/22324\/revisions"}],"predecessor-version":[{"id":22328,"href":"https:\/\/dev.antudigital.cl\/sites\/vc\/wp-json\/wp\/v2\/posts\/22324\/revisions\/22328"}],"wp:featuredmedia":[{"embeddable":true,"href":"https:\/\/dev.antudigital.cl\/sites\/vc\/wp-json\/wp\/v2\/media\/22325"}],"wp:attachment":[{"href":"https:\/\/dev.antudigital.cl\/sites\/vc\/wp-json\/wp\/v2\/media?parent=22324"}],"wp:term":[{"taxonomy":"category","embeddable":true,"href":"https:\/\/dev.antudigital.cl\/sites\/vc\/wp-json\/wp\/v2\/categories?post=22324"},{"taxonomy":"post_tag","embeddable":true,"href":"https:\/\/dev.antudigital.cl\/sites\/vc\/wp-json\/wp\/v2\/tags?post=22324"}],"curies":[{"name":"wp","href":"https:\/\/api.w.org\/{rel}","templated":true}]}}