{"id":22329,"date":"2025-03-17T19:27:21","date_gmt":"2025-03-17T19:27:21","guid":{"rendered":"https:\/\/www.valparaisocreativo.cl\/?p=22329"},"modified":"2025-03-17T19:27:46","modified_gmt":"2025-03-17T19:27:46","slug":"scd-abre-segunda-convocatoria-de-fondo-de-apoyo-a-actividades-de-difusion-de-la-musica","status":"publish","type":"post","link":"https:\/\/dev.antudigital.cl\/sites\/vc\/scd-abre-segunda-convocatoria-de-fondo-de-apoyo-a-actividades-de-difusion-de-la-musica\/","title":{"rendered":"SCD abre segunda convocatoria de Fondo de Apoyo a Actividades de Difusi\u00f3n de la M\u00fasica"},"content":{"rendered":"\n<p>Hasta el 10 de abril del 2025.<\/p>\n\n\n\n<p>La&nbsp;<strong>Sociedad Chilena de Autores e Int\u00e9rpretes Musicales (SCD)<\/strong>&nbsp;abre su segundo llamado para postular al&nbsp;<strong>Fondo de Apoyo a Actividades de Difusi\u00f3n de la M\u00fasica Chilena<\/strong>.<\/p>\n\n\n\n<p>Esta iniciativa est\u00e1 dise\u00f1ada para financiar<strong>&nbsp;proyectos de car\u00e1cter presencial&nbsp;<\/strong>que fomenten la difusi\u00f3n de la m\u00fasica chilena, con un enfoque especial en aquellos proyectos que aporten beneficios colectivos y contribuyan a enriquecer el panorama cultural y musical del pa\u00eds.<\/p>\n\n\n\n<p>Un apoyo cuyo objetivo principal es fortalecer la presencia y difusi\u00f3n de m\u00fasica y promover la m\u00fasica en vivo a trav\u00e9s de diversas actividades, tales como festivales, concursos de interpretaci\u00f3n, ciclos de m\u00fasica, encuentros musicales y exhibiciones con m\u00fasica en vivo.<\/p>\n\n\n\n<p>Son tres los llamados para presentar proyectos que sean aptos y cumplan los requisitos de este fondo. El primero estuvo abierto entre el&nbsp;<strong>20 de noviembre de 2024 hasta el 20 de diciembre de 2024<\/strong>, para proyectos que se llevar\u00e1n a cabo en marzo, abril, mayo y junio de 2025.<\/p>\n\n\n\n<p>La segunda convocatoria comenz\u00f3 el&nbsp;<strong>10 de marzo hasta el 10 de abril de 2025<\/strong>, para proyectos que se llevar\u00e1n a cabo en julio, agosto, septiembre, octubre de 2025.<\/p>\n\n\n\n<p>Mientras que el tercer llamado ser\u00e1 entre el\u00a0<strong>10 de junio hasta el 10 de julio de 2025<\/strong>, para proyectos que tendr\u00e1n lugar en noviembre y diciembre de 2025, y en enero y febrero de 2026.<\/p>\n\n\n\n<figure class=\"wp-block-image size-full\"><img fetchpriority=\"high\" decoding=\"async\" width=\"864\" height=\"954\" src=\"https:\/\/www.valparaisocreativo.cl\/wp-content\/uploads\/2025\/03\/SCD.jpeg\" alt=\"\" class=\"wp-image-22331\" srcset=\"https:\/\/dev.antudigital.cl\/sites\/vc\/wp-content\/uploads\/2025\/03\/SCD.jpeg 864w, https:\/\/dev.antudigital.cl\/sites\/vc\/wp-content\/uploads\/2025\/03\/SCD-272x300.jpeg 272w, https:\/\/dev.antudigital.cl\/sites\/vc\/wp-content\/uploads\/2025\/03\/SCD-768x848.jpeg 768w, https:\/\/dev.antudigital.cl\/sites\/vc\/wp-content\/uploads\/2025\/03\/SCD-480x530.jpeg 480w, https:\/\/dev.antudigital.cl\/sites\/vc\/wp-content\/uploads\/2025\/03\/SCD-22x24.jpeg 22w, https:\/\/dev.antudigital.cl\/sites\/vc\/wp-content\/uploads\/2025\/03\/SCD-33x36.jpeg 33w, https:\/\/dev.antudigital.cl\/sites\/vc\/wp-content\/uploads\/2025\/03\/SCD-43x48.jpeg 43w\" sizes=\"(max-width: 864px) 100vw, 864px\" \/><\/figure>\n\n\n\n<p><strong><br>REQUISITOS DE POSTULACI\u00d3N<\/strong><\/p>\n\n\n\n<ol class=\"wp-block-list\">\n<li>Destinado a socios SCD o Instituciones Culturales con personalidad jur\u00eddica.<\/li>\n\n\n\n<li>Pueden solicitar un m\u00e1ximo del 25% del presupuesto total del proyecto.<\/li>\n\n\n\n<li>El proyecto debe contar con la autorizaci\u00f3n de SCD (Licencia) y el posterior pago de derechos correspondientes por la comunicaci\u00f3n p\u00fablica de las obras musicales ejecutadas.<\/li>\n\n\n\n<li>Los proyectos deben contemplar una remuneraci\u00f3n justa y adecuada para los artistas participantes. Esta condici\u00f3n busca asegurar el respeto y valorizaci\u00f3n del trabajo de los m\u00fasicos implicados en los proyectos.<\/li>\n\n\n\n<li>Se debe presentar un detalle del proyecto que incluya: fecha y lugar de realizaci\u00f3n. Los proyectos deben ser ejecutados en Chile.<\/li>\n\n\n\n<li>Se debe adjuntar una carta de apoyo del espacio\/lugar donde se realizar\u00e1 el evento\/proyecto.<\/li>\n<\/ol>\n\n\n\n<p><strong><br>EXCLUSIONES Y OBLIGACIONES<\/strong><\/p>\n\n\n\n<ul class=\"wp-block-list\">\n<li>No podr\u00e1n postular a este apoyo aquellos que hayan sido beneficiarios en alguna de las tres convocatorias realizadas en el presente a\u00f1o.<\/li>\n\n\n\n<li>Es obligatorio incluir a SCD como auspiciador o patrocinador en todo material gr\u00e1fico y de papeler\u00eda relacionado con el proyecto.<\/li>\n\n\n\n<li>No se apoyar\u00e1n actividades como conciertos promocionales de artistas, giras, lanzamientos y grabaciones de discos, producci\u00f3n o lanzamientos de obras audiovisuales (videoclips, largometrajes, documentales, etc.), producci\u00f3n o lanzamientos de publicaciones editoriales (libros, revistas y otras similares).<\/li>\n\n\n\n<li>Este fondo no financia becas o estudios relacionados con la m\u00fasica.<br>Se excluyen gastos de inversi\u00f3n para la adquisici\u00f3n de equipos t\u00e9cnicos, implementos e instrumentos.<\/li>\n\n\n\n<li>No apoya desarrollo de plataformas web, medios de comunicaci\u00f3n o programas de radio, TVy podcasts.<\/li>\n\n\n\n<li>Cualquier proyecto, titular o recinto que no est\u00e9 al d\u00eda en el pago de derechos y\/o licencias de la Sociedad Chilena del Derecho de Autor (SCD) queda excluido de la postulaci\u00f3n.<\/li>\n<\/ul>\n\n\n\n<p><strong><br>EVALUACI\u00d3N DE LOS PROYECTOS<\/strong><\/p>\n\n\n\n<p>Los proyectos ser\u00e1n evaluados por el Comit\u00e9 de Auspicios y Patrocinios considerando los siguientes criterios:<\/p>\n\n\n\n<ul class=\"wp-block-list\">\n<li>Calidad y contribuci\u00f3n a la difusi\u00f3n de la m\u00fasica chilena.<\/li>\n\n\n\n<li>Viabilidad financiera y log\u00edstica del proyecto.<\/li>\n\n\n\n<li>Inclusi\u00f3n de una remuneraci\u00f3n justa para los m\u00fasicos participantes.<\/li>\n\n\n\n<li>Diversificaci\u00f3n de fuentes de financiamiento.<\/li>\n<\/ul>\n\n\n\n<p>La evaluaci\u00f3n de los proyectos estar\u00e1 a cargo del Comit\u00e9 de Auspicios y Patrocinios. Los postulantes recibir\u00e1n una respuesta v\u00eda correo electr\u00f3nico en un plazo m\u00e1ximo de 15 d\u00edas h\u00e1biles tras el cierre de cada convocatoria.<\/p>\n\n\n\n<p>En caso de que el Comit\u00e9 de Auspicios y Patrocinios determine que el proyecto seleccionado puede ser adecuadamente realizado en Salas SCD, estas podr\u00e1n considerarse como un aporte al proyecto.<\/p>\n\n\n\n<p><strong><br>DISTRIBUCI\u00d3N DE FONDOS<\/strong><\/p>\n\n\n\n<p>La asignaci\u00f3n de fondos se basar\u00e1 en la evaluaci\u00f3n del proyecto, permitiendo que, de seleccionarse, este reciba total o parcialmente el monto o apoyo solicitado.<\/p>\n\n\n\n<p><strong>Asignaci\u00f3n M\u00e1xima por Proyecto:<\/strong>&nbsp;Hasta $1.000.000 m\u00e1s IVA.<\/p>\n\n\n\n<p><strong>Fondo Total Disponible por Convocatoria:<\/strong>&nbsp;$6.000.000 m\u00e1s IVA.<\/p>\n\n\n\n<p>Los fondos otorgados se transferir\u00e1n directamente al proveedor designado por el solicitante despu\u00e9s de la realizaci\u00f3n del evento. No ser\u00e1 necesario solicitar al proveedor facturas o boletas de honorarios para este proceso.<\/p>\n\n\n\n<p><strong><br>FECHAS DE POSTULACI\u00d3N<\/strong><\/p>\n\n\n\n<p><strong>Primera Convocatoria (CERRADA):<\/strong>&nbsp;Desde el 20 de noviembre de 2024 hasta el 20 de diciembre de 2024, para proyectos que se llevar\u00e1n a cabo en marzo, abril, mayo y junio de 2025.<\/p>\n\n\n\n<p><strong>Segunda Convocatoria:<\/strong>&nbsp;Desde el 10 de marzo hasta el 10 de abril de 2025, para proyectos que se llevar\u00e1n a cabo en julio, agosto, septiembre, octubre de 2025.<\/p>\n\n\n\n<p><strong>Tercera Convocatoria:<\/strong>&nbsp;Desde el 10 de junio hasta el 10 de julio de 2025, para proyectos que tendr\u00e1n lugar en noviembre y diciembre de 2025, y en enero y febrero de 2026.<\/p>\n\n\n\n<h1 class=\"wp-block-heading\"><a href=\"https:\/\/docs.google.com\/forms\/d\/e\/1FAIpQLSfZnBvGeEf0eYWj1mzr46grqYRNR_Mhi11xToiLGFVhidGi4Q\/viewform?usp=header\" target=\"_blank\" rel=\"noreferrer noopener\">ENCUENTRA AQU\u00cd EL FORMULARIO DE SOLICITUD DE EVALUACI\u00d3N DE PROYECTOS<\/a><\/h1>\n","protected":false},"excerpt":{"rendered":"<p>Hasta el 10 de abril del 2025. La&nbsp;Sociedad Chilena de Autores e Int\u00e9rpretes Musicales (SCD)&nbsp;abre su segundo llamado para postular al&nbsp;Fondo de Apoyo a Actividades de Difusi\u00f3n de la M\u00fasica Chilena. Esta iniciativa est\u00e1 dise\u00f1ada para financiar&nbsp;proyectos de car\u00e1cter presencial&nbsp;que fomenten la difusi\u00f3n de la m\u00fasica chilena, con un enfoque especial en aquellos proyectos que [&hellip;]<\/p>\n","protected":false},"author":1,"featured_media":22330,"comment_status":"closed","ping_status":"closed","sticky":false,"template":"","format":"standard","meta":{"_acf_changed":false,"footnotes":""},"categories":[8],"tags":[],"class_list":["post-22329","post","type-post","status-publish","format-standard","has-post-thumbnail","hentry","category-noticia"],"acf":[],"yoast_head":"<!-- This site is optimized with the Yoast SEO plugin v27.1.1 - https:\/\/yoast.com\/product\/yoast-seo-wordpress\/ -->\n<title>SCD abre segunda convocatoria de Fondo de Apoyo a Actividades de Difusi\u00f3n de la M\u00fasica - Valpara\u00ed\u00adso Creativo<\/title>\n<meta name=\"robots\" content=\"index, follow, max-snippet:-1, max-image-preview:large, max-video-preview:-1\" \/>\n<link rel=\"canonical\" href=\"https:\/\/dev.antudigital.cl\/sites\/vc\/scd-abre-segunda-convocatoria-de-fondo-de-apoyo-a-actividades-de-difusion-de-la-musica\/\" \/>\n<meta property=\"og:locale\" content=\"es_ES\" \/>\n<meta property=\"og:type\" content=\"article\" \/>\n<meta property=\"og:title\" content=\"SCD abre segunda convocatoria de Fondo de Apoyo a Actividades de Difusi\u00f3n de la M\u00fasica - Valpara\u00ed\u00adso Creativo\" \/>\n<meta property=\"og:description\" content=\"Hasta el 10 de abril del 2025. La&nbsp;Sociedad Chilena de Autores e Int\u00e9rpretes Musicales (SCD)&nbsp;abre su segundo llamado para postular al&nbsp;Fondo de Apoyo a Actividades de Difusi\u00f3n de la M\u00fasica Chilena. Esta iniciativa est\u00e1 dise\u00f1ada para financiar&nbsp;proyectos de car\u00e1cter presencial&nbsp;que fomenten la difusi\u00f3n de la m\u00fasica chilena, con un enfoque especial en aquellos proyectos que [&hellip;]\" \/>\n<meta property=\"og:url\" content=\"https:\/\/dev.antudigital.cl\/sites\/vc\/scd-abre-segunda-convocatoria-de-fondo-de-apoyo-a-actividades-de-difusion-de-la-musica\/\" \/>\n<meta property=\"og:site_name\" content=\"Valpara\u00ed\u00adso Creativo\" \/>\n<meta property=\"article:published_time\" content=\"2025-03-17T19:27:21+00:00\" \/>\n<meta property=\"article:modified_time\" content=\"2025-03-17T19:27:46+00:00\" \/>\n<meta property=\"og:image\" content=\"https:\/\/dev.antudigital.cl\/sites\/vc\/wp-content\/uploads\/2025\/03\/musica-chilena.jpeg\" \/>\n\t<meta property=\"og:image:width\" content=\"768\" \/>\n\t<meta property=\"og:image:height\" content=\"512\" \/>\n\t<meta property=\"og:image:type\" content=\"image\/jpeg\" \/>\n<meta name=\"author\" content=\"Valpara\u00edso Creativo\" \/>\n<meta name=\"twitter:card\" content=\"summary_large_image\" \/>\n<meta name=\"twitter:label1\" content=\"Escrito por\" \/>\n\t<meta name=\"twitter:data1\" content=\"Valpara\u00edso Creativo\" \/>\n\t<meta name=\"twitter:label2\" content=\"Tiempo de lectura\" \/>\n\t<meta name=\"twitter:data2\" content=\"5 minutos\" \/>\n<script type=\"application\/ld+json\" class=\"yoast-schema-graph\">{\"@context\":\"https:\/\/schema.org\",\"@graph\":[{\"@type\":\"Article\",\"@id\":\"https:\/\/dev.antudigital.cl\/sites\/vc\/scd-abre-segunda-convocatoria-de-fondo-de-apoyo-a-actividades-de-difusion-de-la-musica\/#article\",\"isPartOf\":{\"@id\":\"https:\/\/dev.antudigital.cl\/sites\/vc\/scd-abre-segunda-convocatoria-de-fondo-de-apoyo-a-actividades-de-difusion-de-la-musica\/\"},\"author\":{\"name\":\"Valpara\u00edso Creativo\",\"@id\":\"https:\/\/dev.antudigital.cl\/sites\/vc\/#\/schema\/person\/c2b9da8dd545e27166fc5ab232837318\"},\"headline\":\"SCD abre segunda convocatoria de Fondo de Apoyo a Actividades de Difusi\u00f3n de la M\u00fasica\",\"datePublished\":\"2025-03-17T19:27:21+00:00\",\"dateModified\":\"2025-03-17T19:27:46+00:00\",\"mainEntityOfPage\":{\"@id\":\"https:\/\/dev.antudigital.cl\/sites\/vc\/scd-abre-segunda-convocatoria-de-fondo-de-apoyo-a-actividades-de-difusion-de-la-musica\/\"},\"wordCount\":867,\"image\":{\"@id\":\"https:\/\/dev.antudigital.cl\/sites\/vc\/scd-abre-segunda-convocatoria-de-fondo-de-apoyo-a-actividades-de-difusion-de-la-musica\/#primaryimage\"},\"thumbnailUrl\":\"https:\/\/dev.antudigital.cl\/sites\/vc\/wp-content\/uploads\/2025\/03\/musica-chilena.jpeg\",\"articleSection\":[\"Noticia\"],\"inLanguage\":\"es\"},{\"@type\":\"WebPage\",\"@id\":\"https:\/\/dev.antudigital.cl\/sites\/vc\/scd-abre-segunda-convocatoria-de-fondo-de-apoyo-a-actividades-de-difusion-de-la-musica\/\",\"url\":\"https:\/\/dev.antudigital.cl\/sites\/vc\/scd-abre-segunda-convocatoria-de-fondo-de-apoyo-a-actividades-de-difusion-de-la-musica\/\",\"name\":\"SCD abre segunda convocatoria de Fondo de Apoyo a Actividades de Difusi\u00f3n de la M\u00fasica - Valpara\u00ed\u00adso Creativo\",\"isPartOf\":{\"@id\":\"https:\/\/dev.antudigital.cl\/sites\/vc\/#website\"},\"primaryImageOfPage\":{\"@id\":\"https:\/\/dev.antudigital.cl\/sites\/vc\/scd-abre-segunda-convocatoria-de-fondo-de-apoyo-a-actividades-de-difusion-de-la-musica\/#primaryimage\"},\"image\":{\"@id\":\"https:\/\/dev.antudigital.cl\/sites\/vc\/scd-abre-segunda-convocatoria-de-fondo-de-apoyo-a-actividades-de-difusion-de-la-musica\/#primaryimage\"},\"thumbnailUrl\":\"https:\/\/dev.antudigital.cl\/sites\/vc\/wp-content\/uploads\/2025\/03\/musica-chilena.jpeg\",\"datePublished\":\"2025-03-17T19:27:21+00:00\",\"dateModified\":\"2025-03-17T19:27:46+00:00\",\"author\":{\"@id\":\"https:\/\/dev.antudigital.cl\/sites\/vc\/#\/schema\/person\/c2b9da8dd545e27166fc5ab232837318\"},\"breadcrumb\":{\"@id\":\"https:\/\/dev.antudigital.cl\/sites\/vc\/scd-abre-segunda-convocatoria-de-fondo-de-apoyo-a-actividades-de-difusion-de-la-musica\/#breadcrumb\"},\"inLanguage\":\"es\",\"potentialAction\":[{\"@type\":\"ReadAction\",\"target\":[\"https:\/\/dev.antudigital.cl\/sites\/vc\/scd-abre-segunda-convocatoria-de-fondo-de-apoyo-a-actividades-de-difusion-de-la-musica\/\"]}]},{\"@type\":\"ImageObject\",\"inLanguage\":\"es\",\"@id\":\"https:\/\/dev.antudigital.cl\/sites\/vc\/scd-abre-segunda-convocatoria-de-fondo-de-apoyo-a-actividades-de-difusion-de-la-musica\/#primaryimage\",\"url\":\"https:\/\/dev.antudigital.cl\/sites\/vc\/wp-content\/uploads\/2025\/03\/musica-chilena.jpeg\",\"contentUrl\":\"https:\/\/dev.antudigital.cl\/sites\/vc\/wp-content\/uploads\/2025\/03\/musica-chilena.jpeg\",\"width\":768,\"height\":512},{\"@type\":\"BreadcrumbList\",\"@id\":\"https:\/\/dev.antudigital.cl\/sites\/vc\/scd-abre-segunda-convocatoria-de-fondo-de-apoyo-a-actividades-de-difusion-de-la-musica\/#breadcrumb\",\"itemListElement\":[{\"@type\":\"ListItem\",\"position\":1,\"name\":\"Home\",\"item\":\"https:\/\/dev.antudigital.cl\/sites\/vc\/\"},{\"@type\":\"ListItem\",\"position\":2,\"name\":\"SCD abre segunda convocatoria de Fondo de Apoyo a Actividades de Difusi\u00f3n de la M\u00fasica\"}]},{\"@type\":\"WebSite\",\"@id\":\"https:\/\/dev.antudigital.cl\/sites\/vc\/#website\",\"url\":\"https:\/\/dev.antudigital.cl\/sites\/vc\/\",\"name\":\"Valpara\u00ed\u00adso Creativo\",\"description\":\"\",\"potentialAction\":[{\"@type\":\"SearchAction\",\"target\":{\"@type\":\"EntryPoint\",\"urlTemplate\":\"https:\/\/dev.antudigital.cl\/sites\/vc\/?s={search_term_string}\"},\"query-input\":{\"@type\":\"PropertyValueSpecification\",\"valueRequired\":true,\"valueName\":\"search_term_string\"}}],\"inLanguage\":\"es\"},{\"@type\":\"Person\",\"@id\":\"https:\/\/dev.antudigital.cl\/sites\/vc\/#\/schema\/person\/c2b9da8dd545e27166fc5ab232837318\",\"name\":\"Valpara\u00edso Creativo\",\"description\":\"Periodista de cultura en la Regi\u00f3n de Valpara\u00edso.\",\"url\":\"https:\/\/dev.antudigital.cl\/sites\/vc\/author\/valpoadmin\/\"}]}<\/script>\n<!-- \/ Yoast SEO plugin. -->","yoast_head_json":{"title":"SCD abre segunda convocatoria de Fondo de Apoyo a Actividades de Difusi\u00f3n de la M\u00fasica - Valpara\u00ed\u00adso Creativo","robots":{"index":"index","follow":"follow","max-snippet":"max-snippet:-1","max-image-preview":"max-image-preview:large","max-video-preview":"max-video-preview:-1"},"canonical":"https:\/\/dev.antudigital.cl\/sites\/vc\/scd-abre-segunda-convocatoria-de-fondo-de-apoyo-a-actividades-de-difusion-de-la-musica\/","og_locale":"es_ES","og_type":"article","og_title":"SCD abre segunda convocatoria de Fondo de Apoyo a Actividades de Difusi\u00f3n de la M\u00fasica - Valpara\u00ed\u00adso Creativo","og_description":"Hasta el 10 de abril del 2025. La&nbsp;Sociedad Chilena de Autores e Int\u00e9rpretes Musicales (SCD)&nbsp;abre su segundo llamado para postular al&nbsp;Fondo de Apoyo a Actividades de Difusi\u00f3n de la M\u00fasica Chilena. Esta iniciativa est\u00e1 dise\u00f1ada para financiar&nbsp;proyectos de car\u00e1cter presencial&nbsp;que fomenten la difusi\u00f3n de la m\u00fasica chilena, con un enfoque especial en aquellos proyectos que [&hellip;]","og_url":"https:\/\/dev.antudigital.cl\/sites\/vc\/scd-abre-segunda-convocatoria-de-fondo-de-apoyo-a-actividades-de-difusion-de-la-musica\/","og_site_name":"Valpara\u00ed\u00adso Creativo","article_published_time":"2025-03-17T19:27:21+00:00","article_modified_time":"2025-03-17T19:27:46+00:00","og_image":[{"width":768,"height":512,"url":"https:\/\/dev.antudigital.cl\/sites\/vc\/wp-content\/uploads\/2025\/03\/musica-chilena.jpeg","type":"image\/jpeg"}],"author":"Valpara\u00edso Creativo","twitter_card":"summary_large_image","twitter_misc":{"Escrito por":"Valpara\u00edso Creativo","Tiempo de lectura":"5 minutos"},"schema":{"@context":"https:\/\/schema.org","@graph":[{"@type":"Article","@id":"https:\/\/dev.antudigital.cl\/sites\/vc\/scd-abre-segunda-convocatoria-de-fondo-de-apoyo-a-actividades-de-difusion-de-la-musica\/#article","isPartOf":{"@id":"https:\/\/dev.antudigital.cl\/sites\/vc\/scd-abre-segunda-convocatoria-de-fondo-de-apoyo-a-actividades-de-difusion-de-la-musica\/"},"author":{"name":"Valpara\u00edso Creativo","@id":"https:\/\/dev.antudigital.cl\/sites\/vc\/#\/schema\/person\/c2b9da8dd545e27166fc5ab232837318"},"headline":"SCD abre segunda convocatoria de Fondo de Apoyo a Actividades de Difusi\u00f3n de la M\u00fasica","datePublished":"2025-03-17T19:27:21+00:00","dateModified":"2025-03-17T19:27:46+00:00","mainEntityOfPage":{"@id":"https:\/\/dev.antudigital.cl\/sites\/vc\/scd-abre-segunda-convocatoria-de-fondo-de-apoyo-a-actividades-de-difusion-de-la-musica\/"},"wordCount":867,"image":{"@id":"https:\/\/dev.antudigital.cl\/sites\/vc\/scd-abre-segunda-convocatoria-de-fondo-de-apoyo-a-actividades-de-difusion-de-la-musica\/#primaryimage"},"thumbnailUrl":"https:\/\/dev.antudigital.cl\/sites\/vc\/wp-content\/uploads\/2025\/03\/musica-chilena.jpeg","articleSection":["Noticia"],"inLanguage":"es"},{"@type":"WebPage","@id":"https:\/\/dev.antudigital.cl\/sites\/vc\/scd-abre-segunda-convocatoria-de-fondo-de-apoyo-a-actividades-de-difusion-de-la-musica\/","url":"https:\/\/dev.antudigital.cl\/sites\/vc\/scd-abre-segunda-convocatoria-de-fondo-de-apoyo-a-actividades-de-difusion-de-la-musica\/","name":"SCD abre segunda convocatoria de Fondo de Apoyo a Actividades de Difusi\u00f3n de la M\u00fasica - Valpara\u00ed\u00adso Creativo","isPartOf":{"@id":"https:\/\/dev.antudigital.cl\/sites\/vc\/#website"},"primaryImageOfPage":{"@id":"https:\/\/dev.antudigital.cl\/sites\/vc\/scd-abre-segunda-convocatoria-de-fondo-de-apoyo-a-actividades-de-difusion-de-la-musica\/#primaryimage"},"image":{"@id":"https:\/\/dev.antudigital.cl\/sites\/vc\/scd-abre-segunda-convocatoria-de-fondo-de-apoyo-a-actividades-de-difusion-de-la-musica\/#primaryimage"},"thumbnailUrl":"https:\/\/dev.antudigital.cl\/sites\/vc\/wp-content\/uploads\/2025\/03\/musica-chilena.jpeg","datePublished":"2025-03-17T19:27:21+00:00","dateModified":"2025-03-17T19:27:46+00:00","author":{"@id":"https:\/\/dev.antudigital.cl\/sites\/vc\/#\/schema\/person\/c2b9da8dd545e27166fc5ab232837318"},"breadcrumb":{"@id":"https:\/\/dev.antudigital.cl\/sites\/vc\/scd-abre-segunda-convocatoria-de-fondo-de-apoyo-a-actividades-de-difusion-de-la-musica\/#breadcrumb"},"inLanguage":"es","potentialAction":[{"@type":"ReadAction","target":["https:\/\/dev.antudigital.cl\/sites\/vc\/scd-abre-segunda-convocatoria-de-fondo-de-apoyo-a-actividades-de-difusion-de-la-musica\/"]}]},{"@type":"ImageObject","inLanguage":"es","@id":"https:\/\/dev.antudigital.cl\/sites\/vc\/scd-abre-segunda-convocatoria-de-fondo-de-apoyo-a-actividades-de-difusion-de-la-musica\/#primaryimage","url":"https:\/\/dev.antudigital.cl\/sites\/vc\/wp-content\/uploads\/2025\/03\/musica-chilena.jpeg","contentUrl":"https:\/\/dev.antudigital.cl\/sites\/vc\/wp-content\/uploads\/2025\/03\/musica-chilena.jpeg","width":768,"height":512},{"@type":"BreadcrumbList","@id":"https:\/\/dev.antudigital.cl\/sites\/vc\/scd-abre-segunda-convocatoria-de-fondo-de-apoyo-a-actividades-de-difusion-de-la-musica\/#breadcrumb","itemListElement":[{"@type":"ListItem","position":1,"name":"Home","item":"https:\/\/dev.antudigital.cl\/sites\/vc\/"},{"@type":"ListItem","position":2,"name":"SCD abre segunda convocatoria de Fondo de Apoyo a Actividades de Difusi\u00f3n de la M\u00fasica"}]},{"@type":"WebSite","@id":"https:\/\/dev.antudigital.cl\/sites\/vc\/#website","url":"https:\/\/dev.antudigital.cl\/sites\/vc\/","name":"Valpara\u00ed\u00adso Creativo","description":"","potentialAction":[{"@type":"SearchAction","target":{"@type":"EntryPoint","urlTemplate":"https:\/\/dev.antudigital.cl\/sites\/vc\/?s={search_term_string}"},"query-input":{"@type":"PropertyValueSpecification","valueRequired":true,"valueName":"search_term_string"}}],"inLanguage":"es"},{"@type":"Person","@id":"https:\/\/dev.antudigital.cl\/sites\/vc\/#\/schema\/person\/c2b9da8dd545e27166fc5ab232837318","name":"Valpara\u00edso Creativo","description":"Periodista de cultura en la Regi\u00f3n de Valpara\u00edso.","url":"https:\/\/dev.antudigital.cl\/sites\/vc\/author\/valpoadmin\/"}]}},"_links":{"self":[{"href":"https:\/\/dev.antudigital.cl\/sites\/vc\/wp-json\/wp\/v2\/posts\/22329","targetHints":{"allow":["GET"]}}],"collection":[{"href":"https:\/\/dev.antudigital.cl\/sites\/vc\/wp-json\/wp\/v2\/posts"}],"about":[{"href":"https:\/\/dev.antudigital.cl\/sites\/vc\/wp-json\/wp\/v2\/types\/post"}],"author":[{"embeddable":true,"href":"https:\/\/dev.antudigital.cl\/sites\/vc\/wp-json\/wp\/v2\/users\/1"}],"replies":[{"embeddable":true,"href":"https:\/\/dev.antudigital.cl\/sites\/vc\/wp-json\/wp\/v2\/comments?post=22329"}],"version-history":[{"count":1,"href":"https:\/\/dev.antudigital.cl\/sites\/vc\/wp-json\/wp\/v2\/posts\/22329\/revisions"}],"predecessor-version":[{"id":22332,"href":"https:\/\/dev.antudigital.cl\/sites\/vc\/wp-json\/wp\/v2\/posts\/22329\/revisions\/22332"}],"wp:featuredmedia":[{"embeddable":true,"href":"https:\/\/dev.antudigital.cl\/sites\/vc\/wp-json\/wp\/v2\/media\/22330"}],"wp:attachment":[{"href":"https:\/\/dev.antudigital.cl\/sites\/vc\/wp-json\/wp\/v2\/media?parent=22329"}],"wp:term":[{"taxonomy":"category","embeddable":true,"href":"https:\/\/dev.antudigital.cl\/sites\/vc\/wp-json\/wp\/v2\/categories?post=22329"},{"taxonomy":"post_tag","embeddable":true,"href":"https:\/\/dev.antudigital.cl\/sites\/vc\/wp-json\/wp\/v2\/tags?post=22329"}],"curies":[{"name":"wp","href":"https:\/\/api.w.org\/{rel}","templated":true}]}}