{"id":22333,"date":"2025-03-17T19:34:08","date_gmt":"2025-03-17T19:34:08","guid":{"rendered":"https:\/\/www.valparaisocreativo.cl\/?p=22333"},"modified":"2025-03-17T19:34:27","modified_gmt":"2025-03-17T19:34:27","slug":"convocatoria-al-sector-audiovisual-corfo-anuncia-ifi-2025","status":"publish","type":"post","link":"https:\/\/dev.antudigital.cl\/sites\/vc\/convocatoria-al-sector-audiovisual-corfo-anuncia-ifi-2025\/","title":{"rendered":"Convocatoria al sector audiovisual: Corfo anuncia IFI 2025"},"content":{"rendered":"\n<p><em>Disponible hasta el 14 de abril del 2025.<\/em><\/p>\n\n\n\n<p>Sobre la convocatoria: <\/p>\n\n\n\n<p>El programa de Apoyo a Inversiones Audiovisuales de Alto Impacto, m\u00e1s conocido como IFI Audiovisual, tiene como prop\u00f3sito aumentar la realizaci\u00f3n de producciones audiovisuales internacionales de alto impacto, a trav\u00e9s de un subsidio que contribuya a aumentar la inversi\u00f3n en esta industria y fortalezca la imagen pa\u00eds a nivel internacional, todo esto mediante un reembolso de hasta un 30% o 40% de los gastos relevantes de producciones que realicen un inversi\u00f3n m\u00ednima de 1 mill\u00f3n de d\u00f3lares netos en el pa\u00eds.<\/p>\n\n\n\n<h3 class=\"wp-block-heading\">\u00bfQui\u00e9nes pueden postular?<\/h3>\n\n\n\n<p>Podr\u00e1n postularse a esta l\u00ednea las producciones de largometrajes, series de televisi\u00f3n o contenido transmitido v\u00eda internet (OTT).<\/p>\n\n\n\n<h2 class=\"wp-block-heading\"><a href=\"https:\/\/www.corfo.cl\/sites\/cpp\/convocatorias\/movil\/ifi-programa-apoyo-inversiones-audiovisuales-alto-impacto-2025?utm_source=substack&amp;utm_medium=email#legales\">Bases legales<\/a><\/h2>\n\n\n\n<p>Podr\u00e1n ser beneficiarios las personas jur\u00eddicas extranjeras que realicen una obra audiovisual, que se desarrolle total o parcialmente en territorio chileno, siempre que concurra directamente, o mediante un acuerdo de co-ejecuci\u00f3n con una empresa productora nacional. En este segundo caso, el porcentaje mayoritario de inversi\u00f3n deber\u00e1 ser aportado por la empresa extranjera postulante.<\/p>\n\n\n\n<h3 class=\"wp-block-heading\">\u00bfQu\u00e9 beneficio entrega?<\/h3>\n\n\n\n<p>El subsidio cofinancia hasta el 30% del costo total de los gastos relevantes en el que incurre el realizador de producciones audiovisuales filmadas total o parcialmente en Chile, con un tope de hasta USD 3.000.000 (tres millones de d\u00f3lares).<\/p>\n\n\n\n<p>Si los gastos calificados se realizan en una regi\u00f3n o regiones distintas a la Regi\u00f3n Metropolitana, se podr\u00e1n reembolsar dichos gastos hasta en un 40%.<\/p>\n\n\n\n<p>El monto subsidio final asignado a cada beneficiario depender\u00e1 de la disponibilidad presupuestaria del concurso.<\/p>\n\n\n\n<p>Las empresas beneficiadas deber\u00e1n financiar la parte no cubierta por el subsidio de Corfo y dicho aporte deber\u00e1 ser \u201cpecuniario\u201d.<\/p>\n\n\n\n<h2 class=\"wp-block-heading\"><a href=\"https:\/\/www.corfo.cl\/sites\/cpp\/convocatorias\/movil\/ifi-programa-apoyo-inversiones-audiovisuales-alto-impacto-2025?utm_source=substack&amp;utm_medium=email\">Revisa m\u00e1s detalles y postula aqu\u00ed.<\/a><\/h2>\n","protected":false},"excerpt":{"rendered":"<p>Disponible hasta el 14 de abril del 2025. Sobre la convocatoria: El programa de Apoyo a Inversiones Audiovisuales de Alto Impacto, m\u00e1s conocido como IFI Audiovisual, tiene como prop\u00f3sito aumentar la realizaci\u00f3n de producciones audiovisuales internacionales de alto impacto, a trav\u00e9s de un subsidio que contribuya a aumentar la inversi\u00f3n en esta industria y fortalezca [&hellip;]<\/p>\n","protected":false},"author":1,"featured_media":22029,"comment_status":"closed","ping_status":"closed","sticky":false,"template":"","format":"standard","meta":{"_acf_changed":false,"footnotes":""},"categories":[8],"tags":[],"class_list":["post-22333","post","type-post","status-publish","format-standard","has-post-thumbnail","hentry","category-noticia"],"acf":[],"yoast_head":"<!-- This site is optimized with the Yoast SEO plugin v27.1.1 - https:\/\/yoast.com\/product\/yoast-seo-wordpress\/ -->\n<title>Convocatoria al sector audiovisual: Corfo anuncia IFI 2025 - Valpara\u00ed\u00adso Creativo<\/title>\n<meta name=\"robots\" content=\"index, follow, max-snippet:-1, max-image-preview:large, max-video-preview:-1\" \/>\n<link rel=\"canonical\" href=\"https:\/\/dev.antudigital.cl\/sites\/vc\/convocatoria-al-sector-audiovisual-corfo-anuncia-ifi-2025\/\" \/>\n<meta property=\"og:locale\" content=\"es_ES\" \/>\n<meta property=\"og:type\" content=\"article\" \/>\n<meta property=\"og:title\" content=\"Convocatoria al sector audiovisual: Corfo anuncia IFI 2025 - Valpara\u00ed\u00adso Creativo\" \/>\n<meta property=\"og:description\" content=\"Disponible hasta el 14 de abril del 2025. Sobre la convocatoria: El programa de Apoyo a Inversiones Audiovisuales de Alto Impacto, m\u00e1s conocido como IFI Audiovisual, tiene como prop\u00f3sito aumentar la realizaci\u00f3n de producciones audiovisuales internacionales de alto impacto, a trav\u00e9s de un subsidio que contribuya a aumentar la inversi\u00f3n en esta industria y fortalezca [&hellip;]\" \/>\n<meta property=\"og:url\" content=\"https:\/\/dev.antudigital.cl\/sites\/vc\/convocatoria-al-sector-audiovisual-corfo-anuncia-ifi-2025\/\" \/>\n<meta property=\"og:site_name\" content=\"Valpara\u00ed\u00adso Creativo\" \/>\n<meta property=\"article:published_time\" content=\"2025-03-17T19:34:08+00:00\" \/>\n<meta property=\"article:modified_time\" content=\"2025-03-17T19:34:27+00:00\" \/>\n<meta property=\"og:image\" content=\"https:\/\/dev.antudigital.cl\/sites\/vc\/wp-content\/uploads\/2025\/02\/logo_corfo2024_azul_min.png\" \/>\n\t<meta property=\"og:image:width\" content=\"340\" \/>\n\t<meta property=\"og:image:height\" content=\"191\" \/>\n\t<meta property=\"og:image:type\" content=\"image\/png\" \/>\n<meta name=\"author\" content=\"Valpara\u00edso Creativo\" \/>\n<meta name=\"twitter:card\" content=\"summary_large_image\" \/>\n<meta name=\"twitter:label1\" content=\"Escrito por\" \/>\n\t<meta name=\"twitter:data1\" content=\"Valpara\u00edso Creativo\" \/>\n\t<meta name=\"twitter:label2\" content=\"Tiempo de lectura\" \/>\n\t<meta name=\"twitter:data2\" content=\"2 minutos\" \/>\n<script type=\"application\/ld+json\" class=\"yoast-schema-graph\">{\"@context\":\"https:\/\/schema.org\",\"@graph\":[{\"@type\":\"Article\",\"@id\":\"https:\/\/dev.antudigital.cl\/sites\/vc\/convocatoria-al-sector-audiovisual-corfo-anuncia-ifi-2025\/#article\",\"isPartOf\":{\"@id\":\"https:\/\/dev.antudigital.cl\/sites\/vc\/convocatoria-al-sector-audiovisual-corfo-anuncia-ifi-2025\/\"},\"author\":{\"name\":\"Valpara\u00edso Creativo\",\"@id\":\"https:\/\/dev.antudigital.cl\/sites\/vc\/#\/schema\/person\/c2b9da8dd545e27166fc5ab232837318\"},\"headline\":\"Convocatoria al sector audiovisual: Corfo anuncia IFI 2025\",\"datePublished\":\"2025-03-17T19:34:08+00:00\",\"dateModified\":\"2025-03-17T19:34:27+00:00\",\"mainEntityOfPage\":{\"@id\":\"https:\/\/dev.antudigital.cl\/sites\/vc\/convocatoria-al-sector-audiovisual-corfo-anuncia-ifi-2025\/\"},\"wordCount\":301,\"image\":{\"@id\":\"https:\/\/dev.antudigital.cl\/sites\/vc\/convocatoria-al-sector-audiovisual-corfo-anuncia-ifi-2025\/#primaryimage\"},\"thumbnailUrl\":\"https:\/\/dev.antudigital.cl\/sites\/vc\/wp-content\/uploads\/2025\/02\/logo_corfo2024_azul_min.png\",\"articleSection\":[\"Noticia\"],\"inLanguage\":\"es\"},{\"@type\":\"WebPage\",\"@id\":\"https:\/\/dev.antudigital.cl\/sites\/vc\/convocatoria-al-sector-audiovisual-corfo-anuncia-ifi-2025\/\",\"url\":\"https:\/\/dev.antudigital.cl\/sites\/vc\/convocatoria-al-sector-audiovisual-corfo-anuncia-ifi-2025\/\",\"name\":\"Convocatoria al sector audiovisual: Corfo anuncia IFI 2025 - Valpara\u00ed\u00adso Creativo\",\"isPartOf\":{\"@id\":\"https:\/\/dev.antudigital.cl\/sites\/vc\/#website\"},\"primaryImageOfPage\":{\"@id\":\"https:\/\/dev.antudigital.cl\/sites\/vc\/convocatoria-al-sector-audiovisual-corfo-anuncia-ifi-2025\/#primaryimage\"},\"image\":{\"@id\":\"https:\/\/dev.antudigital.cl\/sites\/vc\/convocatoria-al-sector-audiovisual-corfo-anuncia-ifi-2025\/#primaryimage\"},\"thumbnailUrl\":\"https:\/\/dev.antudigital.cl\/sites\/vc\/wp-content\/uploads\/2025\/02\/logo_corfo2024_azul_min.png\",\"datePublished\":\"2025-03-17T19:34:08+00:00\",\"dateModified\":\"2025-03-17T19:34:27+00:00\",\"author\":{\"@id\":\"https:\/\/dev.antudigital.cl\/sites\/vc\/#\/schema\/person\/c2b9da8dd545e27166fc5ab232837318\"},\"breadcrumb\":{\"@id\":\"https:\/\/dev.antudigital.cl\/sites\/vc\/convocatoria-al-sector-audiovisual-corfo-anuncia-ifi-2025\/#breadcrumb\"},\"inLanguage\":\"es\",\"potentialAction\":[{\"@type\":\"ReadAction\",\"target\":[\"https:\/\/dev.antudigital.cl\/sites\/vc\/convocatoria-al-sector-audiovisual-corfo-anuncia-ifi-2025\/\"]}]},{\"@type\":\"ImageObject\",\"inLanguage\":\"es\",\"@id\":\"https:\/\/dev.antudigital.cl\/sites\/vc\/convocatoria-al-sector-audiovisual-corfo-anuncia-ifi-2025\/#primaryimage\",\"url\":\"https:\/\/dev.antudigital.cl\/sites\/vc\/wp-content\/uploads\/2025\/02\/logo_corfo2024_azul_min.png\",\"contentUrl\":\"https:\/\/dev.antudigital.cl\/sites\/vc\/wp-content\/uploads\/2025\/02\/logo_corfo2024_azul_min.png\",\"width\":340,\"height\":191},{\"@type\":\"BreadcrumbList\",\"@id\":\"https:\/\/dev.antudigital.cl\/sites\/vc\/convocatoria-al-sector-audiovisual-corfo-anuncia-ifi-2025\/#breadcrumb\",\"itemListElement\":[{\"@type\":\"ListItem\",\"position\":1,\"name\":\"Home\",\"item\":\"https:\/\/dev.antudigital.cl\/sites\/vc\/\"},{\"@type\":\"ListItem\",\"position\":2,\"name\":\"Convocatoria al sector audiovisual: Corfo anuncia IFI 2025\"}]},{\"@type\":\"WebSite\",\"@id\":\"https:\/\/dev.antudigital.cl\/sites\/vc\/#website\",\"url\":\"https:\/\/dev.antudigital.cl\/sites\/vc\/\",\"name\":\"Valpara\u00ed\u00adso Creativo\",\"description\":\"\",\"potentialAction\":[{\"@type\":\"SearchAction\",\"target\":{\"@type\":\"EntryPoint\",\"urlTemplate\":\"https:\/\/dev.antudigital.cl\/sites\/vc\/?s={search_term_string}\"},\"query-input\":{\"@type\":\"PropertyValueSpecification\",\"valueRequired\":true,\"valueName\":\"search_term_string\"}}],\"inLanguage\":\"es\"},{\"@type\":\"Person\",\"@id\":\"https:\/\/dev.antudigital.cl\/sites\/vc\/#\/schema\/person\/c2b9da8dd545e27166fc5ab232837318\",\"name\":\"Valpara\u00edso Creativo\",\"description\":\"Periodista de cultura en la Regi\u00f3n de Valpara\u00edso.\",\"url\":\"https:\/\/dev.antudigital.cl\/sites\/vc\/author\/valpoadmin\/\"}]}<\/script>\n<!-- \/ Yoast SEO plugin. -->","yoast_head_json":{"title":"Convocatoria al sector audiovisual: Corfo anuncia IFI 2025 - Valpara\u00ed\u00adso Creativo","robots":{"index":"index","follow":"follow","max-snippet":"max-snippet:-1","max-image-preview":"max-image-preview:large","max-video-preview":"max-video-preview:-1"},"canonical":"https:\/\/dev.antudigital.cl\/sites\/vc\/convocatoria-al-sector-audiovisual-corfo-anuncia-ifi-2025\/","og_locale":"es_ES","og_type":"article","og_title":"Convocatoria al sector audiovisual: Corfo anuncia IFI 2025 - Valpara\u00ed\u00adso Creativo","og_description":"Disponible hasta el 14 de abril del 2025. Sobre la convocatoria: El programa de Apoyo a Inversiones Audiovisuales de Alto Impacto, m\u00e1s conocido como IFI Audiovisual, tiene como prop\u00f3sito aumentar la realizaci\u00f3n de producciones audiovisuales internacionales de alto impacto, a trav\u00e9s de un subsidio que contribuya a aumentar la inversi\u00f3n en esta industria y fortalezca [&hellip;]","og_url":"https:\/\/dev.antudigital.cl\/sites\/vc\/convocatoria-al-sector-audiovisual-corfo-anuncia-ifi-2025\/","og_site_name":"Valpara\u00ed\u00adso Creativo","article_published_time":"2025-03-17T19:34:08+00:00","article_modified_time":"2025-03-17T19:34:27+00:00","og_image":[{"width":340,"height":191,"url":"https:\/\/dev.antudigital.cl\/sites\/vc\/wp-content\/uploads\/2025\/02\/logo_corfo2024_azul_min.png","type":"image\/png"}],"author":"Valpara\u00edso Creativo","twitter_card":"summary_large_image","twitter_misc":{"Escrito por":"Valpara\u00edso Creativo","Tiempo de lectura":"2 minutos"},"schema":{"@context":"https:\/\/schema.org","@graph":[{"@type":"Article","@id":"https:\/\/dev.antudigital.cl\/sites\/vc\/convocatoria-al-sector-audiovisual-corfo-anuncia-ifi-2025\/#article","isPartOf":{"@id":"https:\/\/dev.antudigital.cl\/sites\/vc\/convocatoria-al-sector-audiovisual-corfo-anuncia-ifi-2025\/"},"author":{"name":"Valpara\u00edso Creativo","@id":"https:\/\/dev.antudigital.cl\/sites\/vc\/#\/schema\/person\/c2b9da8dd545e27166fc5ab232837318"},"headline":"Convocatoria al sector audiovisual: Corfo anuncia IFI 2025","datePublished":"2025-03-17T19:34:08+00:00","dateModified":"2025-03-17T19:34:27+00:00","mainEntityOfPage":{"@id":"https:\/\/dev.antudigital.cl\/sites\/vc\/convocatoria-al-sector-audiovisual-corfo-anuncia-ifi-2025\/"},"wordCount":301,"image":{"@id":"https:\/\/dev.antudigital.cl\/sites\/vc\/convocatoria-al-sector-audiovisual-corfo-anuncia-ifi-2025\/#primaryimage"},"thumbnailUrl":"https:\/\/dev.antudigital.cl\/sites\/vc\/wp-content\/uploads\/2025\/02\/logo_corfo2024_azul_min.png","articleSection":["Noticia"],"inLanguage":"es"},{"@type":"WebPage","@id":"https:\/\/dev.antudigital.cl\/sites\/vc\/convocatoria-al-sector-audiovisual-corfo-anuncia-ifi-2025\/","url":"https:\/\/dev.antudigital.cl\/sites\/vc\/convocatoria-al-sector-audiovisual-corfo-anuncia-ifi-2025\/","name":"Convocatoria al sector audiovisual: Corfo anuncia IFI 2025 - Valpara\u00ed\u00adso Creativo","isPartOf":{"@id":"https:\/\/dev.antudigital.cl\/sites\/vc\/#website"},"primaryImageOfPage":{"@id":"https:\/\/dev.antudigital.cl\/sites\/vc\/convocatoria-al-sector-audiovisual-corfo-anuncia-ifi-2025\/#primaryimage"},"image":{"@id":"https:\/\/dev.antudigital.cl\/sites\/vc\/convocatoria-al-sector-audiovisual-corfo-anuncia-ifi-2025\/#primaryimage"},"thumbnailUrl":"https:\/\/dev.antudigital.cl\/sites\/vc\/wp-content\/uploads\/2025\/02\/logo_corfo2024_azul_min.png","datePublished":"2025-03-17T19:34:08+00:00","dateModified":"2025-03-17T19:34:27+00:00","author":{"@id":"https:\/\/dev.antudigital.cl\/sites\/vc\/#\/schema\/person\/c2b9da8dd545e27166fc5ab232837318"},"breadcrumb":{"@id":"https:\/\/dev.antudigital.cl\/sites\/vc\/convocatoria-al-sector-audiovisual-corfo-anuncia-ifi-2025\/#breadcrumb"},"inLanguage":"es","potentialAction":[{"@type":"ReadAction","target":["https:\/\/dev.antudigital.cl\/sites\/vc\/convocatoria-al-sector-audiovisual-corfo-anuncia-ifi-2025\/"]}]},{"@type":"ImageObject","inLanguage":"es","@id":"https:\/\/dev.antudigital.cl\/sites\/vc\/convocatoria-al-sector-audiovisual-corfo-anuncia-ifi-2025\/#primaryimage","url":"https:\/\/dev.antudigital.cl\/sites\/vc\/wp-content\/uploads\/2025\/02\/logo_corfo2024_azul_min.png","contentUrl":"https:\/\/dev.antudigital.cl\/sites\/vc\/wp-content\/uploads\/2025\/02\/logo_corfo2024_azul_min.png","width":340,"height":191},{"@type":"BreadcrumbList","@id":"https:\/\/dev.antudigital.cl\/sites\/vc\/convocatoria-al-sector-audiovisual-corfo-anuncia-ifi-2025\/#breadcrumb","itemListElement":[{"@type":"ListItem","position":1,"name":"Home","item":"https:\/\/dev.antudigital.cl\/sites\/vc\/"},{"@type":"ListItem","position":2,"name":"Convocatoria al sector audiovisual: Corfo anuncia IFI 2025"}]},{"@type":"WebSite","@id":"https:\/\/dev.antudigital.cl\/sites\/vc\/#website","url":"https:\/\/dev.antudigital.cl\/sites\/vc\/","name":"Valpara\u00ed\u00adso Creativo","description":"","potentialAction":[{"@type":"SearchAction","target":{"@type":"EntryPoint","urlTemplate":"https:\/\/dev.antudigital.cl\/sites\/vc\/?s={search_term_string}"},"query-input":{"@type":"PropertyValueSpecification","valueRequired":true,"valueName":"search_term_string"}}],"inLanguage":"es"},{"@type":"Person","@id":"https:\/\/dev.antudigital.cl\/sites\/vc\/#\/schema\/person\/c2b9da8dd545e27166fc5ab232837318","name":"Valpara\u00edso Creativo","description":"Periodista de cultura en la Regi\u00f3n de Valpara\u00edso.","url":"https:\/\/dev.antudigital.cl\/sites\/vc\/author\/valpoadmin\/"}]}},"_links":{"self":[{"href":"https:\/\/dev.antudigital.cl\/sites\/vc\/wp-json\/wp\/v2\/posts\/22333","targetHints":{"allow":["GET"]}}],"collection":[{"href":"https:\/\/dev.antudigital.cl\/sites\/vc\/wp-json\/wp\/v2\/posts"}],"about":[{"href":"https:\/\/dev.antudigital.cl\/sites\/vc\/wp-json\/wp\/v2\/types\/post"}],"author":[{"embeddable":true,"href":"https:\/\/dev.antudigital.cl\/sites\/vc\/wp-json\/wp\/v2\/users\/1"}],"replies":[{"embeddable":true,"href":"https:\/\/dev.antudigital.cl\/sites\/vc\/wp-json\/wp\/v2\/comments?post=22333"}],"version-history":[{"count":1,"href":"https:\/\/dev.antudigital.cl\/sites\/vc\/wp-json\/wp\/v2\/posts\/22333\/revisions"}],"predecessor-version":[{"id":22334,"href":"https:\/\/dev.antudigital.cl\/sites\/vc\/wp-json\/wp\/v2\/posts\/22333\/revisions\/22334"}],"wp:featuredmedia":[{"embeddable":true,"href":"https:\/\/dev.antudigital.cl\/sites\/vc\/wp-json\/wp\/v2\/media\/22029"}],"wp:attachment":[{"href":"https:\/\/dev.antudigital.cl\/sites\/vc\/wp-json\/wp\/v2\/media?parent=22333"}],"wp:term":[{"taxonomy":"category","embeddable":true,"href":"https:\/\/dev.antudigital.cl\/sites\/vc\/wp-json\/wp\/v2\/categories?post=22333"},{"taxonomy":"post_tag","embeddable":true,"href":"https:\/\/dev.antudigital.cl\/sites\/vc\/wp-json\/wp\/v2\/tags?post=22333"}],"curies":[{"name":"wp","href":"https:\/\/api.w.org\/{rel}","templated":true}]}}