{"id":22346,"date":"2025-03-21T15:06:53","date_gmt":"2025-03-21T15:06:53","guid":{"rendered":"https:\/\/www.valparaisocreativo.cl\/?p=22346"},"modified":"2025-03-21T15:07:13","modified_gmt":"2025-03-21T15:07:13","slug":"artequin-vina-del-mar-inauguro-sala-mar-y-cine-una-nueva-experiencia-multimedial","status":"publish","type":"post","link":"https:\/\/dev.antudigital.cl\/sites\/vc\/artequin-vina-del-mar-inauguro-sala-mar-y-cine-una-nueva-experiencia-multimedial\/","title":{"rendered":"Artequin Vi\u00f1a del Mar inaugur\u00f3 Sala Mar y Cine, una nueva experiencia multimedial"},"content":{"rendered":"\n<p>Artequin Vi\u00f1a del Mar sigue acercando el arte a ni\u00f1os, ni\u00f1as y j\u00f3venes, esta vez celebrando la apertura de la Sala Mar y Cine, un espacio multiprop\u00f3sito dise\u00f1ado para diferentes proyecciones audiovisuales, multimediales e inmersivas, funcionando tambi\u00e9n como auditorio para ceremonias.&nbsp;<\/p>\n\n\n\n<p>La inauguraci\u00f3n estuvo marcada por la participaci\u00f3n de estudiantes de 4to b\u00e1sico del Colegio Santa Julia, quienes disfrutaron de la tecnolog\u00eda de un esc\u00e1ner interactivo instalado en la Sala que permite que las pinturas de ni\u00f1os y ni\u00f1as cobren vida y adquieran movimiento en pantalla grande.&nbsp;<\/p>\n\n\n\n<p>Sala Mar y Cine es un nuevo espacio del museo que funciona de manera personalizada y did\u00e1ctica, enfatizando en la conciencia ambiental a trav\u00e9s de la exploraci\u00f3n marina y c\u00f3mo nos relacionamos con su fauna.&nbsp;&nbsp;<\/p>\n\n\n\n<p>La ceremonia de inauguraci\u00f3n celebrada el jueves 20 de marzo en el museo, cont\u00f3 con la presencia de la alcaldesa de Vi\u00f1a del Mar Macarena Ripamonti, autoridades locales y representantes del \u00e1mbito cultural, cient\u00edfico y educativo.&nbsp;<\/p>\n\n\n\n<figure class=\"wp-block-image size-large\"><img fetchpriority=\"high\" decoding=\"async\" width=\"768\" height=\"1024\" src=\"https:\/\/www.valparaisocreativo.cl\/wp-content\/uploads\/2025\/03\/IMG_0093-768x1024.jpg\" alt=\"\" class=\"wp-image-22348\" srcset=\"https:\/\/dev.antudigital.cl\/sites\/vc\/wp-content\/uploads\/2025\/03\/IMG_0093-768x1024.jpg 768w, https:\/\/dev.antudigital.cl\/sites\/vc\/wp-content\/uploads\/2025\/03\/IMG_0093-225x300.jpg 225w, https:\/\/dev.antudigital.cl\/sites\/vc\/wp-content\/uploads\/2025\/03\/IMG_0093-1152x1536.jpg 1152w, https:\/\/dev.antudigital.cl\/sites\/vc\/wp-content\/uploads\/2025\/03\/IMG_0093-1536x2048.jpg 1536w, https:\/\/dev.antudigital.cl\/sites\/vc\/wp-content\/uploads\/2025\/03\/IMG_0093-1080x1440.jpg 1080w, https:\/\/dev.antudigital.cl\/sites\/vc\/wp-content\/uploads\/2025\/03\/IMG_0093-1280x1707.jpg 1280w, https:\/\/dev.antudigital.cl\/sites\/vc\/wp-content\/uploads\/2025\/03\/IMG_0093-980x1307.jpg 980w, https:\/\/dev.antudigital.cl\/sites\/vc\/wp-content\/uploads\/2025\/03\/IMG_0093-480x640.jpg 480w, https:\/\/dev.antudigital.cl\/sites\/vc\/wp-content\/uploads\/2025\/03\/IMG_0093-18x24.jpg 18w, https:\/\/dev.antudigital.cl\/sites\/vc\/wp-content\/uploads\/2025\/03\/IMG_0093-27x36.jpg 27w, https:\/\/dev.antudigital.cl\/sites\/vc\/wp-content\/uploads\/2025\/03\/IMG_0093-36x48.jpg 36w, https:\/\/dev.antudigital.cl\/sites\/vc\/wp-content\/uploads\/2025\/03\/IMG_0093-scaled.jpg 1920w\" sizes=\"(max-width: 768px) 100vw, 768px\" \/><\/figure>\n\n\n\n<p>Con 17 a\u00f1os de trayector\u00eda, Artequin Vi\u00f1a se ha consolidado como un referente en la educaci\u00f3n art\u00edstica para la ni\u00f1ez y juventudes. Seg\u00fan la alcaldesa de Vi\u00f1a del Mar, Macarena Ripamonti, \u201cArtequin Vi\u00f1a es un tremendo espacio que potencia algo que nos hace falta, el arte y la experimentaci\u00f3n a trav\u00e9s del contacto y la experiencia sensible, sobre todo dirigido a personas tan importantes de nuestra sociedad como son los ni\u00f1os, ni\u00f1as y j\u00f3venes\u201d.<\/p>\n\n\n\n<p>Adem\u00e1s, destac\u00f3 la contribuci\u00f3n de Artequin Vi\u00f1a a la ciudad, invitando \u201ca todos los vi\u00f1amarinos y las vi\u00f1amarina, de todas las edades, a visitar el museo que cuenta con un hermoso jard\u00edn, y as\u00ed puedan conocer la nueva Sala Mar y Cine para que se sorprendan y experimenten con lo maravilloso que es\u201d.<\/p>\n\n\n\n<p>Este proyecto fue posible gracias al apoyo del Fondo de Mejoramiento Integral de&nbsp; Museos (FMIM) del Ministerio de las Culturas, las Artes y el Patrimonio y la participaci\u00f3n de INAS Dise\u00f1o.&nbsp;<\/p>\n\n\n\n<p>Para m\u00e1s informaci\u00f3n pueden seguir las redes sociales del museo como @artequinvin o su sitio web <a href=\"http:\/\/www.artequinvina.cl\">www.artequinvina.cl<\/a>. El museo Artequin Vi\u00f1a del Mar est\u00e1 ubicado en calle Alcade Prieto Nieto #500, Quinta Vergara, Vi\u00f1a del Mar.<\/p>\n","protected":false},"excerpt":{"rendered":"<p>Artequin Vi\u00f1a del Mar sigue acercando el arte a ni\u00f1os, ni\u00f1as y j\u00f3venes, esta vez celebrando la apertura de la Sala Mar y Cine, un espacio multiprop\u00f3sito dise\u00f1ado para diferentes proyecciones audiovisuales, multimediales e inmersivas, funcionando tambi\u00e9n como auditorio para ceremonias.&nbsp; La inauguraci\u00f3n estuvo marcada por la participaci\u00f3n de estudiantes de 4to b\u00e1sico del Colegio [&hellip;]<\/p>\n","protected":false},"author":1,"featured_media":22347,"comment_status":"closed","ping_status":"closed","sticky":false,"template":"","format":"standard","meta":{"_acf_changed":false,"footnotes":""},"categories":[8],"tags":[],"class_list":["post-22346","post","type-post","status-publish","format-standard","has-post-thumbnail","hentry","category-noticia"],"acf":[],"yoast_head":"<!-- This site is optimized with the Yoast SEO plugin v27.1.1 - https:\/\/yoast.com\/product\/yoast-seo-wordpress\/ -->\n<title>Artequin Vi\u00f1a del Mar inaugur\u00f3 Sala Mar y Cine, una nueva experiencia multimedial - Valpara\u00ed\u00adso Creativo<\/title>\n<meta name=\"robots\" content=\"index, follow, max-snippet:-1, max-image-preview:large, max-video-preview:-1\" \/>\n<link rel=\"canonical\" href=\"https:\/\/dev.antudigital.cl\/sites\/vc\/artequin-vina-del-mar-inauguro-sala-mar-y-cine-una-nueva-experiencia-multimedial\/\" \/>\n<meta property=\"og:locale\" content=\"es_ES\" \/>\n<meta property=\"og:type\" content=\"article\" \/>\n<meta property=\"og:title\" content=\"Artequin Vi\u00f1a del Mar inaugur\u00f3 Sala Mar y Cine, una nueva experiencia multimedial - Valpara\u00ed\u00adso Creativo\" \/>\n<meta property=\"og:description\" content=\"Artequin Vi\u00f1a del Mar sigue acercando el arte a ni\u00f1os, ni\u00f1as y j\u00f3venes, esta vez celebrando la apertura de la Sala Mar y Cine, un espacio multiprop\u00f3sito dise\u00f1ado para diferentes proyecciones audiovisuales, multimediales e inmersivas, funcionando tambi\u00e9n como auditorio para ceremonias.&nbsp; La inauguraci\u00f3n estuvo marcada por la participaci\u00f3n de estudiantes de 4to b\u00e1sico del Colegio [&hellip;]\" \/>\n<meta property=\"og:url\" content=\"https:\/\/dev.antudigital.cl\/sites\/vc\/artequin-vina-del-mar-inauguro-sala-mar-y-cine-una-nueva-experiencia-multimedial\/\" \/>\n<meta property=\"og:site_name\" content=\"Valpara\u00ed\u00adso Creativo\" \/>\n<meta property=\"article:published_time\" content=\"2025-03-21T15:06:53+00:00\" \/>\n<meta property=\"article:modified_time\" content=\"2025-03-21T15:07:13+00:00\" \/>\n<meta property=\"og:image\" content=\"https:\/\/dev.antudigital.cl\/sites\/vc\/wp-content\/uploads\/2025\/03\/enveranowebPhoto2.jpeg\" \/>\n\t<meta property=\"og:image:width\" content=\"1920\" \/>\n\t<meta property=\"og:image:height\" content=\"1080\" \/>\n\t<meta property=\"og:image:type\" content=\"image\/jpeg\" \/>\n<meta name=\"author\" content=\"Valpara\u00edso Creativo\" \/>\n<meta name=\"twitter:card\" content=\"summary_large_image\" \/>\n<meta name=\"twitter:label1\" content=\"Escrito por\" \/>\n\t<meta name=\"twitter:data1\" content=\"Valpara\u00edso Creativo\" \/>\n\t<meta name=\"twitter:label2\" content=\"Tiempo de lectura\" \/>\n\t<meta name=\"twitter:data2\" content=\"3 minutos\" \/>\n<script type=\"application\/ld+json\" class=\"yoast-schema-graph\">{\"@context\":\"https:\/\/schema.org\",\"@graph\":[{\"@type\":\"Article\",\"@id\":\"https:\/\/dev.antudigital.cl\/sites\/vc\/artequin-vina-del-mar-inauguro-sala-mar-y-cine-una-nueva-experiencia-multimedial\/#article\",\"isPartOf\":{\"@id\":\"https:\/\/dev.antudigital.cl\/sites\/vc\/artequin-vina-del-mar-inauguro-sala-mar-y-cine-una-nueva-experiencia-multimedial\/\"},\"author\":{\"name\":\"Valpara\u00edso Creativo\",\"@id\":\"https:\/\/dev.antudigital.cl\/sites\/vc\/#\/schema\/person\/c2b9da8dd545e27166fc5ab232837318\"},\"headline\":\"Artequin Vi\u00f1a del Mar inaugur\u00f3 Sala Mar y Cine, una nueva experiencia multimedial\",\"datePublished\":\"2025-03-21T15:06:53+00:00\",\"dateModified\":\"2025-03-21T15:07:13+00:00\",\"mainEntityOfPage\":{\"@id\":\"https:\/\/dev.antudigital.cl\/sites\/vc\/artequin-vina-del-mar-inauguro-sala-mar-y-cine-una-nueva-experiencia-multimedial\/\"},\"wordCount\":419,\"image\":{\"@id\":\"https:\/\/dev.antudigital.cl\/sites\/vc\/artequin-vina-del-mar-inauguro-sala-mar-y-cine-una-nueva-experiencia-multimedial\/#primaryimage\"},\"thumbnailUrl\":\"https:\/\/dev.antudigital.cl\/sites\/vc\/wp-content\/uploads\/2025\/03\/enveranowebPhoto2.jpeg\",\"articleSection\":[\"Noticia\"],\"inLanguage\":\"es\"},{\"@type\":\"WebPage\",\"@id\":\"https:\/\/dev.antudigital.cl\/sites\/vc\/artequin-vina-del-mar-inauguro-sala-mar-y-cine-una-nueva-experiencia-multimedial\/\",\"url\":\"https:\/\/dev.antudigital.cl\/sites\/vc\/artequin-vina-del-mar-inauguro-sala-mar-y-cine-una-nueva-experiencia-multimedial\/\",\"name\":\"Artequin Vi\u00f1a del Mar inaugur\u00f3 Sala Mar y Cine, una nueva experiencia multimedial - Valpara\u00ed\u00adso Creativo\",\"isPartOf\":{\"@id\":\"https:\/\/dev.antudigital.cl\/sites\/vc\/#website\"},\"primaryImageOfPage\":{\"@id\":\"https:\/\/dev.antudigital.cl\/sites\/vc\/artequin-vina-del-mar-inauguro-sala-mar-y-cine-una-nueva-experiencia-multimedial\/#primaryimage\"},\"image\":{\"@id\":\"https:\/\/dev.antudigital.cl\/sites\/vc\/artequin-vina-del-mar-inauguro-sala-mar-y-cine-una-nueva-experiencia-multimedial\/#primaryimage\"},\"thumbnailUrl\":\"https:\/\/dev.antudigital.cl\/sites\/vc\/wp-content\/uploads\/2025\/03\/enveranowebPhoto2.jpeg\",\"datePublished\":\"2025-03-21T15:06:53+00:00\",\"dateModified\":\"2025-03-21T15:07:13+00:00\",\"author\":{\"@id\":\"https:\/\/dev.antudigital.cl\/sites\/vc\/#\/schema\/person\/c2b9da8dd545e27166fc5ab232837318\"},\"breadcrumb\":{\"@id\":\"https:\/\/dev.antudigital.cl\/sites\/vc\/artequin-vina-del-mar-inauguro-sala-mar-y-cine-una-nueva-experiencia-multimedial\/#breadcrumb\"},\"inLanguage\":\"es\",\"potentialAction\":[{\"@type\":\"ReadAction\",\"target\":[\"https:\/\/dev.antudigital.cl\/sites\/vc\/artequin-vina-del-mar-inauguro-sala-mar-y-cine-una-nueva-experiencia-multimedial\/\"]}]},{\"@type\":\"ImageObject\",\"inLanguage\":\"es\",\"@id\":\"https:\/\/dev.antudigital.cl\/sites\/vc\/artequin-vina-del-mar-inauguro-sala-mar-y-cine-una-nueva-experiencia-multimedial\/#primaryimage\",\"url\":\"https:\/\/dev.antudigital.cl\/sites\/vc\/wp-content\/uploads\/2025\/03\/enveranowebPhoto2.jpeg\",\"contentUrl\":\"https:\/\/dev.antudigital.cl\/sites\/vc\/wp-content\/uploads\/2025\/03\/enveranowebPhoto2.jpeg\",\"width\":1920,\"height\":1080},{\"@type\":\"BreadcrumbList\",\"@id\":\"https:\/\/dev.antudigital.cl\/sites\/vc\/artequin-vina-del-mar-inauguro-sala-mar-y-cine-una-nueva-experiencia-multimedial\/#breadcrumb\",\"itemListElement\":[{\"@type\":\"ListItem\",\"position\":1,\"name\":\"Home\",\"item\":\"https:\/\/dev.antudigital.cl\/sites\/vc\/\"},{\"@type\":\"ListItem\",\"position\":2,\"name\":\"Artequin Vi\u00f1a del Mar inaugur\u00f3 Sala Mar y Cine, una nueva experiencia multimedial\"}]},{\"@type\":\"WebSite\",\"@id\":\"https:\/\/dev.antudigital.cl\/sites\/vc\/#website\",\"url\":\"https:\/\/dev.antudigital.cl\/sites\/vc\/\",\"name\":\"Valpara\u00ed\u00adso Creativo\",\"description\":\"\",\"potentialAction\":[{\"@type\":\"SearchAction\",\"target\":{\"@type\":\"EntryPoint\",\"urlTemplate\":\"https:\/\/dev.antudigital.cl\/sites\/vc\/?s={search_term_string}\"},\"query-input\":{\"@type\":\"PropertyValueSpecification\",\"valueRequired\":true,\"valueName\":\"search_term_string\"}}],\"inLanguage\":\"es\"},{\"@type\":\"Person\",\"@id\":\"https:\/\/dev.antudigital.cl\/sites\/vc\/#\/schema\/person\/c2b9da8dd545e27166fc5ab232837318\",\"name\":\"Valpara\u00edso Creativo\",\"description\":\"Periodista de cultura en la Regi\u00f3n de Valpara\u00edso.\",\"url\":\"https:\/\/dev.antudigital.cl\/sites\/vc\/author\/valpoadmin\/\"}]}<\/script>\n<!-- \/ Yoast SEO plugin. -->","yoast_head_json":{"title":"Artequin Vi\u00f1a del Mar inaugur\u00f3 Sala Mar y Cine, una nueva experiencia multimedial - Valpara\u00ed\u00adso Creativo","robots":{"index":"index","follow":"follow","max-snippet":"max-snippet:-1","max-image-preview":"max-image-preview:large","max-video-preview":"max-video-preview:-1"},"canonical":"https:\/\/dev.antudigital.cl\/sites\/vc\/artequin-vina-del-mar-inauguro-sala-mar-y-cine-una-nueva-experiencia-multimedial\/","og_locale":"es_ES","og_type":"article","og_title":"Artequin Vi\u00f1a del Mar inaugur\u00f3 Sala Mar y Cine, una nueva experiencia multimedial - Valpara\u00ed\u00adso Creativo","og_description":"Artequin Vi\u00f1a del Mar sigue acercando el arte a ni\u00f1os, ni\u00f1as y j\u00f3venes, esta vez celebrando la apertura de la Sala Mar y Cine, un espacio multiprop\u00f3sito dise\u00f1ado para diferentes proyecciones audiovisuales, multimediales e inmersivas, funcionando tambi\u00e9n como auditorio para ceremonias.&nbsp; La inauguraci\u00f3n estuvo marcada por la participaci\u00f3n de estudiantes de 4to b\u00e1sico del Colegio [&hellip;]","og_url":"https:\/\/dev.antudigital.cl\/sites\/vc\/artequin-vina-del-mar-inauguro-sala-mar-y-cine-una-nueva-experiencia-multimedial\/","og_site_name":"Valpara\u00ed\u00adso Creativo","article_published_time":"2025-03-21T15:06:53+00:00","article_modified_time":"2025-03-21T15:07:13+00:00","og_image":[{"width":1920,"height":1080,"url":"https:\/\/dev.antudigital.cl\/sites\/vc\/wp-content\/uploads\/2025\/03\/enveranowebPhoto2.jpeg","type":"image\/jpeg"}],"author":"Valpara\u00edso Creativo","twitter_card":"summary_large_image","twitter_misc":{"Escrito por":"Valpara\u00edso Creativo","Tiempo de lectura":"3 minutos"},"schema":{"@context":"https:\/\/schema.org","@graph":[{"@type":"Article","@id":"https:\/\/dev.antudigital.cl\/sites\/vc\/artequin-vina-del-mar-inauguro-sala-mar-y-cine-una-nueva-experiencia-multimedial\/#article","isPartOf":{"@id":"https:\/\/dev.antudigital.cl\/sites\/vc\/artequin-vina-del-mar-inauguro-sala-mar-y-cine-una-nueva-experiencia-multimedial\/"},"author":{"name":"Valpara\u00edso Creativo","@id":"https:\/\/dev.antudigital.cl\/sites\/vc\/#\/schema\/person\/c2b9da8dd545e27166fc5ab232837318"},"headline":"Artequin Vi\u00f1a del Mar inaugur\u00f3 Sala Mar y Cine, una nueva experiencia multimedial","datePublished":"2025-03-21T15:06:53+00:00","dateModified":"2025-03-21T15:07:13+00:00","mainEntityOfPage":{"@id":"https:\/\/dev.antudigital.cl\/sites\/vc\/artequin-vina-del-mar-inauguro-sala-mar-y-cine-una-nueva-experiencia-multimedial\/"},"wordCount":419,"image":{"@id":"https:\/\/dev.antudigital.cl\/sites\/vc\/artequin-vina-del-mar-inauguro-sala-mar-y-cine-una-nueva-experiencia-multimedial\/#primaryimage"},"thumbnailUrl":"https:\/\/dev.antudigital.cl\/sites\/vc\/wp-content\/uploads\/2025\/03\/enveranowebPhoto2.jpeg","articleSection":["Noticia"],"inLanguage":"es"},{"@type":"WebPage","@id":"https:\/\/dev.antudigital.cl\/sites\/vc\/artequin-vina-del-mar-inauguro-sala-mar-y-cine-una-nueva-experiencia-multimedial\/","url":"https:\/\/dev.antudigital.cl\/sites\/vc\/artequin-vina-del-mar-inauguro-sala-mar-y-cine-una-nueva-experiencia-multimedial\/","name":"Artequin Vi\u00f1a del Mar inaugur\u00f3 Sala Mar y Cine, una nueva experiencia multimedial - Valpara\u00ed\u00adso Creativo","isPartOf":{"@id":"https:\/\/dev.antudigital.cl\/sites\/vc\/#website"},"primaryImageOfPage":{"@id":"https:\/\/dev.antudigital.cl\/sites\/vc\/artequin-vina-del-mar-inauguro-sala-mar-y-cine-una-nueva-experiencia-multimedial\/#primaryimage"},"image":{"@id":"https:\/\/dev.antudigital.cl\/sites\/vc\/artequin-vina-del-mar-inauguro-sala-mar-y-cine-una-nueva-experiencia-multimedial\/#primaryimage"},"thumbnailUrl":"https:\/\/dev.antudigital.cl\/sites\/vc\/wp-content\/uploads\/2025\/03\/enveranowebPhoto2.jpeg","datePublished":"2025-03-21T15:06:53+00:00","dateModified":"2025-03-21T15:07:13+00:00","author":{"@id":"https:\/\/dev.antudigital.cl\/sites\/vc\/#\/schema\/person\/c2b9da8dd545e27166fc5ab232837318"},"breadcrumb":{"@id":"https:\/\/dev.antudigital.cl\/sites\/vc\/artequin-vina-del-mar-inauguro-sala-mar-y-cine-una-nueva-experiencia-multimedial\/#breadcrumb"},"inLanguage":"es","potentialAction":[{"@type":"ReadAction","target":["https:\/\/dev.antudigital.cl\/sites\/vc\/artequin-vina-del-mar-inauguro-sala-mar-y-cine-una-nueva-experiencia-multimedial\/"]}]},{"@type":"ImageObject","inLanguage":"es","@id":"https:\/\/dev.antudigital.cl\/sites\/vc\/artequin-vina-del-mar-inauguro-sala-mar-y-cine-una-nueva-experiencia-multimedial\/#primaryimage","url":"https:\/\/dev.antudigital.cl\/sites\/vc\/wp-content\/uploads\/2025\/03\/enveranowebPhoto2.jpeg","contentUrl":"https:\/\/dev.antudigital.cl\/sites\/vc\/wp-content\/uploads\/2025\/03\/enveranowebPhoto2.jpeg","width":1920,"height":1080},{"@type":"BreadcrumbList","@id":"https:\/\/dev.antudigital.cl\/sites\/vc\/artequin-vina-del-mar-inauguro-sala-mar-y-cine-una-nueva-experiencia-multimedial\/#breadcrumb","itemListElement":[{"@type":"ListItem","position":1,"name":"Home","item":"https:\/\/dev.antudigital.cl\/sites\/vc\/"},{"@type":"ListItem","position":2,"name":"Artequin Vi\u00f1a del Mar inaugur\u00f3 Sala Mar y Cine, una nueva experiencia multimedial"}]},{"@type":"WebSite","@id":"https:\/\/dev.antudigital.cl\/sites\/vc\/#website","url":"https:\/\/dev.antudigital.cl\/sites\/vc\/","name":"Valpara\u00ed\u00adso Creativo","description":"","potentialAction":[{"@type":"SearchAction","target":{"@type":"EntryPoint","urlTemplate":"https:\/\/dev.antudigital.cl\/sites\/vc\/?s={search_term_string}"},"query-input":{"@type":"PropertyValueSpecification","valueRequired":true,"valueName":"search_term_string"}}],"inLanguage":"es"},{"@type":"Person","@id":"https:\/\/dev.antudigital.cl\/sites\/vc\/#\/schema\/person\/c2b9da8dd545e27166fc5ab232837318","name":"Valpara\u00edso Creativo","description":"Periodista de cultura en la Regi\u00f3n de Valpara\u00edso.","url":"https:\/\/dev.antudigital.cl\/sites\/vc\/author\/valpoadmin\/"}]}},"_links":{"self":[{"href":"https:\/\/dev.antudigital.cl\/sites\/vc\/wp-json\/wp\/v2\/posts\/22346","targetHints":{"allow":["GET"]}}],"collection":[{"href":"https:\/\/dev.antudigital.cl\/sites\/vc\/wp-json\/wp\/v2\/posts"}],"about":[{"href":"https:\/\/dev.antudigital.cl\/sites\/vc\/wp-json\/wp\/v2\/types\/post"}],"author":[{"embeddable":true,"href":"https:\/\/dev.antudigital.cl\/sites\/vc\/wp-json\/wp\/v2\/users\/1"}],"replies":[{"embeddable":true,"href":"https:\/\/dev.antudigital.cl\/sites\/vc\/wp-json\/wp\/v2\/comments?post=22346"}],"version-history":[{"count":1,"href":"https:\/\/dev.antudigital.cl\/sites\/vc\/wp-json\/wp\/v2\/posts\/22346\/revisions"}],"predecessor-version":[{"id":22349,"href":"https:\/\/dev.antudigital.cl\/sites\/vc\/wp-json\/wp\/v2\/posts\/22346\/revisions\/22349"}],"wp:featuredmedia":[{"embeddable":true,"href":"https:\/\/dev.antudigital.cl\/sites\/vc\/wp-json\/wp\/v2\/media\/22347"}],"wp:attachment":[{"href":"https:\/\/dev.antudigital.cl\/sites\/vc\/wp-json\/wp\/v2\/media?parent=22346"}],"wp:term":[{"taxonomy":"category","embeddable":true,"href":"https:\/\/dev.antudigital.cl\/sites\/vc\/wp-json\/wp\/v2\/categories?post=22346"},{"taxonomy":"post_tag","embeddable":true,"href":"https:\/\/dev.antudigital.cl\/sites\/vc\/wp-json\/wp\/v2\/tags?post=22346"}],"curies":[{"name":"wp","href":"https:\/\/api.w.org\/{rel}","templated":true}]}}