{"id":22350,"date":"2025-03-21T16:38:33","date_gmt":"2025-03-21T16:38:33","guid":{"rendered":"https:\/\/www.valparaisocreativo.cl\/?p=22350"},"modified":"2025-03-21T16:38:51","modified_gmt":"2025-03-21T16:38:51","slug":"de-pie-junto-a-las-ruinas-el-crudo-impacto-de-la-crisis-medioambiental-en-notable-exposicion-de-fotografia-contemporanea-de-oskar-huerta","status":"publish","type":"post","link":"https:\/\/dev.antudigital.cl\/sites\/vc\/de-pie-junto-a-las-ruinas-el-crudo-impacto-de-la-crisis-medioambiental-en-notable-exposicion-de-fotografia-contemporanea-de-oskar-huerta\/","title":{"rendered":"\u201cDe Pie Junto a las Ruinas\u00bb: El crudo impacto de la crisis medioambiental en notable exposici\u00f3n de fotograf\u00eda contempor\u00e1nea de Oskar Huerta"},"content":{"rendered":"\n<p><strong><em>La muestra, con acceso gratuito y que se inaugura este s\u00e1bado en Parque Cultural de Valpara\u00edso, deja en evidencia el impacto de la sequ\u00eda, la desertificaci\u00f3n y la sobreexplotaci\u00f3n de los recursos naturales a trav\u00e9s de una potente narrativa visual sobre la crisis medioambiental del Limar\u00ed.<\/em><\/strong><\/p>\n\n\n\n<p><strong><em>__________________<\/em><\/strong><strong><\/strong><\/p>\n\n\n\n<p>\u201cDe Pie Junto a las Ruinas\u201d; la exposici\u00f3n de fotograf\u00eda contempor\u00e1nea que se inaugura este s\u00e1bado en Parque Cultural de Valpara\u00edso-Ex C\u00e1rcel del fot\u00f3grafo y artista visual, Oskar Huerta y que invita a una profunda reflexi\u00f3n sobre la crisis ambiental del Limar\u00ed y su impacto en el paisaje y comunidades. Un trabajo que representa una cruda mirada sobre el drama de los efectos de una crisis medioambiental en aumento.<\/p>\n\n\n\n<p>La exposici\u00f3n, que cuenta con la curadur\u00eda de Paula L\u00f3pez-Droguett, cuenta con el financiamiento del Fondo de Creaci\u00f3n Art\u00edstica del Ministerio de las Culturas, las Artes y el Patrimonio y combina diversos formatos fotogr\u00e1ficos que incluyen documentos del autor, objetos y vestigios de un proceso de creaci\u00f3n e investigaci\u00f3n que dan cuerpo a esta narraci\u00f3n fotogr\u00e1fica.<\/p>\n\n\n\n<p>Se trata de la segunda etapa de un proceso creativo que deja en evidencia la fragilidad del paisaje y la crisis ambiental del presente. Respecto a la obra y su objetivo, Oskar Huerta ha se\u00f1alado que \u201cla obra pone en evidencia c\u00f3mo, en solo 200 a\u00f1os, la acci\u00f3n humana ha alterado dr\u00e1sticamente el equilibrio natural, acelerando procesos de degradaci\u00f3n y alienaci\u00f3n que afectan tanto al entorno como a quienes lo habitan. En el Limar\u00ed, los r\u00edos se secan para alimentar la agroindustria, la desertificaci\u00f3n avanza y las comunidades ven amenazada su forma de vida\u201d.<\/p>\n\n\n\n<p>\u201cVan a encontrar escrituras m\u00edas, fotograf\u00edas personales que van entretejiendo y agudizando esta corriente biogr\u00e1fica del trabajo. Me conecto con el territorio que habito y con la gente que los habita, que es donde tenemos esta historia en com\u00fan\u201d.<\/p>\n\n\n\n<p>Seg\u00fan lo precisado por la curadora, Paula L\u00f3pez-Droguett, artista visual, docente y gestora cultural, \u201cel trabajo de Oskar es bien cr\u00edptico en s\u00ed mismo y aparec\u00eda mucho el tema de las ruinas, la sequ\u00eda fuimos articulando eso y buscando materialidades, espacios, lugares.<\/p>\n\n\n\n<p>La exposici\u00f3n no solo documenta un territorio en crisis, sino que tambi\u00e9n ofrece un espacio de memoria, resistencia y cuestionamiento. Un testimonio visual que nos interpela y nos obliga a mirar de frente a las huellas del antropoceno en nuestro propio paisaje.<\/p>\n\n\n\n<p>\u201cDe Pie Junto a Las Ruinas\u00bbestar\u00e1 disponible en Valpara\u00edso hasta el 27 de abril, con acceso gratuito para todo p\u00fablico en PCdV.&nbsp;<br><\/p>\n","protected":false},"excerpt":{"rendered":"<p>La muestra, con acceso gratuito y que se inaugura este s\u00e1bado en Parque Cultural de Valpara\u00edso, deja en evidencia el impacto de la sequ\u00eda, la desertificaci\u00f3n y la sobreexplotaci\u00f3n de los recursos naturales a trav\u00e9s de una potente narrativa visual sobre la crisis medioambiental del Limar\u00ed. __________________ \u201cDe Pie Junto a las Ruinas\u201d; la exposici\u00f3n [&hellip;]<\/p>\n","protected":false},"author":1,"featured_media":22351,"comment_status":"closed","ping_status":"closed","sticky":false,"template":"","format":"standard","meta":{"_acf_changed":false,"footnotes":""},"categories":[8],"tags":[],"class_list":["post-22350","post","type-post","status-publish","format-standard","has-post-thumbnail","hentry","category-noticia"],"acf":[],"yoast_head":"<!-- This site is optimized with the Yoast SEO plugin v27.1.1 - https:\/\/yoast.com\/product\/yoast-seo-wordpress\/ -->\n<title>\u201cDe Pie Junto a las Ruinas&quot;: El crudo impacto de la crisis medioambiental en notable exposici\u00f3n de fotograf\u00eda contempor\u00e1nea de Oskar Huerta - Valpara\u00ed\u00adso Creativo<\/title>\n<meta name=\"robots\" content=\"index, follow, max-snippet:-1, max-image-preview:large, max-video-preview:-1\" \/>\n<link rel=\"canonical\" href=\"https:\/\/dev.antudigital.cl\/sites\/vc\/de-pie-junto-a-las-ruinas-el-crudo-impacto-de-la-crisis-medioambiental-en-notable-exposicion-de-fotografia-contemporanea-de-oskar-huerta\/\" \/>\n<meta property=\"og:locale\" content=\"es_ES\" \/>\n<meta property=\"og:type\" content=\"article\" \/>\n<meta property=\"og:title\" content=\"\u201cDe Pie Junto a las Ruinas&quot;: El crudo impacto de la crisis medioambiental en notable exposici\u00f3n de fotograf\u00eda contempor\u00e1nea de Oskar Huerta - Valpara\u00ed\u00adso Creativo\" \/>\n<meta property=\"og:description\" content=\"La muestra, con acceso gratuito y que se inaugura este s\u00e1bado en Parque Cultural de Valpara\u00edso, deja en evidencia el impacto de la sequ\u00eda, la desertificaci\u00f3n y la sobreexplotaci\u00f3n de los recursos naturales a trav\u00e9s de una potente narrativa visual sobre la crisis medioambiental del Limar\u00ed. __________________ \u201cDe Pie Junto a las Ruinas\u201d; la exposici\u00f3n [&hellip;]\" \/>\n<meta property=\"og:url\" content=\"https:\/\/dev.antudigital.cl\/sites\/vc\/de-pie-junto-a-las-ruinas-el-crudo-impacto-de-la-crisis-medioambiental-en-notable-exposicion-de-fotografia-contemporanea-de-oskar-huerta\/\" \/>\n<meta property=\"og:site_name\" content=\"Valpara\u00ed\u00adso Creativo\" \/>\n<meta property=\"article:published_time\" content=\"2025-03-21T16:38:33+00:00\" \/>\n<meta property=\"article:modified_time\" content=\"2025-03-21T16:38:51+00:00\" \/>\n<meta property=\"og:image\" content=\"https:\/\/dev.antudigital.cl\/sites\/vc\/wp-content\/uploads\/2025\/03\/De_pie_junto_a_las_ruinas_PCdV-Ex_Carcel_web_01-1.jpg\" \/>\n\t<meta property=\"og:image:width\" content=\"874\" \/>\n\t<meta property=\"og:image:height\" content=\"980\" \/>\n\t<meta property=\"og:image:type\" content=\"image\/jpeg\" \/>\n<meta name=\"author\" content=\"Valpara\u00edso Creativo\" \/>\n<meta name=\"twitter:card\" content=\"summary_large_image\" \/>\n<meta name=\"twitter:label1\" content=\"Escrito por\" \/>\n\t<meta name=\"twitter:data1\" content=\"Valpara\u00edso Creativo\" \/>\n\t<meta name=\"twitter:label2\" content=\"Tiempo de lectura\" \/>\n\t<meta name=\"twitter:data2\" content=\"3 minutos\" \/>\n<script type=\"application\/ld+json\" class=\"yoast-schema-graph\">{\"@context\":\"https:\/\/schema.org\",\"@graph\":[{\"@type\":\"Article\",\"@id\":\"https:\/\/dev.antudigital.cl\/sites\/vc\/de-pie-junto-a-las-ruinas-el-crudo-impacto-de-la-crisis-medioambiental-en-notable-exposicion-de-fotografia-contemporanea-de-oskar-huerta\/#article\",\"isPartOf\":{\"@id\":\"https:\/\/dev.antudigital.cl\/sites\/vc\/de-pie-junto-a-las-ruinas-el-crudo-impacto-de-la-crisis-medioambiental-en-notable-exposicion-de-fotografia-contemporanea-de-oskar-huerta\/\"},\"author\":{\"name\":\"Valpara\u00edso Creativo\",\"@id\":\"https:\/\/dev.antudigital.cl\/sites\/vc\/#\/schema\/person\/c2b9da8dd545e27166fc5ab232837318\"},\"headline\":\"\u201cDe Pie Junto a las Ruinas\u00bb: El crudo impacto de la crisis medioambiental en notable exposici\u00f3n de fotograf\u00eda contempor\u00e1nea de Oskar Huerta\",\"datePublished\":\"2025-03-21T16:38:33+00:00\",\"dateModified\":\"2025-03-21T16:38:51+00:00\",\"mainEntityOfPage\":{\"@id\":\"https:\/\/dev.antudigital.cl\/sites\/vc\/de-pie-junto-a-las-ruinas-el-crudo-impacto-de-la-crisis-medioambiental-en-notable-exposicion-de-fotografia-contemporanea-de-oskar-huerta\/\"},\"wordCount\":481,\"image\":{\"@id\":\"https:\/\/dev.antudigital.cl\/sites\/vc\/de-pie-junto-a-las-ruinas-el-crudo-impacto-de-la-crisis-medioambiental-en-notable-exposicion-de-fotografia-contemporanea-de-oskar-huerta\/#primaryimage\"},\"thumbnailUrl\":\"https:\/\/dev.antudigital.cl\/sites\/vc\/wp-content\/uploads\/2025\/03\/De_pie_junto_a_las_ruinas_PCdV-Ex_Carcel_web_01-1.jpg\",\"articleSection\":[\"Noticia\"],\"inLanguage\":\"es\"},{\"@type\":\"WebPage\",\"@id\":\"https:\/\/dev.antudigital.cl\/sites\/vc\/de-pie-junto-a-las-ruinas-el-crudo-impacto-de-la-crisis-medioambiental-en-notable-exposicion-de-fotografia-contemporanea-de-oskar-huerta\/\",\"url\":\"https:\/\/dev.antudigital.cl\/sites\/vc\/de-pie-junto-a-las-ruinas-el-crudo-impacto-de-la-crisis-medioambiental-en-notable-exposicion-de-fotografia-contemporanea-de-oskar-huerta\/\",\"name\":\"\u201cDe Pie Junto a las Ruinas\\\": El crudo impacto de la crisis medioambiental en notable exposici\u00f3n de fotograf\u00eda contempor\u00e1nea de Oskar Huerta - Valpara\u00ed\u00adso Creativo\",\"isPartOf\":{\"@id\":\"https:\/\/dev.antudigital.cl\/sites\/vc\/#website\"},\"primaryImageOfPage\":{\"@id\":\"https:\/\/dev.antudigital.cl\/sites\/vc\/de-pie-junto-a-las-ruinas-el-crudo-impacto-de-la-crisis-medioambiental-en-notable-exposicion-de-fotografia-contemporanea-de-oskar-huerta\/#primaryimage\"},\"image\":{\"@id\":\"https:\/\/dev.antudigital.cl\/sites\/vc\/de-pie-junto-a-las-ruinas-el-crudo-impacto-de-la-crisis-medioambiental-en-notable-exposicion-de-fotografia-contemporanea-de-oskar-huerta\/#primaryimage\"},\"thumbnailUrl\":\"https:\/\/dev.antudigital.cl\/sites\/vc\/wp-content\/uploads\/2025\/03\/De_pie_junto_a_las_ruinas_PCdV-Ex_Carcel_web_01-1.jpg\",\"datePublished\":\"2025-03-21T16:38:33+00:00\",\"dateModified\":\"2025-03-21T16:38:51+00:00\",\"author\":{\"@id\":\"https:\/\/dev.antudigital.cl\/sites\/vc\/#\/schema\/person\/c2b9da8dd545e27166fc5ab232837318\"},\"breadcrumb\":{\"@id\":\"https:\/\/dev.antudigital.cl\/sites\/vc\/de-pie-junto-a-las-ruinas-el-crudo-impacto-de-la-crisis-medioambiental-en-notable-exposicion-de-fotografia-contemporanea-de-oskar-huerta\/#breadcrumb\"},\"inLanguage\":\"es\",\"potentialAction\":[{\"@type\":\"ReadAction\",\"target\":[\"https:\/\/dev.antudigital.cl\/sites\/vc\/de-pie-junto-a-las-ruinas-el-crudo-impacto-de-la-crisis-medioambiental-en-notable-exposicion-de-fotografia-contemporanea-de-oskar-huerta\/\"]}]},{\"@type\":\"ImageObject\",\"inLanguage\":\"es\",\"@id\":\"https:\/\/dev.antudigital.cl\/sites\/vc\/de-pie-junto-a-las-ruinas-el-crudo-impacto-de-la-crisis-medioambiental-en-notable-exposicion-de-fotografia-contemporanea-de-oskar-huerta\/#primaryimage\",\"url\":\"https:\/\/dev.antudigital.cl\/sites\/vc\/wp-content\/uploads\/2025\/03\/De_pie_junto_a_las_ruinas_PCdV-Ex_Carcel_web_01-1.jpg\",\"contentUrl\":\"https:\/\/dev.antudigital.cl\/sites\/vc\/wp-content\/uploads\/2025\/03\/De_pie_junto_a_las_ruinas_PCdV-Ex_Carcel_web_01-1.jpg\",\"width\":874,\"height\":980,\"caption\":\"de pie junto a las ruinas\"},{\"@type\":\"BreadcrumbList\",\"@id\":\"https:\/\/dev.antudigital.cl\/sites\/vc\/de-pie-junto-a-las-ruinas-el-crudo-impacto-de-la-crisis-medioambiental-en-notable-exposicion-de-fotografia-contemporanea-de-oskar-huerta\/#breadcrumb\",\"itemListElement\":[{\"@type\":\"ListItem\",\"position\":1,\"name\":\"Home\",\"item\":\"https:\/\/dev.antudigital.cl\/sites\/vc\/\"},{\"@type\":\"ListItem\",\"position\":2,\"name\":\"\u201cDe Pie Junto a las Ruinas\u00bb: El crudo impacto de la crisis medioambiental en notable exposici\u00f3n de fotograf\u00eda contempor\u00e1nea de Oskar Huerta\"}]},{\"@type\":\"WebSite\",\"@id\":\"https:\/\/dev.antudigital.cl\/sites\/vc\/#website\",\"url\":\"https:\/\/dev.antudigital.cl\/sites\/vc\/\",\"name\":\"Valpara\u00ed\u00adso Creativo\",\"description\":\"\",\"potentialAction\":[{\"@type\":\"SearchAction\",\"target\":{\"@type\":\"EntryPoint\",\"urlTemplate\":\"https:\/\/dev.antudigital.cl\/sites\/vc\/?s={search_term_string}\"},\"query-input\":{\"@type\":\"PropertyValueSpecification\",\"valueRequired\":true,\"valueName\":\"search_term_string\"}}],\"inLanguage\":\"es\"},{\"@type\":\"Person\",\"@id\":\"https:\/\/dev.antudigital.cl\/sites\/vc\/#\/schema\/person\/c2b9da8dd545e27166fc5ab232837318\",\"name\":\"Valpara\u00edso Creativo\",\"description\":\"Periodista de cultura en la Regi\u00f3n de Valpara\u00edso.\",\"url\":\"https:\/\/dev.antudigital.cl\/sites\/vc\/author\/valpoadmin\/\"}]}<\/script>\n<!-- \/ Yoast SEO plugin. -->","yoast_head_json":{"title":"\u201cDe Pie Junto a las Ruinas\": El crudo impacto de la crisis medioambiental en notable exposici\u00f3n de fotograf\u00eda contempor\u00e1nea de Oskar Huerta - Valpara\u00ed\u00adso Creativo","robots":{"index":"index","follow":"follow","max-snippet":"max-snippet:-1","max-image-preview":"max-image-preview:large","max-video-preview":"max-video-preview:-1"},"canonical":"https:\/\/dev.antudigital.cl\/sites\/vc\/de-pie-junto-a-las-ruinas-el-crudo-impacto-de-la-crisis-medioambiental-en-notable-exposicion-de-fotografia-contemporanea-de-oskar-huerta\/","og_locale":"es_ES","og_type":"article","og_title":"\u201cDe Pie Junto a las Ruinas\": El crudo impacto de la crisis medioambiental en notable exposici\u00f3n de fotograf\u00eda contempor\u00e1nea de Oskar Huerta - Valpara\u00ed\u00adso Creativo","og_description":"La muestra, con acceso gratuito y que se inaugura este s\u00e1bado en Parque Cultural de Valpara\u00edso, deja en evidencia el impacto de la sequ\u00eda, la desertificaci\u00f3n y la sobreexplotaci\u00f3n de los recursos naturales a trav\u00e9s de una potente narrativa visual sobre la crisis medioambiental del Limar\u00ed. __________________ \u201cDe Pie Junto a las Ruinas\u201d; la exposici\u00f3n [&hellip;]","og_url":"https:\/\/dev.antudigital.cl\/sites\/vc\/de-pie-junto-a-las-ruinas-el-crudo-impacto-de-la-crisis-medioambiental-en-notable-exposicion-de-fotografia-contemporanea-de-oskar-huerta\/","og_site_name":"Valpara\u00ed\u00adso Creativo","article_published_time":"2025-03-21T16:38:33+00:00","article_modified_time":"2025-03-21T16:38:51+00:00","og_image":[{"width":874,"height":980,"url":"https:\/\/dev.antudigital.cl\/sites\/vc\/wp-content\/uploads\/2025\/03\/De_pie_junto_a_las_ruinas_PCdV-Ex_Carcel_web_01-1.jpg","type":"image\/jpeg"}],"author":"Valpara\u00edso Creativo","twitter_card":"summary_large_image","twitter_misc":{"Escrito por":"Valpara\u00edso Creativo","Tiempo de lectura":"3 minutos"},"schema":{"@context":"https:\/\/schema.org","@graph":[{"@type":"Article","@id":"https:\/\/dev.antudigital.cl\/sites\/vc\/de-pie-junto-a-las-ruinas-el-crudo-impacto-de-la-crisis-medioambiental-en-notable-exposicion-de-fotografia-contemporanea-de-oskar-huerta\/#article","isPartOf":{"@id":"https:\/\/dev.antudigital.cl\/sites\/vc\/de-pie-junto-a-las-ruinas-el-crudo-impacto-de-la-crisis-medioambiental-en-notable-exposicion-de-fotografia-contemporanea-de-oskar-huerta\/"},"author":{"name":"Valpara\u00edso Creativo","@id":"https:\/\/dev.antudigital.cl\/sites\/vc\/#\/schema\/person\/c2b9da8dd545e27166fc5ab232837318"},"headline":"\u201cDe Pie Junto a las Ruinas\u00bb: El crudo impacto de la crisis medioambiental en notable exposici\u00f3n de fotograf\u00eda contempor\u00e1nea de Oskar Huerta","datePublished":"2025-03-21T16:38:33+00:00","dateModified":"2025-03-21T16:38:51+00:00","mainEntityOfPage":{"@id":"https:\/\/dev.antudigital.cl\/sites\/vc\/de-pie-junto-a-las-ruinas-el-crudo-impacto-de-la-crisis-medioambiental-en-notable-exposicion-de-fotografia-contemporanea-de-oskar-huerta\/"},"wordCount":481,"image":{"@id":"https:\/\/dev.antudigital.cl\/sites\/vc\/de-pie-junto-a-las-ruinas-el-crudo-impacto-de-la-crisis-medioambiental-en-notable-exposicion-de-fotografia-contemporanea-de-oskar-huerta\/#primaryimage"},"thumbnailUrl":"https:\/\/dev.antudigital.cl\/sites\/vc\/wp-content\/uploads\/2025\/03\/De_pie_junto_a_las_ruinas_PCdV-Ex_Carcel_web_01-1.jpg","articleSection":["Noticia"],"inLanguage":"es"},{"@type":"WebPage","@id":"https:\/\/dev.antudigital.cl\/sites\/vc\/de-pie-junto-a-las-ruinas-el-crudo-impacto-de-la-crisis-medioambiental-en-notable-exposicion-de-fotografia-contemporanea-de-oskar-huerta\/","url":"https:\/\/dev.antudigital.cl\/sites\/vc\/de-pie-junto-a-las-ruinas-el-crudo-impacto-de-la-crisis-medioambiental-en-notable-exposicion-de-fotografia-contemporanea-de-oskar-huerta\/","name":"\u201cDe Pie Junto a las Ruinas\": El crudo impacto de la crisis medioambiental en notable exposici\u00f3n de fotograf\u00eda contempor\u00e1nea de Oskar Huerta - Valpara\u00ed\u00adso Creativo","isPartOf":{"@id":"https:\/\/dev.antudigital.cl\/sites\/vc\/#website"},"primaryImageOfPage":{"@id":"https:\/\/dev.antudigital.cl\/sites\/vc\/de-pie-junto-a-las-ruinas-el-crudo-impacto-de-la-crisis-medioambiental-en-notable-exposicion-de-fotografia-contemporanea-de-oskar-huerta\/#primaryimage"},"image":{"@id":"https:\/\/dev.antudigital.cl\/sites\/vc\/de-pie-junto-a-las-ruinas-el-crudo-impacto-de-la-crisis-medioambiental-en-notable-exposicion-de-fotografia-contemporanea-de-oskar-huerta\/#primaryimage"},"thumbnailUrl":"https:\/\/dev.antudigital.cl\/sites\/vc\/wp-content\/uploads\/2025\/03\/De_pie_junto_a_las_ruinas_PCdV-Ex_Carcel_web_01-1.jpg","datePublished":"2025-03-21T16:38:33+00:00","dateModified":"2025-03-21T16:38:51+00:00","author":{"@id":"https:\/\/dev.antudigital.cl\/sites\/vc\/#\/schema\/person\/c2b9da8dd545e27166fc5ab232837318"},"breadcrumb":{"@id":"https:\/\/dev.antudigital.cl\/sites\/vc\/de-pie-junto-a-las-ruinas-el-crudo-impacto-de-la-crisis-medioambiental-en-notable-exposicion-de-fotografia-contemporanea-de-oskar-huerta\/#breadcrumb"},"inLanguage":"es","potentialAction":[{"@type":"ReadAction","target":["https:\/\/dev.antudigital.cl\/sites\/vc\/de-pie-junto-a-las-ruinas-el-crudo-impacto-de-la-crisis-medioambiental-en-notable-exposicion-de-fotografia-contemporanea-de-oskar-huerta\/"]}]},{"@type":"ImageObject","inLanguage":"es","@id":"https:\/\/dev.antudigital.cl\/sites\/vc\/de-pie-junto-a-las-ruinas-el-crudo-impacto-de-la-crisis-medioambiental-en-notable-exposicion-de-fotografia-contemporanea-de-oskar-huerta\/#primaryimage","url":"https:\/\/dev.antudigital.cl\/sites\/vc\/wp-content\/uploads\/2025\/03\/De_pie_junto_a_las_ruinas_PCdV-Ex_Carcel_web_01-1.jpg","contentUrl":"https:\/\/dev.antudigital.cl\/sites\/vc\/wp-content\/uploads\/2025\/03\/De_pie_junto_a_las_ruinas_PCdV-Ex_Carcel_web_01-1.jpg","width":874,"height":980,"caption":"de pie junto a las ruinas"},{"@type":"BreadcrumbList","@id":"https:\/\/dev.antudigital.cl\/sites\/vc\/de-pie-junto-a-las-ruinas-el-crudo-impacto-de-la-crisis-medioambiental-en-notable-exposicion-de-fotografia-contemporanea-de-oskar-huerta\/#breadcrumb","itemListElement":[{"@type":"ListItem","position":1,"name":"Home","item":"https:\/\/dev.antudigital.cl\/sites\/vc\/"},{"@type":"ListItem","position":2,"name":"\u201cDe Pie Junto a las Ruinas\u00bb: El crudo impacto de la crisis medioambiental en notable exposici\u00f3n de fotograf\u00eda contempor\u00e1nea de Oskar Huerta"}]},{"@type":"WebSite","@id":"https:\/\/dev.antudigital.cl\/sites\/vc\/#website","url":"https:\/\/dev.antudigital.cl\/sites\/vc\/","name":"Valpara\u00ed\u00adso Creativo","description":"","potentialAction":[{"@type":"SearchAction","target":{"@type":"EntryPoint","urlTemplate":"https:\/\/dev.antudigital.cl\/sites\/vc\/?s={search_term_string}"},"query-input":{"@type":"PropertyValueSpecification","valueRequired":true,"valueName":"search_term_string"}}],"inLanguage":"es"},{"@type":"Person","@id":"https:\/\/dev.antudigital.cl\/sites\/vc\/#\/schema\/person\/c2b9da8dd545e27166fc5ab232837318","name":"Valpara\u00edso Creativo","description":"Periodista de cultura en la Regi\u00f3n de Valpara\u00edso.","url":"https:\/\/dev.antudigital.cl\/sites\/vc\/author\/valpoadmin\/"}]}},"_links":{"self":[{"href":"https:\/\/dev.antudigital.cl\/sites\/vc\/wp-json\/wp\/v2\/posts\/22350","targetHints":{"allow":["GET"]}}],"collection":[{"href":"https:\/\/dev.antudigital.cl\/sites\/vc\/wp-json\/wp\/v2\/posts"}],"about":[{"href":"https:\/\/dev.antudigital.cl\/sites\/vc\/wp-json\/wp\/v2\/types\/post"}],"author":[{"embeddable":true,"href":"https:\/\/dev.antudigital.cl\/sites\/vc\/wp-json\/wp\/v2\/users\/1"}],"replies":[{"embeddable":true,"href":"https:\/\/dev.antudigital.cl\/sites\/vc\/wp-json\/wp\/v2\/comments?post=22350"}],"version-history":[{"count":1,"href":"https:\/\/dev.antudigital.cl\/sites\/vc\/wp-json\/wp\/v2\/posts\/22350\/revisions"}],"predecessor-version":[{"id":22352,"href":"https:\/\/dev.antudigital.cl\/sites\/vc\/wp-json\/wp\/v2\/posts\/22350\/revisions\/22352"}],"wp:featuredmedia":[{"embeddable":true,"href":"https:\/\/dev.antudigital.cl\/sites\/vc\/wp-json\/wp\/v2\/media\/22351"}],"wp:attachment":[{"href":"https:\/\/dev.antudigital.cl\/sites\/vc\/wp-json\/wp\/v2\/media?parent=22350"}],"wp:term":[{"taxonomy":"category","embeddable":true,"href":"https:\/\/dev.antudigital.cl\/sites\/vc\/wp-json\/wp\/v2\/categories?post=22350"},{"taxonomy":"post_tag","embeddable":true,"href":"https:\/\/dev.antudigital.cl\/sites\/vc\/wp-json\/wp\/v2\/tags?post=22350"}],"curies":[{"name":"wp","href":"https:\/\/api.w.org\/{rel}","templated":true}]}}