{"id":22353,"date":"2025-03-21T16:51:33","date_gmt":"2025-03-21T16:51:33","guid":{"rendered":"https:\/\/www.valparaisocreativo.cl\/?p=22353"},"modified":"2025-03-21T16:51:52","modified_gmt":"2025-03-21T16:51:52","slug":"benjamin-walker-celebrara-sus-10-anos-de-carrera-con-su-show-presente-en-quilpue","status":"publish","type":"post","link":"https:\/\/dev.antudigital.cl\/sites\/vc\/benjamin-walker-celebrara-sus-10-anos-de-carrera-con-su-show-presente-en-quilpue\/","title":{"rendered":"Benjam\u00edn Walker celebrar\u00e1 sus 10 a\u00f1os de carrera con su show \u201cPresente\u201d en Quilpu\u00e9"},"content":{"rendered":"\n<p>Un repaso por sus cuatro discos es lo que prepara Benjam\u00edn Walker, que celebrar\u00e1 sus 10 a\u00f1os de carrera musical con&nbsp;<strong>\u201cPresente\u201d<\/strong>: un show \u00fanico en el Teatro Municipal de Quilpu\u00e9, el domingo&nbsp;1 de junio.<\/p>\n\n\n\n<p><em>\u00abQuilpu\u00e9 y las ciudades de la &#8216;quinta costa&#8217;&nbsp;son lugares que visito constantemente,&nbsp;cuya m\u00edstica y bohemia me han inspirado todos estos a\u00f1os a cultivarme como artista, adem\u00e1s de ver crecer una relaci\u00f3n muy cercana con su p\u00fablico\u00bb,&nbsp;<\/em>comenta Walker.<\/p>\n\n\n\n<p>Es as\u00ed que el responsable de&nbsp;<em><strong>LIBRE<\/strong><\/em>&nbsp;(2024) espera resumir este encuentro en 10 a\u00f1os de an\u00e9cdotas ligadas a la m\u00fasica, haciendo un repaso por esas canciones que lo han reunido junto a su p\u00fablico, y tambi\u00e9n para celebrar el presente y lo que viene.<\/p>\n\n\n\n<figure class=\"wp-block-image size-large\"><img fetchpriority=\"high\" decoding=\"async\" width=\"819\" height=\"1024\" src=\"https:\/\/www.valparaisocreativo.cl\/wp-content\/uploads\/2025\/03\/unnamed-819x1024.jpg\" alt=\"\" class=\"wp-image-22354\" srcset=\"https:\/\/dev.antudigital.cl\/sites\/vc\/wp-content\/uploads\/2025\/03\/unnamed-819x1024.jpg 819w, https:\/\/dev.antudigital.cl\/sites\/vc\/wp-content\/uploads\/2025\/03\/unnamed-240x300.jpg 240w, https:\/\/dev.antudigital.cl\/sites\/vc\/wp-content\/uploads\/2025\/03\/unnamed-768x960.jpg 768w, https:\/\/dev.antudigital.cl\/sites\/vc\/wp-content\/uploads\/2025\/03\/unnamed-980x1225.jpg 980w, https:\/\/dev.antudigital.cl\/sites\/vc\/wp-content\/uploads\/2025\/03\/unnamed-480x600.jpg 480w, https:\/\/dev.antudigital.cl\/sites\/vc\/wp-content\/uploads\/2025\/03\/unnamed-19x24.jpg 19w, https:\/\/dev.antudigital.cl\/sites\/vc\/wp-content\/uploads\/2025\/03\/unnamed-29x36.jpg 29w, https:\/\/dev.antudigital.cl\/sites\/vc\/wp-content\/uploads\/2025\/03\/unnamed-38x48.jpg 38w, https:\/\/dev.antudigital.cl\/sites\/vc\/wp-content\/uploads\/2025\/03\/unnamed.jpg 1080w\" sizes=\"(max-width: 819px) 100vw, 819px\" \/><\/figure>\n\n\n\n<p><em>\u00abSer\u00e1 la primera vez que presento un show tan completo y ambicioso como lo ser\u00e1 \u00abpresente\u00bb en Quilpu\u00e9, y nada mejor que hacer en un lugar como el Teatro Municipal. Me emociona mucho poder ofrecer un show de esta escala a la gente de esta hermosa ciudad\u00bb,<\/em>&nbsp;extiende el cantautor nacional.<\/p>\n\n\n\n<p>Recordemos que Benjam\u00edn Walker tambi\u00e9n se presentar\u00e1 en el Teatro Oriente de la capital para celebrar, igualmente, sus 10 a\u00f1os de carrera, el 25 de mayo. Para m\u00e1s informaci\u00f3n te invitamos a revisar su&nbsp;<a href=\"https:\/\/agenciarebeldes.us20.list-manage.com\/track\/click?u=12608a4c4b27528e709169dbd&amp;id=bde08ee895&amp;e=beb7259720\" target=\"_blank\" rel=\"noreferrer noopener\"><strong>perfil en Instagram.<\/strong><\/a><\/p>\n\n\n\n<p><strong>Las entradas para el show de Benjam\u00edn Walker en el Teatro Municipal de Quilpu\u00e9 ya est\u00e1n a la venta bajo sistema Passline, con precios desde los 10&nbsp;mil pesos.<\/strong><\/p>\n\n\n\n<h2 class=\"wp-block-heading\"><a href=\"https:\/\/www.passline.com\/eventos-plano\/benjamin-walker-10-anos-quilpue-360790\">Encuentra las entradas aqu\u00ed.<\/a><\/h2>\n","protected":false},"excerpt":{"rendered":"<p>Un repaso por sus cuatro discos es lo que prepara Benjam\u00edn Walker, que celebrar\u00e1 sus 10 a\u00f1os de carrera musical con&nbsp;\u201cPresente\u201d: un show \u00fanico en el Teatro Municipal de Quilpu\u00e9, el domingo&nbsp;1 de junio. \u00abQuilpu\u00e9 y las ciudades de la &#8216;quinta costa&#8217;&nbsp;son lugares que visito constantemente,&nbsp;cuya m\u00edstica y bohemia me han inspirado todos estos a\u00f1os [&hellip;]<\/p>\n","protected":false},"author":1,"featured_media":22355,"comment_status":"closed","ping_status":"closed","sticky":false,"template":"","format":"standard","meta":{"_acf_changed":false,"footnotes":""},"categories":[8],"tags":[],"class_list":["post-22353","post","type-post","status-publish","format-standard","has-post-thumbnail","hentry","category-noticia"],"acf":[],"yoast_head":"<!-- This site is optimized with the Yoast SEO plugin v27.1.1 - https:\/\/yoast.com\/product\/yoast-seo-wordpress\/ -->\n<title>Benjam\u00edn Walker celebrar\u00e1 sus 10 a\u00f1os de carrera con su show \u201cPresente\u201d en Quilpu\u00e9 - Valpara\u00ed\u00adso Creativo<\/title>\n<meta name=\"robots\" content=\"index, follow, max-snippet:-1, max-image-preview:large, max-video-preview:-1\" \/>\n<link rel=\"canonical\" href=\"https:\/\/dev.antudigital.cl\/sites\/vc\/benjamin-walker-celebrara-sus-10-anos-de-carrera-con-su-show-presente-en-quilpue\/\" \/>\n<meta property=\"og:locale\" content=\"es_ES\" \/>\n<meta property=\"og:type\" content=\"article\" \/>\n<meta property=\"og:title\" content=\"Benjam\u00edn Walker celebrar\u00e1 sus 10 a\u00f1os de carrera con su show \u201cPresente\u201d en Quilpu\u00e9 - Valpara\u00ed\u00adso Creativo\" \/>\n<meta property=\"og:description\" content=\"Un repaso por sus cuatro discos es lo que prepara Benjam\u00edn Walker, que celebrar\u00e1 sus 10 a\u00f1os de carrera musical con&nbsp;\u201cPresente\u201d: un show \u00fanico en el Teatro Municipal de Quilpu\u00e9, el domingo&nbsp;1 de junio. \u00abQuilpu\u00e9 y las ciudades de la &#8216;quinta costa&#8217;&nbsp;son lugares que visito constantemente,&nbsp;cuya m\u00edstica y bohemia me han inspirado todos estos a\u00f1os [&hellip;]\" \/>\n<meta property=\"og:url\" content=\"https:\/\/dev.antudigital.cl\/sites\/vc\/benjamin-walker-celebrara-sus-10-anos-de-carrera-con-su-show-presente-en-quilpue\/\" \/>\n<meta property=\"og:site_name\" content=\"Valpara\u00ed\u00adso Creativo\" \/>\n<meta property=\"article:published_time\" content=\"2025-03-21T16:51:33+00:00\" \/>\n<meta property=\"article:modified_time\" content=\"2025-03-21T16:51:52+00:00\" \/>\n<meta property=\"og:image\" content=\"https:\/\/dev.antudigital.cl\/sites\/vc\/wp-content\/uploads\/2025\/03\/Proyecto-nuevo-2.png\" \/>\n\t<meta property=\"og:image:width\" content=\"1280\" \/>\n\t<meta property=\"og:image:height\" content=\"720\" \/>\n\t<meta property=\"og:image:type\" content=\"image\/png\" \/>\n<meta name=\"author\" content=\"Valpara\u00edso Creativo\" \/>\n<meta name=\"twitter:card\" content=\"summary_large_image\" \/>\n<meta name=\"twitter:label1\" content=\"Escrito por\" \/>\n\t<meta name=\"twitter:data1\" content=\"Valpara\u00edso Creativo\" \/>\n\t<meta name=\"twitter:label2\" content=\"Tiempo de lectura\" \/>\n\t<meta name=\"twitter:data2\" content=\"2 minutos\" \/>\n<script type=\"application\/ld+json\" class=\"yoast-schema-graph\">{\"@context\":\"https:\/\/schema.org\",\"@graph\":[{\"@type\":\"Article\",\"@id\":\"https:\/\/dev.antudigital.cl\/sites\/vc\/benjamin-walker-celebrara-sus-10-anos-de-carrera-con-su-show-presente-en-quilpue\/#article\",\"isPartOf\":{\"@id\":\"https:\/\/dev.antudigital.cl\/sites\/vc\/benjamin-walker-celebrara-sus-10-anos-de-carrera-con-su-show-presente-en-quilpue\/\"},\"author\":{\"name\":\"Valpara\u00edso Creativo\",\"@id\":\"https:\/\/dev.antudigital.cl\/sites\/vc\/#\/schema\/person\/c2b9da8dd545e27166fc5ab232837318\"},\"headline\":\"Benjam\u00edn Walker celebrar\u00e1 sus 10 a\u00f1os de carrera con su show \u201cPresente\u201d en Quilpu\u00e9\",\"datePublished\":\"2025-03-21T16:51:33+00:00\",\"dateModified\":\"2025-03-21T16:51:52+00:00\",\"mainEntityOfPage\":{\"@id\":\"https:\/\/dev.antudigital.cl\/sites\/vc\/benjamin-walker-celebrara-sus-10-anos-de-carrera-con-su-show-presente-en-quilpue\/\"},\"wordCount\":279,\"image\":{\"@id\":\"https:\/\/dev.antudigital.cl\/sites\/vc\/benjamin-walker-celebrara-sus-10-anos-de-carrera-con-su-show-presente-en-quilpue\/#primaryimage\"},\"thumbnailUrl\":\"https:\/\/dev.antudigital.cl\/sites\/vc\/wp-content\/uploads\/2025\/03\/Proyecto-nuevo-2.png\",\"articleSection\":[\"Noticia\"],\"inLanguage\":\"es\"},{\"@type\":\"WebPage\",\"@id\":\"https:\/\/dev.antudigital.cl\/sites\/vc\/benjamin-walker-celebrara-sus-10-anos-de-carrera-con-su-show-presente-en-quilpue\/\",\"url\":\"https:\/\/dev.antudigital.cl\/sites\/vc\/benjamin-walker-celebrara-sus-10-anos-de-carrera-con-su-show-presente-en-quilpue\/\",\"name\":\"Benjam\u00edn Walker celebrar\u00e1 sus 10 a\u00f1os de carrera con su show \u201cPresente\u201d en Quilpu\u00e9 - Valpara\u00ed\u00adso Creativo\",\"isPartOf\":{\"@id\":\"https:\/\/dev.antudigital.cl\/sites\/vc\/#website\"},\"primaryImageOfPage\":{\"@id\":\"https:\/\/dev.antudigital.cl\/sites\/vc\/benjamin-walker-celebrara-sus-10-anos-de-carrera-con-su-show-presente-en-quilpue\/#primaryimage\"},\"image\":{\"@id\":\"https:\/\/dev.antudigital.cl\/sites\/vc\/benjamin-walker-celebrara-sus-10-anos-de-carrera-con-su-show-presente-en-quilpue\/#primaryimage\"},\"thumbnailUrl\":\"https:\/\/dev.antudigital.cl\/sites\/vc\/wp-content\/uploads\/2025\/03\/Proyecto-nuevo-2.png\",\"datePublished\":\"2025-03-21T16:51:33+00:00\",\"dateModified\":\"2025-03-21T16:51:52+00:00\",\"author\":{\"@id\":\"https:\/\/dev.antudigital.cl\/sites\/vc\/#\/schema\/person\/c2b9da8dd545e27166fc5ab232837318\"},\"breadcrumb\":{\"@id\":\"https:\/\/dev.antudigital.cl\/sites\/vc\/benjamin-walker-celebrara-sus-10-anos-de-carrera-con-su-show-presente-en-quilpue\/#breadcrumb\"},\"inLanguage\":\"es\",\"potentialAction\":[{\"@type\":\"ReadAction\",\"target\":[\"https:\/\/dev.antudigital.cl\/sites\/vc\/benjamin-walker-celebrara-sus-10-anos-de-carrera-con-su-show-presente-en-quilpue\/\"]}]},{\"@type\":\"ImageObject\",\"inLanguage\":\"es\",\"@id\":\"https:\/\/dev.antudigital.cl\/sites\/vc\/benjamin-walker-celebrara-sus-10-anos-de-carrera-con-su-show-presente-en-quilpue\/#primaryimage\",\"url\":\"https:\/\/dev.antudigital.cl\/sites\/vc\/wp-content\/uploads\/2025\/03\/Proyecto-nuevo-2.png\",\"contentUrl\":\"https:\/\/dev.antudigital.cl\/sites\/vc\/wp-content\/uploads\/2025\/03\/Proyecto-nuevo-2.png\",\"width\":1280,\"height\":720},{\"@type\":\"BreadcrumbList\",\"@id\":\"https:\/\/dev.antudigital.cl\/sites\/vc\/benjamin-walker-celebrara-sus-10-anos-de-carrera-con-su-show-presente-en-quilpue\/#breadcrumb\",\"itemListElement\":[{\"@type\":\"ListItem\",\"position\":1,\"name\":\"Home\",\"item\":\"https:\/\/dev.antudigital.cl\/sites\/vc\/\"},{\"@type\":\"ListItem\",\"position\":2,\"name\":\"Benjam\u00edn Walker celebrar\u00e1 sus 10 a\u00f1os de carrera con su show \u201cPresente\u201d en Quilpu\u00e9\"}]},{\"@type\":\"WebSite\",\"@id\":\"https:\/\/dev.antudigital.cl\/sites\/vc\/#website\",\"url\":\"https:\/\/dev.antudigital.cl\/sites\/vc\/\",\"name\":\"Valpara\u00ed\u00adso Creativo\",\"description\":\"\",\"potentialAction\":[{\"@type\":\"SearchAction\",\"target\":{\"@type\":\"EntryPoint\",\"urlTemplate\":\"https:\/\/dev.antudigital.cl\/sites\/vc\/?s={search_term_string}\"},\"query-input\":{\"@type\":\"PropertyValueSpecification\",\"valueRequired\":true,\"valueName\":\"search_term_string\"}}],\"inLanguage\":\"es\"},{\"@type\":\"Person\",\"@id\":\"https:\/\/dev.antudigital.cl\/sites\/vc\/#\/schema\/person\/c2b9da8dd545e27166fc5ab232837318\",\"name\":\"Valpara\u00edso Creativo\",\"description\":\"Periodista de cultura en la Regi\u00f3n de Valpara\u00edso.\",\"url\":\"https:\/\/dev.antudigital.cl\/sites\/vc\/author\/valpoadmin\/\"}]}<\/script>\n<!-- \/ Yoast SEO plugin. -->","yoast_head_json":{"title":"Benjam\u00edn Walker celebrar\u00e1 sus 10 a\u00f1os de carrera con su show \u201cPresente\u201d en Quilpu\u00e9 - Valpara\u00ed\u00adso Creativo","robots":{"index":"index","follow":"follow","max-snippet":"max-snippet:-1","max-image-preview":"max-image-preview:large","max-video-preview":"max-video-preview:-1"},"canonical":"https:\/\/dev.antudigital.cl\/sites\/vc\/benjamin-walker-celebrara-sus-10-anos-de-carrera-con-su-show-presente-en-quilpue\/","og_locale":"es_ES","og_type":"article","og_title":"Benjam\u00edn Walker celebrar\u00e1 sus 10 a\u00f1os de carrera con su show \u201cPresente\u201d en Quilpu\u00e9 - Valpara\u00ed\u00adso Creativo","og_description":"Un repaso por sus cuatro discos es lo que prepara Benjam\u00edn Walker, que celebrar\u00e1 sus 10 a\u00f1os de carrera musical con&nbsp;\u201cPresente\u201d: un show \u00fanico en el Teatro Municipal de Quilpu\u00e9, el domingo&nbsp;1 de junio. \u00abQuilpu\u00e9 y las ciudades de la &#8216;quinta costa&#8217;&nbsp;son lugares que visito constantemente,&nbsp;cuya m\u00edstica y bohemia me han inspirado todos estos a\u00f1os [&hellip;]","og_url":"https:\/\/dev.antudigital.cl\/sites\/vc\/benjamin-walker-celebrara-sus-10-anos-de-carrera-con-su-show-presente-en-quilpue\/","og_site_name":"Valpara\u00ed\u00adso Creativo","article_published_time":"2025-03-21T16:51:33+00:00","article_modified_time":"2025-03-21T16:51:52+00:00","og_image":[{"width":1280,"height":720,"url":"https:\/\/dev.antudigital.cl\/sites\/vc\/wp-content\/uploads\/2025\/03\/Proyecto-nuevo-2.png","type":"image\/png"}],"author":"Valpara\u00edso Creativo","twitter_card":"summary_large_image","twitter_misc":{"Escrito por":"Valpara\u00edso Creativo","Tiempo de lectura":"2 minutos"},"schema":{"@context":"https:\/\/schema.org","@graph":[{"@type":"Article","@id":"https:\/\/dev.antudigital.cl\/sites\/vc\/benjamin-walker-celebrara-sus-10-anos-de-carrera-con-su-show-presente-en-quilpue\/#article","isPartOf":{"@id":"https:\/\/dev.antudigital.cl\/sites\/vc\/benjamin-walker-celebrara-sus-10-anos-de-carrera-con-su-show-presente-en-quilpue\/"},"author":{"name":"Valpara\u00edso Creativo","@id":"https:\/\/dev.antudigital.cl\/sites\/vc\/#\/schema\/person\/c2b9da8dd545e27166fc5ab232837318"},"headline":"Benjam\u00edn Walker celebrar\u00e1 sus 10 a\u00f1os de carrera con su show \u201cPresente\u201d en Quilpu\u00e9","datePublished":"2025-03-21T16:51:33+00:00","dateModified":"2025-03-21T16:51:52+00:00","mainEntityOfPage":{"@id":"https:\/\/dev.antudigital.cl\/sites\/vc\/benjamin-walker-celebrara-sus-10-anos-de-carrera-con-su-show-presente-en-quilpue\/"},"wordCount":279,"image":{"@id":"https:\/\/dev.antudigital.cl\/sites\/vc\/benjamin-walker-celebrara-sus-10-anos-de-carrera-con-su-show-presente-en-quilpue\/#primaryimage"},"thumbnailUrl":"https:\/\/dev.antudigital.cl\/sites\/vc\/wp-content\/uploads\/2025\/03\/Proyecto-nuevo-2.png","articleSection":["Noticia"],"inLanguage":"es"},{"@type":"WebPage","@id":"https:\/\/dev.antudigital.cl\/sites\/vc\/benjamin-walker-celebrara-sus-10-anos-de-carrera-con-su-show-presente-en-quilpue\/","url":"https:\/\/dev.antudigital.cl\/sites\/vc\/benjamin-walker-celebrara-sus-10-anos-de-carrera-con-su-show-presente-en-quilpue\/","name":"Benjam\u00edn Walker celebrar\u00e1 sus 10 a\u00f1os de carrera con su show \u201cPresente\u201d en Quilpu\u00e9 - Valpara\u00ed\u00adso Creativo","isPartOf":{"@id":"https:\/\/dev.antudigital.cl\/sites\/vc\/#website"},"primaryImageOfPage":{"@id":"https:\/\/dev.antudigital.cl\/sites\/vc\/benjamin-walker-celebrara-sus-10-anos-de-carrera-con-su-show-presente-en-quilpue\/#primaryimage"},"image":{"@id":"https:\/\/dev.antudigital.cl\/sites\/vc\/benjamin-walker-celebrara-sus-10-anos-de-carrera-con-su-show-presente-en-quilpue\/#primaryimage"},"thumbnailUrl":"https:\/\/dev.antudigital.cl\/sites\/vc\/wp-content\/uploads\/2025\/03\/Proyecto-nuevo-2.png","datePublished":"2025-03-21T16:51:33+00:00","dateModified":"2025-03-21T16:51:52+00:00","author":{"@id":"https:\/\/dev.antudigital.cl\/sites\/vc\/#\/schema\/person\/c2b9da8dd545e27166fc5ab232837318"},"breadcrumb":{"@id":"https:\/\/dev.antudigital.cl\/sites\/vc\/benjamin-walker-celebrara-sus-10-anos-de-carrera-con-su-show-presente-en-quilpue\/#breadcrumb"},"inLanguage":"es","potentialAction":[{"@type":"ReadAction","target":["https:\/\/dev.antudigital.cl\/sites\/vc\/benjamin-walker-celebrara-sus-10-anos-de-carrera-con-su-show-presente-en-quilpue\/"]}]},{"@type":"ImageObject","inLanguage":"es","@id":"https:\/\/dev.antudigital.cl\/sites\/vc\/benjamin-walker-celebrara-sus-10-anos-de-carrera-con-su-show-presente-en-quilpue\/#primaryimage","url":"https:\/\/dev.antudigital.cl\/sites\/vc\/wp-content\/uploads\/2025\/03\/Proyecto-nuevo-2.png","contentUrl":"https:\/\/dev.antudigital.cl\/sites\/vc\/wp-content\/uploads\/2025\/03\/Proyecto-nuevo-2.png","width":1280,"height":720},{"@type":"BreadcrumbList","@id":"https:\/\/dev.antudigital.cl\/sites\/vc\/benjamin-walker-celebrara-sus-10-anos-de-carrera-con-su-show-presente-en-quilpue\/#breadcrumb","itemListElement":[{"@type":"ListItem","position":1,"name":"Home","item":"https:\/\/dev.antudigital.cl\/sites\/vc\/"},{"@type":"ListItem","position":2,"name":"Benjam\u00edn Walker celebrar\u00e1 sus 10 a\u00f1os de carrera con su show \u201cPresente\u201d en Quilpu\u00e9"}]},{"@type":"WebSite","@id":"https:\/\/dev.antudigital.cl\/sites\/vc\/#website","url":"https:\/\/dev.antudigital.cl\/sites\/vc\/","name":"Valpara\u00ed\u00adso Creativo","description":"","potentialAction":[{"@type":"SearchAction","target":{"@type":"EntryPoint","urlTemplate":"https:\/\/dev.antudigital.cl\/sites\/vc\/?s={search_term_string}"},"query-input":{"@type":"PropertyValueSpecification","valueRequired":true,"valueName":"search_term_string"}}],"inLanguage":"es"},{"@type":"Person","@id":"https:\/\/dev.antudigital.cl\/sites\/vc\/#\/schema\/person\/c2b9da8dd545e27166fc5ab232837318","name":"Valpara\u00edso Creativo","description":"Periodista de cultura en la Regi\u00f3n de Valpara\u00edso.","url":"https:\/\/dev.antudigital.cl\/sites\/vc\/author\/valpoadmin\/"}]}},"_links":{"self":[{"href":"https:\/\/dev.antudigital.cl\/sites\/vc\/wp-json\/wp\/v2\/posts\/22353","targetHints":{"allow":["GET"]}}],"collection":[{"href":"https:\/\/dev.antudigital.cl\/sites\/vc\/wp-json\/wp\/v2\/posts"}],"about":[{"href":"https:\/\/dev.antudigital.cl\/sites\/vc\/wp-json\/wp\/v2\/types\/post"}],"author":[{"embeddable":true,"href":"https:\/\/dev.antudigital.cl\/sites\/vc\/wp-json\/wp\/v2\/users\/1"}],"replies":[{"embeddable":true,"href":"https:\/\/dev.antudigital.cl\/sites\/vc\/wp-json\/wp\/v2\/comments?post=22353"}],"version-history":[{"count":1,"href":"https:\/\/dev.antudigital.cl\/sites\/vc\/wp-json\/wp\/v2\/posts\/22353\/revisions"}],"predecessor-version":[{"id":22356,"href":"https:\/\/dev.antudigital.cl\/sites\/vc\/wp-json\/wp\/v2\/posts\/22353\/revisions\/22356"}],"wp:featuredmedia":[{"embeddable":true,"href":"https:\/\/dev.antudigital.cl\/sites\/vc\/wp-json\/wp\/v2\/media\/22355"}],"wp:attachment":[{"href":"https:\/\/dev.antudigital.cl\/sites\/vc\/wp-json\/wp\/v2\/media?parent=22353"}],"wp:term":[{"taxonomy":"category","embeddable":true,"href":"https:\/\/dev.antudigital.cl\/sites\/vc\/wp-json\/wp\/v2\/categories?post=22353"},{"taxonomy":"post_tag","embeddable":true,"href":"https:\/\/dev.antudigital.cl\/sites\/vc\/wp-json\/wp\/v2\/tags?post=22353"}],"curies":[{"name":"wp","href":"https:\/\/api.w.org\/{rel}","templated":true}]}}