{"id":22357,"date":"2025-03-21T16:55:05","date_gmt":"2025-03-21T16:55:05","guid":{"rendered":"https:\/\/www.valparaisocreativo.cl\/?p=22357"},"modified":"2025-03-21T16:55:24","modified_gmt":"2025-03-21T16:55:24","slug":"compania-la-coraje-estrena-el-yordan-obra-que-nos-habla-de-las-apariencias","status":"publish","type":"post","link":"https:\/\/dev.antudigital.cl\/sites\/vc\/compania-la-coraje-estrena-el-yordan-obra-que-nos-habla-de-las-apariencias\/","title":{"rendered":"Compa\u00f1\u00eda La Coraje estrena \u201cEl Yordan\u201d, obra que nos habla de las apariencias"},"content":{"rendered":"\n<p>\u00c9ste mi\u00e9rcoles 26 <em>de marzo a las 19.00 hrs se estar\u00e1 estrenando una nueva creaci\u00f3n de Compa\u00f1\u00eda La Coraje en el Parque Cultural de Valpara\u00edso una versi\u00f3n libre de la obra \u201cEl Burgu\u00e9s gentilhombre\u201d de Moliere.<\/em><\/p>\n\n\n\n<p>La obra cuenta la historia de Yordan, quien asciende econ\u00f3micamente muy r\u00e1pido y para ser aceptado socialmente como una persona m\u00e1s refinada toma diversas clases que le ayudar\u00e1n a su gran metamorfosis. \u201cEl Yordan\u201d nos presenta la disyuntiva de querer ser y aparentar ante otras personas para sentir que somos parte.<\/p>\n\n\n\n<p>Para esta puesta en escena la Compa\u00f1\u00eda revisita un cl\u00e1sico de la literatura universal para reflexionar en relaci\u00f3n a las apariencias, en qui\u00e9nes esperamos convertirnos y la fuerte influencia que existe por las redes sociales en las personas m\u00e1s j\u00f3venes. La directora Fabiola D\u00edaz comenta: \u201cquer\u00edamos actualizar un texto cl\u00e1sico y posicionarlo en nuestro contexto en cual est\u00e1 sobrecargado de informaci\u00f3n y la obra nos qued\u00f3 as\u00ed, abultada y chabacana, esta creaci\u00f3n est\u00e1 destinada para j\u00f3venes y nos parece importante que los contenidos sean tratados para comprenderlos desde nuestra actualidad\u201d<\/p>\n\n\n\n<p>Este proyecto est\u00e1 financiado por el FNDR Gobierno Regional de Valpara\u00edso 2024 y aprobado por el consejo regional de Valpara\u00edso.<\/p>\n\n\n\n<p>Las funciones se realizar\u00e1n en el Teatro del Parque Cultural de Valpara\u00edso se presentar\u00e1 en la ma\u00f1ana a las 11.30 horas y a las 19 horas para p\u00fablico general.<\/p>\n\n\n\n<figure class=\"wp-block-image size-large\"><img fetchpriority=\"high\" decoding=\"async\" width=\"768\" height=\"1024\" src=\"https:\/\/www.valparaisocreativo.cl\/wp-content\/uploads\/2025\/03\/Fotografia2-768x1024.jpeg\" alt=\"\" class=\"wp-image-22359\" srcset=\"https:\/\/dev.antudigital.cl\/sites\/vc\/wp-content\/uploads\/2025\/03\/Fotografia2-768x1024.jpeg 768w, https:\/\/dev.antudigital.cl\/sites\/vc\/wp-content\/uploads\/2025\/03\/Fotografia2-225x300.jpeg 225w, https:\/\/dev.antudigital.cl\/sites\/vc\/wp-content\/uploads\/2025\/03\/Fotografia2-480x640.jpeg 480w, https:\/\/dev.antudigital.cl\/sites\/vc\/wp-content\/uploads\/2025\/03\/Fotografia2-18x24.jpeg 18w, https:\/\/dev.antudigital.cl\/sites\/vc\/wp-content\/uploads\/2025\/03\/Fotografia2-27x36.jpeg 27w, https:\/\/dev.antudigital.cl\/sites\/vc\/wp-content\/uploads\/2025\/03\/Fotografia2-36x48.jpeg 36w, https:\/\/dev.antudigital.cl\/sites\/vc\/wp-content\/uploads\/2025\/03\/Fotografia2.jpeg 960w\" sizes=\"(max-width: 768px) 100vw, 768px\" \/><\/figure>\n\n\n\n<p>Ficha Art\u00edstica:<\/p>\n\n\n\n<p>Direcci\u00f3n Fabiola D\u00edaz<\/p>\n\n\n\n<p>Dramaturgia Sebasti\u00e1n Aliaga<\/p>\n\n\n\n<p>Int\u00e9rpretes Estefan\u00eda Aedo, Mar\u00eda Jos\u00e9 Farfal y Ariel Osorio<\/p>\n\n\n\n<p>Dise\u00f1o integral Melisa Torrealba<\/p>\n\n\n\n<p>Dise\u00f1o y operador lum\u00ednico Alfredo C\u00f3rdova<\/p>\n\n\n\n<p>Creaci\u00f3n musical Bruno D\u00edaz<\/p>\n\n\n\n<p>Cuadernillo de Mediaci\u00f3n: Angiara Aedo y Cia La Coraje<\/p>\n\n\n\n<p>Pelucas Angelo Ahumada<\/p>\n\n\n\n<p>Pr\u00f3tesis Zita Espinoza<\/p>\n\n\n\n<p>Producci\u00f3n Estefan\u00eda Aedo<\/p>\n\n\n\n<p>Para m\u00e1s informaci\u00f3n seguir las redes de Instagram&nbsp; y Facebook en @cialacoraje&nbsp;<\/p>\n\n\n\n<p>www.companialacoraje.com<\/p>\n","protected":false},"excerpt":{"rendered":"<p>\u00c9ste mi\u00e9rcoles 26 de marzo a las 19.00 hrs se estar\u00e1 estrenando una nueva creaci\u00f3n de Compa\u00f1\u00eda La Coraje en el Parque Cultural de Valpara\u00edso una versi\u00f3n libre de la obra \u201cEl Burgu\u00e9s gentilhombre\u201d de Moliere. La obra cuenta la historia de Yordan, quien asciende econ\u00f3micamente muy r\u00e1pido y para ser aceptado socialmente como una [&hellip;]<\/p>\n","protected":false},"author":1,"featured_media":22358,"comment_status":"closed","ping_status":"closed","sticky":false,"template":"","format":"standard","meta":{"_acf_changed":false,"footnotes":""},"categories":[8],"tags":[],"class_list":["post-22357","post","type-post","status-publish","format-standard","has-post-thumbnail","hentry","category-noticia"],"acf":[],"yoast_head":"<!-- This site is optimized with the Yoast SEO plugin v27.1.1 - https:\/\/yoast.com\/product\/yoast-seo-wordpress\/ -->\n<title>Compa\u00f1\u00eda La Coraje estrena \u201cEl Yordan\u201d, obra que nos habla de las apariencias - Valpara\u00ed\u00adso Creativo<\/title>\n<meta name=\"robots\" content=\"index, follow, max-snippet:-1, max-image-preview:large, max-video-preview:-1\" \/>\n<link rel=\"canonical\" href=\"https:\/\/dev.antudigital.cl\/sites\/vc\/compania-la-coraje-estrena-el-yordan-obra-que-nos-habla-de-las-apariencias\/\" \/>\n<meta property=\"og:locale\" content=\"es_ES\" \/>\n<meta property=\"og:type\" content=\"article\" \/>\n<meta property=\"og:title\" content=\"Compa\u00f1\u00eda La Coraje estrena \u201cEl Yordan\u201d, obra que nos habla de las apariencias - Valpara\u00ed\u00adso Creativo\" \/>\n<meta property=\"og:description\" content=\"\u00c9ste mi\u00e9rcoles 26 de marzo a las 19.00 hrs se estar\u00e1 estrenando una nueva creaci\u00f3n de Compa\u00f1\u00eda La Coraje en el Parque Cultural de Valpara\u00edso una versi\u00f3n libre de la obra \u201cEl Burgu\u00e9s gentilhombre\u201d de Moliere. La obra cuenta la historia de Yordan, quien asciende econ\u00f3micamente muy r\u00e1pido y para ser aceptado socialmente como una [&hellip;]\" \/>\n<meta property=\"og:url\" content=\"https:\/\/dev.antudigital.cl\/sites\/vc\/compania-la-coraje-estrena-el-yordan-obra-que-nos-habla-de-las-apariencias\/\" \/>\n<meta property=\"og:site_name\" content=\"Valpara\u00ed\u00adso Creativo\" \/>\n<meta property=\"article:published_time\" content=\"2025-03-21T16:55:05+00:00\" \/>\n<meta property=\"article:modified_time\" content=\"2025-03-21T16:55:24+00:00\" \/>\n<meta property=\"og:image\" content=\"https:\/\/dev.antudigital.cl\/sites\/vc\/wp-content\/uploads\/2025\/03\/afiche-ELYORDAN-RRSS.png\" \/>\n\t<meta property=\"og:image:width\" content=\"1080\" \/>\n\t<meta property=\"og:image:height\" content=\"1080\" \/>\n\t<meta property=\"og:image:type\" content=\"image\/png\" \/>\n<meta name=\"author\" content=\"Valpara\u00edso Creativo\" \/>\n<meta name=\"twitter:card\" content=\"summary_large_image\" \/>\n<meta name=\"twitter:label1\" content=\"Escrito por\" \/>\n\t<meta name=\"twitter:data1\" content=\"Valpara\u00edso Creativo\" \/>\n\t<meta name=\"twitter:label2\" content=\"Tiempo de lectura\" \/>\n\t<meta name=\"twitter:data2\" content=\"2 minutos\" \/>\n<script type=\"application\/ld+json\" class=\"yoast-schema-graph\">{\"@context\":\"https:\/\/schema.org\",\"@graph\":[{\"@type\":\"Article\",\"@id\":\"https:\/\/dev.antudigital.cl\/sites\/vc\/compania-la-coraje-estrena-el-yordan-obra-que-nos-habla-de-las-apariencias\/#article\",\"isPartOf\":{\"@id\":\"https:\/\/dev.antudigital.cl\/sites\/vc\/compania-la-coraje-estrena-el-yordan-obra-que-nos-habla-de-las-apariencias\/\"},\"author\":{\"name\":\"Valpara\u00edso Creativo\",\"@id\":\"https:\/\/dev.antudigital.cl\/sites\/vc\/#\/schema\/person\/c2b9da8dd545e27166fc5ab232837318\"},\"headline\":\"Compa\u00f1\u00eda La Coraje estrena \u201cEl Yordan\u201d, obra que nos habla de las apariencias\",\"datePublished\":\"2025-03-21T16:55:05+00:00\",\"dateModified\":\"2025-03-21T16:55:24+00:00\",\"mainEntityOfPage\":{\"@id\":\"https:\/\/dev.antudigital.cl\/sites\/vc\/compania-la-coraje-estrena-el-yordan-obra-que-nos-habla-de-las-apariencias\/\"},\"wordCount\":348,\"image\":{\"@id\":\"https:\/\/dev.antudigital.cl\/sites\/vc\/compania-la-coraje-estrena-el-yordan-obra-que-nos-habla-de-las-apariencias\/#primaryimage\"},\"thumbnailUrl\":\"https:\/\/dev.antudigital.cl\/sites\/vc\/wp-content\/uploads\/2025\/03\/afiche-ELYORDAN-RRSS.png\",\"articleSection\":[\"Noticia\"],\"inLanguage\":\"es\"},{\"@type\":\"WebPage\",\"@id\":\"https:\/\/dev.antudigital.cl\/sites\/vc\/compania-la-coraje-estrena-el-yordan-obra-que-nos-habla-de-las-apariencias\/\",\"url\":\"https:\/\/dev.antudigital.cl\/sites\/vc\/compania-la-coraje-estrena-el-yordan-obra-que-nos-habla-de-las-apariencias\/\",\"name\":\"Compa\u00f1\u00eda La Coraje estrena \u201cEl Yordan\u201d, obra que nos habla de las apariencias - Valpara\u00ed\u00adso Creativo\",\"isPartOf\":{\"@id\":\"https:\/\/dev.antudigital.cl\/sites\/vc\/#website\"},\"primaryImageOfPage\":{\"@id\":\"https:\/\/dev.antudigital.cl\/sites\/vc\/compania-la-coraje-estrena-el-yordan-obra-que-nos-habla-de-las-apariencias\/#primaryimage\"},\"image\":{\"@id\":\"https:\/\/dev.antudigital.cl\/sites\/vc\/compania-la-coraje-estrena-el-yordan-obra-que-nos-habla-de-las-apariencias\/#primaryimage\"},\"thumbnailUrl\":\"https:\/\/dev.antudigital.cl\/sites\/vc\/wp-content\/uploads\/2025\/03\/afiche-ELYORDAN-RRSS.png\",\"datePublished\":\"2025-03-21T16:55:05+00:00\",\"dateModified\":\"2025-03-21T16:55:24+00:00\",\"author\":{\"@id\":\"https:\/\/dev.antudigital.cl\/sites\/vc\/#\/schema\/person\/c2b9da8dd545e27166fc5ab232837318\"},\"breadcrumb\":{\"@id\":\"https:\/\/dev.antudigital.cl\/sites\/vc\/compania-la-coraje-estrena-el-yordan-obra-que-nos-habla-de-las-apariencias\/#breadcrumb\"},\"inLanguage\":\"es\",\"potentialAction\":[{\"@type\":\"ReadAction\",\"target\":[\"https:\/\/dev.antudigital.cl\/sites\/vc\/compania-la-coraje-estrena-el-yordan-obra-que-nos-habla-de-las-apariencias\/\"]}]},{\"@type\":\"ImageObject\",\"inLanguage\":\"es\",\"@id\":\"https:\/\/dev.antudigital.cl\/sites\/vc\/compania-la-coraje-estrena-el-yordan-obra-que-nos-habla-de-las-apariencias\/#primaryimage\",\"url\":\"https:\/\/dev.antudigital.cl\/sites\/vc\/wp-content\/uploads\/2025\/03\/afiche-ELYORDAN-RRSS.png\",\"contentUrl\":\"https:\/\/dev.antudigital.cl\/sites\/vc\/wp-content\/uploads\/2025\/03\/afiche-ELYORDAN-RRSS.png\",\"width\":1080,\"height\":1080},{\"@type\":\"BreadcrumbList\",\"@id\":\"https:\/\/dev.antudigital.cl\/sites\/vc\/compania-la-coraje-estrena-el-yordan-obra-que-nos-habla-de-las-apariencias\/#breadcrumb\",\"itemListElement\":[{\"@type\":\"ListItem\",\"position\":1,\"name\":\"Home\",\"item\":\"https:\/\/dev.antudigital.cl\/sites\/vc\/\"},{\"@type\":\"ListItem\",\"position\":2,\"name\":\"Compa\u00f1\u00eda La Coraje estrena \u201cEl Yordan\u201d, obra que nos habla de las apariencias\"}]},{\"@type\":\"WebSite\",\"@id\":\"https:\/\/dev.antudigital.cl\/sites\/vc\/#website\",\"url\":\"https:\/\/dev.antudigital.cl\/sites\/vc\/\",\"name\":\"Valpara\u00ed\u00adso Creativo\",\"description\":\"\",\"potentialAction\":[{\"@type\":\"SearchAction\",\"target\":{\"@type\":\"EntryPoint\",\"urlTemplate\":\"https:\/\/dev.antudigital.cl\/sites\/vc\/?s={search_term_string}\"},\"query-input\":{\"@type\":\"PropertyValueSpecification\",\"valueRequired\":true,\"valueName\":\"search_term_string\"}}],\"inLanguage\":\"es\"},{\"@type\":\"Person\",\"@id\":\"https:\/\/dev.antudigital.cl\/sites\/vc\/#\/schema\/person\/c2b9da8dd545e27166fc5ab232837318\",\"name\":\"Valpara\u00edso Creativo\",\"description\":\"Periodista de cultura en la Regi\u00f3n de Valpara\u00edso.\",\"url\":\"https:\/\/dev.antudigital.cl\/sites\/vc\/author\/valpoadmin\/\"}]}<\/script>\n<!-- \/ Yoast SEO plugin. -->","yoast_head_json":{"title":"Compa\u00f1\u00eda La Coraje estrena \u201cEl Yordan\u201d, obra que nos habla de las apariencias - Valpara\u00ed\u00adso Creativo","robots":{"index":"index","follow":"follow","max-snippet":"max-snippet:-1","max-image-preview":"max-image-preview:large","max-video-preview":"max-video-preview:-1"},"canonical":"https:\/\/dev.antudigital.cl\/sites\/vc\/compania-la-coraje-estrena-el-yordan-obra-que-nos-habla-de-las-apariencias\/","og_locale":"es_ES","og_type":"article","og_title":"Compa\u00f1\u00eda La Coraje estrena \u201cEl Yordan\u201d, obra que nos habla de las apariencias - Valpara\u00ed\u00adso Creativo","og_description":"\u00c9ste mi\u00e9rcoles 26 de marzo a las 19.00 hrs se estar\u00e1 estrenando una nueva creaci\u00f3n de Compa\u00f1\u00eda La Coraje en el Parque Cultural de Valpara\u00edso una versi\u00f3n libre de la obra \u201cEl Burgu\u00e9s gentilhombre\u201d de Moliere. La obra cuenta la historia de Yordan, quien asciende econ\u00f3micamente muy r\u00e1pido y para ser aceptado socialmente como una [&hellip;]","og_url":"https:\/\/dev.antudigital.cl\/sites\/vc\/compania-la-coraje-estrena-el-yordan-obra-que-nos-habla-de-las-apariencias\/","og_site_name":"Valpara\u00ed\u00adso Creativo","article_published_time":"2025-03-21T16:55:05+00:00","article_modified_time":"2025-03-21T16:55:24+00:00","og_image":[{"width":1080,"height":1080,"url":"https:\/\/dev.antudigital.cl\/sites\/vc\/wp-content\/uploads\/2025\/03\/afiche-ELYORDAN-RRSS.png","type":"image\/png"}],"author":"Valpara\u00edso Creativo","twitter_card":"summary_large_image","twitter_misc":{"Escrito por":"Valpara\u00edso Creativo","Tiempo de lectura":"2 minutos"},"schema":{"@context":"https:\/\/schema.org","@graph":[{"@type":"Article","@id":"https:\/\/dev.antudigital.cl\/sites\/vc\/compania-la-coraje-estrena-el-yordan-obra-que-nos-habla-de-las-apariencias\/#article","isPartOf":{"@id":"https:\/\/dev.antudigital.cl\/sites\/vc\/compania-la-coraje-estrena-el-yordan-obra-que-nos-habla-de-las-apariencias\/"},"author":{"name":"Valpara\u00edso Creativo","@id":"https:\/\/dev.antudigital.cl\/sites\/vc\/#\/schema\/person\/c2b9da8dd545e27166fc5ab232837318"},"headline":"Compa\u00f1\u00eda La Coraje estrena \u201cEl Yordan\u201d, obra que nos habla de las apariencias","datePublished":"2025-03-21T16:55:05+00:00","dateModified":"2025-03-21T16:55:24+00:00","mainEntityOfPage":{"@id":"https:\/\/dev.antudigital.cl\/sites\/vc\/compania-la-coraje-estrena-el-yordan-obra-que-nos-habla-de-las-apariencias\/"},"wordCount":348,"image":{"@id":"https:\/\/dev.antudigital.cl\/sites\/vc\/compania-la-coraje-estrena-el-yordan-obra-que-nos-habla-de-las-apariencias\/#primaryimage"},"thumbnailUrl":"https:\/\/dev.antudigital.cl\/sites\/vc\/wp-content\/uploads\/2025\/03\/afiche-ELYORDAN-RRSS.png","articleSection":["Noticia"],"inLanguage":"es"},{"@type":"WebPage","@id":"https:\/\/dev.antudigital.cl\/sites\/vc\/compania-la-coraje-estrena-el-yordan-obra-que-nos-habla-de-las-apariencias\/","url":"https:\/\/dev.antudigital.cl\/sites\/vc\/compania-la-coraje-estrena-el-yordan-obra-que-nos-habla-de-las-apariencias\/","name":"Compa\u00f1\u00eda La Coraje estrena \u201cEl Yordan\u201d, obra que nos habla de las apariencias - Valpara\u00ed\u00adso Creativo","isPartOf":{"@id":"https:\/\/dev.antudigital.cl\/sites\/vc\/#website"},"primaryImageOfPage":{"@id":"https:\/\/dev.antudigital.cl\/sites\/vc\/compania-la-coraje-estrena-el-yordan-obra-que-nos-habla-de-las-apariencias\/#primaryimage"},"image":{"@id":"https:\/\/dev.antudigital.cl\/sites\/vc\/compania-la-coraje-estrena-el-yordan-obra-que-nos-habla-de-las-apariencias\/#primaryimage"},"thumbnailUrl":"https:\/\/dev.antudigital.cl\/sites\/vc\/wp-content\/uploads\/2025\/03\/afiche-ELYORDAN-RRSS.png","datePublished":"2025-03-21T16:55:05+00:00","dateModified":"2025-03-21T16:55:24+00:00","author":{"@id":"https:\/\/dev.antudigital.cl\/sites\/vc\/#\/schema\/person\/c2b9da8dd545e27166fc5ab232837318"},"breadcrumb":{"@id":"https:\/\/dev.antudigital.cl\/sites\/vc\/compania-la-coraje-estrena-el-yordan-obra-que-nos-habla-de-las-apariencias\/#breadcrumb"},"inLanguage":"es","potentialAction":[{"@type":"ReadAction","target":["https:\/\/dev.antudigital.cl\/sites\/vc\/compania-la-coraje-estrena-el-yordan-obra-que-nos-habla-de-las-apariencias\/"]}]},{"@type":"ImageObject","inLanguage":"es","@id":"https:\/\/dev.antudigital.cl\/sites\/vc\/compania-la-coraje-estrena-el-yordan-obra-que-nos-habla-de-las-apariencias\/#primaryimage","url":"https:\/\/dev.antudigital.cl\/sites\/vc\/wp-content\/uploads\/2025\/03\/afiche-ELYORDAN-RRSS.png","contentUrl":"https:\/\/dev.antudigital.cl\/sites\/vc\/wp-content\/uploads\/2025\/03\/afiche-ELYORDAN-RRSS.png","width":1080,"height":1080},{"@type":"BreadcrumbList","@id":"https:\/\/dev.antudigital.cl\/sites\/vc\/compania-la-coraje-estrena-el-yordan-obra-que-nos-habla-de-las-apariencias\/#breadcrumb","itemListElement":[{"@type":"ListItem","position":1,"name":"Home","item":"https:\/\/dev.antudigital.cl\/sites\/vc\/"},{"@type":"ListItem","position":2,"name":"Compa\u00f1\u00eda La Coraje estrena \u201cEl Yordan\u201d, obra que nos habla de las apariencias"}]},{"@type":"WebSite","@id":"https:\/\/dev.antudigital.cl\/sites\/vc\/#website","url":"https:\/\/dev.antudigital.cl\/sites\/vc\/","name":"Valpara\u00ed\u00adso Creativo","description":"","potentialAction":[{"@type":"SearchAction","target":{"@type":"EntryPoint","urlTemplate":"https:\/\/dev.antudigital.cl\/sites\/vc\/?s={search_term_string}"},"query-input":{"@type":"PropertyValueSpecification","valueRequired":true,"valueName":"search_term_string"}}],"inLanguage":"es"},{"@type":"Person","@id":"https:\/\/dev.antudigital.cl\/sites\/vc\/#\/schema\/person\/c2b9da8dd545e27166fc5ab232837318","name":"Valpara\u00edso Creativo","description":"Periodista de cultura en la Regi\u00f3n de Valpara\u00edso.","url":"https:\/\/dev.antudigital.cl\/sites\/vc\/author\/valpoadmin\/"}]}},"_links":{"self":[{"href":"https:\/\/dev.antudigital.cl\/sites\/vc\/wp-json\/wp\/v2\/posts\/22357","targetHints":{"allow":["GET"]}}],"collection":[{"href":"https:\/\/dev.antudigital.cl\/sites\/vc\/wp-json\/wp\/v2\/posts"}],"about":[{"href":"https:\/\/dev.antudigital.cl\/sites\/vc\/wp-json\/wp\/v2\/types\/post"}],"author":[{"embeddable":true,"href":"https:\/\/dev.antudigital.cl\/sites\/vc\/wp-json\/wp\/v2\/users\/1"}],"replies":[{"embeddable":true,"href":"https:\/\/dev.antudigital.cl\/sites\/vc\/wp-json\/wp\/v2\/comments?post=22357"}],"version-history":[{"count":1,"href":"https:\/\/dev.antudigital.cl\/sites\/vc\/wp-json\/wp\/v2\/posts\/22357\/revisions"}],"predecessor-version":[{"id":22360,"href":"https:\/\/dev.antudigital.cl\/sites\/vc\/wp-json\/wp\/v2\/posts\/22357\/revisions\/22360"}],"wp:featuredmedia":[{"embeddable":true,"href":"https:\/\/dev.antudigital.cl\/sites\/vc\/wp-json\/wp\/v2\/media\/22358"}],"wp:attachment":[{"href":"https:\/\/dev.antudigital.cl\/sites\/vc\/wp-json\/wp\/v2\/media?parent=22357"}],"wp:term":[{"taxonomy":"category","embeddable":true,"href":"https:\/\/dev.antudigital.cl\/sites\/vc\/wp-json\/wp\/v2\/categories?post=22357"},{"taxonomy":"post_tag","embeddable":true,"href":"https:\/\/dev.antudigital.cl\/sites\/vc\/wp-json\/wp\/v2\/tags?post=22357"}],"curies":[{"name":"wp","href":"https:\/\/api.w.org\/{rel}","templated":true}]}}