{"id":22361,"date":"2025-03-21T17:03:50","date_gmt":"2025-03-21T17:03:50","guid":{"rendered":"https:\/\/www.valparaisocreativo.cl\/?p=22361"},"modified":"2025-03-21T17:04:08","modified_gmt":"2025-03-21T17:04:08","slug":"la-pergola-de-las-flores-llega-a-artequin-vina-con-montaje-inclusivo-y-gratuito","status":"publish","type":"post","link":"https:\/\/dev.antudigital.cl\/sites\/vc\/la-pergola-de-las-flores-llega-a-artequin-vina-con-montaje-inclusivo-y-gratuito\/","title":{"rendered":"\u201cLa P\u00e9rgola de las Flores\u201d llega a Artequin Vi\u00f1a con montaje inclusivo y gratuito"},"content":{"rendered":"\n<p>Artequin Vi\u00f1a del Mar ser\u00e1 escenario de la cl\u00e1sica y querida obra \u201cLa P\u00e9rgola de las Flores\u201d dirigida por la sra. Sandra Millones integrante del Club de Lectura de APARID. La invitaci\u00f3n es para este s\u00e1bado 22 de marzo a las 11:30 horas en el anfiteatro del museo, con un montaje especial por el D\u00eda Internacional de las Personas con S\u00edndrome de Down.&nbsp;<\/p>\n\n\n\n<p>El elenco cuenta con 12 actores y actrices de diversas edades pertenecientes a la agrupaci\u00f3n APARID (Agrupaci\u00f3n de Padres y Amigos por la Rehabilitaci\u00f3n e Integraci\u00f3n de las Personas con S\u00edndrome de Down). Quienes hace m\u00e1s de 30 a\u00f1os trabajan en la quinta regi\u00f3n orientando, apoyando e integrando a su comunidad, en esta ocasi\u00f3n, a trav\u00e9s del desarrollo inclusivo de las artes y las culturas.<\/p>\n\n\n\n<p>La funci\u00f3n es con entrada liberada y sin inscripci\u00f3n previa, en la que se vivir\u00e1 una experiencia de conexi\u00f3n con la identidad, los sue\u00f1os y lo colectivo. Una gran oportunidad para expandir voces dentro de la cultura local.<\/p>\n\n\n\n<p>Esta conmemoraci\u00f3n es posible gracias a la coordinaci\u00f3n de la Mesa T\u00e9cnica de Turismo Accesible de la Regi\u00f3n de Valpara\u00edso junto a APARID y el museo Artequin Vi\u00f1a del Mar.&nbsp;<\/p>\n\n\n\n<p>Una invitaci\u00f3n para todas las familias, amistades y comunidad vi\u00f1amarina que quiera disfrutar de una ma\u00f1ana de teatro y de un amable entorno junto al elenco de la agrupaci\u00f3n APARID en el sector Potrerillos de la Quinta Vergara.&nbsp;&nbsp;<\/p>\n\n\n\n<p><strong>Museo Artequin Vi\u00f1a del Mar<\/strong><\/p>\n\n\n\n<p>&#x1f570;&#xfe0f; 11:30 horas<\/p>\n\n\n\n<p>&#x1f4c6; S\u00e1bado 22 de marzo<\/p>\n\n\n\n<p>&#x1f39f;&#xfe0f; Entrada liberada, sin inscripci\u00f3n<br>&#x1f4cd;Calle A. Prieto Nieto #500, Quinta Vergara, Vi\u00f1a del MarPara m\u00e1s informaci\u00f3n s\u00edguenos en Instagram <strong>@artequinvin<\/strong><\/p>\n\n\n\n<figure class=\"wp-block-image size-large\"><img fetchpriority=\"high\" decoding=\"async\" width=\"819\" height=\"1024\" src=\"https:\/\/www.valparaisocreativo.cl\/wp-content\/uploads\/2025\/03\/PERGOLAS-DE-LAS-FLORES-EN-ARTEQUIN-1-819x1024.jpg\" alt=\"\" class=\"wp-image-22363\" srcset=\"https:\/\/dev.antudigital.cl\/sites\/vc\/wp-content\/uploads\/2025\/03\/PERGOLAS-DE-LAS-FLORES-EN-ARTEQUIN-1-819x1024.jpg 819w, https:\/\/dev.antudigital.cl\/sites\/vc\/wp-content\/uploads\/2025\/03\/PERGOLAS-DE-LAS-FLORES-EN-ARTEQUIN-1-240x300.jpg 240w, https:\/\/dev.antudigital.cl\/sites\/vc\/wp-content\/uploads\/2025\/03\/PERGOLAS-DE-LAS-FLORES-EN-ARTEQUIN-1-768x960.jpg 768w, https:\/\/dev.antudigital.cl\/sites\/vc\/wp-content\/uploads\/2025\/03\/PERGOLAS-DE-LAS-FLORES-EN-ARTEQUIN-1-1229x1536.jpg 1229w, https:\/\/dev.antudigital.cl\/sites\/vc\/wp-content\/uploads\/2025\/03\/PERGOLAS-DE-LAS-FLORES-EN-ARTEQUIN-1-1639x2048.jpg 1639w, https:\/\/dev.antudigital.cl\/sites\/vc\/wp-content\/uploads\/2025\/03\/PERGOLAS-DE-LAS-FLORES-EN-ARTEQUIN-1-1080x1350.jpg 1080w, https:\/\/dev.antudigital.cl\/sites\/vc\/wp-content\/uploads\/2025\/03\/PERGOLAS-DE-LAS-FLORES-EN-ARTEQUIN-1-1280x1600.jpg 1280w, https:\/\/dev.antudigital.cl\/sites\/vc\/wp-content\/uploads\/2025\/03\/PERGOLAS-DE-LAS-FLORES-EN-ARTEQUIN-1-980x1225.jpg 980w, https:\/\/dev.antudigital.cl\/sites\/vc\/wp-content\/uploads\/2025\/03\/PERGOLAS-DE-LAS-FLORES-EN-ARTEQUIN-1-480x600.jpg 480w, https:\/\/dev.antudigital.cl\/sites\/vc\/wp-content\/uploads\/2025\/03\/PERGOLAS-DE-LAS-FLORES-EN-ARTEQUIN-1-19x24.jpg 19w, https:\/\/dev.antudigital.cl\/sites\/vc\/wp-content\/uploads\/2025\/03\/PERGOLAS-DE-LAS-FLORES-EN-ARTEQUIN-1-29x36.jpg 29w, https:\/\/dev.antudigital.cl\/sites\/vc\/wp-content\/uploads\/2025\/03\/PERGOLAS-DE-LAS-FLORES-EN-ARTEQUIN-1-38x48.jpg 38w, https:\/\/dev.antudigital.cl\/sites\/vc\/wp-content\/uploads\/2025\/03\/PERGOLAS-DE-LAS-FLORES-EN-ARTEQUIN-1-scaled.jpg 2048w\" sizes=\"(max-width: 819px) 100vw, 819px\" \/><\/figure>\n","protected":false},"excerpt":{"rendered":"<p>Artequin Vi\u00f1a del Mar ser\u00e1 escenario de la cl\u00e1sica y querida obra \u201cLa P\u00e9rgola de las Flores\u201d dirigida por la sra. Sandra Millones integrante del Club de Lectura de APARID. La invitaci\u00f3n es para este s\u00e1bado 22 de marzo a las 11:30 horas en el anfiteatro del museo, con un montaje especial por el D\u00eda [&hellip;]<\/p>\n","protected":false},"author":1,"featured_media":22362,"comment_status":"closed","ping_status":"closed","sticky":false,"template":"","format":"standard","meta":{"_acf_changed":false,"footnotes":""},"categories":[8],"tags":[],"class_list":["post-22361","post","type-post","status-publish","format-standard","has-post-thumbnail","hentry","category-noticia"],"acf":[],"yoast_head":"<!-- This site is optimized with the Yoast SEO plugin v27.1.1 - https:\/\/yoast.com\/product\/yoast-seo-wordpress\/ -->\n<title>\u201cLa P\u00e9rgola de las Flores\u201d llega a Artequin Vi\u00f1a con montaje inclusivo y gratuito - Valpara\u00ed\u00adso Creativo<\/title>\n<meta name=\"robots\" content=\"index, follow, max-snippet:-1, max-image-preview:large, max-video-preview:-1\" \/>\n<link rel=\"canonical\" href=\"https:\/\/dev.antudigital.cl\/sites\/vc\/la-pergola-de-las-flores-llega-a-artequin-vina-con-montaje-inclusivo-y-gratuito\/\" \/>\n<meta property=\"og:locale\" content=\"es_ES\" \/>\n<meta property=\"og:type\" content=\"article\" \/>\n<meta property=\"og:title\" content=\"\u201cLa P\u00e9rgola de las Flores\u201d llega a Artequin Vi\u00f1a con montaje inclusivo y gratuito - Valpara\u00ed\u00adso Creativo\" \/>\n<meta property=\"og:description\" content=\"Artequin Vi\u00f1a del Mar ser\u00e1 escenario de la cl\u00e1sica y querida obra \u201cLa P\u00e9rgola de las Flores\u201d dirigida por la sra. Sandra Millones integrante del Club de Lectura de APARID. La invitaci\u00f3n es para este s\u00e1bado 22 de marzo a las 11:30 horas en el anfiteatro del museo, con un montaje especial por el D\u00eda [&hellip;]\" \/>\n<meta property=\"og:url\" content=\"https:\/\/dev.antudigital.cl\/sites\/vc\/la-pergola-de-las-flores-llega-a-artequin-vina-con-montaje-inclusivo-y-gratuito\/\" \/>\n<meta property=\"og:site_name\" content=\"Valpara\u00ed\u00adso Creativo\" \/>\n<meta property=\"article:published_time\" content=\"2025-03-21T17:03:50+00:00\" \/>\n<meta property=\"article:modified_time\" content=\"2025-03-21T17:04:08+00:00\" \/>\n<meta property=\"og:image\" content=\"https:\/\/dev.antudigital.cl\/sites\/vc\/wp-content\/uploads\/2025\/03\/PERGOLAS-DE-LAS-FLORES-EN-ARTEQUIN-scaled-e1742576513555.jpg\" \/>\n\t<meta property=\"og:image:width\" content=\"2048\" \/>\n\t<meta property=\"og:image:height\" content=\"1335\" \/>\n\t<meta property=\"og:image:type\" content=\"image\/jpeg\" \/>\n<meta name=\"author\" content=\"Valpara\u00edso Creativo\" \/>\n<meta name=\"twitter:card\" content=\"summary_large_image\" \/>\n<meta name=\"twitter:label1\" content=\"Escrito por\" \/>\n\t<meta name=\"twitter:data1\" content=\"Valpara\u00edso Creativo\" \/>\n\t<meta name=\"twitter:label2\" content=\"Tiempo de lectura\" \/>\n\t<meta name=\"twitter:data2\" content=\"2 minutos\" \/>\n<script type=\"application\/ld+json\" class=\"yoast-schema-graph\">{\"@context\":\"https:\/\/schema.org\",\"@graph\":[{\"@type\":\"Article\",\"@id\":\"https:\/\/dev.antudigital.cl\/sites\/vc\/la-pergola-de-las-flores-llega-a-artequin-vina-con-montaje-inclusivo-y-gratuito\/#article\",\"isPartOf\":{\"@id\":\"https:\/\/dev.antudigital.cl\/sites\/vc\/la-pergola-de-las-flores-llega-a-artequin-vina-con-montaje-inclusivo-y-gratuito\/\"},\"author\":{\"name\":\"Valpara\u00edso Creativo\",\"@id\":\"https:\/\/dev.antudigital.cl\/sites\/vc\/#\/schema\/person\/c2b9da8dd545e27166fc5ab232837318\"},\"headline\":\"\u201cLa P\u00e9rgola de las Flores\u201d llega a Artequin Vi\u00f1a con montaje inclusivo y gratuito\",\"datePublished\":\"2025-03-21T17:03:50+00:00\",\"dateModified\":\"2025-03-21T17:04:08+00:00\",\"mainEntityOfPage\":{\"@id\":\"https:\/\/dev.antudigital.cl\/sites\/vc\/la-pergola-de-las-flores-llega-a-artequin-vina-con-montaje-inclusivo-y-gratuito\/\"},\"wordCount\":331,\"image\":{\"@id\":\"https:\/\/dev.antudigital.cl\/sites\/vc\/la-pergola-de-las-flores-llega-a-artequin-vina-con-montaje-inclusivo-y-gratuito\/#primaryimage\"},\"thumbnailUrl\":\"https:\/\/dev.antudigital.cl\/sites\/vc\/wp-content\/uploads\/2025\/03\/PERGOLAS-DE-LAS-FLORES-EN-ARTEQUIN-scaled-e1742576513555.jpg\",\"articleSection\":[\"Noticia\"],\"inLanguage\":\"es\"},{\"@type\":\"WebPage\",\"@id\":\"https:\/\/dev.antudigital.cl\/sites\/vc\/la-pergola-de-las-flores-llega-a-artequin-vina-con-montaje-inclusivo-y-gratuito\/\",\"url\":\"https:\/\/dev.antudigital.cl\/sites\/vc\/la-pergola-de-las-flores-llega-a-artequin-vina-con-montaje-inclusivo-y-gratuito\/\",\"name\":\"\u201cLa P\u00e9rgola de las Flores\u201d llega a Artequin Vi\u00f1a con montaje inclusivo y gratuito - Valpara\u00ed\u00adso Creativo\",\"isPartOf\":{\"@id\":\"https:\/\/dev.antudigital.cl\/sites\/vc\/#website\"},\"primaryImageOfPage\":{\"@id\":\"https:\/\/dev.antudigital.cl\/sites\/vc\/la-pergola-de-las-flores-llega-a-artequin-vina-con-montaje-inclusivo-y-gratuito\/#primaryimage\"},\"image\":{\"@id\":\"https:\/\/dev.antudigital.cl\/sites\/vc\/la-pergola-de-las-flores-llega-a-artequin-vina-con-montaje-inclusivo-y-gratuito\/#primaryimage\"},\"thumbnailUrl\":\"https:\/\/dev.antudigital.cl\/sites\/vc\/wp-content\/uploads\/2025\/03\/PERGOLAS-DE-LAS-FLORES-EN-ARTEQUIN-scaled-e1742576513555.jpg\",\"datePublished\":\"2025-03-21T17:03:50+00:00\",\"dateModified\":\"2025-03-21T17:04:08+00:00\",\"author\":{\"@id\":\"https:\/\/dev.antudigital.cl\/sites\/vc\/#\/schema\/person\/c2b9da8dd545e27166fc5ab232837318\"},\"breadcrumb\":{\"@id\":\"https:\/\/dev.antudigital.cl\/sites\/vc\/la-pergola-de-las-flores-llega-a-artequin-vina-con-montaje-inclusivo-y-gratuito\/#breadcrumb\"},\"inLanguage\":\"es\",\"potentialAction\":[{\"@type\":\"ReadAction\",\"target\":[\"https:\/\/dev.antudigital.cl\/sites\/vc\/la-pergola-de-las-flores-llega-a-artequin-vina-con-montaje-inclusivo-y-gratuito\/\"]}]},{\"@type\":\"ImageObject\",\"inLanguage\":\"es\",\"@id\":\"https:\/\/dev.antudigital.cl\/sites\/vc\/la-pergola-de-las-flores-llega-a-artequin-vina-con-montaje-inclusivo-y-gratuito\/#primaryimage\",\"url\":\"https:\/\/dev.antudigital.cl\/sites\/vc\/wp-content\/uploads\/2025\/03\/PERGOLAS-DE-LAS-FLORES-EN-ARTEQUIN-scaled-e1742576513555.jpg\",\"contentUrl\":\"https:\/\/dev.antudigital.cl\/sites\/vc\/wp-content\/uploads\/2025\/03\/PERGOLAS-DE-LAS-FLORES-EN-ARTEQUIN-scaled-e1742576513555.jpg\",\"width\":2048,\"height\":1335},{\"@type\":\"BreadcrumbList\",\"@id\":\"https:\/\/dev.antudigital.cl\/sites\/vc\/la-pergola-de-las-flores-llega-a-artequin-vina-con-montaje-inclusivo-y-gratuito\/#breadcrumb\",\"itemListElement\":[{\"@type\":\"ListItem\",\"position\":1,\"name\":\"Home\",\"item\":\"https:\/\/dev.antudigital.cl\/sites\/vc\/\"},{\"@type\":\"ListItem\",\"position\":2,\"name\":\"\u201cLa P\u00e9rgola de las Flores\u201d llega a Artequin Vi\u00f1a con montaje inclusivo y gratuito\"}]},{\"@type\":\"WebSite\",\"@id\":\"https:\/\/dev.antudigital.cl\/sites\/vc\/#website\",\"url\":\"https:\/\/dev.antudigital.cl\/sites\/vc\/\",\"name\":\"Valpara\u00ed\u00adso Creativo\",\"description\":\"\",\"potentialAction\":[{\"@type\":\"SearchAction\",\"target\":{\"@type\":\"EntryPoint\",\"urlTemplate\":\"https:\/\/dev.antudigital.cl\/sites\/vc\/?s={search_term_string}\"},\"query-input\":{\"@type\":\"PropertyValueSpecification\",\"valueRequired\":true,\"valueName\":\"search_term_string\"}}],\"inLanguage\":\"es\"},{\"@type\":\"Person\",\"@id\":\"https:\/\/dev.antudigital.cl\/sites\/vc\/#\/schema\/person\/c2b9da8dd545e27166fc5ab232837318\",\"name\":\"Valpara\u00edso Creativo\",\"description\":\"Periodista de cultura en la Regi\u00f3n de Valpara\u00edso.\",\"url\":\"https:\/\/dev.antudigital.cl\/sites\/vc\/author\/valpoadmin\/\"}]}<\/script>\n<!-- \/ Yoast SEO plugin. -->","yoast_head_json":{"title":"\u201cLa P\u00e9rgola de las Flores\u201d llega a Artequin Vi\u00f1a con montaje inclusivo y gratuito - Valpara\u00ed\u00adso Creativo","robots":{"index":"index","follow":"follow","max-snippet":"max-snippet:-1","max-image-preview":"max-image-preview:large","max-video-preview":"max-video-preview:-1"},"canonical":"https:\/\/dev.antudigital.cl\/sites\/vc\/la-pergola-de-las-flores-llega-a-artequin-vina-con-montaje-inclusivo-y-gratuito\/","og_locale":"es_ES","og_type":"article","og_title":"\u201cLa P\u00e9rgola de las Flores\u201d llega a Artequin Vi\u00f1a con montaje inclusivo y gratuito - Valpara\u00ed\u00adso Creativo","og_description":"Artequin Vi\u00f1a del Mar ser\u00e1 escenario de la cl\u00e1sica y querida obra \u201cLa P\u00e9rgola de las Flores\u201d dirigida por la sra. Sandra Millones integrante del Club de Lectura de APARID. La invitaci\u00f3n es para este s\u00e1bado 22 de marzo a las 11:30 horas en el anfiteatro del museo, con un montaje especial por el D\u00eda [&hellip;]","og_url":"https:\/\/dev.antudigital.cl\/sites\/vc\/la-pergola-de-las-flores-llega-a-artequin-vina-con-montaje-inclusivo-y-gratuito\/","og_site_name":"Valpara\u00ed\u00adso Creativo","article_published_time":"2025-03-21T17:03:50+00:00","article_modified_time":"2025-03-21T17:04:08+00:00","og_image":[{"width":2048,"height":1335,"url":"https:\/\/dev.antudigital.cl\/sites\/vc\/wp-content\/uploads\/2025\/03\/PERGOLAS-DE-LAS-FLORES-EN-ARTEQUIN-scaled-e1742576513555.jpg","type":"image\/jpeg"}],"author":"Valpara\u00edso Creativo","twitter_card":"summary_large_image","twitter_misc":{"Escrito por":"Valpara\u00edso Creativo","Tiempo de lectura":"2 minutos"},"schema":{"@context":"https:\/\/schema.org","@graph":[{"@type":"Article","@id":"https:\/\/dev.antudigital.cl\/sites\/vc\/la-pergola-de-las-flores-llega-a-artequin-vina-con-montaje-inclusivo-y-gratuito\/#article","isPartOf":{"@id":"https:\/\/dev.antudigital.cl\/sites\/vc\/la-pergola-de-las-flores-llega-a-artequin-vina-con-montaje-inclusivo-y-gratuito\/"},"author":{"name":"Valpara\u00edso Creativo","@id":"https:\/\/dev.antudigital.cl\/sites\/vc\/#\/schema\/person\/c2b9da8dd545e27166fc5ab232837318"},"headline":"\u201cLa P\u00e9rgola de las Flores\u201d llega a Artequin Vi\u00f1a con montaje inclusivo y gratuito","datePublished":"2025-03-21T17:03:50+00:00","dateModified":"2025-03-21T17:04:08+00:00","mainEntityOfPage":{"@id":"https:\/\/dev.antudigital.cl\/sites\/vc\/la-pergola-de-las-flores-llega-a-artequin-vina-con-montaje-inclusivo-y-gratuito\/"},"wordCount":331,"image":{"@id":"https:\/\/dev.antudigital.cl\/sites\/vc\/la-pergola-de-las-flores-llega-a-artequin-vina-con-montaje-inclusivo-y-gratuito\/#primaryimage"},"thumbnailUrl":"https:\/\/dev.antudigital.cl\/sites\/vc\/wp-content\/uploads\/2025\/03\/PERGOLAS-DE-LAS-FLORES-EN-ARTEQUIN-scaled-e1742576513555.jpg","articleSection":["Noticia"],"inLanguage":"es"},{"@type":"WebPage","@id":"https:\/\/dev.antudigital.cl\/sites\/vc\/la-pergola-de-las-flores-llega-a-artequin-vina-con-montaje-inclusivo-y-gratuito\/","url":"https:\/\/dev.antudigital.cl\/sites\/vc\/la-pergola-de-las-flores-llega-a-artequin-vina-con-montaje-inclusivo-y-gratuito\/","name":"\u201cLa P\u00e9rgola de las Flores\u201d llega a Artequin Vi\u00f1a con montaje inclusivo y gratuito - Valpara\u00ed\u00adso Creativo","isPartOf":{"@id":"https:\/\/dev.antudigital.cl\/sites\/vc\/#website"},"primaryImageOfPage":{"@id":"https:\/\/dev.antudigital.cl\/sites\/vc\/la-pergola-de-las-flores-llega-a-artequin-vina-con-montaje-inclusivo-y-gratuito\/#primaryimage"},"image":{"@id":"https:\/\/dev.antudigital.cl\/sites\/vc\/la-pergola-de-las-flores-llega-a-artequin-vina-con-montaje-inclusivo-y-gratuito\/#primaryimage"},"thumbnailUrl":"https:\/\/dev.antudigital.cl\/sites\/vc\/wp-content\/uploads\/2025\/03\/PERGOLAS-DE-LAS-FLORES-EN-ARTEQUIN-scaled-e1742576513555.jpg","datePublished":"2025-03-21T17:03:50+00:00","dateModified":"2025-03-21T17:04:08+00:00","author":{"@id":"https:\/\/dev.antudigital.cl\/sites\/vc\/#\/schema\/person\/c2b9da8dd545e27166fc5ab232837318"},"breadcrumb":{"@id":"https:\/\/dev.antudigital.cl\/sites\/vc\/la-pergola-de-las-flores-llega-a-artequin-vina-con-montaje-inclusivo-y-gratuito\/#breadcrumb"},"inLanguage":"es","potentialAction":[{"@type":"ReadAction","target":["https:\/\/dev.antudigital.cl\/sites\/vc\/la-pergola-de-las-flores-llega-a-artequin-vina-con-montaje-inclusivo-y-gratuito\/"]}]},{"@type":"ImageObject","inLanguage":"es","@id":"https:\/\/dev.antudigital.cl\/sites\/vc\/la-pergola-de-las-flores-llega-a-artequin-vina-con-montaje-inclusivo-y-gratuito\/#primaryimage","url":"https:\/\/dev.antudigital.cl\/sites\/vc\/wp-content\/uploads\/2025\/03\/PERGOLAS-DE-LAS-FLORES-EN-ARTEQUIN-scaled-e1742576513555.jpg","contentUrl":"https:\/\/dev.antudigital.cl\/sites\/vc\/wp-content\/uploads\/2025\/03\/PERGOLAS-DE-LAS-FLORES-EN-ARTEQUIN-scaled-e1742576513555.jpg","width":2048,"height":1335},{"@type":"BreadcrumbList","@id":"https:\/\/dev.antudigital.cl\/sites\/vc\/la-pergola-de-las-flores-llega-a-artequin-vina-con-montaje-inclusivo-y-gratuito\/#breadcrumb","itemListElement":[{"@type":"ListItem","position":1,"name":"Home","item":"https:\/\/dev.antudigital.cl\/sites\/vc\/"},{"@type":"ListItem","position":2,"name":"\u201cLa P\u00e9rgola de las Flores\u201d llega a Artequin Vi\u00f1a con montaje inclusivo y gratuito"}]},{"@type":"WebSite","@id":"https:\/\/dev.antudigital.cl\/sites\/vc\/#website","url":"https:\/\/dev.antudigital.cl\/sites\/vc\/","name":"Valpara\u00ed\u00adso Creativo","description":"","potentialAction":[{"@type":"SearchAction","target":{"@type":"EntryPoint","urlTemplate":"https:\/\/dev.antudigital.cl\/sites\/vc\/?s={search_term_string}"},"query-input":{"@type":"PropertyValueSpecification","valueRequired":true,"valueName":"search_term_string"}}],"inLanguage":"es"},{"@type":"Person","@id":"https:\/\/dev.antudigital.cl\/sites\/vc\/#\/schema\/person\/c2b9da8dd545e27166fc5ab232837318","name":"Valpara\u00edso Creativo","description":"Periodista de cultura en la Regi\u00f3n de Valpara\u00edso.","url":"https:\/\/dev.antudigital.cl\/sites\/vc\/author\/valpoadmin\/"}]}},"_links":{"self":[{"href":"https:\/\/dev.antudigital.cl\/sites\/vc\/wp-json\/wp\/v2\/posts\/22361","targetHints":{"allow":["GET"]}}],"collection":[{"href":"https:\/\/dev.antudigital.cl\/sites\/vc\/wp-json\/wp\/v2\/posts"}],"about":[{"href":"https:\/\/dev.antudigital.cl\/sites\/vc\/wp-json\/wp\/v2\/types\/post"}],"author":[{"embeddable":true,"href":"https:\/\/dev.antudigital.cl\/sites\/vc\/wp-json\/wp\/v2\/users\/1"}],"replies":[{"embeddable":true,"href":"https:\/\/dev.antudigital.cl\/sites\/vc\/wp-json\/wp\/v2\/comments?post=22361"}],"version-history":[{"count":1,"href":"https:\/\/dev.antudigital.cl\/sites\/vc\/wp-json\/wp\/v2\/posts\/22361\/revisions"}],"predecessor-version":[{"id":22364,"href":"https:\/\/dev.antudigital.cl\/sites\/vc\/wp-json\/wp\/v2\/posts\/22361\/revisions\/22364"}],"wp:featuredmedia":[{"embeddable":true,"href":"https:\/\/dev.antudigital.cl\/sites\/vc\/wp-json\/wp\/v2\/media\/22362"}],"wp:attachment":[{"href":"https:\/\/dev.antudigital.cl\/sites\/vc\/wp-json\/wp\/v2\/media?parent=22361"}],"wp:term":[{"taxonomy":"category","embeddable":true,"href":"https:\/\/dev.antudigital.cl\/sites\/vc\/wp-json\/wp\/v2\/categories?post=22361"},{"taxonomy":"post_tag","embeddable":true,"href":"https:\/\/dev.antudigital.cl\/sites\/vc\/wp-json\/wp\/v2\/tags?post=22361"}],"curies":[{"name":"wp","href":"https:\/\/api.w.org\/{rel}","templated":true}]}}