{"id":22447,"date":"2025-03-26T19:51:23","date_gmt":"2025-03-26T19:51:23","guid":{"rendered":"https:\/\/www.valparaisocreativo.cl\/?p=22447"},"modified":"2025-03-26T19:51:39","modified_gmt":"2025-03-26T19:51:39","slug":"el-ultimo-juan-y-yaima-cat-en-flora-una-noche-de-estrenos-ritmo-y-catarsis","status":"publish","type":"post","link":"https:\/\/dev.antudigital.cl\/sites\/vc\/el-ultimo-juan-y-yaima-cat-en-flora-una-noche-de-estrenos-ritmo-y-catarsis\/","title":{"rendered":"El \u00daltimo Juan y Yaima Cat en Flora: una noche de estrenos, ritmo y catarsis"},"content":{"rendered":"\n<p><em>Mientras El \u00daltimo Juan explora desde la interpretaci\u00f3n y la emocionalidad, Yaima Cat conduce a una experiencia colectiva desde el ritmo y el movimiento. Dos propuestas complementarias para una noche imperdible en el coraz\u00f3n de la ciudad puerto.<\/em><\/p>\n\n\n\n<p>El pr\u00f3ximo viernes 12 de abril, <strong>Flora <\/strong>de Valpara\u00edso ser\u00e1 el escenario para una noche \u00fanica donde la m\u00fasica ser\u00e1 protagonista, invitando a un encuentro inmersivo. La banda <strong>El \u00daltimo Juan<\/strong> y el proyecto <strong>Yaima Cat<\/strong> llegan con propuestas que exploran distintos territorios sonoros y perform\u00e1ticos, prometiendo un espect\u00e1culo l\u00fadico y muy expresivo.<\/p>\n\n\n\n<p><strong>El \u00daltimo Juan, <\/strong>agrupaci\u00f3n liderada por Jota Ampuero,<strong> <\/strong>se presentar\u00e1 en formato banda para estrenar canciones in\u00e9ditas, adem\u00e1s de merch especial de su sesi\u00f3n en vivo, lanzada en septiembre de 2024. La sesi\u00f3n destaca su faceta dual, donde combina sus herramientas como m\u00fasico e ilustrador. Este trabajo refleja la conexi\u00f3n entre el sonido y la imagen que propone, consolidando el universo creativo de <strong>Jota<\/strong>, que presenta una obra perform\u00e1tica e \u00edntima.<\/p>\n\n\n\n<figure class=\"wp-block-image size-large\"><img fetchpriority=\"high\" decoding=\"async\" width=\"1024\" height=\"683\" src=\"https:\/\/www.valparaisocreativo.cl\/wp-content\/uploads\/2025\/03\/El-Ultimo-Juan-1024x683.jpg\" alt=\"\" class=\"wp-image-22450\" srcset=\"https:\/\/dev.antudigital.cl\/sites\/vc\/wp-content\/uploads\/2025\/03\/El-Ultimo-Juan-1024x683.jpg 1024w, https:\/\/dev.antudigital.cl\/sites\/vc\/wp-content\/uploads\/2025\/03\/El-Ultimo-Juan-300x200.jpg 300w, https:\/\/dev.antudigital.cl\/sites\/vc\/wp-content\/uploads\/2025\/03\/El-Ultimo-Juan-768x512.jpg 768w, https:\/\/dev.antudigital.cl\/sites\/vc\/wp-content\/uploads\/2025\/03\/El-Ultimo-Juan-1536x1024.jpg 1536w, https:\/\/dev.antudigital.cl\/sites\/vc\/wp-content\/uploads\/2025\/03\/El-Ultimo-Juan-1080x720.jpg 1080w, https:\/\/dev.antudigital.cl\/sites\/vc\/wp-content\/uploads\/2025\/03\/El-Ultimo-Juan-1280x853.jpg 1280w, https:\/\/dev.antudigital.cl\/sites\/vc\/wp-content\/uploads\/2025\/03\/El-Ultimo-Juan-980x653.jpg 980w, https:\/\/dev.antudigital.cl\/sites\/vc\/wp-content\/uploads\/2025\/03\/El-Ultimo-Juan-480x320.jpg 480w, https:\/\/dev.antudigital.cl\/sites\/vc\/wp-content\/uploads\/2025\/03\/El-Ultimo-Juan-24x16.jpg 24w, https:\/\/dev.antudigital.cl\/sites\/vc\/wp-content\/uploads\/2025\/03\/El-Ultimo-Juan-36x24.jpg 36w, https:\/\/dev.antudigital.cl\/sites\/vc\/wp-content\/uploads\/2025\/03\/El-Ultimo-Juan-48x32.jpg 48w, https:\/\/dev.antudigital.cl\/sites\/vc\/wp-content\/uploads\/2025\/03\/El-Ultimo-Juan.jpg 2048w\" sizes=\"(max-width: 1024px) 100vw, 1024px\" \/><\/figure>\n\n\n\n<p>En palabras de Ampuero, quien lidera la instancia: \u201c<em>Esta fecha para m\u00ed es importante, ya que tocaremos las canciones estrenadas en septiembre m\u00e1s nuevos temas, que de alguna manera son una continuaci\u00f3n de ese proceso inicial, donde se revelan elementos que quedan difusos. Es una continuaci\u00f3n y me interesa ver c\u00f3mo lo recibe el p\u00fablico<\/em>\u201d.<\/p>\n\n\n\n<p>Al mismo tiempo y por primera vez en Valpara\u00edso, <strong>Yaima Cat<\/strong> presentar\u00e1 su DJ set, basado en su reciente disco <strong>LCQSQH<\/strong>, un \u00e1lbum de pulsi\u00f3n bailable que toma inspiraci\u00f3n en el formato Boiler Room. Su propuesta invita a ser parte activa del viaje sonoro, tomando estos elementos que nos llevan a una experiencia inmersiva, conectando al artista con la audiencia.<\/p>\n\n\n\n<figure class=\"wp-block-image size-large\"><img decoding=\"async\" width=\"1024\" height=\"807\" src=\"https:\/\/www.valparaisocreativo.cl\/wp-content\/uploads\/2025\/03\/Yaima-Cat-2-1024x807.png\" alt=\"\" class=\"wp-image-22448\" srcset=\"https:\/\/dev.antudigital.cl\/sites\/vc\/wp-content\/uploads\/2025\/03\/Yaima-Cat-2-1024x807.png 1024w, https:\/\/dev.antudigital.cl\/sites\/vc\/wp-content\/uploads\/2025\/03\/Yaima-Cat-2-300x236.png 300w, https:\/\/dev.antudigital.cl\/sites\/vc\/wp-content\/uploads\/2025\/03\/Yaima-Cat-2-768x605.png 768w, https:\/\/dev.antudigital.cl\/sites\/vc\/wp-content\/uploads\/2025\/03\/Yaima-Cat-2-1536x1211.png 1536w, https:\/\/dev.antudigital.cl\/sites\/vc\/wp-content\/uploads\/2025\/03\/Yaima-Cat-2-1080x851.png 1080w, https:\/\/dev.antudigital.cl\/sites\/vc\/wp-content\/uploads\/2025\/03\/Yaima-Cat-2-1280x1009.png 1280w, https:\/\/dev.antudigital.cl\/sites\/vc\/wp-content\/uploads\/2025\/03\/Yaima-Cat-2-980x772.png 980w, https:\/\/dev.antudigital.cl\/sites\/vc\/wp-content\/uploads\/2025\/03\/Yaima-Cat-2-480x378.png 480w, https:\/\/dev.antudigital.cl\/sites\/vc\/wp-content\/uploads\/2025\/03\/Yaima-Cat-2-24x19.png 24w, https:\/\/dev.antudigital.cl\/sites\/vc\/wp-content\/uploads\/2025\/03\/Yaima-Cat-2-36x28.png 36w, https:\/\/dev.antudigital.cl\/sites\/vc\/wp-content\/uploads\/2025\/03\/Yaima-Cat-2-48x38.png 48w, https:\/\/dev.antudigital.cl\/sites\/vc\/wp-content\/uploads\/2025\/03\/Yaima-Cat-2.png 1926w\" sizes=\"(max-width: 1024px) 100vw, 1024px\" \/><\/figure>\n\n\n\n<p>Considerando lo anterior, <strong>Jota<\/strong> complementa que: \u201c<em>El show de Yaima Cat es novedoso, mezclando dos dimensiones distintas de la m\u00fasica: una que viene desde la electr\u00f3nica y otra desde la cantautor\u00eda, que proviene de su \u00faltimo disco. Esto genera un ambiente m\u00e1s de baile que se contrasta con el estilo de El \u00daltimo Juan, lo que es muy interesante<\/em>\u201d.<\/p>\n\n\n\n<p>La noche contar\u00e1 adem\u00e1s con <strong>invitados sorpresa<\/strong> para elevar a\u00fan m\u00e1s la energ\u00eda de la pista de baile.<\/p>\n\n\n\n<p>&#x1f4cd; <strong>Fecha:<\/strong> Viernes 12 de abril &#8211; 20:00hrs.<br>&#x1f4cd; <strong>Lugar:<\/strong> Flora, Valpara\u00edso (Dimalow 167, Cerro Alegre).<br>&#x1f39f;&#xfe0f; <strong>Entradas disponibles en:<\/strong><a href=\"https:\/\/portaldisc.com\/evento\/elultimojuanyyaimacatenfloravalparaiso\"> &#x1f449; <\/a><a href=\"http:\/\/portaldisc.com\/evento\/elultimojuanyyaimacatenfloravalparaiso\">portaldisc.com\/evento\/elultimojuanyyaimacatenfloravalparaiso<\/a><strong>Para m\u00e1s informaci\u00f3n, no olvides seguir en redes a <\/strong><a href=\"https:\/\/www.instagram.com\/elultimoju4n\/\"><strong>El \u00daltimo Juan<\/strong><\/a><strong> y <\/strong><a href=\"https:\/\/www.instagram.com\/yaimacat\/\"><strong>Yaima Cat<\/strong><\/a><strong>.<\/strong><\/p>\n\n\n\n<figure class=\"wp-block-image size-large\"><img decoding=\"async\" width=\"1024\" height=\"807\" src=\"https:\/\/www.valparaisocreativo.cl\/wp-content\/uploads\/2025\/03\/Yaima-Cat-2-1024x807.png\" alt=\"\" class=\"wp-image-22448\" srcset=\"https:\/\/dev.antudigital.cl\/sites\/vc\/wp-content\/uploads\/2025\/03\/Yaima-Cat-2-1024x807.png 1024w, https:\/\/dev.antudigital.cl\/sites\/vc\/wp-content\/uploads\/2025\/03\/Yaima-Cat-2-300x236.png 300w, https:\/\/dev.antudigital.cl\/sites\/vc\/wp-content\/uploads\/2025\/03\/Yaima-Cat-2-768x605.png 768w, https:\/\/dev.antudigital.cl\/sites\/vc\/wp-content\/uploads\/2025\/03\/Yaima-Cat-2-1536x1211.png 1536w, https:\/\/dev.antudigital.cl\/sites\/vc\/wp-content\/uploads\/2025\/03\/Yaima-Cat-2-1080x851.png 1080w, https:\/\/dev.antudigital.cl\/sites\/vc\/wp-content\/uploads\/2025\/03\/Yaima-Cat-2-1280x1009.png 1280w, https:\/\/dev.antudigital.cl\/sites\/vc\/wp-content\/uploads\/2025\/03\/Yaima-Cat-2-980x772.png 980w, https:\/\/dev.antudigital.cl\/sites\/vc\/wp-content\/uploads\/2025\/03\/Yaima-Cat-2-480x378.png 480w, https:\/\/dev.antudigital.cl\/sites\/vc\/wp-content\/uploads\/2025\/03\/Yaima-Cat-2-24x19.png 24w, https:\/\/dev.antudigital.cl\/sites\/vc\/wp-content\/uploads\/2025\/03\/Yaima-Cat-2-36x28.png 36w, https:\/\/dev.antudigital.cl\/sites\/vc\/wp-content\/uploads\/2025\/03\/Yaima-Cat-2-48x38.png 48w, https:\/\/dev.antudigital.cl\/sites\/vc\/wp-content\/uploads\/2025\/03\/Yaima-Cat-2.png 1926w\" sizes=\"(max-width: 1024px) 100vw, 1024px\" \/><\/figure>\n","protected":false},"excerpt":{"rendered":"<p>Mientras El \u00daltimo Juan explora desde la interpretaci\u00f3n y la emocionalidad, Yaima Cat conduce a una experiencia colectiva desde el ritmo y el movimiento. Dos propuestas complementarias para una noche imperdible en el coraz\u00f3n de la ciudad puerto. El pr\u00f3ximo viernes 12 de abril, Flora de Valpara\u00edso ser\u00e1 el escenario para una noche \u00fanica donde [&hellip;]<\/p>\n","protected":false},"author":1,"featured_media":22451,"comment_status":"closed","ping_status":"closed","sticky":false,"template":"","format":"standard","meta":{"_acf_changed":false,"footnotes":""},"categories":[8],"tags":[],"class_list":["post-22447","post","type-post","status-publish","format-standard","has-post-thumbnail","hentry","category-noticia"],"acf":[],"yoast_head":"<!-- This site is optimized with the Yoast SEO plugin v27.1.1 - https:\/\/yoast.com\/product\/yoast-seo-wordpress\/ -->\n<title>El \u00daltimo Juan y Yaima Cat en Flora: una noche de estrenos, ritmo y catarsis - Valpara\u00ed\u00adso Creativo<\/title>\n<meta name=\"robots\" content=\"index, follow, max-snippet:-1, max-image-preview:large, max-video-preview:-1\" \/>\n<link rel=\"canonical\" href=\"https:\/\/dev.antudigital.cl\/sites\/vc\/el-ultimo-juan-y-yaima-cat-en-flora-una-noche-de-estrenos-ritmo-y-catarsis\/\" \/>\n<meta property=\"og:locale\" content=\"es_ES\" \/>\n<meta property=\"og:type\" content=\"article\" \/>\n<meta property=\"og:title\" content=\"El \u00daltimo Juan y Yaima Cat en Flora: una noche de estrenos, ritmo y catarsis - Valpara\u00ed\u00adso Creativo\" \/>\n<meta property=\"og:description\" content=\"Mientras El \u00daltimo Juan explora desde la interpretaci\u00f3n y la emocionalidad, Yaima Cat conduce a una experiencia colectiva desde el ritmo y el movimiento. Dos propuestas complementarias para una noche imperdible en el coraz\u00f3n de la ciudad puerto. El pr\u00f3ximo viernes 12 de abril, Flora de Valpara\u00edso ser\u00e1 el escenario para una noche \u00fanica donde [&hellip;]\" \/>\n<meta property=\"og:url\" content=\"https:\/\/dev.antudigital.cl\/sites\/vc\/el-ultimo-juan-y-yaima-cat-en-flora-una-noche-de-estrenos-ritmo-y-catarsis\/\" \/>\n<meta property=\"og:site_name\" content=\"Valpara\u00ed\u00adso Creativo\" \/>\n<meta property=\"article:published_time\" content=\"2025-03-26T19:51:23+00:00\" \/>\n<meta property=\"article:modified_time\" content=\"2025-03-26T19:51:39+00:00\" \/>\n<meta property=\"og:image\" content=\"https:\/\/dev.antudigital.cl\/sites\/vc\/wp-content\/uploads\/2025\/03\/El-Ultimo-Juan-Plan-Feria-scaled.jpg\" \/>\n\t<meta property=\"og:image:width\" content=\"2560\" \/>\n\t<meta property=\"og:image:height\" content=\"1707\" \/>\n\t<meta property=\"og:image:type\" content=\"image\/jpeg\" \/>\n<meta name=\"author\" content=\"Valpara\u00edso Creativo\" \/>\n<meta name=\"twitter:card\" content=\"summary_large_image\" \/>\n<meta name=\"twitter:label1\" content=\"Escrito por\" \/>\n\t<meta name=\"twitter:data1\" content=\"Valpara\u00edso Creativo\" \/>\n\t<meta name=\"twitter:label2\" content=\"Tiempo de lectura\" \/>\n\t<meta name=\"twitter:data2\" content=\"3 minutos\" \/>\n<script type=\"application\/ld+json\" class=\"yoast-schema-graph\">{\"@context\":\"https:\/\/schema.org\",\"@graph\":[{\"@type\":\"Article\",\"@id\":\"https:\/\/dev.antudigital.cl\/sites\/vc\/el-ultimo-juan-y-yaima-cat-en-flora-una-noche-de-estrenos-ritmo-y-catarsis\/#article\",\"isPartOf\":{\"@id\":\"https:\/\/dev.antudigital.cl\/sites\/vc\/el-ultimo-juan-y-yaima-cat-en-flora-una-noche-de-estrenos-ritmo-y-catarsis\/\"},\"author\":{\"name\":\"Valpara\u00edso Creativo\",\"@id\":\"https:\/\/dev.antudigital.cl\/sites\/vc\/#\/schema\/person\/c2b9da8dd545e27166fc5ab232837318\"},\"headline\":\"El \u00daltimo Juan y Yaima Cat en Flora: una noche de estrenos, ritmo y catarsis\",\"datePublished\":\"2025-03-26T19:51:23+00:00\",\"dateModified\":\"2025-03-26T19:51:39+00:00\",\"mainEntityOfPage\":{\"@id\":\"https:\/\/dev.antudigital.cl\/sites\/vc\/el-ultimo-juan-y-yaima-cat-en-flora-una-noche-de-estrenos-ritmo-y-catarsis\/\"},\"wordCount\":449,\"image\":{\"@id\":\"https:\/\/dev.antudigital.cl\/sites\/vc\/el-ultimo-juan-y-yaima-cat-en-flora-una-noche-de-estrenos-ritmo-y-catarsis\/#primaryimage\"},\"thumbnailUrl\":\"https:\/\/dev.antudigital.cl\/sites\/vc\/wp-content\/uploads\/2025\/03\/El-Ultimo-Juan-Plan-Feria-scaled.jpg\",\"articleSection\":[\"Noticia\"],\"inLanguage\":\"es\"},{\"@type\":\"WebPage\",\"@id\":\"https:\/\/dev.antudigital.cl\/sites\/vc\/el-ultimo-juan-y-yaima-cat-en-flora-una-noche-de-estrenos-ritmo-y-catarsis\/\",\"url\":\"https:\/\/dev.antudigital.cl\/sites\/vc\/el-ultimo-juan-y-yaima-cat-en-flora-una-noche-de-estrenos-ritmo-y-catarsis\/\",\"name\":\"El \u00daltimo Juan y Yaima Cat en Flora: una noche de estrenos, ritmo y catarsis - Valpara\u00ed\u00adso Creativo\",\"isPartOf\":{\"@id\":\"https:\/\/dev.antudigital.cl\/sites\/vc\/#website\"},\"primaryImageOfPage\":{\"@id\":\"https:\/\/dev.antudigital.cl\/sites\/vc\/el-ultimo-juan-y-yaima-cat-en-flora-una-noche-de-estrenos-ritmo-y-catarsis\/#primaryimage\"},\"image\":{\"@id\":\"https:\/\/dev.antudigital.cl\/sites\/vc\/el-ultimo-juan-y-yaima-cat-en-flora-una-noche-de-estrenos-ritmo-y-catarsis\/#primaryimage\"},\"thumbnailUrl\":\"https:\/\/dev.antudigital.cl\/sites\/vc\/wp-content\/uploads\/2025\/03\/El-Ultimo-Juan-Plan-Feria-scaled.jpg\",\"datePublished\":\"2025-03-26T19:51:23+00:00\",\"dateModified\":\"2025-03-26T19:51:39+00:00\",\"author\":{\"@id\":\"https:\/\/dev.antudigital.cl\/sites\/vc\/#\/schema\/person\/c2b9da8dd545e27166fc5ab232837318\"},\"breadcrumb\":{\"@id\":\"https:\/\/dev.antudigital.cl\/sites\/vc\/el-ultimo-juan-y-yaima-cat-en-flora-una-noche-de-estrenos-ritmo-y-catarsis\/#breadcrumb\"},\"inLanguage\":\"es\",\"potentialAction\":[{\"@type\":\"ReadAction\",\"target\":[\"https:\/\/dev.antudigital.cl\/sites\/vc\/el-ultimo-juan-y-yaima-cat-en-flora-una-noche-de-estrenos-ritmo-y-catarsis\/\"]}]},{\"@type\":\"ImageObject\",\"inLanguage\":\"es\",\"@id\":\"https:\/\/dev.antudigital.cl\/sites\/vc\/el-ultimo-juan-y-yaima-cat-en-flora-una-noche-de-estrenos-ritmo-y-catarsis\/#primaryimage\",\"url\":\"https:\/\/dev.antudigital.cl\/sites\/vc\/wp-content\/uploads\/2025\/03\/El-Ultimo-Juan-Plan-Feria-scaled.jpg\",\"contentUrl\":\"https:\/\/dev.antudigital.cl\/sites\/vc\/wp-content\/uploads\/2025\/03\/El-Ultimo-Juan-Plan-Feria-scaled.jpg\",\"width\":2560,\"height\":1707},{\"@type\":\"BreadcrumbList\",\"@id\":\"https:\/\/dev.antudigital.cl\/sites\/vc\/el-ultimo-juan-y-yaima-cat-en-flora-una-noche-de-estrenos-ritmo-y-catarsis\/#breadcrumb\",\"itemListElement\":[{\"@type\":\"ListItem\",\"position\":1,\"name\":\"Home\",\"item\":\"https:\/\/dev.antudigital.cl\/sites\/vc\/\"},{\"@type\":\"ListItem\",\"position\":2,\"name\":\"El \u00daltimo Juan y Yaima Cat en Flora: una noche de estrenos, ritmo y catarsis\"}]},{\"@type\":\"WebSite\",\"@id\":\"https:\/\/dev.antudigital.cl\/sites\/vc\/#website\",\"url\":\"https:\/\/dev.antudigital.cl\/sites\/vc\/\",\"name\":\"Valpara\u00ed\u00adso Creativo\",\"description\":\"\",\"potentialAction\":[{\"@type\":\"SearchAction\",\"target\":{\"@type\":\"EntryPoint\",\"urlTemplate\":\"https:\/\/dev.antudigital.cl\/sites\/vc\/?s={search_term_string}\"},\"query-input\":{\"@type\":\"PropertyValueSpecification\",\"valueRequired\":true,\"valueName\":\"search_term_string\"}}],\"inLanguage\":\"es\"},{\"@type\":\"Person\",\"@id\":\"https:\/\/dev.antudigital.cl\/sites\/vc\/#\/schema\/person\/c2b9da8dd545e27166fc5ab232837318\",\"name\":\"Valpara\u00edso Creativo\",\"description\":\"Periodista de cultura en la Regi\u00f3n de Valpara\u00edso.\",\"url\":\"https:\/\/dev.antudigital.cl\/sites\/vc\/author\/valpoadmin\/\"}]}<\/script>\n<!-- \/ Yoast SEO plugin. -->","yoast_head_json":{"title":"El \u00daltimo Juan y Yaima Cat en Flora: una noche de estrenos, ritmo y catarsis - Valpara\u00ed\u00adso Creativo","robots":{"index":"index","follow":"follow","max-snippet":"max-snippet:-1","max-image-preview":"max-image-preview:large","max-video-preview":"max-video-preview:-1"},"canonical":"https:\/\/dev.antudigital.cl\/sites\/vc\/el-ultimo-juan-y-yaima-cat-en-flora-una-noche-de-estrenos-ritmo-y-catarsis\/","og_locale":"es_ES","og_type":"article","og_title":"El \u00daltimo Juan y Yaima Cat en Flora: una noche de estrenos, ritmo y catarsis - Valpara\u00ed\u00adso Creativo","og_description":"Mientras El \u00daltimo Juan explora desde la interpretaci\u00f3n y la emocionalidad, Yaima Cat conduce a una experiencia colectiva desde el ritmo y el movimiento. Dos propuestas complementarias para una noche imperdible en el coraz\u00f3n de la ciudad puerto. El pr\u00f3ximo viernes 12 de abril, Flora de Valpara\u00edso ser\u00e1 el escenario para una noche \u00fanica donde [&hellip;]","og_url":"https:\/\/dev.antudigital.cl\/sites\/vc\/el-ultimo-juan-y-yaima-cat-en-flora-una-noche-de-estrenos-ritmo-y-catarsis\/","og_site_name":"Valpara\u00ed\u00adso Creativo","article_published_time":"2025-03-26T19:51:23+00:00","article_modified_time":"2025-03-26T19:51:39+00:00","og_image":[{"width":2560,"height":1707,"url":"https:\/\/dev.antudigital.cl\/sites\/vc\/wp-content\/uploads\/2025\/03\/El-Ultimo-Juan-Plan-Feria-scaled.jpg","type":"image\/jpeg"}],"author":"Valpara\u00edso Creativo","twitter_card":"summary_large_image","twitter_misc":{"Escrito por":"Valpara\u00edso Creativo","Tiempo de lectura":"3 minutos"},"schema":{"@context":"https:\/\/schema.org","@graph":[{"@type":"Article","@id":"https:\/\/dev.antudigital.cl\/sites\/vc\/el-ultimo-juan-y-yaima-cat-en-flora-una-noche-de-estrenos-ritmo-y-catarsis\/#article","isPartOf":{"@id":"https:\/\/dev.antudigital.cl\/sites\/vc\/el-ultimo-juan-y-yaima-cat-en-flora-una-noche-de-estrenos-ritmo-y-catarsis\/"},"author":{"name":"Valpara\u00edso Creativo","@id":"https:\/\/dev.antudigital.cl\/sites\/vc\/#\/schema\/person\/c2b9da8dd545e27166fc5ab232837318"},"headline":"El \u00daltimo Juan y Yaima Cat en Flora: una noche de estrenos, ritmo y catarsis","datePublished":"2025-03-26T19:51:23+00:00","dateModified":"2025-03-26T19:51:39+00:00","mainEntityOfPage":{"@id":"https:\/\/dev.antudigital.cl\/sites\/vc\/el-ultimo-juan-y-yaima-cat-en-flora-una-noche-de-estrenos-ritmo-y-catarsis\/"},"wordCount":449,"image":{"@id":"https:\/\/dev.antudigital.cl\/sites\/vc\/el-ultimo-juan-y-yaima-cat-en-flora-una-noche-de-estrenos-ritmo-y-catarsis\/#primaryimage"},"thumbnailUrl":"https:\/\/dev.antudigital.cl\/sites\/vc\/wp-content\/uploads\/2025\/03\/El-Ultimo-Juan-Plan-Feria-scaled.jpg","articleSection":["Noticia"],"inLanguage":"es"},{"@type":"WebPage","@id":"https:\/\/dev.antudigital.cl\/sites\/vc\/el-ultimo-juan-y-yaima-cat-en-flora-una-noche-de-estrenos-ritmo-y-catarsis\/","url":"https:\/\/dev.antudigital.cl\/sites\/vc\/el-ultimo-juan-y-yaima-cat-en-flora-una-noche-de-estrenos-ritmo-y-catarsis\/","name":"El \u00daltimo Juan y Yaima Cat en Flora: una noche de estrenos, ritmo y catarsis - Valpara\u00ed\u00adso Creativo","isPartOf":{"@id":"https:\/\/dev.antudigital.cl\/sites\/vc\/#website"},"primaryImageOfPage":{"@id":"https:\/\/dev.antudigital.cl\/sites\/vc\/el-ultimo-juan-y-yaima-cat-en-flora-una-noche-de-estrenos-ritmo-y-catarsis\/#primaryimage"},"image":{"@id":"https:\/\/dev.antudigital.cl\/sites\/vc\/el-ultimo-juan-y-yaima-cat-en-flora-una-noche-de-estrenos-ritmo-y-catarsis\/#primaryimage"},"thumbnailUrl":"https:\/\/dev.antudigital.cl\/sites\/vc\/wp-content\/uploads\/2025\/03\/El-Ultimo-Juan-Plan-Feria-scaled.jpg","datePublished":"2025-03-26T19:51:23+00:00","dateModified":"2025-03-26T19:51:39+00:00","author":{"@id":"https:\/\/dev.antudigital.cl\/sites\/vc\/#\/schema\/person\/c2b9da8dd545e27166fc5ab232837318"},"breadcrumb":{"@id":"https:\/\/dev.antudigital.cl\/sites\/vc\/el-ultimo-juan-y-yaima-cat-en-flora-una-noche-de-estrenos-ritmo-y-catarsis\/#breadcrumb"},"inLanguage":"es","potentialAction":[{"@type":"ReadAction","target":["https:\/\/dev.antudigital.cl\/sites\/vc\/el-ultimo-juan-y-yaima-cat-en-flora-una-noche-de-estrenos-ritmo-y-catarsis\/"]}]},{"@type":"ImageObject","inLanguage":"es","@id":"https:\/\/dev.antudigital.cl\/sites\/vc\/el-ultimo-juan-y-yaima-cat-en-flora-una-noche-de-estrenos-ritmo-y-catarsis\/#primaryimage","url":"https:\/\/dev.antudigital.cl\/sites\/vc\/wp-content\/uploads\/2025\/03\/El-Ultimo-Juan-Plan-Feria-scaled.jpg","contentUrl":"https:\/\/dev.antudigital.cl\/sites\/vc\/wp-content\/uploads\/2025\/03\/El-Ultimo-Juan-Plan-Feria-scaled.jpg","width":2560,"height":1707},{"@type":"BreadcrumbList","@id":"https:\/\/dev.antudigital.cl\/sites\/vc\/el-ultimo-juan-y-yaima-cat-en-flora-una-noche-de-estrenos-ritmo-y-catarsis\/#breadcrumb","itemListElement":[{"@type":"ListItem","position":1,"name":"Home","item":"https:\/\/dev.antudigital.cl\/sites\/vc\/"},{"@type":"ListItem","position":2,"name":"El \u00daltimo Juan y Yaima Cat en Flora: una noche de estrenos, ritmo y catarsis"}]},{"@type":"WebSite","@id":"https:\/\/dev.antudigital.cl\/sites\/vc\/#website","url":"https:\/\/dev.antudigital.cl\/sites\/vc\/","name":"Valpara\u00ed\u00adso Creativo","description":"","potentialAction":[{"@type":"SearchAction","target":{"@type":"EntryPoint","urlTemplate":"https:\/\/dev.antudigital.cl\/sites\/vc\/?s={search_term_string}"},"query-input":{"@type":"PropertyValueSpecification","valueRequired":true,"valueName":"search_term_string"}}],"inLanguage":"es"},{"@type":"Person","@id":"https:\/\/dev.antudigital.cl\/sites\/vc\/#\/schema\/person\/c2b9da8dd545e27166fc5ab232837318","name":"Valpara\u00edso Creativo","description":"Periodista de cultura en la Regi\u00f3n de Valpara\u00edso.","url":"https:\/\/dev.antudigital.cl\/sites\/vc\/author\/valpoadmin\/"}]}},"_links":{"self":[{"href":"https:\/\/dev.antudigital.cl\/sites\/vc\/wp-json\/wp\/v2\/posts\/22447","targetHints":{"allow":["GET"]}}],"collection":[{"href":"https:\/\/dev.antudigital.cl\/sites\/vc\/wp-json\/wp\/v2\/posts"}],"about":[{"href":"https:\/\/dev.antudigital.cl\/sites\/vc\/wp-json\/wp\/v2\/types\/post"}],"author":[{"embeddable":true,"href":"https:\/\/dev.antudigital.cl\/sites\/vc\/wp-json\/wp\/v2\/users\/1"}],"replies":[{"embeddable":true,"href":"https:\/\/dev.antudigital.cl\/sites\/vc\/wp-json\/wp\/v2\/comments?post=22447"}],"version-history":[{"count":1,"href":"https:\/\/dev.antudigital.cl\/sites\/vc\/wp-json\/wp\/v2\/posts\/22447\/revisions"}],"predecessor-version":[{"id":22452,"href":"https:\/\/dev.antudigital.cl\/sites\/vc\/wp-json\/wp\/v2\/posts\/22447\/revisions\/22452"}],"wp:featuredmedia":[{"embeddable":true,"href":"https:\/\/dev.antudigital.cl\/sites\/vc\/wp-json\/wp\/v2\/media\/22451"}],"wp:attachment":[{"href":"https:\/\/dev.antudigital.cl\/sites\/vc\/wp-json\/wp\/v2\/media?parent=22447"}],"wp:term":[{"taxonomy":"category","embeddable":true,"href":"https:\/\/dev.antudigital.cl\/sites\/vc\/wp-json\/wp\/v2\/categories?post=22447"},{"taxonomy":"post_tag","embeddable":true,"href":"https:\/\/dev.antudigital.cl\/sites\/vc\/wp-json\/wp\/v2\/tags?post=22447"}],"curies":[{"name":"wp","href":"https:\/\/api.w.org\/{rel}","templated":true}]}}