{"id":22706,"date":"2025-04-08T16:28:07","date_gmt":"2025-04-08T16:28:07","guid":{"rendered":"https:\/\/www.valparaisocreativo.cl\/?p=22706"},"modified":"2025-04-08T16:28:26","modified_gmt":"2025-04-08T16:28:26","slug":"camila-moreno-presentara-su-nuevo-disco-con-shows-en-valparaiso-santiago-y-concepcion","status":"publish","type":"post","link":"https:\/\/dev.antudigital.cl\/sites\/vc\/camila-moreno-presentara-su-nuevo-disco-con-shows-en-valparaiso-santiago-y-concepcion\/","title":{"rendered":"Camila Moreno presentar\u00e1 su nuevo disco con shows en Valpara\u00edso, Santiago y Concepci\u00f3n"},"content":{"rendered":"\n<p>Para presentar en grande su pr\u00f3ximo disco&nbsp;<em><strong>La Primera Luz<\/strong><\/em>,&nbsp;<strong>Camila Moreno<\/strong>&nbsp;se prepara con un triplete de shows de lanzamiento durante julio y agosto, que la tendr\u00e1n en locaciones de Valpara\u00edso, Santiago y Concepci\u00f3n.<\/p>\n\n\n\n<p>Es as\u00ed, que la aclamada cantautora nacional se presentar\u00e1 el<strong>&nbsp;6 de julio, en el Teatro del Parque Cultural de Valpara\u00edso<\/strong>; el&nbsp;<strong>12 de julio, en el Teatro Oriente de la capital<\/strong>; para culminar el&nbsp;<strong>14 de agosto, en el Teatro Biob\u00edo de Concepci\u00f3n<\/strong>.<\/p>\n\n\n\n<p><em>\u201cEste ser\u00e1 un concierto \u00edntimo hecho especialmente para teatros, donde se pondr\u00e1 acento en la luz como elemento clave en la escenograf\u00eda. De hecho, estamos creando un objeto que refracta la luz para poder interactuar con ella\u201d<\/em>, comenta Camila Moreno sobre la producci\u00f3n del lanzamiento.<\/p>\n\n\n\n<figure class=\"wp-block-image aligncenter size-large is-resized\"><img fetchpriority=\"high\" decoding=\"async\" width=\"819\" height=\"1024\" src=\"https:\/\/www.valparaisocreativo.cl\/wp-content\/uploads\/2025\/04\/unnamed-819x1024.jpeg\" alt=\"\" class=\"wp-image-22708\" style=\"width:358px;height:auto\" srcset=\"https:\/\/dev.antudigital.cl\/sites\/vc\/wp-content\/uploads\/2025\/04\/unnamed-819x1024.jpeg 819w, https:\/\/dev.antudigital.cl\/sites\/vc\/wp-content\/uploads\/2025\/04\/unnamed-240x300.jpeg 240w, https:\/\/dev.antudigital.cl\/sites\/vc\/wp-content\/uploads\/2025\/04\/unnamed-768x960.jpeg 768w, https:\/\/dev.antudigital.cl\/sites\/vc\/wp-content\/uploads\/2025\/04\/unnamed-980x1225.jpeg 980w, https:\/\/dev.antudigital.cl\/sites\/vc\/wp-content\/uploads\/2025\/04\/unnamed-480x600.jpeg 480w, https:\/\/dev.antudigital.cl\/sites\/vc\/wp-content\/uploads\/2025\/04\/unnamed-19x24.jpeg 19w, https:\/\/dev.antudigital.cl\/sites\/vc\/wp-content\/uploads\/2025\/04\/unnamed-29x36.jpeg 29w, https:\/\/dev.antudigital.cl\/sites\/vc\/wp-content\/uploads\/2025\/04\/unnamed-38x48.jpeg 38w, https:\/\/dev.antudigital.cl\/sites\/vc\/wp-content\/uploads\/2025\/04\/unnamed.jpeg 1080w\" sizes=\"(max-width: 819px) 100vw, 819px\" \/><\/figure>\n\n\n\n<p><em><strong>La Primera Luz&nbsp;<\/strong><\/em>fue un trabajo grabado y producido \u00edntegramente en M\u00e9xico, a cargo del productor<strong>&nbsp;Adan Jodorowsky<\/strong>, y del cual ya conocemos sus singles<strong>&nbsp;\u201cFuga\u201d&nbsp;<\/strong>y&nbsp;<strong>\u201cVapor\u201d.<\/strong>&nbsp;Y si bien se podr\u00e1 disfrutar del nuevo disco \u00edntegramente, y por primera vez, tambi\u00e9n se revisar\u00e1n canciones cl\u00e1sicas del repertorio de la responsable de&nbsp;<em><strong>Mala madre<\/strong><\/em>.<\/p>\n\n\n\n<p><em>\u201cLa idea es sentir que se est\u00e1 en un espacio cotidiano, pero a la vez m\u00e1gico y c\u00f3smico. Es un concierto para conectar con las personas y emocionarse\u201d<\/em>, finaliza Moreno.<\/p>\n\n\n\n<p><strong>Las entradas para los shows de Camila Moreno ya se encuentran disponible bajo sistema&nbsp;<a href=\"https:\/\/agenciarebeldes.us20.list-manage.com\/track\/click?u=12608a4c4b27528e709169dbd&amp;id=2ddb5221d8&amp;e=beb7259720\" target=\"_blank\" rel=\"noreferrer noopener\">Passline<\/a>&nbsp;para Valpara\u00edso;&nbsp;<a href=\"https:\/\/agenciarebeldes.us20.list-manage.com\/track\/click?u=12608a4c4b27528e709169dbd&amp;id=96df2c3bbd&amp;e=beb7259720\" target=\"_blank\" rel=\"noreferrer noopener\">Ticketmaster<\/a>&nbsp;para Santiago y Ticketplus para Concepci\u00f3n.<\/strong><\/p>\n\n\n\n<figure class=\"wp-block-image aligncenter size-large is-resized\"><img decoding=\"async\" width=\"819\" height=\"1024\" src=\"https:\/\/www.valparaisocreativo.cl\/wp-content\/uploads\/2025\/04\/unnamedCM-819x1024.jpeg\" alt=\"\" class=\"wp-image-22709\" style=\"width:402px;height:auto\" srcset=\"https:\/\/dev.antudigital.cl\/sites\/vc\/wp-content\/uploads\/2025\/04\/unnamedCM-819x1024.jpeg 819w, https:\/\/dev.antudigital.cl\/sites\/vc\/wp-content\/uploads\/2025\/04\/unnamedCM-240x300.jpeg 240w, https:\/\/dev.antudigital.cl\/sites\/vc\/wp-content\/uploads\/2025\/04\/unnamedCM-768x960.jpeg 768w, https:\/\/dev.antudigital.cl\/sites\/vc\/wp-content\/uploads\/2025\/04\/unnamedCM-980x1225.jpeg 980w, https:\/\/dev.antudigital.cl\/sites\/vc\/wp-content\/uploads\/2025\/04\/unnamedCM-480x600.jpeg 480w, https:\/\/dev.antudigital.cl\/sites\/vc\/wp-content\/uploads\/2025\/04\/unnamedCM-19x24.jpeg 19w, https:\/\/dev.antudigital.cl\/sites\/vc\/wp-content\/uploads\/2025\/04\/unnamedCM-29x36.jpeg 29w, https:\/\/dev.antudigital.cl\/sites\/vc\/wp-content\/uploads\/2025\/04\/unnamedCM-38x48.jpeg 38w, https:\/\/dev.antudigital.cl\/sites\/vc\/wp-content\/uploads\/2025\/04\/unnamedCM.jpeg 1080w\" sizes=\"(max-width: 819px) 100vw, 819px\" \/><\/figure>\n","protected":false},"excerpt":{"rendered":"<p>Para presentar en grande su pr\u00f3ximo disco&nbsp;La Primera Luz,&nbsp;Camila Moreno&nbsp;se prepara con un triplete de shows de lanzamiento durante julio y agosto, que la tendr\u00e1n en locaciones de Valpara\u00edso, Santiago y Concepci\u00f3n. Es as\u00ed, que la aclamada cantautora nacional se presentar\u00e1 el&nbsp;6 de julio, en el Teatro del Parque Cultural de Valpara\u00edso; el&nbsp;12 de julio, [&hellip;]<\/p>\n","protected":false},"author":1,"featured_media":22707,"comment_status":"closed","ping_status":"closed","sticky":false,"template":"","format":"standard","meta":{"_acf_changed":false,"footnotes":""},"categories":[8],"tags":[],"class_list":["post-22706","post","type-post","status-publish","format-standard","has-post-thumbnail","hentry","category-noticia"],"acf":[],"yoast_head":"<!-- This site is optimized with the Yoast SEO plugin v27.1.1 - https:\/\/yoast.com\/product\/yoast-seo-wordpress\/ -->\n<title>Camila Moreno presentar\u00e1 su nuevo disco con shows en Valpara\u00edso, Santiago y Concepci\u00f3n - Valpara\u00ed\u00adso Creativo<\/title>\n<meta name=\"robots\" content=\"index, follow, max-snippet:-1, max-image-preview:large, max-video-preview:-1\" \/>\n<link rel=\"canonical\" href=\"https:\/\/dev.antudigital.cl\/sites\/vc\/camila-moreno-presentara-su-nuevo-disco-con-shows-en-valparaiso-santiago-y-concepcion\/\" \/>\n<meta property=\"og:locale\" content=\"es_ES\" \/>\n<meta property=\"og:type\" content=\"article\" \/>\n<meta property=\"og:title\" content=\"Camila Moreno presentar\u00e1 su nuevo disco con shows en Valpara\u00edso, Santiago y Concepci\u00f3n - Valpara\u00ed\u00adso Creativo\" \/>\n<meta property=\"og:description\" content=\"Para presentar en grande su pr\u00f3ximo disco&nbsp;La Primera Luz,&nbsp;Camila Moreno&nbsp;se prepara con un triplete de shows de lanzamiento durante julio y agosto, que la tendr\u00e1n en locaciones de Valpara\u00edso, Santiago y Concepci\u00f3n. Es as\u00ed, que la aclamada cantautora nacional se presentar\u00e1 el&nbsp;6 de julio, en el Teatro del Parque Cultural de Valpara\u00edso; el&nbsp;12 de julio, [&hellip;]\" \/>\n<meta property=\"og:url\" content=\"https:\/\/dev.antudigital.cl\/sites\/vc\/camila-moreno-presentara-su-nuevo-disco-con-shows-en-valparaiso-santiago-y-concepcion\/\" \/>\n<meta property=\"og:site_name\" content=\"Valpara\u00ed\u00adso Creativo\" \/>\n<meta property=\"article:published_time\" content=\"2025-04-08T16:28:07+00:00\" \/>\n<meta property=\"article:modified_time\" content=\"2025-04-08T16:28:26+00:00\" \/>\n<meta property=\"og:image\" content=\"https:\/\/dev.antudigital.cl\/sites\/vc\/wp-content\/uploads\/2025\/04\/Camila-Moreno-620x413-1.png\" \/>\n\t<meta property=\"og:image:width\" content=\"620\" \/>\n\t<meta property=\"og:image:height\" content=\"413\" \/>\n\t<meta property=\"og:image:type\" content=\"image\/png\" \/>\n<meta name=\"author\" content=\"Valpara\u00edso Creativo\" \/>\n<meta name=\"twitter:card\" content=\"summary_large_image\" \/>\n<meta name=\"twitter:label1\" content=\"Escrito por\" \/>\n\t<meta name=\"twitter:data1\" content=\"Valpara\u00edso Creativo\" \/>\n\t<meta name=\"twitter:label2\" content=\"Tiempo de lectura\" \/>\n\t<meta name=\"twitter:data2\" content=\"2 minutos\" \/>\n<script type=\"application\/ld+json\" class=\"yoast-schema-graph\">{\"@context\":\"https:\/\/schema.org\",\"@graph\":[{\"@type\":\"Article\",\"@id\":\"https:\/\/dev.antudigital.cl\/sites\/vc\/camila-moreno-presentara-su-nuevo-disco-con-shows-en-valparaiso-santiago-y-concepcion\/#article\",\"isPartOf\":{\"@id\":\"https:\/\/dev.antudigital.cl\/sites\/vc\/camila-moreno-presentara-su-nuevo-disco-con-shows-en-valparaiso-santiago-y-concepcion\/\"},\"author\":{\"name\":\"Valpara\u00edso Creativo\",\"@id\":\"https:\/\/dev.antudigital.cl\/sites\/vc\/#\/schema\/person\/c2b9da8dd545e27166fc5ab232837318\"},\"headline\":\"Camila Moreno presentar\u00e1 su nuevo disco con shows en Valpara\u00edso, Santiago y Concepci\u00f3n\",\"datePublished\":\"2025-04-08T16:28:07+00:00\",\"dateModified\":\"2025-04-08T16:28:26+00:00\",\"mainEntityOfPage\":{\"@id\":\"https:\/\/dev.antudigital.cl\/sites\/vc\/camila-moreno-presentara-su-nuevo-disco-con-shows-en-valparaiso-santiago-y-concepcion\/\"},\"wordCount\":279,\"image\":{\"@id\":\"https:\/\/dev.antudigital.cl\/sites\/vc\/camila-moreno-presentara-su-nuevo-disco-con-shows-en-valparaiso-santiago-y-concepcion\/#primaryimage\"},\"thumbnailUrl\":\"https:\/\/dev.antudigital.cl\/sites\/vc\/wp-content\/uploads\/2025\/04\/Camila-Moreno-620x413-1.png\",\"articleSection\":[\"Noticia\"],\"inLanguage\":\"es\"},{\"@type\":\"WebPage\",\"@id\":\"https:\/\/dev.antudigital.cl\/sites\/vc\/camila-moreno-presentara-su-nuevo-disco-con-shows-en-valparaiso-santiago-y-concepcion\/\",\"url\":\"https:\/\/dev.antudigital.cl\/sites\/vc\/camila-moreno-presentara-su-nuevo-disco-con-shows-en-valparaiso-santiago-y-concepcion\/\",\"name\":\"Camila Moreno presentar\u00e1 su nuevo disco con shows en Valpara\u00edso, Santiago y Concepci\u00f3n - Valpara\u00ed\u00adso Creativo\",\"isPartOf\":{\"@id\":\"https:\/\/dev.antudigital.cl\/sites\/vc\/#website\"},\"primaryImageOfPage\":{\"@id\":\"https:\/\/dev.antudigital.cl\/sites\/vc\/camila-moreno-presentara-su-nuevo-disco-con-shows-en-valparaiso-santiago-y-concepcion\/#primaryimage\"},\"image\":{\"@id\":\"https:\/\/dev.antudigital.cl\/sites\/vc\/camila-moreno-presentara-su-nuevo-disco-con-shows-en-valparaiso-santiago-y-concepcion\/#primaryimage\"},\"thumbnailUrl\":\"https:\/\/dev.antudigital.cl\/sites\/vc\/wp-content\/uploads\/2025\/04\/Camila-Moreno-620x413-1.png\",\"datePublished\":\"2025-04-08T16:28:07+00:00\",\"dateModified\":\"2025-04-08T16:28:26+00:00\",\"author\":{\"@id\":\"https:\/\/dev.antudigital.cl\/sites\/vc\/#\/schema\/person\/c2b9da8dd545e27166fc5ab232837318\"},\"breadcrumb\":{\"@id\":\"https:\/\/dev.antudigital.cl\/sites\/vc\/camila-moreno-presentara-su-nuevo-disco-con-shows-en-valparaiso-santiago-y-concepcion\/#breadcrumb\"},\"inLanguage\":\"es\",\"potentialAction\":[{\"@type\":\"ReadAction\",\"target\":[\"https:\/\/dev.antudigital.cl\/sites\/vc\/camila-moreno-presentara-su-nuevo-disco-con-shows-en-valparaiso-santiago-y-concepcion\/\"]}]},{\"@type\":\"ImageObject\",\"inLanguage\":\"es\",\"@id\":\"https:\/\/dev.antudigital.cl\/sites\/vc\/camila-moreno-presentara-su-nuevo-disco-con-shows-en-valparaiso-santiago-y-concepcion\/#primaryimage\",\"url\":\"https:\/\/dev.antudigital.cl\/sites\/vc\/wp-content\/uploads\/2025\/04\/Camila-Moreno-620x413-1.png\",\"contentUrl\":\"https:\/\/dev.antudigital.cl\/sites\/vc\/wp-content\/uploads\/2025\/04\/Camila-Moreno-620x413-1.png\",\"width\":620,\"height\":413},{\"@type\":\"BreadcrumbList\",\"@id\":\"https:\/\/dev.antudigital.cl\/sites\/vc\/camila-moreno-presentara-su-nuevo-disco-con-shows-en-valparaiso-santiago-y-concepcion\/#breadcrumb\",\"itemListElement\":[{\"@type\":\"ListItem\",\"position\":1,\"name\":\"Home\",\"item\":\"https:\/\/dev.antudigital.cl\/sites\/vc\/\"},{\"@type\":\"ListItem\",\"position\":2,\"name\":\"Camila Moreno presentar\u00e1 su nuevo disco con shows en Valpara\u00edso, Santiago y Concepci\u00f3n\"}]},{\"@type\":\"WebSite\",\"@id\":\"https:\/\/dev.antudigital.cl\/sites\/vc\/#website\",\"url\":\"https:\/\/dev.antudigital.cl\/sites\/vc\/\",\"name\":\"Valpara\u00ed\u00adso Creativo\",\"description\":\"\",\"potentialAction\":[{\"@type\":\"SearchAction\",\"target\":{\"@type\":\"EntryPoint\",\"urlTemplate\":\"https:\/\/dev.antudigital.cl\/sites\/vc\/?s={search_term_string}\"},\"query-input\":{\"@type\":\"PropertyValueSpecification\",\"valueRequired\":true,\"valueName\":\"search_term_string\"}}],\"inLanguage\":\"es\"},{\"@type\":\"Person\",\"@id\":\"https:\/\/dev.antudigital.cl\/sites\/vc\/#\/schema\/person\/c2b9da8dd545e27166fc5ab232837318\",\"name\":\"Valpara\u00edso Creativo\",\"description\":\"Periodista de cultura en la Regi\u00f3n de Valpara\u00edso.\",\"url\":\"https:\/\/dev.antudigital.cl\/sites\/vc\/author\/valpoadmin\/\"}]}<\/script>\n<!-- \/ Yoast SEO plugin. -->","yoast_head_json":{"title":"Camila Moreno presentar\u00e1 su nuevo disco con shows en Valpara\u00edso, Santiago y Concepci\u00f3n - Valpara\u00ed\u00adso Creativo","robots":{"index":"index","follow":"follow","max-snippet":"max-snippet:-1","max-image-preview":"max-image-preview:large","max-video-preview":"max-video-preview:-1"},"canonical":"https:\/\/dev.antudigital.cl\/sites\/vc\/camila-moreno-presentara-su-nuevo-disco-con-shows-en-valparaiso-santiago-y-concepcion\/","og_locale":"es_ES","og_type":"article","og_title":"Camila Moreno presentar\u00e1 su nuevo disco con shows en Valpara\u00edso, Santiago y Concepci\u00f3n - Valpara\u00ed\u00adso Creativo","og_description":"Para presentar en grande su pr\u00f3ximo disco&nbsp;La Primera Luz,&nbsp;Camila Moreno&nbsp;se prepara con un triplete de shows de lanzamiento durante julio y agosto, que la tendr\u00e1n en locaciones de Valpara\u00edso, Santiago y Concepci\u00f3n. Es as\u00ed, que la aclamada cantautora nacional se presentar\u00e1 el&nbsp;6 de julio, en el Teatro del Parque Cultural de Valpara\u00edso; el&nbsp;12 de julio, [&hellip;]","og_url":"https:\/\/dev.antudigital.cl\/sites\/vc\/camila-moreno-presentara-su-nuevo-disco-con-shows-en-valparaiso-santiago-y-concepcion\/","og_site_name":"Valpara\u00ed\u00adso Creativo","article_published_time":"2025-04-08T16:28:07+00:00","article_modified_time":"2025-04-08T16:28:26+00:00","og_image":[{"width":620,"height":413,"url":"https:\/\/dev.antudigital.cl\/sites\/vc\/wp-content\/uploads\/2025\/04\/Camila-Moreno-620x413-1.png","type":"image\/png"}],"author":"Valpara\u00edso Creativo","twitter_card":"summary_large_image","twitter_misc":{"Escrito por":"Valpara\u00edso Creativo","Tiempo de lectura":"2 minutos"},"schema":{"@context":"https:\/\/schema.org","@graph":[{"@type":"Article","@id":"https:\/\/dev.antudigital.cl\/sites\/vc\/camila-moreno-presentara-su-nuevo-disco-con-shows-en-valparaiso-santiago-y-concepcion\/#article","isPartOf":{"@id":"https:\/\/dev.antudigital.cl\/sites\/vc\/camila-moreno-presentara-su-nuevo-disco-con-shows-en-valparaiso-santiago-y-concepcion\/"},"author":{"name":"Valpara\u00edso Creativo","@id":"https:\/\/dev.antudigital.cl\/sites\/vc\/#\/schema\/person\/c2b9da8dd545e27166fc5ab232837318"},"headline":"Camila Moreno presentar\u00e1 su nuevo disco con shows en Valpara\u00edso, Santiago y Concepci\u00f3n","datePublished":"2025-04-08T16:28:07+00:00","dateModified":"2025-04-08T16:28:26+00:00","mainEntityOfPage":{"@id":"https:\/\/dev.antudigital.cl\/sites\/vc\/camila-moreno-presentara-su-nuevo-disco-con-shows-en-valparaiso-santiago-y-concepcion\/"},"wordCount":279,"image":{"@id":"https:\/\/dev.antudigital.cl\/sites\/vc\/camila-moreno-presentara-su-nuevo-disco-con-shows-en-valparaiso-santiago-y-concepcion\/#primaryimage"},"thumbnailUrl":"https:\/\/dev.antudigital.cl\/sites\/vc\/wp-content\/uploads\/2025\/04\/Camila-Moreno-620x413-1.png","articleSection":["Noticia"],"inLanguage":"es"},{"@type":"WebPage","@id":"https:\/\/dev.antudigital.cl\/sites\/vc\/camila-moreno-presentara-su-nuevo-disco-con-shows-en-valparaiso-santiago-y-concepcion\/","url":"https:\/\/dev.antudigital.cl\/sites\/vc\/camila-moreno-presentara-su-nuevo-disco-con-shows-en-valparaiso-santiago-y-concepcion\/","name":"Camila Moreno presentar\u00e1 su nuevo disco con shows en Valpara\u00edso, Santiago y Concepci\u00f3n - Valpara\u00ed\u00adso Creativo","isPartOf":{"@id":"https:\/\/dev.antudigital.cl\/sites\/vc\/#website"},"primaryImageOfPage":{"@id":"https:\/\/dev.antudigital.cl\/sites\/vc\/camila-moreno-presentara-su-nuevo-disco-con-shows-en-valparaiso-santiago-y-concepcion\/#primaryimage"},"image":{"@id":"https:\/\/dev.antudigital.cl\/sites\/vc\/camila-moreno-presentara-su-nuevo-disco-con-shows-en-valparaiso-santiago-y-concepcion\/#primaryimage"},"thumbnailUrl":"https:\/\/dev.antudigital.cl\/sites\/vc\/wp-content\/uploads\/2025\/04\/Camila-Moreno-620x413-1.png","datePublished":"2025-04-08T16:28:07+00:00","dateModified":"2025-04-08T16:28:26+00:00","author":{"@id":"https:\/\/dev.antudigital.cl\/sites\/vc\/#\/schema\/person\/c2b9da8dd545e27166fc5ab232837318"},"breadcrumb":{"@id":"https:\/\/dev.antudigital.cl\/sites\/vc\/camila-moreno-presentara-su-nuevo-disco-con-shows-en-valparaiso-santiago-y-concepcion\/#breadcrumb"},"inLanguage":"es","potentialAction":[{"@type":"ReadAction","target":["https:\/\/dev.antudigital.cl\/sites\/vc\/camila-moreno-presentara-su-nuevo-disco-con-shows-en-valparaiso-santiago-y-concepcion\/"]}]},{"@type":"ImageObject","inLanguage":"es","@id":"https:\/\/dev.antudigital.cl\/sites\/vc\/camila-moreno-presentara-su-nuevo-disco-con-shows-en-valparaiso-santiago-y-concepcion\/#primaryimage","url":"https:\/\/dev.antudigital.cl\/sites\/vc\/wp-content\/uploads\/2025\/04\/Camila-Moreno-620x413-1.png","contentUrl":"https:\/\/dev.antudigital.cl\/sites\/vc\/wp-content\/uploads\/2025\/04\/Camila-Moreno-620x413-1.png","width":620,"height":413},{"@type":"BreadcrumbList","@id":"https:\/\/dev.antudigital.cl\/sites\/vc\/camila-moreno-presentara-su-nuevo-disco-con-shows-en-valparaiso-santiago-y-concepcion\/#breadcrumb","itemListElement":[{"@type":"ListItem","position":1,"name":"Home","item":"https:\/\/dev.antudigital.cl\/sites\/vc\/"},{"@type":"ListItem","position":2,"name":"Camila Moreno presentar\u00e1 su nuevo disco con shows en Valpara\u00edso, Santiago y Concepci\u00f3n"}]},{"@type":"WebSite","@id":"https:\/\/dev.antudigital.cl\/sites\/vc\/#website","url":"https:\/\/dev.antudigital.cl\/sites\/vc\/","name":"Valpara\u00ed\u00adso Creativo","description":"","potentialAction":[{"@type":"SearchAction","target":{"@type":"EntryPoint","urlTemplate":"https:\/\/dev.antudigital.cl\/sites\/vc\/?s={search_term_string}"},"query-input":{"@type":"PropertyValueSpecification","valueRequired":true,"valueName":"search_term_string"}}],"inLanguage":"es"},{"@type":"Person","@id":"https:\/\/dev.antudigital.cl\/sites\/vc\/#\/schema\/person\/c2b9da8dd545e27166fc5ab232837318","name":"Valpara\u00edso Creativo","description":"Periodista de cultura en la Regi\u00f3n de Valpara\u00edso.","url":"https:\/\/dev.antudigital.cl\/sites\/vc\/author\/valpoadmin\/"}]}},"_links":{"self":[{"href":"https:\/\/dev.antudigital.cl\/sites\/vc\/wp-json\/wp\/v2\/posts\/22706","targetHints":{"allow":["GET"]}}],"collection":[{"href":"https:\/\/dev.antudigital.cl\/sites\/vc\/wp-json\/wp\/v2\/posts"}],"about":[{"href":"https:\/\/dev.antudigital.cl\/sites\/vc\/wp-json\/wp\/v2\/types\/post"}],"author":[{"embeddable":true,"href":"https:\/\/dev.antudigital.cl\/sites\/vc\/wp-json\/wp\/v2\/users\/1"}],"replies":[{"embeddable":true,"href":"https:\/\/dev.antudigital.cl\/sites\/vc\/wp-json\/wp\/v2\/comments?post=22706"}],"version-history":[{"count":1,"href":"https:\/\/dev.antudigital.cl\/sites\/vc\/wp-json\/wp\/v2\/posts\/22706\/revisions"}],"predecessor-version":[{"id":22710,"href":"https:\/\/dev.antudigital.cl\/sites\/vc\/wp-json\/wp\/v2\/posts\/22706\/revisions\/22710"}],"wp:featuredmedia":[{"embeddable":true,"href":"https:\/\/dev.antudigital.cl\/sites\/vc\/wp-json\/wp\/v2\/media\/22707"}],"wp:attachment":[{"href":"https:\/\/dev.antudigital.cl\/sites\/vc\/wp-json\/wp\/v2\/media?parent=22706"}],"wp:term":[{"taxonomy":"category","embeddable":true,"href":"https:\/\/dev.antudigital.cl\/sites\/vc\/wp-json\/wp\/v2\/categories?post=22706"},{"taxonomy":"post_tag","embeddable":true,"href":"https:\/\/dev.antudigital.cl\/sites\/vc\/wp-json\/wp\/v2\/tags?post=22706"}],"curies":[{"name":"wp","href":"https:\/\/api.w.org\/{rel}","templated":true}]}}