{"id":22715,"date":"2025-04-09T15:51:06","date_gmt":"2025-04-09T15:51:06","guid":{"rendered":"https:\/\/www.valparaisocreativo.cl\/?p=22715"},"modified":"2025-04-09T15:51:38","modified_gmt":"2025-04-09T15:51:38","slug":"el-rock-y-la-bohemia-portena-se-toman-insomnia-con-el-estreno-de-los-anos-salvajes","status":"publish","type":"post","link":"https:\/\/dev.antudigital.cl\/sites\/vc\/el-rock-y-la-bohemia-portena-se-toman-insomnia-con-el-estreno-de-los-anos-salvajes\/","title":{"rendered":"El rock y la bohemia porte\u00f1a se toman INSOMNIA con el estreno de Los a\u00f1os salvajes"},"content":{"rendered":"\n<p>Valpara\u00edso, bohemia y m\u00fasica se entrelazan en&nbsp;<strong><em>\u00abLos a\u00f1os salvajes\u00bb<\/em><\/strong>, una pel\u00edcula que explora los dilemas de un olvidado rockero en busca de redenci\u00f3n, mientras se enfrenta a las decisiones que marcar\u00e1n su vida. El estreno se realizar\u00e1 en INSOMNIA Teatro Condell este jueves 10 de abril a las 18:00 hrs. junto a su director Andr\u00e9s Nazarala, Daniel Antivilo, actor protag\u00f3nico, y Paula Bohente, co guionista. Adem\u00e1s, el estreno contar\u00e1 con una presentaci\u00f3n del m\u00fasico Sebasti\u00e1n Orellana, qui\u00e9n compuso la m\u00fasica original de la pel\u00edcula.<\/p>\n\n\n\n<p>La pel\u00edcula sigue a Ricky Palace, un cantante olvidado de 65 a\u00f1os, que sobrevive tocando sus viejos \u00e9xitos en un bar de Valpara\u00edso. Cuando el local cierra y, por error, un obituario local lo da por muerto, el protagonista decide enfrentarse a Tommy Wolf, una estrella internacional que recientemente se ha apropiado de una canci\u00f3n grabada por Ricky en su juventud. En su b\u00fasqueda de justicia, Palace emprende un viaje emocional que lo lleva desde el caos del puerto hasta la calma del bosque.<\/p>\n\n\n\n<figure class=\"wp-block-image size-large\"><img fetchpriority=\"high\" decoding=\"async\" width=\"1024\" height=\"640\" src=\"https:\/\/www.valparaisocreativo.cl\/wp-content\/uploads\/2025\/04\/Los-anos-salvajes-1-1024x640.jpeg\" alt=\"\" class=\"wp-image-22716\" srcset=\"https:\/\/dev.antudigital.cl\/sites\/vc\/wp-content\/uploads\/2025\/04\/Los-anos-salvajes-1-1024x640.jpeg 1024w, https:\/\/dev.antudigital.cl\/sites\/vc\/wp-content\/uploads\/2025\/04\/Los-anos-salvajes-1-300x188.jpeg 300w, https:\/\/dev.antudigital.cl\/sites\/vc\/wp-content\/uploads\/2025\/04\/Los-anos-salvajes-1-768x480.jpeg 768w, https:\/\/dev.antudigital.cl\/sites\/vc\/wp-content\/uploads\/2025\/04\/Los-anos-salvajes-1-400x250.jpeg 400w, https:\/\/dev.antudigital.cl\/sites\/vc\/wp-content\/uploads\/2025\/04\/Los-anos-salvajes-1-1080x675.jpeg 1080w, https:\/\/dev.antudigital.cl\/sites\/vc\/wp-content\/uploads\/2025\/04\/Los-anos-salvajes-1-1280x800.jpeg 1280w, https:\/\/dev.antudigital.cl\/sites\/vc\/wp-content\/uploads\/2025\/04\/Los-anos-salvajes-1-980x613.jpeg 980w, https:\/\/dev.antudigital.cl\/sites\/vc\/wp-content\/uploads\/2025\/04\/Los-anos-salvajes-1-480x300.jpeg 480w, https:\/\/dev.antudigital.cl\/sites\/vc\/wp-content\/uploads\/2025\/04\/Los-anos-salvajes-1-24x15.jpeg 24w, https:\/\/dev.antudigital.cl\/sites\/vc\/wp-content\/uploads\/2025\/04\/Los-anos-salvajes-1-36x23.jpeg 36w, https:\/\/dev.antudigital.cl\/sites\/vc\/wp-content\/uploads\/2025\/04\/Los-anos-salvajes-1-48x30.jpeg 48w, https:\/\/dev.antudigital.cl\/sites\/vc\/wp-content\/uploads\/2025\/04\/Los-anos-salvajes-1.jpeg 1440w\" sizes=\"(max-width: 1024px) 100vw, 1024px\" \/><\/figure>\n\n\n\n<p>\u00abLos a\u00f1os salvajes\u00bb cuenta con un elenco de primera l\u00ednea, liderado por Daniel Antivilo en el papel de Ricky Palace, junto a reconocidos actores como Jos\u00e9 Soza, Nathalia Galgani, Daniel Mu\u00f1oz y Alejandro Goic. Cada interpretaci\u00f3n aporta profundidad a esta historia de redenci\u00f3n, nostalgia y resistencia. La pel\u00edcula es dirigida por&nbsp;<strong>el cr\u00edtico de cine y escritor<\/strong>&nbsp;Andr\u00e9s Nazarala, quien se consolida como una voz destacada del cine chileno, entregando una narrativa que mezcla con maestr\u00eda el drama y la comedia.<\/p>\n\n\n\n<p>Desde su estreno en el Festival Internacional de Cine de Valdivia,&nbsp;<strong><em>\u00abLOS A\u00d1OS SALVAJES\u00bb&nbsp;<\/em><\/strong>ha cosechado cr\u00edticas positivas, destacando su&nbsp;<em>\u00abfuerte carga nost\u00e1lgica y melanc\u00f3lica\u00bb,<\/em>&nbsp;y describi\u00e9ndola como&nbsp;<em>\u00abuna celebraci\u00f3n de la amistad\u00bb&nbsp;<\/em>y&nbsp;<em>\u201cuna comedia dram\u00e1tica que explora de forma emotiva el paso del tiempo y la muerte\u201d.<\/em><\/p>\n\n\n\n<p><strong><em>\u00abLOS A\u00d1OS SALVAJES\u00bb&nbsp;<\/em><\/strong>ha sido posible gracias al apoyo del Fondo Nacional de Fomento Audiovisual, destac\u00e1ndose por su gui\u00f3n galardonado en 2018 y su financiaci\u00f3n en 2021 para su producci\u00f3n regional como largometraje de ficci\u00f3n.<\/p>\n\n\n\n<figure class=\"wp-block-image size-large\"><img decoding=\"async\" width=\"1024\" height=\"576\" src=\"https:\/\/www.valparaisocreativo.cl\/wp-content\/uploads\/2025\/04\/Los-anos-salvajes-3-1024x576.jpeg\" alt=\"\" class=\"wp-image-22719\" srcset=\"https:\/\/dev.antudigital.cl\/sites\/vc\/wp-content\/uploads\/2025\/04\/Los-anos-salvajes-3-1024x576.jpeg 1024w, https:\/\/dev.antudigital.cl\/sites\/vc\/wp-content\/uploads\/2025\/04\/Los-anos-salvajes-3-300x169.jpeg 300w, https:\/\/dev.antudigital.cl\/sites\/vc\/wp-content\/uploads\/2025\/04\/Los-anos-salvajes-3-768x432.jpeg 768w, https:\/\/dev.antudigital.cl\/sites\/vc\/wp-content\/uploads\/2025\/04\/Los-anos-salvajes-3-1536x864.jpeg 1536w, https:\/\/dev.antudigital.cl\/sites\/vc\/wp-content\/uploads\/2025\/04\/Los-anos-salvajes-3-1080x608.jpeg 1080w, https:\/\/dev.antudigital.cl\/sites\/vc\/wp-content\/uploads\/2025\/04\/Los-anos-salvajes-3-1280x720.jpeg 1280w, https:\/\/dev.antudigital.cl\/sites\/vc\/wp-content\/uploads\/2025\/04\/Los-anos-salvajes-3-980x551.jpeg 980w, https:\/\/dev.antudigital.cl\/sites\/vc\/wp-content\/uploads\/2025\/04\/Los-anos-salvajes-3-480x270.jpeg 480w, https:\/\/dev.antudigital.cl\/sites\/vc\/wp-content\/uploads\/2025\/04\/Los-anos-salvajes-3-24x14.jpeg 24w, https:\/\/dev.antudigital.cl\/sites\/vc\/wp-content\/uploads\/2025\/04\/Los-anos-salvajes-3-36x20.jpeg 36w, https:\/\/dev.antudigital.cl\/sites\/vc\/wp-content\/uploads\/2025\/04\/Los-anos-salvajes-3-48x27.jpeg 48w, https:\/\/dev.antudigital.cl\/sites\/vc\/wp-content\/uploads\/2025\/04\/Los-anos-salvajes-3.jpeg 1600w\" sizes=\"(max-width: 1024px) 100vw, 1024px\" \/><\/figure>\n\n\n\n<p>El rockero olvidado Ricky Palace (65), se ve en apuros econ\u00f3micos cuando cierra el bar donde toca para sobrevivir en Valpara\u00edso. Al mismo tiempo lo declaran muerto por error en un diario local. En un acto de reivindicaci\u00f3n, decide reclamar a su rival Tommy Wolf -estrella en el extranjero- los derechos del hit que le rob\u00f3.&nbsp;<strong>Entre recuerdos, amenazas y secretos revelados, Ricky intentar\u00e1 recuperar su dignidad arrebatada.<\/strong><\/p>\n\n\n\n<p>Con una narrativa profundamente humana,&nbsp;<strong>una envolvente m\u00fasica original compuesta por el destacado Sebasti\u00e1n Orellana (La Big Rabia,&nbsp; Califato 3X4)<\/strong>&nbsp;y el encanto \u00fanico de Valpara\u00edso como tel\u00f3n de fondo,&nbsp;<strong><em>\u00abLOS A\u00d1OS SALVAJES\u00bb<\/em><\/strong>&nbsp;promete conectar con quienes valoran la m\u00fasica, la lucha por los sue\u00f1os y el poder de la identidad. \u201cLos a\u00f1os salvajes\u201d se exhibir\u00e1 los d\u00edas jueves 10 (18:00), s\u00e1bado 12 (19:00) y lunes 14 (18:00). Para m\u00e1s informaci\u00f3n visita&nbsp;<a href=\"http:\/\/www.insomniacine.cl\/\" target=\"_blank\" rel=\"noreferrer noopener\">www.insomniacine.cl<\/a>.<\/p>\n\n\n\n<figure class=\"wp-block-embed is-type-video is-provider-youtube wp-block-embed-youtube wp-embed-aspect-16-9 wp-has-aspect-ratio\"><div class=\"wp-block-embed__wrapper\">\n<iframe title=\"Los A\u00f1os Salvajes (The Wild Years) | Trailer Oficial | Estreno 10 de abril\" width=\"800\" height=\"450\" src=\"https:\/\/www.youtube.com\/embed\/Eo8aw-zdvVs?feature=oembed\" frameborder=\"0\" allow=\"accelerometer; autoplay; clipboard-write; encrypted-media; gyroscope; picture-in-picture; web-share\" referrerpolicy=\"strict-origin-when-cross-origin\" allowfullscreen><\/iframe>\n<\/div><\/figure>\n","protected":false},"excerpt":{"rendered":"<p>Valpara\u00edso, bohemia y m\u00fasica se entrelazan en&nbsp;\u00abLos a\u00f1os salvajes\u00bb, una pel\u00edcula que explora los dilemas de un olvidado rockero en busca de redenci\u00f3n, mientras se enfrenta a las decisiones que marcar\u00e1n su vida. El estreno se realizar\u00e1 en INSOMNIA Teatro Condell este jueves 10 de abril a las 18:00 hrs. junto a su director Andr\u00e9s [&hellip;]<\/p>\n","protected":false},"author":1,"featured_media":22717,"comment_status":"closed","ping_status":"closed","sticky":false,"template":"","format":"standard","meta":{"_acf_changed":false,"footnotes":""},"categories":[8],"tags":[],"class_list":["post-22715","post","type-post","status-publish","format-standard","has-post-thumbnail","hentry","category-noticia"],"acf":[],"yoast_head":"<!-- This site is optimized with the Yoast SEO plugin v27.1.1 - https:\/\/yoast.com\/product\/yoast-seo-wordpress\/ -->\n<title>El rock y la bohemia porte\u00f1a se toman INSOMNIA con el estreno de Los a\u00f1os salvajes - Valpara\u00ed\u00adso Creativo<\/title>\n<meta name=\"robots\" content=\"index, follow, max-snippet:-1, max-image-preview:large, max-video-preview:-1\" \/>\n<link rel=\"canonical\" href=\"https:\/\/dev.antudigital.cl\/sites\/vc\/el-rock-y-la-bohemia-portena-se-toman-insomnia-con-el-estreno-de-los-anos-salvajes\/\" \/>\n<meta property=\"og:locale\" content=\"es_ES\" \/>\n<meta property=\"og:type\" content=\"article\" \/>\n<meta property=\"og:title\" content=\"El rock y la bohemia porte\u00f1a se toman INSOMNIA con el estreno de Los a\u00f1os salvajes - Valpara\u00ed\u00adso Creativo\" \/>\n<meta property=\"og:description\" content=\"Valpara\u00edso, bohemia y m\u00fasica se entrelazan en&nbsp;\u00abLos a\u00f1os salvajes\u00bb, una pel\u00edcula que explora los dilemas de un olvidado rockero en busca de redenci\u00f3n, mientras se enfrenta a las decisiones que marcar\u00e1n su vida. El estreno se realizar\u00e1 en INSOMNIA Teatro Condell este jueves 10 de abril a las 18:00 hrs. junto a su director Andr\u00e9s [&hellip;]\" \/>\n<meta property=\"og:url\" content=\"https:\/\/dev.antudigital.cl\/sites\/vc\/el-rock-y-la-bohemia-portena-se-toman-insomnia-con-el-estreno-de-los-anos-salvajes\/\" \/>\n<meta property=\"og:site_name\" content=\"Valpara\u00ed\u00adso Creativo\" \/>\n<meta property=\"article:published_time\" content=\"2025-04-09T15:51:06+00:00\" \/>\n<meta property=\"article:modified_time\" content=\"2025-04-09T15:51:38+00:00\" \/>\n<meta property=\"og:image\" content=\"https:\/\/dev.antudigital.cl\/sites\/vc\/wp-content\/uploads\/2025\/04\/Los-anos-salvajes-2.jpeg\" \/>\n\t<meta property=\"og:image:width\" content=\"1440\" \/>\n\t<meta property=\"og:image:height\" content=\"900\" \/>\n\t<meta property=\"og:image:type\" content=\"image\/jpeg\" \/>\n<meta name=\"author\" content=\"Valpara\u00edso Creativo\" \/>\n<meta name=\"twitter:card\" content=\"summary_large_image\" \/>\n<meta name=\"twitter:label1\" content=\"Escrito por\" \/>\n\t<meta name=\"twitter:data1\" content=\"Valpara\u00edso Creativo\" \/>\n\t<meta name=\"twitter:label2\" content=\"Tiempo de lectura\" \/>\n\t<meta name=\"twitter:data2\" content=\"3 minutos\" \/>\n<script type=\"application\/ld+json\" class=\"yoast-schema-graph\">{\"@context\":\"https:\/\/schema.org\",\"@graph\":[{\"@type\":\"Article\",\"@id\":\"https:\/\/dev.antudigital.cl\/sites\/vc\/el-rock-y-la-bohemia-portena-se-toman-insomnia-con-el-estreno-de-los-anos-salvajes\/#article\",\"isPartOf\":{\"@id\":\"https:\/\/dev.antudigital.cl\/sites\/vc\/el-rock-y-la-bohemia-portena-se-toman-insomnia-con-el-estreno-de-los-anos-salvajes\/\"},\"author\":{\"name\":\"Valpara\u00edso Creativo\",\"@id\":\"https:\/\/dev.antudigital.cl\/sites\/vc\/#\/schema\/person\/c2b9da8dd545e27166fc5ab232837318\"},\"headline\":\"El rock y la bohemia porte\u00f1a se toman INSOMNIA con el estreno de Los a\u00f1os salvajes\",\"datePublished\":\"2025-04-09T15:51:06+00:00\",\"dateModified\":\"2025-04-09T15:51:38+00:00\",\"mainEntityOfPage\":{\"@id\":\"https:\/\/dev.antudigital.cl\/sites\/vc\/el-rock-y-la-bohemia-portena-se-toman-insomnia-con-el-estreno-de-los-anos-salvajes\/\"},\"wordCount\":566,\"image\":{\"@id\":\"https:\/\/dev.antudigital.cl\/sites\/vc\/el-rock-y-la-bohemia-portena-se-toman-insomnia-con-el-estreno-de-los-anos-salvajes\/#primaryimage\"},\"thumbnailUrl\":\"https:\/\/dev.antudigital.cl\/sites\/vc\/wp-content\/uploads\/2025\/04\/Los-anos-salvajes-2.jpeg\",\"articleSection\":[\"Noticia\"],\"inLanguage\":\"es\"},{\"@type\":\"WebPage\",\"@id\":\"https:\/\/dev.antudigital.cl\/sites\/vc\/el-rock-y-la-bohemia-portena-se-toman-insomnia-con-el-estreno-de-los-anos-salvajes\/\",\"url\":\"https:\/\/dev.antudigital.cl\/sites\/vc\/el-rock-y-la-bohemia-portena-se-toman-insomnia-con-el-estreno-de-los-anos-salvajes\/\",\"name\":\"El rock y la bohemia porte\u00f1a se toman INSOMNIA con el estreno de Los a\u00f1os salvajes - Valpara\u00ed\u00adso Creativo\",\"isPartOf\":{\"@id\":\"https:\/\/dev.antudigital.cl\/sites\/vc\/#website\"},\"primaryImageOfPage\":{\"@id\":\"https:\/\/dev.antudigital.cl\/sites\/vc\/el-rock-y-la-bohemia-portena-se-toman-insomnia-con-el-estreno-de-los-anos-salvajes\/#primaryimage\"},\"image\":{\"@id\":\"https:\/\/dev.antudigital.cl\/sites\/vc\/el-rock-y-la-bohemia-portena-se-toman-insomnia-con-el-estreno-de-los-anos-salvajes\/#primaryimage\"},\"thumbnailUrl\":\"https:\/\/dev.antudigital.cl\/sites\/vc\/wp-content\/uploads\/2025\/04\/Los-anos-salvajes-2.jpeg\",\"datePublished\":\"2025-04-09T15:51:06+00:00\",\"dateModified\":\"2025-04-09T15:51:38+00:00\",\"author\":{\"@id\":\"https:\/\/dev.antudigital.cl\/sites\/vc\/#\/schema\/person\/c2b9da8dd545e27166fc5ab232837318\"},\"breadcrumb\":{\"@id\":\"https:\/\/dev.antudigital.cl\/sites\/vc\/el-rock-y-la-bohemia-portena-se-toman-insomnia-con-el-estreno-de-los-anos-salvajes\/#breadcrumb\"},\"inLanguage\":\"es\",\"potentialAction\":[{\"@type\":\"ReadAction\",\"target\":[\"https:\/\/dev.antudigital.cl\/sites\/vc\/el-rock-y-la-bohemia-portena-se-toman-insomnia-con-el-estreno-de-los-anos-salvajes\/\"]}]},{\"@type\":\"ImageObject\",\"inLanguage\":\"es\",\"@id\":\"https:\/\/dev.antudigital.cl\/sites\/vc\/el-rock-y-la-bohemia-portena-se-toman-insomnia-con-el-estreno-de-los-anos-salvajes\/#primaryimage\",\"url\":\"https:\/\/dev.antudigital.cl\/sites\/vc\/wp-content\/uploads\/2025\/04\/Los-anos-salvajes-2.jpeg\",\"contentUrl\":\"https:\/\/dev.antudigital.cl\/sites\/vc\/wp-content\/uploads\/2025\/04\/Los-anos-salvajes-2.jpeg\",\"width\":1440,\"height\":900},{\"@type\":\"BreadcrumbList\",\"@id\":\"https:\/\/dev.antudigital.cl\/sites\/vc\/el-rock-y-la-bohemia-portena-se-toman-insomnia-con-el-estreno-de-los-anos-salvajes\/#breadcrumb\",\"itemListElement\":[{\"@type\":\"ListItem\",\"position\":1,\"name\":\"Home\",\"item\":\"https:\/\/dev.antudigital.cl\/sites\/vc\/\"},{\"@type\":\"ListItem\",\"position\":2,\"name\":\"El rock y la bohemia porte\u00f1a se toman INSOMNIA con el estreno de Los a\u00f1os salvajes\"}]},{\"@type\":\"WebSite\",\"@id\":\"https:\/\/dev.antudigital.cl\/sites\/vc\/#website\",\"url\":\"https:\/\/dev.antudigital.cl\/sites\/vc\/\",\"name\":\"Valpara\u00ed\u00adso Creativo\",\"description\":\"\",\"potentialAction\":[{\"@type\":\"SearchAction\",\"target\":{\"@type\":\"EntryPoint\",\"urlTemplate\":\"https:\/\/dev.antudigital.cl\/sites\/vc\/?s={search_term_string}\"},\"query-input\":{\"@type\":\"PropertyValueSpecification\",\"valueRequired\":true,\"valueName\":\"search_term_string\"}}],\"inLanguage\":\"es\"},{\"@type\":\"Person\",\"@id\":\"https:\/\/dev.antudigital.cl\/sites\/vc\/#\/schema\/person\/c2b9da8dd545e27166fc5ab232837318\",\"name\":\"Valpara\u00edso Creativo\",\"description\":\"Periodista de cultura en la Regi\u00f3n de Valpara\u00edso.\",\"url\":\"https:\/\/dev.antudigital.cl\/sites\/vc\/author\/valpoadmin\/\"}]}<\/script>\n<!-- \/ Yoast SEO plugin. -->","yoast_head_json":{"title":"El rock y la bohemia porte\u00f1a se toman INSOMNIA con el estreno de Los a\u00f1os salvajes - Valpara\u00ed\u00adso Creativo","robots":{"index":"index","follow":"follow","max-snippet":"max-snippet:-1","max-image-preview":"max-image-preview:large","max-video-preview":"max-video-preview:-1"},"canonical":"https:\/\/dev.antudigital.cl\/sites\/vc\/el-rock-y-la-bohemia-portena-se-toman-insomnia-con-el-estreno-de-los-anos-salvajes\/","og_locale":"es_ES","og_type":"article","og_title":"El rock y la bohemia porte\u00f1a se toman INSOMNIA con el estreno de Los a\u00f1os salvajes - Valpara\u00ed\u00adso Creativo","og_description":"Valpara\u00edso, bohemia y m\u00fasica se entrelazan en&nbsp;\u00abLos a\u00f1os salvajes\u00bb, una pel\u00edcula que explora los dilemas de un olvidado rockero en busca de redenci\u00f3n, mientras se enfrenta a las decisiones que marcar\u00e1n su vida. El estreno se realizar\u00e1 en INSOMNIA Teatro Condell este jueves 10 de abril a las 18:00 hrs. junto a su director Andr\u00e9s [&hellip;]","og_url":"https:\/\/dev.antudigital.cl\/sites\/vc\/el-rock-y-la-bohemia-portena-se-toman-insomnia-con-el-estreno-de-los-anos-salvajes\/","og_site_name":"Valpara\u00ed\u00adso Creativo","article_published_time":"2025-04-09T15:51:06+00:00","article_modified_time":"2025-04-09T15:51:38+00:00","og_image":[{"width":1440,"height":900,"url":"https:\/\/dev.antudigital.cl\/sites\/vc\/wp-content\/uploads\/2025\/04\/Los-anos-salvajes-2.jpeg","type":"image\/jpeg"}],"author":"Valpara\u00edso Creativo","twitter_card":"summary_large_image","twitter_misc":{"Escrito por":"Valpara\u00edso Creativo","Tiempo de lectura":"3 minutos"},"schema":{"@context":"https:\/\/schema.org","@graph":[{"@type":"Article","@id":"https:\/\/dev.antudigital.cl\/sites\/vc\/el-rock-y-la-bohemia-portena-se-toman-insomnia-con-el-estreno-de-los-anos-salvajes\/#article","isPartOf":{"@id":"https:\/\/dev.antudigital.cl\/sites\/vc\/el-rock-y-la-bohemia-portena-se-toman-insomnia-con-el-estreno-de-los-anos-salvajes\/"},"author":{"name":"Valpara\u00edso Creativo","@id":"https:\/\/dev.antudigital.cl\/sites\/vc\/#\/schema\/person\/c2b9da8dd545e27166fc5ab232837318"},"headline":"El rock y la bohemia porte\u00f1a se toman INSOMNIA con el estreno de Los a\u00f1os salvajes","datePublished":"2025-04-09T15:51:06+00:00","dateModified":"2025-04-09T15:51:38+00:00","mainEntityOfPage":{"@id":"https:\/\/dev.antudigital.cl\/sites\/vc\/el-rock-y-la-bohemia-portena-se-toman-insomnia-con-el-estreno-de-los-anos-salvajes\/"},"wordCount":566,"image":{"@id":"https:\/\/dev.antudigital.cl\/sites\/vc\/el-rock-y-la-bohemia-portena-se-toman-insomnia-con-el-estreno-de-los-anos-salvajes\/#primaryimage"},"thumbnailUrl":"https:\/\/dev.antudigital.cl\/sites\/vc\/wp-content\/uploads\/2025\/04\/Los-anos-salvajes-2.jpeg","articleSection":["Noticia"],"inLanguage":"es"},{"@type":"WebPage","@id":"https:\/\/dev.antudigital.cl\/sites\/vc\/el-rock-y-la-bohemia-portena-se-toman-insomnia-con-el-estreno-de-los-anos-salvajes\/","url":"https:\/\/dev.antudigital.cl\/sites\/vc\/el-rock-y-la-bohemia-portena-se-toman-insomnia-con-el-estreno-de-los-anos-salvajes\/","name":"El rock y la bohemia porte\u00f1a se toman INSOMNIA con el estreno de Los a\u00f1os salvajes - Valpara\u00ed\u00adso Creativo","isPartOf":{"@id":"https:\/\/dev.antudigital.cl\/sites\/vc\/#website"},"primaryImageOfPage":{"@id":"https:\/\/dev.antudigital.cl\/sites\/vc\/el-rock-y-la-bohemia-portena-se-toman-insomnia-con-el-estreno-de-los-anos-salvajes\/#primaryimage"},"image":{"@id":"https:\/\/dev.antudigital.cl\/sites\/vc\/el-rock-y-la-bohemia-portena-se-toman-insomnia-con-el-estreno-de-los-anos-salvajes\/#primaryimage"},"thumbnailUrl":"https:\/\/dev.antudigital.cl\/sites\/vc\/wp-content\/uploads\/2025\/04\/Los-anos-salvajes-2.jpeg","datePublished":"2025-04-09T15:51:06+00:00","dateModified":"2025-04-09T15:51:38+00:00","author":{"@id":"https:\/\/dev.antudigital.cl\/sites\/vc\/#\/schema\/person\/c2b9da8dd545e27166fc5ab232837318"},"breadcrumb":{"@id":"https:\/\/dev.antudigital.cl\/sites\/vc\/el-rock-y-la-bohemia-portena-se-toman-insomnia-con-el-estreno-de-los-anos-salvajes\/#breadcrumb"},"inLanguage":"es","potentialAction":[{"@type":"ReadAction","target":["https:\/\/dev.antudigital.cl\/sites\/vc\/el-rock-y-la-bohemia-portena-se-toman-insomnia-con-el-estreno-de-los-anos-salvajes\/"]}]},{"@type":"ImageObject","inLanguage":"es","@id":"https:\/\/dev.antudigital.cl\/sites\/vc\/el-rock-y-la-bohemia-portena-se-toman-insomnia-con-el-estreno-de-los-anos-salvajes\/#primaryimage","url":"https:\/\/dev.antudigital.cl\/sites\/vc\/wp-content\/uploads\/2025\/04\/Los-anos-salvajes-2.jpeg","contentUrl":"https:\/\/dev.antudigital.cl\/sites\/vc\/wp-content\/uploads\/2025\/04\/Los-anos-salvajes-2.jpeg","width":1440,"height":900},{"@type":"BreadcrumbList","@id":"https:\/\/dev.antudigital.cl\/sites\/vc\/el-rock-y-la-bohemia-portena-se-toman-insomnia-con-el-estreno-de-los-anos-salvajes\/#breadcrumb","itemListElement":[{"@type":"ListItem","position":1,"name":"Home","item":"https:\/\/dev.antudigital.cl\/sites\/vc\/"},{"@type":"ListItem","position":2,"name":"El rock y la bohemia porte\u00f1a se toman INSOMNIA con el estreno de Los a\u00f1os salvajes"}]},{"@type":"WebSite","@id":"https:\/\/dev.antudigital.cl\/sites\/vc\/#website","url":"https:\/\/dev.antudigital.cl\/sites\/vc\/","name":"Valpara\u00ed\u00adso Creativo","description":"","potentialAction":[{"@type":"SearchAction","target":{"@type":"EntryPoint","urlTemplate":"https:\/\/dev.antudigital.cl\/sites\/vc\/?s={search_term_string}"},"query-input":{"@type":"PropertyValueSpecification","valueRequired":true,"valueName":"search_term_string"}}],"inLanguage":"es"},{"@type":"Person","@id":"https:\/\/dev.antudigital.cl\/sites\/vc\/#\/schema\/person\/c2b9da8dd545e27166fc5ab232837318","name":"Valpara\u00edso Creativo","description":"Periodista de cultura en la Regi\u00f3n de Valpara\u00edso.","url":"https:\/\/dev.antudigital.cl\/sites\/vc\/author\/valpoadmin\/"}]}},"_links":{"self":[{"href":"https:\/\/dev.antudigital.cl\/sites\/vc\/wp-json\/wp\/v2\/posts\/22715","targetHints":{"allow":["GET"]}}],"collection":[{"href":"https:\/\/dev.antudigital.cl\/sites\/vc\/wp-json\/wp\/v2\/posts"}],"about":[{"href":"https:\/\/dev.antudigital.cl\/sites\/vc\/wp-json\/wp\/v2\/types\/post"}],"author":[{"embeddable":true,"href":"https:\/\/dev.antudigital.cl\/sites\/vc\/wp-json\/wp\/v2\/users\/1"}],"replies":[{"embeddable":true,"href":"https:\/\/dev.antudigital.cl\/sites\/vc\/wp-json\/wp\/v2\/comments?post=22715"}],"version-history":[{"count":1,"href":"https:\/\/dev.antudigital.cl\/sites\/vc\/wp-json\/wp\/v2\/posts\/22715\/revisions"}],"predecessor-version":[{"id":22720,"href":"https:\/\/dev.antudigital.cl\/sites\/vc\/wp-json\/wp\/v2\/posts\/22715\/revisions\/22720"}],"wp:featuredmedia":[{"embeddable":true,"href":"https:\/\/dev.antudigital.cl\/sites\/vc\/wp-json\/wp\/v2\/media\/22717"}],"wp:attachment":[{"href":"https:\/\/dev.antudigital.cl\/sites\/vc\/wp-json\/wp\/v2\/media?parent=22715"}],"wp:term":[{"taxonomy":"category","embeddable":true,"href":"https:\/\/dev.antudigital.cl\/sites\/vc\/wp-json\/wp\/v2\/categories?post=22715"},{"taxonomy":"post_tag","embeddable":true,"href":"https:\/\/dev.antudigital.cl\/sites\/vc\/wp-json\/wp\/v2\/tags?post=22715"}],"curies":[{"name":"wp","href":"https:\/\/api.w.org\/{rel}","templated":true}]}}