{"id":22721,"date":"2025-04-09T16:32:12","date_gmt":"2025-04-09T16:32:12","guid":{"rendered":"https:\/\/www.valparaisocreativo.cl\/?p=22721"},"modified":"2025-04-09T16:33:05","modified_gmt":"2025-04-09T16:33:05","slug":"militancia-teatral-investigacion-sobre-el-quehacer-de-myriam-espinoza-se-presenta-en-la-escuela-de-teatro-uv","status":"publish","type":"post","link":"https:\/\/dev.antudigital.cl\/sites\/vc\/militancia-teatral-investigacion-sobre-el-quehacer-de-myriam-espinoza-se-presenta-en-la-escuela-de-teatro-uv\/","title":{"rendered":"MILITANCIA TEATRAL: Investigaci\u00f3n sobre el quehacer de Myriam Espinoza se presenta en la Escuela de Teatro UV"},"content":{"rendered":"\n<p><strong>El jueves 10 de abril a las 19:00 horas es el lanzamiento de \u201cMilitancia Teatral\u201d<\/strong>, libro que busca poner en valor y registrar el trabajo que la actriz, directora, docente y gestora cultural, Myriam Espinoza Vergara, ha hecho durante 50 a\u00f1os en las artes esc\u00e9nicas.&nbsp;<strong>La actividad se realizar\u00e1 en Sala Negra Juan Barattini Carvelli<\/strong>, de la Escuela de Teatro UV, ubicada en Avenida Brasil 1647, Valpara\u00edso. Para m\u00e1s informaci\u00f3n seguir a&nbsp;<a href=\"https:\/\/www.instagram.com\/escuelateatrouv\/\" target=\"_blank\" rel=\"noreferrer noopener\">@escuelateatrouv<\/a>&nbsp;y&nbsp;<a href=\"https:\/\/www.instagram.com\/edicionesoximoron\/\" target=\"_blank\" rel=\"noreferrer noopener\">@edicionesoximoron<\/a>&nbsp;en Instagram.<\/p>\n\n\n\n<p>Esta publicaci\u00f3n, una colaboraci\u00f3n entre la Universidad de Valpara\u00edso y Ediciones Ox\u00edmoron, es resultado de la investigaci\u00f3n \u201cMyriam Espinoza Vergara, 50 a\u00f1os dedicados al Teatro Social en Valpara\u00edso. Valoraci\u00f3n de la vida, obra y contribuci\u00f3n a las artes esc\u00e9nicas de la destacada actriz y directora porte\u00f1a\u201d, a cargo de Maritza Far\u00edas Cerpa, acad\u00e9mica de la Escuela de Teatro y Directora del Centro de Investigaciones Art\u00edsticas de la Universidad de Valpara\u00edso CIA-UV, quien trabaj\u00f3 junto a la archivera Fabiola Neira de ARDE Archivos de Arte Memoria de pr\u00e1cticas y procesos. Proyecto financiado por el Fondo de las Artes Esc\u00e9nicas, L\u00ednea Investigaci\u00f3n, Modalidad Archivos Esc\u00e9nicos, Convocatoria 2023.<\/p>\n\n\n\n<figure class=\"wp-block-image aligncenter size-full is-resized\"><img fetchpriority=\"high\" decoding=\"async\" width=\"622\" height=\"945\" src=\"https:\/\/www.valparaisocreativo.cl\/wp-content\/uploads\/2025\/04\/MILITANCIA-TEATRAL.jpeg\" alt=\"\" class=\"wp-image-22724\" style=\"width:299px;height:auto\" srcset=\"https:\/\/dev.antudigital.cl\/sites\/vc\/wp-content\/uploads\/2025\/04\/MILITANCIA-TEATRAL.jpeg 622w, https:\/\/dev.antudigital.cl\/sites\/vc\/wp-content\/uploads\/2025\/04\/MILITANCIA-TEATRAL-197x300.jpeg 197w, https:\/\/dev.antudigital.cl\/sites\/vc\/wp-content\/uploads\/2025\/04\/MILITANCIA-TEATRAL-480x729.jpeg 480w, https:\/\/dev.antudigital.cl\/sites\/vc\/wp-content\/uploads\/2025\/04\/MILITANCIA-TEATRAL-16x24.jpeg 16w, https:\/\/dev.antudigital.cl\/sites\/vc\/wp-content\/uploads\/2025\/04\/MILITANCIA-TEATRAL-24x36.jpeg 24w, https:\/\/dev.antudigital.cl\/sites\/vc\/wp-content\/uploads\/2025\/04\/MILITANCIA-TEATRAL-32x48.jpeg 32w\" sizes=\"(max-width: 622px) 100vw, 622px\" \/><\/figure>\n\n\n\n<p>Con la investigaci\u00f3n y el levantamiento del archivo personal de Myriam Espinoza se da a conocer su desarrollo como directora de la compa\u00f1\u00eda de teatro pol\u00edtico-panfletario La Sebastiana (1978-1988), y de la compa\u00f1\u00eda el CITE, Compa\u00f1\u00eda de Investigaci\u00f3n Teatral (1988 a la fecha). Tambi\u00e9n es relevado su trabajo como docente en el proyecto Escalera Arriba, realizado con estudiantes y titulados de la Escuela de Teatro UV desde el a\u00f1o 2009 hasta la actualidad, as\u00ed como tambi\u00e9n destacar y rescatar su trabajo como docente y directora en la C\u00e1rcel de Valpara\u00edso entre los a\u00f1os 1994-2010 y 2014-2018.&nbsp;<\/p>\n\n\n\n<p><strong>Maritza Far\u00edas, investigadora y editora del libro<\/strong>, se\u00f1ala: \u201cMyriam fue una de las primeras directoras esc\u00e9nicas de la Regi\u00f3n. Tambi\u00e9n fue actriz en muchos montajes que forman parte de la historia del teatro nacional, como \u2018El extra\u00f1o ser con alas\u2019. Su trabajo con Juan Edmundo Gonz\u00e1lez, quien tambi\u00e9n es importante en nuestra historia teatral. Son m\u00e1s de 50 a\u00f1os de carrera los que tiene Myriam, y esos a\u00f1os han atravesado el tiempo de un pa\u00eds, c\u00f3mo las cosas han ido cambiando. Myriam ha visto y vivido mucho y en ella se agrupa una historia encarnada, la historia de un pa\u00eds en su propio cuerpo. Esa es la belleza de las personas consideradas como Tesoros Vivos\u201d.<\/p>\n\n\n\n<p>Sobre el t\u00edtulo, detalla: \u201clo trabajamos con Ismael Rivera, editor de Ox\u00edmoron. Estuvimos varias horas de trabajo pensando y tirando l\u00edneas sobre cu\u00e1l ser\u00eda la palabra espec\u00edfica que diera cuenta de todo el amplio trabajo que ha realizado Myriam en el Teatro. Quer\u00edamos una palabra que fuese fuerte, directa, que cualquier persona que leyese el t\u00edtulo quisiera comprar el libro sin necesidad de conocer a Myriam, sino que hablara de un compromiso con el Teatro. Myriam en las entrevistas ocupaba mucho la palabra compromiso o militancia, y hace todo el sentido, Myriam utiliz\u00f3 las herramientas del Teatro apoyando la candidatura de Allende, hizo Teatro en la Unidad Popular y luch\u00f3 por los Derechos Humanos en la dictadura civil-militar\u201d.&nbsp;<\/p>\n\n\n\n<p><strong>Myriam Espinoza<\/strong>&nbsp;declara: \u201cPara m\u00ed la Militancia Teatral es el compromiso, la rigurosidad, estar con los otros y no claudicar. La siento as\u00ed porque pienso en la militancia, en tiempos de dictadura no pod\u00edamos fallar, todo ten\u00eda que ser justo, a la hora y perfecto, porque hab\u00eda vidas en riesgo. Esa militancia la aplico en la teatralidad, con mucho amor y cari\u00f1o\u201d.&nbsp;&nbsp;<\/p>\n\n\n\n<p><strong>Ismael Rivera, editor de Ox\u00edmoron<\/strong>, comparte: \u201cPara Ediciones Ox\u00edmoron es muy importante la publicaci\u00f3n de este libro porque viene a sellar, de alguna manera, una relaci\u00f3n de a\u00f1os con Valpara\u00edso. Ahora somos una editorial birregional, estamos ubicados tanto en Santiago como en Valpara\u00edso, y qu\u00e9 mejor que potenciar el v\u00ednculo con la ciudad a trav\u00e9s de la publicaci\u00f3n de este libro sobre una mujer de teatro porte\u00f1a, como lo es Myriam Espinoza, y su compromiso con el oficio teatral\u201d.<\/p>\n","protected":false},"excerpt":{"rendered":"<p>El jueves 10 de abril a las 19:00 horas es el lanzamiento de \u201cMilitancia Teatral\u201d, libro que busca poner en valor y registrar el trabajo que la actriz, directora, docente y gestora cultural, Myriam Espinoza Vergara, ha hecho durante 50 a\u00f1os en las artes esc\u00e9nicas.&nbsp;La actividad se realizar\u00e1 en Sala Negra Juan Barattini Carvelli, de [&hellip;]<\/p>\n","protected":false},"author":1,"featured_media":22723,"comment_status":"closed","ping_status":"closed","sticky":false,"template":"","format":"standard","meta":{"_acf_changed":false,"footnotes":""},"categories":[1],"tags":[],"class_list":["post-22721","post","type-post","status-publish","format-standard","has-post-thumbnail","hentry","category-uncategorized"],"acf":[],"yoast_head":"<!-- This site is optimized with the Yoast SEO plugin v27.1.1 - https:\/\/yoast.com\/product\/yoast-seo-wordpress\/ -->\n<title>MILITANCIA TEATRAL: Investigaci\u00f3n sobre el quehacer de Myriam Espinoza se presenta en la Escuela de Teatro UV - Valpara\u00ed\u00adso Creativo<\/title>\n<meta name=\"robots\" content=\"index, follow, max-snippet:-1, max-image-preview:large, max-video-preview:-1\" \/>\n<link rel=\"canonical\" href=\"https:\/\/dev.antudigital.cl\/sites\/vc\/militancia-teatral-investigacion-sobre-el-quehacer-de-myriam-espinoza-se-presenta-en-la-escuela-de-teatro-uv\/\" \/>\n<meta property=\"og:locale\" content=\"es_ES\" \/>\n<meta property=\"og:type\" content=\"article\" \/>\n<meta property=\"og:title\" content=\"MILITANCIA TEATRAL: Investigaci\u00f3n sobre el quehacer de Myriam Espinoza se presenta en la Escuela de Teatro UV - Valpara\u00ed\u00adso Creativo\" \/>\n<meta property=\"og:description\" content=\"El jueves 10 de abril a las 19:00 horas es el lanzamiento de \u201cMilitancia Teatral\u201d, libro que busca poner en valor y registrar el trabajo que la actriz, directora, docente y gestora cultural, Myriam Espinoza Vergara, ha hecho durante 50 a\u00f1os en las artes esc\u00e9nicas.&nbsp;La actividad se realizar\u00e1 en Sala Negra Juan Barattini Carvelli, de [&hellip;]\" \/>\n<meta property=\"og:url\" content=\"https:\/\/dev.antudigital.cl\/sites\/vc\/militancia-teatral-investigacion-sobre-el-quehacer-de-myriam-espinoza-se-presenta-en-la-escuela-de-teatro-uv\/\" \/>\n<meta property=\"og:site_name\" content=\"Valpara\u00ed\u00adso Creativo\" \/>\n<meta property=\"article:published_time\" content=\"2025-04-09T16:32:12+00:00\" \/>\n<meta property=\"article:modified_time\" content=\"2025-04-09T16:33:05+00:00\" \/>\n<meta property=\"og:image\" content=\"https:\/\/dev.antudigital.cl\/sites\/vc\/wp-content\/uploads\/2025\/04\/Teatro-13.jpg\" \/>\n\t<meta property=\"og:image:width\" content=\"1107\" \/>\n\t<meta property=\"og:image:height\" content=\"731\" \/>\n\t<meta property=\"og:image:type\" content=\"image\/jpeg\" \/>\n<meta name=\"author\" content=\"Valpara\u00edso Creativo\" \/>\n<meta name=\"twitter:card\" content=\"summary_large_image\" \/>\n<meta name=\"twitter:label1\" content=\"Escrito por\" \/>\n\t<meta name=\"twitter:data1\" content=\"Valpara\u00edso Creativo\" \/>\n\t<meta name=\"twitter:label2\" content=\"Tiempo de lectura\" \/>\n\t<meta name=\"twitter:data2\" content=\"1 minuto\" \/>\n<script type=\"application\/ld+json\" class=\"yoast-schema-graph\">{\"@context\":\"https:\/\/schema.org\",\"@graph\":[{\"@type\":\"Article\",\"@id\":\"https:\/\/dev.antudigital.cl\/sites\/vc\/militancia-teatral-investigacion-sobre-el-quehacer-de-myriam-espinoza-se-presenta-en-la-escuela-de-teatro-uv\/#article\",\"isPartOf\":{\"@id\":\"https:\/\/dev.antudigital.cl\/sites\/vc\/militancia-teatral-investigacion-sobre-el-quehacer-de-myriam-espinoza-se-presenta-en-la-escuela-de-teatro-uv\/\"},\"author\":{\"name\":\"Valpara\u00edso Creativo\",\"@id\":\"https:\/\/dev.antudigital.cl\/sites\/vc\/#\/schema\/person\/c2b9da8dd545e27166fc5ab232837318\"},\"headline\":\"MILITANCIA TEATRAL: Investigaci\u00f3n sobre el quehacer de Myriam Espinoza se presenta en la Escuela de Teatro UV\",\"datePublished\":\"2025-04-09T16:32:12+00:00\",\"dateModified\":\"2025-04-09T16:33:05+00:00\",\"mainEntityOfPage\":{\"@id\":\"https:\/\/dev.antudigital.cl\/sites\/vc\/militancia-teatral-investigacion-sobre-el-quehacer-de-myriam-espinoza-se-presenta-en-la-escuela-de-teatro-uv\/\"},\"wordCount\":745,\"image\":{\"@id\":\"https:\/\/dev.antudigital.cl\/sites\/vc\/militancia-teatral-investigacion-sobre-el-quehacer-de-myriam-espinoza-se-presenta-en-la-escuela-de-teatro-uv\/#primaryimage\"},\"thumbnailUrl\":\"https:\/\/dev.antudigital.cl\/sites\/vc\/wp-content\/uploads\/2025\/04\/Teatro-13.jpg\",\"articleSection\":[\"Uncategorized\"],\"inLanguage\":\"es\"},{\"@type\":\"WebPage\",\"@id\":\"https:\/\/dev.antudigital.cl\/sites\/vc\/militancia-teatral-investigacion-sobre-el-quehacer-de-myriam-espinoza-se-presenta-en-la-escuela-de-teatro-uv\/\",\"url\":\"https:\/\/dev.antudigital.cl\/sites\/vc\/militancia-teatral-investigacion-sobre-el-quehacer-de-myriam-espinoza-se-presenta-en-la-escuela-de-teatro-uv\/\",\"name\":\"MILITANCIA TEATRAL: Investigaci\u00f3n sobre el quehacer de Myriam Espinoza se presenta en la Escuela de Teatro UV - Valpara\u00ed\u00adso Creativo\",\"isPartOf\":{\"@id\":\"https:\/\/dev.antudigital.cl\/sites\/vc\/#website\"},\"primaryImageOfPage\":{\"@id\":\"https:\/\/dev.antudigital.cl\/sites\/vc\/militancia-teatral-investigacion-sobre-el-quehacer-de-myriam-espinoza-se-presenta-en-la-escuela-de-teatro-uv\/#primaryimage\"},\"image\":{\"@id\":\"https:\/\/dev.antudigital.cl\/sites\/vc\/militancia-teatral-investigacion-sobre-el-quehacer-de-myriam-espinoza-se-presenta-en-la-escuela-de-teatro-uv\/#primaryimage\"},\"thumbnailUrl\":\"https:\/\/dev.antudigital.cl\/sites\/vc\/wp-content\/uploads\/2025\/04\/Teatro-13.jpg\",\"datePublished\":\"2025-04-09T16:32:12+00:00\",\"dateModified\":\"2025-04-09T16:33:05+00:00\",\"author\":{\"@id\":\"https:\/\/dev.antudigital.cl\/sites\/vc\/#\/schema\/person\/c2b9da8dd545e27166fc5ab232837318\"},\"breadcrumb\":{\"@id\":\"https:\/\/dev.antudigital.cl\/sites\/vc\/militancia-teatral-investigacion-sobre-el-quehacer-de-myriam-espinoza-se-presenta-en-la-escuela-de-teatro-uv\/#breadcrumb\"},\"inLanguage\":\"es\",\"potentialAction\":[{\"@type\":\"ReadAction\",\"target\":[\"https:\/\/dev.antudigital.cl\/sites\/vc\/militancia-teatral-investigacion-sobre-el-quehacer-de-myriam-espinoza-se-presenta-en-la-escuela-de-teatro-uv\/\"]}]},{\"@type\":\"ImageObject\",\"inLanguage\":\"es\",\"@id\":\"https:\/\/dev.antudigital.cl\/sites\/vc\/militancia-teatral-investigacion-sobre-el-quehacer-de-myriam-espinoza-se-presenta-en-la-escuela-de-teatro-uv\/#primaryimage\",\"url\":\"https:\/\/dev.antudigital.cl\/sites\/vc\/wp-content\/uploads\/2025\/04\/Teatro-13.jpg\",\"contentUrl\":\"https:\/\/dev.antudigital.cl\/sites\/vc\/wp-content\/uploads\/2025\/04\/Teatro-13.jpg\",\"width\":1107,\"height\":731},{\"@type\":\"BreadcrumbList\",\"@id\":\"https:\/\/dev.antudigital.cl\/sites\/vc\/militancia-teatral-investigacion-sobre-el-quehacer-de-myriam-espinoza-se-presenta-en-la-escuela-de-teatro-uv\/#breadcrumb\",\"itemListElement\":[{\"@type\":\"ListItem\",\"position\":1,\"name\":\"Home\",\"item\":\"https:\/\/dev.antudigital.cl\/sites\/vc\/\"},{\"@type\":\"ListItem\",\"position\":2,\"name\":\"MILITANCIA TEATRAL: Investigaci\u00f3n sobre el quehacer de Myriam Espinoza se presenta en la Escuela de Teatro UV\"}]},{\"@type\":\"WebSite\",\"@id\":\"https:\/\/dev.antudigital.cl\/sites\/vc\/#website\",\"url\":\"https:\/\/dev.antudigital.cl\/sites\/vc\/\",\"name\":\"Valpara\u00ed\u00adso Creativo\",\"description\":\"\",\"potentialAction\":[{\"@type\":\"SearchAction\",\"target\":{\"@type\":\"EntryPoint\",\"urlTemplate\":\"https:\/\/dev.antudigital.cl\/sites\/vc\/?s={search_term_string}\"},\"query-input\":{\"@type\":\"PropertyValueSpecification\",\"valueRequired\":true,\"valueName\":\"search_term_string\"}}],\"inLanguage\":\"es\"},{\"@type\":\"Person\",\"@id\":\"https:\/\/dev.antudigital.cl\/sites\/vc\/#\/schema\/person\/c2b9da8dd545e27166fc5ab232837318\",\"name\":\"Valpara\u00edso Creativo\",\"description\":\"Periodista de cultura en la Regi\u00f3n de Valpara\u00edso.\",\"url\":\"https:\/\/dev.antudigital.cl\/sites\/vc\/author\/valpoadmin\/\"}]}<\/script>\n<!-- \/ Yoast SEO plugin. -->","yoast_head_json":{"title":"MILITANCIA TEATRAL: Investigaci\u00f3n sobre el quehacer de Myriam Espinoza se presenta en la Escuela de Teatro UV - Valpara\u00ed\u00adso Creativo","robots":{"index":"index","follow":"follow","max-snippet":"max-snippet:-1","max-image-preview":"max-image-preview:large","max-video-preview":"max-video-preview:-1"},"canonical":"https:\/\/dev.antudigital.cl\/sites\/vc\/militancia-teatral-investigacion-sobre-el-quehacer-de-myriam-espinoza-se-presenta-en-la-escuela-de-teatro-uv\/","og_locale":"es_ES","og_type":"article","og_title":"MILITANCIA TEATRAL: Investigaci\u00f3n sobre el quehacer de Myriam Espinoza se presenta en la Escuela de Teatro UV - Valpara\u00ed\u00adso Creativo","og_description":"El jueves 10 de abril a las 19:00 horas es el lanzamiento de \u201cMilitancia Teatral\u201d, libro que busca poner en valor y registrar el trabajo que la actriz, directora, docente y gestora cultural, Myriam Espinoza Vergara, ha hecho durante 50 a\u00f1os en las artes esc\u00e9nicas.&nbsp;La actividad se realizar\u00e1 en Sala Negra Juan Barattini Carvelli, de [&hellip;]","og_url":"https:\/\/dev.antudigital.cl\/sites\/vc\/militancia-teatral-investigacion-sobre-el-quehacer-de-myriam-espinoza-se-presenta-en-la-escuela-de-teatro-uv\/","og_site_name":"Valpara\u00ed\u00adso Creativo","article_published_time":"2025-04-09T16:32:12+00:00","article_modified_time":"2025-04-09T16:33:05+00:00","og_image":[{"width":1107,"height":731,"url":"https:\/\/dev.antudigital.cl\/sites\/vc\/wp-content\/uploads\/2025\/04\/Teatro-13.jpg","type":"image\/jpeg"}],"author":"Valpara\u00edso Creativo","twitter_card":"summary_large_image","twitter_misc":{"Escrito por":"Valpara\u00edso Creativo","Tiempo de lectura":"1 minuto"},"schema":{"@context":"https:\/\/schema.org","@graph":[{"@type":"Article","@id":"https:\/\/dev.antudigital.cl\/sites\/vc\/militancia-teatral-investigacion-sobre-el-quehacer-de-myriam-espinoza-se-presenta-en-la-escuela-de-teatro-uv\/#article","isPartOf":{"@id":"https:\/\/dev.antudigital.cl\/sites\/vc\/militancia-teatral-investigacion-sobre-el-quehacer-de-myriam-espinoza-se-presenta-en-la-escuela-de-teatro-uv\/"},"author":{"name":"Valpara\u00edso Creativo","@id":"https:\/\/dev.antudigital.cl\/sites\/vc\/#\/schema\/person\/c2b9da8dd545e27166fc5ab232837318"},"headline":"MILITANCIA TEATRAL: Investigaci\u00f3n sobre el quehacer de Myriam Espinoza se presenta en la Escuela de Teatro UV","datePublished":"2025-04-09T16:32:12+00:00","dateModified":"2025-04-09T16:33:05+00:00","mainEntityOfPage":{"@id":"https:\/\/dev.antudigital.cl\/sites\/vc\/militancia-teatral-investigacion-sobre-el-quehacer-de-myriam-espinoza-se-presenta-en-la-escuela-de-teatro-uv\/"},"wordCount":745,"image":{"@id":"https:\/\/dev.antudigital.cl\/sites\/vc\/militancia-teatral-investigacion-sobre-el-quehacer-de-myriam-espinoza-se-presenta-en-la-escuela-de-teatro-uv\/#primaryimage"},"thumbnailUrl":"https:\/\/dev.antudigital.cl\/sites\/vc\/wp-content\/uploads\/2025\/04\/Teatro-13.jpg","articleSection":["Uncategorized"],"inLanguage":"es"},{"@type":"WebPage","@id":"https:\/\/dev.antudigital.cl\/sites\/vc\/militancia-teatral-investigacion-sobre-el-quehacer-de-myriam-espinoza-se-presenta-en-la-escuela-de-teatro-uv\/","url":"https:\/\/dev.antudigital.cl\/sites\/vc\/militancia-teatral-investigacion-sobre-el-quehacer-de-myriam-espinoza-se-presenta-en-la-escuela-de-teatro-uv\/","name":"MILITANCIA TEATRAL: Investigaci\u00f3n sobre el quehacer de Myriam Espinoza se presenta en la Escuela de Teatro UV - Valpara\u00ed\u00adso Creativo","isPartOf":{"@id":"https:\/\/dev.antudigital.cl\/sites\/vc\/#website"},"primaryImageOfPage":{"@id":"https:\/\/dev.antudigital.cl\/sites\/vc\/militancia-teatral-investigacion-sobre-el-quehacer-de-myriam-espinoza-se-presenta-en-la-escuela-de-teatro-uv\/#primaryimage"},"image":{"@id":"https:\/\/dev.antudigital.cl\/sites\/vc\/militancia-teatral-investigacion-sobre-el-quehacer-de-myriam-espinoza-se-presenta-en-la-escuela-de-teatro-uv\/#primaryimage"},"thumbnailUrl":"https:\/\/dev.antudigital.cl\/sites\/vc\/wp-content\/uploads\/2025\/04\/Teatro-13.jpg","datePublished":"2025-04-09T16:32:12+00:00","dateModified":"2025-04-09T16:33:05+00:00","author":{"@id":"https:\/\/dev.antudigital.cl\/sites\/vc\/#\/schema\/person\/c2b9da8dd545e27166fc5ab232837318"},"breadcrumb":{"@id":"https:\/\/dev.antudigital.cl\/sites\/vc\/militancia-teatral-investigacion-sobre-el-quehacer-de-myriam-espinoza-se-presenta-en-la-escuela-de-teatro-uv\/#breadcrumb"},"inLanguage":"es","potentialAction":[{"@type":"ReadAction","target":["https:\/\/dev.antudigital.cl\/sites\/vc\/militancia-teatral-investigacion-sobre-el-quehacer-de-myriam-espinoza-se-presenta-en-la-escuela-de-teatro-uv\/"]}]},{"@type":"ImageObject","inLanguage":"es","@id":"https:\/\/dev.antudigital.cl\/sites\/vc\/militancia-teatral-investigacion-sobre-el-quehacer-de-myriam-espinoza-se-presenta-en-la-escuela-de-teatro-uv\/#primaryimage","url":"https:\/\/dev.antudigital.cl\/sites\/vc\/wp-content\/uploads\/2025\/04\/Teatro-13.jpg","contentUrl":"https:\/\/dev.antudigital.cl\/sites\/vc\/wp-content\/uploads\/2025\/04\/Teatro-13.jpg","width":1107,"height":731},{"@type":"BreadcrumbList","@id":"https:\/\/dev.antudigital.cl\/sites\/vc\/militancia-teatral-investigacion-sobre-el-quehacer-de-myriam-espinoza-se-presenta-en-la-escuela-de-teatro-uv\/#breadcrumb","itemListElement":[{"@type":"ListItem","position":1,"name":"Home","item":"https:\/\/dev.antudigital.cl\/sites\/vc\/"},{"@type":"ListItem","position":2,"name":"MILITANCIA TEATRAL: Investigaci\u00f3n sobre el quehacer de Myriam Espinoza se presenta en la Escuela de Teatro UV"}]},{"@type":"WebSite","@id":"https:\/\/dev.antudigital.cl\/sites\/vc\/#website","url":"https:\/\/dev.antudigital.cl\/sites\/vc\/","name":"Valpara\u00ed\u00adso Creativo","description":"","potentialAction":[{"@type":"SearchAction","target":{"@type":"EntryPoint","urlTemplate":"https:\/\/dev.antudigital.cl\/sites\/vc\/?s={search_term_string}"},"query-input":{"@type":"PropertyValueSpecification","valueRequired":true,"valueName":"search_term_string"}}],"inLanguage":"es"},{"@type":"Person","@id":"https:\/\/dev.antudigital.cl\/sites\/vc\/#\/schema\/person\/c2b9da8dd545e27166fc5ab232837318","name":"Valpara\u00edso Creativo","description":"Periodista de cultura en la Regi\u00f3n de Valpara\u00edso.","url":"https:\/\/dev.antudigital.cl\/sites\/vc\/author\/valpoadmin\/"}]}},"_links":{"self":[{"href":"https:\/\/dev.antudigital.cl\/sites\/vc\/wp-json\/wp\/v2\/posts\/22721","targetHints":{"allow":["GET"]}}],"collection":[{"href":"https:\/\/dev.antudigital.cl\/sites\/vc\/wp-json\/wp\/v2\/posts"}],"about":[{"href":"https:\/\/dev.antudigital.cl\/sites\/vc\/wp-json\/wp\/v2\/types\/post"}],"author":[{"embeddable":true,"href":"https:\/\/dev.antudigital.cl\/sites\/vc\/wp-json\/wp\/v2\/users\/1"}],"replies":[{"embeddable":true,"href":"https:\/\/dev.antudigital.cl\/sites\/vc\/wp-json\/wp\/v2\/comments?post=22721"}],"version-history":[{"count":2,"href":"https:\/\/dev.antudigital.cl\/sites\/vc\/wp-json\/wp\/v2\/posts\/22721\/revisions"}],"predecessor-version":[{"id":22725,"href":"https:\/\/dev.antudigital.cl\/sites\/vc\/wp-json\/wp\/v2\/posts\/22721\/revisions\/22725"}],"wp:featuredmedia":[{"embeddable":true,"href":"https:\/\/dev.antudigital.cl\/sites\/vc\/wp-json\/wp\/v2\/media\/22723"}],"wp:attachment":[{"href":"https:\/\/dev.antudigital.cl\/sites\/vc\/wp-json\/wp\/v2\/media?parent=22721"}],"wp:term":[{"taxonomy":"category","embeddable":true,"href":"https:\/\/dev.antudigital.cl\/sites\/vc\/wp-json\/wp\/v2\/categories?post=22721"},{"taxonomy":"post_tag","embeddable":true,"href":"https:\/\/dev.antudigital.cl\/sites\/vc\/wp-json\/wp\/v2\/tags?post=22721"}],"curies":[{"name":"wp","href":"https:\/\/api.w.org\/{rel}","templated":true}]}}