{"id":22764,"date":"2025-04-14T13:31:46","date_gmt":"2025-04-14T13:31:46","guid":{"rendered":"https:\/\/www.valparaisocreativo.cl\/?p=22764"},"modified":"2025-04-14T13:32:08","modified_gmt":"2025-04-14T13:32:08","slug":"en-historico-y-gratuito-concierto-mauricio-redoles-conmemora-50-anos-de-carrera-en-ex-carcel-de-valparaiso","status":"publish","type":"post","link":"https:\/\/dev.antudigital.cl\/sites\/vc\/en-historico-y-gratuito-concierto-mauricio-redoles-conmemora-50-anos-de-carrera-en-ex-carcel-de-valparaiso\/","title":{"rendered":"En hist\u00f3rico y gratuito concierto, Mauricio Redol\u00e9s conmemora 50 a\u00f1os de carrera en Ex C\u00e1rcel de Valpara\u00edso"},"content":{"rendered":"\n<p>A pasos del lugar que en plena dictadura fue su celda y donde cant\u00f3 por primera vez en p\u00fablico -la ex C\u00e1rcel P\u00fablica hoy Parque Cultural de Valpara\u00edso-, Mauricio Redol\u00e9s conmemorar\u00e1 sus 50 a\u00f1os de carrera musical. Este concierto gratuito, en el coraz\u00f3n de Valpara\u00edso, forma parte de la programaci\u00f3n de los 10 a\u00f1os de la Unidad de Cultura, Memoria y Derechos Humanos del Ministerio de las Culturas y se realizar\u00e1 en el Teatro de PCdV, uno de los espacios culturales m\u00e1s importantes de la Regi\u00f3n de Valpara\u00edso, inaugurado oficialmente el a\u00f1o 2012 y declarado Sitio de Memoria por el Estado de Chile en 2019.<\/p>\n\n\n\n<p>.<\/p>\n\n\n\n<p>Tal como el mismo lo ha se\u00f1alado, fue un primero de mayo de 1975, cuando estando en una peque\u00f1a celda de la entonces C\u00e1rcel P\u00fablica de Valpara\u00edso, comenz\u00f3 a cantar acompa\u00f1ado de una guitarra y una reducida audiencia de presos pol\u00edticos. Con el pretexto de celebrar el aniversario de un club deportivo, conmemoraron el D\u00eda Internacional de las y los Trabajadores, cantando desde su encierro.<\/p>\n\n\n\n<p>Cincuenta a\u00f1os m\u00e1s tarde, el m\u00fasico y poeta chileno junto a su conjunto musical Lavanda, se traslada a este mismo lugar, hoy Parque Cultural de Valpara\u00edso, Sitio de la Memoria y espacio p\u00fablico con tres siglos de historia, para conmemorar su trayectoria art\u00edstica y la memoria colectiva.<\/p>\n\n\n\n<p><strong>Para Mauricio Redol\u00e9s<\/strong><em>, \u201cser\u00e1 una jornada cargada de historia y emoci\u00f3n, en la que, medio siglo despu\u00e9s, me reencontrar\u00e9 con parte de mi historia y la de centenares de chilenos y chilenas que tambi\u00e9n fueron detenidos y torturados en este y otros centros de detenci\u00f3n del pa\u00eds\u201d.<\/em><\/p>\n\n\n\n<p>En calidad de anfitriones, estar\u00e1n presentes&nbsp;<strong>Haydee Oberreuter y Tito Tricot<\/strong>, adem\u00e1s de&nbsp;<strong>German \u00abLukax\u00bb Santana<\/strong>&nbsp;en percusiones, todos expresos pol\u00edticos, sobrevivientes de la dictadura civil militar de 1973.<\/p>\n\n\n\n<p>La presentaci\u00f3n ser\u00e1 el<strong>&nbsp;s\u00e1bado 3 de mayo<\/strong>&nbsp;desde las&nbsp;<strong>18:00 horas&nbsp;<\/strong>en el&nbsp;<strong>teatro del Parque Cultural de Valpara\u00edso<\/strong>. La&nbsp;<strong>entrada es gratuita<\/strong>&nbsp;y se puede reservar en&nbsp;<a href=\"http:\/\/www.portaldisc.cl\/\" target=\"_blank\" rel=\"noreferrer noopener\">www.portaldisc.cl<\/a>&nbsp;o retirando invitaciones en el Ministerio de las Culturas, calle Sotomayor #233, Valpara\u00edso.&nbsp;<\/p>\n\n\n\n<p><strong>Por la Memoria y los Derechos Humanos<\/strong><\/p>\n\n\n\n<p>Asimismo, el encuentro se enmarca en la programaci\u00f3n de la Unidad de Cultura, Memoria y Derechos Humanos del Ministerio de las Culturas, las Artes y el Patrimonio, que cumple diez a\u00f1os de ejercicio de pol\u00edticas p\u00fablicas, alcanzando importantes hitos y contribuyendo de manera activa al fomento de los derechos humanos en el pa\u00eds.<\/p>\n\n\n\n<p>Como unidad han promovido ciclos de formaci\u00f3n destinados a fortalecer las capacidades de las agrupaciones de derechos humanos, han desarrollado proyectos art\u00edsticos culturales en asociaci\u00f3n con sitios de memoria haciendo que estas iniciativas se conviertan en herramientas efectivas de reparaci\u00f3n, divulgaci\u00f3n y reconocimiento de la memoria hist\u00f3rica.<\/p>\n\n\n\n<p><em>\u201cPara nuestra unidad es un honor poder colaborar en este concierto de Mauricio Redoles quien ha representado la dignidad de las memorias y las artes en estos 50 a\u00f1os de m\u00fasica y poes\u00eda. Ha sido un trayecto repleto de aprendizajes y significativo que sea en la Ex C\u00e1rcel en su camino de reafirmar su condici\u00f3n de sitio de memoria\u201d,<\/em>&nbsp;se\u00f1al\u00f3 Francia Jamett, Encargada Nacional unidad de Memoria y DDHH Subsecretar\u00eda de las Culturas.<\/p>\n\n\n\n<p>Consultada al respecto,&nbsp;<strong>la presidenta del directorio de PCdV, Gianina Figueroa,<\/strong>&nbsp;se\u00f1al\u00f3 que&nbsp;<em>\u201cPara Parque Cultural de Valpara\u00edso, un centro que ha logrado pasar desde el dolor como ex C\u00e1rcel P\u00fablica, a un espacio de encuentro con las Artes y la Cultura, ofreciendo a las y los artistas un lugar para su desarrollo y crecimiento y, a las comunidades, &nbsp;la posibilidad de vincularse con diversas disciplinas, este concierto tiene un enorme valor y trascendencia, pues representa ese viaje necesario y enriquecedor como colectivo, pero siempre rescatando el valor y relevancia de la Memoria\u201d.<\/em><\/p>\n\n\n\n<p><strong>Repertorio 50 a\u00f1os<\/strong><\/p>\n\n\n\n<p>Mauricio Redol\u00e9s tocar\u00e1 temas de los m\u00edticos \u00e1lbumes \u00abBello Barrio\u00bb (1987) y \u00ab\u00bfQui\u00e9n mat\u00f3 a Gaete?\u00bb (1996), adem\u00e1s de \u00abOne, Two, Tres, Cuatro\u00bb, con el cual Mauricio gan\u00f3 tres premios Altazor.&nbsp; \u00abGaete\u00bb, simb\u00f3lico \u00e1lbum de los 90, estar\u00e1 muy presente en el concierto tras ser elegido como uno de los mejores discos chilenos por la revista Rolling Stone y el libro de los 200 mejores discos del rock chileno.<\/p>\n\n\n\n<p>Adem\u00e1s, acompa\u00f1ado de banda completa con bloque de bronces, guitarra, bajo, bater\u00eda, acorde\u00f3n y percusiones, Mauricio Redol\u00e9s mostrar\u00e1 las principales canciones de \u00abRedol\u00e9s Lavanda\u00bb (2024). Un disco que transita por el blues, el rock, el tango, la cueca, el punk, la cumbia, los corridos, los ritmos afroperuanos, integrando tambi\u00e9n aires de m\u00fasica balc\u00e1nica y de m\u00fasica griega, consolid\u00e1ndose como un documento de creatividad y vigencia de un artista fundamental para la cultura chilena.<\/p>\n","protected":false},"excerpt":{"rendered":"<p>A pasos del lugar que en plena dictadura fue su celda y donde cant\u00f3 por primera vez en p\u00fablico -la ex C\u00e1rcel P\u00fablica hoy Parque Cultural de Valpara\u00edso-, Mauricio Redol\u00e9s conmemorar\u00e1 sus 50 a\u00f1os de carrera musical. Este concierto gratuito, en el coraz\u00f3n de Valpara\u00edso, forma parte de la programaci\u00f3n de los 10 a\u00f1os de [&hellip;]<\/p>\n","protected":false},"author":1,"featured_media":22765,"comment_status":"closed","ping_status":"closed","sticky":false,"template":"","format":"standard","meta":{"_acf_changed":false,"footnotes":""},"categories":[8],"tags":[],"class_list":["post-22764","post","type-post","status-publish","format-standard","has-post-thumbnail","hentry","category-noticia"],"acf":[],"yoast_head":"<!-- This site is optimized with the Yoast SEO plugin v27.1.1 - https:\/\/yoast.com\/product\/yoast-seo-wordpress\/ -->\n<title>En hist\u00f3rico y gratuito concierto, Mauricio Redol\u00e9s conmemora 50 a\u00f1os de carrera en Ex C\u00e1rcel de Valpara\u00edso - Valpara\u00ed\u00adso Creativo<\/title>\n<meta name=\"robots\" content=\"index, follow, max-snippet:-1, max-image-preview:large, max-video-preview:-1\" \/>\n<link rel=\"canonical\" href=\"https:\/\/dev.antudigital.cl\/sites\/vc\/en-historico-y-gratuito-concierto-mauricio-redoles-conmemora-50-anos-de-carrera-en-ex-carcel-de-valparaiso\/\" \/>\n<meta property=\"og:locale\" content=\"es_ES\" \/>\n<meta property=\"og:type\" content=\"article\" \/>\n<meta property=\"og:title\" content=\"En hist\u00f3rico y gratuito concierto, Mauricio Redol\u00e9s conmemora 50 a\u00f1os de carrera en Ex C\u00e1rcel de Valpara\u00edso - Valpara\u00ed\u00adso Creativo\" \/>\n<meta property=\"og:description\" content=\"A pasos del lugar que en plena dictadura fue su celda y donde cant\u00f3 por primera vez en p\u00fablico -la ex C\u00e1rcel P\u00fablica hoy Parque Cultural de Valpara\u00edso-, Mauricio Redol\u00e9s conmemorar\u00e1 sus 50 a\u00f1os de carrera musical. Este concierto gratuito, en el coraz\u00f3n de Valpara\u00edso, forma parte de la programaci\u00f3n de los 10 a\u00f1os de [&hellip;]\" \/>\n<meta property=\"og:url\" content=\"https:\/\/dev.antudigital.cl\/sites\/vc\/en-historico-y-gratuito-concierto-mauricio-redoles-conmemora-50-anos-de-carrera-en-ex-carcel-de-valparaiso\/\" \/>\n<meta property=\"og:site_name\" content=\"Valpara\u00ed\u00adso Creativo\" \/>\n<meta property=\"article:published_time\" content=\"2025-04-14T13:31:46+00:00\" \/>\n<meta property=\"article:modified_time\" content=\"2025-04-14T13:32:08+00:00\" \/>\n<meta property=\"og:image\" content=\"https:\/\/dev.antudigital.cl\/sites\/vc\/wp-content\/uploads\/2025\/04\/redoles-2-scaled.jpeg\" \/>\n\t<meta property=\"og:image:width\" content=\"2560\" \/>\n\t<meta property=\"og:image:height\" content=\"1920\" \/>\n\t<meta property=\"og:image:type\" content=\"image\/jpeg\" \/>\n<meta name=\"author\" content=\"Valpara\u00edso Creativo\" \/>\n<meta name=\"twitter:card\" content=\"summary_large_image\" \/>\n<meta name=\"twitter:label1\" content=\"Escrito por\" \/>\n\t<meta name=\"twitter:data1\" content=\"Valpara\u00edso Creativo\" \/>\n\t<meta name=\"twitter:label2\" content=\"Tiempo de lectura\" \/>\n\t<meta name=\"twitter:data2\" content=\"4 minutos\" \/>\n<script type=\"application\/ld+json\" class=\"yoast-schema-graph\">{\"@context\":\"https:\/\/schema.org\",\"@graph\":[{\"@type\":\"Article\",\"@id\":\"https:\/\/dev.antudigital.cl\/sites\/vc\/en-historico-y-gratuito-concierto-mauricio-redoles-conmemora-50-anos-de-carrera-en-ex-carcel-de-valparaiso\/#article\",\"isPartOf\":{\"@id\":\"https:\/\/dev.antudigital.cl\/sites\/vc\/en-historico-y-gratuito-concierto-mauricio-redoles-conmemora-50-anos-de-carrera-en-ex-carcel-de-valparaiso\/\"},\"author\":{\"name\":\"Valpara\u00edso Creativo\",\"@id\":\"https:\/\/dev.antudigital.cl\/sites\/vc\/#\/schema\/person\/c2b9da8dd545e27166fc5ab232837318\"},\"headline\":\"En hist\u00f3rico y gratuito concierto, Mauricio Redol\u00e9s conmemora 50 a\u00f1os de carrera en Ex C\u00e1rcel de Valpara\u00edso\",\"datePublished\":\"2025-04-14T13:31:46+00:00\",\"dateModified\":\"2025-04-14T13:32:08+00:00\",\"mainEntityOfPage\":{\"@id\":\"https:\/\/dev.antudigital.cl\/sites\/vc\/en-historico-y-gratuito-concierto-mauricio-redoles-conmemora-50-anos-de-carrera-en-ex-carcel-de-valparaiso\/\"},\"wordCount\":860,\"image\":{\"@id\":\"https:\/\/dev.antudigital.cl\/sites\/vc\/en-historico-y-gratuito-concierto-mauricio-redoles-conmemora-50-anos-de-carrera-en-ex-carcel-de-valparaiso\/#primaryimage\"},\"thumbnailUrl\":\"https:\/\/dev.antudigital.cl\/sites\/vc\/wp-content\/uploads\/2025\/04\/redoles-2-scaled.jpeg\",\"articleSection\":[\"Noticia\"],\"inLanguage\":\"es\"},{\"@type\":\"WebPage\",\"@id\":\"https:\/\/dev.antudigital.cl\/sites\/vc\/en-historico-y-gratuito-concierto-mauricio-redoles-conmemora-50-anos-de-carrera-en-ex-carcel-de-valparaiso\/\",\"url\":\"https:\/\/dev.antudigital.cl\/sites\/vc\/en-historico-y-gratuito-concierto-mauricio-redoles-conmemora-50-anos-de-carrera-en-ex-carcel-de-valparaiso\/\",\"name\":\"En hist\u00f3rico y gratuito concierto, Mauricio Redol\u00e9s conmemora 50 a\u00f1os de carrera en Ex C\u00e1rcel de Valpara\u00edso - Valpara\u00ed\u00adso Creativo\",\"isPartOf\":{\"@id\":\"https:\/\/dev.antudigital.cl\/sites\/vc\/#website\"},\"primaryImageOfPage\":{\"@id\":\"https:\/\/dev.antudigital.cl\/sites\/vc\/en-historico-y-gratuito-concierto-mauricio-redoles-conmemora-50-anos-de-carrera-en-ex-carcel-de-valparaiso\/#primaryimage\"},\"image\":{\"@id\":\"https:\/\/dev.antudigital.cl\/sites\/vc\/en-historico-y-gratuito-concierto-mauricio-redoles-conmemora-50-anos-de-carrera-en-ex-carcel-de-valparaiso\/#primaryimage\"},\"thumbnailUrl\":\"https:\/\/dev.antudigital.cl\/sites\/vc\/wp-content\/uploads\/2025\/04\/redoles-2-scaled.jpeg\",\"datePublished\":\"2025-04-14T13:31:46+00:00\",\"dateModified\":\"2025-04-14T13:32:08+00:00\",\"author\":{\"@id\":\"https:\/\/dev.antudigital.cl\/sites\/vc\/#\/schema\/person\/c2b9da8dd545e27166fc5ab232837318\"},\"breadcrumb\":{\"@id\":\"https:\/\/dev.antudigital.cl\/sites\/vc\/en-historico-y-gratuito-concierto-mauricio-redoles-conmemora-50-anos-de-carrera-en-ex-carcel-de-valparaiso\/#breadcrumb\"},\"inLanguage\":\"es\",\"potentialAction\":[{\"@type\":\"ReadAction\",\"target\":[\"https:\/\/dev.antudigital.cl\/sites\/vc\/en-historico-y-gratuito-concierto-mauricio-redoles-conmemora-50-anos-de-carrera-en-ex-carcel-de-valparaiso\/\"]}]},{\"@type\":\"ImageObject\",\"inLanguage\":\"es\",\"@id\":\"https:\/\/dev.antudigital.cl\/sites\/vc\/en-historico-y-gratuito-concierto-mauricio-redoles-conmemora-50-anos-de-carrera-en-ex-carcel-de-valparaiso\/#primaryimage\",\"url\":\"https:\/\/dev.antudigital.cl\/sites\/vc\/wp-content\/uploads\/2025\/04\/redoles-2-scaled.jpeg\",\"contentUrl\":\"https:\/\/dev.antudigital.cl\/sites\/vc\/wp-content\/uploads\/2025\/04\/redoles-2-scaled.jpeg\",\"width\":2560,\"height\":1920},{\"@type\":\"BreadcrumbList\",\"@id\":\"https:\/\/dev.antudigital.cl\/sites\/vc\/en-historico-y-gratuito-concierto-mauricio-redoles-conmemora-50-anos-de-carrera-en-ex-carcel-de-valparaiso\/#breadcrumb\",\"itemListElement\":[{\"@type\":\"ListItem\",\"position\":1,\"name\":\"Home\",\"item\":\"https:\/\/dev.antudigital.cl\/sites\/vc\/\"},{\"@type\":\"ListItem\",\"position\":2,\"name\":\"En hist\u00f3rico y gratuito concierto, Mauricio Redol\u00e9s conmemora 50 a\u00f1os de carrera en Ex C\u00e1rcel de Valpara\u00edso\"}]},{\"@type\":\"WebSite\",\"@id\":\"https:\/\/dev.antudigital.cl\/sites\/vc\/#website\",\"url\":\"https:\/\/dev.antudigital.cl\/sites\/vc\/\",\"name\":\"Valpara\u00ed\u00adso Creativo\",\"description\":\"\",\"potentialAction\":[{\"@type\":\"SearchAction\",\"target\":{\"@type\":\"EntryPoint\",\"urlTemplate\":\"https:\/\/dev.antudigital.cl\/sites\/vc\/?s={search_term_string}\"},\"query-input\":{\"@type\":\"PropertyValueSpecification\",\"valueRequired\":true,\"valueName\":\"search_term_string\"}}],\"inLanguage\":\"es\"},{\"@type\":\"Person\",\"@id\":\"https:\/\/dev.antudigital.cl\/sites\/vc\/#\/schema\/person\/c2b9da8dd545e27166fc5ab232837318\",\"name\":\"Valpara\u00edso Creativo\",\"description\":\"Periodista de cultura en la Regi\u00f3n de Valpara\u00edso.\",\"url\":\"https:\/\/dev.antudigital.cl\/sites\/vc\/author\/valpoadmin\/\"}]}<\/script>\n<!-- \/ Yoast SEO plugin. -->","yoast_head_json":{"title":"En hist\u00f3rico y gratuito concierto, Mauricio Redol\u00e9s conmemora 50 a\u00f1os de carrera en Ex C\u00e1rcel de Valpara\u00edso - Valpara\u00ed\u00adso Creativo","robots":{"index":"index","follow":"follow","max-snippet":"max-snippet:-1","max-image-preview":"max-image-preview:large","max-video-preview":"max-video-preview:-1"},"canonical":"https:\/\/dev.antudigital.cl\/sites\/vc\/en-historico-y-gratuito-concierto-mauricio-redoles-conmemora-50-anos-de-carrera-en-ex-carcel-de-valparaiso\/","og_locale":"es_ES","og_type":"article","og_title":"En hist\u00f3rico y gratuito concierto, Mauricio Redol\u00e9s conmemora 50 a\u00f1os de carrera en Ex C\u00e1rcel de Valpara\u00edso - Valpara\u00ed\u00adso Creativo","og_description":"A pasos del lugar que en plena dictadura fue su celda y donde cant\u00f3 por primera vez en p\u00fablico -la ex C\u00e1rcel P\u00fablica hoy Parque Cultural de Valpara\u00edso-, Mauricio Redol\u00e9s conmemorar\u00e1 sus 50 a\u00f1os de carrera musical. Este concierto gratuito, en el coraz\u00f3n de Valpara\u00edso, forma parte de la programaci\u00f3n de los 10 a\u00f1os de [&hellip;]","og_url":"https:\/\/dev.antudigital.cl\/sites\/vc\/en-historico-y-gratuito-concierto-mauricio-redoles-conmemora-50-anos-de-carrera-en-ex-carcel-de-valparaiso\/","og_site_name":"Valpara\u00ed\u00adso Creativo","article_published_time":"2025-04-14T13:31:46+00:00","article_modified_time":"2025-04-14T13:32:08+00:00","og_image":[{"width":2560,"height":1920,"url":"https:\/\/dev.antudigital.cl\/sites\/vc\/wp-content\/uploads\/2025\/04\/redoles-2-scaled.jpeg","type":"image\/jpeg"}],"author":"Valpara\u00edso Creativo","twitter_card":"summary_large_image","twitter_misc":{"Escrito por":"Valpara\u00edso Creativo","Tiempo de lectura":"4 minutos"},"schema":{"@context":"https:\/\/schema.org","@graph":[{"@type":"Article","@id":"https:\/\/dev.antudigital.cl\/sites\/vc\/en-historico-y-gratuito-concierto-mauricio-redoles-conmemora-50-anos-de-carrera-en-ex-carcel-de-valparaiso\/#article","isPartOf":{"@id":"https:\/\/dev.antudigital.cl\/sites\/vc\/en-historico-y-gratuito-concierto-mauricio-redoles-conmemora-50-anos-de-carrera-en-ex-carcel-de-valparaiso\/"},"author":{"name":"Valpara\u00edso Creativo","@id":"https:\/\/dev.antudigital.cl\/sites\/vc\/#\/schema\/person\/c2b9da8dd545e27166fc5ab232837318"},"headline":"En hist\u00f3rico y gratuito concierto, Mauricio Redol\u00e9s conmemora 50 a\u00f1os de carrera en Ex C\u00e1rcel de Valpara\u00edso","datePublished":"2025-04-14T13:31:46+00:00","dateModified":"2025-04-14T13:32:08+00:00","mainEntityOfPage":{"@id":"https:\/\/dev.antudigital.cl\/sites\/vc\/en-historico-y-gratuito-concierto-mauricio-redoles-conmemora-50-anos-de-carrera-en-ex-carcel-de-valparaiso\/"},"wordCount":860,"image":{"@id":"https:\/\/dev.antudigital.cl\/sites\/vc\/en-historico-y-gratuito-concierto-mauricio-redoles-conmemora-50-anos-de-carrera-en-ex-carcel-de-valparaiso\/#primaryimage"},"thumbnailUrl":"https:\/\/dev.antudigital.cl\/sites\/vc\/wp-content\/uploads\/2025\/04\/redoles-2-scaled.jpeg","articleSection":["Noticia"],"inLanguage":"es"},{"@type":"WebPage","@id":"https:\/\/dev.antudigital.cl\/sites\/vc\/en-historico-y-gratuito-concierto-mauricio-redoles-conmemora-50-anos-de-carrera-en-ex-carcel-de-valparaiso\/","url":"https:\/\/dev.antudigital.cl\/sites\/vc\/en-historico-y-gratuito-concierto-mauricio-redoles-conmemora-50-anos-de-carrera-en-ex-carcel-de-valparaiso\/","name":"En hist\u00f3rico y gratuito concierto, Mauricio Redol\u00e9s conmemora 50 a\u00f1os de carrera en Ex C\u00e1rcel de Valpara\u00edso - Valpara\u00ed\u00adso Creativo","isPartOf":{"@id":"https:\/\/dev.antudigital.cl\/sites\/vc\/#website"},"primaryImageOfPage":{"@id":"https:\/\/dev.antudigital.cl\/sites\/vc\/en-historico-y-gratuito-concierto-mauricio-redoles-conmemora-50-anos-de-carrera-en-ex-carcel-de-valparaiso\/#primaryimage"},"image":{"@id":"https:\/\/dev.antudigital.cl\/sites\/vc\/en-historico-y-gratuito-concierto-mauricio-redoles-conmemora-50-anos-de-carrera-en-ex-carcel-de-valparaiso\/#primaryimage"},"thumbnailUrl":"https:\/\/dev.antudigital.cl\/sites\/vc\/wp-content\/uploads\/2025\/04\/redoles-2-scaled.jpeg","datePublished":"2025-04-14T13:31:46+00:00","dateModified":"2025-04-14T13:32:08+00:00","author":{"@id":"https:\/\/dev.antudigital.cl\/sites\/vc\/#\/schema\/person\/c2b9da8dd545e27166fc5ab232837318"},"breadcrumb":{"@id":"https:\/\/dev.antudigital.cl\/sites\/vc\/en-historico-y-gratuito-concierto-mauricio-redoles-conmemora-50-anos-de-carrera-en-ex-carcel-de-valparaiso\/#breadcrumb"},"inLanguage":"es","potentialAction":[{"@type":"ReadAction","target":["https:\/\/dev.antudigital.cl\/sites\/vc\/en-historico-y-gratuito-concierto-mauricio-redoles-conmemora-50-anos-de-carrera-en-ex-carcel-de-valparaiso\/"]}]},{"@type":"ImageObject","inLanguage":"es","@id":"https:\/\/dev.antudigital.cl\/sites\/vc\/en-historico-y-gratuito-concierto-mauricio-redoles-conmemora-50-anos-de-carrera-en-ex-carcel-de-valparaiso\/#primaryimage","url":"https:\/\/dev.antudigital.cl\/sites\/vc\/wp-content\/uploads\/2025\/04\/redoles-2-scaled.jpeg","contentUrl":"https:\/\/dev.antudigital.cl\/sites\/vc\/wp-content\/uploads\/2025\/04\/redoles-2-scaled.jpeg","width":2560,"height":1920},{"@type":"BreadcrumbList","@id":"https:\/\/dev.antudigital.cl\/sites\/vc\/en-historico-y-gratuito-concierto-mauricio-redoles-conmemora-50-anos-de-carrera-en-ex-carcel-de-valparaiso\/#breadcrumb","itemListElement":[{"@type":"ListItem","position":1,"name":"Home","item":"https:\/\/dev.antudigital.cl\/sites\/vc\/"},{"@type":"ListItem","position":2,"name":"En hist\u00f3rico y gratuito concierto, Mauricio Redol\u00e9s conmemora 50 a\u00f1os de carrera en Ex C\u00e1rcel de Valpara\u00edso"}]},{"@type":"WebSite","@id":"https:\/\/dev.antudigital.cl\/sites\/vc\/#website","url":"https:\/\/dev.antudigital.cl\/sites\/vc\/","name":"Valpara\u00ed\u00adso Creativo","description":"","potentialAction":[{"@type":"SearchAction","target":{"@type":"EntryPoint","urlTemplate":"https:\/\/dev.antudigital.cl\/sites\/vc\/?s={search_term_string}"},"query-input":{"@type":"PropertyValueSpecification","valueRequired":true,"valueName":"search_term_string"}}],"inLanguage":"es"},{"@type":"Person","@id":"https:\/\/dev.antudigital.cl\/sites\/vc\/#\/schema\/person\/c2b9da8dd545e27166fc5ab232837318","name":"Valpara\u00edso Creativo","description":"Periodista de cultura en la Regi\u00f3n de Valpara\u00edso.","url":"https:\/\/dev.antudigital.cl\/sites\/vc\/author\/valpoadmin\/"}]}},"_links":{"self":[{"href":"https:\/\/dev.antudigital.cl\/sites\/vc\/wp-json\/wp\/v2\/posts\/22764","targetHints":{"allow":["GET"]}}],"collection":[{"href":"https:\/\/dev.antudigital.cl\/sites\/vc\/wp-json\/wp\/v2\/posts"}],"about":[{"href":"https:\/\/dev.antudigital.cl\/sites\/vc\/wp-json\/wp\/v2\/types\/post"}],"author":[{"embeddable":true,"href":"https:\/\/dev.antudigital.cl\/sites\/vc\/wp-json\/wp\/v2\/users\/1"}],"replies":[{"embeddable":true,"href":"https:\/\/dev.antudigital.cl\/sites\/vc\/wp-json\/wp\/v2\/comments?post=22764"}],"version-history":[{"count":1,"href":"https:\/\/dev.antudigital.cl\/sites\/vc\/wp-json\/wp\/v2\/posts\/22764\/revisions"}],"predecessor-version":[{"id":22768,"href":"https:\/\/dev.antudigital.cl\/sites\/vc\/wp-json\/wp\/v2\/posts\/22764\/revisions\/22768"}],"wp:featuredmedia":[{"embeddable":true,"href":"https:\/\/dev.antudigital.cl\/sites\/vc\/wp-json\/wp\/v2\/media\/22765"}],"wp:attachment":[{"href":"https:\/\/dev.antudigital.cl\/sites\/vc\/wp-json\/wp\/v2\/media?parent=22764"}],"wp:term":[{"taxonomy":"category","embeddable":true,"href":"https:\/\/dev.antudigital.cl\/sites\/vc\/wp-json\/wp\/v2\/categories?post=22764"},{"taxonomy":"post_tag","embeddable":true,"href":"https:\/\/dev.antudigital.cl\/sites\/vc\/wp-json\/wp\/v2\/tags?post=22764"}],"curies":[{"name":"wp","href":"https:\/\/api.w.org\/{rel}","templated":true}]}}