{"id":22769,"date":"2025-04-14T15:39:10","date_gmt":"2025-04-14T15:39:10","guid":{"rendered":"https:\/\/www.valparaisocreativo.cl\/?p=22769"},"modified":"2025-04-14T15:39:43","modified_gmt":"2025-04-14T15:39:43","slug":"diploma-de-postitulo-teatro-uv-inicia-en-abril","status":"publish","type":"post","link":"https:\/\/dev.antudigital.cl\/sites\/vc\/diploma-de-postitulo-teatro-uv-inicia-en-abril\/","title":{"rendered":"Diploma de Post\u00edtulo Teatro UV inicia en abril"},"content":{"rendered":"\n<p>El a\u00f1o 2025 la Escuela de Teatro de la Universidad de Valpara\u00edso cumple 20 a\u00f1os y un hito significativo en su programaci\u00f3n acad\u00e9mica es el<strong>&nbsp;Diploma de Post\u00edtulo Estrategias Teatrales para la Intervenci\u00f3n Socioeducativa en Instituciones y Territorios<\/strong>, el que surge desde la Menci\u00f3n de Did\u00e1ctica Teatral y colabora con la Escuela de Trabajo Social UV.<\/p>\n\n\n\n<p><strong>Hasta el martes 15 de abril est\u00e1 abierta la postulaci\u00f3n a este programa de especializaci\u00f3n en teatro aplicado<\/strong>, el que integra herramientas, teor\u00edas y t\u00e9cnicas teatrales para innovar en el dise\u00f1o, planificaci\u00f3n y evaluaci\u00f3n de intervenciones que buscan la integraci\u00f3n y promoci\u00f3n de sectores excluidos de la sociedad, a trav\u00e9s de una mirada local y sist\u00e9mica. La modalidad es semipresencial, con clases virtuales los s\u00e1bados en la ma\u00f1ana y solo tres clases presenciales en todo el semestre.&nbsp;<strong>La primera clase se realizar\u00e1 el s\u00e1bado 26 de abril.<\/strong><\/p>\n\n\n\n<p><strong>Marcela Inzunza, Coordinadora del Programa,<\/strong>&nbsp;se\u00f1ala: \u201cLas herramientas que entrega el teatro pueden servir de medio para alcanzar diversos objetivos. Nosotros, en la pr\u00e1ctica, en la experiencia de la Escuela de Teatro y de la Menci\u00f3n de Did\u00e1ctica en particular, hemos ido constatando la importancia de las estrategias teatrales para generar experiencias significativas en las comunidades con las que nos relacionamos. En esa misma l\u00ednea fue que empezamos a urdir el nombre de este Diploma de Post\u00edtulo. Que las estrategias teatrales inunden otras \u00e1reas disciplinares y con ellas podamos producir cambios, tanto en los territorios como en las instituciones\u201d.<\/p>\n\n\n\n<figure class=\"wp-block-image size-large\"><img fetchpriority=\"high\" decoding=\"async\" width=\"1024\" height=\"1024\" src=\"https:\/\/www.valparaisocreativo.cl\/wp-content\/uploads\/2025\/04\/DIPLOMA-DE-POSTITULO-1024x1024.jpeg\" alt=\"\" class=\"wp-image-22771\" srcset=\"https:\/\/dev.antudigital.cl\/sites\/vc\/wp-content\/uploads\/2025\/04\/DIPLOMA-DE-POSTITULO-1024x1024.jpeg 1024w, https:\/\/dev.antudigital.cl\/sites\/vc\/wp-content\/uploads\/2025\/04\/DIPLOMA-DE-POSTITULO-300x300.jpeg 300w, https:\/\/dev.antudigital.cl\/sites\/vc\/wp-content\/uploads\/2025\/04\/DIPLOMA-DE-POSTITULO-150x150.jpeg 150w, https:\/\/dev.antudigital.cl\/sites\/vc\/wp-content\/uploads\/2025\/04\/DIPLOMA-DE-POSTITULO-768x768.jpeg 768w, https:\/\/dev.antudigital.cl\/sites\/vc\/wp-content\/uploads\/2025\/04\/DIPLOMA-DE-POSTITULO-980x980.jpeg 980w, https:\/\/dev.antudigital.cl\/sites\/vc\/wp-content\/uploads\/2025\/04\/DIPLOMA-DE-POSTITULO-480x480.jpeg 480w, https:\/\/dev.antudigital.cl\/sites\/vc\/wp-content\/uploads\/2025\/04\/DIPLOMA-DE-POSTITULO-24x24.jpeg 24w, https:\/\/dev.antudigital.cl\/sites\/vc\/wp-content\/uploads\/2025\/04\/DIPLOMA-DE-POSTITULO-36x36.jpeg 36w, https:\/\/dev.antudigital.cl\/sites\/vc\/wp-content\/uploads\/2025\/04\/DIPLOMA-DE-POSTITULO-48x48.jpeg 48w, https:\/\/dev.antudigital.cl\/sites\/vc\/wp-content\/uploads\/2025\/04\/DIPLOMA-DE-POSTITULO.jpeg 1080w\" sizes=\"(max-width: 1024px) 100vw, 1024px\" \/><\/figure>\n\n\n\n<p><strong>Iria Retuerto, Antrop\u00f3loga y profesora invitada del programa<\/strong>, comenta: \u201cEl teatro aplicado a contextos de intervenci\u00f3n socio-educativa permite la inmersi\u00f3n en una experiencia conjunta, colectiva, y eso es muy reparatorio\u201d.<\/p>\n\n\n\n<p><strong>Cristian Lagreze, Actor y profesor,&nbsp;<\/strong>destaca: \u201cEsta es una instancia que proyecta la apertura de un espacio laboral, de empleabilidad, para profesionales que aplican o buscan aplicar el teatro en otros contextos que no sean necesariamente el art\u00edstico-esc\u00e9nico. En teatro uno trabaja con personas que se exponen, que comparten intimidad, no hay caminos \u00fanicos, rectos y s\u00f3lidos, uno busca estrategias para dirigirse a una u otra persona, considerando las particularidades de cada grupo y comunidad\u201d.<\/p>\n\n\n\n<p><strong>Maritza Far\u00edas, Actriz y profesora<\/strong>, invita: \u201cA la Escuela de Teatro UV la antecede la Escuela de Teatro Universidad de Chile, Sede Valpara\u00edso, donde la pr\u00e1ctica que hac\u00edan sus profesores estaba enfocada en lo social, relevando el compromiso del teatro con la comunidad. Eso es parte de la tradici\u00f3n del proyecto Escuela, la percepci\u00f3n social del compromiso art\u00edstico que se refleja en el Encuentro Teatral en los Cerros Escalera Arriba y otras instancias. Esta es una gran oportunidad formativa en la b\u00fasqueda de ampliar las posibilidades de desarrollo de sujetos y comunidades para potenciar su integraci\u00f3n y acceso\u201d.<\/p>\n\n\n\n<p>Para m\u00e1s informaci\u00f3n revisar el siguiente enlace:&nbsp;<a href=\"https:\/\/postgrados.uv.cl\/diplomas\/facultad-de-arquitectura\/estrategias-teatrales\" target=\"_blank\" rel=\"noreferrer noopener\">https:\/\/postgrados.uv.cl\/diplomas\/facultad-de-arquitectura\/estrategias-teatrales<\/a>&nbsp;<\/p>\n","protected":false},"excerpt":{"rendered":"<p>El a\u00f1o 2025 la Escuela de Teatro de la Universidad de Valpara\u00edso cumple 20 a\u00f1os y un hito significativo en su programaci\u00f3n acad\u00e9mica es el&nbsp;Diploma de Post\u00edtulo Estrategias Teatrales para la Intervenci\u00f3n Socioeducativa en Instituciones y Territorios, el que surge desde la Menci\u00f3n de Did\u00e1ctica Teatral y colabora con la Escuela de Trabajo Social UV. [&hellip;]<\/p>\n","protected":false},"author":1,"featured_media":22770,"comment_status":"closed","ping_status":"closed","sticky":false,"template":"","format":"standard","meta":{"_acf_changed":false,"footnotes":""},"categories":[8],"tags":[],"class_list":["post-22769","post","type-post","status-publish","format-standard","has-post-thumbnail","hentry","category-noticia"],"acf":[],"yoast_head":"<!-- This site is optimized with the Yoast SEO plugin v27.1.1 - https:\/\/yoast.com\/product\/yoast-seo-wordpress\/ -->\n<title>Diploma de Post\u00edtulo Teatro UV inicia en abril - Valpara\u00ed\u00adso Creativo<\/title>\n<meta name=\"robots\" content=\"index, follow, max-snippet:-1, max-image-preview:large, max-video-preview:-1\" \/>\n<link rel=\"canonical\" href=\"https:\/\/dev.antudigital.cl\/sites\/vc\/diploma-de-postitulo-teatro-uv-inicia-en-abril\/\" \/>\n<meta property=\"og:locale\" content=\"es_ES\" \/>\n<meta property=\"og:type\" content=\"article\" \/>\n<meta property=\"og:title\" content=\"Diploma de Post\u00edtulo Teatro UV inicia en abril - Valpara\u00ed\u00adso Creativo\" \/>\n<meta property=\"og:description\" content=\"El a\u00f1o 2025 la Escuela de Teatro de la Universidad de Valpara\u00edso cumple 20 a\u00f1os y un hito significativo en su programaci\u00f3n acad\u00e9mica es el&nbsp;Diploma de Post\u00edtulo Estrategias Teatrales para la Intervenci\u00f3n Socioeducativa en Instituciones y Territorios, el que surge desde la Menci\u00f3n de Did\u00e1ctica Teatral y colabora con la Escuela de Trabajo Social UV. [&hellip;]\" \/>\n<meta property=\"og:url\" content=\"https:\/\/dev.antudigital.cl\/sites\/vc\/diploma-de-postitulo-teatro-uv-inicia-en-abril\/\" \/>\n<meta property=\"og:site_name\" content=\"Valpara\u00ed\u00adso Creativo\" \/>\n<meta property=\"article:published_time\" content=\"2025-04-14T15:39:10+00:00\" \/>\n<meta property=\"article:modified_time\" content=\"2025-04-14T15:39:43+00:00\" \/>\n<meta property=\"og:image\" content=\"https:\/\/dev.antudigital.cl\/sites\/vc\/wp-content\/uploads\/2025\/04\/617e916f-59e1-4ca3-b283-724e5429640a.jpg\" \/>\n\t<meta property=\"og:image:width\" content=\"1152\" \/>\n\t<meta property=\"og:image:height\" content=\"768\" \/>\n\t<meta property=\"og:image:type\" content=\"image\/jpeg\" \/>\n<meta name=\"author\" content=\"Valpara\u00edso Creativo\" \/>\n<meta name=\"twitter:card\" content=\"summary_large_image\" \/>\n<meta name=\"twitter:label1\" content=\"Escrito por\" \/>\n\t<meta name=\"twitter:data1\" content=\"Valpara\u00edso Creativo\" \/>\n\t<meta name=\"twitter:label2\" content=\"Tiempo de lectura\" \/>\n\t<meta name=\"twitter:data2\" content=\"3 minutos\" \/>\n<script type=\"application\/ld+json\" class=\"yoast-schema-graph\">{\"@context\":\"https:\/\/schema.org\",\"@graph\":[{\"@type\":\"Article\",\"@id\":\"https:\/\/dev.antudigital.cl\/sites\/vc\/diploma-de-postitulo-teatro-uv-inicia-en-abril\/#article\",\"isPartOf\":{\"@id\":\"https:\/\/dev.antudigital.cl\/sites\/vc\/diploma-de-postitulo-teatro-uv-inicia-en-abril\/\"},\"author\":{\"name\":\"Valpara\u00edso Creativo\",\"@id\":\"https:\/\/dev.antudigital.cl\/sites\/vc\/#\/schema\/person\/c2b9da8dd545e27166fc5ab232837318\"},\"headline\":\"Diploma de Post\u00edtulo Teatro UV inicia en abril\",\"datePublished\":\"2025-04-14T15:39:10+00:00\",\"dateModified\":\"2025-04-14T15:39:43+00:00\",\"mainEntityOfPage\":{\"@id\":\"https:\/\/dev.antudigital.cl\/sites\/vc\/diploma-de-postitulo-teatro-uv-inicia-en-abril\/\"},\"wordCount\":516,\"image\":{\"@id\":\"https:\/\/dev.antudigital.cl\/sites\/vc\/diploma-de-postitulo-teatro-uv-inicia-en-abril\/#primaryimage\"},\"thumbnailUrl\":\"https:\/\/dev.antudigital.cl\/sites\/vc\/wp-content\/uploads\/2025\/04\/617e916f-59e1-4ca3-b283-724e5429640a.jpg\",\"articleSection\":[\"Noticia\"],\"inLanguage\":\"es\"},{\"@type\":\"WebPage\",\"@id\":\"https:\/\/dev.antudigital.cl\/sites\/vc\/diploma-de-postitulo-teatro-uv-inicia-en-abril\/\",\"url\":\"https:\/\/dev.antudigital.cl\/sites\/vc\/diploma-de-postitulo-teatro-uv-inicia-en-abril\/\",\"name\":\"Diploma de Post\u00edtulo Teatro UV inicia en abril - Valpara\u00ed\u00adso Creativo\",\"isPartOf\":{\"@id\":\"https:\/\/dev.antudigital.cl\/sites\/vc\/#website\"},\"primaryImageOfPage\":{\"@id\":\"https:\/\/dev.antudigital.cl\/sites\/vc\/diploma-de-postitulo-teatro-uv-inicia-en-abril\/#primaryimage\"},\"image\":{\"@id\":\"https:\/\/dev.antudigital.cl\/sites\/vc\/diploma-de-postitulo-teatro-uv-inicia-en-abril\/#primaryimage\"},\"thumbnailUrl\":\"https:\/\/dev.antudigital.cl\/sites\/vc\/wp-content\/uploads\/2025\/04\/617e916f-59e1-4ca3-b283-724e5429640a.jpg\",\"datePublished\":\"2025-04-14T15:39:10+00:00\",\"dateModified\":\"2025-04-14T15:39:43+00:00\",\"author\":{\"@id\":\"https:\/\/dev.antudigital.cl\/sites\/vc\/#\/schema\/person\/c2b9da8dd545e27166fc5ab232837318\"},\"breadcrumb\":{\"@id\":\"https:\/\/dev.antudigital.cl\/sites\/vc\/diploma-de-postitulo-teatro-uv-inicia-en-abril\/#breadcrumb\"},\"inLanguage\":\"es\",\"potentialAction\":[{\"@type\":\"ReadAction\",\"target\":[\"https:\/\/dev.antudigital.cl\/sites\/vc\/diploma-de-postitulo-teatro-uv-inicia-en-abril\/\"]}]},{\"@type\":\"ImageObject\",\"inLanguage\":\"es\",\"@id\":\"https:\/\/dev.antudigital.cl\/sites\/vc\/diploma-de-postitulo-teatro-uv-inicia-en-abril\/#primaryimage\",\"url\":\"https:\/\/dev.antudigital.cl\/sites\/vc\/wp-content\/uploads\/2025\/04\/617e916f-59e1-4ca3-b283-724e5429640a.jpg\",\"contentUrl\":\"https:\/\/dev.antudigital.cl\/sites\/vc\/wp-content\/uploads\/2025\/04\/617e916f-59e1-4ca3-b283-724e5429640a.jpg\",\"width\":1152,\"height\":768},{\"@type\":\"BreadcrumbList\",\"@id\":\"https:\/\/dev.antudigital.cl\/sites\/vc\/diploma-de-postitulo-teatro-uv-inicia-en-abril\/#breadcrumb\",\"itemListElement\":[{\"@type\":\"ListItem\",\"position\":1,\"name\":\"Home\",\"item\":\"https:\/\/dev.antudigital.cl\/sites\/vc\/\"},{\"@type\":\"ListItem\",\"position\":2,\"name\":\"Diploma de Post\u00edtulo Teatro UV inicia en abril\"}]},{\"@type\":\"WebSite\",\"@id\":\"https:\/\/dev.antudigital.cl\/sites\/vc\/#website\",\"url\":\"https:\/\/dev.antudigital.cl\/sites\/vc\/\",\"name\":\"Valpara\u00ed\u00adso Creativo\",\"description\":\"\",\"potentialAction\":[{\"@type\":\"SearchAction\",\"target\":{\"@type\":\"EntryPoint\",\"urlTemplate\":\"https:\/\/dev.antudigital.cl\/sites\/vc\/?s={search_term_string}\"},\"query-input\":{\"@type\":\"PropertyValueSpecification\",\"valueRequired\":true,\"valueName\":\"search_term_string\"}}],\"inLanguage\":\"es\"},{\"@type\":\"Person\",\"@id\":\"https:\/\/dev.antudigital.cl\/sites\/vc\/#\/schema\/person\/c2b9da8dd545e27166fc5ab232837318\",\"name\":\"Valpara\u00edso Creativo\",\"description\":\"Periodista de cultura en la Regi\u00f3n de Valpara\u00edso.\",\"url\":\"https:\/\/dev.antudigital.cl\/sites\/vc\/author\/valpoadmin\/\"}]}<\/script>\n<!-- \/ Yoast SEO plugin. -->","yoast_head_json":{"title":"Diploma de Post\u00edtulo Teatro UV inicia en abril - Valpara\u00ed\u00adso Creativo","robots":{"index":"index","follow":"follow","max-snippet":"max-snippet:-1","max-image-preview":"max-image-preview:large","max-video-preview":"max-video-preview:-1"},"canonical":"https:\/\/dev.antudigital.cl\/sites\/vc\/diploma-de-postitulo-teatro-uv-inicia-en-abril\/","og_locale":"es_ES","og_type":"article","og_title":"Diploma de Post\u00edtulo Teatro UV inicia en abril - Valpara\u00ed\u00adso Creativo","og_description":"El a\u00f1o 2025 la Escuela de Teatro de la Universidad de Valpara\u00edso cumple 20 a\u00f1os y un hito significativo en su programaci\u00f3n acad\u00e9mica es el&nbsp;Diploma de Post\u00edtulo Estrategias Teatrales para la Intervenci\u00f3n Socioeducativa en Instituciones y Territorios, el que surge desde la Menci\u00f3n de Did\u00e1ctica Teatral y colabora con la Escuela de Trabajo Social UV. [&hellip;]","og_url":"https:\/\/dev.antudigital.cl\/sites\/vc\/diploma-de-postitulo-teatro-uv-inicia-en-abril\/","og_site_name":"Valpara\u00ed\u00adso Creativo","article_published_time":"2025-04-14T15:39:10+00:00","article_modified_time":"2025-04-14T15:39:43+00:00","og_image":[{"width":1152,"height":768,"url":"https:\/\/dev.antudigital.cl\/sites\/vc\/wp-content\/uploads\/2025\/04\/617e916f-59e1-4ca3-b283-724e5429640a.jpg","type":"image\/jpeg"}],"author":"Valpara\u00edso Creativo","twitter_card":"summary_large_image","twitter_misc":{"Escrito por":"Valpara\u00edso Creativo","Tiempo de lectura":"3 minutos"},"schema":{"@context":"https:\/\/schema.org","@graph":[{"@type":"Article","@id":"https:\/\/dev.antudigital.cl\/sites\/vc\/diploma-de-postitulo-teatro-uv-inicia-en-abril\/#article","isPartOf":{"@id":"https:\/\/dev.antudigital.cl\/sites\/vc\/diploma-de-postitulo-teatro-uv-inicia-en-abril\/"},"author":{"name":"Valpara\u00edso Creativo","@id":"https:\/\/dev.antudigital.cl\/sites\/vc\/#\/schema\/person\/c2b9da8dd545e27166fc5ab232837318"},"headline":"Diploma de Post\u00edtulo Teatro UV inicia en abril","datePublished":"2025-04-14T15:39:10+00:00","dateModified":"2025-04-14T15:39:43+00:00","mainEntityOfPage":{"@id":"https:\/\/dev.antudigital.cl\/sites\/vc\/diploma-de-postitulo-teatro-uv-inicia-en-abril\/"},"wordCount":516,"image":{"@id":"https:\/\/dev.antudigital.cl\/sites\/vc\/diploma-de-postitulo-teatro-uv-inicia-en-abril\/#primaryimage"},"thumbnailUrl":"https:\/\/dev.antudigital.cl\/sites\/vc\/wp-content\/uploads\/2025\/04\/617e916f-59e1-4ca3-b283-724e5429640a.jpg","articleSection":["Noticia"],"inLanguage":"es"},{"@type":"WebPage","@id":"https:\/\/dev.antudigital.cl\/sites\/vc\/diploma-de-postitulo-teatro-uv-inicia-en-abril\/","url":"https:\/\/dev.antudigital.cl\/sites\/vc\/diploma-de-postitulo-teatro-uv-inicia-en-abril\/","name":"Diploma de Post\u00edtulo Teatro UV inicia en abril - Valpara\u00ed\u00adso Creativo","isPartOf":{"@id":"https:\/\/dev.antudigital.cl\/sites\/vc\/#website"},"primaryImageOfPage":{"@id":"https:\/\/dev.antudigital.cl\/sites\/vc\/diploma-de-postitulo-teatro-uv-inicia-en-abril\/#primaryimage"},"image":{"@id":"https:\/\/dev.antudigital.cl\/sites\/vc\/diploma-de-postitulo-teatro-uv-inicia-en-abril\/#primaryimage"},"thumbnailUrl":"https:\/\/dev.antudigital.cl\/sites\/vc\/wp-content\/uploads\/2025\/04\/617e916f-59e1-4ca3-b283-724e5429640a.jpg","datePublished":"2025-04-14T15:39:10+00:00","dateModified":"2025-04-14T15:39:43+00:00","author":{"@id":"https:\/\/dev.antudigital.cl\/sites\/vc\/#\/schema\/person\/c2b9da8dd545e27166fc5ab232837318"},"breadcrumb":{"@id":"https:\/\/dev.antudigital.cl\/sites\/vc\/diploma-de-postitulo-teatro-uv-inicia-en-abril\/#breadcrumb"},"inLanguage":"es","potentialAction":[{"@type":"ReadAction","target":["https:\/\/dev.antudigital.cl\/sites\/vc\/diploma-de-postitulo-teatro-uv-inicia-en-abril\/"]}]},{"@type":"ImageObject","inLanguage":"es","@id":"https:\/\/dev.antudigital.cl\/sites\/vc\/diploma-de-postitulo-teatro-uv-inicia-en-abril\/#primaryimage","url":"https:\/\/dev.antudigital.cl\/sites\/vc\/wp-content\/uploads\/2025\/04\/617e916f-59e1-4ca3-b283-724e5429640a.jpg","contentUrl":"https:\/\/dev.antudigital.cl\/sites\/vc\/wp-content\/uploads\/2025\/04\/617e916f-59e1-4ca3-b283-724e5429640a.jpg","width":1152,"height":768},{"@type":"BreadcrumbList","@id":"https:\/\/dev.antudigital.cl\/sites\/vc\/diploma-de-postitulo-teatro-uv-inicia-en-abril\/#breadcrumb","itemListElement":[{"@type":"ListItem","position":1,"name":"Home","item":"https:\/\/dev.antudigital.cl\/sites\/vc\/"},{"@type":"ListItem","position":2,"name":"Diploma de Post\u00edtulo Teatro UV inicia en abril"}]},{"@type":"WebSite","@id":"https:\/\/dev.antudigital.cl\/sites\/vc\/#website","url":"https:\/\/dev.antudigital.cl\/sites\/vc\/","name":"Valpara\u00ed\u00adso Creativo","description":"","potentialAction":[{"@type":"SearchAction","target":{"@type":"EntryPoint","urlTemplate":"https:\/\/dev.antudigital.cl\/sites\/vc\/?s={search_term_string}"},"query-input":{"@type":"PropertyValueSpecification","valueRequired":true,"valueName":"search_term_string"}}],"inLanguage":"es"},{"@type":"Person","@id":"https:\/\/dev.antudigital.cl\/sites\/vc\/#\/schema\/person\/c2b9da8dd545e27166fc5ab232837318","name":"Valpara\u00edso Creativo","description":"Periodista de cultura en la Regi\u00f3n de Valpara\u00edso.","url":"https:\/\/dev.antudigital.cl\/sites\/vc\/author\/valpoadmin\/"}]}},"_links":{"self":[{"href":"https:\/\/dev.antudigital.cl\/sites\/vc\/wp-json\/wp\/v2\/posts\/22769","targetHints":{"allow":["GET"]}}],"collection":[{"href":"https:\/\/dev.antudigital.cl\/sites\/vc\/wp-json\/wp\/v2\/posts"}],"about":[{"href":"https:\/\/dev.antudigital.cl\/sites\/vc\/wp-json\/wp\/v2\/types\/post"}],"author":[{"embeddable":true,"href":"https:\/\/dev.antudigital.cl\/sites\/vc\/wp-json\/wp\/v2\/users\/1"}],"replies":[{"embeddable":true,"href":"https:\/\/dev.antudigital.cl\/sites\/vc\/wp-json\/wp\/v2\/comments?post=22769"}],"version-history":[{"count":1,"href":"https:\/\/dev.antudigital.cl\/sites\/vc\/wp-json\/wp\/v2\/posts\/22769\/revisions"}],"predecessor-version":[{"id":22772,"href":"https:\/\/dev.antudigital.cl\/sites\/vc\/wp-json\/wp\/v2\/posts\/22769\/revisions\/22772"}],"wp:featuredmedia":[{"embeddable":true,"href":"https:\/\/dev.antudigital.cl\/sites\/vc\/wp-json\/wp\/v2\/media\/22770"}],"wp:attachment":[{"href":"https:\/\/dev.antudigital.cl\/sites\/vc\/wp-json\/wp\/v2\/media?parent=22769"}],"wp:term":[{"taxonomy":"category","embeddable":true,"href":"https:\/\/dev.antudigital.cl\/sites\/vc\/wp-json\/wp\/v2\/categories?post=22769"},{"taxonomy":"post_tag","embeddable":true,"href":"https:\/\/dev.antudigital.cl\/sites\/vc\/wp-json\/wp\/v2\/tags?post=22769"}],"curies":[{"name":"wp","href":"https:\/\/api.w.org\/{rel}","templated":true}]}}