{"id":22773,"date":"2025-04-14T15:46:38","date_gmt":"2025-04-14T15:46:38","guid":{"rendered":"https:\/\/www.valparaisocreativo.cl\/?p=22773"},"modified":"2025-04-14T15:47:21","modified_gmt":"2025-04-14T15:47:21","slug":"festival-de-cine-ojo-de-pescado-lanza-ii-concurso-de-ilustracion-y-abre-convocatoria-para-su-competencia-jovenes-cineastas","status":"publish","type":"post","link":"https:\/\/dev.antudigital.cl\/sites\/vc\/festival-de-cine-ojo-de-pescado-lanza-ii-concurso-de-ilustracion-y-abre-convocatoria-para-su-competencia-jovenes-cineastas\/","title":{"rendered":"Festival de Cine Ojo de Pescado lanza II Concurso de Ilustraci\u00f3n y abre convocatoria para su competencia J\u00f3venes Cineastas"},"content":{"rendered":"\n<p>Despu\u00e9s del entusiasmo generado por la primera edici\u00f3n del Concurso de Ilustraci\u00f3n en el 2024, el festival invita a ni\u00f1os, ni\u00f1as y j\u00f3venes a participar bajo la premisa \u00a1Convivamos en Paz!, alentando a cada participante a reflexionar sobre la empat\u00eda, la solidaridad y el respeto, dejando atr\u00e1s lo que nos divide.&nbsp;<\/p>\n\n\n\n<p>Este concurso es un espacio para que, a trav\u00e9s de los pinceles y l\u00e1pices, puedan dar forma a sus ideas y aportar nuevas miradas para resolver los desaf\u00edos de nuestra sociedad. Porque sus miradas enriquecen el mundo y nos desaf\u00edan a verlo con nuevos ojos. Este proyecto es financiado por el Fondo de Fomento Audiovisual, Convocatoria 2025, del Ministerio de las Culturas, las Artes y el Patrimonio.<\/p>\n\n\n\n<figure class=\"wp-block-image aligncenter size-large is-resized\"><img fetchpriority=\"high\" decoding=\"async\" width=\"819\" height=\"1024\" src=\"https:\/\/www.valparaisocreativo.cl\/wp-content\/uploads\/2025\/04\/Ojo-819x1024.jpeg\" alt=\"\" class=\"wp-image-22776\" style=\"width:351px;height:auto\" srcset=\"https:\/\/dev.antudigital.cl\/sites\/vc\/wp-content\/uploads\/2025\/04\/Ojo-819x1024.jpeg 819w, https:\/\/dev.antudigital.cl\/sites\/vc\/wp-content\/uploads\/2025\/04\/Ojo-240x300.jpeg 240w, https:\/\/dev.antudigital.cl\/sites\/vc\/wp-content\/uploads\/2025\/04\/Ojo-768x960.jpeg 768w, https:\/\/dev.antudigital.cl\/sites\/vc\/wp-content\/uploads\/2025\/04\/Ojo-1229x1536.jpeg 1229w, https:\/\/dev.antudigital.cl\/sites\/vc\/wp-content\/uploads\/2025\/04\/Ojo-1080x1350.jpeg 1080w, https:\/\/dev.antudigital.cl\/sites\/vc\/wp-content\/uploads\/2025\/04\/Ojo-980x1225.jpeg 980w, https:\/\/dev.antudigital.cl\/sites\/vc\/wp-content\/uploads\/2025\/04\/Ojo-480x600.jpeg 480w, https:\/\/dev.antudigital.cl\/sites\/vc\/wp-content\/uploads\/2025\/04\/Ojo-19x24.jpeg 19w, https:\/\/dev.antudigital.cl\/sites\/vc\/wp-content\/uploads\/2025\/04\/Ojo-29x36.jpeg 29w, https:\/\/dev.antudigital.cl\/sites\/vc\/wp-content\/uploads\/2025\/04\/Ojo-38x48.jpeg 38w, https:\/\/dev.antudigital.cl\/sites\/vc\/wp-content\/uploads\/2025\/04\/Ojo.jpeg 1280w\" sizes=\"(max-width: 819px) 100vw, 819px\" \/><\/figure>\n\n\n\n<p><strong>\u00bfC\u00f3mo hacerlo?<\/strong><\/p>\n\n\n\n<p>Queremos explorar, a trav\u00e9s de la ilustraci\u00f3n, los mundos fascinantes que habitan en la imaginaci\u00f3n de ni\u00f1os, ni\u00f1as y adolescentes de 8 a 15 a\u00f1os de todo Chile. La convocatoria estar\u00e1 abierta hasta el 4 de mayo.<\/p>\n\n\n\n<p>Las bases y formulario de participaci\u00f3n ya est\u00e1n disponibles en <a href=\"http:\/\/www.ojodepescado.cl\">www.ojodepescado.cl<\/a>. Los dibujos deber\u00e1n ser escaneados y adjuntados al formulario en l\u00ednea. Se aceptan obras creadas con t\u00e9cnicas tradicionales como l\u00e1pices, acuarelas, pasteles, collage, entre otras. No se aceptar\u00e1n obras creadas en formato digital.<\/p>\n\n\n\n<p>Se seleccionar\u00e1 una obra ganadora y dos menciones honrosas. Todos los participantes recibir\u00e1n un diploma de reconocimiento y un pack de productos GIOTTO. La obra ganadora, adem\u00e1s, ser\u00e1 premiada con una Tablet y ser\u00e1 la imagen gr\u00e1fica oficial del 14\u00ba Festival Internacional de Cine Ojo de Pescado:<\/p>\n\n\n\n<p><em>\u201c<\/em><em>Queremos generar cada d\u00eda m\u00e1s y mejores espacios para la participaci\u00f3n genuina y expresi\u00f3n de opiniones de ni\u00f1os, ni\u00f1as y adolescentes, por eso, desde el a\u00f1o pasado, existe este concurso de ilustraci\u00f3n que permite que la imagen que representa al festival de cine Ojo de Pescado sea una manifestaci\u00f3n art\u00edstica y de ideas propia de las ni\u00f1eces y adolescencias. De esta manera, esperamos que otros ni\u00f1os y ni\u00f1as se sientan espont\u00e1neamente convocados a nuestro festival, y se sumen a esta gran fiesta que promueve los derechos de participaci\u00f3n art\u00edstica y cultural de las ni\u00f1eces por medio del cine y la televisi\u00f3n de calidad, y con enfoque de derechos humanos.\u201d se\u00f1ala <\/em>Alejandra Fritis,&nbsp; Directora Art\u00edstica del Festival Internacional de Cine Ojo de Pescado.&nbsp;<\/p>\n\n\n\n<figure class=\"wp-block-image aligncenter size-large is-resized\"><img decoding=\"async\" width=\"1024\" height=\"683\" src=\"https:\/\/www.valparaisocreativo.cl\/wp-content\/uploads\/2025\/04\/IMG_9136-1024x683.jpg\" alt=\"\" class=\"wp-image-22775\" style=\"width:439px;height:auto\" srcset=\"https:\/\/dev.antudigital.cl\/sites\/vc\/wp-content\/uploads\/2025\/04\/IMG_9136-1024x683.jpg 1024w, https:\/\/dev.antudigital.cl\/sites\/vc\/wp-content\/uploads\/2025\/04\/IMG_9136-300x200.jpg 300w, https:\/\/dev.antudigital.cl\/sites\/vc\/wp-content\/uploads\/2025\/04\/IMG_9136-768x512.jpg 768w, https:\/\/dev.antudigital.cl\/sites\/vc\/wp-content\/uploads\/2025\/04\/IMG_9136-1536x1024.jpg 1536w, https:\/\/dev.antudigital.cl\/sites\/vc\/wp-content\/uploads\/2025\/04\/IMG_9136-2048x1365.jpg 2048w, https:\/\/dev.antudigital.cl\/sites\/vc\/wp-content\/uploads\/2025\/04\/IMG_9136-1080x720.jpg 1080w, https:\/\/dev.antudigital.cl\/sites\/vc\/wp-content\/uploads\/2025\/04\/IMG_9136-1280x854.jpg 1280w, https:\/\/dev.antudigital.cl\/sites\/vc\/wp-content\/uploads\/2025\/04\/IMG_9136-980x653.jpg 980w, https:\/\/dev.antudigital.cl\/sites\/vc\/wp-content\/uploads\/2025\/04\/IMG_9136-480x320.jpg 480w, https:\/\/dev.antudigital.cl\/sites\/vc\/wp-content\/uploads\/2025\/04\/IMG_9136-24x16.jpg 24w, https:\/\/dev.antudigital.cl\/sites\/vc\/wp-content\/uploads\/2025\/04\/IMG_9136-36x24.jpg 36w, https:\/\/dev.antudigital.cl\/sites\/vc\/wp-content\/uploads\/2025\/04\/IMG_9136-48x32.jpg 48w\" sizes=\"(max-width: 1024px) 100vw, 1024px\" \/><\/figure>\n\n\n\n<p><strong>\u00a1Pero eso no es todo!<\/strong><\/p>\n\n\n\n<p>Paralelamente se encuentran abiertas las postulaciones para la COMPETENCIA DE CORTOMETRAJES \u2018J\u00d3VENES CINEASTAS\u2019. Este concurso est\u00e1 dirigido a cortometrajes realizados por ni\u00f1os, ni\u00f1as y j\u00f3venes de Chile o Iberoam\u00e9rica de hasta 18 a\u00f1os, que est\u00e9n cursando educaci\u00f3n primaria o secundaria al momento de la creaci\u00f3n de la obra.<\/p>\n\n\n\n<p>La inscripci\u00f3n a la competencia es gratuita y pueden postular hasta el 30 de abril de 2025 a las 23:59 (hora chilena). Los postulantes deben completar el formulario de inscripci\u00f3n online disponible en <a href=\"http:\/\/www.ojodepescado.cl\">www.ojodepescado.cl<\/a>. Por otro lado, les recordamos que todas las categor\u00edas de competencia est\u00e1n abiertas.&nbsp;<\/p>\n\n\n\n<p>A lo largo de su trayectoria, Ojo de Pescado se ha consolidado como un referente en la promoci\u00f3n del talento art\u00edstico de ni\u00f1os, ni\u00f1as y adolescentes, fomentando el arte como una herramienta de expresi\u00f3n y un medio para comprender y transformar el entorno que los rodea. A trav\u00e9s del cine como lenguaje, invita a tomarse el tiempo de crear y observar, con ello, a cultivar una forma de mirar m\u00e1s atenta, reflexiva y sensible. De este modo, impulsa el respeto por los derechos infantiles y promueve una cultura de paz y no violencia, contribuyendo al bienestar de la humanidad, especialmente de las generaciones m\u00e1s j\u00f3venes.<\/p>\n","protected":false},"excerpt":{"rendered":"<p>Despu\u00e9s del entusiasmo generado por la primera edici\u00f3n del Concurso de Ilustraci\u00f3n en el 2024, el festival invita a ni\u00f1os, ni\u00f1as y j\u00f3venes a participar bajo la premisa \u00a1Convivamos en Paz!, alentando a cada participante a reflexionar sobre la empat\u00eda, la solidaridad y el respeto, dejando atr\u00e1s lo que nos divide.&nbsp; Este concurso es un [&hellip;]<\/p>\n","protected":false},"author":1,"featured_media":22774,"comment_status":"closed","ping_status":"closed","sticky":false,"template":"","format":"standard","meta":{"_acf_changed":false,"footnotes":""},"categories":[8],"tags":[],"class_list":["post-22773","post","type-post","status-publish","format-standard","has-post-thumbnail","hentry","category-noticia"],"acf":[],"yoast_head":"<!-- This site is optimized with the Yoast SEO plugin v27.1.1 - https:\/\/yoast.com\/product\/yoast-seo-wordpress\/ -->\n<title>Festival de Cine Ojo de Pescado lanza II Concurso de Ilustraci\u00f3n y abre convocatoria para su competencia J\u00f3venes Cineastas - Valpara\u00ed\u00adso Creativo<\/title>\n<meta name=\"robots\" content=\"index, follow, max-snippet:-1, max-image-preview:large, max-video-preview:-1\" \/>\n<link rel=\"canonical\" href=\"https:\/\/dev.antudigital.cl\/sites\/vc\/festival-de-cine-ojo-de-pescado-lanza-ii-concurso-de-ilustracion-y-abre-convocatoria-para-su-competencia-jovenes-cineastas\/\" \/>\n<meta property=\"og:locale\" content=\"es_ES\" \/>\n<meta property=\"og:type\" content=\"article\" \/>\n<meta property=\"og:title\" content=\"Festival de Cine Ojo de Pescado lanza II Concurso de Ilustraci\u00f3n y abre convocatoria para su competencia J\u00f3venes Cineastas - Valpara\u00ed\u00adso Creativo\" \/>\n<meta property=\"og:description\" content=\"Despu\u00e9s del entusiasmo generado por la primera edici\u00f3n del Concurso de Ilustraci\u00f3n en el 2024, el festival invita a ni\u00f1os, ni\u00f1as y j\u00f3venes a participar bajo la premisa \u00a1Convivamos en Paz!, alentando a cada participante a reflexionar sobre la empat\u00eda, la solidaridad y el respeto, dejando atr\u00e1s lo que nos divide.&nbsp; Este concurso es un [&hellip;]\" \/>\n<meta property=\"og:url\" content=\"https:\/\/dev.antudigital.cl\/sites\/vc\/festival-de-cine-ojo-de-pescado-lanza-ii-concurso-de-ilustracion-y-abre-convocatoria-para-su-competencia-jovenes-cineastas\/\" \/>\n<meta property=\"og:site_name\" content=\"Valpara\u00ed\u00adso Creativo\" \/>\n<meta property=\"article:published_time\" content=\"2025-04-14T15:46:38+00:00\" \/>\n<meta property=\"article:modified_time\" content=\"2025-04-14T15:47:21+00:00\" \/>\n<meta property=\"og:image\" content=\"https:\/\/dev.antudigital.cl\/sites\/vc\/wp-content\/uploads\/2025\/04\/IMG_4618-1-2-scaled.jpg\" \/>\n\t<meta property=\"og:image:width\" content=\"2560\" \/>\n\t<meta property=\"og:image:height\" content=\"1707\" \/>\n\t<meta property=\"og:image:type\" content=\"image\/jpeg\" \/>\n<meta name=\"author\" content=\"Valpara\u00edso Creativo\" \/>\n<meta name=\"twitter:card\" content=\"summary_large_image\" \/>\n<meta name=\"twitter:label1\" content=\"Escrito por\" \/>\n\t<meta name=\"twitter:data1\" content=\"Valpara\u00edso Creativo\" \/>\n\t<meta name=\"twitter:label2\" content=\"Tiempo de lectura\" \/>\n\t<meta name=\"twitter:data2\" content=\"4 minutos\" \/>\n<script type=\"application\/ld+json\" class=\"yoast-schema-graph\">{\"@context\":\"https:\/\/schema.org\",\"@graph\":[{\"@type\":\"Article\",\"@id\":\"https:\/\/dev.antudigital.cl\/sites\/vc\/festival-de-cine-ojo-de-pescado-lanza-ii-concurso-de-ilustracion-y-abre-convocatoria-para-su-competencia-jovenes-cineastas\/#article\",\"isPartOf\":{\"@id\":\"https:\/\/dev.antudigital.cl\/sites\/vc\/festival-de-cine-ojo-de-pescado-lanza-ii-concurso-de-ilustracion-y-abre-convocatoria-para-su-competencia-jovenes-cineastas\/\"},\"author\":{\"name\":\"Valpara\u00edso Creativo\",\"@id\":\"https:\/\/dev.antudigital.cl\/sites\/vc\/#\/schema\/person\/c2b9da8dd545e27166fc5ab232837318\"},\"headline\":\"Festival de Cine Ojo de Pescado lanza II Concurso de Ilustraci\u00f3n y abre convocatoria para su competencia J\u00f3venes Cineastas\",\"datePublished\":\"2025-04-14T15:46:38+00:00\",\"dateModified\":\"2025-04-14T15:47:21+00:00\",\"mainEntityOfPage\":{\"@id\":\"https:\/\/dev.antudigital.cl\/sites\/vc\/festival-de-cine-ojo-de-pescado-lanza-ii-concurso-de-ilustracion-y-abre-convocatoria-para-su-competencia-jovenes-cineastas\/\"},\"wordCount\":665,\"image\":{\"@id\":\"https:\/\/dev.antudigital.cl\/sites\/vc\/festival-de-cine-ojo-de-pescado-lanza-ii-concurso-de-ilustracion-y-abre-convocatoria-para-su-competencia-jovenes-cineastas\/#primaryimage\"},\"thumbnailUrl\":\"https:\/\/dev.antudigital.cl\/sites\/vc\/wp-content\/uploads\/2025\/04\/IMG_4618-1-2-scaled.jpg\",\"articleSection\":[\"Noticia\"],\"inLanguage\":\"es\"},{\"@type\":\"WebPage\",\"@id\":\"https:\/\/dev.antudigital.cl\/sites\/vc\/festival-de-cine-ojo-de-pescado-lanza-ii-concurso-de-ilustracion-y-abre-convocatoria-para-su-competencia-jovenes-cineastas\/\",\"url\":\"https:\/\/dev.antudigital.cl\/sites\/vc\/festival-de-cine-ojo-de-pescado-lanza-ii-concurso-de-ilustracion-y-abre-convocatoria-para-su-competencia-jovenes-cineastas\/\",\"name\":\"Festival de Cine Ojo de Pescado lanza II Concurso de Ilustraci\u00f3n y abre convocatoria para su competencia J\u00f3venes Cineastas - Valpara\u00ed\u00adso Creativo\",\"isPartOf\":{\"@id\":\"https:\/\/dev.antudigital.cl\/sites\/vc\/#website\"},\"primaryImageOfPage\":{\"@id\":\"https:\/\/dev.antudigital.cl\/sites\/vc\/festival-de-cine-ojo-de-pescado-lanza-ii-concurso-de-ilustracion-y-abre-convocatoria-para-su-competencia-jovenes-cineastas\/#primaryimage\"},\"image\":{\"@id\":\"https:\/\/dev.antudigital.cl\/sites\/vc\/festival-de-cine-ojo-de-pescado-lanza-ii-concurso-de-ilustracion-y-abre-convocatoria-para-su-competencia-jovenes-cineastas\/#primaryimage\"},\"thumbnailUrl\":\"https:\/\/dev.antudigital.cl\/sites\/vc\/wp-content\/uploads\/2025\/04\/IMG_4618-1-2-scaled.jpg\",\"datePublished\":\"2025-04-14T15:46:38+00:00\",\"dateModified\":\"2025-04-14T15:47:21+00:00\",\"author\":{\"@id\":\"https:\/\/dev.antudigital.cl\/sites\/vc\/#\/schema\/person\/c2b9da8dd545e27166fc5ab232837318\"},\"breadcrumb\":{\"@id\":\"https:\/\/dev.antudigital.cl\/sites\/vc\/festival-de-cine-ojo-de-pescado-lanza-ii-concurso-de-ilustracion-y-abre-convocatoria-para-su-competencia-jovenes-cineastas\/#breadcrumb\"},\"inLanguage\":\"es\",\"potentialAction\":[{\"@type\":\"ReadAction\",\"target\":[\"https:\/\/dev.antudigital.cl\/sites\/vc\/festival-de-cine-ojo-de-pescado-lanza-ii-concurso-de-ilustracion-y-abre-convocatoria-para-su-competencia-jovenes-cineastas\/\"]}]},{\"@type\":\"ImageObject\",\"inLanguage\":\"es\",\"@id\":\"https:\/\/dev.antudigital.cl\/sites\/vc\/festival-de-cine-ojo-de-pescado-lanza-ii-concurso-de-ilustracion-y-abre-convocatoria-para-su-competencia-jovenes-cineastas\/#primaryimage\",\"url\":\"https:\/\/dev.antudigital.cl\/sites\/vc\/wp-content\/uploads\/2025\/04\/IMG_4618-1-2-scaled.jpg\",\"contentUrl\":\"https:\/\/dev.antudigital.cl\/sites\/vc\/wp-content\/uploads\/2025\/04\/IMG_4618-1-2-scaled.jpg\",\"width\":2560,\"height\":1707},{\"@type\":\"BreadcrumbList\",\"@id\":\"https:\/\/dev.antudigital.cl\/sites\/vc\/festival-de-cine-ojo-de-pescado-lanza-ii-concurso-de-ilustracion-y-abre-convocatoria-para-su-competencia-jovenes-cineastas\/#breadcrumb\",\"itemListElement\":[{\"@type\":\"ListItem\",\"position\":1,\"name\":\"Home\",\"item\":\"https:\/\/dev.antudigital.cl\/sites\/vc\/\"},{\"@type\":\"ListItem\",\"position\":2,\"name\":\"Festival de Cine Ojo de Pescado lanza II Concurso de Ilustraci\u00f3n y abre convocatoria para su competencia J\u00f3venes Cineastas\"}]},{\"@type\":\"WebSite\",\"@id\":\"https:\/\/dev.antudigital.cl\/sites\/vc\/#website\",\"url\":\"https:\/\/dev.antudigital.cl\/sites\/vc\/\",\"name\":\"Valpara\u00ed\u00adso Creativo\",\"description\":\"\",\"potentialAction\":[{\"@type\":\"SearchAction\",\"target\":{\"@type\":\"EntryPoint\",\"urlTemplate\":\"https:\/\/dev.antudigital.cl\/sites\/vc\/?s={search_term_string}\"},\"query-input\":{\"@type\":\"PropertyValueSpecification\",\"valueRequired\":true,\"valueName\":\"search_term_string\"}}],\"inLanguage\":\"es\"},{\"@type\":\"Person\",\"@id\":\"https:\/\/dev.antudigital.cl\/sites\/vc\/#\/schema\/person\/c2b9da8dd545e27166fc5ab232837318\",\"name\":\"Valpara\u00edso Creativo\",\"description\":\"Periodista de cultura en la Regi\u00f3n de Valpara\u00edso.\",\"url\":\"https:\/\/dev.antudigital.cl\/sites\/vc\/author\/valpoadmin\/\"}]}<\/script>\n<!-- \/ Yoast SEO plugin. -->","yoast_head_json":{"title":"Festival de Cine Ojo de Pescado lanza II Concurso de Ilustraci\u00f3n y abre convocatoria para su competencia J\u00f3venes Cineastas - Valpara\u00ed\u00adso Creativo","robots":{"index":"index","follow":"follow","max-snippet":"max-snippet:-1","max-image-preview":"max-image-preview:large","max-video-preview":"max-video-preview:-1"},"canonical":"https:\/\/dev.antudigital.cl\/sites\/vc\/festival-de-cine-ojo-de-pescado-lanza-ii-concurso-de-ilustracion-y-abre-convocatoria-para-su-competencia-jovenes-cineastas\/","og_locale":"es_ES","og_type":"article","og_title":"Festival de Cine Ojo de Pescado lanza II Concurso de Ilustraci\u00f3n y abre convocatoria para su competencia J\u00f3venes Cineastas - Valpara\u00ed\u00adso Creativo","og_description":"Despu\u00e9s del entusiasmo generado por la primera edici\u00f3n del Concurso de Ilustraci\u00f3n en el 2024, el festival invita a ni\u00f1os, ni\u00f1as y j\u00f3venes a participar bajo la premisa \u00a1Convivamos en Paz!, alentando a cada participante a reflexionar sobre la empat\u00eda, la solidaridad y el respeto, dejando atr\u00e1s lo que nos divide.&nbsp; Este concurso es un [&hellip;]","og_url":"https:\/\/dev.antudigital.cl\/sites\/vc\/festival-de-cine-ojo-de-pescado-lanza-ii-concurso-de-ilustracion-y-abre-convocatoria-para-su-competencia-jovenes-cineastas\/","og_site_name":"Valpara\u00ed\u00adso Creativo","article_published_time":"2025-04-14T15:46:38+00:00","article_modified_time":"2025-04-14T15:47:21+00:00","og_image":[{"width":2560,"height":1707,"url":"https:\/\/dev.antudigital.cl\/sites\/vc\/wp-content\/uploads\/2025\/04\/IMG_4618-1-2-scaled.jpg","type":"image\/jpeg"}],"author":"Valpara\u00edso Creativo","twitter_card":"summary_large_image","twitter_misc":{"Escrito por":"Valpara\u00edso Creativo","Tiempo de lectura":"4 minutos"},"schema":{"@context":"https:\/\/schema.org","@graph":[{"@type":"Article","@id":"https:\/\/dev.antudigital.cl\/sites\/vc\/festival-de-cine-ojo-de-pescado-lanza-ii-concurso-de-ilustracion-y-abre-convocatoria-para-su-competencia-jovenes-cineastas\/#article","isPartOf":{"@id":"https:\/\/dev.antudigital.cl\/sites\/vc\/festival-de-cine-ojo-de-pescado-lanza-ii-concurso-de-ilustracion-y-abre-convocatoria-para-su-competencia-jovenes-cineastas\/"},"author":{"name":"Valpara\u00edso Creativo","@id":"https:\/\/dev.antudigital.cl\/sites\/vc\/#\/schema\/person\/c2b9da8dd545e27166fc5ab232837318"},"headline":"Festival de Cine Ojo de Pescado lanza II Concurso de Ilustraci\u00f3n y abre convocatoria para su competencia J\u00f3venes Cineastas","datePublished":"2025-04-14T15:46:38+00:00","dateModified":"2025-04-14T15:47:21+00:00","mainEntityOfPage":{"@id":"https:\/\/dev.antudigital.cl\/sites\/vc\/festival-de-cine-ojo-de-pescado-lanza-ii-concurso-de-ilustracion-y-abre-convocatoria-para-su-competencia-jovenes-cineastas\/"},"wordCount":665,"image":{"@id":"https:\/\/dev.antudigital.cl\/sites\/vc\/festival-de-cine-ojo-de-pescado-lanza-ii-concurso-de-ilustracion-y-abre-convocatoria-para-su-competencia-jovenes-cineastas\/#primaryimage"},"thumbnailUrl":"https:\/\/dev.antudigital.cl\/sites\/vc\/wp-content\/uploads\/2025\/04\/IMG_4618-1-2-scaled.jpg","articleSection":["Noticia"],"inLanguage":"es"},{"@type":"WebPage","@id":"https:\/\/dev.antudigital.cl\/sites\/vc\/festival-de-cine-ojo-de-pescado-lanza-ii-concurso-de-ilustracion-y-abre-convocatoria-para-su-competencia-jovenes-cineastas\/","url":"https:\/\/dev.antudigital.cl\/sites\/vc\/festival-de-cine-ojo-de-pescado-lanza-ii-concurso-de-ilustracion-y-abre-convocatoria-para-su-competencia-jovenes-cineastas\/","name":"Festival de Cine Ojo de Pescado lanza II Concurso de Ilustraci\u00f3n y abre convocatoria para su competencia J\u00f3venes Cineastas - Valpara\u00ed\u00adso Creativo","isPartOf":{"@id":"https:\/\/dev.antudigital.cl\/sites\/vc\/#website"},"primaryImageOfPage":{"@id":"https:\/\/dev.antudigital.cl\/sites\/vc\/festival-de-cine-ojo-de-pescado-lanza-ii-concurso-de-ilustracion-y-abre-convocatoria-para-su-competencia-jovenes-cineastas\/#primaryimage"},"image":{"@id":"https:\/\/dev.antudigital.cl\/sites\/vc\/festival-de-cine-ojo-de-pescado-lanza-ii-concurso-de-ilustracion-y-abre-convocatoria-para-su-competencia-jovenes-cineastas\/#primaryimage"},"thumbnailUrl":"https:\/\/dev.antudigital.cl\/sites\/vc\/wp-content\/uploads\/2025\/04\/IMG_4618-1-2-scaled.jpg","datePublished":"2025-04-14T15:46:38+00:00","dateModified":"2025-04-14T15:47:21+00:00","author":{"@id":"https:\/\/dev.antudigital.cl\/sites\/vc\/#\/schema\/person\/c2b9da8dd545e27166fc5ab232837318"},"breadcrumb":{"@id":"https:\/\/dev.antudigital.cl\/sites\/vc\/festival-de-cine-ojo-de-pescado-lanza-ii-concurso-de-ilustracion-y-abre-convocatoria-para-su-competencia-jovenes-cineastas\/#breadcrumb"},"inLanguage":"es","potentialAction":[{"@type":"ReadAction","target":["https:\/\/dev.antudigital.cl\/sites\/vc\/festival-de-cine-ojo-de-pescado-lanza-ii-concurso-de-ilustracion-y-abre-convocatoria-para-su-competencia-jovenes-cineastas\/"]}]},{"@type":"ImageObject","inLanguage":"es","@id":"https:\/\/dev.antudigital.cl\/sites\/vc\/festival-de-cine-ojo-de-pescado-lanza-ii-concurso-de-ilustracion-y-abre-convocatoria-para-su-competencia-jovenes-cineastas\/#primaryimage","url":"https:\/\/dev.antudigital.cl\/sites\/vc\/wp-content\/uploads\/2025\/04\/IMG_4618-1-2-scaled.jpg","contentUrl":"https:\/\/dev.antudigital.cl\/sites\/vc\/wp-content\/uploads\/2025\/04\/IMG_4618-1-2-scaled.jpg","width":2560,"height":1707},{"@type":"BreadcrumbList","@id":"https:\/\/dev.antudigital.cl\/sites\/vc\/festival-de-cine-ojo-de-pescado-lanza-ii-concurso-de-ilustracion-y-abre-convocatoria-para-su-competencia-jovenes-cineastas\/#breadcrumb","itemListElement":[{"@type":"ListItem","position":1,"name":"Home","item":"https:\/\/dev.antudigital.cl\/sites\/vc\/"},{"@type":"ListItem","position":2,"name":"Festival de Cine Ojo de Pescado lanza II Concurso de Ilustraci\u00f3n y abre convocatoria para su competencia J\u00f3venes Cineastas"}]},{"@type":"WebSite","@id":"https:\/\/dev.antudigital.cl\/sites\/vc\/#website","url":"https:\/\/dev.antudigital.cl\/sites\/vc\/","name":"Valpara\u00ed\u00adso Creativo","description":"","potentialAction":[{"@type":"SearchAction","target":{"@type":"EntryPoint","urlTemplate":"https:\/\/dev.antudigital.cl\/sites\/vc\/?s={search_term_string}"},"query-input":{"@type":"PropertyValueSpecification","valueRequired":true,"valueName":"search_term_string"}}],"inLanguage":"es"},{"@type":"Person","@id":"https:\/\/dev.antudigital.cl\/sites\/vc\/#\/schema\/person\/c2b9da8dd545e27166fc5ab232837318","name":"Valpara\u00edso Creativo","description":"Periodista de cultura en la Regi\u00f3n de Valpara\u00edso.","url":"https:\/\/dev.antudigital.cl\/sites\/vc\/author\/valpoadmin\/"}]}},"_links":{"self":[{"href":"https:\/\/dev.antudigital.cl\/sites\/vc\/wp-json\/wp\/v2\/posts\/22773","targetHints":{"allow":["GET"]}}],"collection":[{"href":"https:\/\/dev.antudigital.cl\/sites\/vc\/wp-json\/wp\/v2\/posts"}],"about":[{"href":"https:\/\/dev.antudigital.cl\/sites\/vc\/wp-json\/wp\/v2\/types\/post"}],"author":[{"embeddable":true,"href":"https:\/\/dev.antudigital.cl\/sites\/vc\/wp-json\/wp\/v2\/users\/1"}],"replies":[{"embeddable":true,"href":"https:\/\/dev.antudigital.cl\/sites\/vc\/wp-json\/wp\/v2\/comments?post=22773"}],"version-history":[{"count":1,"href":"https:\/\/dev.antudigital.cl\/sites\/vc\/wp-json\/wp\/v2\/posts\/22773\/revisions"}],"predecessor-version":[{"id":22777,"href":"https:\/\/dev.antudigital.cl\/sites\/vc\/wp-json\/wp\/v2\/posts\/22773\/revisions\/22777"}],"wp:featuredmedia":[{"embeddable":true,"href":"https:\/\/dev.antudigital.cl\/sites\/vc\/wp-json\/wp\/v2\/media\/22774"}],"wp:attachment":[{"href":"https:\/\/dev.antudigital.cl\/sites\/vc\/wp-json\/wp\/v2\/media?parent=22773"}],"wp:term":[{"taxonomy":"category","embeddable":true,"href":"https:\/\/dev.antudigital.cl\/sites\/vc\/wp-json\/wp\/v2\/categories?post=22773"},{"taxonomy":"post_tag","embeddable":true,"href":"https:\/\/dev.antudigital.cl\/sites\/vc\/wp-json\/wp\/v2\/tags?post=22773"}],"curies":[{"name":"wp","href":"https:\/\/api.w.org\/{rel}","templated":true}]}}