{"id":22785,"date":"2025-04-14T16:58:49","date_gmt":"2025-04-14T16:58:49","guid":{"rendered":"https:\/\/www.valparaisocreativo.cl\/?p=22785"},"modified":"2025-04-14T16:59:07","modified_gmt":"2025-04-14T16:59:07","slug":"ciudades-creativas-chilenas-asistieron-a-reunion-anual-de-la-red-de-las-ciudades-creativas-de-la-musica-de-la-unesco-en-pesaro-italia","status":"publish","type":"post","link":"https:\/\/dev.antudigital.cl\/sites\/vc\/ciudades-creativas-chilenas-asistieron-a-reunion-anual-de-la-red-de-las-ciudades-creativas-de-la-musica-de-la-unesco-en-pesaro-italia\/","title":{"rendered":"Ciudades creativas chilenas asistieron a reuni\u00f3n anual de la Red de las Ciudades Creativas de la M\u00fasica de la UNESCO en P\u00e9saro, Italia"},"content":{"rendered":"\n<p>ntre el 8 y el 11 abril de 2025 se llev\u00f3 a cabo en P\u00e9saro, Italia, el&nbsp;Encuentro del Cl\u00faster de M\u00fasica, reuni\u00f3n anual de la Red de las Ciudades Creativas de la M\u00fasica de la UNESCO. Hasta all\u00e1 llegaron representantes del Cl\u00faster de Ciudades Creativas de la M\u00fasica chilenas y puntos focales ante Unesco: Mar\u00eda Jos\u00e9 Mira en representaci\u00f3n de Frutillar, Natalia Echenique, de Concepci\u00f3n, y Manuela G\u00f3mez Jurado, de Valpara\u00edso.<\/p>\n\n\n\n<p>\u201cEste encuentro nos permite el intercambio de buenas pr\u00e1cticas y reforzar lazos con Ciudades Creativas alrededor del mundo. Frutillar ha desarrollado en los \u00faltimos a\u00f1os proyectos de colaboraci\u00f3n e intercambio con Katowice, Idanha Nova, Kansas City, Daegu, y traemos ahora varias oportunidades m\u00e1s que se ir\u00e1n concretando durante el a\u00f1o, gracias al apoyo el proyecto de Mincap a trav\u00e9s de nuestro municipio\u201d dijo Mar\u00eda Jos\u00e9 Mira, focal point de Frutillar Ciudad Creativa de la M\u00fasica.<\/p>\n\n\n\n<figure class=\"wp-block-image aligncenter size-large is-resized\"><img fetchpriority=\"high\" decoding=\"async\" width=\"768\" height=\"1024\" src=\"https:\/\/www.valparaisocreativo.cl\/wp-content\/uploads\/2025\/04\/Delegacion-Chile-y-Pesaro-junto-al-vice-alcalde-al-director-del-festival-de-opera-de-Rossini-768x1024.jpg\" alt=\"\" class=\"wp-image-22787\" style=\"width:380px;height:auto\" srcset=\"https:\/\/dev.antudigital.cl\/sites\/vc\/wp-content\/uploads\/2025\/04\/Delegacion-Chile-y-Pesaro-junto-al-vice-alcalde-al-director-del-festival-de-opera-de-Rossini-768x1024.jpg 768w, https:\/\/dev.antudigital.cl\/sites\/vc\/wp-content\/uploads\/2025\/04\/Delegacion-Chile-y-Pesaro-junto-al-vice-alcalde-al-director-del-festival-de-opera-de-Rossini-225x300.jpg 225w, https:\/\/dev.antudigital.cl\/sites\/vc\/wp-content\/uploads\/2025\/04\/Delegacion-Chile-y-Pesaro-junto-al-vice-alcalde-al-director-del-festival-de-opera-de-Rossini-480x640.jpg 480w, https:\/\/dev.antudigital.cl\/sites\/vc\/wp-content\/uploads\/2025\/04\/Delegacion-Chile-y-Pesaro-junto-al-vice-alcalde-al-director-del-festival-de-opera-de-Rossini-18x24.jpg 18w, https:\/\/dev.antudigital.cl\/sites\/vc\/wp-content\/uploads\/2025\/04\/Delegacion-Chile-y-Pesaro-junto-al-vice-alcalde-al-director-del-festival-de-opera-de-Rossini-27x36.jpg 27w, https:\/\/dev.antudigital.cl\/sites\/vc\/wp-content\/uploads\/2025\/04\/Delegacion-Chile-y-Pesaro-junto-al-vice-alcalde-al-director-del-festival-de-opera-de-Rossini-36x48.jpg 36w, https:\/\/dev.antudigital.cl\/sites\/vc\/wp-content\/uploads\/2025\/04\/Delegacion-Chile-y-Pesaro-junto-al-vice-alcalde-al-director-del-festival-de-opera-de-Rossini.jpg 960w\" sizes=\"(max-width: 768px) 100vw, 768px\" \/><\/figure>\n\n\n\n<p>\u201cEl cl\u00faster de la m\u00fasica chilena se pudo reunir con la cantante l\u00edrica Javiera Tapia, chilena residente en P\u00e9saro, con quien estamos tendiendo puentes para desarrollar acciones de colaboraci\u00f3n\u201d,&nbsp;coment\u00f3 Manuela G\u00f3mez, focal point&nbsp;de&nbsp;Valpara\u00edso Ciudad Creativa. &nbsp;<\/p>\n\n\n\n<p>Natalia Echenique, Focal Point de Concepci\u00f3n, fue presentada oficialmente como co-encargada de comunicaciones de la subred internacional, cargo que compartir\u00e1 con una segunda ciudad que ser\u00e1 definida pr\u00f3ximamente. En la jornada de cierre, el viernes 11 de abril, Echenique present\u00f3 a las ciudades asistentes la nueva estrategia de comunicaci\u00f3n para la subred, que desarroll\u00f3 durante los d\u00edas del encuentro, tras meses de trabajo colaborativo junto al co-encargado de comunicaciones de Auckland, la Coordinadora General de Norrk\u00f6ping y el Subcoordinador General de Kansas City. \u201cLa propuesta, que fue muy bien recibida, busca fortalecer la participaci\u00f3n y visibilidad de todas las ciudades miembros, incentivando el trabajo colaborativo y la circulaci\u00f3n de experiencias, proyectos y buenas&nbsp;pr\u00e1cticas\u201d explic\u00f3 Natalia.<\/p>\n\n\n\n<figure class=\"wp-block-image aligncenter size-large is-resized\"><img decoding=\"async\" width=\"768\" height=\"1024\" src=\"https:\/\/www.valparaisocreativo.cl\/wp-content\/uploads\/2025\/04\/Manuela-Gomez-Maria-Jose-Mira-y-Natalia-Echenique-junto-a-cantante-lirica-Javiera-Tapia-768x1024.jpg\" alt=\"\" class=\"wp-image-22789\" style=\"width:409px;height:auto\" srcset=\"https:\/\/dev.antudigital.cl\/sites\/vc\/wp-content\/uploads\/2025\/04\/Manuela-Gomez-Maria-Jose-Mira-y-Natalia-Echenique-junto-a-cantante-lirica-Javiera-Tapia-768x1024.jpg 768w, https:\/\/dev.antudigital.cl\/sites\/vc\/wp-content\/uploads\/2025\/04\/Manuela-Gomez-Maria-Jose-Mira-y-Natalia-Echenique-junto-a-cantante-lirica-Javiera-Tapia-225x300.jpg 225w, https:\/\/dev.antudigital.cl\/sites\/vc\/wp-content\/uploads\/2025\/04\/Manuela-Gomez-Maria-Jose-Mira-y-Natalia-Echenique-junto-a-cantante-lirica-Javiera-Tapia-480x640.jpg 480w, https:\/\/dev.antudigital.cl\/sites\/vc\/wp-content\/uploads\/2025\/04\/Manuela-Gomez-Maria-Jose-Mira-y-Natalia-Echenique-junto-a-cantante-lirica-Javiera-Tapia-18x24.jpg 18w, https:\/\/dev.antudigital.cl\/sites\/vc\/wp-content\/uploads\/2025\/04\/Manuela-Gomez-Maria-Jose-Mira-y-Natalia-Echenique-junto-a-cantante-lirica-Javiera-Tapia-27x36.jpg 27w, https:\/\/dev.antudigital.cl\/sites\/vc\/wp-content\/uploads\/2025\/04\/Manuela-Gomez-Maria-Jose-Mira-y-Natalia-Echenique-junto-a-cantante-lirica-Javiera-Tapia-36x48.jpg 36w, https:\/\/dev.antudigital.cl\/sites\/vc\/wp-content\/uploads\/2025\/04\/Manuela-Gomez-Maria-Jose-Mira-y-Natalia-Echenique-junto-a-cantante-lirica-Javiera-Tapia.jpg 960w\" sizes=\"(max-width: 768px) 100vw, 768px\" \/><\/figure>\n\n\n\n<p>P\u00e9saro es reconocida como&nbsp;Ciudad Creativa de la M\u00fasica&nbsp;por UNESCO desde 1997, gracias a figuras como Rossini, el Festival de \u00d3pera Rossini, Pavarotti y diversas entidades musicales, y fue designada como Capital Italiana de la Cultura 2024. El encuentro reuni\u00f3 a m\u00e1s de 30 ciudades de todo el mundo con el prop\u00f3sito de intercambiar experiencias, fortalecer la cooperaci\u00f3n internacional&nbsp;y promover la diversidad cultural a trav\u00e9s de la m\u00fasica como motor de transformaci\u00f3n social, econ\u00f3mica y ambiental.<\/p>\n\n\n\n<p>La conformaci\u00f3n del cl\u00faster chileno y su participaci\u00f3n en este encuentro anual es posible gracias al financiamiento del Ministerio de las Culturas, las Artes y el Patrimonio, con foco en el fortalecimiento de los ecosistemas locales, la circulaci\u00f3n de artistas y la representaci\u00f3n de cada ciudad creativa en la red de Unesco.<\/p>\n\n\n\n<figure class=\"wp-block-image size-full\"><img decoding=\"async\" width=\"828\" height=\"1022\" src=\"https:\/\/www.valparaisocreativo.cl\/wp-content\/uploads\/2025\/04\/Imagen-de-WhatsApp-2025-04-10-a-las-21.18.47_a161208c.jpg\" alt=\"\" class=\"wp-image-22788\" srcset=\"https:\/\/dev.antudigital.cl\/sites\/vc\/wp-content\/uploads\/2025\/04\/Imagen-de-WhatsApp-2025-04-10-a-las-21.18.47_a161208c.jpg 828w, https:\/\/dev.antudigital.cl\/sites\/vc\/wp-content\/uploads\/2025\/04\/Imagen-de-WhatsApp-2025-04-10-a-las-21.18.47_a161208c-243x300.jpg 243w, https:\/\/dev.antudigital.cl\/sites\/vc\/wp-content\/uploads\/2025\/04\/Imagen-de-WhatsApp-2025-04-10-a-las-21.18.47_a161208c-768x948.jpg 768w, https:\/\/dev.antudigital.cl\/sites\/vc\/wp-content\/uploads\/2025\/04\/Imagen-de-WhatsApp-2025-04-10-a-las-21.18.47_a161208c-480x592.jpg 480w, https:\/\/dev.antudigital.cl\/sites\/vc\/wp-content\/uploads\/2025\/04\/Imagen-de-WhatsApp-2025-04-10-a-las-21.18.47_a161208c-19x24.jpg 19w, https:\/\/dev.antudigital.cl\/sites\/vc\/wp-content\/uploads\/2025\/04\/Imagen-de-WhatsApp-2025-04-10-a-las-21.18.47_a161208c-29x36.jpg 29w, https:\/\/dev.antudigital.cl\/sites\/vc\/wp-content\/uploads\/2025\/04\/Imagen-de-WhatsApp-2025-04-10-a-las-21.18.47_a161208c-39x48.jpg 39w\" sizes=\"(max-width: 828px) 100vw, 828px\" \/><\/figure>\n","protected":false},"excerpt":{"rendered":"<p>ntre el 8 y el 11 abril de 2025 se llev\u00f3 a cabo en P\u00e9saro, Italia, el&nbsp;Encuentro del Cl\u00faster de M\u00fasica, reuni\u00f3n anual de la Red de las Ciudades Creativas de la M\u00fasica de la UNESCO. Hasta all\u00e1 llegaron representantes del Cl\u00faster de Ciudades Creativas de la M\u00fasica chilenas y puntos focales ante Unesco: Mar\u00eda [&hellip;]<\/p>\n","protected":false},"author":1,"featured_media":22786,"comment_status":"closed","ping_status":"closed","sticky":false,"template":"","format":"standard","meta":{"_acf_changed":false,"footnotes":""},"categories":[8],"tags":[],"class_list":["post-22785","post","type-post","status-publish","format-standard","has-post-thumbnail","hentry","category-noticia"],"acf":[],"yoast_head":"<!-- This site is optimized with the Yoast SEO plugin v27.1.1 - https:\/\/yoast.com\/product\/yoast-seo-wordpress\/ -->\n<title>Ciudades creativas chilenas asistieron a reuni\u00f3n anual de la Red de las Ciudades Creativas de la M\u00fasica de la UNESCO en P\u00e9saro, Italia - Valpara\u00ed\u00adso Creativo<\/title>\n<meta name=\"robots\" content=\"index, follow, max-snippet:-1, max-image-preview:large, max-video-preview:-1\" \/>\n<link rel=\"canonical\" href=\"https:\/\/dev.antudigital.cl\/sites\/vc\/ciudades-creativas-chilenas-asistieron-a-reunion-anual-de-la-red-de-las-ciudades-creativas-de-la-musica-de-la-unesco-en-pesaro-italia\/\" \/>\n<meta property=\"og:locale\" content=\"es_ES\" \/>\n<meta property=\"og:type\" content=\"article\" \/>\n<meta property=\"og:title\" content=\"Ciudades creativas chilenas asistieron a reuni\u00f3n anual de la Red de las Ciudades Creativas de la M\u00fasica de la UNESCO en P\u00e9saro, Italia - Valpara\u00ed\u00adso Creativo\" \/>\n<meta property=\"og:description\" content=\"ntre el 8 y el 11 abril de 2025 se llev\u00f3 a cabo en P\u00e9saro, Italia, el&nbsp;Encuentro del Cl\u00faster de M\u00fasica, reuni\u00f3n anual de la Red de las Ciudades Creativas de la M\u00fasica de la UNESCO. Hasta all\u00e1 llegaron representantes del Cl\u00faster de Ciudades Creativas de la M\u00fasica chilenas y puntos focales ante Unesco: Mar\u00eda [&hellip;]\" \/>\n<meta property=\"og:url\" content=\"https:\/\/dev.antudigital.cl\/sites\/vc\/ciudades-creativas-chilenas-asistieron-a-reunion-anual-de-la-red-de-las-ciudades-creativas-de-la-musica-de-la-unesco-en-pesaro-italia\/\" \/>\n<meta property=\"og:site_name\" content=\"Valpara\u00ed\u00adso Creativo\" \/>\n<meta property=\"article:published_time\" content=\"2025-04-14T16:58:49+00:00\" \/>\n<meta property=\"article:modified_time\" content=\"2025-04-14T16:59:07+00:00\" \/>\n<meta property=\"og:image\" content=\"https:\/\/dev.antudigital.cl\/sites\/vc\/wp-content\/uploads\/2025\/04\/Ciudades-Creativas-de-la-Musica-reunidas-en-Pesaro.jpg\" \/>\n\t<meta property=\"og:image:width\" content=\"2000\" \/>\n\t<meta property=\"og:image:height\" content=\"1500\" \/>\n\t<meta property=\"og:image:type\" content=\"image\/jpeg\" \/>\n<meta name=\"author\" content=\"Valpara\u00edso Creativo\" \/>\n<meta name=\"twitter:card\" content=\"summary_large_image\" \/>\n<meta name=\"twitter:label1\" content=\"Escrito por\" \/>\n\t<meta name=\"twitter:data1\" content=\"Valpara\u00edso Creativo\" \/>\n\t<meta name=\"twitter:label2\" content=\"Tiempo de lectura\" \/>\n\t<meta name=\"twitter:data2\" content=\"3 minutos\" \/>\n<script type=\"application\/ld+json\" class=\"yoast-schema-graph\">{\"@context\":\"https:\/\/schema.org\",\"@graph\":[{\"@type\":\"Article\",\"@id\":\"https:\/\/dev.antudigital.cl\/sites\/vc\/ciudades-creativas-chilenas-asistieron-a-reunion-anual-de-la-red-de-las-ciudades-creativas-de-la-musica-de-la-unesco-en-pesaro-italia\/#article\",\"isPartOf\":{\"@id\":\"https:\/\/dev.antudigital.cl\/sites\/vc\/ciudades-creativas-chilenas-asistieron-a-reunion-anual-de-la-red-de-las-ciudades-creativas-de-la-musica-de-la-unesco-en-pesaro-italia\/\"},\"author\":{\"name\":\"Valpara\u00edso Creativo\",\"@id\":\"https:\/\/dev.antudigital.cl\/sites\/vc\/#\/schema\/person\/c2b9da8dd545e27166fc5ab232837318\"},\"headline\":\"Ciudades creativas chilenas asistieron a reuni\u00f3n anual de la Red de las Ciudades Creativas de la M\u00fasica de la UNESCO en P\u00e9saro, Italia\",\"datePublished\":\"2025-04-14T16:58:49+00:00\",\"dateModified\":\"2025-04-14T16:59:07+00:00\",\"mainEntityOfPage\":{\"@id\":\"https:\/\/dev.antudigital.cl\/sites\/vc\/ciudades-creativas-chilenas-asistieron-a-reunion-anual-de-la-red-de-las-ciudades-creativas-de-la-musica-de-la-unesco-en-pesaro-italia\/\"},\"wordCount\":509,\"image\":{\"@id\":\"https:\/\/dev.antudigital.cl\/sites\/vc\/ciudades-creativas-chilenas-asistieron-a-reunion-anual-de-la-red-de-las-ciudades-creativas-de-la-musica-de-la-unesco-en-pesaro-italia\/#primaryimage\"},\"thumbnailUrl\":\"https:\/\/dev.antudigital.cl\/sites\/vc\/wp-content\/uploads\/2025\/04\/Ciudades-Creativas-de-la-Musica-reunidas-en-Pesaro.jpg\",\"articleSection\":[\"Noticia\"],\"inLanguage\":\"es\"},{\"@type\":\"WebPage\",\"@id\":\"https:\/\/dev.antudigital.cl\/sites\/vc\/ciudades-creativas-chilenas-asistieron-a-reunion-anual-de-la-red-de-las-ciudades-creativas-de-la-musica-de-la-unesco-en-pesaro-italia\/\",\"url\":\"https:\/\/dev.antudigital.cl\/sites\/vc\/ciudades-creativas-chilenas-asistieron-a-reunion-anual-de-la-red-de-las-ciudades-creativas-de-la-musica-de-la-unesco-en-pesaro-italia\/\",\"name\":\"Ciudades creativas chilenas asistieron a reuni\u00f3n anual de la Red de las Ciudades Creativas de la M\u00fasica de la UNESCO en P\u00e9saro, Italia - Valpara\u00ed\u00adso Creativo\",\"isPartOf\":{\"@id\":\"https:\/\/dev.antudigital.cl\/sites\/vc\/#website\"},\"primaryImageOfPage\":{\"@id\":\"https:\/\/dev.antudigital.cl\/sites\/vc\/ciudades-creativas-chilenas-asistieron-a-reunion-anual-de-la-red-de-las-ciudades-creativas-de-la-musica-de-la-unesco-en-pesaro-italia\/#primaryimage\"},\"image\":{\"@id\":\"https:\/\/dev.antudigital.cl\/sites\/vc\/ciudades-creativas-chilenas-asistieron-a-reunion-anual-de-la-red-de-las-ciudades-creativas-de-la-musica-de-la-unesco-en-pesaro-italia\/#primaryimage\"},\"thumbnailUrl\":\"https:\/\/dev.antudigital.cl\/sites\/vc\/wp-content\/uploads\/2025\/04\/Ciudades-Creativas-de-la-Musica-reunidas-en-Pesaro.jpg\",\"datePublished\":\"2025-04-14T16:58:49+00:00\",\"dateModified\":\"2025-04-14T16:59:07+00:00\",\"author\":{\"@id\":\"https:\/\/dev.antudigital.cl\/sites\/vc\/#\/schema\/person\/c2b9da8dd545e27166fc5ab232837318\"},\"breadcrumb\":{\"@id\":\"https:\/\/dev.antudigital.cl\/sites\/vc\/ciudades-creativas-chilenas-asistieron-a-reunion-anual-de-la-red-de-las-ciudades-creativas-de-la-musica-de-la-unesco-en-pesaro-italia\/#breadcrumb\"},\"inLanguage\":\"es\",\"potentialAction\":[{\"@type\":\"ReadAction\",\"target\":[\"https:\/\/dev.antudigital.cl\/sites\/vc\/ciudades-creativas-chilenas-asistieron-a-reunion-anual-de-la-red-de-las-ciudades-creativas-de-la-musica-de-la-unesco-en-pesaro-italia\/\"]}]},{\"@type\":\"ImageObject\",\"inLanguage\":\"es\",\"@id\":\"https:\/\/dev.antudigital.cl\/sites\/vc\/ciudades-creativas-chilenas-asistieron-a-reunion-anual-de-la-red-de-las-ciudades-creativas-de-la-musica-de-la-unesco-en-pesaro-italia\/#primaryimage\",\"url\":\"https:\/\/dev.antudigital.cl\/sites\/vc\/wp-content\/uploads\/2025\/04\/Ciudades-Creativas-de-la-Musica-reunidas-en-Pesaro.jpg\",\"contentUrl\":\"https:\/\/dev.antudigital.cl\/sites\/vc\/wp-content\/uploads\/2025\/04\/Ciudades-Creativas-de-la-Musica-reunidas-en-Pesaro.jpg\",\"width\":2000,\"height\":1500},{\"@type\":\"BreadcrumbList\",\"@id\":\"https:\/\/dev.antudigital.cl\/sites\/vc\/ciudades-creativas-chilenas-asistieron-a-reunion-anual-de-la-red-de-las-ciudades-creativas-de-la-musica-de-la-unesco-en-pesaro-italia\/#breadcrumb\",\"itemListElement\":[{\"@type\":\"ListItem\",\"position\":1,\"name\":\"Home\",\"item\":\"https:\/\/dev.antudigital.cl\/sites\/vc\/\"},{\"@type\":\"ListItem\",\"position\":2,\"name\":\"Ciudades creativas chilenas asistieron a reuni\u00f3n anual de la Red de las Ciudades Creativas de la M\u00fasica de la UNESCO en P\u00e9saro, Italia\"}]},{\"@type\":\"WebSite\",\"@id\":\"https:\/\/dev.antudigital.cl\/sites\/vc\/#website\",\"url\":\"https:\/\/dev.antudigital.cl\/sites\/vc\/\",\"name\":\"Valpara\u00ed\u00adso Creativo\",\"description\":\"\",\"potentialAction\":[{\"@type\":\"SearchAction\",\"target\":{\"@type\":\"EntryPoint\",\"urlTemplate\":\"https:\/\/dev.antudigital.cl\/sites\/vc\/?s={search_term_string}\"},\"query-input\":{\"@type\":\"PropertyValueSpecification\",\"valueRequired\":true,\"valueName\":\"search_term_string\"}}],\"inLanguage\":\"es\"},{\"@type\":\"Person\",\"@id\":\"https:\/\/dev.antudigital.cl\/sites\/vc\/#\/schema\/person\/c2b9da8dd545e27166fc5ab232837318\",\"name\":\"Valpara\u00edso Creativo\",\"description\":\"Periodista de cultura en la Regi\u00f3n de Valpara\u00edso.\",\"url\":\"https:\/\/dev.antudigital.cl\/sites\/vc\/author\/valpoadmin\/\"}]}<\/script>\n<!-- \/ Yoast SEO plugin. -->","yoast_head_json":{"title":"Ciudades creativas chilenas asistieron a reuni\u00f3n anual de la Red de las Ciudades Creativas de la M\u00fasica de la UNESCO en P\u00e9saro, Italia - Valpara\u00ed\u00adso Creativo","robots":{"index":"index","follow":"follow","max-snippet":"max-snippet:-1","max-image-preview":"max-image-preview:large","max-video-preview":"max-video-preview:-1"},"canonical":"https:\/\/dev.antudigital.cl\/sites\/vc\/ciudades-creativas-chilenas-asistieron-a-reunion-anual-de-la-red-de-las-ciudades-creativas-de-la-musica-de-la-unesco-en-pesaro-italia\/","og_locale":"es_ES","og_type":"article","og_title":"Ciudades creativas chilenas asistieron a reuni\u00f3n anual de la Red de las Ciudades Creativas de la M\u00fasica de la UNESCO en P\u00e9saro, Italia - Valpara\u00ed\u00adso Creativo","og_description":"ntre el 8 y el 11 abril de 2025 se llev\u00f3 a cabo en P\u00e9saro, Italia, el&nbsp;Encuentro del Cl\u00faster de M\u00fasica, reuni\u00f3n anual de la Red de las Ciudades Creativas de la M\u00fasica de la UNESCO. Hasta all\u00e1 llegaron representantes del Cl\u00faster de Ciudades Creativas de la M\u00fasica chilenas y puntos focales ante Unesco: Mar\u00eda [&hellip;]","og_url":"https:\/\/dev.antudigital.cl\/sites\/vc\/ciudades-creativas-chilenas-asistieron-a-reunion-anual-de-la-red-de-las-ciudades-creativas-de-la-musica-de-la-unesco-en-pesaro-italia\/","og_site_name":"Valpara\u00ed\u00adso Creativo","article_published_time":"2025-04-14T16:58:49+00:00","article_modified_time":"2025-04-14T16:59:07+00:00","og_image":[{"width":2000,"height":1500,"url":"https:\/\/dev.antudigital.cl\/sites\/vc\/wp-content\/uploads\/2025\/04\/Ciudades-Creativas-de-la-Musica-reunidas-en-Pesaro.jpg","type":"image\/jpeg"}],"author":"Valpara\u00edso Creativo","twitter_card":"summary_large_image","twitter_misc":{"Escrito por":"Valpara\u00edso Creativo","Tiempo de lectura":"3 minutos"},"schema":{"@context":"https:\/\/schema.org","@graph":[{"@type":"Article","@id":"https:\/\/dev.antudigital.cl\/sites\/vc\/ciudades-creativas-chilenas-asistieron-a-reunion-anual-de-la-red-de-las-ciudades-creativas-de-la-musica-de-la-unesco-en-pesaro-italia\/#article","isPartOf":{"@id":"https:\/\/dev.antudigital.cl\/sites\/vc\/ciudades-creativas-chilenas-asistieron-a-reunion-anual-de-la-red-de-las-ciudades-creativas-de-la-musica-de-la-unesco-en-pesaro-italia\/"},"author":{"name":"Valpara\u00edso Creativo","@id":"https:\/\/dev.antudigital.cl\/sites\/vc\/#\/schema\/person\/c2b9da8dd545e27166fc5ab232837318"},"headline":"Ciudades creativas chilenas asistieron a reuni\u00f3n anual de la Red de las Ciudades Creativas de la M\u00fasica de la UNESCO en P\u00e9saro, Italia","datePublished":"2025-04-14T16:58:49+00:00","dateModified":"2025-04-14T16:59:07+00:00","mainEntityOfPage":{"@id":"https:\/\/dev.antudigital.cl\/sites\/vc\/ciudades-creativas-chilenas-asistieron-a-reunion-anual-de-la-red-de-las-ciudades-creativas-de-la-musica-de-la-unesco-en-pesaro-italia\/"},"wordCount":509,"image":{"@id":"https:\/\/dev.antudigital.cl\/sites\/vc\/ciudades-creativas-chilenas-asistieron-a-reunion-anual-de-la-red-de-las-ciudades-creativas-de-la-musica-de-la-unesco-en-pesaro-italia\/#primaryimage"},"thumbnailUrl":"https:\/\/dev.antudigital.cl\/sites\/vc\/wp-content\/uploads\/2025\/04\/Ciudades-Creativas-de-la-Musica-reunidas-en-Pesaro.jpg","articleSection":["Noticia"],"inLanguage":"es"},{"@type":"WebPage","@id":"https:\/\/dev.antudigital.cl\/sites\/vc\/ciudades-creativas-chilenas-asistieron-a-reunion-anual-de-la-red-de-las-ciudades-creativas-de-la-musica-de-la-unesco-en-pesaro-italia\/","url":"https:\/\/dev.antudigital.cl\/sites\/vc\/ciudades-creativas-chilenas-asistieron-a-reunion-anual-de-la-red-de-las-ciudades-creativas-de-la-musica-de-la-unesco-en-pesaro-italia\/","name":"Ciudades creativas chilenas asistieron a reuni\u00f3n anual de la Red de las Ciudades Creativas de la M\u00fasica de la UNESCO en P\u00e9saro, Italia - Valpara\u00ed\u00adso Creativo","isPartOf":{"@id":"https:\/\/dev.antudigital.cl\/sites\/vc\/#website"},"primaryImageOfPage":{"@id":"https:\/\/dev.antudigital.cl\/sites\/vc\/ciudades-creativas-chilenas-asistieron-a-reunion-anual-de-la-red-de-las-ciudades-creativas-de-la-musica-de-la-unesco-en-pesaro-italia\/#primaryimage"},"image":{"@id":"https:\/\/dev.antudigital.cl\/sites\/vc\/ciudades-creativas-chilenas-asistieron-a-reunion-anual-de-la-red-de-las-ciudades-creativas-de-la-musica-de-la-unesco-en-pesaro-italia\/#primaryimage"},"thumbnailUrl":"https:\/\/dev.antudigital.cl\/sites\/vc\/wp-content\/uploads\/2025\/04\/Ciudades-Creativas-de-la-Musica-reunidas-en-Pesaro.jpg","datePublished":"2025-04-14T16:58:49+00:00","dateModified":"2025-04-14T16:59:07+00:00","author":{"@id":"https:\/\/dev.antudigital.cl\/sites\/vc\/#\/schema\/person\/c2b9da8dd545e27166fc5ab232837318"},"breadcrumb":{"@id":"https:\/\/dev.antudigital.cl\/sites\/vc\/ciudades-creativas-chilenas-asistieron-a-reunion-anual-de-la-red-de-las-ciudades-creativas-de-la-musica-de-la-unesco-en-pesaro-italia\/#breadcrumb"},"inLanguage":"es","potentialAction":[{"@type":"ReadAction","target":["https:\/\/dev.antudigital.cl\/sites\/vc\/ciudades-creativas-chilenas-asistieron-a-reunion-anual-de-la-red-de-las-ciudades-creativas-de-la-musica-de-la-unesco-en-pesaro-italia\/"]}]},{"@type":"ImageObject","inLanguage":"es","@id":"https:\/\/dev.antudigital.cl\/sites\/vc\/ciudades-creativas-chilenas-asistieron-a-reunion-anual-de-la-red-de-las-ciudades-creativas-de-la-musica-de-la-unesco-en-pesaro-italia\/#primaryimage","url":"https:\/\/dev.antudigital.cl\/sites\/vc\/wp-content\/uploads\/2025\/04\/Ciudades-Creativas-de-la-Musica-reunidas-en-Pesaro.jpg","contentUrl":"https:\/\/dev.antudigital.cl\/sites\/vc\/wp-content\/uploads\/2025\/04\/Ciudades-Creativas-de-la-Musica-reunidas-en-Pesaro.jpg","width":2000,"height":1500},{"@type":"BreadcrumbList","@id":"https:\/\/dev.antudigital.cl\/sites\/vc\/ciudades-creativas-chilenas-asistieron-a-reunion-anual-de-la-red-de-las-ciudades-creativas-de-la-musica-de-la-unesco-en-pesaro-italia\/#breadcrumb","itemListElement":[{"@type":"ListItem","position":1,"name":"Home","item":"https:\/\/dev.antudigital.cl\/sites\/vc\/"},{"@type":"ListItem","position":2,"name":"Ciudades creativas chilenas asistieron a reuni\u00f3n anual de la Red de las Ciudades Creativas de la M\u00fasica de la UNESCO en P\u00e9saro, Italia"}]},{"@type":"WebSite","@id":"https:\/\/dev.antudigital.cl\/sites\/vc\/#website","url":"https:\/\/dev.antudigital.cl\/sites\/vc\/","name":"Valpara\u00ed\u00adso Creativo","description":"","potentialAction":[{"@type":"SearchAction","target":{"@type":"EntryPoint","urlTemplate":"https:\/\/dev.antudigital.cl\/sites\/vc\/?s={search_term_string}"},"query-input":{"@type":"PropertyValueSpecification","valueRequired":true,"valueName":"search_term_string"}}],"inLanguage":"es"},{"@type":"Person","@id":"https:\/\/dev.antudigital.cl\/sites\/vc\/#\/schema\/person\/c2b9da8dd545e27166fc5ab232837318","name":"Valpara\u00edso Creativo","description":"Periodista de cultura en la Regi\u00f3n de Valpara\u00edso.","url":"https:\/\/dev.antudigital.cl\/sites\/vc\/author\/valpoadmin\/"}]}},"_links":{"self":[{"href":"https:\/\/dev.antudigital.cl\/sites\/vc\/wp-json\/wp\/v2\/posts\/22785","targetHints":{"allow":["GET"]}}],"collection":[{"href":"https:\/\/dev.antudigital.cl\/sites\/vc\/wp-json\/wp\/v2\/posts"}],"about":[{"href":"https:\/\/dev.antudigital.cl\/sites\/vc\/wp-json\/wp\/v2\/types\/post"}],"author":[{"embeddable":true,"href":"https:\/\/dev.antudigital.cl\/sites\/vc\/wp-json\/wp\/v2\/users\/1"}],"replies":[{"embeddable":true,"href":"https:\/\/dev.antudigital.cl\/sites\/vc\/wp-json\/wp\/v2\/comments?post=22785"}],"version-history":[{"count":1,"href":"https:\/\/dev.antudigital.cl\/sites\/vc\/wp-json\/wp\/v2\/posts\/22785\/revisions"}],"predecessor-version":[{"id":22790,"href":"https:\/\/dev.antudigital.cl\/sites\/vc\/wp-json\/wp\/v2\/posts\/22785\/revisions\/22790"}],"wp:featuredmedia":[{"embeddable":true,"href":"https:\/\/dev.antudigital.cl\/sites\/vc\/wp-json\/wp\/v2\/media\/22786"}],"wp:attachment":[{"href":"https:\/\/dev.antudigital.cl\/sites\/vc\/wp-json\/wp\/v2\/media?parent=22785"}],"wp:term":[{"taxonomy":"category","embeddable":true,"href":"https:\/\/dev.antudigital.cl\/sites\/vc\/wp-json\/wp\/v2\/categories?post=22785"},{"taxonomy":"post_tag","embeddable":true,"href":"https:\/\/dev.antudigital.cl\/sites\/vc\/wp-json\/wp\/v2\/tags?post=22785"}],"curies":[{"name":"wp","href":"https:\/\/api.w.org\/{rel}","templated":true}]}}