{"id":22791,"date":"2025-04-14T17:09:27","date_gmt":"2025-04-14T17:09:27","guid":{"rendered":"https:\/\/www.valparaisocreativo.cl\/?p=22791"},"modified":"2025-04-14T17:09:46","modified_gmt":"2025-04-14T17:09:46","slug":"lomberr-rompe-la-inercia-con-un-viaje-por-la-naturaleza-en-el-primer-single-de-su-lp-debut","status":"publish","type":"post","link":"https:\/\/dev.antudigital.cl\/sites\/vc\/lomberr-rompe-la-inercia-con-un-viaje-por-la-naturaleza-en-el-primer-single-de-su-lp-debut\/","title":{"rendered":"Lomberr\u00a0rompe la\u00a0&#8216;Inercia&#8217;\u00a0con un viaje por la naturaleza en el primer single de su LP debut"},"content":{"rendered":"\n<p>Habitar la naturaleza, inspirarse en ella y romper las inercias de la vida para dar con nuestra forma m\u00e1s visceral.\u00a0<a href=\"https:\/\/linktr.ee\/lomberr?fbclid=PAZXh0bgNhZW0CMTEAAaanhhnBOEgYkpAbdyDFVQGP09OarjNKVducn34NNLEc6o9agrX_eQ4jljU_aem_2JTfzEQRo4B8_x4m8Mun6w\" target=\"_blank\" rel=\"noreferrer noopener\"><strong>Lomberr<\/strong><\/a>, proyecto musical de \u00c1lvaro Cruz, viene haciendo esto con su m\u00fasica desde 2019, \u00a0de la mano de un indiefolk que se ha expandido hasta el post-rock y las atm\u00f3sferas.\u00a0<\/p>\n\n\n\n<p><br>Con un EP del 2021 titulado\u00a0<a href=\"https:\/\/open.spotify.com\/intl-es\/album\/1ER6gS7vNppJFI9L1IrRsV?si=c-2f9A3ISpedH2PlppC5NA\" target=\"_blank\" rel=\"noreferrer noopener\"><em><strong>La Tregua<\/strong><\/em><\/a>, sumado a una serie de exitosos sencillos estrenados durante los a\u00f1os siguientes, el chileno hoy anuncia su disco debut:\u00a0<em><strong>Paisajes Paralelos<\/strong><\/em>.\u00a0<a href=\"https:\/\/links.altafonte.com\/oj504vm\" target=\"_blank\" rel=\"noreferrer noopener\"><strong>&#8216;Inercia&#8217;<\/strong><\/a>\u00a0es la primera muestra del \u00e1lbum, y tambi\u00e9n de una nueva etapa luego de un periodo de exploraci\u00f3n y crecimiento.\u00a0<\/p>\n\n\n\n<p>Inspirada en la sensaci\u00f3n de estar atrapado en un ciclo interminable, el single traza guitarras profundas y reverberantes con una voz que sabe de resignaci\u00f3n e indagaci\u00f3n.<\/p>\n\n\n\n<figure class=\"wp-block-image aligncenter size-large is-resized\"><img fetchpriority=\"high\" decoding=\"async\" width=\"1024\" height=\"1024\" src=\"https:\/\/www.valparaisocreativo.cl\/wp-content\/uploads\/2025\/04\/lomberr-1024x1024.jpeg\" alt=\"\" class=\"wp-image-22793\" style=\"width:293px;height:auto\" srcset=\"https:\/\/dev.antudigital.cl\/sites\/vc\/wp-content\/uploads\/2025\/04\/lomberr-1024x1024.jpeg 1024w, https:\/\/dev.antudigital.cl\/sites\/vc\/wp-content\/uploads\/2025\/04\/lomberr-300x300.jpeg 300w, https:\/\/dev.antudigital.cl\/sites\/vc\/wp-content\/uploads\/2025\/04\/lomberr-150x150.jpeg 150w, https:\/\/dev.antudigital.cl\/sites\/vc\/wp-content\/uploads\/2025\/04\/lomberr-768x768.jpeg 768w, https:\/\/dev.antudigital.cl\/sites\/vc\/wp-content\/uploads\/2025\/04\/lomberr-1536x1536.jpeg 1536w, https:\/\/dev.antudigital.cl\/sites\/vc\/wp-content\/uploads\/2025\/04\/lomberr-2048x2048.jpeg 2048w, https:\/\/dev.antudigital.cl\/sites\/vc\/wp-content\/uploads\/2025\/04\/lomberr-1080x1080.jpeg 1080w, https:\/\/dev.antudigital.cl\/sites\/vc\/wp-content\/uploads\/2025\/04\/lomberr-1280x1280.jpeg 1280w, https:\/\/dev.antudigital.cl\/sites\/vc\/wp-content\/uploads\/2025\/04\/lomberr-980x980.jpeg 980w, https:\/\/dev.antudigital.cl\/sites\/vc\/wp-content\/uploads\/2025\/04\/lomberr-480x480.jpeg 480w, https:\/\/dev.antudigital.cl\/sites\/vc\/wp-content\/uploads\/2025\/04\/lomberr-24x24.jpeg 24w, https:\/\/dev.antudigital.cl\/sites\/vc\/wp-content\/uploads\/2025\/04\/lomberr-36x36.jpeg 36w, https:\/\/dev.antudigital.cl\/sites\/vc\/wp-content\/uploads\/2025\/04\/lomberr-48x48.jpeg 48w\" sizes=\"(max-width: 1024px) 100vw, 1024px\" \/><\/figure>\n\n\n\n<p><strong>\u275dHabla sobre la inmovilidad, sobre esa incapacidad de reaccionar ante olas de cambio. El disco, en l\u00edneas generales, trata sobre la b\u00fasqueda de identidad, que surge precisamente a trav\u00e9s de esos cambios. En mi caso, la inercia vino con las dudas que tuve hace un par de a\u00f1os sobre seguir o no haciendo m\u00fasica. Este a\u00f1o estar\u00e9 publicando un \u00e1lbum, as\u00ed que es una canci\u00f3n muy simb\u00f3lica en ese sentido. Es la canci\u00f3n que me convenci\u00f3 a seguir\u275e,\u00a0<\/strong>confiesa.\u00a0<\/p>\n\n\n\n<figure class=\"wp-block-table\"><table class=\"has-fixed-layout\"><tbody><tr><td>Grabado en Los Lobos Records por Oscar Rai Lama, el sencillo marca el inicio de la serie de&nbsp;<em><strong>Paisajes Paralelos<\/strong><\/em>, un esperado debut en el que confluyen inspiraciones como&nbsp;<strong>Ben Howard, Radiohead, Bon Iver y Beirut<\/strong>, as\u00ed como tambi\u00e9n la flora y fauna chilena, las memorias, y nuestros antepasados.&nbsp;<br><br>El primer estreno en tres a\u00f1os, que se materializa gracias a sus seguidores y afectos mediante un crowdfunding.&nbsp;<strong>\u201cPoder publicar sabiendo que existe esa comunidad detr\u00e1s me da la seguridad de que mi trabajo valdr\u00e1 la pena, que hay personas que est\u00e1n esperando con ansias el disco, estoy seguro que les va a encantar\u201d<\/strong>. Un respaldo que permitir\u00e1 adem\u00e1s la existencia del \u00e1lbum en formato vinilo, en un tiraje limitado de 150 ediciones, con un cuidado trabajo gr\u00e1fico junto a&nbsp;<a href=\"https:\/\/www.instagram.com\/novena.design\/\" target=\"_blank\" rel=\"noreferrer noopener\"><strong>Novena Design<\/strong><\/a><strong>, conformado por Cristobal Larrain e Isidora Marambio.<\/strong><br><a href=\"https:\/\/linktr.ee\/lomberr?fbclid=PAZXh0bgNhZW0CMTEAAaanhhnBOEgYkpAbdyDFVQGP09OarjNKVducn34NNLEc6o9agrX_eQ4jljU_aem_2JTfzEQRo4B8_x4m8Mun6w\" target=\"_blank\" rel=\"noreferrer noopener\"><strong>Lomberr<\/strong><\/a>&nbsp;nos cuenta c\u00f3mo rompi\u00f3 su&nbsp;<a href=\"https:\/\/links.altafonte.com\/oj504vm\" target=\"_blank\" rel=\"noreferrer noopener\"><strong>\u2018Inercia\u2019<\/strong><\/a>&nbsp;en este paisaje, que es el primer ejercicio del viaje de descubrimiento que emprendi\u00f3 hace dos a\u00f1os.&nbsp;<strong>\u201cEl disco busca eso: explicar que nuestra memoria, recuerdos y anhelos son claves para entender nuestra identidad y las decisiones que tomamos\u201d<\/strong>, concluye invit\u00e1ndonos a acompa\u00f1arlo en este paseo por la naturaleza, un verdadero viaje indie atmosf\u00e9rico y sensorial de encontrarnos en lo que fuimos.&nbsp;<\/td><\/tr><\/tbody><\/table><\/figure>\n\n\n\n<h2 class=\"wp-block-heading\"><a href=\"https:\/\/links.altafonte.com\/oj504vm\">Haz click aqu\u00ed para escuchar \u00abInercia\u00bb<\/a><\/h2>\n","protected":false},"excerpt":{"rendered":"<p>Habitar la naturaleza, inspirarse en ella y romper las inercias de la vida para dar con nuestra forma m\u00e1s visceral.\u00a0Lomberr, proyecto musical de \u00c1lvaro Cruz, viene haciendo esto con su m\u00fasica desde 2019, \u00a0de la mano de un indiefolk que se ha expandido hasta el post-rock y las atm\u00f3sferas.\u00a0 Con un EP del 2021 titulado\u00a0La [&hellip;]<\/p>\n","protected":false},"author":1,"featured_media":22792,"comment_status":"closed","ping_status":"closed","sticky":false,"template":"","format":"standard","meta":{"_acf_changed":false,"footnotes":""},"categories":[8],"tags":[],"class_list":["post-22791","post","type-post","status-publish","format-standard","has-post-thumbnail","hentry","category-noticia"],"acf":[],"yoast_head":"<!-- This site is optimized with the Yoast SEO plugin v27.1.1 - https:\/\/yoast.com\/product\/yoast-seo-wordpress\/ -->\n<title>Lomberr\u00a0rompe la\u00a0&#039;Inercia&#039;\u00a0con un viaje por la naturaleza en el primer single de su LP debut - Valpara\u00ed\u00adso Creativo<\/title>\n<meta name=\"robots\" content=\"index, follow, max-snippet:-1, max-image-preview:large, max-video-preview:-1\" \/>\n<link rel=\"canonical\" href=\"https:\/\/dev.antudigital.cl\/sites\/vc\/lomberr-rompe-la-inercia-con-un-viaje-por-la-naturaleza-en-el-primer-single-de-su-lp-debut\/\" \/>\n<meta property=\"og:locale\" content=\"es_ES\" \/>\n<meta property=\"og:type\" content=\"article\" \/>\n<meta property=\"og:title\" content=\"Lomberr\u00a0rompe la\u00a0&#039;Inercia&#039;\u00a0con un viaje por la naturaleza en el primer single de su LP debut - Valpara\u00ed\u00adso Creativo\" \/>\n<meta property=\"og:description\" content=\"Habitar la naturaleza, inspirarse en ella y romper las inercias de la vida para dar con nuestra forma m\u00e1s visceral.\u00a0Lomberr, proyecto musical de \u00c1lvaro Cruz, viene haciendo esto con su m\u00fasica desde 2019, \u00a0de la mano de un indiefolk que se ha expandido hasta el post-rock y las atm\u00f3sferas.\u00a0 Con un EP del 2021 titulado\u00a0La [&hellip;]\" \/>\n<meta property=\"og:url\" content=\"https:\/\/dev.antudigital.cl\/sites\/vc\/lomberr-rompe-la-inercia-con-un-viaje-por-la-naturaleza-en-el-primer-single-de-su-lp-debut\/\" \/>\n<meta property=\"og:site_name\" content=\"Valpara\u00ed\u00adso Creativo\" \/>\n<meta property=\"article:published_time\" content=\"2025-04-14T17:09:27+00:00\" \/>\n<meta property=\"article:modified_time\" content=\"2025-04-14T17:09:46+00:00\" \/>\n<meta property=\"og:image\" content=\"https:\/\/dev.antudigital.cl\/sites\/vc\/wp-content\/uploads\/2025\/04\/667.jpeg\" \/>\n\t<meta property=\"og:image:width\" content=\"1000\" \/>\n\t<meta property=\"og:image:height\" content=\"563\" \/>\n\t<meta property=\"og:image:type\" content=\"image\/jpeg\" \/>\n<meta name=\"author\" content=\"Valpara\u00edso Creativo\" \/>\n<meta name=\"twitter:card\" content=\"summary_large_image\" \/>\n<meta name=\"twitter:label1\" content=\"Escrito por\" \/>\n\t<meta name=\"twitter:data1\" content=\"Valpara\u00edso Creativo\" \/>\n\t<meta name=\"twitter:label2\" content=\"Tiempo de lectura\" \/>\n\t<meta name=\"twitter:data2\" content=\"3 minutos\" \/>\n<script type=\"application\/ld+json\" class=\"yoast-schema-graph\">{\"@context\":\"https:\/\/schema.org\",\"@graph\":[{\"@type\":\"Article\",\"@id\":\"https:\/\/dev.antudigital.cl\/sites\/vc\/lomberr-rompe-la-inercia-con-un-viaje-por-la-naturaleza-en-el-primer-single-de-su-lp-debut\/#article\",\"isPartOf\":{\"@id\":\"https:\/\/dev.antudigital.cl\/sites\/vc\/lomberr-rompe-la-inercia-con-un-viaje-por-la-naturaleza-en-el-primer-single-de-su-lp-debut\/\"},\"author\":{\"name\":\"Valpara\u00edso Creativo\",\"@id\":\"https:\/\/dev.antudigital.cl\/sites\/vc\/#\/schema\/person\/c2b9da8dd545e27166fc5ab232837318\"},\"headline\":\"Lomberr\u00a0rompe la\u00a0&#8216;Inercia&#8217;\u00a0con un viaje por la naturaleza en el primer single de su LP debut\",\"datePublished\":\"2025-04-14T17:09:27+00:00\",\"dateModified\":\"2025-04-14T17:09:46+00:00\",\"mainEntityOfPage\":{\"@id\":\"https:\/\/dev.antudigital.cl\/sites\/vc\/lomberr-rompe-la-inercia-con-un-viaje-por-la-naturaleza-en-el-primer-single-de-su-lp-debut\/\"},\"wordCount\":473,\"image\":{\"@id\":\"https:\/\/dev.antudigital.cl\/sites\/vc\/lomberr-rompe-la-inercia-con-un-viaje-por-la-naturaleza-en-el-primer-single-de-su-lp-debut\/#primaryimage\"},\"thumbnailUrl\":\"https:\/\/dev.antudigital.cl\/sites\/vc\/wp-content\/uploads\/2025\/04\/667.jpeg\",\"articleSection\":[\"Noticia\"],\"inLanguage\":\"es\"},{\"@type\":\"WebPage\",\"@id\":\"https:\/\/dev.antudigital.cl\/sites\/vc\/lomberr-rompe-la-inercia-con-un-viaje-por-la-naturaleza-en-el-primer-single-de-su-lp-debut\/\",\"url\":\"https:\/\/dev.antudigital.cl\/sites\/vc\/lomberr-rompe-la-inercia-con-un-viaje-por-la-naturaleza-en-el-primer-single-de-su-lp-debut\/\",\"name\":\"Lomberr\u00a0rompe la\u00a0'Inercia'\u00a0con un viaje por la naturaleza en el primer single de su LP debut - Valpara\u00ed\u00adso Creativo\",\"isPartOf\":{\"@id\":\"https:\/\/dev.antudigital.cl\/sites\/vc\/#website\"},\"primaryImageOfPage\":{\"@id\":\"https:\/\/dev.antudigital.cl\/sites\/vc\/lomberr-rompe-la-inercia-con-un-viaje-por-la-naturaleza-en-el-primer-single-de-su-lp-debut\/#primaryimage\"},\"image\":{\"@id\":\"https:\/\/dev.antudigital.cl\/sites\/vc\/lomberr-rompe-la-inercia-con-un-viaje-por-la-naturaleza-en-el-primer-single-de-su-lp-debut\/#primaryimage\"},\"thumbnailUrl\":\"https:\/\/dev.antudigital.cl\/sites\/vc\/wp-content\/uploads\/2025\/04\/667.jpeg\",\"datePublished\":\"2025-04-14T17:09:27+00:00\",\"dateModified\":\"2025-04-14T17:09:46+00:00\",\"author\":{\"@id\":\"https:\/\/dev.antudigital.cl\/sites\/vc\/#\/schema\/person\/c2b9da8dd545e27166fc5ab232837318\"},\"breadcrumb\":{\"@id\":\"https:\/\/dev.antudigital.cl\/sites\/vc\/lomberr-rompe-la-inercia-con-un-viaje-por-la-naturaleza-en-el-primer-single-de-su-lp-debut\/#breadcrumb\"},\"inLanguage\":\"es\",\"potentialAction\":[{\"@type\":\"ReadAction\",\"target\":[\"https:\/\/dev.antudigital.cl\/sites\/vc\/lomberr-rompe-la-inercia-con-un-viaje-por-la-naturaleza-en-el-primer-single-de-su-lp-debut\/\"]}]},{\"@type\":\"ImageObject\",\"inLanguage\":\"es\",\"@id\":\"https:\/\/dev.antudigital.cl\/sites\/vc\/lomberr-rompe-la-inercia-con-un-viaje-por-la-naturaleza-en-el-primer-single-de-su-lp-debut\/#primaryimage\",\"url\":\"https:\/\/dev.antudigital.cl\/sites\/vc\/wp-content\/uploads\/2025\/04\/667.jpeg\",\"contentUrl\":\"https:\/\/dev.antudigital.cl\/sites\/vc\/wp-content\/uploads\/2025\/04\/667.jpeg\",\"width\":1000,\"height\":563},{\"@type\":\"BreadcrumbList\",\"@id\":\"https:\/\/dev.antudigital.cl\/sites\/vc\/lomberr-rompe-la-inercia-con-un-viaje-por-la-naturaleza-en-el-primer-single-de-su-lp-debut\/#breadcrumb\",\"itemListElement\":[{\"@type\":\"ListItem\",\"position\":1,\"name\":\"Home\",\"item\":\"https:\/\/dev.antudigital.cl\/sites\/vc\/\"},{\"@type\":\"ListItem\",\"position\":2,\"name\":\"Lomberr\u00a0rompe la\u00a0&#8216;Inercia&#8217;\u00a0con un viaje por la naturaleza en el primer single de su LP debut\"}]},{\"@type\":\"WebSite\",\"@id\":\"https:\/\/dev.antudigital.cl\/sites\/vc\/#website\",\"url\":\"https:\/\/dev.antudigital.cl\/sites\/vc\/\",\"name\":\"Valpara\u00ed\u00adso Creativo\",\"description\":\"\",\"potentialAction\":[{\"@type\":\"SearchAction\",\"target\":{\"@type\":\"EntryPoint\",\"urlTemplate\":\"https:\/\/dev.antudigital.cl\/sites\/vc\/?s={search_term_string}\"},\"query-input\":{\"@type\":\"PropertyValueSpecification\",\"valueRequired\":true,\"valueName\":\"search_term_string\"}}],\"inLanguage\":\"es\"},{\"@type\":\"Person\",\"@id\":\"https:\/\/dev.antudigital.cl\/sites\/vc\/#\/schema\/person\/c2b9da8dd545e27166fc5ab232837318\",\"name\":\"Valpara\u00edso Creativo\",\"description\":\"Periodista de cultura en la Regi\u00f3n de Valpara\u00edso.\",\"url\":\"https:\/\/dev.antudigital.cl\/sites\/vc\/author\/valpoadmin\/\"}]}<\/script>\n<!-- \/ Yoast SEO plugin. -->","yoast_head_json":{"title":"Lomberr\u00a0rompe la\u00a0'Inercia'\u00a0con un viaje por la naturaleza en el primer single de su LP debut - Valpara\u00ed\u00adso Creativo","robots":{"index":"index","follow":"follow","max-snippet":"max-snippet:-1","max-image-preview":"max-image-preview:large","max-video-preview":"max-video-preview:-1"},"canonical":"https:\/\/dev.antudigital.cl\/sites\/vc\/lomberr-rompe-la-inercia-con-un-viaje-por-la-naturaleza-en-el-primer-single-de-su-lp-debut\/","og_locale":"es_ES","og_type":"article","og_title":"Lomberr\u00a0rompe la\u00a0'Inercia'\u00a0con un viaje por la naturaleza en el primer single de su LP debut - Valpara\u00ed\u00adso Creativo","og_description":"Habitar la naturaleza, inspirarse en ella y romper las inercias de la vida para dar con nuestra forma m\u00e1s visceral.\u00a0Lomberr, proyecto musical de \u00c1lvaro Cruz, viene haciendo esto con su m\u00fasica desde 2019, \u00a0de la mano de un indiefolk que se ha expandido hasta el post-rock y las atm\u00f3sferas.\u00a0 Con un EP del 2021 titulado\u00a0La [&hellip;]","og_url":"https:\/\/dev.antudigital.cl\/sites\/vc\/lomberr-rompe-la-inercia-con-un-viaje-por-la-naturaleza-en-el-primer-single-de-su-lp-debut\/","og_site_name":"Valpara\u00ed\u00adso Creativo","article_published_time":"2025-04-14T17:09:27+00:00","article_modified_time":"2025-04-14T17:09:46+00:00","og_image":[{"width":1000,"height":563,"url":"https:\/\/dev.antudigital.cl\/sites\/vc\/wp-content\/uploads\/2025\/04\/667.jpeg","type":"image\/jpeg"}],"author":"Valpara\u00edso Creativo","twitter_card":"summary_large_image","twitter_misc":{"Escrito por":"Valpara\u00edso Creativo","Tiempo de lectura":"3 minutos"},"schema":{"@context":"https:\/\/schema.org","@graph":[{"@type":"Article","@id":"https:\/\/dev.antudigital.cl\/sites\/vc\/lomberr-rompe-la-inercia-con-un-viaje-por-la-naturaleza-en-el-primer-single-de-su-lp-debut\/#article","isPartOf":{"@id":"https:\/\/dev.antudigital.cl\/sites\/vc\/lomberr-rompe-la-inercia-con-un-viaje-por-la-naturaleza-en-el-primer-single-de-su-lp-debut\/"},"author":{"name":"Valpara\u00edso Creativo","@id":"https:\/\/dev.antudigital.cl\/sites\/vc\/#\/schema\/person\/c2b9da8dd545e27166fc5ab232837318"},"headline":"Lomberr\u00a0rompe la\u00a0&#8216;Inercia&#8217;\u00a0con un viaje por la naturaleza en el primer single de su LP debut","datePublished":"2025-04-14T17:09:27+00:00","dateModified":"2025-04-14T17:09:46+00:00","mainEntityOfPage":{"@id":"https:\/\/dev.antudigital.cl\/sites\/vc\/lomberr-rompe-la-inercia-con-un-viaje-por-la-naturaleza-en-el-primer-single-de-su-lp-debut\/"},"wordCount":473,"image":{"@id":"https:\/\/dev.antudigital.cl\/sites\/vc\/lomberr-rompe-la-inercia-con-un-viaje-por-la-naturaleza-en-el-primer-single-de-su-lp-debut\/#primaryimage"},"thumbnailUrl":"https:\/\/dev.antudigital.cl\/sites\/vc\/wp-content\/uploads\/2025\/04\/667.jpeg","articleSection":["Noticia"],"inLanguage":"es"},{"@type":"WebPage","@id":"https:\/\/dev.antudigital.cl\/sites\/vc\/lomberr-rompe-la-inercia-con-un-viaje-por-la-naturaleza-en-el-primer-single-de-su-lp-debut\/","url":"https:\/\/dev.antudigital.cl\/sites\/vc\/lomberr-rompe-la-inercia-con-un-viaje-por-la-naturaleza-en-el-primer-single-de-su-lp-debut\/","name":"Lomberr\u00a0rompe la\u00a0'Inercia'\u00a0con un viaje por la naturaleza en el primer single de su LP debut - Valpara\u00ed\u00adso Creativo","isPartOf":{"@id":"https:\/\/dev.antudigital.cl\/sites\/vc\/#website"},"primaryImageOfPage":{"@id":"https:\/\/dev.antudigital.cl\/sites\/vc\/lomberr-rompe-la-inercia-con-un-viaje-por-la-naturaleza-en-el-primer-single-de-su-lp-debut\/#primaryimage"},"image":{"@id":"https:\/\/dev.antudigital.cl\/sites\/vc\/lomberr-rompe-la-inercia-con-un-viaje-por-la-naturaleza-en-el-primer-single-de-su-lp-debut\/#primaryimage"},"thumbnailUrl":"https:\/\/dev.antudigital.cl\/sites\/vc\/wp-content\/uploads\/2025\/04\/667.jpeg","datePublished":"2025-04-14T17:09:27+00:00","dateModified":"2025-04-14T17:09:46+00:00","author":{"@id":"https:\/\/dev.antudigital.cl\/sites\/vc\/#\/schema\/person\/c2b9da8dd545e27166fc5ab232837318"},"breadcrumb":{"@id":"https:\/\/dev.antudigital.cl\/sites\/vc\/lomberr-rompe-la-inercia-con-un-viaje-por-la-naturaleza-en-el-primer-single-de-su-lp-debut\/#breadcrumb"},"inLanguage":"es","potentialAction":[{"@type":"ReadAction","target":["https:\/\/dev.antudigital.cl\/sites\/vc\/lomberr-rompe-la-inercia-con-un-viaje-por-la-naturaleza-en-el-primer-single-de-su-lp-debut\/"]}]},{"@type":"ImageObject","inLanguage":"es","@id":"https:\/\/dev.antudigital.cl\/sites\/vc\/lomberr-rompe-la-inercia-con-un-viaje-por-la-naturaleza-en-el-primer-single-de-su-lp-debut\/#primaryimage","url":"https:\/\/dev.antudigital.cl\/sites\/vc\/wp-content\/uploads\/2025\/04\/667.jpeg","contentUrl":"https:\/\/dev.antudigital.cl\/sites\/vc\/wp-content\/uploads\/2025\/04\/667.jpeg","width":1000,"height":563},{"@type":"BreadcrumbList","@id":"https:\/\/dev.antudigital.cl\/sites\/vc\/lomberr-rompe-la-inercia-con-un-viaje-por-la-naturaleza-en-el-primer-single-de-su-lp-debut\/#breadcrumb","itemListElement":[{"@type":"ListItem","position":1,"name":"Home","item":"https:\/\/dev.antudigital.cl\/sites\/vc\/"},{"@type":"ListItem","position":2,"name":"Lomberr\u00a0rompe la\u00a0&#8216;Inercia&#8217;\u00a0con un viaje por la naturaleza en el primer single de su LP debut"}]},{"@type":"WebSite","@id":"https:\/\/dev.antudigital.cl\/sites\/vc\/#website","url":"https:\/\/dev.antudigital.cl\/sites\/vc\/","name":"Valpara\u00ed\u00adso Creativo","description":"","potentialAction":[{"@type":"SearchAction","target":{"@type":"EntryPoint","urlTemplate":"https:\/\/dev.antudigital.cl\/sites\/vc\/?s={search_term_string}"},"query-input":{"@type":"PropertyValueSpecification","valueRequired":true,"valueName":"search_term_string"}}],"inLanguage":"es"},{"@type":"Person","@id":"https:\/\/dev.antudigital.cl\/sites\/vc\/#\/schema\/person\/c2b9da8dd545e27166fc5ab232837318","name":"Valpara\u00edso Creativo","description":"Periodista de cultura en la Regi\u00f3n de Valpara\u00edso.","url":"https:\/\/dev.antudigital.cl\/sites\/vc\/author\/valpoadmin\/"}]}},"_links":{"self":[{"href":"https:\/\/dev.antudigital.cl\/sites\/vc\/wp-json\/wp\/v2\/posts\/22791","targetHints":{"allow":["GET"]}}],"collection":[{"href":"https:\/\/dev.antudigital.cl\/sites\/vc\/wp-json\/wp\/v2\/posts"}],"about":[{"href":"https:\/\/dev.antudigital.cl\/sites\/vc\/wp-json\/wp\/v2\/types\/post"}],"author":[{"embeddable":true,"href":"https:\/\/dev.antudigital.cl\/sites\/vc\/wp-json\/wp\/v2\/users\/1"}],"replies":[{"embeddable":true,"href":"https:\/\/dev.antudigital.cl\/sites\/vc\/wp-json\/wp\/v2\/comments?post=22791"}],"version-history":[{"count":1,"href":"https:\/\/dev.antudigital.cl\/sites\/vc\/wp-json\/wp\/v2\/posts\/22791\/revisions"}],"predecessor-version":[{"id":22794,"href":"https:\/\/dev.antudigital.cl\/sites\/vc\/wp-json\/wp\/v2\/posts\/22791\/revisions\/22794"}],"wp:featuredmedia":[{"embeddable":true,"href":"https:\/\/dev.antudigital.cl\/sites\/vc\/wp-json\/wp\/v2\/media\/22792"}],"wp:attachment":[{"href":"https:\/\/dev.antudigital.cl\/sites\/vc\/wp-json\/wp\/v2\/media?parent=22791"}],"wp:term":[{"taxonomy":"category","embeddable":true,"href":"https:\/\/dev.antudigital.cl\/sites\/vc\/wp-json\/wp\/v2\/categories?post=22791"},{"taxonomy":"post_tag","embeddable":true,"href":"https:\/\/dev.antudigital.cl\/sites\/vc\/wp-json\/wp\/v2\/tags?post=22791"}],"curies":[{"name":"wp","href":"https:\/\/api.w.org\/{rel}","templated":true}]}}