{"id":25267,"date":"2025-07-07T13:10:00","date_gmt":"2025-07-07T17:10:00","guid":{"rendered":"https:\/\/www.valparaisocreativo.cl\/?p=25267"},"modified":"2025-07-10T19:28:27","modified_gmt":"2025-07-10T23:28:27","slug":"las-historias-que-la-industria-oculto-ahora-al-aire-podcast-acortando-la-brecha-music","status":"publish","type":"post","link":"https:\/\/dev.antudigital.cl\/sites\/vc\/las-historias-que-la-industria-oculto-ahora-al-aire-podcast-acortando-la-brecha-music\/","title":{"rendered":"Las historias que la industria ocult\u00f3,\u00a0ahora al Aire:\u00a0Podcast \u00abAcortando la Brecha\/Music\u00bb"},"content":{"rendered":"\n<p><em>El futuro de la m\u00fasica se redefine hoy con el lanzamiento de <\/em><strong><em>\u00abAcortando la Brecha Podcast\u00bb<\/em><\/strong><em>, un proyecto pionero de Agencia L.O.V.A. Este innovador programa busca transformar la industria musical en un <\/em><strong><em>\u00abEcosistema Musical\u00bb inclusivo<\/em><\/strong><em>, dando una plataforma esencial a las voces de mujeres y disidencias. Su misi\u00f3n es clara: construir un sector m\u00e1s justo y sostenible en el \u00e1mbito musical.<\/em><\/p>\n\n\n\n<p>Desde Valpara\u00edso, Chile y conducido por la artista y activista local <strong>Araceli Cantora<\/strong>, \u00abAcortando la Brecha\/Music\u00bb ya est\u00e1 disponible en las principales plataformas de streaming, incluyendo <strong>Spotify y Apple Podcasts<\/strong>. Con di\u00e1logos reveladores de figuras clave en la industria, como Paula Trujillo (Colombia), Mar\u00f3 (Per\u00fa), Yahaira Osiris (Panam\u00e1), Marielos Cabrera (Guatemala) y Patricia Z\u00e1rate (Chile\/EE.UU), buscando comprender y cambiar el paradigma existente.<\/p>\n\n\n\n<p>&nbsp;Cada episodio expone las vivencias de productoras, managers y otras agentes del sector, abordando las brechas de g\u00e9nero y desigualdades dentro del quehacer musical. Adem\u00e1s, se exploran las estrategias que estas protagonistas han tenido que crear para cambiar las reglas desde la perspectiva de g\u00e9nero. Con una frecuencia quincenal de nuevos lanzamientos, el podcast tambi\u00e9n incluir\u00e1 transcripciones para asegurar la accesibilidad a la comunidad sorda.<\/p>\n\n\n\n<p><strong><em>\u00abCon &#8216;Acortando la Brecha&#8217;, queremos encender conversaciones que inspiran, que cada voz sea valorada equitativamente; y aprender de ellas, las protagonistas, es fundamental ya que son el motor para construir un Ecosistema Musical profesional y digno\u00bb<\/em><\/strong>, afirm\u00f3 Araceli Cantora, conductora del programa.<\/p>\n\n\n\n<figure class=\"wp-block-image\"><img decoding=\"async\" src=\"https:\/\/lh7-rt.googleusercontent.com\/docsz\/AD_4nXe2wYhwXX6aJr3NZK-Jin8lxizyNyt9iEif95i8Xpb6ZLRM6PWX7_dazHIhdRFCSYXZxLc9qwQqmjZuvUh8CUYeTYqulbWqZhS1ll6Skp0e5EeKzmC00x5imFy1tywP7ElBBWUrB__9qU6WEgUJXvI?key=Bfi0pRcJSMJV0thtgdBZag\" alt=\"\"\/><\/figure>\n\n\n\n<p>Este podcast va m\u00e1s all\u00e1 de ser una serie de conversaciones; es un movimiento que fomenta la colaboraci\u00f3n, la diversidad y el valor colectivo dentro de la industria musical.<\/p>\n\n\n\n<p>Escucha el podcast <a href=\"https:\/\/open.spotify.com\/episode\/4MYKUCqSw2X4mNFpsbet4c?si=VqUVzycfT_KoTFpIKuR0fg&amp;nd=1&amp;dlsi=5a1e740ed9c24a41\"><strong>AQU\u00cd<\/strong><\/a> o b\u00fascalo en tu plataforma favorita como <strong>\u00abAcortando La Brecha\/Music\u00bb<\/strong>.<\/p>\n\n\n\n<p>Proyecto ganador de IBERM\u00daSICAS 2024<\/p>\n\n\n\n<p><\/p>\n","protected":false},"excerpt":{"rendered":"<p>El futuro de la m\u00fasica se redefine hoy con el lanzamiento de \u00abAcortando la Brecha Podcast\u00bb, un proyecto pionero de Agencia L.O.V.A. Este innovador programa busca transformar la industria musical en un \u00abEcosistema Musical\u00bb inclusivo, dando una plataforma esencial a las voces de mujeres y disidencias. Su misi\u00f3n es clara: construir un sector m\u00e1s justo [&hellip;]<\/p>\n","protected":false},"author":1,"featured_media":25268,"comment_status":"closed","ping_status":"closed","sticky":false,"template":"","format":"standard","meta":{"_acf_changed":false,"footnotes":""},"categories":[1],"tags":[],"class_list":["post-25267","post","type-post","status-publish","format-standard","has-post-thumbnail","hentry","category-uncategorized"],"acf":[],"yoast_head":"<!-- This site is optimized with the Yoast SEO plugin v27.1.1 - https:\/\/yoast.com\/product\/yoast-seo-wordpress\/ -->\n<title>Las historias que la industria ocult\u00f3,\u00a0ahora al Aire:\u00a0Podcast &quot;Acortando la Brecha\/Music&quot; - Valpara\u00ed\u00adso Creativo<\/title>\n<meta name=\"robots\" content=\"index, follow, max-snippet:-1, max-image-preview:large, max-video-preview:-1\" \/>\n<link rel=\"canonical\" href=\"https:\/\/dev.antudigital.cl\/sites\/vc\/las-historias-que-la-industria-oculto-ahora-al-aire-podcast-acortando-la-brecha-music\/\" \/>\n<meta property=\"og:locale\" content=\"es_ES\" \/>\n<meta property=\"og:type\" content=\"article\" \/>\n<meta property=\"og:title\" content=\"Las historias que la industria ocult\u00f3,\u00a0ahora al Aire:\u00a0Podcast &quot;Acortando la Brecha\/Music&quot; - Valpara\u00ed\u00adso Creativo\" \/>\n<meta property=\"og:description\" content=\"El futuro de la m\u00fasica se redefine hoy con el lanzamiento de \u00abAcortando la Brecha Podcast\u00bb, un proyecto pionero de Agencia L.O.V.A. Este innovador programa busca transformar la industria musical en un \u00abEcosistema Musical\u00bb inclusivo, dando una plataforma esencial a las voces de mujeres y disidencias. Su misi\u00f3n es clara: construir un sector m\u00e1s justo [&hellip;]\" \/>\n<meta property=\"og:url\" content=\"https:\/\/dev.antudigital.cl\/sites\/vc\/las-historias-que-la-industria-oculto-ahora-al-aire-podcast-acortando-la-brecha-music\/\" \/>\n<meta property=\"og:site_name\" content=\"Valpara\u00ed\u00adso Creativo\" \/>\n<meta property=\"article:published_time\" content=\"2025-07-07T17:10:00+00:00\" \/>\n<meta property=\"article:modified_time\" content=\"2025-07-10T23:28:27+00:00\" \/>\n<meta property=\"og:image\" content=\"https:\/\/dev.antudigital.cl\/sites\/vc\/wp-content\/uploads\/2025\/07\/Banner-Acortando-la-brecha-scaled-1.jpg\" \/>\n\t<meta property=\"og:image:width\" content=\"2560\" \/>\n\t<meta property=\"og:image:height\" content=\"640\" \/>\n\t<meta property=\"og:image:type\" content=\"image\/jpeg\" \/>\n<meta name=\"author\" content=\"Valpara\u00edso Creativo\" \/>\n<meta name=\"twitter:card\" content=\"summary_large_image\" \/>\n<meta name=\"twitter:label1\" content=\"Escrito por\" \/>\n\t<meta name=\"twitter:data1\" content=\"Valpara\u00edso Creativo\" \/>\n\t<meta name=\"twitter:label2\" content=\"Tiempo de lectura\" \/>\n\t<meta name=\"twitter:data2\" content=\"2 minutos\" \/>\n<script type=\"application\/ld+json\" class=\"yoast-schema-graph\">{\"@context\":\"https:\/\/schema.org\",\"@graph\":[{\"@type\":\"Article\",\"@id\":\"https:\/\/dev.antudigital.cl\/sites\/vc\/las-historias-que-la-industria-oculto-ahora-al-aire-podcast-acortando-la-brecha-music\/#article\",\"isPartOf\":{\"@id\":\"https:\/\/dev.antudigital.cl\/sites\/vc\/las-historias-que-la-industria-oculto-ahora-al-aire-podcast-acortando-la-brecha-music\/\"},\"author\":{\"name\":\"Valpara\u00edso Creativo\",\"@id\":\"https:\/\/dev.antudigital.cl\/sites\/vc\/#\/schema\/person\/c2b9da8dd545e27166fc5ab232837318\"},\"headline\":\"Las historias que la industria ocult\u00f3,\u00a0ahora al Aire:\u00a0Podcast \u00abAcortando la Brecha\/Music\u00bb\",\"datePublished\":\"2025-07-07T17:10:00+00:00\",\"dateModified\":\"2025-07-10T23:28:27+00:00\",\"mainEntityOfPage\":{\"@id\":\"https:\/\/dev.antudigital.cl\/sites\/vc\/las-historias-que-la-industria-oculto-ahora-al-aire-podcast-acortando-la-brecha-music\/\"},\"wordCount\":313,\"image\":{\"@id\":\"https:\/\/dev.antudigital.cl\/sites\/vc\/las-historias-que-la-industria-oculto-ahora-al-aire-podcast-acortando-la-brecha-music\/#primaryimage\"},\"thumbnailUrl\":\"https:\/\/dev.antudigital.cl\/sites\/vc\/wp-content\/uploads\/2025\/07\/Banner-Acortando-la-brecha-scaled-1.jpg\",\"articleSection\":[\"Uncategorized\"],\"inLanguage\":\"es\"},{\"@type\":\"WebPage\",\"@id\":\"https:\/\/dev.antudigital.cl\/sites\/vc\/las-historias-que-la-industria-oculto-ahora-al-aire-podcast-acortando-la-brecha-music\/\",\"url\":\"https:\/\/dev.antudigital.cl\/sites\/vc\/las-historias-que-la-industria-oculto-ahora-al-aire-podcast-acortando-la-brecha-music\/\",\"name\":\"Las historias que la industria ocult\u00f3,\u00a0ahora al Aire:\u00a0Podcast \\\"Acortando la Brecha\/Music\\\" - Valpara\u00ed\u00adso Creativo\",\"isPartOf\":{\"@id\":\"https:\/\/dev.antudigital.cl\/sites\/vc\/#website\"},\"primaryImageOfPage\":{\"@id\":\"https:\/\/dev.antudigital.cl\/sites\/vc\/las-historias-que-la-industria-oculto-ahora-al-aire-podcast-acortando-la-brecha-music\/#primaryimage\"},\"image\":{\"@id\":\"https:\/\/dev.antudigital.cl\/sites\/vc\/las-historias-que-la-industria-oculto-ahora-al-aire-podcast-acortando-la-brecha-music\/#primaryimage\"},\"thumbnailUrl\":\"https:\/\/dev.antudigital.cl\/sites\/vc\/wp-content\/uploads\/2025\/07\/Banner-Acortando-la-brecha-scaled-1.jpg\",\"datePublished\":\"2025-07-07T17:10:00+00:00\",\"dateModified\":\"2025-07-10T23:28:27+00:00\",\"author\":{\"@id\":\"https:\/\/dev.antudigital.cl\/sites\/vc\/#\/schema\/person\/c2b9da8dd545e27166fc5ab232837318\"},\"breadcrumb\":{\"@id\":\"https:\/\/dev.antudigital.cl\/sites\/vc\/las-historias-que-la-industria-oculto-ahora-al-aire-podcast-acortando-la-brecha-music\/#breadcrumb\"},\"inLanguage\":\"es\",\"potentialAction\":[{\"@type\":\"ReadAction\",\"target\":[\"https:\/\/dev.antudigital.cl\/sites\/vc\/las-historias-que-la-industria-oculto-ahora-al-aire-podcast-acortando-la-brecha-music\/\"]}]},{\"@type\":\"ImageObject\",\"inLanguage\":\"es\",\"@id\":\"https:\/\/dev.antudigital.cl\/sites\/vc\/las-historias-que-la-industria-oculto-ahora-al-aire-podcast-acortando-la-brecha-music\/#primaryimage\",\"url\":\"https:\/\/dev.antudigital.cl\/sites\/vc\/wp-content\/uploads\/2025\/07\/Banner-Acortando-la-brecha-scaled-1.jpg\",\"contentUrl\":\"https:\/\/dev.antudigital.cl\/sites\/vc\/wp-content\/uploads\/2025\/07\/Banner-Acortando-la-brecha-scaled-1.jpg\",\"width\":2560,\"height\":640},{\"@type\":\"BreadcrumbList\",\"@id\":\"https:\/\/dev.antudigital.cl\/sites\/vc\/las-historias-que-la-industria-oculto-ahora-al-aire-podcast-acortando-la-brecha-music\/#breadcrumb\",\"itemListElement\":[{\"@type\":\"ListItem\",\"position\":1,\"name\":\"Home\",\"item\":\"https:\/\/dev.antudigital.cl\/sites\/vc\/\"},{\"@type\":\"ListItem\",\"position\":2,\"name\":\"Las historias que la industria ocult\u00f3,\u00a0ahora al Aire:\u00a0Podcast \u00abAcortando la Brecha\/Music\u00bb\"}]},{\"@type\":\"WebSite\",\"@id\":\"https:\/\/dev.antudigital.cl\/sites\/vc\/#website\",\"url\":\"https:\/\/dev.antudigital.cl\/sites\/vc\/\",\"name\":\"Valpara\u00ed\u00adso Creativo\",\"description\":\"\",\"potentialAction\":[{\"@type\":\"SearchAction\",\"target\":{\"@type\":\"EntryPoint\",\"urlTemplate\":\"https:\/\/dev.antudigital.cl\/sites\/vc\/?s={search_term_string}\"},\"query-input\":{\"@type\":\"PropertyValueSpecification\",\"valueRequired\":true,\"valueName\":\"search_term_string\"}}],\"inLanguage\":\"es\"},{\"@type\":\"Person\",\"@id\":\"https:\/\/dev.antudigital.cl\/sites\/vc\/#\/schema\/person\/c2b9da8dd545e27166fc5ab232837318\",\"name\":\"Valpara\u00edso Creativo\",\"description\":\"Periodista de cultura en la Regi\u00f3n de Valpara\u00edso.\",\"url\":\"https:\/\/dev.antudigital.cl\/sites\/vc\/author\/valpoadmin\/\"}]}<\/script>\n<!-- \/ Yoast SEO plugin. -->","yoast_head_json":{"title":"Las historias que la industria ocult\u00f3,\u00a0ahora al Aire:\u00a0Podcast \"Acortando la Brecha\/Music\" - Valpara\u00ed\u00adso Creativo","robots":{"index":"index","follow":"follow","max-snippet":"max-snippet:-1","max-image-preview":"max-image-preview:large","max-video-preview":"max-video-preview:-1"},"canonical":"https:\/\/dev.antudigital.cl\/sites\/vc\/las-historias-que-la-industria-oculto-ahora-al-aire-podcast-acortando-la-brecha-music\/","og_locale":"es_ES","og_type":"article","og_title":"Las historias que la industria ocult\u00f3,\u00a0ahora al Aire:\u00a0Podcast \"Acortando la Brecha\/Music\" - Valpara\u00ed\u00adso Creativo","og_description":"El futuro de la m\u00fasica se redefine hoy con el lanzamiento de \u00abAcortando la Brecha Podcast\u00bb, un proyecto pionero de Agencia L.O.V.A. Este innovador programa busca transformar la industria musical en un \u00abEcosistema Musical\u00bb inclusivo, dando una plataforma esencial a las voces de mujeres y disidencias. Su misi\u00f3n es clara: construir un sector m\u00e1s justo [&hellip;]","og_url":"https:\/\/dev.antudigital.cl\/sites\/vc\/las-historias-que-la-industria-oculto-ahora-al-aire-podcast-acortando-la-brecha-music\/","og_site_name":"Valpara\u00ed\u00adso Creativo","article_published_time":"2025-07-07T17:10:00+00:00","article_modified_time":"2025-07-10T23:28:27+00:00","og_image":[{"width":2560,"height":640,"url":"https:\/\/dev.antudigital.cl\/sites\/vc\/wp-content\/uploads\/2025\/07\/Banner-Acortando-la-brecha-scaled-1.jpg","type":"image\/jpeg"}],"author":"Valpara\u00edso Creativo","twitter_card":"summary_large_image","twitter_misc":{"Escrito por":"Valpara\u00edso Creativo","Tiempo de lectura":"2 minutos"},"schema":{"@context":"https:\/\/schema.org","@graph":[{"@type":"Article","@id":"https:\/\/dev.antudigital.cl\/sites\/vc\/las-historias-que-la-industria-oculto-ahora-al-aire-podcast-acortando-la-brecha-music\/#article","isPartOf":{"@id":"https:\/\/dev.antudigital.cl\/sites\/vc\/las-historias-que-la-industria-oculto-ahora-al-aire-podcast-acortando-la-brecha-music\/"},"author":{"name":"Valpara\u00edso Creativo","@id":"https:\/\/dev.antudigital.cl\/sites\/vc\/#\/schema\/person\/c2b9da8dd545e27166fc5ab232837318"},"headline":"Las historias que la industria ocult\u00f3,\u00a0ahora al Aire:\u00a0Podcast \u00abAcortando la Brecha\/Music\u00bb","datePublished":"2025-07-07T17:10:00+00:00","dateModified":"2025-07-10T23:28:27+00:00","mainEntityOfPage":{"@id":"https:\/\/dev.antudigital.cl\/sites\/vc\/las-historias-que-la-industria-oculto-ahora-al-aire-podcast-acortando-la-brecha-music\/"},"wordCount":313,"image":{"@id":"https:\/\/dev.antudigital.cl\/sites\/vc\/las-historias-que-la-industria-oculto-ahora-al-aire-podcast-acortando-la-brecha-music\/#primaryimage"},"thumbnailUrl":"https:\/\/dev.antudigital.cl\/sites\/vc\/wp-content\/uploads\/2025\/07\/Banner-Acortando-la-brecha-scaled-1.jpg","articleSection":["Uncategorized"],"inLanguage":"es"},{"@type":"WebPage","@id":"https:\/\/dev.antudigital.cl\/sites\/vc\/las-historias-que-la-industria-oculto-ahora-al-aire-podcast-acortando-la-brecha-music\/","url":"https:\/\/dev.antudigital.cl\/sites\/vc\/las-historias-que-la-industria-oculto-ahora-al-aire-podcast-acortando-la-brecha-music\/","name":"Las historias que la industria ocult\u00f3,\u00a0ahora al Aire:\u00a0Podcast \"Acortando la Brecha\/Music\" - Valpara\u00ed\u00adso Creativo","isPartOf":{"@id":"https:\/\/dev.antudigital.cl\/sites\/vc\/#website"},"primaryImageOfPage":{"@id":"https:\/\/dev.antudigital.cl\/sites\/vc\/las-historias-que-la-industria-oculto-ahora-al-aire-podcast-acortando-la-brecha-music\/#primaryimage"},"image":{"@id":"https:\/\/dev.antudigital.cl\/sites\/vc\/las-historias-que-la-industria-oculto-ahora-al-aire-podcast-acortando-la-brecha-music\/#primaryimage"},"thumbnailUrl":"https:\/\/dev.antudigital.cl\/sites\/vc\/wp-content\/uploads\/2025\/07\/Banner-Acortando-la-brecha-scaled-1.jpg","datePublished":"2025-07-07T17:10:00+00:00","dateModified":"2025-07-10T23:28:27+00:00","author":{"@id":"https:\/\/dev.antudigital.cl\/sites\/vc\/#\/schema\/person\/c2b9da8dd545e27166fc5ab232837318"},"breadcrumb":{"@id":"https:\/\/dev.antudigital.cl\/sites\/vc\/las-historias-que-la-industria-oculto-ahora-al-aire-podcast-acortando-la-brecha-music\/#breadcrumb"},"inLanguage":"es","potentialAction":[{"@type":"ReadAction","target":["https:\/\/dev.antudigital.cl\/sites\/vc\/las-historias-que-la-industria-oculto-ahora-al-aire-podcast-acortando-la-brecha-music\/"]}]},{"@type":"ImageObject","inLanguage":"es","@id":"https:\/\/dev.antudigital.cl\/sites\/vc\/las-historias-que-la-industria-oculto-ahora-al-aire-podcast-acortando-la-brecha-music\/#primaryimage","url":"https:\/\/dev.antudigital.cl\/sites\/vc\/wp-content\/uploads\/2025\/07\/Banner-Acortando-la-brecha-scaled-1.jpg","contentUrl":"https:\/\/dev.antudigital.cl\/sites\/vc\/wp-content\/uploads\/2025\/07\/Banner-Acortando-la-brecha-scaled-1.jpg","width":2560,"height":640},{"@type":"BreadcrumbList","@id":"https:\/\/dev.antudigital.cl\/sites\/vc\/las-historias-que-la-industria-oculto-ahora-al-aire-podcast-acortando-la-brecha-music\/#breadcrumb","itemListElement":[{"@type":"ListItem","position":1,"name":"Home","item":"https:\/\/dev.antudigital.cl\/sites\/vc\/"},{"@type":"ListItem","position":2,"name":"Las historias que la industria ocult\u00f3,\u00a0ahora al Aire:\u00a0Podcast \u00abAcortando la Brecha\/Music\u00bb"}]},{"@type":"WebSite","@id":"https:\/\/dev.antudigital.cl\/sites\/vc\/#website","url":"https:\/\/dev.antudigital.cl\/sites\/vc\/","name":"Valpara\u00ed\u00adso Creativo","description":"","potentialAction":[{"@type":"SearchAction","target":{"@type":"EntryPoint","urlTemplate":"https:\/\/dev.antudigital.cl\/sites\/vc\/?s={search_term_string}"},"query-input":{"@type":"PropertyValueSpecification","valueRequired":true,"valueName":"search_term_string"}}],"inLanguage":"es"},{"@type":"Person","@id":"https:\/\/dev.antudigital.cl\/sites\/vc\/#\/schema\/person\/c2b9da8dd545e27166fc5ab232837318","name":"Valpara\u00edso Creativo","description":"Periodista de cultura en la Regi\u00f3n de Valpara\u00edso.","url":"https:\/\/dev.antudigital.cl\/sites\/vc\/author\/valpoadmin\/"}]}},"_links":{"self":[{"href":"https:\/\/dev.antudigital.cl\/sites\/vc\/wp-json\/wp\/v2\/posts\/25267","targetHints":{"allow":["GET"]}}],"collection":[{"href":"https:\/\/dev.antudigital.cl\/sites\/vc\/wp-json\/wp\/v2\/posts"}],"about":[{"href":"https:\/\/dev.antudigital.cl\/sites\/vc\/wp-json\/wp\/v2\/types\/post"}],"author":[{"embeddable":true,"href":"https:\/\/dev.antudigital.cl\/sites\/vc\/wp-json\/wp\/v2\/users\/1"}],"replies":[{"embeddable":true,"href":"https:\/\/dev.antudigital.cl\/sites\/vc\/wp-json\/wp\/v2\/comments?post=25267"}],"version-history":[{"count":1,"href":"https:\/\/dev.antudigital.cl\/sites\/vc\/wp-json\/wp\/v2\/posts\/25267\/revisions"}],"predecessor-version":[{"id":25269,"href":"https:\/\/dev.antudigital.cl\/sites\/vc\/wp-json\/wp\/v2\/posts\/25267\/revisions\/25269"}],"wp:featuredmedia":[{"embeddable":true,"href":"https:\/\/dev.antudigital.cl\/sites\/vc\/wp-json\/wp\/v2\/media\/25268"}],"wp:attachment":[{"href":"https:\/\/dev.antudigital.cl\/sites\/vc\/wp-json\/wp\/v2\/media?parent=25267"}],"wp:term":[{"taxonomy":"category","embeddable":true,"href":"https:\/\/dev.antudigital.cl\/sites\/vc\/wp-json\/wp\/v2\/categories?post=25267"},{"taxonomy":"post_tag","embeddable":true,"href":"https:\/\/dev.antudigital.cl\/sites\/vc\/wp-json\/wp\/v2\/tags?post=25267"}],"curies":[{"name":"wp","href":"https:\/\/api.w.org\/{rel}","templated":true}]}}