{"id":25273,"date":"2025-07-01T19:35:19","date_gmt":"2025-07-01T23:35:19","guid":{"rendered":"https:\/\/www.valparaisocreativo.cl\/?p=25273"},"modified":"2025-07-10T19:36:50","modified_gmt":"2025-07-10T23:36:50","slug":"martes-de-formacion-escenica-continua-con-charla-sobre-derechos-de-autor-este-8-de-julio-en-valparaiso","status":"publish","type":"post","link":"https:\/\/dev.antudigital.cl\/sites\/vc\/martes-de-formacion-escenica-continua-con-charla-sobre-derechos-de-autor-este-8-de-julio-en-valparaiso\/","title":{"rendered":"Martes de Formaci\u00f3n Esc\u00e9nica contin\u00faa con charla sobre Derechos de Autor este 8 de julio en Valpara\u00edso"},"content":{"rendered":"\n<p>La Seremi de las Culturas, las Artes y el Patrimonio de la Regi\u00f3n de Valpara\u00edso contin\u00faa desarrollando su ciclo <strong>\u201cMartes de Formaci\u00f3n Esc\u00e9nica\u201d<\/strong>, un programa gratuito de capacitaciones dirigido a artistas y gestores vinculados a las artes esc\u00e9nicas.<\/p>\n\n\n\n<p>Luego de cuatro exitosas sesiones realizadas desde mayo, el pr\u00f3ximo encuentro se llevar\u00e1 a cabo el <strong>martes 8 de julio a las 15:15 horas<\/strong> en la <strong>Sala de Lectura del Parque Cultural de Valpara\u00edso (C\u00e1rcel 471, Cerro C\u00e1rcel)<\/strong>, y estar\u00e1 enfocado en <strong>Derechos de Autor y Derechos Conexos en torno a las Artes Esc\u00e9nicas<\/strong>.<\/p>\n\n\n\n<p>La exposici\u00f3n estar\u00e1 a cargo del abogado <strong>Felipe Schuster Pineda<\/strong>, experto en propiedad intelectual y profesor universitario, quien abordar\u00e1 temas como:<\/p>\n\n\n\n<ul class=\"wp-block-list\">\n<li>Alcances y requisitos de la protecci\u00f3n del Derecho de Autor<\/li>\n\n\n\n<li>Derechos de los int\u00e9rpretes esc\u00e9nicos<\/li>\n\n\n\n<li>Uso de obras ajenas bajo protecci\u00f3n legal<\/li>\n<\/ul>\n\n\n\n<p>Esta jornada contar\u00e1 con <strong>servicio de cafeter\u00eda durante el intermedio<\/strong> y se recomienda llegar puntualmente, ya que una vez iniciada la conferencia no se permitir\u00e1 el ingreso.<\/p>\n\n\n\n<p><strong>Inscripci\u00f3n gratuita:<\/strong> <a class=\"\" href=\"https:\/\/forms.gle\/CPjsvawp4Q27s9JQ7\">https:\/\/forms.gle\/CPjsvawp4Q27s9JQ7<\/a><\/p>\n\n\n\n<hr class=\"wp-block-separator has-alpha-channel-opacity\"\/>\n\n\n\n<h3 class=\"wp-block-heading\">Cuatro sesiones ya realizadas<\/h3>\n\n\n\n<p>Desde su inicio el 13 de mayo, el ciclo ha abordado tem\u00e1ticas clave para el desarrollo del sector esc\u00e9nico, incluyendo:<\/p>\n\n\n\n<ul class=\"wp-block-list\">\n<li><strong>Formalizaci\u00f3n del trabajo esc\u00e9nico y personalidad jur\u00eddica<\/strong> (13 de mayo)<\/li>\n\n\n\n<li><strong>Plan de internacionalizaci\u00f3n de las artes esc\u00e9nicas<\/strong> (27 de mayo)<\/li>\n\n\n\n<li><strong>Fortalecimiento del trabajo cultural y derechos laborales<\/strong> (10 de junio)<\/li>\n\n\n\n<li><strong>Econom\u00eda creativa y sostenibilidad para las artes esc\u00e9nicas<\/strong> (24 de junio)<\/li>\n<\/ul>\n\n\n\n<p>Cada charla ha convocado a artistas, colectivos y gestores de diversas disciplinas: teatro, danza, circo, t\u00edteres, narraci\u00f3n oral, performance, \u00f3pera y m\u00e1s.<\/p>\n\n\n\n<hr class=\"wp-block-separator has-alpha-channel-opacity\"\/>\n\n\n\n<h3 class=\"wp-block-heading\">Formaci\u00f3n abierta y con registro p\u00fablico<\/h3>\n\n\n\n<p>El ciclo es parte del <strong>Plan Regional de Artes Esc\u00e9nicas<\/strong>, impulsado por la Seremi, y responde a una demanda directa de la comunidad art\u00edstica por contar con m\u00e1s instancias de formaci\u00f3n, articulaci\u00f3n y acceso a herramientas especializadas. Todas las sesiones son gratuitas y abiertas a todo p\u00fablico, y quedar\u00e1n disponibles posteriormente en el canal de YouTube: <a class=\"\" href=\"https:\/\/www.youtube.com\/@culturasvalpo\">youtube.com\/@culturasvalpo<\/a><\/p>\n\n\n\n<hr class=\"wp-block-separator has-alpha-channel-opacity\"\/>\n\n\n\n<p><strong>Pr\u00f3xima cita:<\/strong><br>Martes 08 de julio de 2025<br>15:15 hrs.<br>Sala de Lectura, Parque Cultural de Valpara\u00edso (C\u00e1rcel 471)<br>Inscripci\u00f3n previa: <a class=\"\" href=\"https:\/\/forms.gle\/CPjsvawp4Q27s9JQ7\">https:\/\/forms.gle\/CPjsvawp4Q27s9JQ7<\/a><\/p>\n\n\n\n<p><strong>\u00a1Les esperamos!<\/strong><\/p>\n\n\n\n<p><\/p>\n","protected":false},"excerpt":{"rendered":"<p>La Seremi de las Culturas, las Artes y el Patrimonio de la Regi\u00f3n de Valpara\u00edso contin\u00faa desarrollando su ciclo \u201cMartes de Formaci\u00f3n Esc\u00e9nica\u201d, un programa gratuito de capacitaciones dirigido a artistas y gestores vinculados a las artes esc\u00e9nicas. Luego de cuatro exitosas sesiones realizadas desde mayo, el pr\u00f3ximo encuentro se llevar\u00e1 a cabo el martes [&hellip;]<\/p>\n","protected":false},"author":1,"featured_media":25274,"comment_status":"closed","ping_status":"closed","sticky":false,"template":"","format":"standard","meta":{"_acf_changed":false,"footnotes":""},"categories":[1],"tags":[],"class_list":["post-25273","post","type-post","status-publish","format-standard","has-post-thumbnail","hentry","category-uncategorized"],"acf":[],"yoast_head":"<!-- This site is optimized with the Yoast SEO plugin v27.1.1 - https:\/\/yoast.com\/product\/yoast-seo-wordpress\/ -->\n<title>Martes de Formaci\u00f3n Esc\u00e9nica contin\u00faa con charla sobre Derechos de Autor este 8 de julio en Valpara\u00edso - Valpara\u00ed\u00adso Creativo<\/title>\n<meta name=\"robots\" content=\"index, follow, max-snippet:-1, max-image-preview:large, max-video-preview:-1\" \/>\n<link rel=\"canonical\" href=\"https:\/\/dev.antudigital.cl\/sites\/vc\/martes-de-formacion-escenica-continua-con-charla-sobre-derechos-de-autor-este-8-de-julio-en-valparaiso\/\" \/>\n<meta property=\"og:locale\" content=\"es_ES\" \/>\n<meta property=\"og:type\" content=\"article\" \/>\n<meta property=\"og:title\" content=\"Martes de Formaci\u00f3n Esc\u00e9nica contin\u00faa con charla sobre Derechos de Autor este 8 de julio en Valpara\u00edso - Valpara\u00ed\u00adso Creativo\" \/>\n<meta property=\"og:description\" content=\"La Seremi de las Culturas, las Artes y el Patrimonio de la Regi\u00f3n de Valpara\u00edso contin\u00faa desarrollando su ciclo \u201cMartes de Formaci\u00f3n Esc\u00e9nica\u201d, un programa gratuito de capacitaciones dirigido a artistas y gestores vinculados a las artes esc\u00e9nicas. Luego de cuatro exitosas sesiones realizadas desde mayo, el pr\u00f3ximo encuentro se llevar\u00e1 a cabo el martes [&hellip;]\" \/>\n<meta property=\"og:url\" content=\"https:\/\/dev.antudigital.cl\/sites\/vc\/martes-de-formacion-escenica-continua-con-charla-sobre-derechos-de-autor-este-8-de-julio-en-valparaiso\/\" \/>\n<meta property=\"og:site_name\" content=\"Valpara\u00ed\u00adso Creativo\" \/>\n<meta property=\"article:published_time\" content=\"2025-07-01T23:35:19+00:00\" \/>\n<meta property=\"article:modified_time\" content=\"2025-07-10T23:36:50+00:00\" \/>\n<meta property=\"og:image\" content=\"https:\/\/dev.antudigital.cl\/sites\/vc\/wp-content\/uploads\/2025\/07\/teatro-pcdv.jpg\" \/>\n\t<meta property=\"og:image:width\" content=\"1168\" \/>\n\t<meta property=\"og:image:height\" content=\"904\" \/>\n\t<meta property=\"og:image:type\" content=\"image\/jpeg\" \/>\n<meta name=\"author\" content=\"Valpara\u00edso Creativo\" \/>\n<meta name=\"twitter:card\" content=\"summary_large_image\" \/>\n<meta name=\"twitter:label1\" content=\"Escrito por\" \/>\n\t<meta name=\"twitter:data1\" content=\"Valpara\u00edso Creativo\" \/>\n\t<meta name=\"twitter:label2\" content=\"Tiempo de lectura\" \/>\n\t<meta name=\"twitter:data2\" content=\"2 minutos\" \/>\n<script type=\"application\/ld+json\" class=\"yoast-schema-graph\">{\"@context\":\"https:\/\/schema.org\",\"@graph\":[{\"@type\":\"Article\",\"@id\":\"https:\/\/dev.antudigital.cl\/sites\/vc\/martes-de-formacion-escenica-continua-con-charla-sobre-derechos-de-autor-este-8-de-julio-en-valparaiso\/#article\",\"isPartOf\":{\"@id\":\"https:\/\/dev.antudigital.cl\/sites\/vc\/martes-de-formacion-escenica-continua-con-charla-sobre-derechos-de-autor-este-8-de-julio-en-valparaiso\/\"},\"author\":{\"name\":\"Valpara\u00edso Creativo\",\"@id\":\"https:\/\/dev.antudigital.cl\/sites\/vc\/#\/schema\/person\/c2b9da8dd545e27166fc5ab232837318\"},\"headline\":\"Martes de Formaci\u00f3n Esc\u00e9nica contin\u00faa con charla sobre Derechos de Autor este 8 de julio en Valpara\u00edso\",\"datePublished\":\"2025-07-01T23:35:19+00:00\",\"dateModified\":\"2025-07-10T23:36:50+00:00\",\"mainEntityOfPage\":{\"@id\":\"https:\/\/dev.antudigital.cl\/sites\/vc\/martes-de-formacion-escenica-continua-con-charla-sobre-derechos-de-autor-este-8-de-julio-en-valparaiso\/\"},\"wordCount\":404,\"image\":{\"@id\":\"https:\/\/dev.antudigital.cl\/sites\/vc\/martes-de-formacion-escenica-continua-con-charla-sobre-derechos-de-autor-este-8-de-julio-en-valparaiso\/#primaryimage\"},\"thumbnailUrl\":\"https:\/\/dev.antudigital.cl\/sites\/vc\/wp-content\/uploads\/2025\/07\/teatro-pcdv.jpg\",\"articleSection\":[\"Uncategorized\"],\"inLanguage\":\"es\"},{\"@type\":\"WebPage\",\"@id\":\"https:\/\/dev.antudigital.cl\/sites\/vc\/martes-de-formacion-escenica-continua-con-charla-sobre-derechos-de-autor-este-8-de-julio-en-valparaiso\/\",\"url\":\"https:\/\/dev.antudigital.cl\/sites\/vc\/martes-de-formacion-escenica-continua-con-charla-sobre-derechos-de-autor-este-8-de-julio-en-valparaiso\/\",\"name\":\"Martes de Formaci\u00f3n Esc\u00e9nica contin\u00faa con charla sobre Derechos de Autor este 8 de julio en Valpara\u00edso - Valpara\u00ed\u00adso Creativo\",\"isPartOf\":{\"@id\":\"https:\/\/dev.antudigital.cl\/sites\/vc\/#website\"},\"primaryImageOfPage\":{\"@id\":\"https:\/\/dev.antudigital.cl\/sites\/vc\/martes-de-formacion-escenica-continua-con-charla-sobre-derechos-de-autor-este-8-de-julio-en-valparaiso\/#primaryimage\"},\"image\":{\"@id\":\"https:\/\/dev.antudigital.cl\/sites\/vc\/martes-de-formacion-escenica-continua-con-charla-sobre-derechos-de-autor-este-8-de-julio-en-valparaiso\/#primaryimage\"},\"thumbnailUrl\":\"https:\/\/dev.antudigital.cl\/sites\/vc\/wp-content\/uploads\/2025\/07\/teatro-pcdv.jpg\",\"datePublished\":\"2025-07-01T23:35:19+00:00\",\"dateModified\":\"2025-07-10T23:36:50+00:00\",\"author\":{\"@id\":\"https:\/\/dev.antudigital.cl\/sites\/vc\/#\/schema\/person\/c2b9da8dd545e27166fc5ab232837318\"},\"breadcrumb\":{\"@id\":\"https:\/\/dev.antudigital.cl\/sites\/vc\/martes-de-formacion-escenica-continua-con-charla-sobre-derechos-de-autor-este-8-de-julio-en-valparaiso\/#breadcrumb\"},\"inLanguage\":\"es\",\"potentialAction\":[{\"@type\":\"ReadAction\",\"target\":[\"https:\/\/dev.antudigital.cl\/sites\/vc\/martes-de-formacion-escenica-continua-con-charla-sobre-derechos-de-autor-este-8-de-julio-en-valparaiso\/\"]}]},{\"@type\":\"ImageObject\",\"inLanguage\":\"es\",\"@id\":\"https:\/\/dev.antudigital.cl\/sites\/vc\/martes-de-formacion-escenica-continua-con-charla-sobre-derechos-de-autor-este-8-de-julio-en-valparaiso\/#primaryimage\",\"url\":\"https:\/\/dev.antudigital.cl\/sites\/vc\/wp-content\/uploads\/2025\/07\/teatro-pcdv.jpg\",\"contentUrl\":\"https:\/\/dev.antudigital.cl\/sites\/vc\/wp-content\/uploads\/2025\/07\/teatro-pcdv.jpg\",\"width\":1168,\"height\":904},{\"@type\":\"BreadcrumbList\",\"@id\":\"https:\/\/dev.antudigital.cl\/sites\/vc\/martes-de-formacion-escenica-continua-con-charla-sobre-derechos-de-autor-este-8-de-julio-en-valparaiso\/#breadcrumb\",\"itemListElement\":[{\"@type\":\"ListItem\",\"position\":1,\"name\":\"Home\",\"item\":\"https:\/\/dev.antudigital.cl\/sites\/vc\/\"},{\"@type\":\"ListItem\",\"position\":2,\"name\":\"Martes de Formaci\u00f3n Esc\u00e9nica contin\u00faa con charla sobre Derechos de Autor este 8 de julio en Valpara\u00edso\"}]},{\"@type\":\"WebSite\",\"@id\":\"https:\/\/dev.antudigital.cl\/sites\/vc\/#website\",\"url\":\"https:\/\/dev.antudigital.cl\/sites\/vc\/\",\"name\":\"Valpara\u00ed\u00adso Creativo\",\"description\":\"\",\"potentialAction\":[{\"@type\":\"SearchAction\",\"target\":{\"@type\":\"EntryPoint\",\"urlTemplate\":\"https:\/\/dev.antudigital.cl\/sites\/vc\/?s={search_term_string}\"},\"query-input\":{\"@type\":\"PropertyValueSpecification\",\"valueRequired\":true,\"valueName\":\"search_term_string\"}}],\"inLanguage\":\"es\"},{\"@type\":\"Person\",\"@id\":\"https:\/\/dev.antudigital.cl\/sites\/vc\/#\/schema\/person\/c2b9da8dd545e27166fc5ab232837318\",\"name\":\"Valpara\u00edso Creativo\",\"description\":\"Periodista de cultura en la Regi\u00f3n de Valpara\u00edso.\",\"url\":\"https:\/\/dev.antudigital.cl\/sites\/vc\/author\/valpoadmin\/\"}]}<\/script>\n<!-- \/ Yoast SEO plugin. -->","yoast_head_json":{"title":"Martes de Formaci\u00f3n Esc\u00e9nica contin\u00faa con charla sobre Derechos de Autor este 8 de julio en Valpara\u00edso - Valpara\u00ed\u00adso Creativo","robots":{"index":"index","follow":"follow","max-snippet":"max-snippet:-1","max-image-preview":"max-image-preview:large","max-video-preview":"max-video-preview:-1"},"canonical":"https:\/\/dev.antudigital.cl\/sites\/vc\/martes-de-formacion-escenica-continua-con-charla-sobre-derechos-de-autor-este-8-de-julio-en-valparaiso\/","og_locale":"es_ES","og_type":"article","og_title":"Martes de Formaci\u00f3n Esc\u00e9nica contin\u00faa con charla sobre Derechos de Autor este 8 de julio en Valpara\u00edso - Valpara\u00ed\u00adso Creativo","og_description":"La Seremi de las Culturas, las Artes y el Patrimonio de la Regi\u00f3n de Valpara\u00edso contin\u00faa desarrollando su ciclo \u201cMartes de Formaci\u00f3n Esc\u00e9nica\u201d, un programa gratuito de capacitaciones dirigido a artistas y gestores vinculados a las artes esc\u00e9nicas. Luego de cuatro exitosas sesiones realizadas desde mayo, el pr\u00f3ximo encuentro se llevar\u00e1 a cabo el martes [&hellip;]","og_url":"https:\/\/dev.antudigital.cl\/sites\/vc\/martes-de-formacion-escenica-continua-con-charla-sobre-derechos-de-autor-este-8-de-julio-en-valparaiso\/","og_site_name":"Valpara\u00ed\u00adso Creativo","article_published_time":"2025-07-01T23:35:19+00:00","article_modified_time":"2025-07-10T23:36:50+00:00","og_image":[{"width":1168,"height":904,"url":"https:\/\/dev.antudigital.cl\/sites\/vc\/wp-content\/uploads\/2025\/07\/teatro-pcdv.jpg","type":"image\/jpeg"}],"author":"Valpara\u00edso Creativo","twitter_card":"summary_large_image","twitter_misc":{"Escrito por":"Valpara\u00edso Creativo","Tiempo de lectura":"2 minutos"},"schema":{"@context":"https:\/\/schema.org","@graph":[{"@type":"Article","@id":"https:\/\/dev.antudigital.cl\/sites\/vc\/martes-de-formacion-escenica-continua-con-charla-sobre-derechos-de-autor-este-8-de-julio-en-valparaiso\/#article","isPartOf":{"@id":"https:\/\/dev.antudigital.cl\/sites\/vc\/martes-de-formacion-escenica-continua-con-charla-sobre-derechos-de-autor-este-8-de-julio-en-valparaiso\/"},"author":{"name":"Valpara\u00edso Creativo","@id":"https:\/\/dev.antudigital.cl\/sites\/vc\/#\/schema\/person\/c2b9da8dd545e27166fc5ab232837318"},"headline":"Martes de Formaci\u00f3n Esc\u00e9nica contin\u00faa con charla sobre Derechos de Autor este 8 de julio en Valpara\u00edso","datePublished":"2025-07-01T23:35:19+00:00","dateModified":"2025-07-10T23:36:50+00:00","mainEntityOfPage":{"@id":"https:\/\/dev.antudigital.cl\/sites\/vc\/martes-de-formacion-escenica-continua-con-charla-sobre-derechos-de-autor-este-8-de-julio-en-valparaiso\/"},"wordCount":404,"image":{"@id":"https:\/\/dev.antudigital.cl\/sites\/vc\/martes-de-formacion-escenica-continua-con-charla-sobre-derechos-de-autor-este-8-de-julio-en-valparaiso\/#primaryimage"},"thumbnailUrl":"https:\/\/dev.antudigital.cl\/sites\/vc\/wp-content\/uploads\/2025\/07\/teatro-pcdv.jpg","articleSection":["Uncategorized"],"inLanguage":"es"},{"@type":"WebPage","@id":"https:\/\/dev.antudigital.cl\/sites\/vc\/martes-de-formacion-escenica-continua-con-charla-sobre-derechos-de-autor-este-8-de-julio-en-valparaiso\/","url":"https:\/\/dev.antudigital.cl\/sites\/vc\/martes-de-formacion-escenica-continua-con-charla-sobre-derechos-de-autor-este-8-de-julio-en-valparaiso\/","name":"Martes de Formaci\u00f3n Esc\u00e9nica contin\u00faa con charla sobre Derechos de Autor este 8 de julio en Valpara\u00edso - Valpara\u00ed\u00adso Creativo","isPartOf":{"@id":"https:\/\/dev.antudigital.cl\/sites\/vc\/#website"},"primaryImageOfPage":{"@id":"https:\/\/dev.antudigital.cl\/sites\/vc\/martes-de-formacion-escenica-continua-con-charla-sobre-derechos-de-autor-este-8-de-julio-en-valparaiso\/#primaryimage"},"image":{"@id":"https:\/\/dev.antudigital.cl\/sites\/vc\/martes-de-formacion-escenica-continua-con-charla-sobre-derechos-de-autor-este-8-de-julio-en-valparaiso\/#primaryimage"},"thumbnailUrl":"https:\/\/dev.antudigital.cl\/sites\/vc\/wp-content\/uploads\/2025\/07\/teatro-pcdv.jpg","datePublished":"2025-07-01T23:35:19+00:00","dateModified":"2025-07-10T23:36:50+00:00","author":{"@id":"https:\/\/dev.antudigital.cl\/sites\/vc\/#\/schema\/person\/c2b9da8dd545e27166fc5ab232837318"},"breadcrumb":{"@id":"https:\/\/dev.antudigital.cl\/sites\/vc\/martes-de-formacion-escenica-continua-con-charla-sobre-derechos-de-autor-este-8-de-julio-en-valparaiso\/#breadcrumb"},"inLanguage":"es","potentialAction":[{"@type":"ReadAction","target":["https:\/\/dev.antudigital.cl\/sites\/vc\/martes-de-formacion-escenica-continua-con-charla-sobre-derechos-de-autor-este-8-de-julio-en-valparaiso\/"]}]},{"@type":"ImageObject","inLanguage":"es","@id":"https:\/\/dev.antudigital.cl\/sites\/vc\/martes-de-formacion-escenica-continua-con-charla-sobre-derechos-de-autor-este-8-de-julio-en-valparaiso\/#primaryimage","url":"https:\/\/dev.antudigital.cl\/sites\/vc\/wp-content\/uploads\/2025\/07\/teatro-pcdv.jpg","contentUrl":"https:\/\/dev.antudigital.cl\/sites\/vc\/wp-content\/uploads\/2025\/07\/teatro-pcdv.jpg","width":1168,"height":904},{"@type":"BreadcrumbList","@id":"https:\/\/dev.antudigital.cl\/sites\/vc\/martes-de-formacion-escenica-continua-con-charla-sobre-derechos-de-autor-este-8-de-julio-en-valparaiso\/#breadcrumb","itemListElement":[{"@type":"ListItem","position":1,"name":"Home","item":"https:\/\/dev.antudigital.cl\/sites\/vc\/"},{"@type":"ListItem","position":2,"name":"Martes de Formaci\u00f3n Esc\u00e9nica contin\u00faa con charla sobre Derechos de Autor este 8 de julio en Valpara\u00edso"}]},{"@type":"WebSite","@id":"https:\/\/dev.antudigital.cl\/sites\/vc\/#website","url":"https:\/\/dev.antudigital.cl\/sites\/vc\/","name":"Valpara\u00ed\u00adso Creativo","description":"","potentialAction":[{"@type":"SearchAction","target":{"@type":"EntryPoint","urlTemplate":"https:\/\/dev.antudigital.cl\/sites\/vc\/?s={search_term_string}"},"query-input":{"@type":"PropertyValueSpecification","valueRequired":true,"valueName":"search_term_string"}}],"inLanguage":"es"},{"@type":"Person","@id":"https:\/\/dev.antudigital.cl\/sites\/vc\/#\/schema\/person\/c2b9da8dd545e27166fc5ab232837318","name":"Valpara\u00edso Creativo","description":"Periodista de cultura en la Regi\u00f3n de Valpara\u00edso.","url":"https:\/\/dev.antudigital.cl\/sites\/vc\/author\/valpoadmin\/"}]}},"_links":{"self":[{"href":"https:\/\/dev.antudigital.cl\/sites\/vc\/wp-json\/wp\/v2\/posts\/25273","targetHints":{"allow":["GET"]}}],"collection":[{"href":"https:\/\/dev.antudigital.cl\/sites\/vc\/wp-json\/wp\/v2\/posts"}],"about":[{"href":"https:\/\/dev.antudigital.cl\/sites\/vc\/wp-json\/wp\/v2\/types\/post"}],"author":[{"embeddable":true,"href":"https:\/\/dev.antudigital.cl\/sites\/vc\/wp-json\/wp\/v2\/users\/1"}],"replies":[{"embeddable":true,"href":"https:\/\/dev.antudigital.cl\/sites\/vc\/wp-json\/wp\/v2\/comments?post=25273"}],"version-history":[{"count":1,"href":"https:\/\/dev.antudigital.cl\/sites\/vc\/wp-json\/wp\/v2\/posts\/25273\/revisions"}],"predecessor-version":[{"id":25275,"href":"https:\/\/dev.antudigital.cl\/sites\/vc\/wp-json\/wp\/v2\/posts\/25273\/revisions\/25275"}],"wp:featuredmedia":[{"embeddable":true,"href":"https:\/\/dev.antudigital.cl\/sites\/vc\/wp-json\/wp\/v2\/media\/25274"}],"wp:attachment":[{"href":"https:\/\/dev.antudigital.cl\/sites\/vc\/wp-json\/wp\/v2\/media?parent=25273"}],"wp:term":[{"taxonomy":"category","embeddable":true,"href":"https:\/\/dev.antudigital.cl\/sites\/vc\/wp-json\/wp\/v2\/categories?post=25273"},{"taxonomy":"post_tag","embeddable":true,"href":"https:\/\/dev.antudigital.cl\/sites\/vc\/wp-json\/wp\/v2\/tags?post=25273"}],"curies":[{"name":"wp","href":"https:\/\/api.w.org\/{rel}","templated":true}]}}