{"id":25276,"date":"2025-07-01T19:30:00","date_gmt":"2025-07-01T23:30:00","guid":{"rendered":"https:\/\/www.valparaisocreativo.cl\/?p=25276"},"modified":"2025-07-10T19:40:16","modified_gmt":"2025-07-10T23:40:16","slug":"mediamorfosis-vuelve-a-vina-del-mar","status":"publish","type":"post","link":"https:\/\/dev.antudigital.cl\/sites\/vc\/mediamorfosis-vuelve-a-vina-del-mar\/","title":{"rendered":"Mediamorfosis vuelve a Vi\u00f1a del Mar\u00a0"},"content":{"rendered":"\n<p><strong>Del 15 al 18 de julio de 2025, en el Palacio Vergara<\/strong><\/p>\n\n\n\n<p>Narrativas inmersivas, inteligencia artificial generativa, realidades mixtas, experiencias interactivas, innovaci\u00f3n audiovisual\u2026<\/p>\n\n\n\n<p><strong>Todo eso (y m\u00e1s)<\/strong>&nbsp;te espera en la nueva edici\u00f3n de&nbsp;<strong>Mediamorfosis<\/strong>, el festival de nuevos medios m\u00e1s influyente de Latinoam\u00e9rica.<\/p>\n\n\n\n<p>Esta vez, el ic\u00f3nico Palacio Vergara ser\u00e1 el epicentro de las&nbsp;<strong>narrativas inmersivas<\/strong>, la&nbsp;<strong>inteligencia artificial generativa<\/strong>&nbsp;y la&nbsp;<strong>creatividad que conecta lo f\u00edsico y lo digital<\/strong>&nbsp;para transformar espacios en experiencias inolvidables.&nbsp;<\/p>\n\n\n\n<p>Durante cuatro d\u00edas,&nbsp;<strong>las voces m\u00e1s disruptivas del ecosistema creativo<\/strong>&nbsp;se re\u00fanen para compartir&nbsp;<strong>lo \u00faltimo en storytelling, VR, IA y experiencias XR.<\/strong><\/p>\n\n\n\n<figure class=\"wp-block-image size-full\"><img decoding=\"async\" src=\"https:\/\/www.valparaisocreativo.cl\/wp-content\/uploads\/2025\/07\/unnamed.png\" alt=\"\" class=\"wp-image-23997\"\/><\/figure>\n\n\n\n<p><strong>Conferencias y paneles con speakers internacionales que marcan tendencia<\/strong>. Entre los referentes destacados que ser\u00e1n parte del festival se encuentran&nbsp;<strong>Jazia Hammoudi<\/strong>, Directora Adjunta del ONX Studio de la Fundaci\u00f3n Onassis (Nueva York);&nbsp;<strong>Mar\u00eda Cristina D\u00edaz Vel\u00e1squez<\/strong>, presidenta del museo interactivo Maloka (Colombia);&nbsp;<strong>Myriam Achard<\/strong>, del Estudio PHI (Canad\u00e1), quien recorre el mundo en busca de las obras m\u00e1s inmersivas e innovadoras; y&nbsp;<strong>Juan Szelagowski<\/strong>, fundador de Furor Studio (Argentina), que lidera proyectos que fusionan storytelling, tecnolog\u00eda y cultura pop. Adem\u00e1s, esta edici\u00f3n contar\u00e1 con la presencia de&nbsp;<strong>Dami\u00e1n Kirzner<\/strong>&nbsp;(Argentina), creador de Mediamorfosis y Director y productor de la experiencia \u00abMafalda Inmersiva\u00bb, basada en la obra de Quino, que se estrenar\u00e1 en 2026;&nbsp;<strong>V\u00edctor Ricardo Israel Cerda Morales &#8211; NOD<\/strong>&nbsp;(Chile), artista visual y pionero en el uso de Inteligencia Artificial Generativa en el audiovisual; y&nbsp;<strong>Mar\u00eda Jose Martabit<\/strong>, Founder de Theodhora AI, startup chilena de Inteligencia Artificial.<br><br><strong>Una sala VR \u00fanica en el pa\u00eds<\/strong>&nbsp;con experiencias&nbsp; reconocidas internacionalmente, y showcase XR de creativos nacionales.<\/p>\n\n\n\n<p><strong>Open Pitch XR con importantes premios<\/strong>: Este a\u00f1o, Mediamorfosis se al\u00eda con&nbsp;<strong>CRTIC<\/strong>&nbsp;(Centro Revoluci\u00f3n Tecnol\u00f3gica en Industrias Creativas) para impulsar nuevos talentos a trav\u00e9s del&nbsp;<strong>Open Pitch XR<\/strong>, una convocatoria que seleccionar\u00e1 proyectos innovadores para presentarse ante referentes de la industria. Los ganadores acceder\u00e1n a mentor\u00edas exclusivas durante un a\u00f1o, brindadas por expertos de&nbsp;<strong>ONX Studio<\/strong>&nbsp;(Fundaci\u00f3n Onassis &#8211; Nueva York) y&nbsp;<strong>NEW INC<\/strong>, y podr\u00e1n ganar un viaje al&nbsp;<strong>Festival New Images<\/strong>, gracias al apoyo del&nbsp;<strong>Instituto Franc\u00e9s de Chile<\/strong>.<\/p>\n\n\n\n<p><strong>Reuniones One on One,<\/strong>&nbsp;un espacio de encuentro dise\u00f1ado para promover el networking y conectar a los principales actores de la industria creativa y a organizaciones del mundo de los nuevos medios y las tecnolog\u00edas inmersivas.<\/p>\n\n\n\n<p><a href=\"https:\/\/go60h.r.ag.d.sendibm3.com\/mk\/cl\/f\/sh\/6rqJfgq8dINmNdXnHvdxeJUdXWj\/qRVIbG4CUch7\" target=\"_blank\" rel=\"noreferrer noopener\"><strong>INSCRIBETE A LAS REUNIONES AQU\u00cd<\/strong><\/a><\/p>\n\n\n\n<p><strong>Entrada libre y gratuita. Cupos limitados.<\/strong><\/p>\n\n\n\n<p><strong>Toda la info y agenda muy pronto en: <\/strong><a href=\"https:\/\/go60h.r.ag.d.sendibm3.com\/mk\/cl\/f\/sh\/6rqJfgq8dIPRQ5pwmF3VZucZApl\/rkVI2JP87gPJ\" target=\"_blank\" rel=\"noreferrer noopener\"><strong><u>mediamorfosis.net<\/u><\/strong><\/a><\/p>\n\n\n\n<figure class=\"wp-block-image size-large\"><img decoding=\"async\" src=\"https:\/\/www.valparaisocreativo.cl\/wp-content\/uploads\/2025\/07\/bannerMedia-1024x341.png\" alt=\"\" class=\"wp-image-23995\"\/><\/figure>\n","protected":false},"excerpt":{"rendered":"<p>Del 15 al 18 de julio de 2025, en el Palacio Vergara Narrativas inmersivas, inteligencia artificial generativa, realidades mixtas, experiencias interactivas, innovaci\u00f3n audiovisual\u2026 Todo eso (y m\u00e1s)&nbsp;te espera en la nueva edici\u00f3n de&nbsp;Mediamorfosis, el festival de nuevos medios m\u00e1s influyente de Latinoam\u00e9rica. Esta vez, el ic\u00f3nico Palacio Vergara ser\u00e1 el epicentro de las&nbsp;narrativas inmersivas, la&nbsp;inteligencia [&hellip;]<\/p>\n","protected":false},"author":1,"featured_media":25277,"comment_status":"closed","ping_status":"closed","sticky":false,"template":"","format":"standard","meta":{"_acf_changed":false,"footnotes":""},"categories":[1],"tags":[],"class_list":["post-25276","post","type-post","status-publish","format-standard","has-post-thumbnail","hentry","category-uncategorized"],"acf":[],"yoast_head":"<!-- This site is optimized with the Yoast SEO plugin v27.1.1 - https:\/\/yoast.com\/product\/yoast-seo-wordpress\/ -->\n<title>Mediamorfosis vuelve a Vi\u00f1a del Mar\u00a0 - Valpara\u00ed\u00adso Creativo<\/title>\n<meta name=\"robots\" content=\"index, follow, max-snippet:-1, max-image-preview:large, max-video-preview:-1\" \/>\n<link rel=\"canonical\" href=\"https:\/\/dev.antudigital.cl\/sites\/vc\/mediamorfosis-vuelve-a-vina-del-mar\/\" \/>\n<meta property=\"og:locale\" content=\"es_ES\" \/>\n<meta property=\"og:type\" content=\"article\" \/>\n<meta property=\"og:title\" content=\"Mediamorfosis vuelve a Vi\u00f1a del Mar\u00a0 - Valpara\u00ed\u00adso Creativo\" \/>\n<meta property=\"og:description\" content=\"Del 15 al 18 de julio de 2025, en el Palacio Vergara Narrativas inmersivas, inteligencia artificial generativa, realidades mixtas, experiencias interactivas, innovaci\u00f3n audiovisual\u2026 Todo eso (y m\u00e1s)&nbsp;te espera en la nueva edici\u00f3n de&nbsp;Mediamorfosis, el festival de nuevos medios m\u00e1s influyente de Latinoam\u00e9rica. Esta vez, el ic\u00f3nico Palacio Vergara ser\u00e1 el epicentro de las&nbsp;narrativas inmersivas, la&nbsp;inteligencia [&hellip;]\" \/>\n<meta property=\"og:url\" content=\"https:\/\/dev.antudigital.cl\/sites\/vc\/mediamorfosis-vuelve-a-vina-del-mar\/\" \/>\n<meta property=\"og:site_name\" content=\"Valpara\u00ed\u00adso Creativo\" \/>\n<meta property=\"article:published_time\" content=\"2025-07-01T23:30:00+00:00\" \/>\n<meta property=\"article:modified_time\" content=\"2025-07-10T23:40:16+00:00\" \/>\n<meta property=\"og:image\" content=\"https:\/\/dev.antudigital.cl\/sites\/vc\/wp-content\/uploads\/2025\/07\/Banner1.png\" \/>\n\t<meta property=\"og:image:width\" content=\"950\" \/>\n\t<meta property=\"og:image:height\" content=\"250\" \/>\n\t<meta property=\"og:image:type\" content=\"image\/png\" \/>\n<meta name=\"author\" content=\"Valpara\u00edso Creativo\" \/>\n<meta name=\"twitter:card\" content=\"summary_large_image\" \/>\n<meta name=\"twitter:label1\" content=\"Escrito por\" \/>\n\t<meta name=\"twitter:data1\" content=\"Valpara\u00edso Creativo\" \/>\n\t<meta name=\"twitter:label2\" content=\"Tiempo de lectura\" \/>\n\t<meta name=\"twitter:data2\" content=\"3 minutos\" \/>\n<script type=\"application\/ld+json\" class=\"yoast-schema-graph\">{\"@context\":\"https:\/\/schema.org\",\"@graph\":[{\"@type\":\"Article\",\"@id\":\"https:\/\/dev.antudigital.cl\/sites\/vc\/mediamorfosis-vuelve-a-vina-del-mar\/#article\",\"isPartOf\":{\"@id\":\"https:\/\/dev.antudigital.cl\/sites\/vc\/mediamorfosis-vuelve-a-vina-del-mar\/\"},\"author\":{\"name\":\"Valpara\u00edso Creativo\",\"@id\":\"https:\/\/dev.antudigital.cl\/sites\/vc\/#\/schema\/person\/c2b9da8dd545e27166fc5ab232837318\"},\"headline\":\"Mediamorfosis vuelve a Vi\u00f1a del Mar\u00a0\",\"datePublished\":\"2025-07-01T23:30:00+00:00\",\"dateModified\":\"2025-07-10T23:40:16+00:00\",\"mainEntityOfPage\":{\"@id\":\"https:\/\/dev.antudigital.cl\/sites\/vc\/mediamorfosis-vuelve-a-vina-del-mar\/\"},\"wordCount\":475,\"image\":{\"@id\":\"https:\/\/dev.antudigital.cl\/sites\/vc\/mediamorfosis-vuelve-a-vina-del-mar\/#primaryimage\"},\"thumbnailUrl\":\"https:\/\/dev.antudigital.cl\/sites\/vc\/wp-content\/uploads\/2025\/07\/Banner1.png\",\"articleSection\":[\"Uncategorized\"],\"inLanguage\":\"es\"},{\"@type\":\"WebPage\",\"@id\":\"https:\/\/dev.antudigital.cl\/sites\/vc\/mediamorfosis-vuelve-a-vina-del-mar\/\",\"url\":\"https:\/\/dev.antudigital.cl\/sites\/vc\/mediamorfosis-vuelve-a-vina-del-mar\/\",\"name\":\"Mediamorfosis vuelve a Vi\u00f1a del Mar\u00a0 - Valpara\u00ed\u00adso Creativo\",\"isPartOf\":{\"@id\":\"https:\/\/dev.antudigital.cl\/sites\/vc\/#website\"},\"primaryImageOfPage\":{\"@id\":\"https:\/\/dev.antudigital.cl\/sites\/vc\/mediamorfosis-vuelve-a-vina-del-mar\/#primaryimage\"},\"image\":{\"@id\":\"https:\/\/dev.antudigital.cl\/sites\/vc\/mediamorfosis-vuelve-a-vina-del-mar\/#primaryimage\"},\"thumbnailUrl\":\"https:\/\/dev.antudigital.cl\/sites\/vc\/wp-content\/uploads\/2025\/07\/Banner1.png\",\"datePublished\":\"2025-07-01T23:30:00+00:00\",\"dateModified\":\"2025-07-10T23:40:16+00:00\",\"author\":{\"@id\":\"https:\/\/dev.antudigital.cl\/sites\/vc\/#\/schema\/person\/c2b9da8dd545e27166fc5ab232837318\"},\"breadcrumb\":{\"@id\":\"https:\/\/dev.antudigital.cl\/sites\/vc\/mediamorfosis-vuelve-a-vina-del-mar\/#breadcrumb\"},\"inLanguage\":\"es\",\"potentialAction\":[{\"@type\":\"ReadAction\",\"target\":[\"https:\/\/dev.antudigital.cl\/sites\/vc\/mediamorfosis-vuelve-a-vina-del-mar\/\"]}]},{\"@type\":\"ImageObject\",\"inLanguage\":\"es\",\"@id\":\"https:\/\/dev.antudigital.cl\/sites\/vc\/mediamorfosis-vuelve-a-vina-del-mar\/#primaryimage\",\"url\":\"https:\/\/dev.antudigital.cl\/sites\/vc\/wp-content\/uploads\/2025\/07\/Banner1.png\",\"contentUrl\":\"https:\/\/dev.antudigital.cl\/sites\/vc\/wp-content\/uploads\/2025\/07\/Banner1.png\",\"width\":950,\"height\":250},{\"@type\":\"BreadcrumbList\",\"@id\":\"https:\/\/dev.antudigital.cl\/sites\/vc\/mediamorfosis-vuelve-a-vina-del-mar\/#breadcrumb\",\"itemListElement\":[{\"@type\":\"ListItem\",\"position\":1,\"name\":\"Home\",\"item\":\"https:\/\/dev.antudigital.cl\/sites\/vc\/\"},{\"@type\":\"ListItem\",\"position\":2,\"name\":\"Mediamorfosis vuelve a Vi\u00f1a del Mar\u00a0\"}]},{\"@type\":\"WebSite\",\"@id\":\"https:\/\/dev.antudigital.cl\/sites\/vc\/#website\",\"url\":\"https:\/\/dev.antudigital.cl\/sites\/vc\/\",\"name\":\"Valpara\u00ed\u00adso Creativo\",\"description\":\"\",\"potentialAction\":[{\"@type\":\"SearchAction\",\"target\":{\"@type\":\"EntryPoint\",\"urlTemplate\":\"https:\/\/dev.antudigital.cl\/sites\/vc\/?s={search_term_string}\"},\"query-input\":{\"@type\":\"PropertyValueSpecification\",\"valueRequired\":true,\"valueName\":\"search_term_string\"}}],\"inLanguage\":\"es\"},{\"@type\":\"Person\",\"@id\":\"https:\/\/dev.antudigital.cl\/sites\/vc\/#\/schema\/person\/c2b9da8dd545e27166fc5ab232837318\",\"name\":\"Valpara\u00edso Creativo\",\"description\":\"Periodista de cultura en la Regi\u00f3n de Valpara\u00edso.\",\"url\":\"https:\/\/dev.antudigital.cl\/sites\/vc\/author\/valpoadmin\/\"}]}<\/script>\n<!-- \/ Yoast SEO plugin. -->","yoast_head_json":{"title":"Mediamorfosis vuelve a Vi\u00f1a del Mar\u00a0 - Valpara\u00ed\u00adso Creativo","robots":{"index":"index","follow":"follow","max-snippet":"max-snippet:-1","max-image-preview":"max-image-preview:large","max-video-preview":"max-video-preview:-1"},"canonical":"https:\/\/dev.antudigital.cl\/sites\/vc\/mediamorfosis-vuelve-a-vina-del-mar\/","og_locale":"es_ES","og_type":"article","og_title":"Mediamorfosis vuelve a Vi\u00f1a del Mar\u00a0 - Valpara\u00ed\u00adso Creativo","og_description":"Del 15 al 18 de julio de 2025, en el Palacio Vergara Narrativas inmersivas, inteligencia artificial generativa, realidades mixtas, experiencias interactivas, innovaci\u00f3n audiovisual\u2026 Todo eso (y m\u00e1s)&nbsp;te espera en la nueva edici\u00f3n de&nbsp;Mediamorfosis, el festival de nuevos medios m\u00e1s influyente de Latinoam\u00e9rica. Esta vez, el ic\u00f3nico Palacio Vergara ser\u00e1 el epicentro de las&nbsp;narrativas inmersivas, la&nbsp;inteligencia [&hellip;]","og_url":"https:\/\/dev.antudigital.cl\/sites\/vc\/mediamorfosis-vuelve-a-vina-del-mar\/","og_site_name":"Valpara\u00ed\u00adso Creativo","article_published_time":"2025-07-01T23:30:00+00:00","article_modified_time":"2025-07-10T23:40:16+00:00","og_image":[{"width":950,"height":250,"url":"https:\/\/dev.antudigital.cl\/sites\/vc\/wp-content\/uploads\/2025\/07\/Banner1.png","type":"image\/png"}],"author":"Valpara\u00edso Creativo","twitter_card":"summary_large_image","twitter_misc":{"Escrito por":"Valpara\u00edso Creativo","Tiempo de lectura":"3 minutos"},"schema":{"@context":"https:\/\/schema.org","@graph":[{"@type":"Article","@id":"https:\/\/dev.antudigital.cl\/sites\/vc\/mediamorfosis-vuelve-a-vina-del-mar\/#article","isPartOf":{"@id":"https:\/\/dev.antudigital.cl\/sites\/vc\/mediamorfosis-vuelve-a-vina-del-mar\/"},"author":{"name":"Valpara\u00edso Creativo","@id":"https:\/\/dev.antudigital.cl\/sites\/vc\/#\/schema\/person\/c2b9da8dd545e27166fc5ab232837318"},"headline":"Mediamorfosis vuelve a Vi\u00f1a del Mar\u00a0","datePublished":"2025-07-01T23:30:00+00:00","dateModified":"2025-07-10T23:40:16+00:00","mainEntityOfPage":{"@id":"https:\/\/dev.antudigital.cl\/sites\/vc\/mediamorfosis-vuelve-a-vina-del-mar\/"},"wordCount":475,"image":{"@id":"https:\/\/dev.antudigital.cl\/sites\/vc\/mediamorfosis-vuelve-a-vina-del-mar\/#primaryimage"},"thumbnailUrl":"https:\/\/dev.antudigital.cl\/sites\/vc\/wp-content\/uploads\/2025\/07\/Banner1.png","articleSection":["Uncategorized"],"inLanguage":"es"},{"@type":"WebPage","@id":"https:\/\/dev.antudigital.cl\/sites\/vc\/mediamorfosis-vuelve-a-vina-del-mar\/","url":"https:\/\/dev.antudigital.cl\/sites\/vc\/mediamorfosis-vuelve-a-vina-del-mar\/","name":"Mediamorfosis vuelve a Vi\u00f1a del Mar\u00a0 - Valpara\u00ed\u00adso Creativo","isPartOf":{"@id":"https:\/\/dev.antudigital.cl\/sites\/vc\/#website"},"primaryImageOfPage":{"@id":"https:\/\/dev.antudigital.cl\/sites\/vc\/mediamorfosis-vuelve-a-vina-del-mar\/#primaryimage"},"image":{"@id":"https:\/\/dev.antudigital.cl\/sites\/vc\/mediamorfosis-vuelve-a-vina-del-mar\/#primaryimage"},"thumbnailUrl":"https:\/\/dev.antudigital.cl\/sites\/vc\/wp-content\/uploads\/2025\/07\/Banner1.png","datePublished":"2025-07-01T23:30:00+00:00","dateModified":"2025-07-10T23:40:16+00:00","author":{"@id":"https:\/\/dev.antudigital.cl\/sites\/vc\/#\/schema\/person\/c2b9da8dd545e27166fc5ab232837318"},"breadcrumb":{"@id":"https:\/\/dev.antudigital.cl\/sites\/vc\/mediamorfosis-vuelve-a-vina-del-mar\/#breadcrumb"},"inLanguage":"es","potentialAction":[{"@type":"ReadAction","target":["https:\/\/dev.antudigital.cl\/sites\/vc\/mediamorfosis-vuelve-a-vina-del-mar\/"]}]},{"@type":"ImageObject","inLanguage":"es","@id":"https:\/\/dev.antudigital.cl\/sites\/vc\/mediamorfosis-vuelve-a-vina-del-mar\/#primaryimage","url":"https:\/\/dev.antudigital.cl\/sites\/vc\/wp-content\/uploads\/2025\/07\/Banner1.png","contentUrl":"https:\/\/dev.antudigital.cl\/sites\/vc\/wp-content\/uploads\/2025\/07\/Banner1.png","width":950,"height":250},{"@type":"BreadcrumbList","@id":"https:\/\/dev.antudigital.cl\/sites\/vc\/mediamorfosis-vuelve-a-vina-del-mar\/#breadcrumb","itemListElement":[{"@type":"ListItem","position":1,"name":"Home","item":"https:\/\/dev.antudigital.cl\/sites\/vc\/"},{"@type":"ListItem","position":2,"name":"Mediamorfosis vuelve a Vi\u00f1a del Mar\u00a0"}]},{"@type":"WebSite","@id":"https:\/\/dev.antudigital.cl\/sites\/vc\/#website","url":"https:\/\/dev.antudigital.cl\/sites\/vc\/","name":"Valpara\u00ed\u00adso Creativo","description":"","potentialAction":[{"@type":"SearchAction","target":{"@type":"EntryPoint","urlTemplate":"https:\/\/dev.antudigital.cl\/sites\/vc\/?s={search_term_string}"},"query-input":{"@type":"PropertyValueSpecification","valueRequired":true,"valueName":"search_term_string"}}],"inLanguage":"es"},{"@type":"Person","@id":"https:\/\/dev.antudigital.cl\/sites\/vc\/#\/schema\/person\/c2b9da8dd545e27166fc5ab232837318","name":"Valpara\u00edso Creativo","description":"Periodista de cultura en la Regi\u00f3n de Valpara\u00edso.","url":"https:\/\/dev.antudigital.cl\/sites\/vc\/author\/valpoadmin\/"}]}},"_links":{"self":[{"href":"https:\/\/dev.antudigital.cl\/sites\/vc\/wp-json\/wp\/v2\/posts\/25276","targetHints":{"allow":["GET"]}}],"collection":[{"href":"https:\/\/dev.antudigital.cl\/sites\/vc\/wp-json\/wp\/v2\/posts"}],"about":[{"href":"https:\/\/dev.antudigital.cl\/sites\/vc\/wp-json\/wp\/v2\/types\/post"}],"author":[{"embeddable":true,"href":"https:\/\/dev.antudigital.cl\/sites\/vc\/wp-json\/wp\/v2\/users\/1"}],"replies":[{"embeddable":true,"href":"https:\/\/dev.antudigital.cl\/sites\/vc\/wp-json\/wp\/v2\/comments?post=25276"}],"version-history":[{"count":1,"href":"https:\/\/dev.antudigital.cl\/sites\/vc\/wp-json\/wp\/v2\/posts\/25276\/revisions"}],"predecessor-version":[{"id":25278,"href":"https:\/\/dev.antudigital.cl\/sites\/vc\/wp-json\/wp\/v2\/posts\/25276\/revisions\/25278"}],"wp:featuredmedia":[{"embeddable":true,"href":"https:\/\/dev.antudigital.cl\/sites\/vc\/wp-json\/wp\/v2\/media\/25277"}],"wp:attachment":[{"href":"https:\/\/dev.antudigital.cl\/sites\/vc\/wp-json\/wp\/v2\/media?parent=25276"}],"wp:term":[{"taxonomy":"category","embeddable":true,"href":"https:\/\/dev.antudigital.cl\/sites\/vc\/wp-json\/wp\/v2\/categories?post=25276"},{"taxonomy":"post_tag","embeddable":true,"href":"https:\/\/dev.antudigital.cl\/sites\/vc\/wp-json\/wp\/v2\/tags?post=25276"}],"curies":[{"name":"wp","href":"https:\/\/api.w.org\/{rel}","templated":true}]}}