{"id":25282,"date":"2025-07-01T17:45:00","date_gmt":"2025-07-01T21:45:00","guid":{"rendered":"https:\/\/www.valparaisocreativo.cl\/?p=25282"},"modified":"2025-07-10T19:50:39","modified_gmt":"2025-07-10T23:50:39","slug":"artistas-invitan-a-mirar-el-cielo-en-expo-apuntes-de-nubes","status":"publish","type":"post","link":"https:\/\/dev.antudigital.cl\/sites\/vc\/artistas-invitan-a-mirar-el-cielo-en-expo-apuntes-de-nubes\/","title":{"rendered":"Artistas invitan a mirar el cielo en expo \u201cApuntes de nubes\u201d"},"content":{"rendered":"\n<p><strong>A trav\u00e9s de acuarelas y \u00f3leos de peque\u00f1o y mediano formato, Pascal Caruz, Val\u00e9rie Larrere y Petra Harmat presentan una investigaci\u00f3n pict\u00f3rica acerca de estos ef\u00edmeros elementos atmosf\u00e9ricos. La muestra inaugura este viernes 4 de julio, en galer\u00eda de arte Bah\u00eda Ut\u00f3pica de Vapara\u00edso.<\/strong><\/p>\n\n\n\n<p>Diminutas part\u00edculas de agua condensada conforman las nubes, elementos atmosf\u00e9ricos que nos acompa\u00f1an desde el cielo sin que, muchas veces, nos detengamos a observarlas. Eso es precisamente lo que se han propuesto las artistas Pascal Caruz, Val\u00e9rie Larrere y Petra Harmat quienes, durante una temporada, se dedicaron a contemplar las nuebes en el firmamento, registrar sus cambios y matices, y llevar esta experiencia a una exposici\u00f3n de pinturas y acuarleas en peque\u00f1o y mediano formato, que este viernes 4 de julio, a las 19.00 horas, ser\u00e1 inaugurada en la galer\u00eda de arte Bah\u00eda Ut\u00f3pica de Valpara\u00edso.<\/p>\n\n\n\n<p>\u201cApuntes de nubes\u201d nace como una invitaci\u00f3n colectiva en torno a la pr\u00e1ctica de la contemplaci\u00f3n de un elemento ef\u00edmero por naturaleza, que convierte el cielo en un lienzo en constante cambio. A lo largo de un a\u00f1o, las artistas -que han abordado previamente el tema del paisaje en sus obras- retomaron esa pr\u00e1ctica humana ancestral de observar el firmamento y registrarlo en im\u00e1genes.<\/p>\n\n\n\n<p>\u201cMi proceso creativo al pintar nubes tiene mucho que ver el ejercicio cotidiano de su observaci\u00f3n directa, es casi un h\u00e1bito el de mirar hacia el cielo, busc\u00e1ndolas con la mirada, al salir de casa, en la micro o caminando. Para m\u00ed son parte esencial del paisaje. Cuando veo una que me gustar\u00eda pintar, la \u2018atrapo\u2019 con la c\u00e1mara del celular y repaso mentalmente los colores que me cautivaron. No tengo un m\u00e9todo predilecto para pintarlas, a veces ha sido in situ o al aire libre y muchas veces pinto en mi taller a partir de fotograf\u00edas propias\u201d, cuenta Petra Harmat, pintora y comunicadora social, integrante de la Corporaci\u00f3n de Acuarelistas de Chile.<\/p>\n\n\n\n<p>Pascal Caruz, acuarelista chilena oriunda de Puerto Varas y radicada en Valpara\u00edso, aborda un enfoque m\u00e1s evocativo de las nubes, luego de pasar largas horas observando y registr\u00e1ndolas: \u201cEsa caracter\u00edstica preciosa de lo org\u00e1nico y lo ef\u00edmero estaba faltando, entonces me anim\u00e9 a pintarlas desde la imaginaci\u00f3n. Con el papel en blanco, tiraba una mancha, y poco a poco esa nube iba apareciendo sola, espont\u00e1nea y s\u00faper personal. Luego me di cuenta de que eran bastantes expresivas, que la mayor\u00eda de ellas eran tormentosas o complejas, pero al mismo tiempo suaves y vol\u00e1tiles. Seguramente hay un componente inconsciente de esa belleza triste del sur y sus cielos siempre grises, cargados y melanc\u00f3licos\u201d.<\/p>\n\n\n\n<p>Para Val\u00e9rie Larrere, licenciada en Arte de la PUCV, quien reside actualmente en Limache, el proceso creativo para esta exposici\u00f3n deton\u00f3 un proceso de reflexi\u00f3n sobre \u201cese gesto de mirar hacia arriba para encontrarse con el cielo y descansar la mirada, es un gesto humano muy arcaico. Yo no pinto insitu, yo me trato de abastecer de experiencias del paisaje y luego todo decanta desde la memoria a la tela. Creo que m\u00e1s bien libero en im\u00e1genes una serie de encuentros con lugares y territorios que me mueven internamente\u201d.<\/p>\n\n\n\n<p><strong>T\u00c9CNICAS<\/strong><\/p>\n\n\n\n<p>La acuarela y el \u00f3leo son las t\u00e9cnicas escogidas por las artistas para esta investigaci\u00f3n pict\u00f3rica sobre las nubes. Petra Harmat se\u00f1ala que \u201csi bien en los \u00faltimos a\u00f1os me he dedicado m\u00e1s a la acuarela, una t\u00e9cnica m\u00e1s r\u00e1pida, fugaz, de pocos gestos, actualmente me he redescubierto en la pr\u00e1ctica del \u00f3leo, que permite ese ralentizar intencionado, ese volver a la atm\u00f3sfera, en este caso, de nubes. Pienso que la acuarela permite acercarse m\u00e1s a ese rescate de lo ef\u00edmero, de lo vol\u00e1til y sutiles de las nubes. Por otro lado, quise utilizar la pintura al \u00f3leo para aproximarme a ese tipo de nubes m\u00e1s denso, de esas cargadas de agua, de oscuridades m\u00e1s notorias, esas que anuncian lluvia y tormenta\u201d.<\/p>\n\n\n\n<p>Para Pascal Caruz, que se ha especializado en acuarela, esta t\u00e9cnica resulta \u201cs\u00faper compatible con la representaci\u00f3n de las nubes o atm\u00f3sferas h\u00famedas, ya que se trabaja con agua y m\u00e1s concretamente con el papel h\u00famedo, la mancha tiene libre expansi\u00f3n para ser y dar la forma que el agua quiera. Al mismo tiempo, noto que ese componente ef\u00edmero y cambiante de las nubes en movimiento justamente pasa tambi\u00e9n sobre el papel: la mancha se extender\u00e1&nbsp; y cambiar\u00e1 su forma todo lo que quiera hasta que el papel se seque, y solo cuando est\u00e9 seco, se ver\u00e1 su forma final. Entonces nunca s\u00e9 realmente qu\u00e9 tipo de nube ser\u00e1\u201d.<\/p>\n\n\n\n<p>Val\u00e9rie Larrere, en tanto, opta por el \u00f3leo, \u201cque es de tiempos lentos, lento secado adem\u00e1s, y encuentro que es importante nombrar el tiempo en nuestro proyecto, pues es un tema que impuls\u00f3 las ganas de pintar nubes. Mi pintura, que es principalmente&nbsp;investigaci\u00f3n del paisaje, es favorecida por este encargo ya que lo atmosf\u00e9rico es un tema de reflexi\u00f3n para m\u00ed, considero que la atm\u00f3sfera es el componente que viene a terminar la obra como una experiencia de estar ah\u00ed, una inmersi\u00f3n, es decir, aporta lo humano de la mirada sobre un lugar\u201d.<\/p>\n\n\n\n<figure class=\"wp-block-image size-large\"><img decoding=\"async\" src=\"https:\/\/www.valparaisocreativo.cl\/wp-content\/uploads\/2025\/07\/INVIERNO_PASCAL-CARUZ-631x1024.jpg\" alt=\"\" class=\"wp-image-23988\"\/><\/figure>\n\n\n\n<p><strong>TIEMPO Y CONTEMPLACI\u00d3N<\/strong><\/p>\n\n\n\n<p>La exposici\u00f3n \u201cApuntes de nubes\u201d, de las artistas Val\u00e9rie Larrere, Pascal Caruz y Petra Harmat,&nbsp; se podr\u00e1 visitar a contar del s\u00e1bado 5 de julio y hasta el 3 de agosto, de lunes a domingo, entre 11.00 y 19.00 horas, en galer\u00eda de arte Bah\u00eda Ut\u00f3pica, ubicada en Almirante Montt 372, cerro Concepci\u00f3n, Valpara\u00edso.<\/p>\n\n\n\n<p>En sus palabras, cada una de ellas explica su relaci\u00f3n con las nubes: \u201cMe sobrecogen las amplitudes y altitudes de las nubes, son elementos esenciales dentro de cualquier paisaje exterior, que es el tema con el que m\u00e1s trabajo. En ellas, siento que la vista y el coraz\u00f3n descansan un momento, toman respiro de la contingencia terrenal. Son motivo de un ejercicio&nbsp; de contemplaci\u00f3n. Tambi\u00e9n, tomar un poco de distancia de las cosas que amarran la existencia (por ejemplo, ver el celular continuamente) hacia elementos de la naturaleza que hasta el momento se est\u00e1n salvando de la perturbaci\u00f3n humana; las nubes son libres, tienen esa libertad elemental donde se desplazan, impasibles, indiferentes a lo que sucede\u201d, dice Petra Harmat.&nbsp;<\/p>\n\n\n\n<p>Pascal Caruz observa en las nubes \u201cmet\u00e1foras reflejadas en el cielo. Las nubes van a su ritmo, nadie las apura, nada las exige, siguen su propio camino. Tan contrario al ritmo fren\u00e9tico y pautado de nuestros tiempos. El mismo proceso creativo es un poco como ellas: lento, poco concreto, diletante. Aparece y desaparece a su antojo, no tienen que llegar a ninguna parte. Me gusta la expresi\u00f3n \u2018andar con la cabeza en las nubes\u2019. Nuestro viciado sistema y el ser humano no tienen poder sobre ellas. Son las monarcas sobre nosotros. Pueden ser&nbsp; tan terribles como dulces\u201d.<\/p>\n\n\n\n<p>\u201cPinto nubes porque me atrae desde siempre la convivencia que hemos tenido con estos cuerpos tremendos, ef\u00edmeros y que nunca puedes tocar; por lo mismo, son una presencia muy m\u00edstica para m\u00ed. Es inspirador porque tambi\u00e9n son elementos que, a pesar de los siglos, no han cambiado, son componentes del paisaje que est\u00e1n siempre ah\u00ed pero en los tiempos veloces que estamos viviendo no nos detenemos a contemplar\u201d, se\u00f1ala Val\u00e9rie Ranaval.<\/p>\n","protected":false},"excerpt":{"rendered":"<p>A trav\u00e9s de acuarelas y \u00f3leos de peque\u00f1o y mediano formato, Pascal Caruz, Val\u00e9rie Larrere y Petra Harmat presentan una investigaci\u00f3n pict\u00f3rica acerca de estos ef\u00edmeros elementos atmosf\u00e9ricos. La muestra inaugura este viernes 4 de julio, en galer\u00eda de arte Bah\u00eda Ut\u00f3pica de Vapara\u00edso. Diminutas part\u00edculas de agua condensada conforman las nubes, elementos atmosf\u00e9ricos que [&hellip;]<\/p>\n","protected":false},"author":1,"featured_media":25283,"comment_status":"closed","ping_status":"closed","sticky":false,"template":"","format":"standard","meta":{"_acf_changed":false,"footnotes":""},"categories":[1],"tags":[],"class_list":["post-25282","post","type-post","status-publish","format-standard","has-post-thumbnail","hentry","category-uncategorized"],"acf":[],"yoast_head":"<!-- This site is optimized with the Yoast SEO plugin v27.1.1 - https:\/\/yoast.com\/product\/yoast-seo-wordpress\/ -->\n<title>Artistas invitan a mirar el cielo en expo \u201cApuntes de nubes\u201d - Valpara\u00ed\u00adso Creativo<\/title>\n<meta name=\"robots\" content=\"index, follow, max-snippet:-1, max-image-preview:large, max-video-preview:-1\" \/>\n<link rel=\"canonical\" href=\"https:\/\/dev.antudigital.cl\/sites\/vc\/artistas-invitan-a-mirar-el-cielo-en-expo-apuntes-de-nubes\/\" \/>\n<meta property=\"og:locale\" content=\"es_ES\" \/>\n<meta property=\"og:type\" content=\"article\" \/>\n<meta property=\"og:title\" content=\"Artistas invitan a mirar el cielo en expo \u201cApuntes de nubes\u201d - Valpara\u00ed\u00adso Creativo\" \/>\n<meta property=\"og:description\" content=\"A trav\u00e9s de acuarelas y \u00f3leos de peque\u00f1o y mediano formato, Pascal Caruz, Val\u00e9rie Larrere y Petra Harmat presentan una investigaci\u00f3n pict\u00f3rica acerca de estos ef\u00edmeros elementos atmosf\u00e9ricos. La muestra inaugura este viernes 4 de julio, en galer\u00eda de arte Bah\u00eda Ut\u00f3pica de Vapara\u00edso. Diminutas part\u00edculas de agua condensada conforman las nubes, elementos atmosf\u00e9ricos que [&hellip;]\" \/>\n<meta property=\"og:url\" content=\"https:\/\/dev.antudigital.cl\/sites\/vc\/artistas-invitan-a-mirar-el-cielo-en-expo-apuntes-de-nubes\/\" \/>\n<meta property=\"og:site_name\" content=\"Valpara\u00ed\u00adso Creativo\" \/>\n<meta property=\"article:published_time\" content=\"2025-07-01T21:45:00+00:00\" \/>\n<meta property=\"article:modified_time\" content=\"2025-07-10T23:50:39+00:00\" \/>\n<meta property=\"og:image\" content=\"https:\/\/dev.antudigital.cl\/sites\/vc\/wp-content\/uploads\/2025\/07\/nubestres.png\" \/>\n\t<meta property=\"og:image:width\" content=\"1756\" \/>\n\t<meta property=\"og:image:height\" content=\"1218\" \/>\n\t<meta property=\"og:image:type\" content=\"image\/png\" \/>\n<meta name=\"author\" content=\"Valpara\u00edso Creativo\" \/>\n<meta name=\"twitter:card\" content=\"summary_large_image\" \/>\n<meta name=\"twitter:label1\" content=\"Escrito por\" \/>\n\t<meta name=\"twitter:data1\" content=\"Valpara\u00edso Creativo\" \/>\n\t<meta name=\"twitter:label2\" content=\"Tiempo de lectura\" \/>\n\t<meta name=\"twitter:data2\" content=\"6 minutos\" \/>\n<script type=\"application\/ld+json\" class=\"yoast-schema-graph\">{\"@context\":\"https:\/\/schema.org\",\"@graph\":[{\"@type\":\"Article\",\"@id\":\"https:\/\/dev.antudigital.cl\/sites\/vc\/artistas-invitan-a-mirar-el-cielo-en-expo-apuntes-de-nubes\/#article\",\"isPartOf\":{\"@id\":\"https:\/\/dev.antudigital.cl\/sites\/vc\/artistas-invitan-a-mirar-el-cielo-en-expo-apuntes-de-nubes\/\"},\"author\":{\"name\":\"Valpara\u00edso Creativo\",\"@id\":\"https:\/\/dev.antudigital.cl\/sites\/vc\/#\/schema\/person\/c2b9da8dd545e27166fc5ab232837318\"},\"headline\":\"Artistas invitan a mirar el cielo en expo \u201cApuntes de nubes\u201d\",\"datePublished\":\"2025-07-01T21:45:00+00:00\",\"dateModified\":\"2025-07-10T23:50:39+00:00\",\"mainEntityOfPage\":{\"@id\":\"https:\/\/dev.antudigital.cl\/sites\/vc\/artistas-invitan-a-mirar-el-cielo-en-expo-apuntes-de-nubes\/\"},\"wordCount\":1309,\"image\":{\"@id\":\"https:\/\/dev.antudigital.cl\/sites\/vc\/artistas-invitan-a-mirar-el-cielo-en-expo-apuntes-de-nubes\/#primaryimage\"},\"thumbnailUrl\":\"https:\/\/dev.antudigital.cl\/sites\/vc\/wp-content\/uploads\/2025\/07\/nubestres.png\",\"articleSection\":[\"Uncategorized\"],\"inLanguage\":\"es\"},{\"@type\":\"WebPage\",\"@id\":\"https:\/\/dev.antudigital.cl\/sites\/vc\/artistas-invitan-a-mirar-el-cielo-en-expo-apuntes-de-nubes\/\",\"url\":\"https:\/\/dev.antudigital.cl\/sites\/vc\/artistas-invitan-a-mirar-el-cielo-en-expo-apuntes-de-nubes\/\",\"name\":\"Artistas invitan a mirar el cielo en expo \u201cApuntes de nubes\u201d - Valpara\u00ed\u00adso Creativo\",\"isPartOf\":{\"@id\":\"https:\/\/dev.antudigital.cl\/sites\/vc\/#website\"},\"primaryImageOfPage\":{\"@id\":\"https:\/\/dev.antudigital.cl\/sites\/vc\/artistas-invitan-a-mirar-el-cielo-en-expo-apuntes-de-nubes\/#primaryimage\"},\"image\":{\"@id\":\"https:\/\/dev.antudigital.cl\/sites\/vc\/artistas-invitan-a-mirar-el-cielo-en-expo-apuntes-de-nubes\/#primaryimage\"},\"thumbnailUrl\":\"https:\/\/dev.antudigital.cl\/sites\/vc\/wp-content\/uploads\/2025\/07\/nubestres.png\",\"datePublished\":\"2025-07-01T21:45:00+00:00\",\"dateModified\":\"2025-07-10T23:50:39+00:00\",\"author\":{\"@id\":\"https:\/\/dev.antudigital.cl\/sites\/vc\/#\/schema\/person\/c2b9da8dd545e27166fc5ab232837318\"},\"breadcrumb\":{\"@id\":\"https:\/\/dev.antudigital.cl\/sites\/vc\/artistas-invitan-a-mirar-el-cielo-en-expo-apuntes-de-nubes\/#breadcrumb\"},\"inLanguage\":\"es\",\"potentialAction\":[{\"@type\":\"ReadAction\",\"target\":[\"https:\/\/dev.antudigital.cl\/sites\/vc\/artistas-invitan-a-mirar-el-cielo-en-expo-apuntes-de-nubes\/\"]}]},{\"@type\":\"ImageObject\",\"inLanguage\":\"es\",\"@id\":\"https:\/\/dev.antudigital.cl\/sites\/vc\/artistas-invitan-a-mirar-el-cielo-en-expo-apuntes-de-nubes\/#primaryimage\",\"url\":\"https:\/\/dev.antudigital.cl\/sites\/vc\/wp-content\/uploads\/2025\/07\/nubestres.png\",\"contentUrl\":\"https:\/\/dev.antudigital.cl\/sites\/vc\/wp-content\/uploads\/2025\/07\/nubestres.png\",\"width\":1756,\"height\":1218},{\"@type\":\"BreadcrumbList\",\"@id\":\"https:\/\/dev.antudigital.cl\/sites\/vc\/artistas-invitan-a-mirar-el-cielo-en-expo-apuntes-de-nubes\/#breadcrumb\",\"itemListElement\":[{\"@type\":\"ListItem\",\"position\":1,\"name\":\"Home\",\"item\":\"https:\/\/dev.antudigital.cl\/sites\/vc\/\"},{\"@type\":\"ListItem\",\"position\":2,\"name\":\"Artistas invitan a mirar el cielo en expo \u201cApuntes de nubes\u201d\"}]},{\"@type\":\"WebSite\",\"@id\":\"https:\/\/dev.antudigital.cl\/sites\/vc\/#website\",\"url\":\"https:\/\/dev.antudigital.cl\/sites\/vc\/\",\"name\":\"Valpara\u00ed\u00adso Creativo\",\"description\":\"\",\"potentialAction\":[{\"@type\":\"SearchAction\",\"target\":{\"@type\":\"EntryPoint\",\"urlTemplate\":\"https:\/\/dev.antudigital.cl\/sites\/vc\/?s={search_term_string}\"},\"query-input\":{\"@type\":\"PropertyValueSpecification\",\"valueRequired\":true,\"valueName\":\"search_term_string\"}}],\"inLanguage\":\"es\"},{\"@type\":\"Person\",\"@id\":\"https:\/\/dev.antudigital.cl\/sites\/vc\/#\/schema\/person\/c2b9da8dd545e27166fc5ab232837318\",\"name\":\"Valpara\u00edso Creativo\",\"description\":\"Periodista de cultura en la Regi\u00f3n de Valpara\u00edso.\",\"url\":\"https:\/\/dev.antudigital.cl\/sites\/vc\/author\/valpoadmin\/\"}]}<\/script>\n<!-- \/ Yoast SEO plugin. -->","yoast_head_json":{"title":"Artistas invitan a mirar el cielo en expo \u201cApuntes de nubes\u201d - Valpara\u00ed\u00adso Creativo","robots":{"index":"index","follow":"follow","max-snippet":"max-snippet:-1","max-image-preview":"max-image-preview:large","max-video-preview":"max-video-preview:-1"},"canonical":"https:\/\/dev.antudigital.cl\/sites\/vc\/artistas-invitan-a-mirar-el-cielo-en-expo-apuntes-de-nubes\/","og_locale":"es_ES","og_type":"article","og_title":"Artistas invitan a mirar el cielo en expo \u201cApuntes de nubes\u201d - Valpara\u00ed\u00adso Creativo","og_description":"A trav\u00e9s de acuarelas y \u00f3leos de peque\u00f1o y mediano formato, Pascal Caruz, Val\u00e9rie Larrere y Petra Harmat presentan una investigaci\u00f3n pict\u00f3rica acerca de estos ef\u00edmeros elementos atmosf\u00e9ricos. La muestra inaugura este viernes 4 de julio, en galer\u00eda de arte Bah\u00eda Ut\u00f3pica de Vapara\u00edso. Diminutas part\u00edculas de agua condensada conforman las nubes, elementos atmosf\u00e9ricos que [&hellip;]","og_url":"https:\/\/dev.antudigital.cl\/sites\/vc\/artistas-invitan-a-mirar-el-cielo-en-expo-apuntes-de-nubes\/","og_site_name":"Valpara\u00ed\u00adso Creativo","article_published_time":"2025-07-01T21:45:00+00:00","article_modified_time":"2025-07-10T23:50:39+00:00","og_image":[{"width":1756,"height":1218,"url":"https:\/\/dev.antudigital.cl\/sites\/vc\/wp-content\/uploads\/2025\/07\/nubestres.png","type":"image\/png"}],"author":"Valpara\u00edso Creativo","twitter_card":"summary_large_image","twitter_misc":{"Escrito por":"Valpara\u00edso Creativo","Tiempo de lectura":"6 minutos"},"schema":{"@context":"https:\/\/schema.org","@graph":[{"@type":"Article","@id":"https:\/\/dev.antudigital.cl\/sites\/vc\/artistas-invitan-a-mirar-el-cielo-en-expo-apuntes-de-nubes\/#article","isPartOf":{"@id":"https:\/\/dev.antudigital.cl\/sites\/vc\/artistas-invitan-a-mirar-el-cielo-en-expo-apuntes-de-nubes\/"},"author":{"name":"Valpara\u00edso Creativo","@id":"https:\/\/dev.antudigital.cl\/sites\/vc\/#\/schema\/person\/c2b9da8dd545e27166fc5ab232837318"},"headline":"Artistas invitan a mirar el cielo en expo \u201cApuntes de nubes\u201d","datePublished":"2025-07-01T21:45:00+00:00","dateModified":"2025-07-10T23:50:39+00:00","mainEntityOfPage":{"@id":"https:\/\/dev.antudigital.cl\/sites\/vc\/artistas-invitan-a-mirar-el-cielo-en-expo-apuntes-de-nubes\/"},"wordCount":1309,"image":{"@id":"https:\/\/dev.antudigital.cl\/sites\/vc\/artistas-invitan-a-mirar-el-cielo-en-expo-apuntes-de-nubes\/#primaryimage"},"thumbnailUrl":"https:\/\/dev.antudigital.cl\/sites\/vc\/wp-content\/uploads\/2025\/07\/nubestres.png","articleSection":["Uncategorized"],"inLanguage":"es"},{"@type":"WebPage","@id":"https:\/\/dev.antudigital.cl\/sites\/vc\/artistas-invitan-a-mirar-el-cielo-en-expo-apuntes-de-nubes\/","url":"https:\/\/dev.antudigital.cl\/sites\/vc\/artistas-invitan-a-mirar-el-cielo-en-expo-apuntes-de-nubes\/","name":"Artistas invitan a mirar el cielo en expo \u201cApuntes de nubes\u201d - Valpara\u00ed\u00adso Creativo","isPartOf":{"@id":"https:\/\/dev.antudigital.cl\/sites\/vc\/#website"},"primaryImageOfPage":{"@id":"https:\/\/dev.antudigital.cl\/sites\/vc\/artistas-invitan-a-mirar-el-cielo-en-expo-apuntes-de-nubes\/#primaryimage"},"image":{"@id":"https:\/\/dev.antudigital.cl\/sites\/vc\/artistas-invitan-a-mirar-el-cielo-en-expo-apuntes-de-nubes\/#primaryimage"},"thumbnailUrl":"https:\/\/dev.antudigital.cl\/sites\/vc\/wp-content\/uploads\/2025\/07\/nubestres.png","datePublished":"2025-07-01T21:45:00+00:00","dateModified":"2025-07-10T23:50:39+00:00","author":{"@id":"https:\/\/dev.antudigital.cl\/sites\/vc\/#\/schema\/person\/c2b9da8dd545e27166fc5ab232837318"},"breadcrumb":{"@id":"https:\/\/dev.antudigital.cl\/sites\/vc\/artistas-invitan-a-mirar-el-cielo-en-expo-apuntes-de-nubes\/#breadcrumb"},"inLanguage":"es","potentialAction":[{"@type":"ReadAction","target":["https:\/\/dev.antudigital.cl\/sites\/vc\/artistas-invitan-a-mirar-el-cielo-en-expo-apuntes-de-nubes\/"]}]},{"@type":"ImageObject","inLanguage":"es","@id":"https:\/\/dev.antudigital.cl\/sites\/vc\/artistas-invitan-a-mirar-el-cielo-en-expo-apuntes-de-nubes\/#primaryimage","url":"https:\/\/dev.antudigital.cl\/sites\/vc\/wp-content\/uploads\/2025\/07\/nubestres.png","contentUrl":"https:\/\/dev.antudigital.cl\/sites\/vc\/wp-content\/uploads\/2025\/07\/nubestres.png","width":1756,"height":1218},{"@type":"BreadcrumbList","@id":"https:\/\/dev.antudigital.cl\/sites\/vc\/artistas-invitan-a-mirar-el-cielo-en-expo-apuntes-de-nubes\/#breadcrumb","itemListElement":[{"@type":"ListItem","position":1,"name":"Home","item":"https:\/\/dev.antudigital.cl\/sites\/vc\/"},{"@type":"ListItem","position":2,"name":"Artistas invitan a mirar el cielo en expo \u201cApuntes de nubes\u201d"}]},{"@type":"WebSite","@id":"https:\/\/dev.antudigital.cl\/sites\/vc\/#website","url":"https:\/\/dev.antudigital.cl\/sites\/vc\/","name":"Valpara\u00ed\u00adso Creativo","description":"","potentialAction":[{"@type":"SearchAction","target":{"@type":"EntryPoint","urlTemplate":"https:\/\/dev.antudigital.cl\/sites\/vc\/?s={search_term_string}"},"query-input":{"@type":"PropertyValueSpecification","valueRequired":true,"valueName":"search_term_string"}}],"inLanguage":"es"},{"@type":"Person","@id":"https:\/\/dev.antudigital.cl\/sites\/vc\/#\/schema\/person\/c2b9da8dd545e27166fc5ab232837318","name":"Valpara\u00edso Creativo","description":"Periodista de cultura en la Regi\u00f3n de Valpara\u00edso.","url":"https:\/\/dev.antudigital.cl\/sites\/vc\/author\/valpoadmin\/"}]}},"_links":{"self":[{"href":"https:\/\/dev.antudigital.cl\/sites\/vc\/wp-json\/wp\/v2\/posts\/25282","targetHints":{"allow":["GET"]}}],"collection":[{"href":"https:\/\/dev.antudigital.cl\/sites\/vc\/wp-json\/wp\/v2\/posts"}],"about":[{"href":"https:\/\/dev.antudigital.cl\/sites\/vc\/wp-json\/wp\/v2\/types\/post"}],"author":[{"embeddable":true,"href":"https:\/\/dev.antudigital.cl\/sites\/vc\/wp-json\/wp\/v2\/users\/1"}],"replies":[{"embeddable":true,"href":"https:\/\/dev.antudigital.cl\/sites\/vc\/wp-json\/wp\/v2\/comments?post=25282"}],"version-history":[{"count":1,"href":"https:\/\/dev.antudigital.cl\/sites\/vc\/wp-json\/wp\/v2\/posts\/25282\/revisions"}],"predecessor-version":[{"id":25284,"href":"https:\/\/dev.antudigital.cl\/sites\/vc\/wp-json\/wp\/v2\/posts\/25282\/revisions\/25284"}],"wp:featuredmedia":[{"embeddable":true,"href":"https:\/\/dev.antudigital.cl\/sites\/vc\/wp-json\/wp\/v2\/media\/25283"}],"wp:attachment":[{"href":"https:\/\/dev.antudigital.cl\/sites\/vc\/wp-json\/wp\/v2\/media?parent=25282"}],"wp:term":[{"taxonomy":"category","embeddable":true,"href":"https:\/\/dev.antudigital.cl\/sites\/vc\/wp-json\/wp\/v2\/categories?post=25282"},{"taxonomy":"post_tag","embeddable":true,"href":"https:\/\/dev.antudigital.cl\/sites\/vc\/wp-json\/wp\/v2\/tags?post=25282"}],"curies":[{"name":"wp","href":"https:\/\/api.w.org\/{rel}","templated":true}]}}