{"id":25288,"date":"2025-06-23T19:52:56","date_gmt":"2025-06-23T23:52:56","guid":{"rendered":"https:\/\/www.valparaisocreativo.cl\/?p=25288"},"modified":"2025-07-10T20:02:58","modified_gmt":"2025-07-11T00:02:58","slug":"con-lectura-dramatizada-de-tengo-miedo-torero-se-conmemora-dia-internacional-del-orgullo-gay","status":"publish","type":"post","link":"https:\/\/dev.antudigital.cl\/sites\/vc\/con-lectura-dramatizada-de-tengo-miedo-torero-se-conmemora-dia-internacional-del-orgullo-gay\/","title":{"rendered":"Con lectura dramatizada de \u201cTengo Miedo Torero\u201d se conmemora D\u00eda Internacional del Orgullo Gay"},"content":{"rendered":"\n<p><em>La actividad se realizar\u00e1 el 27 de junio a las 12:00 hrs. con entrada liberada en el Auditorio de la Facultad de Humanidades y Educaci\u00f3n de la Universidad de Valpara\u00edso y busca acercar la literatura de uno de los referentes de la bandera de lucha a la comunidad universitaria y local. La iniciativa es posible gracias al financiamiento del Ministerio de las Culturas, las Artes y el Patrimonio a trav\u00e9s de su Programa de Apoyo a Organizaciones Culturales Colaboradoras.<\/em><\/p>\n\n\n\n<p>Junio es el Mes del Orgullo y se conmemora en todo el mundo a prop\u00f3sito de los disturbios ocurridos un 28 de junio de 1969 en Stonewall (Nueva York, EE. UU.), en donde se protest\u00f3 por la violencia policial en contra de personas marginadas de la sociedad, marcando el inicio del movimiento de liberaci\u00f3n hacia las minor\u00edas y por los derechos homosexuales.<\/p>\n\n\n\n<p>Para conmemorar esta fecha, la Facultad de Humanidades y Educaci\u00f3n de la Universidad de Valpara\u00edso en conjunto con el Centro Cultural IPA y el Departamento de Mujeres y Diversidades de la Municipalidad de Valpara\u00edso realizar\u00e1n el d\u00eda viernes 27 de junio a las 12:00 hrs. una actividad que mezclar\u00e1 la literatura, el teatro y el rescate de la memoria. Se trata de la lectura dramatizada de <strong>\u201cTengo Miedo Torero\u201d,<\/strong> obra del escritor y cronista chileno, Pedro Lemebel, cuya adaptaci\u00f3n est\u00e1 a cargo de la Compa\u00f1\u00eda de Teatro IluCi\u00f3n. La actividad es posible gracias al financiamiento del Ministerio de las Culturas, las Artes y el Patrimonio a trav\u00e9s de su Programa de Apoyo a Organizaciones Culturales Colaboradoras.<\/p>\n\n\n\n<p>Defensor de los derechos humanos, escritor, homosexual, artista visual, \u00edcono de la contracultura y opositor a la dictadura que existi\u00f3 en Chile, Lemebel hizo de su obra una forma de protesta. \u201cTengo Miedo Torero\u201d cuenta la historia de amor entre un joven militante que participa en un atentado contra Augusto Pinochet y vive una relaci\u00f3n con la Loca del Frente, un homosexual que lo ayuda en su acci\u00f3n contra el dictador.<\/p>\n\n\n\n<p>La lectura estar\u00e1 a cargo del actor y director del Centro Cultural IPA, <strong>Claudio Vidal, <\/strong>quien, en tiempos de pandemia, se le present\u00f3 la oportunidad de darle vida a esta obra. \u201cRealic\u00e9 como actor muchas funciones de manera online, tanto de cuentacuentos, personajes, adaptaciones teatrales desde Teatro IluCi\u00f3n, y se me pidi\u00f3 realizar una versi\u00f3n dramatizada de este libro, en la que, en pocos minutos, comparto la esencia de la novela de Pedro Lemebel, visibilizando esta bandera de lucha tan importante, como son las diversidades. Poder participar activamente en el Mes del Orgullo es una alegr\u00eda, m\u00e1s a\u00fan en vinculaci\u00f3n con otros espacios y organizaciones\u201d, explica.<\/p>\n\n\n\n<p>La actividad se realizar\u00e1 en el Auditorio de la Facultad de Humanidades y Educaci\u00f3n de la Universidad de Valpara\u00edso, ubicado en Serrano #546, Valpara\u00edso. Es con entrada liberada, pero con cupos limitados hasta completar el aforo del lugar.&nbsp;Para reserva&nbsp;un cupo, debes ingresar&nbsp;<a href=\"https:\/\/forms.gle\/S38t2hocyxQ4CGP36\" target=\"_blank\" rel=\"noreferrer noopener\">ac\u00e1<\/a><\/p>\n\n\n\n<p>Si est\u00e1s interesado en asistir escr\u00edbenos al correo&nbsp;<a href=\"mailto:reservas.teatro.ipa@gmail.com\" target=\"_blank\" rel=\"noreferrer noopener\">reservas.teatro.ipa@gmail.com<\/a>&nbsp;o a&nbsp;<a href=\"mailto:vinculacion.humanidadesyeducacion@uv.cl\" target=\"_blank\" rel=\"noreferrer noopener\">vinculacion.humanidadesyeducacion@uv.cl<\/a><\/p>\n\n\n\n<p>\u201cTengo Miedo Torero\u201d, lectura dramatizada es posible gracias al financiamiento del Ministerio de las Culturas, las Artes y el Patrimonio a trav\u00e9s de su Programa de Apoyo a Organizaciones Culturales Colaboradoras.<\/p>\n","protected":false},"excerpt":{"rendered":"<p>La actividad se realizar\u00e1 el 27 de junio a las 12:00 hrs. con entrada liberada en el Auditorio de la Facultad de Humanidades y Educaci\u00f3n de la Universidad de Valpara\u00edso y busca acercar la literatura de uno de los referentes de la bandera de lucha a la comunidad universitaria y local. La iniciativa es posible [&hellip;]<\/p>\n","protected":false},"author":1,"featured_media":25289,"comment_status":"closed","ping_status":"closed","sticky":false,"template":"","format":"standard","meta":{"_acf_changed":false,"footnotes":""},"categories":[1],"tags":[],"class_list":["post-25288","post","type-post","status-publish","format-standard","has-post-thumbnail","hentry","category-uncategorized"],"acf":[],"yoast_head":"<!-- This site is optimized with the Yoast SEO plugin v27.1.1 - https:\/\/yoast.com\/product\/yoast-seo-wordpress\/ -->\n<title>Con lectura dramatizada de \u201cTengo Miedo Torero\u201d se conmemora D\u00eda Internacional del Orgullo Gay - Valpara\u00ed\u00adso Creativo<\/title>\n<meta name=\"robots\" content=\"index, follow, max-snippet:-1, max-image-preview:large, max-video-preview:-1\" \/>\n<link rel=\"canonical\" href=\"https:\/\/dev.antudigital.cl\/sites\/vc\/con-lectura-dramatizada-de-tengo-miedo-torero-se-conmemora-dia-internacional-del-orgullo-gay\/\" \/>\n<meta property=\"og:locale\" content=\"es_ES\" \/>\n<meta property=\"og:type\" content=\"article\" \/>\n<meta property=\"og:title\" content=\"Con lectura dramatizada de \u201cTengo Miedo Torero\u201d se conmemora D\u00eda Internacional del Orgullo Gay - Valpara\u00ed\u00adso Creativo\" \/>\n<meta property=\"og:description\" content=\"La actividad se realizar\u00e1 el 27 de junio a las 12:00 hrs. con entrada liberada en el Auditorio de la Facultad de Humanidades y Educaci\u00f3n de la Universidad de Valpara\u00edso y busca acercar la literatura de uno de los referentes de la bandera de lucha a la comunidad universitaria y local. La iniciativa es posible [&hellip;]\" \/>\n<meta property=\"og:url\" content=\"https:\/\/dev.antudigital.cl\/sites\/vc\/con-lectura-dramatizada-de-tengo-miedo-torero-se-conmemora-dia-internacional-del-orgullo-gay\/\" \/>\n<meta property=\"og:site_name\" content=\"Valpara\u00ed\u00adso Creativo\" \/>\n<meta property=\"article:published_time\" content=\"2025-06-23T23:52:56+00:00\" \/>\n<meta property=\"article:modified_time\" content=\"2025-07-11T00:02:58+00:00\" \/>\n<meta property=\"og:image\" content=\"https:\/\/dev.antudigital.cl\/sites\/vc\/wp-content\/uploads\/2025\/07\/Torero.png\" \/>\n\t<meta property=\"og:image:width\" content=\"1200\" \/>\n\t<meta property=\"og:image:height\" content=\"763\" \/>\n\t<meta property=\"og:image:type\" content=\"image\/png\" \/>\n<meta name=\"author\" content=\"Valpara\u00edso Creativo\" \/>\n<meta name=\"twitter:card\" content=\"summary_large_image\" \/>\n<meta name=\"twitter:label1\" content=\"Escrito por\" \/>\n\t<meta name=\"twitter:data1\" content=\"Valpara\u00edso Creativo\" \/>\n\t<meta name=\"twitter:label2\" content=\"Tiempo de lectura\" \/>\n\t<meta name=\"twitter:data2\" content=\"3 minutos\" \/>\n<script type=\"application\/ld+json\" class=\"yoast-schema-graph\">{\"@context\":\"https:\/\/schema.org\",\"@graph\":[{\"@type\":\"Article\",\"@id\":\"https:\/\/dev.antudigital.cl\/sites\/vc\/con-lectura-dramatizada-de-tengo-miedo-torero-se-conmemora-dia-internacional-del-orgullo-gay\/#article\",\"isPartOf\":{\"@id\":\"https:\/\/dev.antudigital.cl\/sites\/vc\/con-lectura-dramatizada-de-tengo-miedo-torero-se-conmemora-dia-internacional-del-orgullo-gay\/\"},\"author\":{\"name\":\"Valpara\u00edso Creativo\",\"@id\":\"https:\/\/dev.antudigital.cl\/sites\/vc\/#\/schema\/person\/c2b9da8dd545e27166fc5ab232837318\"},\"headline\":\"Con lectura dramatizada de \u201cTengo Miedo Torero\u201d se conmemora D\u00eda Internacional del Orgullo Gay\",\"datePublished\":\"2025-06-23T23:52:56+00:00\",\"dateModified\":\"2025-07-11T00:02:58+00:00\",\"mainEntityOfPage\":{\"@id\":\"https:\/\/dev.antudigital.cl\/sites\/vc\/con-lectura-dramatizada-de-tengo-miedo-torero-se-conmemora-dia-internacional-del-orgullo-gay\/\"},\"wordCount\":572,\"image\":{\"@id\":\"https:\/\/dev.antudigital.cl\/sites\/vc\/con-lectura-dramatizada-de-tengo-miedo-torero-se-conmemora-dia-internacional-del-orgullo-gay\/#primaryimage\"},\"thumbnailUrl\":\"https:\/\/dev.antudigital.cl\/sites\/vc\/wp-content\/uploads\/2025\/07\/Torero.png\",\"articleSection\":[\"Uncategorized\"],\"inLanguage\":\"es\"},{\"@type\":\"WebPage\",\"@id\":\"https:\/\/dev.antudigital.cl\/sites\/vc\/con-lectura-dramatizada-de-tengo-miedo-torero-se-conmemora-dia-internacional-del-orgullo-gay\/\",\"url\":\"https:\/\/dev.antudigital.cl\/sites\/vc\/con-lectura-dramatizada-de-tengo-miedo-torero-se-conmemora-dia-internacional-del-orgullo-gay\/\",\"name\":\"Con lectura dramatizada de \u201cTengo Miedo Torero\u201d se conmemora D\u00eda Internacional del Orgullo Gay - Valpara\u00ed\u00adso Creativo\",\"isPartOf\":{\"@id\":\"https:\/\/dev.antudigital.cl\/sites\/vc\/#website\"},\"primaryImageOfPage\":{\"@id\":\"https:\/\/dev.antudigital.cl\/sites\/vc\/con-lectura-dramatizada-de-tengo-miedo-torero-se-conmemora-dia-internacional-del-orgullo-gay\/#primaryimage\"},\"image\":{\"@id\":\"https:\/\/dev.antudigital.cl\/sites\/vc\/con-lectura-dramatizada-de-tengo-miedo-torero-se-conmemora-dia-internacional-del-orgullo-gay\/#primaryimage\"},\"thumbnailUrl\":\"https:\/\/dev.antudigital.cl\/sites\/vc\/wp-content\/uploads\/2025\/07\/Torero.png\",\"datePublished\":\"2025-06-23T23:52:56+00:00\",\"dateModified\":\"2025-07-11T00:02:58+00:00\",\"author\":{\"@id\":\"https:\/\/dev.antudigital.cl\/sites\/vc\/#\/schema\/person\/c2b9da8dd545e27166fc5ab232837318\"},\"breadcrumb\":{\"@id\":\"https:\/\/dev.antudigital.cl\/sites\/vc\/con-lectura-dramatizada-de-tengo-miedo-torero-se-conmemora-dia-internacional-del-orgullo-gay\/#breadcrumb\"},\"inLanguage\":\"es\",\"potentialAction\":[{\"@type\":\"ReadAction\",\"target\":[\"https:\/\/dev.antudigital.cl\/sites\/vc\/con-lectura-dramatizada-de-tengo-miedo-torero-se-conmemora-dia-internacional-del-orgullo-gay\/\"]}]},{\"@type\":\"ImageObject\",\"inLanguage\":\"es\",\"@id\":\"https:\/\/dev.antudigital.cl\/sites\/vc\/con-lectura-dramatizada-de-tengo-miedo-torero-se-conmemora-dia-internacional-del-orgullo-gay\/#primaryimage\",\"url\":\"https:\/\/dev.antudigital.cl\/sites\/vc\/wp-content\/uploads\/2025\/07\/Torero.png\",\"contentUrl\":\"https:\/\/dev.antudigital.cl\/sites\/vc\/wp-content\/uploads\/2025\/07\/Torero.png\",\"width\":1200,\"height\":763},{\"@type\":\"BreadcrumbList\",\"@id\":\"https:\/\/dev.antudigital.cl\/sites\/vc\/con-lectura-dramatizada-de-tengo-miedo-torero-se-conmemora-dia-internacional-del-orgullo-gay\/#breadcrumb\",\"itemListElement\":[{\"@type\":\"ListItem\",\"position\":1,\"name\":\"Home\",\"item\":\"https:\/\/dev.antudigital.cl\/sites\/vc\/\"},{\"@type\":\"ListItem\",\"position\":2,\"name\":\"Con lectura dramatizada de \u201cTengo Miedo Torero\u201d se conmemora D\u00eda Internacional del Orgullo Gay\"}]},{\"@type\":\"WebSite\",\"@id\":\"https:\/\/dev.antudigital.cl\/sites\/vc\/#website\",\"url\":\"https:\/\/dev.antudigital.cl\/sites\/vc\/\",\"name\":\"Valpara\u00ed\u00adso Creativo\",\"description\":\"\",\"potentialAction\":[{\"@type\":\"SearchAction\",\"target\":{\"@type\":\"EntryPoint\",\"urlTemplate\":\"https:\/\/dev.antudigital.cl\/sites\/vc\/?s={search_term_string}\"},\"query-input\":{\"@type\":\"PropertyValueSpecification\",\"valueRequired\":true,\"valueName\":\"search_term_string\"}}],\"inLanguage\":\"es\"},{\"@type\":\"Person\",\"@id\":\"https:\/\/dev.antudigital.cl\/sites\/vc\/#\/schema\/person\/c2b9da8dd545e27166fc5ab232837318\",\"name\":\"Valpara\u00edso Creativo\",\"description\":\"Periodista de cultura en la Regi\u00f3n de Valpara\u00edso.\",\"url\":\"https:\/\/dev.antudigital.cl\/sites\/vc\/author\/valpoadmin\/\"}]}<\/script>\n<!-- \/ Yoast SEO plugin. -->","yoast_head_json":{"title":"Con lectura dramatizada de \u201cTengo Miedo Torero\u201d se conmemora D\u00eda Internacional del Orgullo Gay - Valpara\u00ed\u00adso Creativo","robots":{"index":"index","follow":"follow","max-snippet":"max-snippet:-1","max-image-preview":"max-image-preview:large","max-video-preview":"max-video-preview:-1"},"canonical":"https:\/\/dev.antudigital.cl\/sites\/vc\/con-lectura-dramatizada-de-tengo-miedo-torero-se-conmemora-dia-internacional-del-orgullo-gay\/","og_locale":"es_ES","og_type":"article","og_title":"Con lectura dramatizada de \u201cTengo Miedo Torero\u201d se conmemora D\u00eda Internacional del Orgullo Gay - Valpara\u00ed\u00adso Creativo","og_description":"La actividad se realizar\u00e1 el 27 de junio a las 12:00 hrs. con entrada liberada en el Auditorio de la Facultad de Humanidades y Educaci\u00f3n de la Universidad de Valpara\u00edso y busca acercar la literatura de uno de los referentes de la bandera de lucha a la comunidad universitaria y local. La iniciativa es posible [&hellip;]","og_url":"https:\/\/dev.antudigital.cl\/sites\/vc\/con-lectura-dramatizada-de-tengo-miedo-torero-se-conmemora-dia-internacional-del-orgullo-gay\/","og_site_name":"Valpara\u00ed\u00adso Creativo","article_published_time":"2025-06-23T23:52:56+00:00","article_modified_time":"2025-07-11T00:02:58+00:00","og_image":[{"width":1200,"height":763,"url":"https:\/\/dev.antudigital.cl\/sites\/vc\/wp-content\/uploads\/2025\/07\/Torero.png","type":"image\/png"}],"author":"Valpara\u00edso Creativo","twitter_card":"summary_large_image","twitter_misc":{"Escrito por":"Valpara\u00edso Creativo","Tiempo de lectura":"3 minutos"},"schema":{"@context":"https:\/\/schema.org","@graph":[{"@type":"Article","@id":"https:\/\/dev.antudigital.cl\/sites\/vc\/con-lectura-dramatizada-de-tengo-miedo-torero-se-conmemora-dia-internacional-del-orgullo-gay\/#article","isPartOf":{"@id":"https:\/\/dev.antudigital.cl\/sites\/vc\/con-lectura-dramatizada-de-tengo-miedo-torero-se-conmemora-dia-internacional-del-orgullo-gay\/"},"author":{"name":"Valpara\u00edso Creativo","@id":"https:\/\/dev.antudigital.cl\/sites\/vc\/#\/schema\/person\/c2b9da8dd545e27166fc5ab232837318"},"headline":"Con lectura dramatizada de \u201cTengo Miedo Torero\u201d se conmemora D\u00eda Internacional del Orgullo Gay","datePublished":"2025-06-23T23:52:56+00:00","dateModified":"2025-07-11T00:02:58+00:00","mainEntityOfPage":{"@id":"https:\/\/dev.antudigital.cl\/sites\/vc\/con-lectura-dramatizada-de-tengo-miedo-torero-se-conmemora-dia-internacional-del-orgullo-gay\/"},"wordCount":572,"image":{"@id":"https:\/\/dev.antudigital.cl\/sites\/vc\/con-lectura-dramatizada-de-tengo-miedo-torero-se-conmemora-dia-internacional-del-orgullo-gay\/#primaryimage"},"thumbnailUrl":"https:\/\/dev.antudigital.cl\/sites\/vc\/wp-content\/uploads\/2025\/07\/Torero.png","articleSection":["Uncategorized"],"inLanguage":"es"},{"@type":"WebPage","@id":"https:\/\/dev.antudigital.cl\/sites\/vc\/con-lectura-dramatizada-de-tengo-miedo-torero-se-conmemora-dia-internacional-del-orgullo-gay\/","url":"https:\/\/dev.antudigital.cl\/sites\/vc\/con-lectura-dramatizada-de-tengo-miedo-torero-se-conmemora-dia-internacional-del-orgullo-gay\/","name":"Con lectura dramatizada de \u201cTengo Miedo Torero\u201d se conmemora D\u00eda Internacional del Orgullo Gay - Valpara\u00ed\u00adso Creativo","isPartOf":{"@id":"https:\/\/dev.antudigital.cl\/sites\/vc\/#website"},"primaryImageOfPage":{"@id":"https:\/\/dev.antudigital.cl\/sites\/vc\/con-lectura-dramatizada-de-tengo-miedo-torero-se-conmemora-dia-internacional-del-orgullo-gay\/#primaryimage"},"image":{"@id":"https:\/\/dev.antudigital.cl\/sites\/vc\/con-lectura-dramatizada-de-tengo-miedo-torero-se-conmemora-dia-internacional-del-orgullo-gay\/#primaryimage"},"thumbnailUrl":"https:\/\/dev.antudigital.cl\/sites\/vc\/wp-content\/uploads\/2025\/07\/Torero.png","datePublished":"2025-06-23T23:52:56+00:00","dateModified":"2025-07-11T00:02:58+00:00","author":{"@id":"https:\/\/dev.antudigital.cl\/sites\/vc\/#\/schema\/person\/c2b9da8dd545e27166fc5ab232837318"},"breadcrumb":{"@id":"https:\/\/dev.antudigital.cl\/sites\/vc\/con-lectura-dramatizada-de-tengo-miedo-torero-se-conmemora-dia-internacional-del-orgullo-gay\/#breadcrumb"},"inLanguage":"es","potentialAction":[{"@type":"ReadAction","target":["https:\/\/dev.antudigital.cl\/sites\/vc\/con-lectura-dramatizada-de-tengo-miedo-torero-se-conmemora-dia-internacional-del-orgullo-gay\/"]}]},{"@type":"ImageObject","inLanguage":"es","@id":"https:\/\/dev.antudigital.cl\/sites\/vc\/con-lectura-dramatizada-de-tengo-miedo-torero-se-conmemora-dia-internacional-del-orgullo-gay\/#primaryimage","url":"https:\/\/dev.antudigital.cl\/sites\/vc\/wp-content\/uploads\/2025\/07\/Torero.png","contentUrl":"https:\/\/dev.antudigital.cl\/sites\/vc\/wp-content\/uploads\/2025\/07\/Torero.png","width":1200,"height":763},{"@type":"BreadcrumbList","@id":"https:\/\/dev.antudigital.cl\/sites\/vc\/con-lectura-dramatizada-de-tengo-miedo-torero-se-conmemora-dia-internacional-del-orgullo-gay\/#breadcrumb","itemListElement":[{"@type":"ListItem","position":1,"name":"Home","item":"https:\/\/dev.antudigital.cl\/sites\/vc\/"},{"@type":"ListItem","position":2,"name":"Con lectura dramatizada de \u201cTengo Miedo Torero\u201d se conmemora D\u00eda Internacional del Orgullo Gay"}]},{"@type":"WebSite","@id":"https:\/\/dev.antudigital.cl\/sites\/vc\/#website","url":"https:\/\/dev.antudigital.cl\/sites\/vc\/","name":"Valpara\u00ed\u00adso Creativo","description":"","potentialAction":[{"@type":"SearchAction","target":{"@type":"EntryPoint","urlTemplate":"https:\/\/dev.antudigital.cl\/sites\/vc\/?s={search_term_string}"},"query-input":{"@type":"PropertyValueSpecification","valueRequired":true,"valueName":"search_term_string"}}],"inLanguage":"es"},{"@type":"Person","@id":"https:\/\/dev.antudigital.cl\/sites\/vc\/#\/schema\/person\/c2b9da8dd545e27166fc5ab232837318","name":"Valpara\u00edso Creativo","description":"Periodista de cultura en la Regi\u00f3n de Valpara\u00edso.","url":"https:\/\/dev.antudigital.cl\/sites\/vc\/author\/valpoadmin\/"}]}},"_links":{"self":[{"href":"https:\/\/dev.antudigital.cl\/sites\/vc\/wp-json\/wp\/v2\/posts\/25288","targetHints":{"allow":["GET"]}}],"collection":[{"href":"https:\/\/dev.antudigital.cl\/sites\/vc\/wp-json\/wp\/v2\/posts"}],"about":[{"href":"https:\/\/dev.antudigital.cl\/sites\/vc\/wp-json\/wp\/v2\/types\/post"}],"author":[{"embeddable":true,"href":"https:\/\/dev.antudigital.cl\/sites\/vc\/wp-json\/wp\/v2\/users\/1"}],"replies":[{"embeddable":true,"href":"https:\/\/dev.antudigital.cl\/sites\/vc\/wp-json\/wp\/v2\/comments?post=25288"}],"version-history":[{"count":1,"href":"https:\/\/dev.antudigital.cl\/sites\/vc\/wp-json\/wp\/v2\/posts\/25288\/revisions"}],"predecessor-version":[{"id":25290,"href":"https:\/\/dev.antudigital.cl\/sites\/vc\/wp-json\/wp\/v2\/posts\/25288\/revisions\/25290"}],"wp:featuredmedia":[{"embeddable":true,"href":"https:\/\/dev.antudigital.cl\/sites\/vc\/wp-json\/wp\/v2\/media\/25289"}],"wp:attachment":[{"href":"https:\/\/dev.antudigital.cl\/sites\/vc\/wp-json\/wp\/v2\/media?parent=25288"}],"wp:term":[{"taxonomy":"category","embeddable":true,"href":"https:\/\/dev.antudigital.cl\/sites\/vc\/wp-json\/wp\/v2\/categories?post=25288"},{"taxonomy":"post_tag","embeddable":true,"href":"https:\/\/dev.antudigital.cl\/sites\/vc\/wp-json\/wp\/v2\/tags?post=25288"}],"curies":[{"name":"wp","href":"https:\/\/api.w.org\/{rel}","templated":true}]}}