{"id":25291,"date":"2025-06-23T17:04:00","date_gmt":"2025-06-23T21:04:00","guid":{"rendered":"https:\/\/www.valparaisocreativo.cl\/?p=25291"},"modified":"2025-07-10T20:08:19","modified_gmt":"2025-07-11T00:08:19","slug":"iberescena-abre-convocatoria-2025-2026-apoyo-a-las-artes-escenicas-iberoamericanas","status":"publish","type":"post","link":"https:\/\/dev.antudigital.cl\/sites\/vc\/iberescena-abre-convocatoria-2025-2026-apoyo-a-las-artes-escenicas-iberoamericanas\/","title":{"rendered":"Iberescena abre convocatoria 2025\u20132026: apoyo a las artes esc\u00e9nicas iberoamericanas"},"content":{"rendered":"\n<p><em>Fecha Cierre 24 de Julio. <\/em><\/p>\n\n\n\n<p>El <strong>Programa Iberescena<\/strong>, fondo intergubernamental para el fortalecimiento del sector esc\u00e9nico en Iberoam\u00e9rica, lanz\u00f3 las bases de su convocatoria <strong>2025\u20132026<\/strong>, aprobadas durante la XL Reuni\u00f3n del Consejo Intergubernamental realizada del 8 al 10 de abril en Santiago de Chile. La postulaci\u00f3n estar\u00e1 abierta del <strong>22 de mayo al 24 de julio de 2025<\/strong>, a trav\u00e9s de la plataforma oficial del programa.<\/p>\n\n\n\n<h3 class=\"wp-block-heading\">\u00bfQui\u00e9nes pueden postular?<\/h3>\n\n\n\n<p>La convocatoria est\u00e1 dirigida a <strong>creadores, agrupaciones, festivales y espacios esc\u00e9nicos<\/strong> de 17 pa\u00edses miembros: Argentina, Brasil, Colombia, Chile, Costa Rica, Cuba, Ecuador, El Salvador, Espa\u00f1a, Guatemala, Honduras (participa por primera vez), M\u00e9xico, Panam\u00e1, Paraguay, Per\u00fa, Portugal y Uruguay.<\/p>\n\n\n\n<h3 class=\"wp-block-heading\">L\u00edneas de ayuda y montos disponibles<\/h3>\n\n\n\n<ol class=\"wp-block-list\">\n<li><strong>Creaci\u00f3n en Residencia<\/strong> \u2013 hasta <strong>10\u202f000\u202f\u20ac<\/strong> por proyecto (incluye al menos dos creadores\/as de diferentes pa\u00edses miembros).<\/li>\n\n\n\n<li><strong>Coproducci\u00f3n de espect\u00e1culos de artes esc\u00e9nicas<\/strong> \u2013 hasta <strong>15\u202f000\u202f\u20ac<\/strong> (requiere colaboraci\u00f3n entre colectivos de al menos dos pa\u00edses).<\/li>\n\n\n\n<li><strong>Programaci\u00f3n de Festivales y Espacios Esc\u00e9nicos<\/strong> \u2013 hasta <strong>20\u202f000\u202f\u20ac<\/strong> (debe incluir al menos dos espect\u00e1culos de pa\u00edses diferentes).<\/li>\n<\/ol>\n\n\n\n<p>Los proyectos deben realizarse entre el <strong>1 de enero y el 15 de diciembre de 2026<\/strong>, y las postulaciones podr\u00e1n presentarse en <strong>espa\u00f1ol o portugu\u00e9s<\/strong>.<\/p>\n\n\n\n<h3 class=\"wp-block-heading\">Orientaci\u00f3n y herramientas para postular<\/h3>\n\n\n\n<p>Para apoyar a los postulantes, <strong>Iberescena realizar\u00e1 una capacitaci\u00f3n online el 18 de junio<\/strong>, liderada por su secretaria t\u00e9cnica, que incluir\u00e1 una demostraci\u00f3n en vivo del proceso de postulaci\u00f3n y una ronda de preguntas.<\/p>\n\n\n\n<h3 class=\"wp-block-heading\">Impacto en el ecosistema cultural<\/h3>\n\n\n\n<p>Iberescena \u2013creado en 2006 en Montevideo\u2013 es esencial para la circulaci\u00f3n de obras, el intercambio cultural y el fortalecimiento de redes esc\u00e9nicas en la regi\u00f3n. La edici\u00f3n 2024\u20132025 ya demostr\u00f3 su relevancia: <strong>111 proyectos<\/strong> fueron apoyados en \u00e1reas como residencias, coproducciones y festivales.<\/p>\n\n\n\n<p><strong>Calendario clave:<\/strong><\/p>\n\n\n\n<ul class=\"wp-block-list\">\n<li><strong>Bases disponibles:<\/strong> desde abril en iberescena.org<\/li>\n\n\n\n<li><strong>Postulaci\u00f3n abierta:<\/strong> 22\/05 \u2013 24\/07\/2025 (hasta las 12:00\u202fh de cada pa\u00eds)<\/li>\n\n\n\n<li><strong>Ejecutables:<\/strong> entre 01\/01\/2026 y 15\/12\/2026.<\/li>\n<\/ul>\n\n\n\n<p>Para m\u00e1s informaci\u00f3n, consulta las bases en la secci\u00f3n \u201cL\u00edneas de ayuda\u201d del sitio oficial del programa o escribe a <strong><a href=\"mailto:contacto@iberescena.org\">contacto@iberescena.org<\/a><\/strong>.<\/p>\n\n\n\n<h2 class=\"wp-block-heading\"><mark style=\"background-color:rgba(0, 0, 0, 0)\" class=\"has-inline-color has-luminous-vivid-orange-color\"><a href=\"https:\/\/iberescena.org\/Lineas-de-Accion\/Lineas-De-Ayuda\">Revisa las bases y postula aqu\u00ed.<\/a><\/mark><\/h2>\n","protected":false},"excerpt":{"rendered":"<p>Fecha Cierre 24 de Julio. El Programa Iberescena, fondo intergubernamental para el fortalecimiento del sector esc\u00e9nico en Iberoam\u00e9rica, lanz\u00f3 las bases de su convocatoria 2025\u20132026, aprobadas durante la XL Reuni\u00f3n del Consejo Intergubernamental realizada del 8 al 10 de abril en Santiago de Chile. La postulaci\u00f3n estar\u00e1 abierta del 22 de mayo al 24 de [&hellip;]<\/p>\n","protected":false},"author":1,"featured_media":25292,"comment_status":"closed","ping_status":"closed","sticky":false,"template":"","format":"standard","meta":{"_acf_changed":false,"footnotes":""},"categories":[1],"tags":[],"class_list":["post-25291","post","type-post","status-publish","format-standard","has-post-thumbnail","hentry","category-uncategorized"],"acf":[],"yoast_head":"<!-- This site is optimized with the Yoast SEO plugin v27.1.1 - https:\/\/yoast.com\/product\/yoast-seo-wordpress\/ -->\n<title>Iberescena abre convocatoria 2025\u20132026: apoyo a las artes esc\u00e9nicas iberoamericanas - Valpara\u00ed\u00adso Creativo<\/title>\n<meta name=\"robots\" content=\"index, follow, max-snippet:-1, max-image-preview:large, max-video-preview:-1\" \/>\n<link rel=\"canonical\" href=\"https:\/\/dev.antudigital.cl\/sites\/vc\/iberescena-abre-convocatoria-2025-2026-apoyo-a-las-artes-escenicas-iberoamericanas\/\" \/>\n<meta property=\"og:locale\" content=\"es_ES\" \/>\n<meta property=\"og:type\" content=\"article\" \/>\n<meta property=\"og:title\" content=\"Iberescena abre convocatoria 2025\u20132026: apoyo a las artes esc\u00e9nicas iberoamericanas - Valpara\u00ed\u00adso Creativo\" \/>\n<meta property=\"og:description\" content=\"Fecha Cierre 24 de Julio. El Programa Iberescena, fondo intergubernamental para el fortalecimiento del sector esc\u00e9nico en Iberoam\u00e9rica, lanz\u00f3 las bases de su convocatoria 2025\u20132026, aprobadas durante la XL Reuni\u00f3n del Consejo Intergubernamental realizada del 8 al 10 de abril en Santiago de Chile. La postulaci\u00f3n estar\u00e1 abierta del 22 de mayo al 24 de [&hellip;]\" \/>\n<meta property=\"og:url\" content=\"https:\/\/dev.antudigital.cl\/sites\/vc\/iberescena-abre-convocatoria-2025-2026-apoyo-a-las-artes-escenicas-iberoamericanas\/\" \/>\n<meta property=\"og:site_name\" content=\"Valpara\u00ed\u00adso Creativo\" \/>\n<meta property=\"article:published_time\" content=\"2025-06-23T21:04:00+00:00\" \/>\n<meta property=\"article:modified_time\" content=\"2025-07-11T00:08:19+00:00\" \/>\n<meta property=\"og:image\" content=\"https:\/\/dev.antudigital.cl\/sites\/vc\/wp-content\/uploads\/2025\/07\/banneriberes-1.jpg\" \/>\n\t<meta property=\"og:image:width\" content=\"900\" \/>\n\t<meta property=\"og:image:height\" content=\"400\" \/>\n\t<meta property=\"og:image:type\" content=\"image\/jpeg\" \/>\n<meta name=\"author\" content=\"Valpara\u00edso Creativo\" \/>\n<meta name=\"twitter:card\" content=\"summary_large_image\" \/>\n<meta name=\"twitter:label1\" content=\"Escrito por\" \/>\n\t<meta name=\"twitter:data1\" content=\"Valpara\u00edso Creativo\" \/>\n\t<meta name=\"twitter:label2\" content=\"Tiempo de lectura\" \/>\n\t<meta name=\"twitter:data2\" content=\"2 minutos\" \/>\n<script type=\"application\/ld+json\" class=\"yoast-schema-graph\">{\"@context\":\"https:\/\/schema.org\",\"@graph\":[{\"@type\":\"Article\",\"@id\":\"https:\/\/dev.antudigital.cl\/sites\/vc\/iberescena-abre-convocatoria-2025-2026-apoyo-a-las-artes-escenicas-iberoamericanas\/#article\",\"isPartOf\":{\"@id\":\"https:\/\/dev.antudigital.cl\/sites\/vc\/iberescena-abre-convocatoria-2025-2026-apoyo-a-las-artes-escenicas-iberoamericanas\/\"},\"author\":{\"name\":\"Valpara\u00edso Creativo\",\"@id\":\"https:\/\/dev.antudigital.cl\/sites\/vc\/#\/schema\/person\/c2b9da8dd545e27166fc5ab232837318\"},\"headline\":\"Iberescena abre convocatoria 2025\u20132026: apoyo a las artes esc\u00e9nicas iberoamericanas\",\"datePublished\":\"2025-06-23T21:04:00+00:00\",\"dateModified\":\"2025-07-11T00:08:19+00:00\",\"mainEntityOfPage\":{\"@id\":\"https:\/\/dev.antudigital.cl\/sites\/vc\/iberescena-abre-convocatoria-2025-2026-apoyo-a-las-artes-escenicas-iberoamericanas\/\"},\"wordCount\":358,\"image\":{\"@id\":\"https:\/\/dev.antudigital.cl\/sites\/vc\/iberescena-abre-convocatoria-2025-2026-apoyo-a-las-artes-escenicas-iberoamericanas\/#primaryimage\"},\"thumbnailUrl\":\"https:\/\/dev.antudigital.cl\/sites\/vc\/wp-content\/uploads\/2025\/07\/banneriberes-1.jpg\",\"articleSection\":[\"Uncategorized\"],\"inLanguage\":\"es\"},{\"@type\":\"WebPage\",\"@id\":\"https:\/\/dev.antudigital.cl\/sites\/vc\/iberescena-abre-convocatoria-2025-2026-apoyo-a-las-artes-escenicas-iberoamericanas\/\",\"url\":\"https:\/\/dev.antudigital.cl\/sites\/vc\/iberescena-abre-convocatoria-2025-2026-apoyo-a-las-artes-escenicas-iberoamericanas\/\",\"name\":\"Iberescena abre convocatoria 2025\u20132026: apoyo a las artes esc\u00e9nicas iberoamericanas - Valpara\u00ed\u00adso Creativo\",\"isPartOf\":{\"@id\":\"https:\/\/dev.antudigital.cl\/sites\/vc\/#website\"},\"primaryImageOfPage\":{\"@id\":\"https:\/\/dev.antudigital.cl\/sites\/vc\/iberescena-abre-convocatoria-2025-2026-apoyo-a-las-artes-escenicas-iberoamericanas\/#primaryimage\"},\"image\":{\"@id\":\"https:\/\/dev.antudigital.cl\/sites\/vc\/iberescena-abre-convocatoria-2025-2026-apoyo-a-las-artes-escenicas-iberoamericanas\/#primaryimage\"},\"thumbnailUrl\":\"https:\/\/dev.antudigital.cl\/sites\/vc\/wp-content\/uploads\/2025\/07\/banneriberes-1.jpg\",\"datePublished\":\"2025-06-23T21:04:00+00:00\",\"dateModified\":\"2025-07-11T00:08:19+00:00\",\"author\":{\"@id\":\"https:\/\/dev.antudigital.cl\/sites\/vc\/#\/schema\/person\/c2b9da8dd545e27166fc5ab232837318\"},\"breadcrumb\":{\"@id\":\"https:\/\/dev.antudigital.cl\/sites\/vc\/iberescena-abre-convocatoria-2025-2026-apoyo-a-las-artes-escenicas-iberoamericanas\/#breadcrumb\"},\"inLanguage\":\"es\",\"potentialAction\":[{\"@type\":\"ReadAction\",\"target\":[\"https:\/\/dev.antudigital.cl\/sites\/vc\/iberescena-abre-convocatoria-2025-2026-apoyo-a-las-artes-escenicas-iberoamericanas\/\"]}]},{\"@type\":\"ImageObject\",\"inLanguage\":\"es\",\"@id\":\"https:\/\/dev.antudigital.cl\/sites\/vc\/iberescena-abre-convocatoria-2025-2026-apoyo-a-las-artes-escenicas-iberoamericanas\/#primaryimage\",\"url\":\"https:\/\/dev.antudigital.cl\/sites\/vc\/wp-content\/uploads\/2025\/07\/banneriberes-1.jpg\",\"contentUrl\":\"https:\/\/dev.antudigital.cl\/sites\/vc\/wp-content\/uploads\/2025\/07\/banneriberes-1.jpg\",\"width\":900,\"height\":400},{\"@type\":\"BreadcrumbList\",\"@id\":\"https:\/\/dev.antudigital.cl\/sites\/vc\/iberescena-abre-convocatoria-2025-2026-apoyo-a-las-artes-escenicas-iberoamericanas\/#breadcrumb\",\"itemListElement\":[{\"@type\":\"ListItem\",\"position\":1,\"name\":\"Home\",\"item\":\"https:\/\/dev.antudigital.cl\/sites\/vc\/\"},{\"@type\":\"ListItem\",\"position\":2,\"name\":\"Iberescena abre convocatoria 2025\u20132026: apoyo a las artes esc\u00e9nicas iberoamericanas\"}]},{\"@type\":\"WebSite\",\"@id\":\"https:\/\/dev.antudigital.cl\/sites\/vc\/#website\",\"url\":\"https:\/\/dev.antudigital.cl\/sites\/vc\/\",\"name\":\"Valpara\u00ed\u00adso Creativo\",\"description\":\"\",\"potentialAction\":[{\"@type\":\"SearchAction\",\"target\":{\"@type\":\"EntryPoint\",\"urlTemplate\":\"https:\/\/dev.antudigital.cl\/sites\/vc\/?s={search_term_string}\"},\"query-input\":{\"@type\":\"PropertyValueSpecification\",\"valueRequired\":true,\"valueName\":\"search_term_string\"}}],\"inLanguage\":\"es\"},{\"@type\":\"Person\",\"@id\":\"https:\/\/dev.antudigital.cl\/sites\/vc\/#\/schema\/person\/c2b9da8dd545e27166fc5ab232837318\",\"name\":\"Valpara\u00edso Creativo\",\"description\":\"Periodista de cultura en la Regi\u00f3n de Valpara\u00edso.\",\"url\":\"https:\/\/dev.antudigital.cl\/sites\/vc\/author\/valpoadmin\/\"}]}<\/script>\n<!-- \/ Yoast SEO plugin. -->","yoast_head_json":{"title":"Iberescena abre convocatoria 2025\u20132026: apoyo a las artes esc\u00e9nicas iberoamericanas - Valpara\u00ed\u00adso Creativo","robots":{"index":"index","follow":"follow","max-snippet":"max-snippet:-1","max-image-preview":"max-image-preview:large","max-video-preview":"max-video-preview:-1"},"canonical":"https:\/\/dev.antudigital.cl\/sites\/vc\/iberescena-abre-convocatoria-2025-2026-apoyo-a-las-artes-escenicas-iberoamericanas\/","og_locale":"es_ES","og_type":"article","og_title":"Iberescena abre convocatoria 2025\u20132026: apoyo a las artes esc\u00e9nicas iberoamericanas - Valpara\u00ed\u00adso Creativo","og_description":"Fecha Cierre 24 de Julio. El Programa Iberescena, fondo intergubernamental para el fortalecimiento del sector esc\u00e9nico en Iberoam\u00e9rica, lanz\u00f3 las bases de su convocatoria 2025\u20132026, aprobadas durante la XL Reuni\u00f3n del Consejo Intergubernamental realizada del 8 al 10 de abril en Santiago de Chile. La postulaci\u00f3n estar\u00e1 abierta del 22 de mayo al 24 de [&hellip;]","og_url":"https:\/\/dev.antudigital.cl\/sites\/vc\/iberescena-abre-convocatoria-2025-2026-apoyo-a-las-artes-escenicas-iberoamericanas\/","og_site_name":"Valpara\u00ed\u00adso Creativo","article_published_time":"2025-06-23T21:04:00+00:00","article_modified_time":"2025-07-11T00:08:19+00:00","og_image":[{"width":900,"height":400,"url":"https:\/\/dev.antudigital.cl\/sites\/vc\/wp-content\/uploads\/2025\/07\/banneriberes-1.jpg","type":"image\/jpeg"}],"author":"Valpara\u00edso Creativo","twitter_card":"summary_large_image","twitter_misc":{"Escrito por":"Valpara\u00edso Creativo","Tiempo de lectura":"2 minutos"},"schema":{"@context":"https:\/\/schema.org","@graph":[{"@type":"Article","@id":"https:\/\/dev.antudigital.cl\/sites\/vc\/iberescena-abre-convocatoria-2025-2026-apoyo-a-las-artes-escenicas-iberoamericanas\/#article","isPartOf":{"@id":"https:\/\/dev.antudigital.cl\/sites\/vc\/iberescena-abre-convocatoria-2025-2026-apoyo-a-las-artes-escenicas-iberoamericanas\/"},"author":{"name":"Valpara\u00edso Creativo","@id":"https:\/\/dev.antudigital.cl\/sites\/vc\/#\/schema\/person\/c2b9da8dd545e27166fc5ab232837318"},"headline":"Iberescena abre convocatoria 2025\u20132026: apoyo a las artes esc\u00e9nicas iberoamericanas","datePublished":"2025-06-23T21:04:00+00:00","dateModified":"2025-07-11T00:08:19+00:00","mainEntityOfPage":{"@id":"https:\/\/dev.antudigital.cl\/sites\/vc\/iberescena-abre-convocatoria-2025-2026-apoyo-a-las-artes-escenicas-iberoamericanas\/"},"wordCount":358,"image":{"@id":"https:\/\/dev.antudigital.cl\/sites\/vc\/iberescena-abre-convocatoria-2025-2026-apoyo-a-las-artes-escenicas-iberoamericanas\/#primaryimage"},"thumbnailUrl":"https:\/\/dev.antudigital.cl\/sites\/vc\/wp-content\/uploads\/2025\/07\/banneriberes-1.jpg","articleSection":["Uncategorized"],"inLanguage":"es"},{"@type":"WebPage","@id":"https:\/\/dev.antudigital.cl\/sites\/vc\/iberescena-abre-convocatoria-2025-2026-apoyo-a-las-artes-escenicas-iberoamericanas\/","url":"https:\/\/dev.antudigital.cl\/sites\/vc\/iberescena-abre-convocatoria-2025-2026-apoyo-a-las-artes-escenicas-iberoamericanas\/","name":"Iberescena abre convocatoria 2025\u20132026: apoyo a las artes esc\u00e9nicas iberoamericanas - Valpara\u00ed\u00adso Creativo","isPartOf":{"@id":"https:\/\/dev.antudigital.cl\/sites\/vc\/#website"},"primaryImageOfPage":{"@id":"https:\/\/dev.antudigital.cl\/sites\/vc\/iberescena-abre-convocatoria-2025-2026-apoyo-a-las-artes-escenicas-iberoamericanas\/#primaryimage"},"image":{"@id":"https:\/\/dev.antudigital.cl\/sites\/vc\/iberescena-abre-convocatoria-2025-2026-apoyo-a-las-artes-escenicas-iberoamericanas\/#primaryimage"},"thumbnailUrl":"https:\/\/dev.antudigital.cl\/sites\/vc\/wp-content\/uploads\/2025\/07\/banneriberes-1.jpg","datePublished":"2025-06-23T21:04:00+00:00","dateModified":"2025-07-11T00:08:19+00:00","author":{"@id":"https:\/\/dev.antudigital.cl\/sites\/vc\/#\/schema\/person\/c2b9da8dd545e27166fc5ab232837318"},"breadcrumb":{"@id":"https:\/\/dev.antudigital.cl\/sites\/vc\/iberescena-abre-convocatoria-2025-2026-apoyo-a-las-artes-escenicas-iberoamericanas\/#breadcrumb"},"inLanguage":"es","potentialAction":[{"@type":"ReadAction","target":["https:\/\/dev.antudigital.cl\/sites\/vc\/iberescena-abre-convocatoria-2025-2026-apoyo-a-las-artes-escenicas-iberoamericanas\/"]}]},{"@type":"ImageObject","inLanguage":"es","@id":"https:\/\/dev.antudigital.cl\/sites\/vc\/iberescena-abre-convocatoria-2025-2026-apoyo-a-las-artes-escenicas-iberoamericanas\/#primaryimage","url":"https:\/\/dev.antudigital.cl\/sites\/vc\/wp-content\/uploads\/2025\/07\/banneriberes-1.jpg","contentUrl":"https:\/\/dev.antudigital.cl\/sites\/vc\/wp-content\/uploads\/2025\/07\/banneriberes-1.jpg","width":900,"height":400},{"@type":"BreadcrumbList","@id":"https:\/\/dev.antudigital.cl\/sites\/vc\/iberescena-abre-convocatoria-2025-2026-apoyo-a-las-artes-escenicas-iberoamericanas\/#breadcrumb","itemListElement":[{"@type":"ListItem","position":1,"name":"Home","item":"https:\/\/dev.antudigital.cl\/sites\/vc\/"},{"@type":"ListItem","position":2,"name":"Iberescena abre convocatoria 2025\u20132026: apoyo a las artes esc\u00e9nicas iberoamericanas"}]},{"@type":"WebSite","@id":"https:\/\/dev.antudigital.cl\/sites\/vc\/#website","url":"https:\/\/dev.antudigital.cl\/sites\/vc\/","name":"Valpara\u00ed\u00adso Creativo","description":"","potentialAction":[{"@type":"SearchAction","target":{"@type":"EntryPoint","urlTemplate":"https:\/\/dev.antudigital.cl\/sites\/vc\/?s={search_term_string}"},"query-input":{"@type":"PropertyValueSpecification","valueRequired":true,"valueName":"search_term_string"}}],"inLanguage":"es"},{"@type":"Person","@id":"https:\/\/dev.antudigital.cl\/sites\/vc\/#\/schema\/person\/c2b9da8dd545e27166fc5ab232837318","name":"Valpara\u00edso Creativo","description":"Periodista de cultura en la Regi\u00f3n de Valpara\u00edso.","url":"https:\/\/dev.antudigital.cl\/sites\/vc\/author\/valpoadmin\/"}]}},"_links":{"self":[{"href":"https:\/\/dev.antudigital.cl\/sites\/vc\/wp-json\/wp\/v2\/posts\/25291","targetHints":{"allow":["GET"]}}],"collection":[{"href":"https:\/\/dev.antudigital.cl\/sites\/vc\/wp-json\/wp\/v2\/posts"}],"about":[{"href":"https:\/\/dev.antudigital.cl\/sites\/vc\/wp-json\/wp\/v2\/types\/post"}],"author":[{"embeddable":true,"href":"https:\/\/dev.antudigital.cl\/sites\/vc\/wp-json\/wp\/v2\/users\/1"}],"replies":[{"embeddable":true,"href":"https:\/\/dev.antudigital.cl\/sites\/vc\/wp-json\/wp\/v2\/comments?post=25291"}],"version-history":[{"count":1,"href":"https:\/\/dev.antudigital.cl\/sites\/vc\/wp-json\/wp\/v2\/posts\/25291\/revisions"}],"predecessor-version":[{"id":25293,"href":"https:\/\/dev.antudigital.cl\/sites\/vc\/wp-json\/wp\/v2\/posts\/25291\/revisions\/25293"}],"wp:featuredmedia":[{"embeddable":true,"href":"https:\/\/dev.antudigital.cl\/sites\/vc\/wp-json\/wp\/v2\/media\/25292"}],"wp:attachment":[{"href":"https:\/\/dev.antudigital.cl\/sites\/vc\/wp-json\/wp\/v2\/media?parent=25291"}],"wp:term":[{"taxonomy":"category","embeddable":true,"href":"https:\/\/dev.antudigital.cl\/sites\/vc\/wp-json\/wp\/v2\/categories?post=25291"},{"taxonomy":"post_tag","embeddable":true,"href":"https:\/\/dev.antudigital.cl\/sites\/vc\/wp-json\/wp\/v2\/tags?post=25291"}],"curies":[{"name":"wp","href":"https:\/\/api.w.org\/{rel}","templated":true}]}}