{"id":25294,"date":"2025-06-23T16:10:00","date_gmt":"2025-06-23T20:10:00","guid":{"rendered":"https:\/\/www.valparaisocreativo.cl\/?p=25294"},"modified":"2025-07-10T20:11:54","modified_gmt":"2025-07-11T00:11:54","slug":"sercotec-fortalece-gremios-nacionales-con-nuevo-fondo-2025","status":"publish","type":"post","link":"https:\/\/dev.antudigital.cl\/sites\/vc\/sercotec-fortalece-gremios-nacionales-con-nuevo-fondo-2025\/","title":{"rendered":"Sercotec fortalece gremios nacionales con nuevo fondo 2025"},"content":{"rendered":"\n<p><em>Fecha Cierre 03 de Julio. <\/em><\/p>\n\n\n\n<p>El Servicio de Cooperaci\u00f3n T\u00e9cnica (<strong>Sercotec<\/strong>) lanza la convocatoria 2025 del <strong>Programa Confederaciones y Federaciones Nacionales<\/strong>, tambi\u00e9n conocido como <strong>Gremios Nacionales<\/strong>, destinada a fortalecer la <strong>asociatividad, representatividad y gesti\u00f3n<\/strong> de organizaciones gremiales de micro y peque\u00f1as empresas, cooperativas, institutos auxiliares y asociaciones gremiales con presencia en m\u00e1s de una regi\u00f3n del pa\u00eds <\/p>\n\n\n\n<h3 class=\"wp-block-heading\">Objetivo central<\/h3>\n\n\n\n<p>El programa busca consolidar redes gremiales estrat\u00e9gicas a nivel nacional, promoviendo el desarrollo de servicios para sus asociados y fortaleciendo su capacidad organizacional. Presta especial atenci\u00f3n a la <strong>digitalizaci\u00f3n, enfoque de g\u00e9nero, descentralizaci\u00f3n<\/strong> y sostenibilidad energ\u00e9tica o h\u00eddrica.<\/p>\n\n\n\n<h3 class=\"wp-block-heading\">Financiamiento y cobertura<\/h3>\n\n\n\n<ul class=\"wp-block-list\">\n<li>Subsidio <strong>no reembolsable de hasta $20 millones CLP<\/strong> por organizaci\u00f3n.<\/li>\n\n\n\n<li>Co\u2011aporte del <strong>10\u202f%<\/strong> del monto adjudicado, por parte de la organizaci\u00f3n postulante.<\/li>\n\n\n\n<li>Cobertura de la convocatoria: <strong>20 organizaciones nacionales<\/strong>, con un presupuesto total de <strong>$437\u202fmillones CLP<\/strong>, lo que representa un incremento del <strong>39\u202f%<\/strong> respecto a 2024.<\/li>\n<\/ul>\n\n\n\n<h3 class=\"wp-block-heading\">\u00c1reas elegibles de inversi\u00f3n<\/h3>\n\n\n\n<p>Los recursos pueden destinarse a proyectos en:<\/p>\n\n\n\n<ul class=\"wp-block-list\">\n<li>Asistencia t\u00e9cnica y gesti\u00f3n empresarial (capacitaciones, ferias, misiones, estudios, marketing).<\/li>\n\n\n\n<li>Inversiones e infraestructura (activos fijos e intangibles, habilitaci\u00f3n de espacios).<\/li>\n\n\n\n<li>Capital de trabajo (remuneraciones, arriendos, servicios).<\/li>\n<\/ul>\n\n\n\n<h3 class=\"wp-block-heading\">\u00bfQui\u00e9nes pueden postular?<\/h3>\n\n\n\n<p>Confederaciones, federaciones, instituciones gremiales o asociaciones de car\u00e1cter nacional, legalmente constituidas y vigentes, cuyos asociados tengan domicilio en <strong>m\u00e1s de una regi\u00f3n del pa\u00eds<\/strong>.<\/p>\n\n\n\n<h3 class=\"wp-block-heading\">Proceso de postulaci\u00f3n<\/h3>\n\n\n\n<ol class=\"wp-block-list\">\n<li>Descargar y revisar las <strong>bases y anexos<\/strong> desde el sitio web de Sercotec.<\/li>\n\n\n\n<li>Registrarse o actualizar perfil en el portal Sercotec y vincular la organizaci\u00f3n.<\/li>\n\n\n\n<li>Completar el formulario en l\u00ednea y presentar la documentaci\u00f3n requerida dentro del plazo entre <strong>4 de junio y 3 de julio<\/strong>.<\/li>\n<\/ol>\n\n\n\n<h3 class=\"wp-block-heading\">Impacto y contexto<\/h3>\n\n\n\n<p>Con este fondo, Sercotec refuerza el rol de los gremios como <strong>ejes de articulaci\u00f3n sectorial<\/strong> y motores de desarrollo regional. Seg\u00fan Mar\u00eda Jos\u00e9 Becerra, gerente general de Sercotec, los enfoques estrat\u00e9gicos seleccionados apuntan a \u201cpermitir que las organizaciones gremiales se adapten a los desaf\u00edos actuales y lideren procesos de transformaci\u00f3n que beneficien a todo el ecosistema empresarial de menor tama\u00f1o\u201d.<\/p>\n\n\n\n<p>Desde la perspectiva regional, el programa representa una oportunidad para expandir la gobernanza econ\u00f3mica y potenciar organizaciones gremiales robustas, comprometidas con una visi\u00f3n inclusiva, sostenible y conectada con los territorios.<\/p>\n\n\n\n<h2 class=\"wp-block-heading\"><mark style=\"background-color:rgba(0, 0, 0, 0)\" class=\"has-inline-color has-luminous-vivid-orange-color\"><a href=\"https:\/\/www.sercotec.cl\/programa-confederaciones-y-federaciones-nacionales\">Revisa las bases y postula aqu\u00ed.<\/a><\/mark><\/h2>\n","protected":false},"excerpt":{"rendered":"<p>Fecha Cierre 03 de Julio. El Servicio de Cooperaci\u00f3n T\u00e9cnica (Sercotec) lanza la convocatoria 2025 del Programa Confederaciones y Federaciones Nacionales, tambi\u00e9n conocido como Gremios Nacionales, destinada a fortalecer la asociatividad, representatividad y gesti\u00f3n de organizaciones gremiales de micro y peque\u00f1as empresas, cooperativas, institutos auxiliares y asociaciones gremiales con presencia en m\u00e1s de una regi\u00f3n [&hellip;]<\/p>\n","protected":false},"author":1,"featured_media":17006,"comment_status":"closed","ping_status":"closed","sticky":false,"template":"","format":"standard","meta":{"_acf_changed":false,"footnotes":""},"categories":[1],"tags":[],"class_list":["post-25294","post","type-post","status-publish","format-standard","has-post-thumbnail","hentry","category-uncategorized"],"acf":[],"yoast_head":"<!-- This site is optimized with the Yoast SEO plugin v27.1.1 - https:\/\/yoast.com\/product\/yoast-seo-wordpress\/ -->\n<title>Sercotec fortalece gremios nacionales con nuevo fondo 2025 - Valpara\u00ed\u00adso Creativo<\/title>\n<meta name=\"robots\" content=\"index, follow, max-snippet:-1, max-image-preview:large, max-video-preview:-1\" \/>\n<link rel=\"canonical\" href=\"https:\/\/dev.antudigital.cl\/sites\/vc\/sercotec-fortalece-gremios-nacionales-con-nuevo-fondo-2025\/\" \/>\n<meta property=\"og:locale\" content=\"es_ES\" \/>\n<meta property=\"og:type\" content=\"article\" \/>\n<meta property=\"og:title\" content=\"Sercotec fortalece gremios nacionales con nuevo fondo 2025 - Valpara\u00ed\u00adso Creativo\" \/>\n<meta property=\"og:description\" content=\"Fecha Cierre 03 de Julio. El Servicio de Cooperaci\u00f3n T\u00e9cnica (Sercotec) lanza la convocatoria 2025 del Programa Confederaciones y Federaciones Nacionales, tambi\u00e9n conocido como Gremios Nacionales, destinada a fortalecer la asociatividad, representatividad y gesti\u00f3n de organizaciones gremiales de micro y peque\u00f1as empresas, cooperativas, institutos auxiliares y asociaciones gremiales con presencia en m\u00e1s de una regi\u00f3n [&hellip;]\" \/>\n<meta property=\"og:url\" content=\"https:\/\/dev.antudigital.cl\/sites\/vc\/sercotec-fortalece-gremios-nacionales-con-nuevo-fondo-2025\/\" \/>\n<meta property=\"og:site_name\" content=\"Valpara\u00ed\u00adso Creativo\" \/>\n<meta property=\"article:published_time\" content=\"2025-06-23T20:10:00+00:00\" \/>\n<meta property=\"article:modified_time\" content=\"2025-07-11T00:11:54+00:00\" \/>\n<meta property=\"og:image\" content=\"https:\/\/dev.antudigital.cl\/sites\/vc\/wp-content\/uploads\/2023\/09\/SERCOTEC.jpeg\" \/>\n\t<meta property=\"og:image:width\" content=\"810\" \/>\n\t<meta property=\"og:image:height\" content=\"426\" \/>\n\t<meta property=\"og:image:type\" content=\"image\/jpeg\" \/>\n<meta name=\"author\" content=\"Valpara\u00edso Creativo\" \/>\n<meta name=\"twitter:card\" content=\"summary_large_image\" \/>\n<meta name=\"twitter:label1\" content=\"Escrito por\" \/>\n\t<meta name=\"twitter:data1\" content=\"Valpara\u00edso Creativo\" \/>\n\t<meta name=\"twitter:label2\" content=\"Tiempo de lectura\" \/>\n\t<meta name=\"twitter:data2\" content=\"2 minutos\" \/>\n<script type=\"application\/ld+json\" class=\"yoast-schema-graph\">{\"@context\":\"https:\/\/schema.org\",\"@graph\":[{\"@type\":\"Article\",\"@id\":\"https:\/\/dev.antudigital.cl\/sites\/vc\/sercotec-fortalece-gremios-nacionales-con-nuevo-fondo-2025\/#article\",\"isPartOf\":{\"@id\":\"https:\/\/dev.antudigital.cl\/sites\/vc\/sercotec-fortalece-gremios-nacionales-con-nuevo-fondo-2025\/\"},\"author\":{\"name\":\"Valpara\u00edso Creativo\",\"@id\":\"https:\/\/dev.antudigital.cl\/sites\/vc\/#\/schema\/person\/c2b9da8dd545e27166fc5ab232837318\"},\"headline\":\"Sercotec fortalece gremios nacionales con nuevo fondo 2025\",\"datePublished\":\"2025-06-23T20:10:00+00:00\",\"dateModified\":\"2025-07-11T00:11:54+00:00\",\"mainEntityOfPage\":{\"@id\":\"https:\/\/dev.antudigital.cl\/sites\/vc\/sercotec-fortalece-gremios-nacionales-con-nuevo-fondo-2025\/\"},\"wordCount\":396,\"image\":{\"@id\":\"https:\/\/dev.antudigital.cl\/sites\/vc\/sercotec-fortalece-gremios-nacionales-con-nuevo-fondo-2025\/#primaryimage\"},\"thumbnailUrl\":\"https:\/\/dev.antudigital.cl\/sites\/vc\/wp-content\/uploads\/2023\/09\/SERCOTEC.jpeg\",\"articleSection\":[\"Uncategorized\"],\"inLanguage\":\"es\"},{\"@type\":\"WebPage\",\"@id\":\"https:\/\/dev.antudigital.cl\/sites\/vc\/sercotec-fortalece-gremios-nacionales-con-nuevo-fondo-2025\/\",\"url\":\"https:\/\/dev.antudigital.cl\/sites\/vc\/sercotec-fortalece-gremios-nacionales-con-nuevo-fondo-2025\/\",\"name\":\"Sercotec fortalece gremios nacionales con nuevo fondo 2025 - Valpara\u00ed\u00adso Creativo\",\"isPartOf\":{\"@id\":\"https:\/\/dev.antudigital.cl\/sites\/vc\/#website\"},\"primaryImageOfPage\":{\"@id\":\"https:\/\/dev.antudigital.cl\/sites\/vc\/sercotec-fortalece-gremios-nacionales-con-nuevo-fondo-2025\/#primaryimage\"},\"image\":{\"@id\":\"https:\/\/dev.antudigital.cl\/sites\/vc\/sercotec-fortalece-gremios-nacionales-con-nuevo-fondo-2025\/#primaryimage\"},\"thumbnailUrl\":\"https:\/\/dev.antudigital.cl\/sites\/vc\/wp-content\/uploads\/2023\/09\/SERCOTEC.jpeg\",\"datePublished\":\"2025-06-23T20:10:00+00:00\",\"dateModified\":\"2025-07-11T00:11:54+00:00\",\"author\":{\"@id\":\"https:\/\/dev.antudigital.cl\/sites\/vc\/#\/schema\/person\/c2b9da8dd545e27166fc5ab232837318\"},\"breadcrumb\":{\"@id\":\"https:\/\/dev.antudigital.cl\/sites\/vc\/sercotec-fortalece-gremios-nacionales-con-nuevo-fondo-2025\/#breadcrumb\"},\"inLanguage\":\"es\",\"potentialAction\":[{\"@type\":\"ReadAction\",\"target\":[\"https:\/\/dev.antudigital.cl\/sites\/vc\/sercotec-fortalece-gremios-nacionales-con-nuevo-fondo-2025\/\"]}]},{\"@type\":\"ImageObject\",\"inLanguage\":\"es\",\"@id\":\"https:\/\/dev.antudigital.cl\/sites\/vc\/sercotec-fortalece-gremios-nacionales-con-nuevo-fondo-2025\/#primaryimage\",\"url\":\"https:\/\/dev.antudigital.cl\/sites\/vc\/wp-content\/uploads\/2023\/09\/SERCOTEC.jpeg\",\"contentUrl\":\"https:\/\/dev.antudigital.cl\/sites\/vc\/wp-content\/uploads\/2023\/09\/SERCOTEC.jpeg\",\"width\":810,\"height\":426},{\"@type\":\"BreadcrumbList\",\"@id\":\"https:\/\/dev.antudigital.cl\/sites\/vc\/sercotec-fortalece-gremios-nacionales-con-nuevo-fondo-2025\/#breadcrumb\",\"itemListElement\":[{\"@type\":\"ListItem\",\"position\":1,\"name\":\"Home\",\"item\":\"https:\/\/dev.antudigital.cl\/sites\/vc\/\"},{\"@type\":\"ListItem\",\"position\":2,\"name\":\"Sercotec fortalece gremios nacionales con nuevo fondo 2025\"}]},{\"@type\":\"WebSite\",\"@id\":\"https:\/\/dev.antudigital.cl\/sites\/vc\/#website\",\"url\":\"https:\/\/dev.antudigital.cl\/sites\/vc\/\",\"name\":\"Valpara\u00ed\u00adso Creativo\",\"description\":\"\",\"potentialAction\":[{\"@type\":\"SearchAction\",\"target\":{\"@type\":\"EntryPoint\",\"urlTemplate\":\"https:\/\/dev.antudigital.cl\/sites\/vc\/?s={search_term_string}\"},\"query-input\":{\"@type\":\"PropertyValueSpecification\",\"valueRequired\":true,\"valueName\":\"search_term_string\"}}],\"inLanguage\":\"es\"},{\"@type\":\"Person\",\"@id\":\"https:\/\/dev.antudigital.cl\/sites\/vc\/#\/schema\/person\/c2b9da8dd545e27166fc5ab232837318\",\"name\":\"Valpara\u00edso Creativo\",\"description\":\"Periodista de cultura en la Regi\u00f3n de Valpara\u00edso.\",\"url\":\"https:\/\/dev.antudigital.cl\/sites\/vc\/author\/valpoadmin\/\"}]}<\/script>\n<!-- \/ Yoast SEO plugin. -->","yoast_head_json":{"title":"Sercotec fortalece gremios nacionales con nuevo fondo 2025 - Valpara\u00ed\u00adso Creativo","robots":{"index":"index","follow":"follow","max-snippet":"max-snippet:-1","max-image-preview":"max-image-preview:large","max-video-preview":"max-video-preview:-1"},"canonical":"https:\/\/dev.antudigital.cl\/sites\/vc\/sercotec-fortalece-gremios-nacionales-con-nuevo-fondo-2025\/","og_locale":"es_ES","og_type":"article","og_title":"Sercotec fortalece gremios nacionales con nuevo fondo 2025 - Valpara\u00ed\u00adso Creativo","og_description":"Fecha Cierre 03 de Julio. El Servicio de Cooperaci\u00f3n T\u00e9cnica (Sercotec) lanza la convocatoria 2025 del Programa Confederaciones y Federaciones Nacionales, tambi\u00e9n conocido como Gremios Nacionales, destinada a fortalecer la asociatividad, representatividad y gesti\u00f3n de organizaciones gremiales de micro y peque\u00f1as empresas, cooperativas, institutos auxiliares y asociaciones gremiales con presencia en m\u00e1s de una regi\u00f3n [&hellip;]","og_url":"https:\/\/dev.antudigital.cl\/sites\/vc\/sercotec-fortalece-gremios-nacionales-con-nuevo-fondo-2025\/","og_site_name":"Valpara\u00ed\u00adso Creativo","article_published_time":"2025-06-23T20:10:00+00:00","article_modified_time":"2025-07-11T00:11:54+00:00","og_image":[{"width":810,"height":426,"url":"https:\/\/dev.antudigital.cl\/sites\/vc\/wp-content\/uploads\/2023\/09\/SERCOTEC.jpeg","type":"image\/jpeg"}],"author":"Valpara\u00edso Creativo","twitter_card":"summary_large_image","twitter_misc":{"Escrito por":"Valpara\u00edso Creativo","Tiempo de lectura":"2 minutos"},"schema":{"@context":"https:\/\/schema.org","@graph":[{"@type":"Article","@id":"https:\/\/dev.antudigital.cl\/sites\/vc\/sercotec-fortalece-gremios-nacionales-con-nuevo-fondo-2025\/#article","isPartOf":{"@id":"https:\/\/dev.antudigital.cl\/sites\/vc\/sercotec-fortalece-gremios-nacionales-con-nuevo-fondo-2025\/"},"author":{"name":"Valpara\u00edso Creativo","@id":"https:\/\/dev.antudigital.cl\/sites\/vc\/#\/schema\/person\/c2b9da8dd545e27166fc5ab232837318"},"headline":"Sercotec fortalece gremios nacionales con nuevo fondo 2025","datePublished":"2025-06-23T20:10:00+00:00","dateModified":"2025-07-11T00:11:54+00:00","mainEntityOfPage":{"@id":"https:\/\/dev.antudigital.cl\/sites\/vc\/sercotec-fortalece-gremios-nacionales-con-nuevo-fondo-2025\/"},"wordCount":396,"image":{"@id":"https:\/\/dev.antudigital.cl\/sites\/vc\/sercotec-fortalece-gremios-nacionales-con-nuevo-fondo-2025\/#primaryimage"},"thumbnailUrl":"https:\/\/dev.antudigital.cl\/sites\/vc\/wp-content\/uploads\/2023\/09\/SERCOTEC.jpeg","articleSection":["Uncategorized"],"inLanguage":"es"},{"@type":"WebPage","@id":"https:\/\/dev.antudigital.cl\/sites\/vc\/sercotec-fortalece-gremios-nacionales-con-nuevo-fondo-2025\/","url":"https:\/\/dev.antudigital.cl\/sites\/vc\/sercotec-fortalece-gremios-nacionales-con-nuevo-fondo-2025\/","name":"Sercotec fortalece gremios nacionales con nuevo fondo 2025 - Valpara\u00ed\u00adso Creativo","isPartOf":{"@id":"https:\/\/dev.antudigital.cl\/sites\/vc\/#website"},"primaryImageOfPage":{"@id":"https:\/\/dev.antudigital.cl\/sites\/vc\/sercotec-fortalece-gremios-nacionales-con-nuevo-fondo-2025\/#primaryimage"},"image":{"@id":"https:\/\/dev.antudigital.cl\/sites\/vc\/sercotec-fortalece-gremios-nacionales-con-nuevo-fondo-2025\/#primaryimage"},"thumbnailUrl":"https:\/\/dev.antudigital.cl\/sites\/vc\/wp-content\/uploads\/2023\/09\/SERCOTEC.jpeg","datePublished":"2025-06-23T20:10:00+00:00","dateModified":"2025-07-11T00:11:54+00:00","author":{"@id":"https:\/\/dev.antudigital.cl\/sites\/vc\/#\/schema\/person\/c2b9da8dd545e27166fc5ab232837318"},"breadcrumb":{"@id":"https:\/\/dev.antudigital.cl\/sites\/vc\/sercotec-fortalece-gremios-nacionales-con-nuevo-fondo-2025\/#breadcrumb"},"inLanguage":"es","potentialAction":[{"@type":"ReadAction","target":["https:\/\/dev.antudigital.cl\/sites\/vc\/sercotec-fortalece-gremios-nacionales-con-nuevo-fondo-2025\/"]}]},{"@type":"ImageObject","inLanguage":"es","@id":"https:\/\/dev.antudigital.cl\/sites\/vc\/sercotec-fortalece-gremios-nacionales-con-nuevo-fondo-2025\/#primaryimage","url":"https:\/\/dev.antudigital.cl\/sites\/vc\/wp-content\/uploads\/2023\/09\/SERCOTEC.jpeg","contentUrl":"https:\/\/dev.antudigital.cl\/sites\/vc\/wp-content\/uploads\/2023\/09\/SERCOTEC.jpeg","width":810,"height":426},{"@type":"BreadcrumbList","@id":"https:\/\/dev.antudigital.cl\/sites\/vc\/sercotec-fortalece-gremios-nacionales-con-nuevo-fondo-2025\/#breadcrumb","itemListElement":[{"@type":"ListItem","position":1,"name":"Home","item":"https:\/\/dev.antudigital.cl\/sites\/vc\/"},{"@type":"ListItem","position":2,"name":"Sercotec fortalece gremios nacionales con nuevo fondo 2025"}]},{"@type":"WebSite","@id":"https:\/\/dev.antudigital.cl\/sites\/vc\/#website","url":"https:\/\/dev.antudigital.cl\/sites\/vc\/","name":"Valpara\u00ed\u00adso Creativo","description":"","potentialAction":[{"@type":"SearchAction","target":{"@type":"EntryPoint","urlTemplate":"https:\/\/dev.antudigital.cl\/sites\/vc\/?s={search_term_string}"},"query-input":{"@type":"PropertyValueSpecification","valueRequired":true,"valueName":"search_term_string"}}],"inLanguage":"es"},{"@type":"Person","@id":"https:\/\/dev.antudigital.cl\/sites\/vc\/#\/schema\/person\/c2b9da8dd545e27166fc5ab232837318","name":"Valpara\u00edso Creativo","description":"Periodista de cultura en la Regi\u00f3n de Valpara\u00edso.","url":"https:\/\/dev.antudigital.cl\/sites\/vc\/author\/valpoadmin\/"}]}},"_links":{"self":[{"href":"https:\/\/dev.antudigital.cl\/sites\/vc\/wp-json\/wp\/v2\/posts\/25294","targetHints":{"allow":["GET"]}}],"collection":[{"href":"https:\/\/dev.antudigital.cl\/sites\/vc\/wp-json\/wp\/v2\/posts"}],"about":[{"href":"https:\/\/dev.antudigital.cl\/sites\/vc\/wp-json\/wp\/v2\/types\/post"}],"author":[{"embeddable":true,"href":"https:\/\/dev.antudigital.cl\/sites\/vc\/wp-json\/wp\/v2\/users\/1"}],"replies":[{"embeddable":true,"href":"https:\/\/dev.antudigital.cl\/sites\/vc\/wp-json\/wp\/v2\/comments?post=25294"}],"version-history":[{"count":1,"href":"https:\/\/dev.antudigital.cl\/sites\/vc\/wp-json\/wp\/v2\/posts\/25294\/revisions"}],"predecessor-version":[{"id":25295,"href":"https:\/\/dev.antudigital.cl\/sites\/vc\/wp-json\/wp\/v2\/posts\/25294\/revisions\/25295"}],"wp:featuredmedia":[{"embeddable":true,"href":"https:\/\/dev.antudigital.cl\/sites\/vc\/wp-json\/wp\/v2\/media\/17006"}],"wp:attachment":[{"href":"https:\/\/dev.antudigital.cl\/sites\/vc\/wp-json\/wp\/v2\/media?parent=25294"}],"wp:term":[{"taxonomy":"category","embeddable":true,"href":"https:\/\/dev.antudigital.cl\/sites\/vc\/wp-json\/wp\/v2\/categories?post=25294"},{"taxonomy":"post_tag","embeddable":true,"href":"https:\/\/dev.antudigital.cl\/sites\/vc\/wp-json\/wp\/v2\/tags?post=25294"}],"curies":[{"name":"wp","href":"https:\/\/api.w.org\/{rel}","templated":true}]}}