{"id":25296,"date":"2025-06-23T16:12:00","date_gmt":"2025-06-23T20:12:00","guid":{"rendered":"https:\/\/www.valparaisocreativo.cl\/?p=25296"},"modified":"2025-07-10T20:14:29","modified_gmt":"2025-07-11T00:14:29","slug":"quillota-celebra-la-xxiii-version-del-trawun-encuentro-de-personas-interesadas-en-las-culturas-ancestrales","status":"publish","type":"post","link":"https:\/\/dev.antudigital.cl\/sites\/vc\/quillota-celebra-la-xxiii-version-del-trawun-encuentro-de-personas-interesadas-en-las-culturas-ancestrales\/","title":{"rendered":"Quillota celebra la XXIII versi\u00f3n del Traw\u00fcn: Encuentro de personas interesadas en las culturas ancestrales"},"content":{"rendered":"\n<p><strong>El pr\u00f3ximo viernes 4 de julio<\/strong>, la Plaza Santa Teresita de Quillota ser\u00e1 el escenario de una nueva edici\u00f3n del <strong>Traw\u00fcn<\/strong>, encuentro cultural que en su versi\u00f3n n\u00famero XXIII invita a toda la comunidad a compartir saberes, expresiones art\u00edsticas y cosmovisiones vinculadas a las <strong>culturas ancestrales del mundo<\/strong>.<\/p>\n\n\n\n<p>El evento comenzar\u00e1 a las <strong>16:00 horas<\/strong> en <strong>Condell 875, Quillota<\/strong>, con <strong>entrada libre y abierta a todo p\u00fablico<\/strong>. La jornada contar\u00e1 con <strong>m\u00fasica en vivo, artes visuales, juego de pal\u00edn, poes\u00eda, preparaciones alimentarias, fog\u00f3n ceremonial<\/strong>, entre otras actividades que promueven el di\u00e1logo entre distintas miradas sobre la herencia espiritual, art\u00edstica y simb\u00f3lica de los pueblos originarios.<\/p>\n\n\n\n<h3 class=\"wp-block-heading\">Un encuentro con ra\u00edces y proyecciones<\/h3>\n\n\n\n<p>Este encuentro naci\u00f3 hace m\u00e1s de 15 a\u00f1os desde el <strong>Centro de Promoci\u00f3n de Salud y Cultura<\/strong>, como una instancia entre artistas que exploraban nuevas interpretaciones de las cosmolog\u00edas mapuche. Con el tiempo, la actividad evolucion\u00f3, ampliando su convocatoria a todo tipo de personas interesadas en la <strong>sabidur\u00eda ancestral<\/strong>, sin distinci\u00f3n de origen ni profesi\u00f3n.<\/p>\n\n\n\n<p>El nombre <strong>Traw\u00fcn<\/strong> \u2014que en mapudungun significa \u201creuni\u00f3n\u201d\u2014 refleja el esp\u00edritu de esta instancia: un espacio de encuentro colectivo, reflexi\u00f3n intercultural y celebraci\u00f3n del mestizaje como una <strong>memoria compartida y global<\/strong>. Hoy, el Traw\u00fcn reconoce en cada participante una herencia m\u00faltiple que atraviesa la historia de los pueblos del mundo.<\/p>\n\n\n\n<h3 class=\"wp-block-heading\">Participaci\u00f3n abierta y colaborativa<\/h3>\n\n\n\n<p>Quienes deseen participar no solo como espectadores, sino tambi\u00e9n <strong>presentando una manifestaci\u00f3n art\u00edstica o cultural<\/strong> vinculada a las culturas ancestrales \u2014ya sea desde una perspectiva hist\u00f3rica, simb\u00f3lica o imaginaria\u2014 est\u00e1n cordialmente invitados a hacerlo. El evento celebra la diversidad de formas de expresi\u00f3n, conectadas con el respeto y la revitalizaci\u00f3n de saberes antiguos.<\/p>\n\n\n\n<p>Para m\u00e1s informaci\u00f3n o para sumarse activamente al encuentro, pueden comunicarse con <strong>Fritz Demuth<\/strong>, organizador del evento, al tel\u00e9fono <strong>+56 9 9464 1231<\/strong>.<\/p>\n\n\n\n<p><\/p>\n","protected":false},"excerpt":{"rendered":"<p>El pr\u00f3ximo viernes 4 de julio, la Plaza Santa Teresita de Quillota ser\u00e1 el escenario de una nueva edici\u00f3n del Traw\u00fcn, encuentro cultural que en su versi\u00f3n n\u00famero XXIII invita a toda la comunidad a compartir saberes, expresiones art\u00edsticas y cosmovisiones vinculadas a las culturas ancestrales del mundo. El evento comenzar\u00e1 a las 16:00 horas [&hellip;]<\/p>\n","protected":false},"author":1,"featured_media":25297,"comment_status":"closed","ping_status":"closed","sticky":false,"template":"","format":"standard","meta":{"_acf_changed":false,"footnotes":""},"categories":[1],"tags":[],"class_list":["post-25296","post","type-post","status-publish","format-standard","has-post-thumbnail","hentry","category-uncategorized"],"acf":[],"yoast_head":"<!-- This site is optimized with the Yoast SEO plugin v27.1.1 - https:\/\/yoast.com\/product\/yoast-seo-wordpress\/ -->\n<title>Quillota celebra la XXIII versi\u00f3n del Traw\u00fcn: Encuentro de personas interesadas en las culturas ancestrales - Valpara\u00ed\u00adso Creativo<\/title>\n<meta name=\"robots\" content=\"index, follow, max-snippet:-1, max-image-preview:large, max-video-preview:-1\" \/>\n<link rel=\"canonical\" href=\"https:\/\/dev.antudigital.cl\/sites\/vc\/quillota-celebra-la-xxiii-version-del-trawun-encuentro-de-personas-interesadas-en-las-culturas-ancestrales\/\" \/>\n<meta property=\"og:locale\" content=\"es_ES\" \/>\n<meta property=\"og:type\" content=\"article\" \/>\n<meta property=\"og:title\" content=\"Quillota celebra la XXIII versi\u00f3n del Traw\u00fcn: Encuentro de personas interesadas en las culturas ancestrales - Valpara\u00ed\u00adso Creativo\" \/>\n<meta property=\"og:description\" content=\"El pr\u00f3ximo viernes 4 de julio, la Plaza Santa Teresita de Quillota ser\u00e1 el escenario de una nueva edici\u00f3n del Traw\u00fcn, encuentro cultural que en su versi\u00f3n n\u00famero XXIII invita a toda la comunidad a compartir saberes, expresiones art\u00edsticas y cosmovisiones vinculadas a las culturas ancestrales del mundo. El evento comenzar\u00e1 a las 16:00 horas [&hellip;]\" \/>\n<meta property=\"og:url\" content=\"https:\/\/dev.antudigital.cl\/sites\/vc\/quillota-celebra-la-xxiii-version-del-trawun-encuentro-de-personas-interesadas-en-las-culturas-ancestrales\/\" \/>\n<meta property=\"og:site_name\" content=\"Valpara\u00ed\u00adso Creativo\" \/>\n<meta property=\"article:published_time\" content=\"2025-06-23T20:12:00+00:00\" \/>\n<meta property=\"article:modified_time\" content=\"2025-07-11T00:14:29+00:00\" \/>\n<meta property=\"og:image\" content=\"https:\/\/dev.antudigital.cl\/sites\/vc\/wp-content\/uploads\/2025\/07\/Trawunxxiii.png\" \/>\n\t<meta property=\"og:image:width\" content=\"1200\" \/>\n\t<meta property=\"og:image:height\" content=\"744\" \/>\n\t<meta property=\"og:image:type\" content=\"image\/png\" \/>\n<meta name=\"author\" content=\"Valpara\u00edso Creativo\" \/>\n<meta name=\"twitter:card\" content=\"summary_large_image\" \/>\n<meta name=\"twitter:label1\" content=\"Escrito por\" \/>\n\t<meta name=\"twitter:data1\" content=\"Valpara\u00edso Creativo\" \/>\n\t<meta name=\"twitter:label2\" content=\"Tiempo de lectura\" \/>\n\t<meta name=\"twitter:data2\" content=\"2 minutos\" \/>\n<script type=\"application\/ld+json\" class=\"yoast-schema-graph\">{\"@context\":\"https:\/\/schema.org\",\"@graph\":[{\"@type\":\"Article\",\"@id\":\"https:\/\/dev.antudigital.cl\/sites\/vc\/quillota-celebra-la-xxiii-version-del-trawun-encuentro-de-personas-interesadas-en-las-culturas-ancestrales\/#article\",\"isPartOf\":{\"@id\":\"https:\/\/dev.antudigital.cl\/sites\/vc\/quillota-celebra-la-xxiii-version-del-trawun-encuentro-de-personas-interesadas-en-las-culturas-ancestrales\/\"},\"author\":{\"name\":\"Valpara\u00edso Creativo\",\"@id\":\"https:\/\/dev.antudigital.cl\/sites\/vc\/#\/schema\/person\/c2b9da8dd545e27166fc5ab232837318\"},\"headline\":\"Quillota celebra la XXIII versi\u00f3n del Traw\u00fcn: Encuentro de personas interesadas en las culturas ancestrales\",\"datePublished\":\"2025-06-23T20:12:00+00:00\",\"dateModified\":\"2025-07-11T00:14:29+00:00\",\"mainEntityOfPage\":{\"@id\":\"https:\/\/dev.antudigital.cl\/sites\/vc\/quillota-celebra-la-xxiii-version-del-trawun-encuentro-de-personas-interesadas-en-las-culturas-ancestrales\/\"},\"wordCount\":346,\"image\":{\"@id\":\"https:\/\/dev.antudigital.cl\/sites\/vc\/quillota-celebra-la-xxiii-version-del-trawun-encuentro-de-personas-interesadas-en-las-culturas-ancestrales\/#primaryimage\"},\"thumbnailUrl\":\"https:\/\/dev.antudigital.cl\/sites\/vc\/wp-content\/uploads\/2025\/07\/Trawunxxiii.png\",\"articleSection\":[\"Uncategorized\"],\"inLanguage\":\"es\"},{\"@type\":\"WebPage\",\"@id\":\"https:\/\/dev.antudigital.cl\/sites\/vc\/quillota-celebra-la-xxiii-version-del-trawun-encuentro-de-personas-interesadas-en-las-culturas-ancestrales\/\",\"url\":\"https:\/\/dev.antudigital.cl\/sites\/vc\/quillota-celebra-la-xxiii-version-del-trawun-encuentro-de-personas-interesadas-en-las-culturas-ancestrales\/\",\"name\":\"Quillota celebra la XXIII versi\u00f3n del Traw\u00fcn: Encuentro de personas interesadas en las culturas ancestrales - Valpara\u00ed\u00adso Creativo\",\"isPartOf\":{\"@id\":\"https:\/\/dev.antudigital.cl\/sites\/vc\/#website\"},\"primaryImageOfPage\":{\"@id\":\"https:\/\/dev.antudigital.cl\/sites\/vc\/quillota-celebra-la-xxiii-version-del-trawun-encuentro-de-personas-interesadas-en-las-culturas-ancestrales\/#primaryimage\"},\"image\":{\"@id\":\"https:\/\/dev.antudigital.cl\/sites\/vc\/quillota-celebra-la-xxiii-version-del-trawun-encuentro-de-personas-interesadas-en-las-culturas-ancestrales\/#primaryimage\"},\"thumbnailUrl\":\"https:\/\/dev.antudigital.cl\/sites\/vc\/wp-content\/uploads\/2025\/07\/Trawunxxiii.png\",\"datePublished\":\"2025-06-23T20:12:00+00:00\",\"dateModified\":\"2025-07-11T00:14:29+00:00\",\"author\":{\"@id\":\"https:\/\/dev.antudigital.cl\/sites\/vc\/#\/schema\/person\/c2b9da8dd545e27166fc5ab232837318\"},\"breadcrumb\":{\"@id\":\"https:\/\/dev.antudigital.cl\/sites\/vc\/quillota-celebra-la-xxiii-version-del-trawun-encuentro-de-personas-interesadas-en-las-culturas-ancestrales\/#breadcrumb\"},\"inLanguage\":\"es\",\"potentialAction\":[{\"@type\":\"ReadAction\",\"target\":[\"https:\/\/dev.antudigital.cl\/sites\/vc\/quillota-celebra-la-xxiii-version-del-trawun-encuentro-de-personas-interesadas-en-las-culturas-ancestrales\/\"]}]},{\"@type\":\"ImageObject\",\"inLanguage\":\"es\",\"@id\":\"https:\/\/dev.antudigital.cl\/sites\/vc\/quillota-celebra-la-xxiii-version-del-trawun-encuentro-de-personas-interesadas-en-las-culturas-ancestrales\/#primaryimage\",\"url\":\"https:\/\/dev.antudigital.cl\/sites\/vc\/wp-content\/uploads\/2025\/07\/Trawunxxiii.png\",\"contentUrl\":\"https:\/\/dev.antudigital.cl\/sites\/vc\/wp-content\/uploads\/2025\/07\/Trawunxxiii.png\",\"width\":1200,\"height\":744},{\"@type\":\"BreadcrumbList\",\"@id\":\"https:\/\/dev.antudigital.cl\/sites\/vc\/quillota-celebra-la-xxiii-version-del-trawun-encuentro-de-personas-interesadas-en-las-culturas-ancestrales\/#breadcrumb\",\"itemListElement\":[{\"@type\":\"ListItem\",\"position\":1,\"name\":\"Home\",\"item\":\"https:\/\/dev.antudigital.cl\/sites\/vc\/\"},{\"@type\":\"ListItem\",\"position\":2,\"name\":\"Quillota celebra la XXIII versi\u00f3n del Traw\u00fcn: Encuentro de personas interesadas en las culturas ancestrales\"}]},{\"@type\":\"WebSite\",\"@id\":\"https:\/\/dev.antudigital.cl\/sites\/vc\/#website\",\"url\":\"https:\/\/dev.antudigital.cl\/sites\/vc\/\",\"name\":\"Valpara\u00ed\u00adso Creativo\",\"description\":\"\",\"potentialAction\":[{\"@type\":\"SearchAction\",\"target\":{\"@type\":\"EntryPoint\",\"urlTemplate\":\"https:\/\/dev.antudigital.cl\/sites\/vc\/?s={search_term_string}\"},\"query-input\":{\"@type\":\"PropertyValueSpecification\",\"valueRequired\":true,\"valueName\":\"search_term_string\"}}],\"inLanguage\":\"es\"},{\"@type\":\"Person\",\"@id\":\"https:\/\/dev.antudigital.cl\/sites\/vc\/#\/schema\/person\/c2b9da8dd545e27166fc5ab232837318\",\"name\":\"Valpara\u00edso Creativo\",\"description\":\"Periodista de cultura en la Regi\u00f3n de Valpara\u00edso.\",\"url\":\"https:\/\/dev.antudigital.cl\/sites\/vc\/author\/valpoadmin\/\"}]}<\/script>\n<!-- \/ Yoast SEO plugin. -->","yoast_head_json":{"title":"Quillota celebra la XXIII versi\u00f3n del Traw\u00fcn: Encuentro de personas interesadas en las culturas ancestrales - Valpara\u00ed\u00adso Creativo","robots":{"index":"index","follow":"follow","max-snippet":"max-snippet:-1","max-image-preview":"max-image-preview:large","max-video-preview":"max-video-preview:-1"},"canonical":"https:\/\/dev.antudigital.cl\/sites\/vc\/quillota-celebra-la-xxiii-version-del-trawun-encuentro-de-personas-interesadas-en-las-culturas-ancestrales\/","og_locale":"es_ES","og_type":"article","og_title":"Quillota celebra la XXIII versi\u00f3n del Traw\u00fcn: Encuentro de personas interesadas en las culturas ancestrales - Valpara\u00ed\u00adso Creativo","og_description":"El pr\u00f3ximo viernes 4 de julio, la Plaza Santa Teresita de Quillota ser\u00e1 el escenario de una nueva edici\u00f3n del Traw\u00fcn, encuentro cultural que en su versi\u00f3n n\u00famero XXIII invita a toda la comunidad a compartir saberes, expresiones art\u00edsticas y cosmovisiones vinculadas a las culturas ancestrales del mundo. El evento comenzar\u00e1 a las 16:00 horas [&hellip;]","og_url":"https:\/\/dev.antudigital.cl\/sites\/vc\/quillota-celebra-la-xxiii-version-del-trawun-encuentro-de-personas-interesadas-en-las-culturas-ancestrales\/","og_site_name":"Valpara\u00ed\u00adso Creativo","article_published_time":"2025-06-23T20:12:00+00:00","article_modified_time":"2025-07-11T00:14:29+00:00","og_image":[{"width":1200,"height":744,"url":"https:\/\/dev.antudigital.cl\/sites\/vc\/wp-content\/uploads\/2025\/07\/Trawunxxiii.png","type":"image\/png"}],"author":"Valpara\u00edso Creativo","twitter_card":"summary_large_image","twitter_misc":{"Escrito por":"Valpara\u00edso Creativo","Tiempo de lectura":"2 minutos"},"schema":{"@context":"https:\/\/schema.org","@graph":[{"@type":"Article","@id":"https:\/\/dev.antudigital.cl\/sites\/vc\/quillota-celebra-la-xxiii-version-del-trawun-encuentro-de-personas-interesadas-en-las-culturas-ancestrales\/#article","isPartOf":{"@id":"https:\/\/dev.antudigital.cl\/sites\/vc\/quillota-celebra-la-xxiii-version-del-trawun-encuentro-de-personas-interesadas-en-las-culturas-ancestrales\/"},"author":{"name":"Valpara\u00edso Creativo","@id":"https:\/\/dev.antudigital.cl\/sites\/vc\/#\/schema\/person\/c2b9da8dd545e27166fc5ab232837318"},"headline":"Quillota celebra la XXIII versi\u00f3n del Traw\u00fcn: Encuentro de personas interesadas en las culturas ancestrales","datePublished":"2025-06-23T20:12:00+00:00","dateModified":"2025-07-11T00:14:29+00:00","mainEntityOfPage":{"@id":"https:\/\/dev.antudigital.cl\/sites\/vc\/quillota-celebra-la-xxiii-version-del-trawun-encuentro-de-personas-interesadas-en-las-culturas-ancestrales\/"},"wordCount":346,"image":{"@id":"https:\/\/dev.antudigital.cl\/sites\/vc\/quillota-celebra-la-xxiii-version-del-trawun-encuentro-de-personas-interesadas-en-las-culturas-ancestrales\/#primaryimage"},"thumbnailUrl":"https:\/\/dev.antudigital.cl\/sites\/vc\/wp-content\/uploads\/2025\/07\/Trawunxxiii.png","articleSection":["Uncategorized"],"inLanguage":"es"},{"@type":"WebPage","@id":"https:\/\/dev.antudigital.cl\/sites\/vc\/quillota-celebra-la-xxiii-version-del-trawun-encuentro-de-personas-interesadas-en-las-culturas-ancestrales\/","url":"https:\/\/dev.antudigital.cl\/sites\/vc\/quillota-celebra-la-xxiii-version-del-trawun-encuentro-de-personas-interesadas-en-las-culturas-ancestrales\/","name":"Quillota celebra la XXIII versi\u00f3n del Traw\u00fcn: Encuentro de personas interesadas en las culturas ancestrales - Valpara\u00ed\u00adso Creativo","isPartOf":{"@id":"https:\/\/dev.antudigital.cl\/sites\/vc\/#website"},"primaryImageOfPage":{"@id":"https:\/\/dev.antudigital.cl\/sites\/vc\/quillota-celebra-la-xxiii-version-del-trawun-encuentro-de-personas-interesadas-en-las-culturas-ancestrales\/#primaryimage"},"image":{"@id":"https:\/\/dev.antudigital.cl\/sites\/vc\/quillota-celebra-la-xxiii-version-del-trawun-encuentro-de-personas-interesadas-en-las-culturas-ancestrales\/#primaryimage"},"thumbnailUrl":"https:\/\/dev.antudigital.cl\/sites\/vc\/wp-content\/uploads\/2025\/07\/Trawunxxiii.png","datePublished":"2025-06-23T20:12:00+00:00","dateModified":"2025-07-11T00:14:29+00:00","author":{"@id":"https:\/\/dev.antudigital.cl\/sites\/vc\/#\/schema\/person\/c2b9da8dd545e27166fc5ab232837318"},"breadcrumb":{"@id":"https:\/\/dev.antudigital.cl\/sites\/vc\/quillota-celebra-la-xxiii-version-del-trawun-encuentro-de-personas-interesadas-en-las-culturas-ancestrales\/#breadcrumb"},"inLanguage":"es","potentialAction":[{"@type":"ReadAction","target":["https:\/\/dev.antudigital.cl\/sites\/vc\/quillota-celebra-la-xxiii-version-del-trawun-encuentro-de-personas-interesadas-en-las-culturas-ancestrales\/"]}]},{"@type":"ImageObject","inLanguage":"es","@id":"https:\/\/dev.antudigital.cl\/sites\/vc\/quillota-celebra-la-xxiii-version-del-trawun-encuentro-de-personas-interesadas-en-las-culturas-ancestrales\/#primaryimage","url":"https:\/\/dev.antudigital.cl\/sites\/vc\/wp-content\/uploads\/2025\/07\/Trawunxxiii.png","contentUrl":"https:\/\/dev.antudigital.cl\/sites\/vc\/wp-content\/uploads\/2025\/07\/Trawunxxiii.png","width":1200,"height":744},{"@type":"BreadcrumbList","@id":"https:\/\/dev.antudigital.cl\/sites\/vc\/quillota-celebra-la-xxiii-version-del-trawun-encuentro-de-personas-interesadas-en-las-culturas-ancestrales\/#breadcrumb","itemListElement":[{"@type":"ListItem","position":1,"name":"Home","item":"https:\/\/dev.antudigital.cl\/sites\/vc\/"},{"@type":"ListItem","position":2,"name":"Quillota celebra la XXIII versi\u00f3n del Traw\u00fcn: Encuentro de personas interesadas en las culturas ancestrales"}]},{"@type":"WebSite","@id":"https:\/\/dev.antudigital.cl\/sites\/vc\/#website","url":"https:\/\/dev.antudigital.cl\/sites\/vc\/","name":"Valpara\u00ed\u00adso Creativo","description":"","potentialAction":[{"@type":"SearchAction","target":{"@type":"EntryPoint","urlTemplate":"https:\/\/dev.antudigital.cl\/sites\/vc\/?s={search_term_string}"},"query-input":{"@type":"PropertyValueSpecification","valueRequired":true,"valueName":"search_term_string"}}],"inLanguage":"es"},{"@type":"Person","@id":"https:\/\/dev.antudigital.cl\/sites\/vc\/#\/schema\/person\/c2b9da8dd545e27166fc5ab232837318","name":"Valpara\u00edso Creativo","description":"Periodista de cultura en la Regi\u00f3n de Valpara\u00edso.","url":"https:\/\/dev.antudigital.cl\/sites\/vc\/author\/valpoadmin\/"}]}},"_links":{"self":[{"href":"https:\/\/dev.antudigital.cl\/sites\/vc\/wp-json\/wp\/v2\/posts\/25296","targetHints":{"allow":["GET"]}}],"collection":[{"href":"https:\/\/dev.antudigital.cl\/sites\/vc\/wp-json\/wp\/v2\/posts"}],"about":[{"href":"https:\/\/dev.antudigital.cl\/sites\/vc\/wp-json\/wp\/v2\/types\/post"}],"author":[{"embeddable":true,"href":"https:\/\/dev.antudigital.cl\/sites\/vc\/wp-json\/wp\/v2\/users\/1"}],"replies":[{"embeddable":true,"href":"https:\/\/dev.antudigital.cl\/sites\/vc\/wp-json\/wp\/v2\/comments?post=25296"}],"version-history":[{"count":1,"href":"https:\/\/dev.antudigital.cl\/sites\/vc\/wp-json\/wp\/v2\/posts\/25296\/revisions"}],"predecessor-version":[{"id":25298,"href":"https:\/\/dev.antudigital.cl\/sites\/vc\/wp-json\/wp\/v2\/posts\/25296\/revisions\/25298"}],"wp:featuredmedia":[{"embeddable":true,"href":"https:\/\/dev.antudigital.cl\/sites\/vc\/wp-json\/wp\/v2\/media\/25297"}],"wp:attachment":[{"href":"https:\/\/dev.antudigital.cl\/sites\/vc\/wp-json\/wp\/v2\/media?parent=25296"}],"wp:term":[{"taxonomy":"category","embeddable":true,"href":"https:\/\/dev.antudigital.cl\/sites\/vc\/wp-json\/wp\/v2\/categories?post=25296"},{"taxonomy":"post_tag","embeddable":true,"href":"https:\/\/dev.antudigital.cl\/sites\/vc\/wp-json\/wp\/v2\/tags?post=25296"}],"curies":[{"name":"wp","href":"https:\/\/api.w.org\/{rel}","templated":true}]}}