{"id":25299,"date":"2025-06-23T16:05:00","date_gmt":"2025-06-23T20:05:00","guid":{"rendered":"https:\/\/www.valparaisocreativo.cl\/?p=25299"},"modified":"2025-07-10T20:17:12","modified_gmt":"2025-07-11T00:17:12","slug":"tibia-en-parque-cultural-de-valparaiso-la-escena-como-accidente","status":"publish","type":"post","link":"https:\/\/dev.antudigital.cl\/sites\/vc\/tibia-en-parque-cultural-de-valparaiso-la-escena-como-accidente\/","title":{"rendered":"TIBIA en Parque Cultural de Valpara\u00edso: la escena como accidente"},"content":{"rendered":"\n<p><strong>El pr\u00f3ximo 26 y 27 de junio a las 19h se presenta en el Parque Cultural de Valpara\u00edso <em>TIBIA<\/em>, pieza performativa que disuelve los l\u00edmites entre cuerpo y objeto, proponiendo un viaje perceptivo donde el accidente organiza la escena.<\/strong><\/p>\n\n\n\n<p>Un tubo de PVC, una plancha met\u00e1lica, dos cuerpos y una vibraci\u00f3n sonora que lo atraviesa todo. En <em>TIBIA<\/em>, lo que parece inerte cobra vida, y lo vivo se transforma en huella. La nueva obra de <strong>Cristian Reyes Montes y Crist\u00f3bal B. Corval\u00e1n<\/strong> propone un dispositivo esc\u00e9nico en constante mutaci\u00f3n, donde materiales y presencias conviven en un estado de tensi\u00f3n, desaparici\u00f3n y aparici\u00f3n permanente.<\/p>\n\n\n\n<p><strong>\u201cTIBIA es una pr\u00e1ctica performativa que construye su lenguaje a trav\u00e9s de la danza contempor\u00e1nea. Se expone un dispositivo que propone una creaci\u00f3n en vivo, donde el cuerpo interact\u00faa con diversas materialidades para construir y fracturar un imaginario en transformaci\u00f3n\u201d<\/strong>, explican sus creadores.<\/p>\n\n\n\n<p>La experiencia incluye materialidades que resaltan: tubos, placas met\u00e1licas y un paisaje sonoro que se construye en la interacci\u00f3n con los cuerpos. Los elementos no act\u00faan como escenograf\u00eda ni como objetos externos, sino como agentes activos en una coreograf\u00eda expandida. <strong>\u201cEl dispositivo es abierto, indeterminado y proliferante. Su fuerza radica en esa fluctuaci\u00f3n constante entre formas, roles y presencias\u201d<\/strong>, agregan.<\/p>\n\n\n\n<p>Uno de los principios que articulan la pieza es el accidente. Lejos de ser un imprevisto, se convierte en motor de acci\u00f3n, metodolog\u00eda y est\u00edmulo creativo. <strong>\u201cEl accidente (real)nos invit\u00f3 a habitar la incertidumbre, a exponernos al no saber qu\u00e9 va a pasar. Ese riesgo, esa falta de control, abri\u00f3 la posibilidad de que algo realmente acontezca\u201d<\/strong>, se\u00f1alan. En esa exposici\u00f3n sin garant\u00eda, los cuerpos se accidentan, se alteran, y los objetos se desbordan de sus usos previstos.<\/p>\n\n\n\n<p>El proyecto comenz\u00f3 en 2022, en el marco del ciclo <em>Proximidades Expositivas<\/em> (Buenos Aires), con un solo interpretado por Cristian Reyes bajo la direcci\u00f3n de Crist\u00f3bal B. Corval\u00e1n. Con el tiempo, la escena se transform\u00f3 en un espacio de coautor\u00eda e interpretaci\u00f3n conjunta. <strong>\u201cDecidimos duplicar esa experiencia, exponiendo dos solos en simult\u00e1neo. Desde entonces trabajamos como co-creadores e int\u00e9rpretes en conjunto\u201d<\/strong>, relatan.<\/p>\n\n\n\n<p>Esta nueva etapa, apoyada por el <strong>Fondo Nacional de Fomento y Desarrollo de las Artes Esc\u00e9nicas 2024<\/strong>, permiti\u00f3 profundizar la investigaci\u00f3n t\u00e9cnica y esc\u00e9nica, incorporando una dimensi\u00f3n sonora m\u00e1s desarrollada. <strong>\u201cEse lugar siempre estuvo presente en nuestra imaginaci\u00f3n, pero ahora se concret\u00f3 con la adquisici\u00f3n de equipamiento. El sonido se volvi\u00f3 un material m\u00e1s de la obra\u201d<\/strong>, se\u00f1alan.<\/p>\n\n\n\n<p>El equipo creativo se ampli\u00f3 para incluir a Jos\u00e9 Far\u00edas en dise\u00f1o y t\u00e9cnica, y a Roc\u00edo Rivera y Mar\u00eda Soledad Medina como asistentes coreogr\u00e1ficas. La producci\u00f3n est\u00e1 a cargo de Paula Becerra y<strong> <\/strong>la prensa a Alejandra Delgado. Cada rol ha sido clave para sostener la apertura del dispositivo esc\u00e9nico y sus m\u00faltiples posibilidades de activaci\u00f3n.<\/p>\n\n\n\n<p>El v\u00ednculo con el p\u00fablico no est\u00e1 mediado por una narrativa lineal ni por una l\u00f3gica representacional. <em>TIBIA<\/em> invita a contemplar, a dejarse afectar por la resonancia de los cuerpos y objetos. <strong>\u201cHay una provocaci\u00f3n hacia la imaginaci\u00f3n. No hay nada cerrado: cada quien puede mirar, escuchar y sentir desde un lugar distinto\u201d<\/strong>, proponen.<br><br><em>TIBIA<\/em> es una invitaci\u00f3n a sumergirse en una escena que no representa, sino que acontece. A dejar que los cuerpos se mezclen con los objetos, que el sonido cruce la materia, que el accidente produzca sentido. Y que, en esa proliferaci\u00f3n de restos, cada quien pueda reconstruir su propio mapa.<\/p>\n\n\n\n<figure class=\"wp-block-image size-large\"><img decoding=\"async\" src=\"https:\/\/www.valparaisocreativo.cl\/wp-content\/uploads\/2025\/06\/Foto-credito-Javiera-Reyes-751x1024.jpeg\" alt=\"\" class=\"wp-image-23911\"\/><\/figure>\n\n\n\n<p><strong>FUNCIONES GRATUITAS <\/strong><strong><br><\/strong><strong><br><\/strong>Mi\u00e9rcoles 26 y jueves 27 de junio \u2013 19:00 h<br>Teatro del Parque Cultural de Valpara\u00edso \u2013 Ex C\u00e1rcel<\/p>\n\n\n\n<p>S\u00e1bado 6 de julio \u2013 17:00 a 20:00 h<br>Espacio La Vitrina (Santiago)<br>Laboratorio gratuito sobre los materiales esc\u00e9nicos de la obra. Inscripci\u00f3n: lavitrinacolectivo@gmail.com<\/p>\n\n\n\n<p>Mi\u00e9rcoles 31 de julio<br>Centro Cultural Leopoldo Silva, Quillota<br>Funci\u00f3n de mediaci\u00f3n para estudiantes (ma\u00f1ana) + funci\u00f3n abierta a p\u00fablico general (tarde)<br><br><strong>TIBIA Equipo:<\/strong> CONCEPTO \/ PERFORMANCE: CRISTIAN REYES MONTES \/ CRIST\u00d3BAL B. CORVAL\u00c1N DISE\u00d1O \/ T\u00c9CNICA: JOS\u00c9 FAR\u00cdAS ASISTENCIA \/ COREOGR\u00c1FICA: ROC\u00cdO RIVERA \/ MAR\u00cdA S. MEDINA \/ PRODUCCI\u00d3N: PAULA BECERRA ARELLANO \/ PRENSA: ALEJANDRA DELGADO<\/p>\n","protected":false},"excerpt":{"rendered":"<p>El pr\u00f3ximo 26 y 27 de junio a las 19h se presenta en el Parque Cultural de Valpara\u00edso TIBIA, pieza performativa que disuelve los l\u00edmites entre cuerpo y objeto, proponiendo un viaje perceptivo donde el accidente organiza la escena. Un tubo de PVC, una plancha met\u00e1lica, dos cuerpos y una vibraci\u00f3n sonora que lo atraviesa [&hellip;]<\/p>\n","protected":false},"author":1,"featured_media":25300,"comment_status":"closed","ping_status":"closed","sticky":false,"template":"","format":"standard","meta":{"_acf_changed":false,"footnotes":""},"categories":[1],"tags":[],"class_list":["post-25299","post","type-post","status-publish","format-standard","has-post-thumbnail","hentry","category-uncategorized"],"acf":[],"yoast_head":"<!-- This site is optimized with the Yoast SEO plugin v27.1.1 - https:\/\/yoast.com\/product\/yoast-seo-wordpress\/ -->\n<title>TIBIA en Parque Cultural de Valpara\u00edso: la escena como accidente - Valpara\u00ed\u00adso Creativo<\/title>\n<meta name=\"robots\" content=\"index, follow, max-snippet:-1, max-image-preview:large, max-video-preview:-1\" \/>\n<link rel=\"canonical\" href=\"https:\/\/dev.antudigital.cl\/sites\/vc\/tibia-en-parque-cultural-de-valparaiso-la-escena-como-accidente\/\" \/>\n<meta property=\"og:locale\" content=\"es_ES\" \/>\n<meta property=\"og:type\" content=\"article\" \/>\n<meta property=\"og:title\" content=\"TIBIA en Parque Cultural de Valpara\u00edso: la escena como accidente - Valpara\u00ed\u00adso Creativo\" \/>\n<meta property=\"og:description\" content=\"El pr\u00f3ximo 26 y 27 de junio a las 19h se presenta en el Parque Cultural de Valpara\u00edso TIBIA, pieza performativa que disuelve los l\u00edmites entre cuerpo y objeto, proponiendo un viaje perceptivo donde el accidente organiza la escena. Un tubo de PVC, una plancha met\u00e1lica, dos cuerpos y una vibraci\u00f3n sonora que lo atraviesa [&hellip;]\" \/>\n<meta property=\"og:url\" content=\"https:\/\/dev.antudigital.cl\/sites\/vc\/tibia-en-parque-cultural-de-valparaiso-la-escena-como-accidente\/\" \/>\n<meta property=\"og:site_name\" content=\"Valpara\u00ed\u00adso Creativo\" \/>\n<meta property=\"article:published_time\" content=\"2025-06-23T20:05:00+00:00\" \/>\n<meta property=\"article:modified_time\" content=\"2025-07-11T00:17:12+00:00\" \/>\n<meta property=\"og:image\" content=\"https:\/\/dev.antudigital.cl\/sites\/vc\/wp-content\/uploads\/2025\/07\/Tibia.png\" \/>\n\t<meta property=\"og:image:width\" content=\"1200\" \/>\n\t<meta property=\"og:image:height\" content=\"664\" \/>\n\t<meta property=\"og:image:type\" content=\"image\/png\" \/>\n<meta name=\"author\" content=\"Valpara\u00edso Creativo\" \/>\n<meta name=\"twitter:card\" content=\"summary_large_image\" \/>\n<meta name=\"twitter:label1\" content=\"Escrito por\" \/>\n\t<meta name=\"twitter:data1\" content=\"Valpara\u00edso Creativo\" \/>\n\t<meta name=\"twitter:label2\" content=\"Tiempo de lectura\" \/>\n\t<meta name=\"twitter:data2\" content=\"4 minutos\" \/>\n<script type=\"application\/ld+json\" class=\"yoast-schema-graph\">{\"@context\":\"https:\/\/schema.org\",\"@graph\":[{\"@type\":\"Article\",\"@id\":\"https:\/\/dev.antudigital.cl\/sites\/vc\/tibia-en-parque-cultural-de-valparaiso-la-escena-como-accidente\/#article\",\"isPartOf\":{\"@id\":\"https:\/\/dev.antudigital.cl\/sites\/vc\/tibia-en-parque-cultural-de-valparaiso-la-escena-como-accidente\/\"},\"author\":{\"name\":\"Valpara\u00edso Creativo\",\"@id\":\"https:\/\/dev.antudigital.cl\/sites\/vc\/#\/schema\/person\/c2b9da8dd545e27166fc5ab232837318\"},\"headline\":\"TIBIA en Parque Cultural de Valpara\u00edso: la escena como accidente\",\"datePublished\":\"2025-06-23T20:05:00+00:00\",\"dateModified\":\"2025-07-11T00:17:12+00:00\",\"mainEntityOfPage\":{\"@id\":\"https:\/\/dev.antudigital.cl\/sites\/vc\/tibia-en-parque-cultural-de-valparaiso-la-escena-como-accidente\/\"},\"wordCount\":740,\"image\":{\"@id\":\"https:\/\/dev.antudigital.cl\/sites\/vc\/tibia-en-parque-cultural-de-valparaiso-la-escena-como-accidente\/#primaryimage\"},\"thumbnailUrl\":\"https:\/\/dev.antudigital.cl\/sites\/vc\/wp-content\/uploads\/2025\/07\/Tibia.png\",\"articleSection\":[\"Uncategorized\"],\"inLanguage\":\"es\"},{\"@type\":\"WebPage\",\"@id\":\"https:\/\/dev.antudigital.cl\/sites\/vc\/tibia-en-parque-cultural-de-valparaiso-la-escena-como-accidente\/\",\"url\":\"https:\/\/dev.antudigital.cl\/sites\/vc\/tibia-en-parque-cultural-de-valparaiso-la-escena-como-accidente\/\",\"name\":\"TIBIA en Parque Cultural de Valpara\u00edso: la escena como accidente - Valpara\u00ed\u00adso Creativo\",\"isPartOf\":{\"@id\":\"https:\/\/dev.antudigital.cl\/sites\/vc\/#website\"},\"primaryImageOfPage\":{\"@id\":\"https:\/\/dev.antudigital.cl\/sites\/vc\/tibia-en-parque-cultural-de-valparaiso-la-escena-como-accidente\/#primaryimage\"},\"image\":{\"@id\":\"https:\/\/dev.antudigital.cl\/sites\/vc\/tibia-en-parque-cultural-de-valparaiso-la-escena-como-accidente\/#primaryimage\"},\"thumbnailUrl\":\"https:\/\/dev.antudigital.cl\/sites\/vc\/wp-content\/uploads\/2025\/07\/Tibia.png\",\"datePublished\":\"2025-06-23T20:05:00+00:00\",\"dateModified\":\"2025-07-11T00:17:12+00:00\",\"author\":{\"@id\":\"https:\/\/dev.antudigital.cl\/sites\/vc\/#\/schema\/person\/c2b9da8dd545e27166fc5ab232837318\"},\"breadcrumb\":{\"@id\":\"https:\/\/dev.antudigital.cl\/sites\/vc\/tibia-en-parque-cultural-de-valparaiso-la-escena-como-accidente\/#breadcrumb\"},\"inLanguage\":\"es\",\"potentialAction\":[{\"@type\":\"ReadAction\",\"target\":[\"https:\/\/dev.antudigital.cl\/sites\/vc\/tibia-en-parque-cultural-de-valparaiso-la-escena-como-accidente\/\"]}]},{\"@type\":\"ImageObject\",\"inLanguage\":\"es\",\"@id\":\"https:\/\/dev.antudigital.cl\/sites\/vc\/tibia-en-parque-cultural-de-valparaiso-la-escena-como-accidente\/#primaryimage\",\"url\":\"https:\/\/dev.antudigital.cl\/sites\/vc\/wp-content\/uploads\/2025\/07\/Tibia.png\",\"contentUrl\":\"https:\/\/dev.antudigital.cl\/sites\/vc\/wp-content\/uploads\/2025\/07\/Tibia.png\",\"width\":1200,\"height\":664},{\"@type\":\"BreadcrumbList\",\"@id\":\"https:\/\/dev.antudigital.cl\/sites\/vc\/tibia-en-parque-cultural-de-valparaiso-la-escena-como-accidente\/#breadcrumb\",\"itemListElement\":[{\"@type\":\"ListItem\",\"position\":1,\"name\":\"Home\",\"item\":\"https:\/\/dev.antudigital.cl\/sites\/vc\/\"},{\"@type\":\"ListItem\",\"position\":2,\"name\":\"TIBIA en Parque Cultural de Valpara\u00edso: la escena como accidente\"}]},{\"@type\":\"WebSite\",\"@id\":\"https:\/\/dev.antudigital.cl\/sites\/vc\/#website\",\"url\":\"https:\/\/dev.antudigital.cl\/sites\/vc\/\",\"name\":\"Valpara\u00ed\u00adso Creativo\",\"description\":\"\",\"potentialAction\":[{\"@type\":\"SearchAction\",\"target\":{\"@type\":\"EntryPoint\",\"urlTemplate\":\"https:\/\/dev.antudigital.cl\/sites\/vc\/?s={search_term_string}\"},\"query-input\":{\"@type\":\"PropertyValueSpecification\",\"valueRequired\":true,\"valueName\":\"search_term_string\"}}],\"inLanguage\":\"es\"},{\"@type\":\"Person\",\"@id\":\"https:\/\/dev.antudigital.cl\/sites\/vc\/#\/schema\/person\/c2b9da8dd545e27166fc5ab232837318\",\"name\":\"Valpara\u00edso Creativo\",\"description\":\"Periodista de cultura en la Regi\u00f3n de Valpara\u00edso.\",\"url\":\"https:\/\/dev.antudigital.cl\/sites\/vc\/author\/valpoadmin\/\"}]}<\/script>\n<!-- \/ Yoast SEO plugin. -->","yoast_head_json":{"title":"TIBIA en Parque Cultural de Valpara\u00edso: la escena como accidente - Valpara\u00ed\u00adso Creativo","robots":{"index":"index","follow":"follow","max-snippet":"max-snippet:-1","max-image-preview":"max-image-preview:large","max-video-preview":"max-video-preview:-1"},"canonical":"https:\/\/dev.antudigital.cl\/sites\/vc\/tibia-en-parque-cultural-de-valparaiso-la-escena-como-accidente\/","og_locale":"es_ES","og_type":"article","og_title":"TIBIA en Parque Cultural de Valpara\u00edso: la escena como accidente - Valpara\u00ed\u00adso Creativo","og_description":"El pr\u00f3ximo 26 y 27 de junio a las 19h se presenta en el Parque Cultural de Valpara\u00edso TIBIA, pieza performativa que disuelve los l\u00edmites entre cuerpo y objeto, proponiendo un viaje perceptivo donde el accidente organiza la escena. Un tubo de PVC, una plancha met\u00e1lica, dos cuerpos y una vibraci\u00f3n sonora que lo atraviesa [&hellip;]","og_url":"https:\/\/dev.antudigital.cl\/sites\/vc\/tibia-en-parque-cultural-de-valparaiso-la-escena-como-accidente\/","og_site_name":"Valpara\u00ed\u00adso Creativo","article_published_time":"2025-06-23T20:05:00+00:00","article_modified_time":"2025-07-11T00:17:12+00:00","og_image":[{"width":1200,"height":664,"url":"https:\/\/dev.antudigital.cl\/sites\/vc\/wp-content\/uploads\/2025\/07\/Tibia.png","type":"image\/png"}],"author":"Valpara\u00edso Creativo","twitter_card":"summary_large_image","twitter_misc":{"Escrito por":"Valpara\u00edso Creativo","Tiempo de lectura":"4 minutos"},"schema":{"@context":"https:\/\/schema.org","@graph":[{"@type":"Article","@id":"https:\/\/dev.antudigital.cl\/sites\/vc\/tibia-en-parque-cultural-de-valparaiso-la-escena-como-accidente\/#article","isPartOf":{"@id":"https:\/\/dev.antudigital.cl\/sites\/vc\/tibia-en-parque-cultural-de-valparaiso-la-escena-como-accidente\/"},"author":{"name":"Valpara\u00edso Creativo","@id":"https:\/\/dev.antudigital.cl\/sites\/vc\/#\/schema\/person\/c2b9da8dd545e27166fc5ab232837318"},"headline":"TIBIA en Parque Cultural de Valpara\u00edso: la escena como accidente","datePublished":"2025-06-23T20:05:00+00:00","dateModified":"2025-07-11T00:17:12+00:00","mainEntityOfPage":{"@id":"https:\/\/dev.antudigital.cl\/sites\/vc\/tibia-en-parque-cultural-de-valparaiso-la-escena-como-accidente\/"},"wordCount":740,"image":{"@id":"https:\/\/dev.antudigital.cl\/sites\/vc\/tibia-en-parque-cultural-de-valparaiso-la-escena-como-accidente\/#primaryimage"},"thumbnailUrl":"https:\/\/dev.antudigital.cl\/sites\/vc\/wp-content\/uploads\/2025\/07\/Tibia.png","articleSection":["Uncategorized"],"inLanguage":"es"},{"@type":"WebPage","@id":"https:\/\/dev.antudigital.cl\/sites\/vc\/tibia-en-parque-cultural-de-valparaiso-la-escena-como-accidente\/","url":"https:\/\/dev.antudigital.cl\/sites\/vc\/tibia-en-parque-cultural-de-valparaiso-la-escena-como-accidente\/","name":"TIBIA en Parque Cultural de Valpara\u00edso: la escena como accidente - Valpara\u00ed\u00adso Creativo","isPartOf":{"@id":"https:\/\/dev.antudigital.cl\/sites\/vc\/#website"},"primaryImageOfPage":{"@id":"https:\/\/dev.antudigital.cl\/sites\/vc\/tibia-en-parque-cultural-de-valparaiso-la-escena-como-accidente\/#primaryimage"},"image":{"@id":"https:\/\/dev.antudigital.cl\/sites\/vc\/tibia-en-parque-cultural-de-valparaiso-la-escena-como-accidente\/#primaryimage"},"thumbnailUrl":"https:\/\/dev.antudigital.cl\/sites\/vc\/wp-content\/uploads\/2025\/07\/Tibia.png","datePublished":"2025-06-23T20:05:00+00:00","dateModified":"2025-07-11T00:17:12+00:00","author":{"@id":"https:\/\/dev.antudigital.cl\/sites\/vc\/#\/schema\/person\/c2b9da8dd545e27166fc5ab232837318"},"breadcrumb":{"@id":"https:\/\/dev.antudigital.cl\/sites\/vc\/tibia-en-parque-cultural-de-valparaiso-la-escena-como-accidente\/#breadcrumb"},"inLanguage":"es","potentialAction":[{"@type":"ReadAction","target":["https:\/\/dev.antudigital.cl\/sites\/vc\/tibia-en-parque-cultural-de-valparaiso-la-escena-como-accidente\/"]}]},{"@type":"ImageObject","inLanguage":"es","@id":"https:\/\/dev.antudigital.cl\/sites\/vc\/tibia-en-parque-cultural-de-valparaiso-la-escena-como-accidente\/#primaryimage","url":"https:\/\/dev.antudigital.cl\/sites\/vc\/wp-content\/uploads\/2025\/07\/Tibia.png","contentUrl":"https:\/\/dev.antudigital.cl\/sites\/vc\/wp-content\/uploads\/2025\/07\/Tibia.png","width":1200,"height":664},{"@type":"BreadcrumbList","@id":"https:\/\/dev.antudigital.cl\/sites\/vc\/tibia-en-parque-cultural-de-valparaiso-la-escena-como-accidente\/#breadcrumb","itemListElement":[{"@type":"ListItem","position":1,"name":"Home","item":"https:\/\/dev.antudigital.cl\/sites\/vc\/"},{"@type":"ListItem","position":2,"name":"TIBIA en Parque Cultural de Valpara\u00edso: la escena como accidente"}]},{"@type":"WebSite","@id":"https:\/\/dev.antudigital.cl\/sites\/vc\/#website","url":"https:\/\/dev.antudigital.cl\/sites\/vc\/","name":"Valpara\u00ed\u00adso Creativo","description":"","potentialAction":[{"@type":"SearchAction","target":{"@type":"EntryPoint","urlTemplate":"https:\/\/dev.antudigital.cl\/sites\/vc\/?s={search_term_string}"},"query-input":{"@type":"PropertyValueSpecification","valueRequired":true,"valueName":"search_term_string"}}],"inLanguage":"es"},{"@type":"Person","@id":"https:\/\/dev.antudigital.cl\/sites\/vc\/#\/schema\/person\/c2b9da8dd545e27166fc5ab232837318","name":"Valpara\u00edso Creativo","description":"Periodista de cultura en la Regi\u00f3n de Valpara\u00edso.","url":"https:\/\/dev.antudigital.cl\/sites\/vc\/author\/valpoadmin\/"}]}},"_links":{"self":[{"href":"https:\/\/dev.antudigital.cl\/sites\/vc\/wp-json\/wp\/v2\/posts\/25299","targetHints":{"allow":["GET"]}}],"collection":[{"href":"https:\/\/dev.antudigital.cl\/sites\/vc\/wp-json\/wp\/v2\/posts"}],"about":[{"href":"https:\/\/dev.antudigital.cl\/sites\/vc\/wp-json\/wp\/v2\/types\/post"}],"author":[{"embeddable":true,"href":"https:\/\/dev.antudigital.cl\/sites\/vc\/wp-json\/wp\/v2\/users\/1"}],"replies":[{"embeddable":true,"href":"https:\/\/dev.antudigital.cl\/sites\/vc\/wp-json\/wp\/v2\/comments?post=25299"}],"version-history":[{"count":1,"href":"https:\/\/dev.antudigital.cl\/sites\/vc\/wp-json\/wp\/v2\/posts\/25299\/revisions"}],"predecessor-version":[{"id":25301,"href":"https:\/\/dev.antudigital.cl\/sites\/vc\/wp-json\/wp\/v2\/posts\/25299\/revisions\/25301"}],"wp:featuredmedia":[{"embeddable":true,"href":"https:\/\/dev.antudigital.cl\/sites\/vc\/wp-json\/wp\/v2\/media\/25300"}],"wp:attachment":[{"href":"https:\/\/dev.antudigital.cl\/sites\/vc\/wp-json\/wp\/v2\/media?parent=25299"}],"wp:term":[{"taxonomy":"category","embeddable":true,"href":"https:\/\/dev.antudigital.cl\/sites\/vc\/wp-json\/wp\/v2\/categories?post=25299"},{"taxonomy":"post_tag","embeddable":true,"href":"https:\/\/dev.antudigital.cl\/sites\/vc\/wp-json\/wp\/v2\/tags?post=25299"}],"curies":[{"name":"wp","href":"https:\/\/api.w.org\/{rel}","templated":true}]}}