{"id":25302,"date":"2025-06-23T15:57:00","date_gmt":"2025-06-23T19:57:00","guid":{"rendered":"https:\/\/www.valparaisocreativo.cl\/?p=25302"},"modified":"2025-07-10T20:19:44","modified_gmt":"2025-07-11T00:19:44","slug":"la-nave-de-los-locos-y-loconas-un-viaje-bufonesco-y-subversivo-con-dramaturgia-de-andres-del-bosque-llega-al-escenario","status":"publish","type":"post","link":"https:\/\/dev.antudigital.cl\/sites\/vc\/la-nave-de-los-locos-y-loconas-un-viaje-bufonesco-y-subversivo-con-dramaturgia-de-andres-del-bosque-llega-al-escenario\/","title":{"rendered":"La Nave de los locos y locOnas: un viaje bufonesco y subversivo con dramaturgia de Andr\u00e9s Del Bosque llega al escenario"},"content":{"rendered":"\n<p>La obra, que cuenta con financiamiento del Fondo de Artes Esc\u00e9nicas 2025, se presentar\u00e1 al p\u00fablico este 28 de junio en Carpa Azul, el 3 de julio en el Parque Cultural de Valpara\u00edso y&nbsp; el 5 de julio en la Carpa Saltimbanqui de San Antonio.<\/p>\n\n\n\n<p>Inspirada en los zool\u00f3gicos humanos del siglo XIX, esta obra da voz a quienes fueron silenciados y transforma la risa en resistencia (Risastencia).<\/p>\n\n\n\n<p>El pr\u00f3ximo s\u00e1bado 28 de junio a las 19:00 hrs. se realizar\u00e1 el estreno de La Nave de los locos y LocOnas en la Carpa Azul, ubicada en Santa In\u00e9s #38, cerro Bar\u00f3n.&nbsp; La m\u00e1s reciente creaci\u00f3n del director, actor y dramaturgo <strong>Andr\u00e9s Del Bosque<\/strong>, creador de \u201cLas 7 vidas del Tony Caluga\u201d. En esta obra, desde el lenguaje del buf\u00f3n, entrelaza historia, memoria y s\u00e1tira para proponer una lectura transformadora de los cuerpos excluidos y perseguidos por la historia oficial. Esta iniciativa, que cuenta con financiamiento del Fondo de Artes Esc\u00e9nicas 2025, tendr\u00e1 m\u00e1s funciones el jueves 3 de julio (19:00 hrs.) en el Parque Cultural de Valpara\u00edso y el 5 de julio (19:00 hrs.) en la Carpa Saltimbanqui de San Antonio.&nbsp;<\/p>\n\n\n\n<p>El montaje propone un cruce in\u00e9dito entre la figura arquet\u00edpica del loco, el payaso y el excluido, y la brutal historia de los <strong>zool\u00f3gicos humanos<\/strong> que existieron desde el siglo XIX hasta bien entrado el siglo XX. A trav\u00e9s de un trabajo que dialoga con las <strong>comunidades Selk\u2019nam<\/strong> y recoge su memoria viva, la obra se construye como un acto esc\u00e9nico que, en palabras de su director, rompe el dogma de la extinci\u00f3n.<\/p>\n\n\n\n<p>El proyecto nace de una reflexi\u00f3n profunda sobre la historia de los rituales populares europeos, como la fiesta de los locos o el festum stultorum, celebraciones carnavalescas donde el orden se invert\u00eda y el buf\u00f3n, el marginal o el hereje ocupaba por un d\u00eda el lugar del poder. \u201cLa sociedad como conjunto produc\u00eda una liberaci\u00f3n para ver el mundo al rev\u00e9s, para poder imaginar otro mundo posible, no vivir solamente con la fatalidad de un destino que no se puede cambiar, sino que reconocer algo que es esencial y vital, que es la metamorfosis\u201d, afirma Andr\u00e9s Del Bosque.&nbsp;<\/p>\n\n\n\n<p>Esa mirada, inspirada tambi\u00e9n por autores como Humberto Maturana y Michel Foucault, se transforma en la premisa de una creaci\u00f3n teatral que busca restituir dignidad a lo diverso, a lo monstruoso, a lo que ha sido hist\u00f3ricamente arrojado fuera de los m\u00e1rgenes.<\/p>\n\n\n\n<p>La obra toma su t\u00edtulo de <em>La nave de los locos<\/em>, un c\u00e9lebre poema sat\u00edrico escrito por <strong>Sebastian Brant<\/strong> en 1494. Este texto fue un fen\u00f3meno editorial en su \u00e9poca. En \u00e9l, Brant imagina una barcaza repleta de necios que navegan sin rumbo hacia Narragonia, la tierra de los locos, en una s\u00e1tira de la corrupci\u00f3n social y espiritual de su tiempo. Pero m\u00e1s all\u00e1 de la ficci\u00f3n, esta \u201cnave\u201d tiene un correlato hist\u00f3rico: se documenta que durante siglos en Europa se expulsaba de las ciudades a personas consideradas indeseables \u2014locos, prostitutas, herejes, homosexuales, artistas\u2014 embarc\u00e1ndolas en naves sin destino, condenadas a una errancia perpetua. \u201cEse gesto fundacional \u2014expulsar lo que no se comprende\u2014 es el mismo que recorre la historia colonial latinoamericana\u201d, dice Del Bosque. \u201cEs el mismo que llev\u00f3 a confinar, exterminar o ridiculizar a los pueblos originarios.\u201d<\/p>\n\n\n\n<p>Desde ese marco, el montaje establece una conexi\u00f3n directa con los <strong>zool\u00f3gicos humanos<\/strong>, pr\u00e1ctica racista que alcanz\u00f3 su auge entre los siglos XIX y XX, y que consist\u00eda en la captura, traslado y exhibici\u00f3n p\u00fablica de personas ind\u00edgenas de \u00c1frica, Asia y Am\u00e9rica Latina como parte de muestras etnogr\u00e1ficas, circos y ferias universales. En 1889, durante la conmemoraci\u00f3n de la Revoluci\u00f3n Francesa, fueron llevados a Par\u00eds once ind\u00edgenas: primero Kaw\u00e9sqar, luego Mapuche y finalmente Selk\u2019nam. Fueron exhibidos como parte del espect\u00e1culo colonial. En el mismo periodo, expediciones como las de <strong>Carl Hagenbeck&nbsp; Julius Popper y Maurice Ma\u00eetre<\/strong> participaron activamente en esta maquinaria de deshumanizaci\u00f3n.<\/p>\n\n\n\n<p>\u201cLa historia que nos contaron es que los Selk\u2019nam se extinguieron. Pero eso no es cierto. No se extinguieron, se transformaron, se cruzaron, se reinventaron. Y nosotros recogemos esa paradoja y la llevamos al escenario: en esta obra, son ellos quienes traen de vuelta, en jaulas, a quienes los capturaron. Es un acto de justicia po\u00e9tica, pero tambi\u00e9n de risa bufonesca. Porque lo hacemos desde el humor, desde el absurdo, desde el mundo del clown\u201d, explica Del Bosque.<\/p>\n\n\n\n<p>El concepto del <strong>Wetiko<\/strong> cobra especial relevancia, es una figura tomada de la espiritualidad de los pueblos algonquinos de Norteam\u00e9rica: un can\u00edbal espiritual, un ser que ha perdido su empat\u00eda y consume a otros por codicia. \u201cEl Wetiko no es un mito del pasado. Es una imagen del presente. El Wetiko es el colonizador que se alimenta de los cuerpos, de las tierras, de la cultura del otro. Es el empresario que convierte pueblos en recursos. En nuestra obra, mostramos a los verdaderos b\u00e1rbaros como can\u00edbales modernos. No los ind\u00edgenas, como nos hicieron creer. Sino los civilizados, los colonizadores\u201d, se\u00f1ala el director.<\/p>\n\n\n\n<p>La creaci\u00f3n de la obra fue un proceso de investigaci\u00f3n esc\u00e9nica colectiva, apoyada por representantes de la comunidad Selk\u2019nam, como Jos\u00e9 Luis Vasquez Chogue, para abordar elementos como la ceremonia de Hain. La obra prescinde de un gui\u00f3n tradicional y se construye desde el juego, la improvisaci\u00f3n y la musicalidad del habla. Se utilizan d\u00e9cimas espinelas, verso pareado y octos\u00edlabo, junto a cantos populares. \u201cComo dec\u00eda Nicanor Parra, el verso nos une, la prosa nos divide. Nosotros apostamos por ese lenguaje sonoro, ancestral, que conecta con algo m\u00e1s profundo que el discurso\u201d, se\u00f1ala Del Bosque.<\/p>\n\n\n\n<figure class=\"wp-block-image size-large\"><img decoding=\"async\" src=\"https:\/\/www.valparaisocreativo.cl\/wp-content\/uploads\/2025\/06\/La-nave-de-los-locos-y-locOnas-1-1024x682.jpeg\" alt=\"\" class=\"wp-image-23907\"\/><\/figure>\n\n\n\n<p>El elenco est\u00e1 compuesto por artistas con formaci\u00f3n en circo, teatro f\u00edsico y t\u00e9cnicas bufonescas, en Valpara\u00edso. En escena, los int\u00e9rpretes encarnan figuras como Carl Achenbach, Julius Popper, Madame Behety o Jos\u00e9 Men\u00e9ndez, \u201crey de la Patagonia\u201d, y los enfrentan a los esp\u00edritus metamorfoseados de quienes un d\u00eda fueron tratados como objetos. Son los cuerpos pintados, los sobrevivientes, los que ahora narran.<\/p>\n\n\n\n<p>Tras cada funci\u00f3n, se realizar\u00e1 una <strong>mediaci\u00f3n con el p\u00fablico<\/strong>, facilitando espacios de di\u00e1logo y reflexi\u00f3n. \u201cQueremos provocar risa, pero tambi\u00e9n sorpresa y distancia cr\u00edtica. Que el p\u00fablico se pregunte c\u00f3mo hemos construido la historia, qu\u00e9 voces se han silenciado y por qu\u00e9\u201d, afirma el director.&nbsp;<\/p>\n\n\n\n<p>Las funciones ser\u00e1n <strong>gratuitas con aporte voluntario<\/strong>. El estreno est\u00e1 programado para el s\u00e1bado <strong>28 de junio (19:00 hrs.) en la Carpa Azul <\/strong>ubicada en Santa In\u00e9s #38, cerro Bar\u00f3n, el <strong>3 de julio <\/strong>se realizar\u00e1 una funci\u00f3n para p\u00fablico general (19:00 hrs.) en el <strong>Parque Cultural de Valpara\u00edso<\/strong> y el <strong>5 de julio (19:00 hrs.) en la Carpa Saltimbanqui de San Antonio<\/strong>.<\/p>\n\n\n\n<p><\/p>\n","protected":false},"excerpt":{"rendered":"<p>La obra, que cuenta con financiamiento del Fondo de Artes Esc\u00e9nicas 2025, se presentar\u00e1 al p\u00fablico este 28 de junio en Carpa Azul, el 3 de julio en el Parque Cultural de Valpara\u00edso y&nbsp; el 5 de julio en la Carpa Saltimbanqui de San Antonio. Inspirada en los zool\u00f3gicos humanos del siglo XIX, esta obra [&hellip;]<\/p>\n","protected":false},"author":1,"featured_media":25303,"comment_status":"closed","ping_status":"closed","sticky":false,"template":"","format":"standard","meta":{"_acf_changed":false,"footnotes":""},"categories":[1],"tags":[],"class_list":["post-25302","post","type-post","status-publish","format-standard","has-post-thumbnail","hentry","category-uncategorized"],"acf":[],"yoast_head":"<!-- This site is optimized with the Yoast SEO plugin v27.1.1 - https:\/\/yoast.com\/product\/yoast-seo-wordpress\/ -->\n<title>La Nave de los locos y locOnas: un viaje bufonesco y subversivo con dramaturgia de Andr\u00e9s Del Bosque llega al escenario - Valpara\u00ed\u00adso Creativo<\/title>\n<meta name=\"robots\" content=\"index, follow, max-snippet:-1, max-image-preview:large, max-video-preview:-1\" \/>\n<link rel=\"canonical\" href=\"https:\/\/dev.antudigital.cl\/sites\/vc\/la-nave-de-los-locos-y-loconas-un-viaje-bufonesco-y-subversivo-con-dramaturgia-de-andres-del-bosque-llega-al-escenario\/\" \/>\n<meta property=\"og:locale\" content=\"es_ES\" \/>\n<meta property=\"og:type\" content=\"article\" \/>\n<meta property=\"og:title\" content=\"La Nave de los locos y locOnas: un viaje bufonesco y subversivo con dramaturgia de Andr\u00e9s Del Bosque llega al escenario - Valpara\u00ed\u00adso Creativo\" \/>\n<meta property=\"og:description\" content=\"La obra, que cuenta con financiamiento del Fondo de Artes Esc\u00e9nicas 2025, se presentar\u00e1 al p\u00fablico este 28 de junio en Carpa Azul, el 3 de julio en el Parque Cultural de Valpara\u00edso y&nbsp; el 5 de julio en la Carpa Saltimbanqui de San Antonio. Inspirada en los zool\u00f3gicos humanos del siglo XIX, esta obra [&hellip;]\" \/>\n<meta property=\"og:url\" content=\"https:\/\/dev.antudigital.cl\/sites\/vc\/la-nave-de-los-locos-y-loconas-un-viaje-bufonesco-y-subversivo-con-dramaturgia-de-andres-del-bosque-llega-al-escenario\/\" \/>\n<meta property=\"og:site_name\" content=\"Valpara\u00ed\u00adso Creativo\" \/>\n<meta property=\"article:published_time\" content=\"2025-06-23T19:57:00+00:00\" \/>\n<meta property=\"article:modified_time\" content=\"2025-07-11T00:19:44+00:00\" \/>\n<meta property=\"og:image\" content=\"https:\/\/dev.antudigital.cl\/sites\/vc\/wp-content\/uploads\/2025\/07\/La-nave-de-los-locos-y-locOnas-2-scaled-1.jpg\" \/>\n\t<meta property=\"og:image:width\" content=\"2560\" \/>\n\t<meta property=\"og:image:height\" content=\"1707\" \/>\n\t<meta property=\"og:image:type\" content=\"image\/jpeg\" \/>\n<meta name=\"author\" content=\"Valpara\u00edso Creativo\" \/>\n<meta name=\"twitter:card\" content=\"summary_large_image\" \/>\n<meta name=\"twitter:label1\" content=\"Escrito por\" \/>\n\t<meta name=\"twitter:data1\" content=\"Valpara\u00edso Creativo\" \/>\n\t<meta name=\"twitter:label2\" content=\"Tiempo de lectura\" \/>\n\t<meta name=\"twitter:data2\" content=\"6 minutos\" \/>\n<script type=\"application\/ld+json\" class=\"yoast-schema-graph\">{\"@context\":\"https:\/\/schema.org\",\"@graph\":[{\"@type\":\"Article\",\"@id\":\"https:\/\/dev.antudigital.cl\/sites\/vc\/la-nave-de-los-locos-y-loconas-un-viaje-bufonesco-y-subversivo-con-dramaturgia-de-andres-del-bosque-llega-al-escenario\/#article\",\"isPartOf\":{\"@id\":\"https:\/\/dev.antudigital.cl\/sites\/vc\/la-nave-de-los-locos-y-loconas-un-viaje-bufonesco-y-subversivo-con-dramaturgia-de-andres-del-bosque-llega-al-escenario\/\"},\"author\":{\"name\":\"Valpara\u00edso Creativo\",\"@id\":\"https:\/\/dev.antudigital.cl\/sites\/vc\/#\/schema\/person\/c2b9da8dd545e27166fc5ab232837318\"},\"headline\":\"La Nave de los locos y locOnas: un viaje bufonesco y subversivo con dramaturgia de Andr\u00e9s Del Bosque llega al escenario\",\"datePublished\":\"2025-06-23T19:57:00+00:00\",\"dateModified\":\"2025-07-11T00:19:44+00:00\",\"mainEntityOfPage\":{\"@id\":\"https:\/\/dev.antudigital.cl\/sites\/vc\/la-nave-de-los-locos-y-loconas-un-viaje-bufonesco-y-subversivo-con-dramaturgia-de-andres-del-bosque-llega-al-escenario\/\"},\"wordCount\":1208,\"image\":{\"@id\":\"https:\/\/dev.antudigital.cl\/sites\/vc\/la-nave-de-los-locos-y-loconas-un-viaje-bufonesco-y-subversivo-con-dramaturgia-de-andres-del-bosque-llega-al-escenario\/#primaryimage\"},\"thumbnailUrl\":\"https:\/\/dev.antudigital.cl\/sites\/vc\/wp-content\/uploads\/2025\/07\/La-nave-de-los-locos-y-locOnas-2-scaled-1.jpg\",\"articleSection\":[\"Uncategorized\"],\"inLanguage\":\"es\"},{\"@type\":\"WebPage\",\"@id\":\"https:\/\/dev.antudigital.cl\/sites\/vc\/la-nave-de-los-locos-y-loconas-un-viaje-bufonesco-y-subversivo-con-dramaturgia-de-andres-del-bosque-llega-al-escenario\/\",\"url\":\"https:\/\/dev.antudigital.cl\/sites\/vc\/la-nave-de-los-locos-y-loconas-un-viaje-bufonesco-y-subversivo-con-dramaturgia-de-andres-del-bosque-llega-al-escenario\/\",\"name\":\"La Nave de los locos y locOnas: un viaje bufonesco y subversivo con dramaturgia de Andr\u00e9s Del Bosque llega al escenario - Valpara\u00ed\u00adso Creativo\",\"isPartOf\":{\"@id\":\"https:\/\/dev.antudigital.cl\/sites\/vc\/#website\"},\"primaryImageOfPage\":{\"@id\":\"https:\/\/dev.antudigital.cl\/sites\/vc\/la-nave-de-los-locos-y-loconas-un-viaje-bufonesco-y-subversivo-con-dramaturgia-de-andres-del-bosque-llega-al-escenario\/#primaryimage\"},\"image\":{\"@id\":\"https:\/\/dev.antudigital.cl\/sites\/vc\/la-nave-de-los-locos-y-loconas-un-viaje-bufonesco-y-subversivo-con-dramaturgia-de-andres-del-bosque-llega-al-escenario\/#primaryimage\"},\"thumbnailUrl\":\"https:\/\/dev.antudigital.cl\/sites\/vc\/wp-content\/uploads\/2025\/07\/La-nave-de-los-locos-y-locOnas-2-scaled-1.jpg\",\"datePublished\":\"2025-06-23T19:57:00+00:00\",\"dateModified\":\"2025-07-11T00:19:44+00:00\",\"author\":{\"@id\":\"https:\/\/dev.antudigital.cl\/sites\/vc\/#\/schema\/person\/c2b9da8dd545e27166fc5ab232837318\"},\"breadcrumb\":{\"@id\":\"https:\/\/dev.antudigital.cl\/sites\/vc\/la-nave-de-los-locos-y-loconas-un-viaje-bufonesco-y-subversivo-con-dramaturgia-de-andres-del-bosque-llega-al-escenario\/#breadcrumb\"},\"inLanguage\":\"es\",\"potentialAction\":[{\"@type\":\"ReadAction\",\"target\":[\"https:\/\/dev.antudigital.cl\/sites\/vc\/la-nave-de-los-locos-y-loconas-un-viaje-bufonesco-y-subversivo-con-dramaturgia-de-andres-del-bosque-llega-al-escenario\/\"]}]},{\"@type\":\"ImageObject\",\"inLanguage\":\"es\",\"@id\":\"https:\/\/dev.antudigital.cl\/sites\/vc\/la-nave-de-los-locos-y-loconas-un-viaje-bufonesco-y-subversivo-con-dramaturgia-de-andres-del-bosque-llega-al-escenario\/#primaryimage\",\"url\":\"https:\/\/dev.antudigital.cl\/sites\/vc\/wp-content\/uploads\/2025\/07\/La-nave-de-los-locos-y-locOnas-2-scaled-1.jpg\",\"contentUrl\":\"https:\/\/dev.antudigital.cl\/sites\/vc\/wp-content\/uploads\/2025\/07\/La-nave-de-los-locos-y-locOnas-2-scaled-1.jpg\",\"width\":2560,\"height\":1707},{\"@type\":\"BreadcrumbList\",\"@id\":\"https:\/\/dev.antudigital.cl\/sites\/vc\/la-nave-de-los-locos-y-loconas-un-viaje-bufonesco-y-subversivo-con-dramaturgia-de-andres-del-bosque-llega-al-escenario\/#breadcrumb\",\"itemListElement\":[{\"@type\":\"ListItem\",\"position\":1,\"name\":\"Home\",\"item\":\"https:\/\/dev.antudigital.cl\/sites\/vc\/\"},{\"@type\":\"ListItem\",\"position\":2,\"name\":\"La Nave de los locos y locOnas: un viaje bufonesco y subversivo con dramaturgia de Andr\u00e9s Del Bosque llega al escenario\"}]},{\"@type\":\"WebSite\",\"@id\":\"https:\/\/dev.antudigital.cl\/sites\/vc\/#website\",\"url\":\"https:\/\/dev.antudigital.cl\/sites\/vc\/\",\"name\":\"Valpara\u00ed\u00adso Creativo\",\"description\":\"\",\"potentialAction\":[{\"@type\":\"SearchAction\",\"target\":{\"@type\":\"EntryPoint\",\"urlTemplate\":\"https:\/\/dev.antudigital.cl\/sites\/vc\/?s={search_term_string}\"},\"query-input\":{\"@type\":\"PropertyValueSpecification\",\"valueRequired\":true,\"valueName\":\"search_term_string\"}}],\"inLanguage\":\"es\"},{\"@type\":\"Person\",\"@id\":\"https:\/\/dev.antudigital.cl\/sites\/vc\/#\/schema\/person\/c2b9da8dd545e27166fc5ab232837318\",\"name\":\"Valpara\u00edso Creativo\",\"description\":\"Periodista de cultura en la Regi\u00f3n de Valpara\u00edso.\",\"url\":\"https:\/\/dev.antudigital.cl\/sites\/vc\/author\/valpoadmin\/\"}]}<\/script>\n<!-- \/ Yoast SEO plugin. -->","yoast_head_json":{"title":"La Nave de los locos y locOnas: un viaje bufonesco y subversivo con dramaturgia de Andr\u00e9s Del Bosque llega al escenario - Valpara\u00ed\u00adso Creativo","robots":{"index":"index","follow":"follow","max-snippet":"max-snippet:-1","max-image-preview":"max-image-preview:large","max-video-preview":"max-video-preview:-1"},"canonical":"https:\/\/dev.antudigital.cl\/sites\/vc\/la-nave-de-los-locos-y-loconas-un-viaje-bufonesco-y-subversivo-con-dramaturgia-de-andres-del-bosque-llega-al-escenario\/","og_locale":"es_ES","og_type":"article","og_title":"La Nave de los locos y locOnas: un viaje bufonesco y subversivo con dramaturgia de Andr\u00e9s Del Bosque llega al escenario - Valpara\u00ed\u00adso Creativo","og_description":"La obra, que cuenta con financiamiento del Fondo de Artes Esc\u00e9nicas 2025, se presentar\u00e1 al p\u00fablico este 28 de junio en Carpa Azul, el 3 de julio en el Parque Cultural de Valpara\u00edso y&nbsp; el 5 de julio en la Carpa Saltimbanqui de San Antonio. Inspirada en los zool\u00f3gicos humanos del siglo XIX, esta obra [&hellip;]","og_url":"https:\/\/dev.antudigital.cl\/sites\/vc\/la-nave-de-los-locos-y-loconas-un-viaje-bufonesco-y-subversivo-con-dramaturgia-de-andres-del-bosque-llega-al-escenario\/","og_site_name":"Valpara\u00ed\u00adso Creativo","article_published_time":"2025-06-23T19:57:00+00:00","article_modified_time":"2025-07-11T00:19:44+00:00","og_image":[{"width":2560,"height":1707,"url":"https:\/\/dev.antudigital.cl\/sites\/vc\/wp-content\/uploads\/2025\/07\/La-nave-de-los-locos-y-locOnas-2-scaled-1.jpg","type":"image\/jpeg"}],"author":"Valpara\u00edso Creativo","twitter_card":"summary_large_image","twitter_misc":{"Escrito por":"Valpara\u00edso Creativo","Tiempo de lectura":"6 minutos"},"schema":{"@context":"https:\/\/schema.org","@graph":[{"@type":"Article","@id":"https:\/\/dev.antudigital.cl\/sites\/vc\/la-nave-de-los-locos-y-loconas-un-viaje-bufonesco-y-subversivo-con-dramaturgia-de-andres-del-bosque-llega-al-escenario\/#article","isPartOf":{"@id":"https:\/\/dev.antudigital.cl\/sites\/vc\/la-nave-de-los-locos-y-loconas-un-viaje-bufonesco-y-subversivo-con-dramaturgia-de-andres-del-bosque-llega-al-escenario\/"},"author":{"name":"Valpara\u00edso Creativo","@id":"https:\/\/dev.antudigital.cl\/sites\/vc\/#\/schema\/person\/c2b9da8dd545e27166fc5ab232837318"},"headline":"La Nave de los locos y locOnas: un viaje bufonesco y subversivo con dramaturgia de Andr\u00e9s Del Bosque llega al escenario","datePublished":"2025-06-23T19:57:00+00:00","dateModified":"2025-07-11T00:19:44+00:00","mainEntityOfPage":{"@id":"https:\/\/dev.antudigital.cl\/sites\/vc\/la-nave-de-los-locos-y-loconas-un-viaje-bufonesco-y-subversivo-con-dramaturgia-de-andres-del-bosque-llega-al-escenario\/"},"wordCount":1208,"image":{"@id":"https:\/\/dev.antudigital.cl\/sites\/vc\/la-nave-de-los-locos-y-loconas-un-viaje-bufonesco-y-subversivo-con-dramaturgia-de-andres-del-bosque-llega-al-escenario\/#primaryimage"},"thumbnailUrl":"https:\/\/dev.antudigital.cl\/sites\/vc\/wp-content\/uploads\/2025\/07\/La-nave-de-los-locos-y-locOnas-2-scaled-1.jpg","articleSection":["Uncategorized"],"inLanguage":"es"},{"@type":"WebPage","@id":"https:\/\/dev.antudigital.cl\/sites\/vc\/la-nave-de-los-locos-y-loconas-un-viaje-bufonesco-y-subversivo-con-dramaturgia-de-andres-del-bosque-llega-al-escenario\/","url":"https:\/\/dev.antudigital.cl\/sites\/vc\/la-nave-de-los-locos-y-loconas-un-viaje-bufonesco-y-subversivo-con-dramaturgia-de-andres-del-bosque-llega-al-escenario\/","name":"La Nave de los locos y locOnas: un viaje bufonesco y subversivo con dramaturgia de Andr\u00e9s Del Bosque llega al escenario - Valpara\u00ed\u00adso Creativo","isPartOf":{"@id":"https:\/\/dev.antudigital.cl\/sites\/vc\/#website"},"primaryImageOfPage":{"@id":"https:\/\/dev.antudigital.cl\/sites\/vc\/la-nave-de-los-locos-y-loconas-un-viaje-bufonesco-y-subversivo-con-dramaturgia-de-andres-del-bosque-llega-al-escenario\/#primaryimage"},"image":{"@id":"https:\/\/dev.antudigital.cl\/sites\/vc\/la-nave-de-los-locos-y-loconas-un-viaje-bufonesco-y-subversivo-con-dramaturgia-de-andres-del-bosque-llega-al-escenario\/#primaryimage"},"thumbnailUrl":"https:\/\/dev.antudigital.cl\/sites\/vc\/wp-content\/uploads\/2025\/07\/La-nave-de-los-locos-y-locOnas-2-scaled-1.jpg","datePublished":"2025-06-23T19:57:00+00:00","dateModified":"2025-07-11T00:19:44+00:00","author":{"@id":"https:\/\/dev.antudigital.cl\/sites\/vc\/#\/schema\/person\/c2b9da8dd545e27166fc5ab232837318"},"breadcrumb":{"@id":"https:\/\/dev.antudigital.cl\/sites\/vc\/la-nave-de-los-locos-y-loconas-un-viaje-bufonesco-y-subversivo-con-dramaturgia-de-andres-del-bosque-llega-al-escenario\/#breadcrumb"},"inLanguage":"es","potentialAction":[{"@type":"ReadAction","target":["https:\/\/dev.antudigital.cl\/sites\/vc\/la-nave-de-los-locos-y-loconas-un-viaje-bufonesco-y-subversivo-con-dramaturgia-de-andres-del-bosque-llega-al-escenario\/"]}]},{"@type":"ImageObject","inLanguage":"es","@id":"https:\/\/dev.antudigital.cl\/sites\/vc\/la-nave-de-los-locos-y-loconas-un-viaje-bufonesco-y-subversivo-con-dramaturgia-de-andres-del-bosque-llega-al-escenario\/#primaryimage","url":"https:\/\/dev.antudigital.cl\/sites\/vc\/wp-content\/uploads\/2025\/07\/La-nave-de-los-locos-y-locOnas-2-scaled-1.jpg","contentUrl":"https:\/\/dev.antudigital.cl\/sites\/vc\/wp-content\/uploads\/2025\/07\/La-nave-de-los-locos-y-locOnas-2-scaled-1.jpg","width":2560,"height":1707},{"@type":"BreadcrumbList","@id":"https:\/\/dev.antudigital.cl\/sites\/vc\/la-nave-de-los-locos-y-loconas-un-viaje-bufonesco-y-subversivo-con-dramaturgia-de-andres-del-bosque-llega-al-escenario\/#breadcrumb","itemListElement":[{"@type":"ListItem","position":1,"name":"Home","item":"https:\/\/dev.antudigital.cl\/sites\/vc\/"},{"@type":"ListItem","position":2,"name":"La Nave de los locos y locOnas: un viaje bufonesco y subversivo con dramaturgia de Andr\u00e9s Del Bosque llega al escenario"}]},{"@type":"WebSite","@id":"https:\/\/dev.antudigital.cl\/sites\/vc\/#website","url":"https:\/\/dev.antudigital.cl\/sites\/vc\/","name":"Valpara\u00ed\u00adso Creativo","description":"","potentialAction":[{"@type":"SearchAction","target":{"@type":"EntryPoint","urlTemplate":"https:\/\/dev.antudigital.cl\/sites\/vc\/?s={search_term_string}"},"query-input":{"@type":"PropertyValueSpecification","valueRequired":true,"valueName":"search_term_string"}}],"inLanguage":"es"},{"@type":"Person","@id":"https:\/\/dev.antudigital.cl\/sites\/vc\/#\/schema\/person\/c2b9da8dd545e27166fc5ab232837318","name":"Valpara\u00edso Creativo","description":"Periodista de cultura en la Regi\u00f3n de Valpara\u00edso.","url":"https:\/\/dev.antudigital.cl\/sites\/vc\/author\/valpoadmin\/"}]}},"_links":{"self":[{"href":"https:\/\/dev.antudigital.cl\/sites\/vc\/wp-json\/wp\/v2\/posts\/25302","targetHints":{"allow":["GET"]}}],"collection":[{"href":"https:\/\/dev.antudigital.cl\/sites\/vc\/wp-json\/wp\/v2\/posts"}],"about":[{"href":"https:\/\/dev.antudigital.cl\/sites\/vc\/wp-json\/wp\/v2\/types\/post"}],"author":[{"embeddable":true,"href":"https:\/\/dev.antudigital.cl\/sites\/vc\/wp-json\/wp\/v2\/users\/1"}],"replies":[{"embeddable":true,"href":"https:\/\/dev.antudigital.cl\/sites\/vc\/wp-json\/wp\/v2\/comments?post=25302"}],"version-history":[{"count":1,"href":"https:\/\/dev.antudigital.cl\/sites\/vc\/wp-json\/wp\/v2\/posts\/25302\/revisions"}],"predecessor-version":[{"id":25304,"href":"https:\/\/dev.antudigital.cl\/sites\/vc\/wp-json\/wp\/v2\/posts\/25302\/revisions\/25304"}],"wp:featuredmedia":[{"embeddable":true,"href":"https:\/\/dev.antudigital.cl\/sites\/vc\/wp-json\/wp\/v2\/media\/25303"}],"wp:attachment":[{"href":"https:\/\/dev.antudigital.cl\/sites\/vc\/wp-json\/wp\/v2\/media?parent=25302"}],"wp:term":[{"taxonomy":"category","embeddable":true,"href":"https:\/\/dev.antudigital.cl\/sites\/vc\/wp-json\/wp\/v2\/categories?post=25302"},{"taxonomy":"post_tag","embeddable":true,"href":"https:\/\/dev.antudigital.cl\/sites\/vc\/wp-json\/wp\/v2\/tags?post=25302"}],"curies":[{"name":"wp","href":"https:\/\/api.w.org\/{rel}","templated":true}]}}