{"id":25305,"date":"2025-06-23T15:50:00","date_gmt":"2025-06-23T19:50:00","guid":{"rendered":"https:\/\/www.valparaisocreativo.cl\/?p=25305"},"modified":"2025-07-10T20:21:44","modified_gmt":"2025-07-11T00:21:44","slug":"vacaciones-creativas-con-multiples-talleres-y-actividades-en-artequin-vina-del-mar","status":"publish","type":"post","link":"https:\/\/dev.antudigital.cl\/sites\/vc\/vacaciones-creativas-con-multiples-talleres-y-actividades-en-artequin-vina-del-mar\/","title":{"rendered":"Vacaciones creativas con m\u00faltiples talleres y actividades en Artequin Vi\u00f1a del Mar"},"content":{"rendered":"\n<p><em>Durante dos semanas el museo est\u00e1 ofreciendo una amplia y variada programaci\u00f3n educativa para que ni\u00f1os, ni\u00f1as y preadolescentes aprendan jugando a trav\u00e9s del arte<\/em><\/p>\n\n\n\n<p>Con una completa programaci\u00f3n de talleres educativos y actividades l\u00fadicas, Artequin Vi\u00f1a del Mar invita a las familias de la quinta regi\u00f3n a disfrutar de las vacaciones de invierno en el Parque Quinta Vergara. Entre el 23 de junio y el 6 de julio, se realizar\u00e1n m\u00e1s de 40 actividades, con especial foco en talleres que estimulan la creatividad y la imaginaci\u00f3n de ni\u00f1eces y preadolescentes.<\/p>\n\n\n\n<p>Durante este periodo, el museo abrir\u00e1 de lunes a viernes entre 09:00 y 17:00 horas, y fines de semana y feriados de 10:00 a 18:00 horas. Las actividades est\u00e1n organizadas por rangos etarios y tem\u00e1ticas de inter\u00e9s, e incluyen talleres para beb\u00e9s desde 1 a\u00f1o hasta ni\u00f1os y ni\u00f1as de 10 a\u00f1os. Las inscripciones se realizan en la recepci\u00f3n del museo y tienen el valor de la entrada general.<\/p>\n\n\n\n<p>La programaci\u00f3n contempla experiencias educativas, talleres de creaci\u00f3n art\u00edstica con enfoque en medioambiente, diversidad e historia del arte, adem\u00e1s de actividades de entretenci\u00f3n como cuentacuentos, shows de t\u00edteres y espect\u00e1culos de magia.&nbsp;<\/p>\n\n\n\n<p><strong>\u201cPeques en acci\u00f3n\u201d: Arte y juego para la primera infancia.<\/strong><strong><br><\/strong>Talleres sensoriales y art\u00edsticos dirigidos a ni\u00f1as y ni\u00f1os entre los 1 a 3 a\u00f1os. A trav\u00e9s de tres propuestas (Mi peque\u00f1o refugio, Descubriendo los colores y Luces y sombras) se explora el arte a trav\u00e9s de los sentidos, fomentando la curiosidad mediante el juego.<\/p>\n\n\n\n<p><strong>Talleres Aprendices (3 a 5 a\u00f1os): Teatro y personificaci\u00f3n.<\/strong><strong><br><\/strong>Del 30 de junio al 6 de julio, ni\u00f1as y ni\u00f1os exploran el teatro y la expresi\u00f3n corporal creando personajes, m\u00e1scaras y t\u00edteres inspirados en las obras del museo.<\/p>\n\n\n\n<p><strong>Talleres Aprendices (6 a 10 a\u00f1os): Recorrido por el museo y creaci\u00f3n de obras.<\/strong><strong><br><\/strong>Del 20 al 29 de junio, ni\u00f1as y ni\u00f1os recorren el museo observando sus obras para luego aprender t\u00e9cnicas art\u00edsticas relacionadas con la escultura, la pintura y la exploraci\u00f3n sensorial en el parque. Con la Tarjeta de Aprendices se pude acceder a descuentos para participar durante m\u00e1s d\u00edas.&nbsp;<\/p>\n\n\n\n<p><strong>\u201cTalleres en patota\u201d: Actividades para disfrutar con amistades en familia.<\/strong><strong><br><\/strong>Durante todos los d\u00edas de vacaciones, se realizar\u00e1n talleres grupales para ni\u00f1eces mayores de 4 a\u00f1os y 7 a\u00f1os, dependiendo de la tem\u00e1tica, con siete propuestas diferentes para compartir y explorar en comunidad.&nbsp;<\/p>\n\n\n\n<p><strong>\u201cTaller en calma\u201d: Una experiencia calmada.<\/strong><strong><br><\/strong>En el marco de Museo en Calma, este espacio est\u00e1 orientado a personas neurodivergentes mayores de 7 a\u00f1os, a trav\u00e9s de un encuentro con el arte desde la pausa y la atenci\u00f3n plena, trabajando con formas, colores y materiales en un ambiente seguro y acompa\u00f1ado.&nbsp;<\/p>\n\n\n\n<p><strong>Cuentacuentos, t\u00edteres y teatro. <\/strong><strong><br><\/strong>Esta programaci\u00f3n esc\u00e9nica ampl\u00eda la experiencia educativa, invitando a las familias a disfrutar de la creaci\u00f3n de personajes y relatos que estimulan la imaginaci\u00f3n a trav\u00e9s de cuentacuentos, espect\u00e1culos de t\u00edteres y presentaciones teatrales.&nbsp;<\/p>\n\n\n\n<p>El museo Artequin Vi\u00f1a del Mar invita a que estas experiencias art\u00edsticas fomenten el desarrollo integral, la creatividad y el encuentro entre las infancias dentro de un entorno amigable.&nbsp;<\/p>\n\n\n\n<p><em>El programa completo y los valores de cada actividad se encuentran disponibles en el sitio web y redes sociales del museo.&nbsp;<\/em><\/p>\n\n\n\n<p><br><strong>Museo Artequin Vi\u00f1a del Mar<\/strong><\/p>\n\n\n\n<p><em>Alcalde Prieto Nieto 500, interior Parque Quinta Vergara<\/em><em><br><\/em><\/p>\n\n\n\n<p><strong>Del viernes 20 de junio al domingo 6 de julio<\/strong><strong><br><\/strong>Lunes a viernes de 09:00 a 17:00 hrs&nbsp;<\/p>\n\n\n\n<p>fines de semana y feriados de 10:00 a 18:00 hrs<\/p>\n\n\n\n<p><strong>M\u00e1s informaci\u00f3n en<\/strong><a href=\"http:\/\/www.artequinvina.cl\">&nbsp;www.artequinvina.cl<\/a> e IG @artequinvina<\/p>\n","protected":false},"excerpt":{"rendered":"<p>Durante dos semanas el museo est\u00e1 ofreciendo una amplia y variada programaci\u00f3n educativa para que ni\u00f1os, ni\u00f1as y preadolescentes aprendan jugando a trav\u00e9s del arte Con una completa programaci\u00f3n de talleres educativos y actividades l\u00fadicas, Artequin Vi\u00f1a del Mar invita a las familias de la quinta regi\u00f3n a disfrutar de las vacaciones de invierno en [&hellip;]<\/p>\n","protected":false},"author":1,"featured_media":25306,"comment_status":"closed","ping_status":"closed","sticky":false,"template":"","format":"standard","meta":{"_acf_changed":false,"footnotes":""},"categories":[1],"tags":[],"class_list":["post-25305","post","type-post","status-publish","format-standard","has-post-thumbnail","hentry","category-uncategorized"],"acf":[],"yoast_head":"<!-- This site is optimized with the Yoast SEO plugin v27.1.1 - https:\/\/yoast.com\/product\/yoast-seo-wordpress\/ -->\n<title>Vacaciones creativas con m\u00faltiples talleres y actividades en Artequin Vi\u00f1a del Mar - Valpara\u00ed\u00adso Creativo<\/title>\n<meta name=\"robots\" content=\"index, follow, max-snippet:-1, max-image-preview:large, max-video-preview:-1\" \/>\n<link rel=\"canonical\" href=\"https:\/\/dev.antudigital.cl\/sites\/vc\/vacaciones-creativas-con-multiples-talleres-y-actividades-en-artequin-vina-del-mar\/\" \/>\n<meta property=\"og:locale\" content=\"es_ES\" \/>\n<meta property=\"og:type\" content=\"article\" \/>\n<meta property=\"og:title\" content=\"Vacaciones creativas con m\u00faltiples talleres y actividades en Artequin Vi\u00f1a del Mar - Valpara\u00ed\u00adso Creativo\" \/>\n<meta property=\"og:description\" content=\"Durante dos semanas el museo est\u00e1 ofreciendo una amplia y variada programaci\u00f3n educativa para que ni\u00f1os, ni\u00f1as y preadolescentes aprendan jugando a trav\u00e9s del arte Con una completa programaci\u00f3n de talleres educativos y actividades l\u00fadicas, Artequin Vi\u00f1a del Mar invita a las familias de la quinta regi\u00f3n a disfrutar de las vacaciones de invierno en [&hellip;]\" \/>\n<meta property=\"og:url\" content=\"https:\/\/dev.antudigital.cl\/sites\/vc\/vacaciones-creativas-con-multiples-talleres-y-actividades-en-artequin-vina-del-mar\/\" \/>\n<meta property=\"og:site_name\" content=\"Valpara\u00ed\u00adso Creativo\" \/>\n<meta property=\"article:published_time\" content=\"2025-06-23T19:50:00+00:00\" \/>\n<meta property=\"article:modified_time\" content=\"2025-07-11T00:21:44+00:00\" \/>\n<meta property=\"og:image\" content=\"https:\/\/dev.antudigital.cl\/sites\/vc\/wp-content\/uploads\/2025\/07\/MG_6261.jpg\" \/>\n\t<meta property=\"og:image:width\" content=\"1620\" \/>\n\t<meta property=\"og:image:height\" content=\"1080\" \/>\n\t<meta property=\"og:image:type\" content=\"image\/jpeg\" \/>\n<meta name=\"author\" content=\"Valpara\u00edso Creativo\" \/>\n<meta name=\"twitter:card\" content=\"summary_large_image\" \/>\n<meta name=\"twitter:label1\" content=\"Escrito por\" \/>\n\t<meta name=\"twitter:data1\" content=\"Valpara\u00edso Creativo\" \/>\n\t<meta name=\"twitter:label2\" content=\"Tiempo de lectura\" \/>\n\t<meta name=\"twitter:data2\" content=\"3 minutos\" \/>\n<script type=\"application\/ld+json\" class=\"yoast-schema-graph\">{\"@context\":\"https:\/\/schema.org\",\"@graph\":[{\"@type\":\"Article\",\"@id\":\"https:\/\/dev.antudigital.cl\/sites\/vc\/vacaciones-creativas-con-multiples-talleres-y-actividades-en-artequin-vina-del-mar\/#article\",\"isPartOf\":{\"@id\":\"https:\/\/dev.antudigital.cl\/sites\/vc\/vacaciones-creativas-con-multiples-talleres-y-actividades-en-artequin-vina-del-mar\/\"},\"author\":{\"name\":\"Valpara\u00edso Creativo\",\"@id\":\"https:\/\/dev.antudigital.cl\/sites\/vc\/#\/schema\/person\/c2b9da8dd545e27166fc5ab232837318\"},\"headline\":\"Vacaciones creativas con m\u00faltiples talleres y actividades en Artequin Vi\u00f1a del Mar\",\"datePublished\":\"2025-06-23T19:50:00+00:00\",\"dateModified\":\"2025-07-11T00:21:44+00:00\",\"mainEntityOfPage\":{\"@id\":\"https:\/\/dev.antudigital.cl\/sites\/vc\/vacaciones-creativas-con-multiples-talleres-y-actividades-en-artequin-vina-del-mar\/\"},\"wordCount\":649,\"image\":{\"@id\":\"https:\/\/dev.antudigital.cl\/sites\/vc\/vacaciones-creativas-con-multiples-talleres-y-actividades-en-artequin-vina-del-mar\/#primaryimage\"},\"thumbnailUrl\":\"https:\/\/dev.antudigital.cl\/sites\/vc\/wp-content\/uploads\/2025\/07\/MG_6261.jpg\",\"articleSection\":[\"Uncategorized\"],\"inLanguage\":\"es\"},{\"@type\":\"WebPage\",\"@id\":\"https:\/\/dev.antudigital.cl\/sites\/vc\/vacaciones-creativas-con-multiples-talleres-y-actividades-en-artequin-vina-del-mar\/\",\"url\":\"https:\/\/dev.antudigital.cl\/sites\/vc\/vacaciones-creativas-con-multiples-talleres-y-actividades-en-artequin-vina-del-mar\/\",\"name\":\"Vacaciones creativas con m\u00faltiples talleres y actividades en Artequin Vi\u00f1a del Mar - Valpara\u00ed\u00adso Creativo\",\"isPartOf\":{\"@id\":\"https:\/\/dev.antudigital.cl\/sites\/vc\/#website\"},\"primaryImageOfPage\":{\"@id\":\"https:\/\/dev.antudigital.cl\/sites\/vc\/vacaciones-creativas-con-multiples-talleres-y-actividades-en-artequin-vina-del-mar\/#primaryimage\"},\"image\":{\"@id\":\"https:\/\/dev.antudigital.cl\/sites\/vc\/vacaciones-creativas-con-multiples-talleres-y-actividades-en-artequin-vina-del-mar\/#primaryimage\"},\"thumbnailUrl\":\"https:\/\/dev.antudigital.cl\/sites\/vc\/wp-content\/uploads\/2025\/07\/MG_6261.jpg\",\"datePublished\":\"2025-06-23T19:50:00+00:00\",\"dateModified\":\"2025-07-11T00:21:44+00:00\",\"author\":{\"@id\":\"https:\/\/dev.antudigital.cl\/sites\/vc\/#\/schema\/person\/c2b9da8dd545e27166fc5ab232837318\"},\"breadcrumb\":{\"@id\":\"https:\/\/dev.antudigital.cl\/sites\/vc\/vacaciones-creativas-con-multiples-talleres-y-actividades-en-artequin-vina-del-mar\/#breadcrumb\"},\"inLanguage\":\"es\",\"potentialAction\":[{\"@type\":\"ReadAction\",\"target\":[\"https:\/\/dev.antudigital.cl\/sites\/vc\/vacaciones-creativas-con-multiples-talleres-y-actividades-en-artequin-vina-del-mar\/\"]}]},{\"@type\":\"ImageObject\",\"inLanguage\":\"es\",\"@id\":\"https:\/\/dev.antudigital.cl\/sites\/vc\/vacaciones-creativas-con-multiples-talleres-y-actividades-en-artequin-vina-del-mar\/#primaryimage\",\"url\":\"https:\/\/dev.antudigital.cl\/sites\/vc\/wp-content\/uploads\/2025\/07\/MG_6261.jpg\",\"contentUrl\":\"https:\/\/dev.antudigital.cl\/sites\/vc\/wp-content\/uploads\/2025\/07\/MG_6261.jpg\",\"width\":1620,\"height\":1080},{\"@type\":\"BreadcrumbList\",\"@id\":\"https:\/\/dev.antudigital.cl\/sites\/vc\/vacaciones-creativas-con-multiples-talleres-y-actividades-en-artequin-vina-del-mar\/#breadcrumb\",\"itemListElement\":[{\"@type\":\"ListItem\",\"position\":1,\"name\":\"Home\",\"item\":\"https:\/\/dev.antudigital.cl\/sites\/vc\/\"},{\"@type\":\"ListItem\",\"position\":2,\"name\":\"Vacaciones creativas con m\u00faltiples talleres y actividades en Artequin Vi\u00f1a del Mar\"}]},{\"@type\":\"WebSite\",\"@id\":\"https:\/\/dev.antudigital.cl\/sites\/vc\/#website\",\"url\":\"https:\/\/dev.antudigital.cl\/sites\/vc\/\",\"name\":\"Valpara\u00ed\u00adso Creativo\",\"description\":\"\",\"potentialAction\":[{\"@type\":\"SearchAction\",\"target\":{\"@type\":\"EntryPoint\",\"urlTemplate\":\"https:\/\/dev.antudigital.cl\/sites\/vc\/?s={search_term_string}\"},\"query-input\":{\"@type\":\"PropertyValueSpecification\",\"valueRequired\":true,\"valueName\":\"search_term_string\"}}],\"inLanguage\":\"es\"},{\"@type\":\"Person\",\"@id\":\"https:\/\/dev.antudigital.cl\/sites\/vc\/#\/schema\/person\/c2b9da8dd545e27166fc5ab232837318\",\"name\":\"Valpara\u00edso Creativo\",\"description\":\"Periodista de cultura en la Regi\u00f3n de Valpara\u00edso.\",\"url\":\"https:\/\/dev.antudigital.cl\/sites\/vc\/author\/valpoadmin\/\"}]}<\/script>\n<!-- \/ Yoast SEO plugin. -->","yoast_head_json":{"title":"Vacaciones creativas con m\u00faltiples talleres y actividades en Artequin Vi\u00f1a del Mar - Valpara\u00ed\u00adso Creativo","robots":{"index":"index","follow":"follow","max-snippet":"max-snippet:-1","max-image-preview":"max-image-preview:large","max-video-preview":"max-video-preview:-1"},"canonical":"https:\/\/dev.antudigital.cl\/sites\/vc\/vacaciones-creativas-con-multiples-talleres-y-actividades-en-artequin-vina-del-mar\/","og_locale":"es_ES","og_type":"article","og_title":"Vacaciones creativas con m\u00faltiples talleres y actividades en Artequin Vi\u00f1a del Mar - Valpara\u00ed\u00adso Creativo","og_description":"Durante dos semanas el museo est\u00e1 ofreciendo una amplia y variada programaci\u00f3n educativa para que ni\u00f1os, ni\u00f1as y preadolescentes aprendan jugando a trav\u00e9s del arte Con una completa programaci\u00f3n de talleres educativos y actividades l\u00fadicas, Artequin Vi\u00f1a del Mar invita a las familias de la quinta regi\u00f3n a disfrutar de las vacaciones de invierno en [&hellip;]","og_url":"https:\/\/dev.antudigital.cl\/sites\/vc\/vacaciones-creativas-con-multiples-talleres-y-actividades-en-artequin-vina-del-mar\/","og_site_name":"Valpara\u00ed\u00adso Creativo","article_published_time":"2025-06-23T19:50:00+00:00","article_modified_time":"2025-07-11T00:21:44+00:00","og_image":[{"width":1620,"height":1080,"url":"https:\/\/dev.antudigital.cl\/sites\/vc\/wp-content\/uploads\/2025\/07\/MG_6261.jpg","type":"image\/jpeg"}],"author":"Valpara\u00edso Creativo","twitter_card":"summary_large_image","twitter_misc":{"Escrito por":"Valpara\u00edso Creativo","Tiempo de lectura":"3 minutos"},"schema":{"@context":"https:\/\/schema.org","@graph":[{"@type":"Article","@id":"https:\/\/dev.antudigital.cl\/sites\/vc\/vacaciones-creativas-con-multiples-talleres-y-actividades-en-artequin-vina-del-mar\/#article","isPartOf":{"@id":"https:\/\/dev.antudigital.cl\/sites\/vc\/vacaciones-creativas-con-multiples-talleres-y-actividades-en-artequin-vina-del-mar\/"},"author":{"name":"Valpara\u00edso Creativo","@id":"https:\/\/dev.antudigital.cl\/sites\/vc\/#\/schema\/person\/c2b9da8dd545e27166fc5ab232837318"},"headline":"Vacaciones creativas con m\u00faltiples talleres y actividades en Artequin Vi\u00f1a del Mar","datePublished":"2025-06-23T19:50:00+00:00","dateModified":"2025-07-11T00:21:44+00:00","mainEntityOfPage":{"@id":"https:\/\/dev.antudigital.cl\/sites\/vc\/vacaciones-creativas-con-multiples-talleres-y-actividades-en-artequin-vina-del-mar\/"},"wordCount":649,"image":{"@id":"https:\/\/dev.antudigital.cl\/sites\/vc\/vacaciones-creativas-con-multiples-talleres-y-actividades-en-artequin-vina-del-mar\/#primaryimage"},"thumbnailUrl":"https:\/\/dev.antudigital.cl\/sites\/vc\/wp-content\/uploads\/2025\/07\/MG_6261.jpg","articleSection":["Uncategorized"],"inLanguage":"es"},{"@type":"WebPage","@id":"https:\/\/dev.antudigital.cl\/sites\/vc\/vacaciones-creativas-con-multiples-talleres-y-actividades-en-artequin-vina-del-mar\/","url":"https:\/\/dev.antudigital.cl\/sites\/vc\/vacaciones-creativas-con-multiples-talleres-y-actividades-en-artequin-vina-del-mar\/","name":"Vacaciones creativas con m\u00faltiples talleres y actividades en Artequin Vi\u00f1a del Mar - Valpara\u00ed\u00adso Creativo","isPartOf":{"@id":"https:\/\/dev.antudigital.cl\/sites\/vc\/#website"},"primaryImageOfPage":{"@id":"https:\/\/dev.antudigital.cl\/sites\/vc\/vacaciones-creativas-con-multiples-talleres-y-actividades-en-artequin-vina-del-mar\/#primaryimage"},"image":{"@id":"https:\/\/dev.antudigital.cl\/sites\/vc\/vacaciones-creativas-con-multiples-talleres-y-actividades-en-artequin-vina-del-mar\/#primaryimage"},"thumbnailUrl":"https:\/\/dev.antudigital.cl\/sites\/vc\/wp-content\/uploads\/2025\/07\/MG_6261.jpg","datePublished":"2025-06-23T19:50:00+00:00","dateModified":"2025-07-11T00:21:44+00:00","author":{"@id":"https:\/\/dev.antudigital.cl\/sites\/vc\/#\/schema\/person\/c2b9da8dd545e27166fc5ab232837318"},"breadcrumb":{"@id":"https:\/\/dev.antudigital.cl\/sites\/vc\/vacaciones-creativas-con-multiples-talleres-y-actividades-en-artequin-vina-del-mar\/#breadcrumb"},"inLanguage":"es","potentialAction":[{"@type":"ReadAction","target":["https:\/\/dev.antudigital.cl\/sites\/vc\/vacaciones-creativas-con-multiples-talleres-y-actividades-en-artequin-vina-del-mar\/"]}]},{"@type":"ImageObject","inLanguage":"es","@id":"https:\/\/dev.antudigital.cl\/sites\/vc\/vacaciones-creativas-con-multiples-talleres-y-actividades-en-artequin-vina-del-mar\/#primaryimage","url":"https:\/\/dev.antudigital.cl\/sites\/vc\/wp-content\/uploads\/2025\/07\/MG_6261.jpg","contentUrl":"https:\/\/dev.antudigital.cl\/sites\/vc\/wp-content\/uploads\/2025\/07\/MG_6261.jpg","width":1620,"height":1080},{"@type":"BreadcrumbList","@id":"https:\/\/dev.antudigital.cl\/sites\/vc\/vacaciones-creativas-con-multiples-talleres-y-actividades-en-artequin-vina-del-mar\/#breadcrumb","itemListElement":[{"@type":"ListItem","position":1,"name":"Home","item":"https:\/\/dev.antudigital.cl\/sites\/vc\/"},{"@type":"ListItem","position":2,"name":"Vacaciones creativas con m\u00faltiples talleres y actividades en Artequin Vi\u00f1a del Mar"}]},{"@type":"WebSite","@id":"https:\/\/dev.antudigital.cl\/sites\/vc\/#website","url":"https:\/\/dev.antudigital.cl\/sites\/vc\/","name":"Valpara\u00ed\u00adso Creativo","description":"","potentialAction":[{"@type":"SearchAction","target":{"@type":"EntryPoint","urlTemplate":"https:\/\/dev.antudigital.cl\/sites\/vc\/?s={search_term_string}"},"query-input":{"@type":"PropertyValueSpecification","valueRequired":true,"valueName":"search_term_string"}}],"inLanguage":"es"},{"@type":"Person","@id":"https:\/\/dev.antudigital.cl\/sites\/vc\/#\/schema\/person\/c2b9da8dd545e27166fc5ab232837318","name":"Valpara\u00edso Creativo","description":"Periodista de cultura en la Regi\u00f3n de Valpara\u00edso.","url":"https:\/\/dev.antudigital.cl\/sites\/vc\/author\/valpoadmin\/"}]}},"_links":{"self":[{"href":"https:\/\/dev.antudigital.cl\/sites\/vc\/wp-json\/wp\/v2\/posts\/25305","targetHints":{"allow":["GET"]}}],"collection":[{"href":"https:\/\/dev.antudigital.cl\/sites\/vc\/wp-json\/wp\/v2\/posts"}],"about":[{"href":"https:\/\/dev.antudigital.cl\/sites\/vc\/wp-json\/wp\/v2\/types\/post"}],"author":[{"embeddable":true,"href":"https:\/\/dev.antudigital.cl\/sites\/vc\/wp-json\/wp\/v2\/users\/1"}],"replies":[{"embeddable":true,"href":"https:\/\/dev.antudigital.cl\/sites\/vc\/wp-json\/wp\/v2\/comments?post=25305"}],"version-history":[{"count":1,"href":"https:\/\/dev.antudigital.cl\/sites\/vc\/wp-json\/wp\/v2\/posts\/25305\/revisions"}],"predecessor-version":[{"id":25307,"href":"https:\/\/dev.antudigital.cl\/sites\/vc\/wp-json\/wp\/v2\/posts\/25305\/revisions\/25307"}],"wp:featuredmedia":[{"embeddable":true,"href":"https:\/\/dev.antudigital.cl\/sites\/vc\/wp-json\/wp\/v2\/media\/25306"}],"wp:attachment":[{"href":"https:\/\/dev.antudigital.cl\/sites\/vc\/wp-json\/wp\/v2\/media?parent=25305"}],"wp:term":[{"taxonomy":"category","embeddable":true,"href":"https:\/\/dev.antudigital.cl\/sites\/vc\/wp-json\/wp\/v2\/categories?post=25305"},{"taxonomy":"post_tag","embeddable":true,"href":"https:\/\/dev.antudigital.cl\/sites\/vc\/wp-json\/wp\/v2\/tags?post=25305"}],"curies":[{"name":"wp","href":"https:\/\/api.w.org\/{rel}","templated":true}]}}