{"id":25308,"date":"2025-06-23T15:12:00","date_gmt":"2025-06-23T19:12:00","guid":{"rendered":"https:\/\/www.valparaisocreativo.cl\/?p=25308"},"modified":"2025-07-10T20:24:30","modified_gmt":"2025-07-11T00:24:30","slug":"la-royal-orchestra-llega-a-casablanca-con-homenaje-al-legado-del-jazz-chileno","status":"publish","type":"post","link":"https:\/\/dev.antudigital.cl\/sites\/vc\/la-royal-orchestra-llega-a-casablanca-con-homenaje-al-legado-del-jazz-chileno\/","title":{"rendered":"La Royal Orchestra llega a Casablanca con homenaje al legado del jazz chileno"},"content":{"rendered":"\n<p><em>El concierto, parte de la programaci\u00f3n del Festival Maniobra de Jazz, financiado por el Fondo para el Fomento de la M\u00fasica Nacional, Convocatoria 2025 del Ministerio de las Culturas, las Artes y el Patrimonio; ser\u00e1 el s\u00e1bado 28 de junio en el Teatro Municipal de Casablanca y rendir\u00e1 homenaje a dos figuras claves del jazz nacional.<\/em><\/p>\n\n\n\n<p><em>***<\/em><\/p>\n\n\n\n<p>El Teatro Municipal de Casablanca ser\u00e1 escenario de un emotivo concierto de jazz patrimonial este s\u00e1bado 28 de junio, a las 18:00 horas, con la presentaci\u00f3n de La Royal Orchestra, agrupaci\u00f3n que conmemora los 101 a\u00f1os del nacimiento del jazz chileno con un tributo doble: a su fundador hist\u00f3rico, Pablo Garrido, y al destacado m\u00fasico Orlando Avenda\u00f1o.<\/p>\n\n\n\n<p>Este concierto forma parte del Festival Maniobra de Jazz 2025, proyecto financiado por el Fondo para el Fomento de la M\u00fasica Nacional, Convocatoria 2025, del Ministerio de las Culturas, las Artes y el Patrimonio; iniciativa que busca rescatar el patrimonio inmaterial del jazz, promover nuevos p\u00fablicos y descentralizar el acceso a esta expresi\u00f3n musical a lo largo de la Regi\u00f3n de Valpara\u00edso.<\/p>\n\n\n\n<p>Inspirada en la agrupaci\u00f3n que Pablo Garrido fund\u00f3 en 1924 \u2014la primera banda de jazz en el pa\u00eds\u2014, la nueva Royal Orchestra recoge su legado para actualizarlo con un lenguaje sonoro contempor\u00e1neo. Bajo la direcci\u00f3n musical de Jonathan Gatica y la direcci\u00f3n art\u00edstica de Francisco Saldes, la orquesta est\u00e1 compuesta por ocho destacados m\u00fasicos: Paz Miranda (voz), Marcel Bruna (guitarra electrica ), Axel Cornejo (contrabajo), Luis Venegas (saxo tenor), Tom\u00e1s D\u00edaz (trompeta), Jonathan Gatica (saxo alto y composici\u00f3n), Gonzalo Palma (piano) y Daniel Che\u00fal (bater\u00eda).<\/p>\n\n\n\n<p>El ensamble propone un repertorio vibrante, en donde confluyen arreglos originales, tradici\u00f3n orquestal, improvisaci\u00f3n y timbres vocales que dan nueva vida a los ecos fundacionales del jazz en Chile.<\/p>\n\n\n\n<p>Respecto a la llegada de Maniobra de Jazz a Casablanca, su director art\u00edstico, Francisco Saldes, manifest\u00f3 estar contento \u201c<em>de poder llegar este fin de semana al Teatro Municipal de Casablanca con un concierto homenaje a dos destacados m\u00fasicos: uno de ellos es Pablo Garrido, iniciador del jazz en Chile, y por otro lado al destacado y gran baterista Orlando Avenda\u00f1o, quien fue parte del Nahual Jazz Cuartet.&nbsp; Desde el Patrimonio Inmaterial es de suma importancia poder no solamente realizar un concierto en Casablanca, donde hay un desarrollo de este lenguaje musical; sino que poner en valor a un baterista y artista visual que se ha avecindado en la comuna de Casablanca, como es Orlando Avenda\u00f1o, fundamental dentro del desarrollo de la m\u00fasica en estos 50 a\u00f1os\u201d.<\/em><\/p>\n\n\n\n<p>La entrada es liberada y los tickets se pueden adquirir en el sitio web de Portaldisc: <a href=\"https:\/\/portaldisc.com\/evento\/theroyalorchestra\">https:\/\/portaldisc.com\/evento\/theroyalorchestra<\/a>&nbsp;<\/p>\n\n\n\n<p><strong>Homenaje a Orlando Avenda\u00f1o<\/strong><\/p>\n\n\n\n<p>Durante la jornada tambi\u00e9n se rendir\u00e1 un sentido homenaje al m\u00fasico Orlando Avenda\u00f1o, recordado por su trayectoria como baterista integrante de Nahuel Jazz Quartet y conocido en el ambiente como el \u00abni\u00f1o terrible del bop\u00bb, adem\u00e1s de su profundo v\u00ednculo con la formaci\u00f3n de generaciones de m\u00fasicos en Chile. Su legado se celebra en esta ocasi\u00f3n con una propuesta que honra su entrega a la m\u00fasica, su esp\u00edritu generoso y su conexi\u00f3n con la escena jazz\u00edstica nacional.<\/p>\n\n\n\n<p>Maniobra de Jazz es un festival que surge desde Valpara\u00edso con la misi\u00f3n de conectar el pasado y el presente del jazz nacional, reconociendo su valor como patrimonio inmaterial y proyecci\u00f3n cultural y posicionando a la ciudad como cuna de este g\u00e9nero musical. En su tercera edici\u00f3n, el festival recorre diversas comunas con conciertos, conversatorios y actividades educativas, promoviendo el acceso descentralizado y el fortalecimiento de la identidad musical del pa\u00eds.<\/p>\n\n\n\n<p>Este concierto cuenta con la producci\u00f3n de la Corporaci\u00f3n Maniobra de Jazz, el patrocinio del Fondo Pablo Garrido, albergado por el CEDIM de la Facultad de Artes de la Universidad de Chile, y el apoyo de la UNESCO. Adem\u00e1s, colaboran medios y espacios culturales como Jazz 97.3 FM, Chilem\u00fasica, Espiral Musical, HOLOJAZZ, PortalTickets, y la Ilustre Municipalidad de Casablanca.<\/p>\n\n\n\n<p>La programaci\u00f3n anual completa est\u00e1 en el sitio web <a href=\"http:\/\/www.maniobradejazz.cl\">www.maniobradejazz.cl<\/a> y en Instagram <a href=\"https:\/\/www.instagram.com\/maniobradejazz\/\">@maniobradejazz<\/a>.<\/p>\n","protected":false},"excerpt":{"rendered":"<p>El concierto, parte de la programaci\u00f3n del Festival Maniobra de Jazz, financiado por el Fondo para el Fomento de la M\u00fasica Nacional, Convocatoria 2025 del Ministerio de las Culturas, las Artes y el Patrimonio; ser\u00e1 el s\u00e1bado 28 de junio en el Teatro Municipal de Casablanca y rendir\u00e1 homenaje a dos figuras claves del jazz [&hellip;]<\/p>\n","protected":false},"author":1,"featured_media":25309,"comment_status":"closed","ping_status":"closed","sticky":false,"template":"","format":"standard","meta":{"_acf_changed":false,"footnotes":""},"categories":[1],"tags":[],"class_list":["post-25308","post","type-post","status-publish","format-standard","has-post-thumbnail","hentry","category-uncategorized"],"acf":[],"yoast_head":"<!-- This site is optimized with the Yoast SEO plugin v27.1.1 - https:\/\/yoast.com\/product\/yoast-seo-wordpress\/ -->\n<title>La Royal Orchestra llega a Casablanca con homenaje al legado del jazz chileno - Valpara\u00ed\u00adso Creativo<\/title>\n<meta name=\"robots\" content=\"index, follow, max-snippet:-1, max-image-preview:large, max-video-preview:-1\" \/>\n<link rel=\"canonical\" href=\"https:\/\/dev.antudigital.cl\/sites\/vc\/la-royal-orchestra-llega-a-casablanca-con-homenaje-al-legado-del-jazz-chileno\/\" \/>\n<meta property=\"og:locale\" content=\"es_ES\" \/>\n<meta property=\"og:type\" content=\"article\" \/>\n<meta property=\"og:title\" content=\"La Royal Orchestra llega a Casablanca con homenaje al legado del jazz chileno - Valpara\u00ed\u00adso Creativo\" \/>\n<meta property=\"og:description\" content=\"El concierto, parte de la programaci\u00f3n del Festival Maniobra de Jazz, financiado por el Fondo para el Fomento de la M\u00fasica Nacional, Convocatoria 2025 del Ministerio de las Culturas, las Artes y el Patrimonio; ser\u00e1 el s\u00e1bado 28 de junio en el Teatro Municipal de Casablanca y rendir\u00e1 homenaje a dos figuras claves del jazz [&hellip;]\" \/>\n<meta property=\"og:url\" content=\"https:\/\/dev.antudigital.cl\/sites\/vc\/la-royal-orchestra-llega-a-casablanca-con-homenaje-al-legado-del-jazz-chileno\/\" \/>\n<meta property=\"og:site_name\" content=\"Valpara\u00ed\u00adso Creativo\" \/>\n<meta property=\"article:published_time\" content=\"2025-06-23T19:12:00+00:00\" \/>\n<meta property=\"article:modified_time\" content=\"2025-07-11T00:24:30+00:00\" \/>\n<meta property=\"og:image\" content=\"https:\/\/dev.antudigital.cl\/sites\/vc\/wp-content\/uploads\/2025\/07\/The-Royal-Orchestra-1_Registro-Jorge-Severino-scaled-1.jpg\" \/>\n\t<meta property=\"og:image:width\" content=\"2560\" \/>\n\t<meta property=\"og:image:height\" content=\"1689\" \/>\n\t<meta property=\"og:image:type\" content=\"image\/jpeg\" \/>\n<meta name=\"author\" content=\"Valpara\u00edso Creativo\" \/>\n<meta name=\"twitter:card\" content=\"summary_large_image\" \/>\n<meta name=\"twitter:label1\" content=\"Escrito por\" \/>\n\t<meta name=\"twitter:data1\" content=\"Valpara\u00edso Creativo\" \/>\n\t<meta name=\"twitter:label2\" content=\"Tiempo de lectura\" \/>\n\t<meta name=\"twitter:data2\" content=\"4 minutos\" \/>\n<script type=\"application\/ld+json\" class=\"yoast-schema-graph\">{\"@context\":\"https:\/\/schema.org\",\"@graph\":[{\"@type\":\"Article\",\"@id\":\"https:\/\/dev.antudigital.cl\/sites\/vc\/la-royal-orchestra-llega-a-casablanca-con-homenaje-al-legado-del-jazz-chileno\/#article\",\"isPartOf\":{\"@id\":\"https:\/\/dev.antudigital.cl\/sites\/vc\/la-royal-orchestra-llega-a-casablanca-con-homenaje-al-legado-del-jazz-chileno\/\"},\"author\":{\"name\":\"Valpara\u00edso Creativo\",\"@id\":\"https:\/\/dev.antudigital.cl\/sites\/vc\/#\/schema\/person\/c2b9da8dd545e27166fc5ab232837318\"},\"headline\":\"La Royal Orchestra llega a Casablanca con homenaje al legado del jazz chileno\",\"datePublished\":\"2025-06-23T19:12:00+00:00\",\"dateModified\":\"2025-07-11T00:24:30+00:00\",\"mainEntityOfPage\":{\"@id\":\"https:\/\/dev.antudigital.cl\/sites\/vc\/la-royal-orchestra-llega-a-casablanca-con-homenaje-al-legado-del-jazz-chileno\/\"},\"wordCount\":727,\"image\":{\"@id\":\"https:\/\/dev.antudigital.cl\/sites\/vc\/la-royal-orchestra-llega-a-casablanca-con-homenaje-al-legado-del-jazz-chileno\/#primaryimage\"},\"thumbnailUrl\":\"https:\/\/dev.antudigital.cl\/sites\/vc\/wp-content\/uploads\/2025\/07\/The-Royal-Orchestra-1_Registro-Jorge-Severino-scaled-1.jpg\",\"articleSection\":[\"Uncategorized\"],\"inLanguage\":\"es\"},{\"@type\":\"WebPage\",\"@id\":\"https:\/\/dev.antudigital.cl\/sites\/vc\/la-royal-orchestra-llega-a-casablanca-con-homenaje-al-legado-del-jazz-chileno\/\",\"url\":\"https:\/\/dev.antudigital.cl\/sites\/vc\/la-royal-orchestra-llega-a-casablanca-con-homenaje-al-legado-del-jazz-chileno\/\",\"name\":\"La Royal Orchestra llega a Casablanca con homenaje al legado del jazz chileno - Valpara\u00ed\u00adso Creativo\",\"isPartOf\":{\"@id\":\"https:\/\/dev.antudigital.cl\/sites\/vc\/#website\"},\"primaryImageOfPage\":{\"@id\":\"https:\/\/dev.antudigital.cl\/sites\/vc\/la-royal-orchestra-llega-a-casablanca-con-homenaje-al-legado-del-jazz-chileno\/#primaryimage\"},\"image\":{\"@id\":\"https:\/\/dev.antudigital.cl\/sites\/vc\/la-royal-orchestra-llega-a-casablanca-con-homenaje-al-legado-del-jazz-chileno\/#primaryimage\"},\"thumbnailUrl\":\"https:\/\/dev.antudigital.cl\/sites\/vc\/wp-content\/uploads\/2025\/07\/The-Royal-Orchestra-1_Registro-Jorge-Severino-scaled-1.jpg\",\"datePublished\":\"2025-06-23T19:12:00+00:00\",\"dateModified\":\"2025-07-11T00:24:30+00:00\",\"author\":{\"@id\":\"https:\/\/dev.antudigital.cl\/sites\/vc\/#\/schema\/person\/c2b9da8dd545e27166fc5ab232837318\"},\"breadcrumb\":{\"@id\":\"https:\/\/dev.antudigital.cl\/sites\/vc\/la-royal-orchestra-llega-a-casablanca-con-homenaje-al-legado-del-jazz-chileno\/#breadcrumb\"},\"inLanguage\":\"es\",\"potentialAction\":[{\"@type\":\"ReadAction\",\"target\":[\"https:\/\/dev.antudigital.cl\/sites\/vc\/la-royal-orchestra-llega-a-casablanca-con-homenaje-al-legado-del-jazz-chileno\/\"]}]},{\"@type\":\"ImageObject\",\"inLanguage\":\"es\",\"@id\":\"https:\/\/dev.antudigital.cl\/sites\/vc\/la-royal-orchestra-llega-a-casablanca-con-homenaje-al-legado-del-jazz-chileno\/#primaryimage\",\"url\":\"https:\/\/dev.antudigital.cl\/sites\/vc\/wp-content\/uploads\/2025\/07\/The-Royal-Orchestra-1_Registro-Jorge-Severino-scaled-1.jpg\",\"contentUrl\":\"https:\/\/dev.antudigital.cl\/sites\/vc\/wp-content\/uploads\/2025\/07\/The-Royal-Orchestra-1_Registro-Jorge-Severino-scaled-1.jpg\",\"width\":2560,\"height\":1689},{\"@type\":\"BreadcrumbList\",\"@id\":\"https:\/\/dev.antudigital.cl\/sites\/vc\/la-royal-orchestra-llega-a-casablanca-con-homenaje-al-legado-del-jazz-chileno\/#breadcrumb\",\"itemListElement\":[{\"@type\":\"ListItem\",\"position\":1,\"name\":\"Home\",\"item\":\"https:\/\/dev.antudigital.cl\/sites\/vc\/\"},{\"@type\":\"ListItem\",\"position\":2,\"name\":\"La Royal Orchestra llega a Casablanca con homenaje al legado del jazz chileno\"}]},{\"@type\":\"WebSite\",\"@id\":\"https:\/\/dev.antudigital.cl\/sites\/vc\/#website\",\"url\":\"https:\/\/dev.antudigital.cl\/sites\/vc\/\",\"name\":\"Valpara\u00ed\u00adso Creativo\",\"description\":\"\",\"potentialAction\":[{\"@type\":\"SearchAction\",\"target\":{\"@type\":\"EntryPoint\",\"urlTemplate\":\"https:\/\/dev.antudigital.cl\/sites\/vc\/?s={search_term_string}\"},\"query-input\":{\"@type\":\"PropertyValueSpecification\",\"valueRequired\":true,\"valueName\":\"search_term_string\"}}],\"inLanguage\":\"es\"},{\"@type\":\"Person\",\"@id\":\"https:\/\/dev.antudigital.cl\/sites\/vc\/#\/schema\/person\/c2b9da8dd545e27166fc5ab232837318\",\"name\":\"Valpara\u00edso Creativo\",\"description\":\"Periodista de cultura en la Regi\u00f3n de Valpara\u00edso.\",\"url\":\"https:\/\/dev.antudigital.cl\/sites\/vc\/author\/valpoadmin\/\"}]}<\/script>\n<!-- \/ Yoast SEO plugin. -->","yoast_head_json":{"title":"La Royal Orchestra llega a Casablanca con homenaje al legado del jazz chileno - Valpara\u00ed\u00adso Creativo","robots":{"index":"index","follow":"follow","max-snippet":"max-snippet:-1","max-image-preview":"max-image-preview:large","max-video-preview":"max-video-preview:-1"},"canonical":"https:\/\/dev.antudigital.cl\/sites\/vc\/la-royal-orchestra-llega-a-casablanca-con-homenaje-al-legado-del-jazz-chileno\/","og_locale":"es_ES","og_type":"article","og_title":"La Royal Orchestra llega a Casablanca con homenaje al legado del jazz chileno - Valpara\u00ed\u00adso Creativo","og_description":"El concierto, parte de la programaci\u00f3n del Festival Maniobra de Jazz, financiado por el Fondo para el Fomento de la M\u00fasica Nacional, Convocatoria 2025 del Ministerio de las Culturas, las Artes y el Patrimonio; ser\u00e1 el s\u00e1bado 28 de junio en el Teatro Municipal de Casablanca y rendir\u00e1 homenaje a dos figuras claves del jazz [&hellip;]","og_url":"https:\/\/dev.antudigital.cl\/sites\/vc\/la-royal-orchestra-llega-a-casablanca-con-homenaje-al-legado-del-jazz-chileno\/","og_site_name":"Valpara\u00ed\u00adso Creativo","article_published_time":"2025-06-23T19:12:00+00:00","article_modified_time":"2025-07-11T00:24:30+00:00","og_image":[{"width":2560,"height":1689,"url":"https:\/\/dev.antudigital.cl\/sites\/vc\/wp-content\/uploads\/2025\/07\/The-Royal-Orchestra-1_Registro-Jorge-Severino-scaled-1.jpg","type":"image\/jpeg"}],"author":"Valpara\u00edso Creativo","twitter_card":"summary_large_image","twitter_misc":{"Escrito por":"Valpara\u00edso Creativo","Tiempo de lectura":"4 minutos"},"schema":{"@context":"https:\/\/schema.org","@graph":[{"@type":"Article","@id":"https:\/\/dev.antudigital.cl\/sites\/vc\/la-royal-orchestra-llega-a-casablanca-con-homenaje-al-legado-del-jazz-chileno\/#article","isPartOf":{"@id":"https:\/\/dev.antudigital.cl\/sites\/vc\/la-royal-orchestra-llega-a-casablanca-con-homenaje-al-legado-del-jazz-chileno\/"},"author":{"name":"Valpara\u00edso Creativo","@id":"https:\/\/dev.antudigital.cl\/sites\/vc\/#\/schema\/person\/c2b9da8dd545e27166fc5ab232837318"},"headline":"La Royal Orchestra llega a Casablanca con homenaje al legado del jazz chileno","datePublished":"2025-06-23T19:12:00+00:00","dateModified":"2025-07-11T00:24:30+00:00","mainEntityOfPage":{"@id":"https:\/\/dev.antudigital.cl\/sites\/vc\/la-royal-orchestra-llega-a-casablanca-con-homenaje-al-legado-del-jazz-chileno\/"},"wordCount":727,"image":{"@id":"https:\/\/dev.antudigital.cl\/sites\/vc\/la-royal-orchestra-llega-a-casablanca-con-homenaje-al-legado-del-jazz-chileno\/#primaryimage"},"thumbnailUrl":"https:\/\/dev.antudigital.cl\/sites\/vc\/wp-content\/uploads\/2025\/07\/The-Royal-Orchestra-1_Registro-Jorge-Severino-scaled-1.jpg","articleSection":["Uncategorized"],"inLanguage":"es"},{"@type":"WebPage","@id":"https:\/\/dev.antudigital.cl\/sites\/vc\/la-royal-orchestra-llega-a-casablanca-con-homenaje-al-legado-del-jazz-chileno\/","url":"https:\/\/dev.antudigital.cl\/sites\/vc\/la-royal-orchestra-llega-a-casablanca-con-homenaje-al-legado-del-jazz-chileno\/","name":"La Royal Orchestra llega a Casablanca con homenaje al legado del jazz chileno - Valpara\u00ed\u00adso Creativo","isPartOf":{"@id":"https:\/\/dev.antudigital.cl\/sites\/vc\/#website"},"primaryImageOfPage":{"@id":"https:\/\/dev.antudigital.cl\/sites\/vc\/la-royal-orchestra-llega-a-casablanca-con-homenaje-al-legado-del-jazz-chileno\/#primaryimage"},"image":{"@id":"https:\/\/dev.antudigital.cl\/sites\/vc\/la-royal-orchestra-llega-a-casablanca-con-homenaje-al-legado-del-jazz-chileno\/#primaryimage"},"thumbnailUrl":"https:\/\/dev.antudigital.cl\/sites\/vc\/wp-content\/uploads\/2025\/07\/The-Royal-Orchestra-1_Registro-Jorge-Severino-scaled-1.jpg","datePublished":"2025-06-23T19:12:00+00:00","dateModified":"2025-07-11T00:24:30+00:00","author":{"@id":"https:\/\/dev.antudigital.cl\/sites\/vc\/#\/schema\/person\/c2b9da8dd545e27166fc5ab232837318"},"breadcrumb":{"@id":"https:\/\/dev.antudigital.cl\/sites\/vc\/la-royal-orchestra-llega-a-casablanca-con-homenaje-al-legado-del-jazz-chileno\/#breadcrumb"},"inLanguage":"es","potentialAction":[{"@type":"ReadAction","target":["https:\/\/dev.antudigital.cl\/sites\/vc\/la-royal-orchestra-llega-a-casablanca-con-homenaje-al-legado-del-jazz-chileno\/"]}]},{"@type":"ImageObject","inLanguage":"es","@id":"https:\/\/dev.antudigital.cl\/sites\/vc\/la-royal-orchestra-llega-a-casablanca-con-homenaje-al-legado-del-jazz-chileno\/#primaryimage","url":"https:\/\/dev.antudigital.cl\/sites\/vc\/wp-content\/uploads\/2025\/07\/The-Royal-Orchestra-1_Registro-Jorge-Severino-scaled-1.jpg","contentUrl":"https:\/\/dev.antudigital.cl\/sites\/vc\/wp-content\/uploads\/2025\/07\/The-Royal-Orchestra-1_Registro-Jorge-Severino-scaled-1.jpg","width":2560,"height":1689},{"@type":"BreadcrumbList","@id":"https:\/\/dev.antudigital.cl\/sites\/vc\/la-royal-orchestra-llega-a-casablanca-con-homenaje-al-legado-del-jazz-chileno\/#breadcrumb","itemListElement":[{"@type":"ListItem","position":1,"name":"Home","item":"https:\/\/dev.antudigital.cl\/sites\/vc\/"},{"@type":"ListItem","position":2,"name":"La Royal Orchestra llega a Casablanca con homenaje al legado del jazz chileno"}]},{"@type":"WebSite","@id":"https:\/\/dev.antudigital.cl\/sites\/vc\/#website","url":"https:\/\/dev.antudigital.cl\/sites\/vc\/","name":"Valpara\u00ed\u00adso Creativo","description":"","potentialAction":[{"@type":"SearchAction","target":{"@type":"EntryPoint","urlTemplate":"https:\/\/dev.antudigital.cl\/sites\/vc\/?s={search_term_string}"},"query-input":{"@type":"PropertyValueSpecification","valueRequired":true,"valueName":"search_term_string"}}],"inLanguage":"es"},{"@type":"Person","@id":"https:\/\/dev.antudigital.cl\/sites\/vc\/#\/schema\/person\/c2b9da8dd545e27166fc5ab232837318","name":"Valpara\u00edso Creativo","description":"Periodista de cultura en la Regi\u00f3n de Valpara\u00edso.","url":"https:\/\/dev.antudigital.cl\/sites\/vc\/author\/valpoadmin\/"}]}},"_links":{"self":[{"href":"https:\/\/dev.antudigital.cl\/sites\/vc\/wp-json\/wp\/v2\/posts\/25308","targetHints":{"allow":["GET"]}}],"collection":[{"href":"https:\/\/dev.antudigital.cl\/sites\/vc\/wp-json\/wp\/v2\/posts"}],"about":[{"href":"https:\/\/dev.antudigital.cl\/sites\/vc\/wp-json\/wp\/v2\/types\/post"}],"author":[{"embeddable":true,"href":"https:\/\/dev.antudigital.cl\/sites\/vc\/wp-json\/wp\/v2\/users\/1"}],"replies":[{"embeddable":true,"href":"https:\/\/dev.antudigital.cl\/sites\/vc\/wp-json\/wp\/v2\/comments?post=25308"}],"version-history":[{"count":1,"href":"https:\/\/dev.antudigital.cl\/sites\/vc\/wp-json\/wp\/v2\/posts\/25308\/revisions"}],"predecessor-version":[{"id":25310,"href":"https:\/\/dev.antudigital.cl\/sites\/vc\/wp-json\/wp\/v2\/posts\/25308\/revisions\/25310"}],"wp:featuredmedia":[{"embeddable":true,"href":"https:\/\/dev.antudigital.cl\/sites\/vc\/wp-json\/wp\/v2\/media\/25309"}],"wp:attachment":[{"href":"https:\/\/dev.antudigital.cl\/sites\/vc\/wp-json\/wp\/v2\/media?parent=25308"}],"wp:term":[{"taxonomy":"category","embeddable":true,"href":"https:\/\/dev.antudigital.cl\/sites\/vc\/wp-json\/wp\/v2\/categories?post=25308"},{"taxonomy":"post_tag","embeddable":true,"href":"https:\/\/dev.antudigital.cl\/sites\/vc\/wp-json\/wp\/v2\/tags?post=25308"}],"curies":[{"name":"wp","href":"https:\/\/api.w.org\/{rel}","templated":true}]}}