{"id":25311,"date":"2025-06-23T14:24:00","date_gmt":"2025-06-23T18:24:00","guid":{"rendered":"https:\/\/www.valparaisocreativo.cl\/?p=25311"},"modified":"2025-07-10T20:26:30","modified_gmt":"2025-07-11T00:26:30","slug":"mencion-de-dramaturgia-presenta-textos-ineditos-de-estudiantes-en-lecturas-dramatizadas","status":"publish","type":"post","link":"https:\/\/dev.antudigital.cl\/sites\/vc\/mencion-de-dramaturgia-presenta-textos-ineditos-de-estudiantes-en-lecturas-dramatizadas\/","title":{"rendered":"Menci\u00f3n de Dramaturgia presenta textos in\u00e9ditos de estudiantes en lecturas dramatizadas"},"content":{"rendered":"\n<p><strong>El pr\u00f3ximo<\/strong> <strong>viernes 27 de junio, a las 18:00 horas, la Menci\u00f3n de Dramaturgia de la Escuela de Teatro UV presenta \u201cLecturas Dramatizadas: Re-Escribir el Espacio\/Tiempo\u201d<\/strong>, actividad enmarcada en la asignatura T\u00e9cnica Escritural 2025, que consiste en una muestra abierta de tres textos dram\u00e1ticos in\u00e9ditos desarrollados por estudiantes, guiada por el docente Fernando Mena.<\/p>\n\n\n\n<p>En el encuentro se desarrollar\u00e1n las lecturas de \u201c<em>In Morte<\/em>\u201d de Myriam Cort\u00e9s, <em>\u201cUn Breve Destello Verde<\/em>\u201d de Mat\u00edas Gonz\u00e1lez y \u201c<em>Ojal\u00e1 Disiparse como el Humo<\/em>\u201d de Danni Moraga.<\/p>\n\n\n\n<p><strong>Fernando Mena, profesor de la Escuela de Teatro UV a cargo de la asignatura T\u00e9cnica Escritural<\/strong>, declar\u00f3 que \u201clo que busca la asignatura dentro de la Menci\u00f3n es desbordar los imaginarios de cada estudiante, que encuentren sus propias estrategias y metodolog\u00edas de creaci\u00f3n, en resumen, su propia t\u00e9cnica escritural\u201d.<\/p>\n\n\n\n<p>Sobre la muestra, coment\u00f3 que \u201ces poner en tensi\u00f3n y v\u00e9rtigo lo que se ha trabajado de forma \u00edntima en las sesiones. Establecer un v\u00ednculo con los espectadores por primera vez, para descubrir otros resonadores en sus textos\u201d.&nbsp;<\/p>\n\n\n\n<p>\u201cEste proceso estuvo cargado de referentes que no vienen de las artes esc\u00e9nicas necesariamente. Creo que esto es un plus para atraer nuevas audiencias. La dramaturgia nos brinda posibilidades infinitas de imaginar todos los escenarios posibles y, en este \u00e1mbito, es una muestra de textos que invitan a viajar, imaginar, disfrutar y que conectar\u00e1n con todo espectador sensible\u201d.<\/p>\n\n\n\n<p><strong>Danni Moraga, estudiante de la Escuela de Teatro UV y dramaturga de \u2018<\/strong><strong><em>Ojal\u00e1 Disiparse como el Humo\u2019<\/em><\/strong>, adelant\u00f3 que \u201cel formato de la lectura dramatizada resulta muy interesante, en el sentido de darle otra perspectiva a aquellos textos que siempre le\u00edmos las mismas cuatro personas, en la misma sala, los mismos d\u00edas a las mismas horas; siento que es un momento en el que nuestras creaciones cobran vida\u201d.&nbsp;<\/p>\n\n\n\n<p>Sobre los desaf\u00edos de desarrollar un texto dramat\u00fargico, agreg\u00f3 que: \u201cRescato mucho las palabras de Fernando, que siempre insist\u00eda en no forzar el texto, y ese <em>statement <\/em>se volvi\u00f3 mi estandarte a la hora de afrontarme a la escritura. Si escribo es porque quiero, porque lo disfruto, porque me nace, no porque tenga la obligaci\u00f3n de hacerlo. La escritura no deber\u00eda transformarse en una fuente de estr\u00e9s ni de malestar\u201d.<\/p>\n\n\n\n<p><strong>Mat\u00edas Gonz\u00e1lez, estudiante y dramaturgo de \u2018<\/strong><strong><em>Un Breve Destello Verde\u2019<\/em><\/strong>, comparti\u00f3: \u201cLos temas que intent\u00e9 plasmar en las escenas y en los personajes son algo que me mueve mucho y espero que al p\u00fablico tambi\u00e9n. La presentaci\u00f3n ser\u00e1 una lectura dramatizada simple, con dos actores en escena y poca escenograf\u00eda, luces y, de ser posible, una peque\u00f1a proyecci\u00f3n\u201d.<\/p>\n\n\n\n<p>En cuanto a los obst\u00e1culos para desarrollar el texto, confes\u00f3 que \u201cel mayor desaf\u00edo es saber qu\u00e9 cosas poner y cu\u00e1les no. A veces uno tiene ideas que cree que son perfectas para lo que est\u00e1 escribiendo y resulta que no es tan as\u00ed. El mismo hecho de intentar delinear una historia me resulta interesante, a veces dan ganas de escribir m\u00e1s, otras no hay tantas ganas de escribir y creo que balancear eso con todas las ideas que uno tiene es dif\u00edcil\u201d.<\/p>\n\n\n\n<p><strong>Myriam Cort\u00e9s, estudiante y dramaturga de<\/strong><strong><em> \u2018In Morte\u2019<\/em><\/strong>, detall\u00f3: \u201cDestaco todo el trabajo, desde escoger el tema, eliminarlo, escoger otro, profundizar y llevar al texto las ideas, hasta decidir el t\u00edtulo que presenta la obra, buscando que no diga ni mucho ni poco, todo lo considero muy importante. Se realizar\u00e1 una lectura dramatizada para ver c\u00f3mo funciona hacia el espectador la dramaturgia, si se entiende y comprende o si no lo hace\u201d.<\/p>\n\n\n\n<p>A\u00f1adi\u00f3 que su mayor desaf\u00edo fue \u201cllevar lo que est\u00e1 en tu cabeza, que parece una idea espectacular, al texto. Saber c\u00f3mo escribirla, tambi\u00e9n el no aburrirte de tu propia creaci\u00f3n, despu\u00e9s de pensarla y volver a escribir tantas veces. Espero aprender de la experiencia, llevarme e integrar en m\u00ed cualquier cr\u00edtica constructiva que pueda servir para mejorar el trabajo en las futuras historias que quiero contar\u201d.<\/p>\n\n\n\n<p>Para cerrar, lxs estudiantes invitan: \u201cEst\u00e1n cordialmente bienvenides a presenciar una parte de lo que ha sido nuestro proceso en la Menci\u00f3n de Dramaturgia.. Las tres obras presentan temas contingentes. Se valora mucho cuando el arte nos hace darle una vuelta a las cosas, cuando nos deja pensando\u201d.&nbsp;<\/p>\n","protected":false},"excerpt":{"rendered":"<p>El pr\u00f3ximo viernes 27 de junio, a las 18:00 horas, la Menci\u00f3n de Dramaturgia de la Escuela de Teatro UV presenta \u201cLecturas Dramatizadas: Re-Escribir el Espacio\/Tiempo\u201d, actividad enmarcada en la asignatura T\u00e9cnica Escritural 2025, que consiste en una muestra abierta de tres textos dram\u00e1ticos in\u00e9ditos desarrollados por estudiantes, guiada por el docente Fernando Mena. En [&hellip;]<\/p>\n","protected":false},"author":1,"featured_media":25312,"comment_status":"closed","ping_status":"closed","sticky":false,"template":"","format":"standard","meta":{"_acf_changed":false,"footnotes":""},"categories":[1],"tags":[],"class_list":["post-25311","post","type-post","status-publish","format-standard","has-post-thumbnail","hentry","category-uncategorized"],"acf":[],"yoast_head":"<!-- This site is optimized with the Yoast SEO plugin v27.1.1 - https:\/\/yoast.com\/product\/yoast-seo-wordpress\/ -->\n<title>Menci\u00f3n de Dramaturgia presenta textos in\u00e9ditos de estudiantes en lecturas dramatizadas - Valpara\u00ed\u00adso Creativo<\/title>\n<meta name=\"robots\" content=\"index, follow, max-snippet:-1, max-image-preview:large, max-video-preview:-1\" \/>\n<link rel=\"canonical\" href=\"https:\/\/dev.antudigital.cl\/sites\/vc\/mencion-de-dramaturgia-presenta-textos-ineditos-de-estudiantes-en-lecturas-dramatizadas\/\" \/>\n<meta property=\"og:locale\" content=\"es_ES\" \/>\n<meta property=\"og:type\" content=\"article\" \/>\n<meta property=\"og:title\" content=\"Menci\u00f3n de Dramaturgia presenta textos in\u00e9ditos de estudiantes en lecturas dramatizadas - Valpara\u00ed\u00adso Creativo\" \/>\n<meta property=\"og:description\" content=\"El pr\u00f3ximo viernes 27 de junio, a las 18:00 horas, la Menci\u00f3n de Dramaturgia de la Escuela de Teatro UV presenta \u201cLecturas Dramatizadas: Re-Escribir el Espacio\/Tiempo\u201d, actividad enmarcada en la asignatura T\u00e9cnica Escritural 2025, que consiste en una muestra abierta de tres textos dram\u00e1ticos in\u00e9ditos desarrollados por estudiantes, guiada por el docente Fernando Mena. En [&hellip;]\" \/>\n<meta property=\"og:url\" content=\"https:\/\/dev.antudigital.cl\/sites\/vc\/mencion-de-dramaturgia-presenta-textos-ineditos-de-estudiantes-en-lecturas-dramatizadas\/\" \/>\n<meta property=\"og:site_name\" content=\"Valpara\u00ed\u00adso Creativo\" \/>\n<meta property=\"article:published_time\" content=\"2025-06-23T18:24:00+00:00\" \/>\n<meta property=\"article:modified_time\" content=\"2025-07-11T00:26:30+00:00\" \/>\n<meta property=\"og:image\" content=\"https:\/\/dev.antudigital.cl\/sites\/vc\/wp-content\/uploads\/2025\/07\/Mencion-Dramaturgia.jpg\" \/>\n\t<meta property=\"og:image:width\" content=\"1920\" \/>\n\t<meta property=\"og:image:height\" content=\"1080\" \/>\n\t<meta property=\"og:image:type\" content=\"image\/jpeg\" \/>\n<meta name=\"author\" content=\"Valpara\u00edso Creativo\" \/>\n<meta name=\"twitter:card\" content=\"summary_large_image\" \/>\n<meta name=\"twitter:label1\" content=\"Escrito por\" \/>\n\t<meta name=\"twitter:data1\" content=\"Valpara\u00edso Creativo\" \/>\n\t<meta name=\"twitter:label2\" content=\"Tiempo de lectura\" \/>\n\t<meta name=\"twitter:data2\" content=\"4 minutos\" \/>\n<script type=\"application\/ld+json\" class=\"yoast-schema-graph\">{\"@context\":\"https:\/\/schema.org\",\"@graph\":[{\"@type\":\"Article\",\"@id\":\"https:\/\/dev.antudigital.cl\/sites\/vc\/mencion-de-dramaturgia-presenta-textos-ineditos-de-estudiantes-en-lecturas-dramatizadas\/#article\",\"isPartOf\":{\"@id\":\"https:\/\/dev.antudigital.cl\/sites\/vc\/mencion-de-dramaturgia-presenta-textos-ineditos-de-estudiantes-en-lecturas-dramatizadas\/\"},\"author\":{\"name\":\"Valpara\u00edso Creativo\",\"@id\":\"https:\/\/dev.antudigital.cl\/sites\/vc\/#\/schema\/person\/c2b9da8dd545e27166fc5ab232837318\"},\"headline\":\"Menci\u00f3n de Dramaturgia presenta textos in\u00e9ditos de estudiantes en lecturas dramatizadas\",\"datePublished\":\"2025-06-23T18:24:00+00:00\",\"dateModified\":\"2025-07-11T00:26:30+00:00\",\"mainEntityOfPage\":{\"@id\":\"https:\/\/dev.antudigital.cl\/sites\/vc\/mencion-de-dramaturgia-presenta-textos-ineditos-de-estudiantes-en-lecturas-dramatizadas\/\"},\"wordCount\":760,\"image\":{\"@id\":\"https:\/\/dev.antudigital.cl\/sites\/vc\/mencion-de-dramaturgia-presenta-textos-ineditos-de-estudiantes-en-lecturas-dramatizadas\/#primaryimage\"},\"thumbnailUrl\":\"https:\/\/dev.antudigital.cl\/sites\/vc\/wp-content\/uploads\/2025\/07\/Mencion-Dramaturgia.jpg\",\"articleSection\":[\"Uncategorized\"],\"inLanguage\":\"es\"},{\"@type\":\"WebPage\",\"@id\":\"https:\/\/dev.antudigital.cl\/sites\/vc\/mencion-de-dramaturgia-presenta-textos-ineditos-de-estudiantes-en-lecturas-dramatizadas\/\",\"url\":\"https:\/\/dev.antudigital.cl\/sites\/vc\/mencion-de-dramaturgia-presenta-textos-ineditos-de-estudiantes-en-lecturas-dramatizadas\/\",\"name\":\"Menci\u00f3n de Dramaturgia presenta textos in\u00e9ditos de estudiantes en lecturas dramatizadas - Valpara\u00ed\u00adso Creativo\",\"isPartOf\":{\"@id\":\"https:\/\/dev.antudigital.cl\/sites\/vc\/#website\"},\"primaryImageOfPage\":{\"@id\":\"https:\/\/dev.antudigital.cl\/sites\/vc\/mencion-de-dramaturgia-presenta-textos-ineditos-de-estudiantes-en-lecturas-dramatizadas\/#primaryimage\"},\"image\":{\"@id\":\"https:\/\/dev.antudigital.cl\/sites\/vc\/mencion-de-dramaturgia-presenta-textos-ineditos-de-estudiantes-en-lecturas-dramatizadas\/#primaryimage\"},\"thumbnailUrl\":\"https:\/\/dev.antudigital.cl\/sites\/vc\/wp-content\/uploads\/2025\/07\/Mencion-Dramaturgia.jpg\",\"datePublished\":\"2025-06-23T18:24:00+00:00\",\"dateModified\":\"2025-07-11T00:26:30+00:00\",\"author\":{\"@id\":\"https:\/\/dev.antudigital.cl\/sites\/vc\/#\/schema\/person\/c2b9da8dd545e27166fc5ab232837318\"},\"breadcrumb\":{\"@id\":\"https:\/\/dev.antudigital.cl\/sites\/vc\/mencion-de-dramaturgia-presenta-textos-ineditos-de-estudiantes-en-lecturas-dramatizadas\/#breadcrumb\"},\"inLanguage\":\"es\",\"potentialAction\":[{\"@type\":\"ReadAction\",\"target\":[\"https:\/\/dev.antudigital.cl\/sites\/vc\/mencion-de-dramaturgia-presenta-textos-ineditos-de-estudiantes-en-lecturas-dramatizadas\/\"]}]},{\"@type\":\"ImageObject\",\"inLanguage\":\"es\",\"@id\":\"https:\/\/dev.antudigital.cl\/sites\/vc\/mencion-de-dramaturgia-presenta-textos-ineditos-de-estudiantes-en-lecturas-dramatizadas\/#primaryimage\",\"url\":\"https:\/\/dev.antudigital.cl\/sites\/vc\/wp-content\/uploads\/2025\/07\/Mencion-Dramaturgia.jpg\",\"contentUrl\":\"https:\/\/dev.antudigital.cl\/sites\/vc\/wp-content\/uploads\/2025\/07\/Mencion-Dramaturgia.jpg\",\"width\":1920,\"height\":1080},{\"@type\":\"BreadcrumbList\",\"@id\":\"https:\/\/dev.antudigital.cl\/sites\/vc\/mencion-de-dramaturgia-presenta-textos-ineditos-de-estudiantes-en-lecturas-dramatizadas\/#breadcrumb\",\"itemListElement\":[{\"@type\":\"ListItem\",\"position\":1,\"name\":\"Home\",\"item\":\"https:\/\/dev.antudigital.cl\/sites\/vc\/\"},{\"@type\":\"ListItem\",\"position\":2,\"name\":\"Menci\u00f3n de Dramaturgia presenta textos in\u00e9ditos de estudiantes en lecturas dramatizadas\"}]},{\"@type\":\"WebSite\",\"@id\":\"https:\/\/dev.antudigital.cl\/sites\/vc\/#website\",\"url\":\"https:\/\/dev.antudigital.cl\/sites\/vc\/\",\"name\":\"Valpara\u00ed\u00adso Creativo\",\"description\":\"\",\"potentialAction\":[{\"@type\":\"SearchAction\",\"target\":{\"@type\":\"EntryPoint\",\"urlTemplate\":\"https:\/\/dev.antudigital.cl\/sites\/vc\/?s={search_term_string}\"},\"query-input\":{\"@type\":\"PropertyValueSpecification\",\"valueRequired\":true,\"valueName\":\"search_term_string\"}}],\"inLanguage\":\"es\"},{\"@type\":\"Person\",\"@id\":\"https:\/\/dev.antudigital.cl\/sites\/vc\/#\/schema\/person\/c2b9da8dd545e27166fc5ab232837318\",\"name\":\"Valpara\u00edso Creativo\",\"description\":\"Periodista de cultura en la Regi\u00f3n de Valpara\u00edso.\",\"url\":\"https:\/\/dev.antudigital.cl\/sites\/vc\/author\/valpoadmin\/\"}]}<\/script>\n<!-- \/ Yoast SEO plugin. -->","yoast_head_json":{"title":"Menci\u00f3n de Dramaturgia presenta textos in\u00e9ditos de estudiantes en lecturas dramatizadas - Valpara\u00ed\u00adso Creativo","robots":{"index":"index","follow":"follow","max-snippet":"max-snippet:-1","max-image-preview":"max-image-preview:large","max-video-preview":"max-video-preview:-1"},"canonical":"https:\/\/dev.antudigital.cl\/sites\/vc\/mencion-de-dramaturgia-presenta-textos-ineditos-de-estudiantes-en-lecturas-dramatizadas\/","og_locale":"es_ES","og_type":"article","og_title":"Menci\u00f3n de Dramaturgia presenta textos in\u00e9ditos de estudiantes en lecturas dramatizadas - Valpara\u00ed\u00adso Creativo","og_description":"El pr\u00f3ximo viernes 27 de junio, a las 18:00 horas, la Menci\u00f3n de Dramaturgia de la Escuela de Teatro UV presenta \u201cLecturas Dramatizadas: Re-Escribir el Espacio\/Tiempo\u201d, actividad enmarcada en la asignatura T\u00e9cnica Escritural 2025, que consiste en una muestra abierta de tres textos dram\u00e1ticos in\u00e9ditos desarrollados por estudiantes, guiada por el docente Fernando Mena. En [&hellip;]","og_url":"https:\/\/dev.antudigital.cl\/sites\/vc\/mencion-de-dramaturgia-presenta-textos-ineditos-de-estudiantes-en-lecturas-dramatizadas\/","og_site_name":"Valpara\u00ed\u00adso Creativo","article_published_time":"2025-06-23T18:24:00+00:00","article_modified_time":"2025-07-11T00:26:30+00:00","og_image":[{"width":1920,"height":1080,"url":"https:\/\/dev.antudigital.cl\/sites\/vc\/wp-content\/uploads\/2025\/07\/Mencion-Dramaturgia.jpg","type":"image\/jpeg"}],"author":"Valpara\u00edso Creativo","twitter_card":"summary_large_image","twitter_misc":{"Escrito por":"Valpara\u00edso Creativo","Tiempo de lectura":"4 minutos"},"schema":{"@context":"https:\/\/schema.org","@graph":[{"@type":"Article","@id":"https:\/\/dev.antudigital.cl\/sites\/vc\/mencion-de-dramaturgia-presenta-textos-ineditos-de-estudiantes-en-lecturas-dramatizadas\/#article","isPartOf":{"@id":"https:\/\/dev.antudigital.cl\/sites\/vc\/mencion-de-dramaturgia-presenta-textos-ineditos-de-estudiantes-en-lecturas-dramatizadas\/"},"author":{"name":"Valpara\u00edso Creativo","@id":"https:\/\/dev.antudigital.cl\/sites\/vc\/#\/schema\/person\/c2b9da8dd545e27166fc5ab232837318"},"headline":"Menci\u00f3n de Dramaturgia presenta textos in\u00e9ditos de estudiantes en lecturas dramatizadas","datePublished":"2025-06-23T18:24:00+00:00","dateModified":"2025-07-11T00:26:30+00:00","mainEntityOfPage":{"@id":"https:\/\/dev.antudigital.cl\/sites\/vc\/mencion-de-dramaturgia-presenta-textos-ineditos-de-estudiantes-en-lecturas-dramatizadas\/"},"wordCount":760,"image":{"@id":"https:\/\/dev.antudigital.cl\/sites\/vc\/mencion-de-dramaturgia-presenta-textos-ineditos-de-estudiantes-en-lecturas-dramatizadas\/#primaryimage"},"thumbnailUrl":"https:\/\/dev.antudigital.cl\/sites\/vc\/wp-content\/uploads\/2025\/07\/Mencion-Dramaturgia.jpg","articleSection":["Uncategorized"],"inLanguage":"es"},{"@type":"WebPage","@id":"https:\/\/dev.antudigital.cl\/sites\/vc\/mencion-de-dramaturgia-presenta-textos-ineditos-de-estudiantes-en-lecturas-dramatizadas\/","url":"https:\/\/dev.antudigital.cl\/sites\/vc\/mencion-de-dramaturgia-presenta-textos-ineditos-de-estudiantes-en-lecturas-dramatizadas\/","name":"Menci\u00f3n de Dramaturgia presenta textos in\u00e9ditos de estudiantes en lecturas dramatizadas - Valpara\u00ed\u00adso Creativo","isPartOf":{"@id":"https:\/\/dev.antudigital.cl\/sites\/vc\/#website"},"primaryImageOfPage":{"@id":"https:\/\/dev.antudigital.cl\/sites\/vc\/mencion-de-dramaturgia-presenta-textos-ineditos-de-estudiantes-en-lecturas-dramatizadas\/#primaryimage"},"image":{"@id":"https:\/\/dev.antudigital.cl\/sites\/vc\/mencion-de-dramaturgia-presenta-textos-ineditos-de-estudiantes-en-lecturas-dramatizadas\/#primaryimage"},"thumbnailUrl":"https:\/\/dev.antudigital.cl\/sites\/vc\/wp-content\/uploads\/2025\/07\/Mencion-Dramaturgia.jpg","datePublished":"2025-06-23T18:24:00+00:00","dateModified":"2025-07-11T00:26:30+00:00","author":{"@id":"https:\/\/dev.antudigital.cl\/sites\/vc\/#\/schema\/person\/c2b9da8dd545e27166fc5ab232837318"},"breadcrumb":{"@id":"https:\/\/dev.antudigital.cl\/sites\/vc\/mencion-de-dramaturgia-presenta-textos-ineditos-de-estudiantes-en-lecturas-dramatizadas\/#breadcrumb"},"inLanguage":"es","potentialAction":[{"@type":"ReadAction","target":["https:\/\/dev.antudigital.cl\/sites\/vc\/mencion-de-dramaturgia-presenta-textos-ineditos-de-estudiantes-en-lecturas-dramatizadas\/"]}]},{"@type":"ImageObject","inLanguage":"es","@id":"https:\/\/dev.antudigital.cl\/sites\/vc\/mencion-de-dramaturgia-presenta-textos-ineditos-de-estudiantes-en-lecturas-dramatizadas\/#primaryimage","url":"https:\/\/dev.antudigital.cl\/sites\/vc\/wp-content\/uploads\/2025\/07\/Mencion-Dramaturgia.jpg","contentUrl":"https:\/\/dev.antudigital.cl\/sites\/vc\/wp-content\/uploads\/2025\/07\/Mencion-Dramaturgia.jpg","width":1920,"height":1080},{"@type":"BreadcrumbList","@id":"https:\/\/dev.antudigital.cl\/sites\/vc\/mencion-de-dramaturgia-presenta-textos-ineditos-de-estudiantes-en-lecturas-dramatizadas\/#breadcrumb","itemListElement":[{"@type":"ListItem","position":1,"name":"Home","item":"https:\/\/dev.antudigital.cl\/sites\/vc\/"},{"@type":"ListItem","position":2,"name":"Menci\u00f3n de Dramaturgia presenta textos in\u00e9ditos de estudiantes en lecturas dramatizadas"}]},{"@type":"WebSite","@id":"https:\/\/dev.antudigital.cl\/sites\/vc\/#website","url":"https:\/\/dev.antudigital.cl\/sites\/vc\/","name":"Valpara\u00ed\u00adso Creativo","description":"","potentialAction":[{"@type":"SearchAction","target":{"@type":"EntryPoint","urlTemplate":"https:\/\/dev.antudigital.cl\/sites\/vc\/?s={search_term_string}"},"query-input":{"@type":"PropertyValueSpecification","valueRequired":true,"valueName":"search_term_string"}}],"inLanguage":"es"},{"@type":"Person","@id":"https:\/\/dev.antudigital.cl\/sites\/vc\/#\/schema\/person\/c2b9da8dd545e27166fc5ab232837318","name":"Valpara\u00edso Creativo","description":"Periodista de cultura en la Regi\u00f3n de Valpara\u00edso.","url":"https:\/\/dev.antudigital.cl\/sites\/vc\/author\/valpoadmin\/"}]}},"_links":{"self":[{"href":"https:\/\/dev.antudigital.cl\/sites\/vc\/wp-json\/wp\/v2\/posts\/25311","targetHints":{"allow":["GET"]}}],"collection":[{"href":"https:\/\/dev.antudigital.cl\/sites\/vc\/wp-json\/wp\/v2\/posts"}],"about":[{"href":"https:\/\/dev.antudigital.cl\/sites\/vc\/wp-json\/wp\/v2\/types\/post"}],"author":[{"embeddable":true,"href":"https:\/\/dev.antudigital.cl\/sites\/vc\/wp-json\/wp\/v2\/users\/1"}],"replies":[{"embeddable":true,"href":"https:\/\/dev.antudigital.cl\/sites\/vc\/wp-json\/wp\/v2\/comments?post=25311"}],"version-history":[{"count":1,"href":"https:\/\/dev.antudigital.cl\/sites\/vc\/wp-json\/wp\/v2\/posts\/25311\/revisions"}],"predecessor-version":[{"id":25313,"href":"https:\/\/dev.antudigital.cl\/sites\/vc\/wp-json\/wp\/v2\/posts\/25311\/revisions\/25313"}],"wp:featuredmedia":[{"embeddable":true,"href":"https:\/\/dev.antudigital.cl\/sites\/vc\/wp-json\/wp\/v2\/media\/25312"}],"wp:attachment":[{"href":"https:\/\/dev.antudigital.cl\/sites\/vc\/wp-json\/wp\/v2\/media?parent=25311"}],"wp:term":[{"taxonomy":"category","embeddable":true,"href":"https:\/\/dev.antudigital.cl\/sites\/vc\/wp-json\/wp\/v2\/categories?post=25311"},{"taxonomy":"post_tag","embeddable":true,"href":"https:\/\/dev.antudigital.cl\/sites\/vc\/wp-json\/wp\/v2\/tags?post=25311"}],"curies":[{"name":"wp","href":"https:\/\/api.w.org\/{rel}","templated":true}]}}