{"id":25320,"date":"2025-06-18T15:36:31","date_gmt":"2025-06-18T19:36:31","guid":{"rendered":"https:\/\/www.valparaisocreativo.cl\/?p=25320"},"modified":"2025-07-11T15:38:36","modified_gmt":"2025-07-11T19:38:36","slug":"raices-visuales-universidad-de-valparaiso-invita-a-muestra-de-documentales-sobre-patrimonio","status":"publish","type":"post","link":"https:\/\/dev.antudigital.cl\/sites\/vc\/raices-visuales-universidad-de-valparaiso-invita-a-muestra-de-documentales-sobre-patrimonio\/","title":{"rendered":"Ra\u00edces Visuales: Universidad de Valpara\u00edso invita a muestra de documentales sobre patrimonio"},"content":{"rendered":"\n<h3 class=\"wp-block-heading\"><strong>El Instituto de Historia y Ciencias Sociales de la Universidad de Valpara\u00edso presenta una jornada abierta de cine y conversaci\u00f3n en torno al patrimonio cultural local, el pr\u00f3ximo jueves 19 de junio en Valpara\u00edso.<\/strong><\/h3>\n\n\n\n<p>El <strong>Instituto de Historia y Ciencias Sociales de la Universidad de Valpara\u00edso<\/strong> tiene el agrado de invitar a la comunidad universitaria y al p\u00fablico general a la actividad <strong>\u201cRa\u00edces Visuales: Muestra de documentales sobre patrimonio\u201d<\/strong>, que se realizar\u00e1 el <strong>jueves 19 de junio a las 16:15 horas<\/strong> en el <strong>Auditorio de la Facultad de Humanidades y Educaci\u00f3n<\/strong> (Serrano 546, Valpara\u00edso).<\/p>\n\n\n\n<p>Organizada por la unidad de <strong>Vinculaci\u00f3n con el Medio del Instituto<\/strong>, esta muestra busca reflexionar sobre la importancia del patrimonio cultural mediante el lenguaje audiovisual. En esta ocasi\u00f3n se presentar\u00e1n dos documentales que abordan, desde distintas perspectivas, la riqueza patrimonial de nuestro territorio y su v\u00ednculo con la identidad local:<\/p>\n\n\n\n<ul class=\"wp-block-list\">\n<li><strong>\u201cAl Pan, Pan, Juvenal\u201d<\/strong>, de Ricardo Villarroel, Eduardo Ramos, Silvana Bustos y Crist\u00f3bal S\u00e1nchez.<\/li>\n\n\n\n<li><strong>\u201cRutas A\u00e9reas Patrimoniales\u201d<\/strong>, de Aditi Olivera y Jaime Flores.<\/li>\n<\/ul>\n\n\n\n<p>Tras la proyecci\u00f3n, se desarrollar\u00e1 un <strong>conversatorio moderado por Angelo Villagr\u00e1n Olivares<\/strong>, que abrir\u00e1 un espacio de di\u00e1logo y reflexi\u00f3n con el p\u00fablico en torno a las tem\u00e1ticas presentadas.<\/p>\n\n\n\n<p>Esta iniciativa forma parte del compromiso de la Universidad de Valpara\u00edso con la <strong>difusi\u00f3n del patrimonio, la cultura y el fortalecimiento de los lazos entre la academia y la sociedad<\/strong>.<\/p>\n\n\n\n<p>Para m\u00e1s informaci\u00f3n, pueden contactarse a trav\u00e9s de las <strong>redes sociales del Instituto de Historia y Ciencias Sociales UV<\/strong> o escribir al correo de Vinculaci\u00f3n con el Medio.<\/p>\n\n\n\n<p><strong>\u00a1Les esperamos para compartir una jornada de cine, memoria e identidad!<\/strong><\/p>\n\n\n\n<p><\/p>\n\n\n\n<figure class=\"wp-block-image size-full\"><img decoding=\"async\" src=\"https:\/\/www.valparaisocreativo.cl\/wp-content\/uploads\/2025\/06\/Vuelos_06.jpeg\" alt=\"\" class=\"wp-image-23858\"\/><\/figure>\n\n\n\n<p><\/p>\n","protected":false},"excerpt":{"rendered":"<p>El Instituto de Historia y Ciencias Sociales de la Universidad de Valpara\u00edso presenta una jornada abierta de cine y conversaci\u00f3n en torno al patrimonio cultural local, el pr\u00f3ximo jueves 19 de junio en Valpara\u00edso. El Instituto de Historia y Ciencias Sociales de la Universidad de Valpara\u00edso tiene el agrado de invitar a la comunidad universitaria [&hellip;]<\/p>\n","protected":false},"author":1,"featured_media":25321,"comment_status":"closed","ping_status":"closed","sticky":false,"template":"","format":"standard","meta":{"_acf_changed":false,"footnotes":""},"categories":[1],"tags":[],"class_list":["post-25320","post","type-post","status-publish","format-standard","has-post-thumbnail","hentry","category-uncategorized"],"acf":[],"yoast_head":"<!-- This site is optimized with the Yoast SEO plugin v27.1.1 - https:\/\/yoast.com\/product\/yoast-seo-wordpress\/ -->\n<title>Ra\u00edces Visuales: Universidad de Valpara\u00edso invita a muestra de documentales sobre patrimonio - Valpara\u00ed\u00adso Creativo<\/title>\n<meta name=\"robots\" content=\"index, follow, max-snippet:-1, max-image-preview:large, max-video-preview:-1\" \/>\n<link rel=\"canonical\" href=\"https:\/\/dev.antudigital.cl\/sites\/vc\/raices-visuales-universidad-de-valparaiso-invita-a-muestra-de-documentales-sobre-patrimonio\/\" \/>\n<meta property=\"og:locale\" content=\"es_ES\" \/>\n<meta property=\"og:type\" content=\"article\" \/>\n<meta property=\"og:title\" content=\"Ra\u00edces Visuales: Universidad de Valpara\u00edso invita a muestra de documentales sobre patrimonio - Valpara\u00ed\u00adso Creativo\" \/>\n<meta property=\"og:description\" content=\"El Instituto de Historia y Ciencias Sociales de la Universidad de Valpara\u00edso presenta una jornada abierta de cine y conversaci\u00f3n en torno al patrimonio cultural local, el pr\u00f3ximo jueves 19 de junio en Valpara\u00edso. El Instituto de Historia y Ciencias Sociales de la Universidad de Valpara\u00edso tiene el agrado de invitar a la comunidad universitaria [&hellip;]\" \/>\n<meta property=\"og:url\" content=\"https:\/\/dev.antudigital.cl\/sites\/vc\/raices-visuales-universidad-de-valparaiso-invita-a-muestra-de-documentales-sobre-patrimonio\/\" \/>\n<meta property=\"og:site_name\" content=\"Valpara\u00ed\u00adso Creativo\" \/>\n<meta property=\"article:published_time\" content=\"2025-06-18T19:36:31+00:00\" \/>\n<meta property=\"article:modified_time\" content=\"2025-07-11T19:38:36+00:00\" \/>\n<meta property=\"og:image\" content=\"https:\/\/dev.antudigital.cl\/sites\/vc\/wp-content\/uploads\/2025\/07\/Rutas-scaled-1.png\" \/>\n\t<meta property=\"og:image:width\" content=\"1200\" \/>\n\t<meta property=\"og:image:height\" content=\"658\" \/>\n\t<meta property=\"og:image:type\" content=\"image\/png\" \/>\n<meta name=\"author\" content=\"Valpara\u00edso Creativo\" \/>\n<meta name=\"twitter:card\" content=\"summary_large_image\" \/>\n<meta name=\"twitter:label1\" content=\"Escrito por\" \/>\n\t<meta name=\"twitter:data1\" content=\"Valpara\u00edso Creativo\" \/>\n\t<meta name=\"twitter:label2\" content=\"Tiempo de lectura\" \/>\n\t<meta name=\"twitter:data2\" content=\"2 minutos\" \/>\n<script type=\"application\/ld+json\" class=\"yoast-schema-graph\">{\"@context\":\"https:\/\/schema.org\",\"@graph\":[{\"@type\":\"Article\",\"@id\":\"https:\/\/dev.antudigital.cl\/sites\/vc\/raices-visuales-universidad-de-valparaiso-invita-a-muestra-de-documentales-sobre-patrimonio\/#article\",\"isPartOf\":{\"@id\":\"https:\/\/dev.antudigital.cl\/sites\/vc\/raices-visuales-universidad-de-valparaiso-invita-a-muestra-de-documentales-sobre-patrimonio\/\"},\"author\":{\"name\":\"Valpara\u00edso Creativo\",\"@id\":\"https:\/\/dev.antudigital.cl\/sites\/vc\/#\/schema\/person\/c2b9da8dd545e27166fc5ab232837318\"},\"headline\":\"Ra\u00edces Visuales: Universidad de Valpara\u00edso invita a muestra de documentales sobre patrimonio\",\"datePublished\":\"2025-06-18T19:36:31+00:00\",\"dateModified\":\"2025-07-11T19:38:36+00:00\",\"mainEntityOfPage\":{\"@id\":\"https:\/\/dev.antudigital.cl\/sites\/vc\/raices-visuales-universidad-de-valparaiso-invita-a-muestra-de-documentales-sobre-patrimonio\/\"},\"wordCount\":303,\"image\":{\"@id\":\"https:\/\/dev.antudigital.cl\/sites\/vc\/raices-visuales-universidad-de-valparaiso-invita-a-muestra-de-documentales-sobre-patrimonio\/#primaryimage\"},\"thumbnailUrl\":\"https:\/\/dev.antudigital.cl\/sites\/vc\/wp-content\/uploads\/2025\/07\/Rutas-scaled-1.png\",\"articleSection\":[\"Uncategorized\"],\"inLanguage\":\"es\"},{\"@type\":\"WebPage\",\"@id\":\"https:\/\/dev.antudigital.cl\/sites\/vc\/raices-visuales-universidad-de-valparaiso-invita-a-muestra-de-documentales-sobre-patrimonio\/\",\"url\":\"https:\/\/dev.antudigital.cl\/sites\/vc\/raices-visuales-universidad-de-valparaiso-invita-a-muestra-de-documentales-sobre-patrimonio\/\",\"name\":\"Ra\u00edces Visuales: Universidad de Valpara\u00edso invita a muestra de documentales sobre patrimonio - Valpara\u00ed\u00adso Creativo\",\"isPartOf\":{\"@id\":\"https:\/\/dev.antudigital.cl\/sites\/vc\/#website\"},\"primaryImageOfPage\":{\"@id\":\"https:\/\/dev.antudigital.cl\/sites\/vc\/raices-visuales-universidad-de-valparaiso-invita-a-muestra-de-documentales-sobre-patrimonio\/#primaryimage\"},\"image\":{\"@id\":\"https:\/\/dev.antudigital.cl\/sites\/vc\/raices-visuales-universidad-de-valparaiso-invita-a-muestra-de-documentales-sobre-patrimonio\/#primaryimage\"},\"thumbnailUrl\":\"https:\/\/dev.antudigital.cl\/sites\/vc\/wp-content\/uploads\/2025\/07\/Rutas-scaled-1.png\",\"datePublished\":\"2025-06-18T19:36:31+00:00\",\"dateModified\":\"2025-07-11T19:38:36+00:00\",\"author\":{\"@id\":\"https:\/\/dev.antudigital.cl\/sites\/vc\/#\/schema\/person\/c2b9da8dd545e27166fc5ab232837318\"},\"breadcrumb\":{\"@id\":\"https:\/\/dev.antudigital.cl\/sites\/vc\/raices-visuales-universidad-de-valparaiso-invita-a-muestra-de-documentales-sobre-patrimonio\/#breadcrumb\"},\"inLanguage\":\"es\",\"potentialAction\":[{\"@type\":\"ReadAction\",\"target\":[\"https:\/\/dev.antudigital.cl\/sites\/vc\/raices-visuales-universidad-de-valparaiso-invita-a-muestra-de-documentales-sobre-patrimonio\/\"]}]},{\"@type\":\"ImageObject\",\"inLanguage\":\"es\",\"@id\":\"https:\/\/dev.antudigital.cl\/sites\/vc\/raices-visuales-universidad-de-valparaiso-invita-a-muestra-de-documentales-sobre-patrimonio\/#primaryimage\",\"url\":\"https:\/\/dev.antudigital.cl\/sites\/vc\/wp-content\/uploads\/2025\/07\/Rutas-scaled-1.png\",\"contentUrl\":\"https:\/\/dev.antudigital.cl\/sites\/vc\/wp-content\/uploads\/2025\/07\/Rutas-scaled-1.png\",\"width\":1200,\"height\":658},{\"@type\":\"BreadcrumbList\",\"@id\":\"https:\/\/dev.antudigital.cl\/sites\/vc\/raices-visuales-universidad-de-valparaiso-invita-a-muestra-de-documentales-sobre-patrimonio\/#breadcrumb\",\"itemListElement\":[{\"@type\":\"ListItem\",\"position\":1,\"name\":\"Home\",\"item\":\"https:\/\/dev.antudigital.cl\/sites\/vc\/\"},{\"@type\":\"ListItem\",\"position\":2,\"name\":\"Ra\u00edces Visuales: Universidad de Valpara\u00edso invita a muestra de documentales sobre patrimonio\"}]},{\"@type\":\"WebSite\",\"@id\":\"https:\/\/dev.antudigital.cl\/sites\/vc\/#website\",\"url\":\"https:\/\/dev.antudigital.cl\/sites\/vc\/\",\"name\":\"Valpara\u00ed\u00adso Creativo\",\"description\":\"\",\"potentialAction\":[{\"@type\":\"SearchAction\",\"target\":{\"@type\":\"EntryPoint\",\"urlTemplate\":\"https:\/\/dev.antudigital.cl\/sites\/vc\/?s={search_term_string}\"},\"query-input\":{\"@type\":\"PropertyValueSpecification\",\"valueRequired\":true,\"valueName\":\"search_term_string\"}}],\"inLanguage\":\"es\"},{\"@type\":\"Person\",\"@id\":\"https:\/\/dev.antudigital.cl\/sites\/vc\/#\/schema\/person\/c2b9da8dd545e27166fc5ab232837318\",\"name\":\"Valpara\u00edso Creativo\",\"description\":\"Periodista de cultura en la Regi\u00f3n de Valpara\u00edso.\",\"url\":\"https:\/\/dev.antudigital.cl\/sites\/vc\/author\/valpoadmin\/\"}]}<\/script>\n<!-- \/ Yoast SEO plugin. -->","yoast_head_json":{"title":"Ra\u00edces Visuales: Universidad de Valpara\u00edso invita a muestra de documentales sobre patrimonio - Valpara\u00ed\u00adso Creativo","robots":{"index":"index","follow":"follow","max-snippet":"max-snippet:-1","max-image-preview":"max-image-preview:large","max-video-preview":"max-video-preview:-1"},"canonical":"https:\/\/dev.antudigital.cl\/sites\/vc\/raices-visuales-universidad-de-valparaiso-invita-a-muestra-de-documentales-sobre-patrimonio\/","og_locale":"es_ES","og_type":"article","og_title":"Ra\u00edces Visuales: Universidad de Valpara\u00edso invita a muestra de documentales sobre patrimonio - Valpara\u00ed\u00adso Creativo","og_description":"El Instituto de Historia y Ciencias Sociales de la Universidad de Valpara\u00edso presenta una jornada abierta de cine y conversaci\u00f3n en torno al patrimonio cultural local, el pr\u00f3ximo jueves 19 de junio en Valpara\u00edso. El Instituto de Historia y Ciencias Sociales de la Universidad de Valpara\u00edso tiene el agrado de invitar a la comunidad universitaria [&hellip;]","og_url":"https:\/\/dev.antudigital.cl\/sites\/vc\/raices-visuales-universidad-de-valparaiso-invita-a-muestra-de-documentales-sobre-patrimonio\/","og_site_name":"Valpara\u00ed\u00adso Creativo","article_published_time":"2025-06-18T19:36:31+00:00","article_modified_time":"2025-07-11T19:38:36+00:00","og_image":[{"width":1200,"height":658,"url":"https:\/\/dev.antudigital.cl\/sites\/vc\/wp-content\/uploads\/2025\/07\/Rutas-scaled-1.png","type":"image\/png"}],"author":"Valpara\u00edso Creativo","twitter_card":"summary_large_image","twitter_misc":{"Escrito por":"Valpara\u00edso Creativo","Tiempo de lectura":"2 minutos"},"schema":{"@context":"https:\/\/schema.org","@graph":[{"@type":"Article","@id":"https:\/\/dev.antudigital.cl\/sites\/vc\/raices-visuales-universidad-de-valparaiso-invita-a-muestra-de-documentales-sobre-patrimonio\/#article","isPartOf":{"@id":"https:\/\/dev.antudigital.cl\/sites\/vc\/raices-visuales-universidad-de-valparaiso-invita-a-muestra-de-documentales-sobre-patrimonio\/"},"author":{"name":"Valpara\u00edso Creativo","@id":"https:\/\/dev.antudigital.cl\/sites\/vc\/#\/schema\/person\/c2b9da8dd545e27166fc5ab232837318"},"headline":"Ra\u00edces Visuales: Universidad de Valpara\u00edso invita a muestra de documentales sobre patrimonio","datePublished":"2025-06-18T19:36:31+00:00","dateModified":"2025-07-11T19:38:36+00:00","mainEntityOfPage":{"@id":"https:\/\/dev.antudigital.cl\/sites\/vc\/raices-visuales-universidad-de-valparaiso-invita-a-muestra-de-documentales-sobre-patrimonio\/"},"wordCount":303,"image":{"@id":"https:\/\/dev.antudigital.cl\/sites\/vc\/raices-visuales-universidad-de-valparaiso-invita-a-muestra-de-documentales-sobre-patrimonio\/#primaryimage"},"thumbnailUrl":"https:\/\/dev.antudigital.cl\/sites\/vc\/wp-content\/uploads\/2025\/07\/Rutas-scaled-1.png","articleSection":["Uncategorized"],"inLanguage":"es"},{"@type":"WebPage","@id":"https:\/\/dev.antudigital.cl\/sites\/vc\/raices-visuales-universidad-de-valparaiso-invita-a-muestra-de-documentales-sobre-patrimonio\/","url":"https:\/\/dev.antudigital.cl\/sites\/vc\/raices-visuales-universidad-de-valparaiso-invita-a-muestra-de-documentales-sobre-patrimonio\/","name":"Ra\u00edces Visuales: Universidad de Valpara\u00edso invita a muestra de documentales sobre patrimonio - Valpara\u00ed\u00adso Creativo","isPartOf":{"@id":"https:\/\/dev.antudigital.cl\/sites\/vc\/#website"},"primaryImageOfPage":{"@id":"https:\/\/dev.antudigital.cl\/sites\/vc\/raices-visuales-universidad-de-valparaiso-invita-a-muestra-de-documentales-sobre-patrimonio\/#primaryimage"},"image":{"@id":"https:\/\/dev.antudigital.cl\/sites\/vc\/raices-visuales-universidad-de-valparaiso-invita-a-muestra-de-documentales-sobre-patrimonio\/#primaryimage"},"thumbnailUrl":"https:\/\/dev.antudigital.cl\/sites\/vc\/wp-content\/uploads\/2025\/07\/Rutas-scaled-1.png","datePublished":"2025-06-18T19:36:31+00:00","dateModified":"2025-07-11T19:38:36+00:00","author":{"@id":"https:\/\/dev.antudigital.cl\/sites\/vc\/#\/schema\/person\/c2b9da8dd545e27166fc5ab232837318"},"breadcrumb":{"@id":"https:\/\/dev.antudigital.cl\/sites\/vc\/raices-visuales-universidad-de-valparaiso-invita-a-muestra-de-documentales-sobre-patrimonio\/#breadcrumb"},"inLanguage":"es","potentialAction":[{"@type":"ReadAction","target":["https:\/\/dev.antudigital.cl\/sites\/vc\/raices-visuales-universidad-de-valparaiso-invita-a-muestra-de-documentales-sobre-patrimonio\/"]}]},{"@type":"ImageObject","inLanguage":"es","@id":"https:\/\/dev.antudigital.cl\/sites\/vc\/raices-visuales-universidad-de-valparaiso-invita-a-muestra-de-documentales-sobre-patrimonio\/#primaryimage","url":"https:\/\/dev.antudigital.cl\/sites\/vc\/wp-content\/uploads\/2025\/07\/Rutas-scaled-1.png","contentUrl":"https:\/\/dev.antudigital.cl\/sites\/vc\/wp-content\/uploads\/2025\/07\/Rutas-scaled-1.png","width":1200,"height":658},{"@type":"BreadcrumbList","@id":"https:\/\/dev.antudigital.cl\/sites\/vc\/raices-visuales-universidad-de-valparaiso-invita-a-muestra-de-documentales-sobre-patrimonio\/#breadcrumb","itemListElement":[{"@type":"ListItem","position":1,"name":"Home","item":"https:\/\/dev.antudigital.cl\/sites\/vc\/"},{"@type":"ListItem","position":2,"name":"Ra\u00edces Visuales: Universidad de Valpara\u00edso invita a muestra de documentales sobre patrimonio"}]},{"@type":"WebSite","@id":"https:\/\/dev.antudigital.cl\/sites\/vc\/#website","url":"https:\/\/dev.antudigital.cl\/sites\/vc\/","name":"Valpara\u00ed\u00adso Creativo","description":"","potentialAction":[{"@type":"SearchAction","target":{"@type":"EntryPoint","urlTemplate":"https:\/\/dev.antudigital.cl\/sites\/vc\/?s={search_term_string}"},"query-input":{"@type":"PropertyValueSpecification","valueRequired":true,"valueName":"search_term_string"}}],"inLanguage":"es"},{"@type":"Person","@id":"https:\/\/dev.antudigital.cl\/sites\/vc\/#\/schema\/person\/c2b9da8dd545e27166fc5ab232837318","name":"Valpara\u00edso Creativo","description":"Periodista de cultura en la Regi\u00f3n de Valpara\u00edso.","url":"https:\/\/dev.antudigital.cl\/sites\/vc\/author\/valpoadmin\/"}]}},"_links":{"self":[{"href":"https:\/\/dev.antudigital.cl\/sites\/vc\/wp-json\/wp\/v2\/posts\/25320","targetHints":{"allow":["GET"]}}],"collection":[{"href":"https:\/\/dev.antudigital.cl\/sites\/vc\/wp-json\/wp\/v2\/posts"}],"about":[{"href":"https:\/\/dev.antudigital.cl\/sites\/vc\/wp-json\/wp\/v2\/types\/post"}],"author":[{"embeddable":true,"href":"https:\/\/dev.antudigital.cl\/sites\/vc\/wp-json\/wp\/v2\/users\/1"}],"replies":[{"embeddable":true,"href":"https:\/\/dev.antudigital.cl\/sites\/vc\/wp-json\/wp\/v2\/comments?post=25320"}],"version-history":[{"count":1,"href":"https:\/\/dev.antudigital.cl\/sites\/vc\/wp-json\/wp\/v2\/posts\/25320\/revisions"}],"predecessor-version":[{"id":25322,"href":"https:\/\/dev.antudigital.cl\/sites\/vc\/wp-json\/wp\/v2\/posts\/25320\/revisions\/25322"}],"wp:featuredmedia":[{"embeddable":true,"href":"https:\/\/dev.antudigital.cl\/sites\/vc\/wp-json\/wp\/v2\/media\/25321"}],"wp:attachment":[{"href":"https:\/\/dev.antudigital.cl\/sites\/vc\/wp-json\/wp\/v2\/media?parent=25320"}],"wp:term":[{"taxonomy":"category","embeddable":true,"href":"https:\/\/dev.antudigital.cl\/sites\/vc\/wp-json\/wp\/v2\/categories?post=25320"},{"taxonomy":"post_tag","embeddable":true,"href":"https:\/\/dev.antudigital.cl\/sites\/vc\/wp-json\/wp\/v2\/tags?post=25320"}],"curies":[{"name":"wp","href":"https:\/\/api.w.org\/{rel}","templated":true}]}}