{"id":25323,"date":"2025-06-18T14:38:00","date_gmt":"2025-06-18T18:38:00","guid":{"rendered":"https:\/\/www.valparaisocreativo.cl\/?p=25323"},"modified":"2025-07-11T15:40:34","modified_gmt":"2025-07-11T19:40:34","slug":"14a-festival-internacional-de-cine-ojo-de-pescado-anuncia-la-seleccion-oficial","status":"publish","type":"post","link":"https:\/\/dev.antudigital.cl\/sites\/vc\/14a-festival-internacional-de-cine-ojo-de-pescado-anuncia-la-seleccion-oficial\/","title":{"rendered":"\u00a114\u00aa Festival Internacional de Cine Ojo de Pescado anuncia la Selecci\u00f3n Oficial!"},"content":{"rendered":"\n<p>El festival de Cine Internacional Ojo de Pescado, proyecto financiado por el Fondo de Fomento Audiovisual, Convocatoria 2025 del Ministerio de las Culturas, las Artes y el Patrimonio, celebra la selecci\u00f3n de pel\u00edculas chilenas, as\u00ed como de pa\u00edses como M\u00e9xico, Hungr\u00eda, Alemania, Colombia, Brasil, Pa\u00edses Bajos, Rusia, Lituania, Espa\u00f1a, Per\u00fa, Argentina, Canad\u00e1, Italia, Francia, Senegal y Cuba, que conforman una programaci\u00f3n diversa, cuidadosamente curada y de alto valor creativo, pensada especialmente para ni\u00f1as, ni\u00f1os y adolescentes.<\/p>\n\n\n\n<p><strong>Narrar para convivir: cine e infancia en movimiento<\/strong><\/p>\n\n\n\n<p>Este proyecto, financiado por el Fondo de Fomento Audiovisual, Convocatoria 2025 del Ministerio de las Culturas, las Artes y el Patrimonio, se realiza este a\u00f1o bajo el lema <strong>\u201cCine para vivir y convivir\u201d<\/strong>, reafirmando el valor de una infancia con voz, mirada y derecho a narrarse a s\u00ed misma.&nbsp;<\/p>\n\n\n\n<p>Con m\u00e1s de una d\u00e9cada de trayectoria y pr\u00f3ximo a celebrar su 15\u00ba aniversario, Ojo de Pescado llev\u00f3 a cabo su proceso de selecci\u00f3n mediante un equipo curatorial conformado por especialistas en cine, comunicaci\u00f3n y educaci\u00f3n. A este trabajo se sum\u00f3 la valiosa participaci\u00f3n del Consejo Consultivo, integrado por ni\u00f1as, ni\u00f1os y adolescentes que forman parte activa del equipo y aportan una mirada cr\u00edtica y sensible. Sobre este proceso, la directora art\u00edstica, Alejandra Fritis, se\u00f1ala:<\/p>\n\n\n\n<p><em>Un meticuloso equipo de curadores y curadoras conformado por adultos, ni\u00f1os, ni\u00f1as y j\u00f3venes tuvo la desafiante misi\u00f3n de ver y calificar alrededor de 500 obras audiovisuales de los 5 continentes, creaciones especialmente realizadas para que las ni\u00f1eces disfruten de la experiencia del cine y las artes audiovisuales. Los contenidos seleccionados, que ascienden a poco m\u00e1s de un centenar, fueron elegidos porque proponen est\u00e9ticas y narrativas afines con el universo de las ni\u00f1eces y adolescencias en sus distintas etapas y manifestaciones, y presentan abordajes tem\u00e1ticos y formales con enfoque de derechos de las infancias. Obras audiovisuales e interactivas que promueven la participaci\u00f3n y la acci\u00f3n de las ni\u00f1eces, que no les subestiman, y que les ponen en pantalla como sujetos poderosos, aut\u00f3nomos, ingeniosos y resilientes. Una programaci\u00f3n cuidada, definida seg\u00fan edades y niveles de ense\u00f1anza escolar, que esperamos vuelva a emocionar, divertir y asombrar a los p\u00fablicos infantiles y juveniles del cine en Valpara\u00edso.<\/em><\/p>\n\n\n\n<p>En esta edici\u00f3n se incorpora la categor\u00eda <strong>Contenidos Interactivos<\/strong>, una apuesta por ampliar las formas de narrar el mundo en lenguajes que dialogan con las nuevas generaciones. Esta nueva secci\u00f3n re\u00fane 23 obras entre podcasts, libros digitales y videojuegos.<\/p>\n\n\n\n<figure class=\"wp-block-image size-large\"><img decoding=\"async\" src=\"https:\/\/www.valparaisocreativo.cl\/wp-content\/uploads\/2025\/06\/IMG_5712-1024x638.jpg\" alt=\"\" class=\"wp-image-23851\"\/><\/figure>\n\n\n\n<p>La competencia oficial incluye 84 obras audiovisuales: 7 largometrajes, 23 cortometrajes, 20 series de televisi\u00f3n y 34 cortometrajes en la categor\u00eda J\u00f3venes Cineastas. La cuidada selecci\u00f3n incluye obras de animaci\u00f3n, documental y ficci\u00f3n. Diana Mena, integrante del Consejo Consultivo \u201cPescadores de Ideas\u201d, nos comparte c\u00f3mo fue el trabajo realizado:<\/p>\n\n\n\n<p><em>\u201cPara m\u00ed, la experiencia de seleccionar pel\u00edculas fue muy nutritiva, tanto para mi como persona como para mi como artista. Observ\u00e9 la realizaci\u00f3n, el mensaje que quer\u00edan transmitir y si eran apropiados para la edad del p\u00fablico. Tambi\u00e9n me fij\u00e9 mucho en el ingenio y lo novedoso de la forma en que se presentaban las tem\u00e1ticas. Sin duda, lo m\u00e1s importante para m\u00ed fue la tem\u00e1tica. Los cortos que abordaban temas profundos y poco tratados recibieron una puntuaci\u00f3n alta, porque consider\u00e9 relevante visibilizar esos contenidos. Son temas que a los j\u00f3venes nos interesan y al momento de hacer una pel\u00edcula con estas tem\u00e1ticas, nos podemos sentir identificados y representados y podemos encontrar un lugar en el cine. Estoy muy agradecida por esta oportunidad. Sin duda la repetir\u00eda, ya que me ayud\u00f3 a expandir mi lenguaje audiovisual y mi forma de ver el mundo. Creo que eso es lo importante del cine ver el mundo como lo ven otras personas.\u201d<\/em><\/p>\n\n\n\n<p>El 14\u00b0 Festival Internacional de Cine Ojo de Pescado,&nbsp; se realizar\u00e1 entre el <strong>26 de agosto y el 5 de septiembre<\/strong> en la ciudad de Valpara\u00edso, con funciones y actividades en espacios emblem\u00e1ticos como el <strong>Parque Cultural de Valpara\u00edso<\/strong>, <strong>Duoc UC Edificio Cousi\u00f1o<\/strong>, <strong>Insomnia Teatro Condell<\/strong>, el <strong>Teatro Municipal de Valpara\u00edso y la sede Industrias Creativas de la PUCV<\/strong>, adem\u00e1s de extensiones programadas en Quintero, Puchuncav\u00ed y Petorca. <strong>Todas las actividades son gratuitas<\/strong>, reafirmando el compromiso del festival con el acceso universal a la cultura y el derecho de ni\u00f1as, ni\u00f1os y adolescentes a participar activamente en la vida art\u00edstica.&nbsp;<\/p>\n\n\n\n<p><strong>Para conocer&nbsp; la Selecci\u00f3n Oficial, visita el sitio web oficial del festival <a href=\"http:\/\/www.ojodepescado.cl\">www.ojodepescado.cl<\/a>.<\/strong><\/p>\n\n\n\n<p><\/p>\n","protected":false},"excerpt":{"rendered":"<p>El festival de Cine Internacional Ojo de Pescado, proyecto financiado por el Fondo de Fomento Audiovisual, Convocatoria 2025 del Ministerio de las Culturas, las Artes y el Patrimonio, celebra la selecci\u00f3n de pel\u00edculas chilenas, as\u00ed como de pa\u00edses como M\u00e9xico, Hungr\u00eda, Alemania, Colombia, Brasil, Pa\u00edses Bajos, Rusia, Lituania, Espa\u00f1a, Per\u00fa, Argentina, Canad\u00e1, Italia, Francia, Senegal [&hellip;]<\/p>\n","protected":false},"author":1,"featured_media":25324,"comment_status":"closed","ping_status":"closed","sticky":false,"template":"","format":"standard","meta":{"_acf_changed":false,"footnotes":""},"categories":[1],"tags":[],"class_list":["post-25323","post","type-post","status-publish","format-standard","has-post-thumbnail","hentry","category-uncategorized"],"acf":[],"yoast_head":"<!-- This site is optimized with the Yoast SEO plugin v27.1.1 - https:\/\/yoast.com\/product\/yoast-seo-wordpress\/ -->\n<title>\u00a114\u00aa Festival Internacional de Cine Ojo de Pescado anuncia la Selecci\u00f3n Oficial! - Valpara\u00ed\u00adso Creativo<\/title>\n<meta name=\"robots\" content=\"index, follow, max-snippet:-1, max-image-preview:large, max-video-preview:-1\" \/>\n<link rel=\"canonical\" href=\"https:\/\/dev.antudigital.cl\/sites\/vc\/14a-festival-internacional-de-cine-ojo-de-pescado-anuncia-la-seleccion-oficial\/\" \/>\n<meta property=\"og:locale\" content=\"es_ES\" \/>\n<meta property=\"og:type\" content=\"article\" \/>\n<meta property=\"og:title\" content=\"\u00a114\u00aa Festival Internacional de Cine Ojo de Pescado anuncia la Selecci\u00f3n Oficial! - Valpara\u00ed\u00adso Creativo\" \/>\n<meta property=\"og:description\" content=\"El festival de Cine Internacional Ojo de Pescado, proyecto financiado por el Fondo de Fomento Audiovisual, Convocatoria 2025 del Ministerio de las Culturas, las Artes y el Patrimonio, celebra la selecci\u00f3n de pel\u00edculas chilenas, as\u00ed como de pa\u00edses como M\u00e9xico, Hungr\u00eda, Alemania, Colombia, Brasil, Pa\u00edses Bajos, Rusia, Lituania, Espa\u00f1a, Per\u00fa, Argentina, Canad\u00e1, Italia, Francia, Senegal [&hellip;]\" \/>\n<meta property=\"og:url\" content=\"https:\/\/dev.antudigital.cl\/sites\/vc\/14a-festival-internacional-de-cine-ojo-de-pescado-anuncia-la-seleccion-oficial\/\" \/>\n<meta property=\"og:site_name\" content=\"Valpara\u00ed\u00adso Creativo\" \/>\n<meta property=\"article:published_time\" content=\"2025-06-18T18:38:00+00:00\" \/>\n<meta property=\"article:modified_time\" content=\"2025-07-11T19:40:34+00:00\" \/>\n<meta property=\"og:image\" content=\"https:\/\/dev.antudigital.cl\/sites\/vc\/wp-content\/uploads\/2025\/07\/ODP_seleccionoficial2025_XS-scaled-1.jpg\" \/>\n\t<meta property=\"og:image:width\" content=\"2560\" \/>\n\t<meta property=\"og:image:height\" content=\"1707\" \/>\n\t<meta property=\"og:image:type\" content=\"image\/jpeg\" \/>\n<meta name=\"author\" content=\"Valpara\u00edso Creativo\" \/>\n<meta name=\"twitter:card\" content=\"summary_large_image\" \/>\n<meta name=\"twitter:label1\" content=\"Escrito por\" \/>\n\t<meta name=\"twitter:data1\" content=\"Valpara\u00edso Creativo\" \/>\n\t<meta name=\"twitter:label2\" content=\"Tiempo de lectura\" \/>\n\t<meta name=\"twitter:data2\" content=\"4 minutos\" \/>\n<script type=\"application\/ld+json\" class=\"yoast-schema-graph\">{\"@context\":\"https:\/\/schema.org\",\"@graph\":[{\"@type\":\"Article\",\"@id\":\"https:\/\/dev.antudigital.cl\/sites\/vc\/14a-festival-internacional-de-cine-ojo-de-pescado-anuncia-la-seleccion-oficial\/#article\",\"isPartOf\":{\"@id\":\"https:\/\/dev.antudigital.cl\/sites\/vc\/14a-festival-internacional-de-cine-ojo-de-pescado-anuncia-la-seleccion-oficial\/\"},\"author\":{\"name\":\"Valpara\u00edso Creativo\",\"@id\":\"https:\/\/dev.antudigital.cl\/sites\/vc\/#\/schema\/person\/c2b9da8dd545e27166fc5ab232837318\"},\"headline\":\"\u00a114\u00aa Festival Internacional de Cine Ojo de Pescado anuncia la Selecci\u00f3n Oficial!\",\"datePublished\":\"2025-06-18T18:38:00+00:00\",\"dateModified\":\"2025-07-11T19:40:34+00:00\",\"mainEntityOfPage\":{\"@id\":\"https:\/\/dev.antudigital.cl\/sites\/vc\/14a-festival-internacional-de-cine-ojo-de-pescado-anuncia-la-seleccion-oficial\/\"},\"wordCount\":801,\"image\":{\"@id\":\"https:\/\/dev.antudigital.cl\/sites\/vc\/14a-festival-internacional-de-cine-ojo-de-pescado-anuncia-la-seleccion-oficial\/#primaryimage\"},\"thumbnailUrl\":\"https:\/\/dev.antudigital.cl\/sites\/vc\/wp-content\/uploads\/2025\/07\/ODP_seleccionoficial2025_XS-scaled-1.jpg\",\"articleSection\":[\"Uncategorized\"],\"inLanguage\":\"es\"},{\"@type\":\"WebPage\",\"@id\":\"https:\/\/dev.antudigital.cl\/sites\/vc\/14a-festival-internacional-de-cine-ojo-de-pescado-anuncia-la-seleccion-oficial\/\",\"url\":\"https:\/\/dev.antudigital.cl\/sites\/vc\/14a-festival-internacional-de-cine-ojo-de-pescado-anuncia-la-seleccion-oficial\/\",\"name\":\"\u00a114\u00aa Festival Internacional de Cine Ojo de Pescado anuncia la Selecci\u00f3n Oficial! - Valpara\u00ed\u00adso Creativo\",\"isPartOf\":{\"@id\":\"https:\/\/dev.antudigital.cl\/sites\/vc\/#website\"},\"primaryImageOfPage\":{\"@id\":\"https:\/\/dev.antudigital.cl\/sites\/vc\/14a-festival-internacional-de-cine-ojo-de-pescado-anuncia-la-seleccion-oficial\/#primaryimage\"},\"image\":{\"@id\":\"https:\/\/dev.antudigital.cl\/sites\/vc\/14a-festival-internacional-de-cine-ojo-de-pescado-anuncia-la-seleccion-oficial\/#primaryimage\"},\"thumbnailUrl\":\"https:\/\/dev.antudigital.cl\/sites\/vc\/wp-content\/uploads\/2025\/07\/ODP_seleccionoficial2025_XS-scaled-1.jpg\",\"datePublished\":\"2025-06-18T18:38:00+00:00\",\"dateModified\":\"2025-07-11T19:40:34+00:00\",\"author\":{\"@id\":\"https:\/\/dev.antudigital.cl\/sites\/vc\/#\/schema\/person\/c2b9da8dd545e27166fc5ab232837318\"},\"breadcrumb\":{\"@id\":\"https:\/\/dev.antudigital.cl\/sites\/vc\/14a-festival-internacional-de-cine-ojo-de-pescado-anuncia-la-seleccion-oficial\/#breadcrumb\"},\"inLanguage\":\"es\",\"potentialAction\":[{\"@type\":\"ReadAction\",\"target\":[\"https:\/\/dev.antudigital.cl\/sites\/vc\/14a-festival-internacional-de-cine-ojo-de-pescado-anuncia-la-seleccion-oficial\/\"]}]},{\"@type\":\"ImageObject\",\"inLanguage\":\"es\",\"@id\":\"https:\/\/dev.antudigital.cl\/sites\/vc\/14a-festival-internacional-de-cine-ojo-de-pescado-anuncia-la-seleccion-oficial\/#primaryimage\",\"url\":\"https:\/\/dev.antudigital.cl\/sites\/vc\/wp-content\/uploads\/2025\/07\/ODP_seleccionoficial2025_XS-scaled-1.jpg\",\"contentUrl\":\"https:\/\/dev.antudigital.cl\/sites\/vc\/wp-content\/uploads\/2025\/07\/ODP_seleccionoficial2025_XS-scaled-1.jpg\",\"width\":2560,\"height\":1707},{\"@type\":\"BreadcrumbList\",\"@id\":\"https:\/\/dev.antudigital.cl\/sites\/vc\/14a-festival-internacional-de-cine-ojo-de-pescado-anuncia-la-seleccion-oficial\/#breadcrumb\",\"itemListElement\":[{\"@type\":\"ListItem\",\"position\":1,\"name\":\"Home\",\"item\":\"https:\/\/dev.antudigital.cl\/sites\/vc\/\"},{\"@type\":\"ListItem\",\"position\":2,\"name\":\"\u00a114\u00aa Festival Internacional de Cine Ojo de Pescado anuncia la Selecci\u00f3n Oficial!\"}]},{\"@type\":\"WebSite\",\"@id\":\"https:\/\/dev.antudigital.cl\/sites\/vc\/#website\",\"url\":\"https:\/\/dev.antudigital.cl\/sites\/vc\/\",\"name\":\"Valpara\u00ed\u00adso Creativo\",\"description\":\"\",\"potentialAction\":[{\"@type\":\"SearchAction\",\"target\":{\"@type\":\"EntryPoint\",\"urlTemplate\":\"https:\/\/dev.antudigital.cl\/sites\/vc\/?s={search_term_string}\"},\"query-input\":{\"@type\":\"PropertyValueSpecification\",\"valueRequired\":true,\"valueName\":\"search_term_string\"}}],\"inLanguage\":\"es\"},{\"@type\":\"Person\",\"@id\":\"https:\/\/dev.antudigital.cl\/sites\/vc\/#\/schema\/person\/c2b9da8dd545e27166fc5ab232837318\",\"name\":\"Valpara\u00edso Creativo\",\"description\":\"Periodista de cultura en la Regi\u00f3n de Valpara\u00edso.\",\"url\":\"https:\/\/dev.antudigital.cl\/sites\/vc\/author\/valpoadmin\/\"}]}<\/script>\n<!-- \/ Yoast SEO plugin. -->","yoast_head_json":{"title":"\u00a114\u00aa Festival Internacional de Cine Ojo de Pescado anuncia la Selecci\u00f3n Oficial! - Valpara\u00ed\u00adso Creativo","robots":{"index":"index","follow":"follow","max-snippet":"max-snippet:-1","max-image-preview":"max-image-preview:large","max-video-preview":"max-video-preview:-1"},"canonical":"https:\/\/dev.antudigital.cl\/sites\/vc\/14a-festival-internacional-de-cine-ojo-de-pescado-anuncia-la-seleccion-oficial\/","og_locale":"es_ES","og_type":"article","og_title":"\u00a114\u00aa Festival Internacional de Cine Ojo de Pescado anuncia la Selecci\u00f3n Oficial! - Valpara\u00ed\u00adso Creativo","og_description":"El festival de Cine Internacional Ojo de Pescado, proyecto financiado por el Fondo de Fomento Audiovisual, Convocatoria 2025 del Ministerio de las Culturas, las Artes y el Patrimonio, celebra la selecci\u00f3n de pel\u00edculas chilenas, as\u00ed como de pa\u00edses como M\u00e9xico, Hungr\u00eda, Alemania, Colombia, Brasil, Pa\u00edses Bajos, Rusia, Lituania, Espa\u00f1a, Per\u00fa, Argentina, Canad\u00e1, Italia, Francia, Senegal [&hellip;]","og_url":"https:\/\/dev.antudigital.cl\/sites\/vc\/14a-festival-internacional-de-cine-ojo-de-pescado-anuncia-la-seleccion-oficial\/","og_site_name":"Valpara\u00ed\u00adso Creativo","article_published_time":"2025-06-18T18:38:00+00:00","article_modified_time":"2025-07-11T19:40:34+00:00","og_image":[{"width":2560,"height":1707,"url":"https:\/\/dev.antudigital.cl\/sites\/vc\/wp-content\/uploads\/2025\/07\/ODP_seleccionoficial2025_XS-scaled-1.jpg","type":"image\/jpeg"}],"author":"Valpara\u00edso Creativo","twitter_card":"summary_large_image","twitter_misc":{"Escrito por":"Valpara\u00edso Creativo","Tiempo de lectura":"4 minutos"},"schema":{"@context":"https:\/\/schema.org","@graph":[{"@type":"Article","@id":"https:\/\/dev.antudigital.cl\/sites\/vc\/14a-festival-internacional-de-cine-ojo-de-pescado-anuncia-la-seleccion-oficial\/#article","isPartOf":{"@id":"https:\/\/dev.antudigital.cl\/sites\/vc\/14a-festival-internacional-de-cine-ojo-de-pescado-anuncia-la-seleccion-oficial\/"},"author":{"name":"Valpara\u00edso Creativo","@id":"https:\/\/dev.antudigital.cl\/sites\/vc\/#\/schema\/person\/c2b9da8dd545e27166fc5ab232837318"},"headline":"\u00a114\u00aa Festival Internacional de Cine Ojo de Pescado anuncia la Selecci\u00f3n Oficial!","datePublished":"2025-06-18T18:38:00+00:00","dateModified":"2025-07-11T19:40:34+00:00","mainEntityOfPage":{"@id":"https:\/\/dev.antudigital.cl\/sites\/vc\/14a-festival-internacional-de-cine-ojo-de-pescado-anuncia-la-seleccion-oficial\/"},"wordCount":801,"image":{"@id":"https:\/\/dev.antudigital.cl\/sites\/vc\/14a-festival-internacional-de-cine-ojo-de-pescado-anuncia-la-seleccion-oficial\/#primaryimage"},"thumbnailUrl":"https:\/\/dev.antudigital.cl\/sites\/vc\/wp-content\/uploads\/2025\/07\/ODP_seleccionoficial2025_XS-scaled-1.jpg","articleSection":["Uncategorized"],"inLanguage":"es"},{"@type":"WebPage","@id":"https:\/\/dev.antudigital.cl\/sites\/vc\/14a-festival-internacional-de-cine-ojo-de-pescado-anuncia-la-seleccion-oficial\/","url":"https:\/\/dev.antudigital.cl\/sites\/vc\/14a-festival-internacional-de-cine-ojo-de-pescado-anuncia-la-seleccion-oficial\/","name":"\u00a114\u00aa Festival Internacional de Cine Ojo de Pescado anuncia la Selecci\u00f3n Oficial! - Valpara\u00ed\u00adso Creativo","isPartOf":{"@id":"https:\/\/dev.antudigital.cl\/sites\/vc\/#website"},"primaryImageOfPage":{"@id":"https:\/\/dev.antudigital.cl\/sites\/vc\/14a-festival-internacional-de-cine-ojo-de-pescado-anuncia-la-seleccion-oficial\/#primaryimage"},"image":{"@id":"https:\/\/dev.antudigital.cl\/sites\/vc\/14a-festival-internacional-de-cine-ojo-de-pescado-anuncia-la-seleccion-oficial\/#primaryimage"},"thumbnailUrl":"https:\/\/dev.antudigital.cl\/sites\/vc\/wp-content\/uploads\/2025\/07\/ODP_seleccionoficial2025_XS-scaled-1.jpg","datePublished":"2025-06-18T18:38:00+00:00","dateModified":"2025-07-11T19:40:34+00:00","author":{"@id":"https:\/\/dev.antudigital.cl\/sites\/vc\/#\/schema\/person\/c2b9da8dd545e27166fc5ab232837318"},"breadcrumb":{"@id":"https:\/\/dev.antudigital.cl\/sites\/vc\/14a-festival-internacional-de-cine-ojo-de-pescado-anuncia-la-seleccion-oficial\/#breadcrumb"},"inLanguage":"es","potentialAction":[{"@type":"ReadAction","target":["https:\/\/dev.antudigital.cl\/sites\/vc\/14a-festival-internacional-de-cine-ojo-de-pescado-anuncia-la-seleccion-oficial\/"]}]},{"@type":"ImageObject","inLanguage":"es","@id":"https:\/\/dev.antudigital.cl\/sites\/vc\/14a-festival-internacional-de-cine-ojo-de-pescado-anuncia-la-seleccion-oficial\/#primaryimage","url":"https:\/\/dev.antudigital.cl\/sites\/vc\/wp-content\/uploads\/2025\/07\/ODP_seleccionoficial2025_XS-scaled-1.jpg","contentUrl":"https:\/\/dev.antudigital.cl\/sites\/vc\/wp-content\/uploads\/2025\/07\/ODP_seleccionoficial2025_XS-scaled-1.jpg","width":2560,"height":1707},{"@type":"BreadcrumbList","@id":"https:\/\/dev.antudigital.cl\/sites\/vc\/14a-festival-internacional-de-cine-ojo-de-pescado-anuncia-la-seleccion-oficial\/#breadcrumb","itemListElement":[{"@type":"ListItem","position":1,"name":"Home","item":"https:\/\/dev.antudigital.cl\/sites\/vc\/"},{"@type":"ListItem","position":2,"name":"\u00a114\u00aa Festival Internacional de Cine Ojo de Pescado anuncia la Selecci\u00f3n Oficial!"}]},{"@type":"WebSite","@id":"https:\/\/dev.antudigital.cl\/sites\/vc\/#website","url":"https:\/\/dev.antudigital.cl\/sites\/vc\/","name":"Valpara\u00ed\u00adso Creativo","description":"","potentialAction":[{"@type":"SearchAction","target":{"@type":"EntryPoint","urlTemplate":"https:\/\/dev.antudigital.cl\/sites\/vc\/?s={search_term_string}"},"query-input":{"@type":"PropertyValueSpecification","valueRequired":true,"valueName":"search_term_string"}}],"inLanguage":"es"},{"@type":"Person","@id":"https:\/\/dev.antudigital.cl\/sites\/vc\/#\/schema\/person\/c2b9da8dd545e27166fc5ab232837318","name":"Valpara\u00edso Creativo","description":"Periodista de cultura en la Regi\u00f3n de Valpara\u00edso.","url":"https:\/\/dev.antudigital.cl\/sites\/vc\/author\/valpoadmin\/"}]}},"_links":{"self":[{"href":"https:\/\/dev.antudigital.cl\/sites\/vc\/wp-json\/wp\/v2\/posts\/25323","targetHints":{"allow":["GET"]}}],"collection":[{"href":"https:\/\/dev.antudigital.cl\/sites\/vc\/wp-json\/wp\/v2\/posts"}],"about":[{"href":"https:\/\/dev.antudigital.cl\/sites\/vc\/wp-json\/wp\/v2\/types\/post"}],"author":[{"embeddable":true,"href":"https:\/\/dev.antudigital.cl\/sites\/vc\/wp-json\/wp\/v2\/users\/1"}],"replies":[{"embeddable":true,"href":"https:\/\/dev.antudigital.cl\/sites\/vc\/wp-json\/wp\/v2\/comments?post=25323"}],"version-history":[{"count":1,"href":"https:\/\/dev.antudigital.cl\/sites\/vc\/wp-json\/wp\/v2\/posts\/25323\/revisions"}],"predecessor-version":[{"id":25325,"href":"https:\/\/dev.antudigital.cl\/sites\/vc\/wp-json\/wp\/v2\/posts\/25323\/revisions\/25325"}],"wp:featuredmedia":[{"embeddable":true,"href":"https:\/\/dev.antudigital.cl\/sites\/vc\/wp-json\/wp\/v2\/media\/25324"}],"wp:attachment":[{"href":"https:\/\/dev.antudigital.cl\/sites\/vc\/wp-json\/wp\/v2\/media?parent=25323"}],"wp:term":[{"taxonomy":"category","embeddable":true,"href":"https:\/\/dev.antudigital.cl\/sites\/vc\/wp-json\/wp\/v2\/categories?post=25323"},{"taxonomy":"post_tag","embeddable":true,"href":"https:\/\/dev.antudigital.cl\/sites\/vc\/wp-json\/wp\/v2\/tags?post=25323"}],"curies":[{"name":"wp","href":"https:\/\/api.w.org\/{rel}","templated":true}]}}