{"id":25326,"date":"2025-06-10T11:42:06","date_gmt":"2025-06-10T15:42:06","guid":{"rendered":"https:\/\/www.valparaisocreativo.cl\/?p=25326"},"modified":"2025-07-11T15:46:33","modified_gmt":"2025-07-11T19:46:33","slug":"conversaciones-de-valor-ia-y-comunicacion-digital-en-tiempos-de-transformacion","status":"publish","type":"post","link":"https:\/\/dev.antudigital.cl\/sites\/vc\/conversaciones-de-valor-ia-y-comunicacion-digital-en-tiempos-de-transformacion\/","title":{"rendered":"Conversaciones de Valor: IA y Comunicaci\u00f3n Digital en tiempos de transformaci\u00f3n"},"content":{"rendered":"\n<p>El <strong>Foro de la Comunicaci\u00f3n Corporativa (FOCCO)<\/strong>, en alianza con el <strong>Mag\u00edster en Comunicaci\u00f3n Digital y Transmedia (MCDyT) de la Universidad Vi\u00f1a del Mar<\/strong> y el <strong>Distrito de Innovaci\u00f3n V21<\/strong>, invitan a participar en el evento <strong>\u00abConversaciones de Valor: IA y Comunicaci\u00f3n Digital en tiempos de transformaci\u00f3n\u00bb<\/strong>, un encuentro clave para quienes forman parte del ecosistema de <strong>emprendimiento, innovaci\u00f3n, ciencia y tecnolog\u00eda<\/strong>.<\/p>\n\n\n\n<p>&#x1f4cd; <strong>Cu\u00e1ndo y d\u00f3nde:<\/strong><br><strong>Mi\u00e9rcoles 25 de junio de 2025<\/strong>, a las <strong>09:30 hrs<\/strong>, en el <strong>Distrito V21<\/strong>, ubicado en <strong>Limache #3405, edificio Reitz 1, Vi\u00f1a del Mar<\/strong>.<\/p>\n\n\n\n<p>Este evento propone un espacio de di\u00e1logo sobre c\u00f3mo la inteligencia artificial est\u00e1 revolucionando la manera en que <strong>creamos valor, nos comunicamos y nos vinculamos con audiencias y stakeholders<\/strong>, con perspectivas desde distintos sectores productivos y creativos.<\/p>\n\n\n\n<figure class=\"wp-block-image size-large is-resized\"><img decoding=\"async\" src=\"https:\/\/www.valparaisocreativo.cl\/wp-content\/uploads\/2025\/06\/V21-1024x1008.jpeg\" alt=\"\" class=\"wp-image-23830\" style=\"width:571px;height:auto\"\/><\/figure>\n\n\n\n<h3 class=\"wp-block-heading\">Panel de conversaci\u00f3n:<\/h3>\n\n\n\n<ul class=\"wp-block-list\">\n<li><strong>Francisco Aylwin Oyarz\u00fan<\/strong>, presidente de LLYC Chile y FOCCO<\/li>\n\n\n\n<li><strong>Jaime Arnaiz Ardiles<\/strong>, director ejecutivo del Distrito V21<\/li>\n\n\n\n<li><strong>Alfonso Salinas Mart\u00ednez<\/strong>, gerente de estrategia y sostenibilidad de GNL Quintero y presidente de ASIVA<\/li>\n\n\n\n<li><strong>Alexandra Gar\u00edn Franz<\/strong>, gerenta de Valpara\u00edso Creativo y alumna del MCDyT<\/li>\n<\/ul>\n\n\n\n<p>&#x1f3a4; <strong>Moderaci\u00f3n:<\/strong><br><strong>Claudia Aravena Molina<\/strong>, consultora en comunicaciones, acad\u00e9mica del MCDyT y socia de FOCCO.<\/p>\n\n\n\n<p>&#x1f399;&#xfe0f; <strong>Presentaci\u00f3n a cargo de:<\/strong><br><strong>Rodrigo Maul\u00e9n Torres<\/strong>, consultor digital y docente visitante del MCDyT.<\/p>\n\n\n\n<p>No te pierdas esta <strong>excelente oportunidad de networking y reflexi\u00f3n<\/strong> sobre los desaf\u00edos de esta era digital.<\/p>\n\n\n\n<p>&#x1f449; <strong>Inscripciones (cupos limitados):<\/strong> <a class=\"\" href=\"https:\/\/forms.gle\/3u2yvDmMsnBQc9f3\">https:\/\/forms.gle\/3u2yvDmMsnBQc9f3<\/a><\/p>\n","protected":false},"excerpt":{"rendered":"<p>El Foro de la Comunicaci\u00f3n Corporativa (FOCCO), en alianza con el Mag\u00edster en Comunicaci\u00f3n Digital y Transmedia (MCDyT) de la Universidad Vi\u00f1a del Mar y el Distrito de Innovaci\u00f3n V21, invitan a participar en el evento \u00abConversaciones de Valor: IA y Comunicaci\u00f3n Digital en tiempos de transformaci\u00f3n\u00bb, un encuentro clave para quienes forman parte del [&hellip;]<\/p>\n","protected":false},"author":1,"featured_media":25327,"comment_status":"closed","ping_status":"closed","sticky":false,"template":"","format":"standard","meta":{"_acf_changed":false,"footnotes":""},"categories":[1],"tags":[],"class_list":["post-25326","post","type-post","status-publish","format-standard","has-post-thumbnail","hentry","category-uncategorized"],"acf":[],"yoast_head":"<!-- This site is optimized with the Yoast SEO plugin v27.1.1 - https:\/\/yoast.com\/product\/yoast-seo-wordpress\/ -->\n<title>Conversaciones de Valor: IA y Comunicaci\u00f3n Digital en tiempos de transformaci\u00f3n - Valpara\u00ed\u00adso Creativo<\/title>\n<meta name=\"robots\" content=\"index, follow, max-snippet:-1, max-image-preview:large, max-video-preview:-1\" \/>\n<link rel=\"canonical\" href=\"https:\/\/dev.antudigital.cl\/sites\/vc\/conversaciones-de-valor-ia-y-comunicacion-digital-en-tiempos-de-transformacion\/\" \/>\n<meta property=\"og:locale\" content=\"es_ES\" \/>\n<meta property=\"og:type\" content=\"article\" \/>\n<meta property=\"og:title\" content=\"Conversaciones de Valor: IA y Comunicaci\u00f3n Digital en tiempos de transformaci\u00f3n - Valpara\u00ed\u00adso Creativo\" \/>\n<meta property=\"og:description\" content=\"El Foro de la Comunicaci\u00f3n Corporativa (FOCCO), en alianza con el Mag\u00edster en Comunicaci\u00f3n Digital y Transmedia (MCDyT) de la Universidad Vi\u00f1a del Mar y el Distrito de Innovaci\u00f3n V21, invitan a participar en el evento \u00abConversaciones de Valor: IA y Comunicaci\u00f3n Digital en tiempos de transformaci\u00f3n\u00bb, un encuentro clave para quienes forman parte del [&hellip;]\" \/>\n<meta property=\"og:url\" content=\"https:\/\/dev.antudigital.cl\/sites\/vc\/conversaciones-de-valor-ia-y-comunicacion-digital-en-tiempos-de-transformacion\/\" \/>\n<meta property=\"og:site_name\" content=\"Valpara\u00ed\u00adso Creativo\" \/>\n<meta property=\"article:published_time\" content=\"2025-06-10T15:42:06+00:00\" \/>\n<meta property=\"article:modified_time\" content=\"2025-07-11T19:46:33+00:00\" \/>\n<meta property=\"og:image\" content=\"https:\/\/dev.antudigital.cl\/sites\/vc\/wp-content\/uploads\/2025\/07\/bannerV21.jpeg\" \/>\n\t<meta property=\"og:image:width\" content=\"1019\" \/>\n\t<meta property=\"og:image:height\" content=\"632\" \/>\n\t<meta property=\"og:image:type\" content=\"image\/jpeg\" \/>\n<meta name=\"author\" content=\"Valpara\u00edso Creativo\" \/>\n<meta name=\"twitter:card\" content=\"summary_large_image\" \/>\n<meta name=\"twitter:label1\" content=\"Escrito por\" \/>\n\t<meta name=\"twitter:data1\" content=\"Valpara\u00edso Creativo\" \/>\n\t<meta name=\"twitter:label2\" content=\"Tiempo de lectura\" \/>\n\t<meta name=\"twitter:data2\" content=\"2 minutos\" \/>\n<script type=\"application\/ld+json\" class=\"yoast-schema-graph\">{\"@context\":\"https:\/\/schema.org\",\"@graph\":[{\"@type\":\"Article\",\"@id\":\"https:\/\/dev.antudigital.cl\/sites\/vc\/conversaciones-de-valor-ia-y-comunicacion-digital-en-tiempos-de-transformacion\/#article\",\"isPartOf\":{\"@id\":\"https:\/\/dev.antudigital.cl\/sites\/vc\/conversaciones-de-valor-ia-y-comunicacion-digital-en-tiempos-de-transformacion\/\"},\"author\":{\"name\":\"Valpara\u00edso Creativo\",\"@id\":\"https:\/\/dev.antudigital.cl\/sites\/vc\/#\/schema\/person\/c2b9da8dd545e27166fc5ab232837318\"},\"headline\":\"Conversaciones de Valor: IA y Comunicaci\u00f3n Digital en tiempos de transformaci\u00f3n\",\"datePublished\":\"2025-06-10T15:42:06+00:00\",\"dateModified\":\"2025-07-11T19:46:33+00:00\",\"mainEntityOfPage\":{\"@id\":\"https:\/\/dev.antudigital.cl\/sites\/vc\/conversaciones-de-valor-ia-y-comunicacion-digital-en-tiempos-de-transformacion\/\"},\"wordCount\":272,\"image\":{\"@id\":\"https:\/\/dev.antudigital.cl\/sites\/vc\/conversaciones-de-valor-ia-y-comunicacion-digital-en-tiempos-de-transformacion\/#primaryimage\"},\"thumbnailUrl\":\"https:\/\/dev.antudigital.cl\/sites\/vc\/wp-content\/uploads\/2025\/07\/bannerV21.jpeg\",\"articleSection\":[\"Uncategorized\"],\"inLanguage\":\"es\"},{\"@type\":\"WebPage\",\"@id\":\"https:\/\/dev.antudigital.cl\/sites\/vc\/conversaciones-de-valor-ia-y-comunicacion-digital-en-tiempos-de-transformacion\/\",\"url\":\"https:\/\/dev.antudigital.cl\/sites\/vc\/conversaciones-de-valor-ia-y-comunicacion-digital-en-tiempos-de-transformacion\/\",\"name\":\"Conversaciones de Valor: IA y Comunicaci\u00f3n Digital en tiempos de transformaci\u00f3n - Valpara\u00ed\u00adso Creativo\",\"isPartOf\":{\"@id\":\"https:\/\/dev.antudigital.cl\/sites\/vc\/#website\"},\"primaryImageOfPage\":{\"@id\":\"https:\/\/dev.antudigital.cl\/sites\/vc\/conversaciones-de-valor-ia-y-comunicacion-digital-en-tiempos-de-transformacion\/#primaryimage\"},\"image\":{\"@id\":\"https:\/\/dev.antudigital.cl\/sites\/vc\/conversaciones-de-valor-ia-y-comunicacion-digital-en-tiempos-de-transformacion\/#primaryimage\"},\"thumbnailUrl\":\"https:\/\/dev.antudigital.cl\/sites\/vc\/wp-content\/uploads\/2025\/07\/bannerV21.jpeg\",\"datePublished\":\"2025-06-10T15:42:06+00:00\",\"dateModified\":\"2025-07-11T19:46:33+00:00\",\"author\":{\"@id\":\"https:\/\/dev.antudigital.cl\/sites\/vc\/#\/schema\/person\/c2b9da8dd545e27166fc5ab232837318\"},\"breadcrumb\":{\"@id\":\"https:\/\/dev.antudigital.cl\/sites\/vc\/conversaciones-de-valor-ia-y-comunicacion-digital-en-tiempos-de-transformacion\/#breadcrumb\"},\"inLanguage\":\"es\",\"potentialAction\":[{\"@type\":\"ReadAction\",\"target\":[\"https:\/\/dev.antudigital.cl\/sites\/vc\/conversaciones-de-valor-ia-y-comunicacion-digital-en-tiempos-de-transformacion\/\"]}]},{\"@type\":\"ImageObject\",\"inLanguage\":\"es\",\"@id\":\"https:\/\/dev.antudigital.cl\/sites\/vc\/conversaciones-de-valor-ia-y-comunicacion-digital-en-tiempos-de-transformacion\/#primaryimage\",\"url\":\"https:\/\/dev.antudigital.cl\/sites\/vc\/wp-content\/uploads\/2025\/07\/bannerV21.jpeg\",\"contentUrl\":\"https:\/\/dev.antudigital.cl\/sites\/vc\/wp-content\/uploads\/2025\/07\/bannerV21.jpeg\",\"width\":1019,\"height\":632},{\"@type\":\"BreadcrumbList\",\"@id\":\"https:\/\/dev.antudigital.cl\/sites\/vc\/conversaciones-de-valor-ia-y-comunicacion-digital-en-tiempos-de-transformacion\/#breadcrumb\",\"itemListElement\":[{\"@type\":\"ListItem\",\"position\":1,\"name\":\"Home\",\"item\":\"https:\/\/dev.antudigital.cl\/sites\/vc\/\"},{\"@type\":\"ListItem\",\"position\":2,\"name\":\"Conversaciones de Valor: IA y Comunicaci\u00f3n Digital en tiempos de transformaci\u00f3n\"}]},{\"@type\":\"WebSite\",\"@id\":\"https:\/\/dev.antudigital.cl\/sites\/vc\/#website\",\"url\":\"https:\/\/dev.antudigital.cl\/sites\/vc\/\",\"name\":\"Valpara\u00ed\u00adso Creativo\",\"description\":\"\",\"potentialAction\":[{\"@type\":\"SearchAction\",\"target\":{\"@type\":\"EntryPoint\",\"urlTemplate\":\"https:\/\/dev.antudigital.cl\/sites\/vc\/?s={search_term_string}\"},\"query-input\":{\"@type\":\"PropertyValueSpecification\",\"valueRequired\":true,\"valueName\":\"search_term_string\"}}],\"inLanguage\":\"es\"},{\"@type\":\"Person\",\"@id\":\"https:\/\/dev.antudigital.cl\/sites\/vc\/#\/schema\/person\/c2b9da8dd545e27166fc5ab232837318\",\"name\":\"Valpara\u00edso Creativo\",\"description\":\"Periodista de cultura en la Regi\u00f3n de Valpara\u00edso.\",\"url\":\"https:\/\/dev.antudigital.cl\/sites\/vc\/author\/valpoadmin\/\"}]}<\/script>\n<!-- \/ Yoast SEO plugin. -->","yoast_head_json":{"title":"Conversaciones de Valor: IA y Comunicaci\u00f3n Digital en tiempos de transformaci\u00f3n - Valpara\u00ed\u00adso Creativo","robots":{"index":"index","follow":"follow","max-snippet":"max-snippet:-1","max-image-preview":"max-image-preview:large","max-video-preview":"max-video-preview:-1"},"canonical":"https:\/\/dev.antudigital.cl\/sites\/vc\/conversaciones-de-valor-ia-y-comunicacion-digital-en-tiempos-de-transformacion\/","og_locale":"es_ES","og_type":"article","og_title":"Conversaciones de Valor: IA y Comunicaci\u00f3n Digital en tiempos de transformaci\u00f3n - Valpara\u00ed\u00adso Creativo","og_description":"El Foro de la Comunicaci\u00f3n Corporativa (FOCCO), en alianza con el Mag\u00edster en Comunicaci\u00f3n Digital y Transmedia (MCDyT) de la Universidad Vi\u00f1a del Mar y el Distrito de Innovaci\u00f3n V21, invitan a participar en el evento \u00abConversaciones de Valor: IA y Comunicaci\u00f3n Digital en tiempos de transformaci\u00f3n\u00bb, un encuentro clave para quienes forman parte del [&hellip;]","og_url":"https:\/\/dev.antudigital.cl\/sites\/vc\/conversaciones-de-valor-ia-y-comunicacion-digital-en-tiempos-de-transformacion\/","og_site_name":"Valpara\u00ed\u00adso Creativo","article_published_time":"2025-06-10T15:42:06+00:00","article_modified_time":"2025-07-11T19:46:33+00:00","og_image":[{"width":1019,"height":632,"url":"https:\/\/dev.antudigital.cl\/sites\/vc\/wp-content\/uploads\/2025\/07\/bannerV21.jpeg","type":"image\/jpeg"}],"author":"Valpara\u00edso Creativo","twitter_card":"summary_large_image","twitter_misc":{"Escrito por":"Valpara\u00edso Creativo","Tiempo de lectura":"2 minutos"},"schema":{"@context":"https:\/\/schema.org","@graph":[{"@type":"Article","@id":"https:\/\/dev.antudigital.cl\/sites\/vc\/conversaciones-de-valor-ia-y-comunicacion-digital-en-tiempos-de-transformacion\/#article","isPartOf":{"@id":"https:\/\/dev.antudigital.cl\/sites\/vc\/conversaciones-de-valor-ia-y-comunicacion-digital-en-tiempos-de-transformacion\/"},"author":{"name":"Valpara\u00edso Creativo","@id":"https:\/\/dev.antudigital.cl\/sites\/vc\/#\/schema\/person\/c2b9da8dd545e27166fc5ab232837318"},"headline":"Conversaciones de Valor: IA y Comunicaci\u00f3n Digital en tiempos de transformaci\u00f3n","datePublished":"2025-06-10T15:42:06+00:00","dateModified":"2025-07-11T19:46:33+00:00","mainEntityOfPage":{"@id":"https:\/\/dev.antudigital.cl\/sites\/vc\/conversaciones-de-valor-ia-y-comunicacion-digital-en-tiempos-de-transformacion\/"},"wordCount":272,"image":{"@id":"https:\/\/dev.antudigital.cl\/sites\/vc\/conversaciones-de-valor-ia-y-comunicacion-digital-en-tiempos-de-transformacion\/#primaryimage"},"thumbnailUrl":"https:\/\/dev.antudigital.cl\/sites\/vc\/wp-content\/uploads\/2025\/07\/bannerV21.jpeg","articleSection":["Uncategorized"],"inLanguage":"es"},{"@type":"WebPage","@id":"https:\/\/dev.antudigital.cl\/sites\/vc\/conversaciones-de-valor-ia-y-comunicacion-digital-en-tiempos-de-transformacion\/","url":"https:\/\/dev.antudigital.cl\/sites\/vc\/conversaciones-de-valor-ia-y-comunicacion-digital-en-tiempos-de-transformacion\/","name":"Conversaciones de Valor: IA y Comunicaci\u00f3n Digital en tiempos de transformaci\u00f3n - Valpara\u00ed\u00adso Creativo","isPartOf":{"@id":"https:\/\/dev.antudigital.cl\/sites\/vc\/#website"},"primaryImageOfPage":{"@id":"https:\/\/dev.antudigital.cl\/sites\/vc\/conversaciones-de-valor-ia-y-comunicacion-digital-en-tiempos-de-transformacion\/#primaryimage"},"image":{"@id":"https:\/\/dev.antudigital.cl\/sites\/vc\/conversaciones-de-valor-ia-y-comunicacion-digital-en-tiempos-de-transformacion\/#primaryimage"},"thumbnailUrl":"https:\/\/dev.antudigital.cl\/sites\/vc\/wp-content\/uploads\/2025\/07\/bannerV21.jpeg","datePublished":"2025-06-10T15:42:06+00:00","dateModified":"2025-07-11T19:46:33+00:00","author":{"@id":"https:\/\/dev.antudigital.cl\/sites\/vc\/#\/schema\/person\/c2b9da8dd545e27166fc5ab232837318"},"breadcrumb":{"@id":"https:\/\/dev.antudigital.cl\/sites\/vc\/conversaciones-de-valor-ia-y-comunicacion-digital-en-tiempos-de-transformacion\/#breadcrumb"},"inLanguage":"es","potentialAction":[{"@type":"ReadAction","target":["https:\/\/dev.antudigital.cl\/sites\/vc\/conversaciones-de-valor-ia-y-comunicacion-digital-en-tiempos-de-transformacion\/"]}]},{"@type":"ImageObject","inLanguage":"es","@id":"https:\/\/dev.antudigital.cl\/sites\/vc\/conversaciones-de-valor-ia-y-comunicacion-digital-en-tiempos-de-transformacion\/#primaryimage","url":"https:\/\/dev.antudigital.cl\/sites\/vc\/wp-content\/uploads\/2025\/07\/bannerV21.jpeg","contentUrl":"https:\/\/dev.antudigital.cl\/sites\/vc\/wp-content\/uploads\/2025\/07\/bannerV21.jpeg","width":1019,"height":632},{"@type":"BreadcrumbList","@id":"https:\/\/dev.antudigital.cl\/sites\/vc\/conversaciones-de-valor-ia-y-comunicacion-digital-en-tiempos-de-transformacion\/#breadcrumb","itemListElement":[{"@type":"ListItem","position":1,"name":"Home","item":"https:\/\/dev.antudigital.cl\/sites\/vc\/"},{"@type":"ListItem","position":2,"name":"Conversaciones de Valor: IA y Comunicaci\u00f3n Digital en tiempos de transformaci\u00f3n"}]},{"@type":"WebSite","@id":"https:\/\/dev.antudigital.cl\/sites\/vc\/#website","url":"https:\/\/dev.antudigital.cl\/sites\/vc\/","name":"Valpara\u00ed\u00adso Creativo","description":"","potentialAction":[{"@type":"SearchAction","target":{"@type":"EntryPoint","urlTemplate":"https:\/\/dev.antudigital.cl\/sites\/vc\/?s={search_term_string}"},"query-input":{"@type":"PropertyValueSpecification","valueRequired":true,"valueName":"search_term_string"}}],"inLanguage":"es"},{"@type":"Person","@id":"https:\/\/dev.antudigital.cl\/sites\/vc\/#\/schema\/person\/c2b9da8dd545e27166fc5ab232837318","name":"Valpara\u00edso Creativo","description":"Periodista de cultura en la Regi\u00f3n de Valpara\u00edso.","url":"https:\/\/dev.antudigital.cl\/sites\/vc\/author\/valpoadmin\/"}]}},"_links":{"self":[{"href":"https:\/\/dev.antudigital.cl\/sites\/vc\/wp-json\/wp\/v2\/posts\/25326","targetHints":{"allow":["GET"]}}],"collection":[{"href":"https:\/\/dev.antudigital.cl\/sites\/vc\/wp-json\/wp\/v2\/posts"}],"about":[{"href":"https:\/\/dev.antudigital.cl\/sites\/vc\/wp-json\/wp\/v2\/types\/post"}],"author":[{"embeddable":true,"href":"https:\/\/dev.antudigital.cl\/sites\/vc\/wp-json\/wp\/v2\/users\/1"}],"replies":[{"embeddable":true,"href":"https:\/\/dev.antudigital.cl\/sites\/vc\/wp-json\/wp\/v2\/comments?post=25326"}],"version-history":[{"count":1,"href":"https:\/\/dev.antudigital.cl\/sites\/vc\/wp-json\/wp\/v2\/posts\/25326\/revisions"}],"predecessor-version":[{"id":25328,"href":"https:\/\/dev.antudigital.cl\/sites\/vc\/wp-json\/wp\/v2\/posts\/25326\/revisions\/25328"}],"wp:featuredmedia":[{"embeddable":true,"href":"https:\/\/dev.antudigital.cl\/sites\/vc\/wp-json\/wp\/v2\/media\/25327"}],"wp:attachment":[{"href":"https:\/\/dev.antudigital.cl\/sites\/vc\/wp-json\/wp\/v2\/media?parent=25326"}],"wp:term":[{"taxonomy":"category","embeddable":true,"href":"https:\/\/dev.antudigital.cl\/sites\/vc\/wp-json\/wp\/v2\/categories?post=25326"},{"taxonomy":"post_tag","embeddable":true,"href":"https:\/\/dev.antudigital.cl\/sites\/vc\/wp-json\/wp\/v2\/tags?post=25326"}],"curies":[{"name":"wp","href":"https:\/\/api.w.org\/{rel}","templated":true}]}}