{"id":25329,"date":"2025-06-10T15:42:15","date_gmt":"2025-06-10T19:42:15","guid":{"rendered":"https:\/\/www.valparaisocreativo.cl\/?p=25329"},"modified":"2025-07-11T15:43:42","modified_gmt":"2025-07-11T19:43:42","slug":"sercotec-lanza-fondo-para-cooperativas-en-la-region-de-valparaiso","status":"publish","type":"post","link":"https:\/\/dev.antudigital.cl\/sites\/vc\/sercotec-lanza-fondo-para-cooperativas-en-la-region-de-valparaiso\/","title":{"rendered":"Sercotec lanza fondo para cooperativas en la Regi\u00f3n de Valpara\u00edso"},"content":{"rendered":"\n<p><em>Fecha Cierre 12 de Junio. <\/em><\/p>\n\n\n\n<p><strong>Valpara\u00edso.<\/strong> \u2013 El Servicio de Cooperaci\u00f3n T\u00e9cnica (<strong>Sercotec<\/strong>) ha abierto su nueva convocatoria del <strong>Programa de Creaci\u00f3n y Fortalecimiento de Cooperativas Regi\u00f3n de Valpara\u00edso 2025<\/strong>, con el prop\u00f3sito de potenciar el desarrollo productivo de las cooperativas, promoviendo su formalizaci\u00f3n y capacidad de gesti\u00f3n, especialmente con enfoque en la autonom\u00eda y liderazgo femenino.<\/p>\n\n\n\n<h3 class=\"wp-block-heading\">\u00bfQu\u00e9 busca el programa?<\/h3>\n\n\n\n<p>El fondo apunta a:<\/p>\n\n\n\n<ul class=\"wp-block-list\">\n<li>Fortalecer cooperativas ya constituidas, mejorando su modelo de negocio y gesti\u00f3n.<\/li>\n\n\n\n<li>Apoyar la formalizaci\u00f3n de nuevos grupos de personas naturales o jur\u00eddicas con alta potencialidad asociativa y emprendedora.<\/li>\n\n\n\n<li>Fomentar la participaci\u00f3n de mujeres, incentivando oportunidades de autonom\u00eda econ\u00f3mica y liderazgo femenino.<\/li>\n<\/ul>\n\n\n\n<h3 class=\"wp-block-heading\">\u00bfQu\u00e9 financiamiento entrega?<\/h3>\n\n\n\n<ul class=\"wp-block-list\">\n<li>Hasta <strong>$20 millones CLP<\/strong> para cooperativas existentes.<\/li>\n\n\n\n<li>Hasta <strong>$8 millones CLP<\/strong> para creaci\u00f3n de nuevas cooperativas.<\/li>\n\n\n\n<li>Los fondos pueden destinarse a capacitaci\u00f3n, asistencia t\u00e9cnica, marketing, participaci\u00f3n en ferias, compra de activos (fijos\/intangibles), infraestructura y capital de trabajo.<\/li>\n\n\n\n<li>Adem\u00e1s, las beneficiarias recibir\u00e1n <strong>apoyo t\u00e9cnico en terreno<\/strong> durante 6 meses, con asesor\u00eda para fortalecer su modelo de negocio y estrategia comercial.<\/li>\n\n\n\n<li>Se exige un <strong>co-aporte del 5\u202f%<\/strong> del monto del subsidio por parte de la organizaci\u00f3n postulante.<\/li>\n<\/ul>\n\n\n\n<h3 class=\"wp-block-heading\">\u00bfQui\u00e9nes pueden postular?<\/h3>\n\n\n\n<ul class=\"wp-block-list\">\n<li><strong>Creaci\u00f3n<\/strong>: grupos de al menos 5 personas naturales o jur\u00eddicas (con o sin inicio de actividades ante el SII), interesados en constituirse como cooperativa agr\u00edcola, campesina, pesquera, de trabajo, servicio o consumo.<\/li>\n\n\n\n<li><strong>Fortalecimiento<\/strong>: cooperativas legalmente constituidas (inicio de actividades en primera categor\u00eda del SII), y cuyas ventas anuales no superen las 25.000 UF, en los mismos rubros.<\/li>\n<\/ul>\n\n\n\n<h3 class=\"wp-block-heading\">\u00bfC\u00f3mo postular?<\/h3>\n\n\n\n<ol class=\"wp-block-list\">\n<li>El representante legal debe registrarse o actualizar su perfil en <em><a href=\"http:\/\/www.sercotec.cl\">www.sercotec.cl<\/a><\/em> y asociar su organizaci\u00f3n.<\/li>\n\n\n\n<li>Descargar y revisar las bases y anexos de la convocatoria.<\/li>\n\n\n\n<li>Completar el formulario en l\u00ednea, presupuesto y documentos requeridos antes del cierre de la convocatoria.<\/li>\n<\/ol>\n\n\n\n<h3 class=\"wp-block-heading\">Contexto nacional<\/h3>\n\n\n\n<p>Este segmento regional forma parte del programa nacional de Sercotec, con m\u00e1s de <strong>$1.300 millones CLP<\/strong> destinados al apoyo cooperativo durante este a\u00f1o. A nivel nacional, se estima beneficiar a 67 organizaciones\u201427 en creaci\u00f3n con subsidios de hasta $8 millones y 40 en fortalecimiento con subsidios de hasta $20 millones.<\/p>\n\n\n\n<h3 class=\"wp-block-heading\">&#x1f9ed; Impacto esperado<\/h3>\n\n\n\n<p>Con este fondo, Sercotec fortalece el <strong>ecosistema de la econom\u00eda social y solidaria<\/strong>, validado a trav\u00e9s de la ONU y sus Objetivos de Desarrollo Sostenible. En Valpara\u00edso, se espera promover cooperativas m\u00e1s competitivas, asociativas y con un enfoque inclusivo, contribuyendo al desarrollo econ\u00f3mico sostenible e inclusivo del territorio.<\/p>\n\n\n\n<h2 class=\"wp-block-heading\"><mark style=\"background-color:rgba(0, 0, 0, 0)\" class=\"has-inline-color has-luminous-vivid-orange-color\"><a href=\"https:\/\/www.sercotec.cl\/programa-creacion-y-fortalecimiento-cooperativas-region-de-valparaiso-2025\">Revisa las bases y postula aqu\u00ed.<\/a><\/mark><\/h2>\n\n\n\n<p><\/p>\n","protected":false},"excerpt":{"rendered":"<p>Fecha Cierre 12 de Junio. Valpara\u00edso. \u2013 El Servicio de Cooperaci\u00f3n T\u00e9cnica (Sercotec) ha abierto su nueva convocatoria del Programa de Creaci\u00f3n y Fortalecimiento de Cooperativas Regi\u00f3n de Valpara\u00edso 2025, con el prop\u00f3sito de potenciar el desarrollo productivo de las cooperativas, promoviendo su formalizaci\u00f3n y capacidad de gesti\u00f3n, especialmente con enfoque en la autonom\u00eda y [&hellip;]<\/p>\n","protected":false},"author":1,"featured_media":17006,"comment_status":"closed","ping_status":"closed","sticky":false,"template":"","format":"standard","meta":{"_acf_changed":false,"footnotes":""},"categories":[1],"tags":[],"class_list":["post-25329","post","type-post","status-publish","format-standard","has-post-thumbnail","hentry","category-uncategorized"],"acf":[],"yoast_head":"<!-- This site is optimized with the Yoast SEO plugin v27.1.1 - https:\/\/yoast.com\/product\/yoast-seo-wordpress\/ -->\n<title>Sercotec lanza fondo para cooperativas en la Regi\u00f3n de Valpara\u00edso - Valpara\u00ed\u00adso Creativo<\/title>\n<meta name=\"robots\" content=\"index, follow, max-snippet:-1, max-image-preview:large, max-video-preview:-1\" \/>\n<link rel=\"canonical\" href=\"https:\/\/dev.antudigital.cl\/sites\/vc\/sercotec-lanza-fondo-para-cooperativas-en-la-region-de-valparaiso\/\" \/>\n<meta property=\"og:locale\" content=\"es_ES\" \/>\n<meta property=\"og:type\" content=\"article\" \/>\n<meta property=\"og:title\" content=\"Sercotec lanza fondo para cooperativas en la Regi\u00f3n de Valpara\u00edso - Valpara\u00ed\u00adso Creativo\" \/>\n<meta property=\"og:description\" content=\"Fecha Cierre 12 de Junio. Valpara\u00edso. \u2013 El Servicio de Cooperaci\u00f3n T\u00e9cnica (Sercotec) ha abierto su nueva convocatoria del Programa de Creaci\u00f3n y Fortalecimiento de Cooperativas Regi\u00f3n de Valpara\u00edso 2025, con el prop\u00f3sito de potenciar el desarrollo productivo de las cooperativas, promoviendo su formalizaci\u00f3n y capacidad de gesti\u00f3n, especialmente con enfoque en la autonom\u00eda y [&hellip;]\" \/>\n<meta property=\"og:url\" content=\"https:\/\/dev.antudigital.cl\/sites\/vc\/sercotec-lanza-fondo-para-cooperativas-en-la-region-de-valparaiso\/\" \/>\n<meta property=\"og:site_name\" content=\"Valpara\u00ed\u00adso Creativo\" \/>\n<meta property=\"article:published_time\" content=\"2025-06-10T19:42:15+00:00\" \/>\n<meta property=\"article:modified_time\" content=\"2025-07-11T19:43:42+00:00\" \/>\n<meta property=\"og:image\" content=\"https:\/\/dev.antudigital.cl\/sites\/vc\/wp-content\/uploads\/2023\/09\/SERCOTEC.jpeg\" \/>\n\t<meta property=\"og:image:width\" content=\"810\" \/>\n\t<meta property=\"og:image:height\" content=\"426\" \/>\n\t<meta property=\"og:image:type\" content=\"image\/jpeg\" \/>\n<meta name=\"author\" content=\"Valpara\u00edso Creativo\" \/>\n<meta name=\"twitter:card\" content=\"summary_large_image\" \/>\n<meta name=\"twitter:label1\" content=\"Escrito por\" \/>\n\t<meta name=\"twitter:data1\" content=\"Valpara\u00edso Creativo\" \/>\n\t<meta name=\"twitter:label2\" content=\"Tiempo de lectura\" \/>\n\t<meta name=\"twitter:data2\" content=\"3 minutos\" \/>\n<script type=\"application\/ld+json\" class=\"yoast-schema-graph\">{\"@context\":\"https:\/\/schema.org\",\"@graph\":[{\"@type\":\"Article\",\"@id\":\"https:\/\/dev.antudigital.cl\/sites\/vc\/sercotec-lanza-fondo-para-cooperativas-en-la-region-de-valparaiso\/#article\",\"isPartOf\":{\"@id\":\"https:\/\/dev.antudigital.cl\/sites\/vc\/sercotec-lanza-fondo-para-cooperativas-en-la-region-de-valparaiso\/\"},\"author\":{\"name\":\"Valpara\u00edso Creativo\",\"@id\":\"https:\/\/dev.antudigital.cl\/sites\/vc\/#\/schema\/person\/c2b9da8dd545e27166fc5ab232837318\"},\"headline\":\"Sercotec lanza fondo para cooperativas en la Regi\u00f3n de Valpara\u00edso\",\"datePublished\":\"2025-06-10T19:42:15+00:00\",\"dateModified\":\"2025-07-11T19:43:42+00:00\",\"mainEntityOfPage\":{\"@id\":\"https:\/\/dev.antudigital.cl\/sites\/vc\/sercotec-lanza-fondo-para-cooperativas-en-la-region-de-valparaiso\/\"},\"wordCount\":439,\"image\":{\"@id\":\"https:\/\/dev.antudigital.cl\/sites\/vc\/sercotec-lanza-fondo-para-cooperativas-en-la-region-de-valparaiso\/#primaryimage\"},\"thumbnailUrl\":\"https:\/\/dev.antudigital.cl\/sites\/vc\/wp-content\/uploads\/2023\/09\/SERCOTEC.jpeg\",\"articleSection\":[\"Uncategorized\"],\"inLanguage\":\"es\"},{\"@type\":\"WebPage\",\"@id\":\"https:\/\/dev.antudigital.cl\/sites\/vc\/sercotec-lanza-fondo-para-cooperativas-en-la-region-de-valparaiso\/\",\"url\":\"https:\/\/dev.antudigital.cl\/sites\/vc\/sercotec-lanza-fondo-para-cooperativas-en-la-region-de-valparaiso\/\",\"name\":\"Sercotec lanza fondo para cooperativas en la Regi\u00f3n de Valpara\u00edso - Valpara\u00ed\u00adso Creativo\",\"isPartOf\":{\"@id\":\"https:\/\/dev.antudigital.cl\/sites\/vc\/#website\"},\"primaryImageOfPage\":{\"@id\":\"https:\/\/dev.antudigital.cl\/sites\/vc\/sercotec-lanza-fondo-para-cooperativas-en-la-region-de-valparaiso\/#primaryimage\"},\"image\":{\"@id\":\"https:\/\/dev.antudigital.cl\/sites\/vc\/sercotec-lanza-fondo-para-cooperativas-en-la-region-de-valparaiso\/#primaryimage\"},\"thumbnailUrl\":\"https:\/\/dev.antudigital.cl\/sites\/vc\/wp-content\/uploads\/2023\/09\/SERCOTEC.jpeg\",\"datePublished\":\"2025-06-10T19:42:15+00:00\",\"dateModified\":\"2025-07-11T19:43:42+00:00\",\"author\":{\"@id\":\"https:\/\/dev.antudigital.cl\/sites\/vc\/#\/schema\/person\/c2b9da8dd545e27166fc5ab232837318\"},\"breadcrumb\":{\"@id\":\"https:\/\/dev.antudigital.cl\/sites\/vc\/sercotec-lanza-fondo-para-cooperativas-en-la-region-de-valparaiso\/#breadcrumb\"},\"inLanguage\":\"es\",\"potentialAction\":[{\"@type\":\"ReadAction\",\"target\":[\"https:\/\/dev.antudigital.cl\/sites\/vc\/sercotec-lanza-fondo-para-cooperativas-en-la-region-de-valparaiso\/\"]}]},{\"@type\":\"ImageObject\",\"inLanguage\":\"es\",\"@id\":\"https:\/\/dev.antudigital.cl\/sites\/vc\/sercotec-lanza-fondo-para-cooperativas-en-la-region-de-valparaiso\/#primaryimage\",\"url\":\"https:\/\/dev.antudigital.cl\/sites\/vc\/wp-content\/uploads\/2023\/09\/SERCOTEC.jpeg\",\"contentUrl\":\"https:\/\/dev.antudigital.cl\/sites\/vc\/wp-content\/uploads\/2023\/09\/SERCOTEC.jpeg\",\"width\":810,\"height\":426},{\"@type\":\"BreadcrumbList\",\"@id\":\"https:\/\/dev.antudigital.cl\/sites\/vc\/sercotec-lanza-fondo-para-cooperativas-en-la-region-de-valparaiso\/#breadcrumb\",\"itemListElement\":[{\"@type\":\"ListItem\",\"position\":1,\"name\":\"Home\",\"item\":\"https:\/\/dev.antudigital.cl\/sites\/vc\/\"},{\"@type\":\"ListItem\",\"position\":2,\"name\":\"Sercotec lanza fondo para cooperativas en la Regi\u00f3n de Valpara\u00edso\"}]},{\"@type\":\"WebSite\",\"@id\":\"https:\/\/dev.antudigital.cl\/sites\/vc\/#website\",\"url\":\"https:\/\/dev.antudigital.cl\/sites\/vc\/\",\"name\":\"Valpara\u00ed\u00adso Creativo\",\"description\":\"\",\"potentialAction\":[{\"@type\":\"SearchAction\",\"target\":{\"@type\":\"EntryPoint\",\"urlTemplate\":\"https:\/\/dev.antudigital.cl\/sites\/vc\/?s={search_term_string}\"},\"query-input\":{\"@type\":\"PropertyValueSpecification\",\"valueRequired\":true,\"valueName\":\"search_term_string\"}}],\"inLanguage\":\"es\"},{\"@type\":\"Person\",\"@id\":\"https:\/\/dev.antudigital.cl\/sites\/vc\/#\/schema\/person\/c2b9da8dd545e27166fc5ab232837318\",\"name\":\"Valpara\u00edso Creativo\",\"description\":\"Periodista de cultura en la Regi\u00f3n de Valpara\u00edso.\",\"url\":\"https:\/\/dev.antudigital.cl\/sites\/vc\/author\/valpoadmin\/\"}]}<\/script>\n<!-- \/ Yoast SEO plugin. -->","yoast_head_json":{"title":"Sercotec lanza fondo para cooperativas en la Regi\u00f3n de Valpara\u00edso - Valpara\u00ed\u00adso Creativo","robots":{"index":"index","follow":"follow","max-snippet":"max-snippet:-1","max-image-preview":"max-image-preview:large","max-video-preview":"max-video-preview:-1"},"canonical":"https:\/\/dev.antudigital.cl\/sites\/vc\/sercotec-lanza-fondo-para-cooperativas-en-la-region-de-valparaiso\/","og_locale":"es_ES","og_type":"article","og_title":"Sercotec lanza fondo para cooperativas en la Regi\u00f3n de Valpara\u00edso - Valpara\u00ed\u00adso Creativo","og_description":"Fecha Cierre 12 de Junio. Valpara\u00edso. \u2013 El Servicio de Cooperaci\u00f3n T\u00e9cnica (Sercotec) ha abierto su nueva convocatoria del Programa de Creaci\u00f3n y Fortalecimiento de Cooperativas Regi\u00f3n de Valpara\u00edso 2025, con el prop\u00f3sito de potenciar el desarrollo productivo de las cooperativas, promoviendo su formalizaci\u00f3n y capacidad de gesti\u00f3n, especialmente con enfoque en la autonom\u00eda y [&hellip;]","og_url":"https:\/\/dev.antudigital.cl\/sites\/vc\/sercotec-lanza-fondo-para-cooperativas-en-la-region-de-valparaiso\/","og_site_name":"Valpara\u00ed\u00adso Creativo","article_published_time":"2025-06-10T19:42:15+00:00","article_modified_time":"2025-07-11T19:43:42+00:00","og_image":[{"width":810,"height":426,"url":"https:\/\/dev.antudigital.cl\/sites\/vc\/wp-content\/uploads\/2023\/09\/SERCOTEC.jpeg","type":"image\/jpeg"}],"author":"Valpara\u00edso Creativo","twitter_card":"summary_large_image","twitter_misc":{"Escrito por":"Valpara\u00edso Creativo","Tiempo de lectura":"3 minutos"},"schema":{"@context":"https:\/\/schema.org","@graph":[{"@type":"Article","@id":"https:\/\/dev.antudigital.cl\/sites\/vc\/sercotec-lanza-fondo-para-cooperativas-en-la-region-de-valparaiso\/#article","isPartOf":{"@id":"https:\/\/dev.antudigital.cl\/sites\/vc\/sercotec-lanza-fondo-para-cooperativas-en-la-region-de-valparaiso\/"},"author":{"name":"Valpara\u00edso Creativo","@id":"https:\/\/dev.antudigital.cl\/sites\/vc\/#\/schema\/person\/c2b9da8dd545e27166fc5ab232837318"},"headline":"Sercotec lanza fondo para cooperativas en la Regi\u00f3n de Valpara\u00edso","datePublished":"2025-06-10T19:42:15+00:00","dateModified":"2025-07-11T19:43:42+00:00","mainEntityOfPage":{"@id":"https:\/\/dev.antudigital.cl\/sites\/vc\/sercotec-lanza-fondo-para-cooperativas-en-la-region-de-valparaiso\/"},"wordCount":439,"image":{"@id":"https:\/\/dev.antudigital.cl\/sites\/vc\/sercotec-lanza-fondo-para-cooperativas-en-la-region-de-valparaiso\/#primaryimage"},"thumbnailUrl":"https:\/\/dev.antudigital.cl\/sites\/vc\/wp-content\/uploads\/2023\/09\/SERCOTEC.jpeg","articleSection":["Uncategorized"],"inLanguage":"es"},{"@type":"WebPage","@id":"https:\/\/dev.antudigital.cl\/sites\/vc\/sercotec-lanza-fondo-para-cooperativas-en-la-region-de-valparaiso\/","url":"https:\/\/dev.antudigital.cl\/sites\/vc\/sercotec-lanza-fondo-para-cooperativas-en-la-region-de-valparaiso\/","name":"Sercotec lanza fondo para cooperativas en la Regi\u00f3n de Valpara\u00edso - Valpara\u00ed\u00adso Creativo","isPartOf":{"@id":"https:\/\/dev.antudigital.cl\/sites\/vc\/#website"},"primaryImageOfPage":{"@id":"https:\/\/dev.antudigital.cl\/sites\/vc\/sercotec-lanza-fondo-para-cooperativas-en-la-region-de-valparaiso\/#primaryimage"},"image":{"@id":"https:\/\/dev.antudigital.cl\/sites\/vc\/sercotec-lanza-fondo-para-cooperativas-en-la-region-de-valparaiso\/#primaryimage"},"thumbnailUrl":"https:\/\/dev.antudigital.cl\/sites\/vc\/wp-content\/uploads\/2023\/09\/SERCOTEC.jpeg","datePublished":"2025-06-10T19:42:15+00:00","dateModified":"2025-07-11T19:43:42+00:00","author":{"@id":"https:\/\/dev.antudigital.cl\/sites\/vc\/#\/schema\/person\/c2b9da8dd545e27166fc5ab232837318"},"breadcrumb":{"@id":"https:\/\/dev.antudigital.cl\/sites\/vc\/sercotec-lanza-fondo-para-cooperativas-en-la-region-de-valparaiso\/#breadcrumb"},"inLanguage":"es","potentialAction":[{"@type":"ReadAction","target":["https:\/\/dev.antudigital.cl\/sites\/vc\/sercotec-lanza-fondo-para-cooperativas-en-la-region-de-valparaiso\/"]}]},{"@type":"ImageObject","inLanguage":"es","@id":"https:\/\/dev.antudigital.cl\/sites\/vc\/sercotec-lanza-fondo-para-cooperativas-en-la-region-de-valparaiso\/#primaryimage","url":"https:\/\/dev.antudigital.cl\/sites\/vc\/wp-content\/uploads\/2023\/09\/SERCOTEC.jpeg","contentUrl":"https:\/\/dev.antudigital.cl\/sites\/vc\/wp-content\/uploads\/2023\/09\/SERCOTEC.jpeg","width":810,"height":426},{"@type":"BreadcrumbList","@id":"https:\/\/dev.antudigital.cl\/sites\/vc\/sercotec-lanza-fondo-para-cooperativas-en-la-region-de-valparaiso\/#breadcrumb","itemListElement":[{"@type":"ListItem","position":1,"name":"Home","item":"https:\/\/dev.antudigital.cl\/sites\/vc\/"},{"@type":"ListItem","position":2,"name":"Sercotec lanza fondo para cooperativas en la Regi\u00f3n de Valpara\u00edso"}]},{"@type":"WebSite","@id":"https:\/\/dev.antudigital.cl\/sites\/vc\/#website","url":"https:\/\/dev.antudigital.cl\/sites\/vc\/","name":"Valpara\u00ed\u00adso Creativo","description":"","potentialAction":[{"@type":"SearchAction","target":{"@type":"EntryPoint","urlTemplate":"https:\/\/dev.antudigital.cl\/sites\/vc\/?s={search_term_string}"},"query-input":{"@type":"PropertyValueSpecification","valueRequired":true,"valueName":"search_term_string"}}],"inLanguage":"es"},{"@type":"Person","@id":"https:\/\/dev.antudigital.cl\/sites\/vc\/#\/schema\/person\/c2b9da8dd545e27166fc5ab232837318","name":"Valpara\u00edso Creativo","description":"Periodista de cultura en la Regi\u00f3n de Valpara\u00edso.","url":"https:\/\/dev.antudigital.cl\/sites\/vc\/author\/valpoadmin\/"}]}},"_links":{"self":[{"href":"https:\/\/dev.antudigital.cl\/sites\/vc\/wp-json\/wp\/v2\/posts\/25329","targetHints":{"allow":["GET"]}}],"collection":[{"href":"https:\/\/dev.antudigital.cl\/sites\/vc\/wp-json\/wp\/v2\/posts"}],"about":[{"href":"https:\/\/dev.antudigital.cl\/sites\/vc\/wp-json\/wp\/v2\/types\/post"}],"author":[{"embeddable":true,"href":"https:\/\/dev.antudigital.cl\/sites\/vc\/wp-json\/wp\/v2\/users\/1"}],"replies":[{"embeddable":true,"href":"https:\/\/dev.antudigital.cl\/sites\/vc\/wp-json\/wp\/v2\/comments?post=25329"}],"version-history":[{"count":1,"href":"https:\/\/dev.antudigital.cl\/sites\/vc\/wp-json\/wp\/v2\/posts\/25329\/revisions"}],"predecessor-version":[{"id":25330,"href":"https:\/\/dev.antudigital.cl\/sites\/vc\/wp-json\/wp\/v2\/posts\/25329\/revisions\/25330"}],"wp:featuredmedia":[{"embeddable":true,"href":"https:\/\/dev.antudigital.cl\/sites\/vc\/wp-json\/wp\/v2\/media\/17006"}],"wp:attachment":[{"href":"https:\/\/dev.antudigital.cl\/sites\/vc\/wp-json\/wp\/v2\/media?parent=25329"}],"wp:term":[{"taxonomy":"category","embeddable":true,"href":"https:\/\/dev.antudigital.cl\/sites\/vc\/wp-json\/wp\/v2\/categories?post=25329"},{"taxonomy":"post_tag","embeddable":true,"href":"https:\/\/dev.antudigital.cl\/sites\/vc\/wp-json\/wp\/v2\/tags?post=25329"}],"curies":[{"name":"wp","href":"https:\/\/api.w.org\/{rel}","templated":true}]}}