{"id":25332,"date":"2025-06-10T10:46:00","date_gmt":"2025-06-10T14:46:00","guid":{"rendered":"https:\/\/www.valparaisocreativo.cl\/?p=25332"},"modified":"2025-07-11T15:48:28","modified_gmt":"2025-07-11T19:48:28","slug":"insomnia-realiza-sera-sede-de-ciclos-especiales-por-el-mes-de-la-red-de-salas-de-cine-y-el-27-festival-de-cine-europeo","status":"publish","type":"post","link":"https:\/\/dev.antudigital.cl\/sites\/vc\/insomnia-realiza-sera-sede-de-ciclos-especiales-por-el-mes-de-la-red-de-salas-de-cine-y-el-27-festival-de-cine-europeo\/","title":{"rendered":"INSOMNIA realiza ser\u00e1 sede de ciclos especiales por el Mes de la Red de Salas de Cine y el 27\u00b0 Festival de Cine Europeo"},"content":{"rendered":"\n<ul class=\"wp-block-list\">\n<li>Desde este mi\u00e9rcoles 11 de junio se proyectar\u00e1n los films europeos: \u201cFamily therapy\u201d, \u201cVermiglio\u201d, \u201cEl amor y los bosques\u201d, \u201cNo se admiten perros ni italianos\u201d, \u201cLas cuatro almas del coyote\u201d y \u201cPrejudice&amp;Pride: A queer sweedish film history\u201d.<\/li>\n\n\n\n<li>Para celebrar el Mes de la Red de Salas de Cine Independiente de Chile se proyectar\u00e1 este s\u00e1bado a las 21:30 \u201cEl jockey\u201d con un conversatorio junto a Mariana Digirolamo.<\/li>\n<\/ul>\n\n\n\n<p>&nbsp;&nbsp;&nbsp;Esta semana INSOMNIA Teatro Condell ser\u00e1 sede de dos celebraciones cinematogr\u00e1ficas: el mes de la Red de Salas de Cine y el 27\u00b0 Festival de cine europeo con proyecciones de pa\u00edses como Eslovenia, Italia, Francia, Hungr\u00eda y Suecia. Para celebrar a la Red de salas, este s\u00e1bado a las 21:30 hrs. se proyectar\u00e1 una de las pel\u00edculas m\u00e1s bizarras que han nacido del cine argentino \u201cEl jockey\u201d del director Luis Ortega, con actuaciones de Nahuel P\u00e9rez Biscayart, \u00darsula Corber\u00f3 (La casa de papel) y la actriz chilena Mariana Di Girolamo, qui\u00e9n estar\u00e1 en la funci\u00f3n para participar de un conversatorio posterior.Remo Manfredini es un jockey legendario, pero su comportamiento autodestructivo comienza a eclipsar su talento y amenaza su relaci\u00f3n con su novia Abril.<\/p>\n\n\n\n<p>Remo Manfredini (Nahuel P\u00e9rez Biscayart) es un jockey legendario, pero su comportamiento autodestructivo comienza a eclipsar su talento y amenaza su relaci\u00f3n con su novia Abril. El d\u00eda de la competencia m\u00e1s importante de su carrera, que lo liberar\u00e1 de sus deudas con su jefe mafioso Sirena, sufre un grave accidente, desaparece del hospital y deambula por las calles de Buenos Aires. Libre de su identidad, comienza a descubrir qui\u00e9n est\u00e1 destinado a ser en realidad. Pero Sirena quiere encontrarlo, vivo o muerto.<\/p>\n\n\n\n<p>Para Claudio Pereira, programador de INSOMNIA, \u201cEl jockey\u201d es una pel\u00edcula: \u201chipn\u00f3tica, formalmente seductora, con un exquisito humor negro y sobre todo con una de las bandas sonoras m\u00e1s cautivantes del \u00faltimo tiempo. Es una de las pel\u00edculas m\u00e1s llamativas del cine contempor\u00e1neo latinoamericano. Octavo largometraje de Luis Ortega, director de series como \u201cEl marginal\u201d o \u201cHistoria de un Clan\u201d. Destaca por sus personajes, extra\u00f1os, estramb\u00f3ticos, seductores y oscuros partiendo con la dupla Nahuel P\u00e9rez Biscayart y \u00darsula Corber\u00f3, seguido por el gran actor mexicano Daniel Gim\u00e9nez Cacho y Mariana Di Gir\u00f3lamo\u201d.<\/p>\n\n\n\n<p>Del 10 al 15 de junio se celebrar\u00e1 una nueva edici\u00f3n del Festival de Cine Europeo, una de las muestras cinematogr\u00e1ficas internacionales m\u00e1s importantes del pa\u00eds. El Festival de Cine Europeo es una actividad conjunta de la Delegaci\u00f3n de la Uni\u00f3n Europea en Chile y sus Estados miembros, centros culturales europeos, y el Ministerio de las Culturas, las Artes y el Patrimonio (MINCAP).<\/p>\n\n\n\n<p>Con una programaci\u00f3n que busca reflejar la diversidad cultural del continente, el festival proyectar\u00e1 pel\u00edculas que abordan tem\u00e1ticas como la memoria hist\u00f3rica (colectiva y personal), desigualdad y poder, migraci\u00f3n, ecolog\u00eda y saberes ind\u00edgenas, animaci\u00f3n infantil, cine y representaci\u00f3n.&nbsp;<\/p>\n\n\n\n<p>Desde su fundaci\u00f3n en 1998, el Festival de Cine Europeo se ha posicionado como un espacio de acceso libre para descubrir pel\u00edculas europeas que rara vez llegan a las carteleras comerciales. Este a\u00f1o, la programaci\u00f3n vuelve a combinar ficci\u00f3n, documental, cine de autor y propuestas innovadoras, para p\u00fablicos de todas las edades.<\/p>\n\n\n\n<figure class=\"wp-block-image size-full\"><img decoding=\"async\" src=\"https:\/\/www.valparaisocreativo.cl\/wp-content\/uploads\/2025\/06\/FamilyTherapy-1-1-1024x576-1.jpg\" alt=\"\" class=\"wp-image-23815\"\/><\/figure>\n\n\n\n<p>En INSOMNIA Teatro Condell, los t\u00edtulos que se proyectar\u00e1n son los siguientes:&nbsp;<strong>\u00abFamily Therapy\u00bb<\/strong>&nbsp;(Eslovenia, mi\u00e9rcoles 11, 19:00). La directora Sonja Prosenc entrega una s\u00e1tira surrealista sobre la hipocres\u00eda de la \u00e9lite europea, en una comedia negra que desarma la idea de la familia perfecta.<\/p>\n\n\n\n<p><strong>\u00abVermiglio\u00bb&nbsp;<\/strong>(Italia, jueves 12, 19:00). Maura Delpero firma un conmovedor drama hist\u00f3rico sobre amor, guerra y transformaci\u00f3n en los Alpes italianos.&nbsp;<strong>\u201cEl amor y los bosques\u201d<\/strong>&nbsp;(Francia, viernes 13, 12:00 hrs). Val\u00e9rie Donzelli invita a observar el drama de una mujer que decide abandonarlo todo (incluso a su hermana gemela) al enamorarse de un hombre obsesivo y peligroso. Adaptaci\u00f3n de la novela hom\u00f3nima de Eric Reinhardt.<\/p>\n\n\n\n<figure class=\"wp-block-image size-full\"><img decoding=\"async\" src=\"https:\/\/www.valparaisocreativo.cl\/wp-content\/uploads\/2025\/06\/no-se-admiten-perros-ni-italianos-1-1024x550-1.jpg\" alt=\"\" class=\"wp-image-23814\"\/><\/figure>\n\n\n\n<p><strong>\u201cNo se admiten perros ni italianos\u201d<\/strong>&nbsp;(Francia, s\u00e1bado 14, 15:00). Esta animaci\u00f3n de Alain Ughetto cuenta la leyenda de su abuelo Luigi Ughetto, quien cruz\u00f3 los Alpes y comenz\u00f3 una nueva vida en Francia, cambiando el destino de su amada familia para siempre.&nbsp;<strong>\u201cLas cuatro almas del coyote\u201d&nbsp;<\/strong>(Hungr\u00eda, domingo 15, 12:00), en este film \u00c1ron Gauder nos cuenta a trav\u00e9s de la animaci\u00f3n la historia de j\u00f3venes ind\u00edgenas que se enfrentan a un proyecto de oleoducto que se instalar\u00e1 en su tierra ancestral.<\/p>\n\n\n\n<p>Finalmente,<strong>&nbsp;\u201cPrejudice &amp; Pride: A queer swedish film history\u201d<\/strong>&nbsp;(Suecia, domingo 15, 19:00). La directora Eva Beling realiza un documental recorriendo m\u00e1s de 100 a\u00f1os de cine queer sueco, revelando personajes ocultos y reivindicando una memoria diversa y silenciada del s\u00e9ptimo arte n\u00f3rdico.<\/p>\n","protected":false},"excerpt":{"rendered":"<p>&nbsp;&nbsp;&nbsp;Esta semana INSOMNIA Teatro Condell ser\u00e1 sede de dos celebraciones cinematogr\u00e1ficas: el mes de la Red de Salas de Cine y el 27\u00b0 Festival de cine europeo con proyecciones de pa\u00edses como Eslovenia, Italia, Francia, Hungr\u00eda y Suecia. Para celebrar a la Red de salas, este s\u00e1bado a las 21:30 hrs. se proyectar\u00e1 una de [&hellip;]<\/p>\n","protected":false},"author":1,"featured_media":25333,"comment_status":"closed","ping_status":"closed","sticky":false,"template":"","format":"standard","meta":{"_acf_changed":false,"footnotes":""},"categories":[1],"tags":[],"class_list":["post-25332","post","type-post","status-publish","format-standard","has-post-thumbnail","hentry","category-uncategorized"],"acf":[],"yoast_head":"<!-- This site is optimized with the Yoast SEO plugin v27.1.1 - https:\/\/yoast.com\/product\/yoast-seo-wordpress\/ -->\n<title>INSOMNIA realiza ser\u00e1 sede de ciclos especiales por el Mes de la Red de Salas de Cine y el 27\u00b0 Festival de Cine Europeo - Valpara\u00ed\u00adso Creativo<\/title>\n<meta name=\"robots\" content=\"index, follow, max-snippet:-1, max-image-preview:large, max-video-preview:-1\" \/>\n<link rel=\"canonical\" href=\"https:\/\/dev.antudigital.cl\/sites\/vc\/insomnia-realiza-sera-sede-de-ciclos-especiales-por-el-mes-de-la-red-de-salas-de-cine-y-el-27-festival-de-cine-europeo\/\" \/>\n<meta property=\"og:locale\" content=\"es_ES\" \/>\n<meta property=\"og:type\" content=\"article\" \/>\n<meta property=\"og:title\" content=\"INSOMNIA realiza ser\u00e1 sede de ciclos especiales por el Mes de la Red de Salas de Cine y el 27\u00b0 Festival de Cine Europeo - Valpara\u00ed\u00adso Creativo\" \/>\n<meta property=\"og:description\" content=\"&nbsp;&nbsp;&nbsp;Esta semana INSOMNIA Teatro Condell ser\u00e1 sede de dos celebraciones cinematogr\u00e1ficas: el mes de la Red de Salas de Cine y el 27\u00b0 Festival de cine europeo con proyecciones de pa\u00edses como Eslovenia, Italia, Francia, Hungr\u00eda y Suecia. Para celebrar a la Red de salas, este s\u00e1bado a las 21:30 hrs. se proyectar\u00e1 una de [&hellip;]\" \/>\n<meta property=\"og:url\" content=\"https:\/\/dev.antudigital.cl\/sites\/vc\/insomnia-realiza-sera-sede-de-ciclos-especiales-por-el-mes-de-la-red-de-salas-de-cine-y-el-27-festival-de-cine-europeo\/\" \/>\n<meta property=\"og:site_name\" content=\"Valpara\u00ed\u00adso Creativo\" \/>\n<meta property=\"article:published_time\" content=\"2025-06-10T14:46:00+00:00\" \/>\n<meta property=\"article:modified_time\" content=\"2025-07-11T19:48:28+00:00\" \/>\n<meta property=\"og:image\" content=\"https:\/\/dev.antudigital.cl\/sites\/vc\/wp-content\/uploads\/2025\/07\/Imagen-cuerpo-nota-4.jpg\" \/>\n\t<meta property=\"og:image:width\" content=\"960\" \/>\n\t<meta property=\"og:image:height\" content=\"540\" \/>\n\t<meta property=\"og:image:type\" content=\"image\/jpeg\" \/>\n<meta name=\"author\" content=\"Valpara\u00edso Creativo\" \/>\n<meta name=\"twitter:card\" content=\"summary_large_image\" \/>\n<meta name=\"twitter:label1\" content=\"Escrito por\" \/>\n\t<meta name=\"twitter:data1\" content=\"Valpara\u00edso Creativo\" \/>\n\t<meta name=\"twitter:label2\" content=\"Tiempo de lectura\" \/>\n\t<meta name=\"twitter:data2\" content=\"5 minutos\" \/>\n<script type=\"application\/ld+json\" class=\"yoast-schema-graph\">{\"@context\":\"https:\/\/schema.org\",\"@graph\":[{\"@type\":\"Article\",\"@id\":\"https:\/\/dev.antudigital.cl\/sites\/vc\/insomnia-realiza-sera-sede-de-ciclos-especiales-por-el-mes-de-la-red-de-salas-de-cine-y-el-27-festival-de-cine-europeo\/#article\",\"isPartOf\":{\"@id\":\"https:\/\/dev.antudigital.cl\/sites\/vc\/insomnia-realiza-sera-sede-de-ciclos-especiales-por-el-mes-de-la-red-de-salas-de-cine-y-el-27-festival-de-cine-europeo\/\"},\"author\":{\"name\":\"Valpara\u00edso Creativo\",\"@id\":\"https:\/\/dev.antudigital.cl\/sites\/vc\/#\/schema\/person\/c2b9da8dd545e27166fc5ab232837318\"},\"headline\":\"INSOMNIA realiza ser\u00e1 sede de ciclos especiales por el Mes de la Red de Salas de Cine y el 27\u00b0 Festival de Cine Europeo\",\"datePublished\":\"2025-06-10T14:46:00+00:00\",\"dateModified\":\"2025-07-11T19:48:28+00:00\",\"mainEntityOfPage\":{\"@id\":\"https:\/\/dev.antudigital.cl\/sites\/vc\/insomnia-realiza-sera-sede-de-ciclos-especiales-por-el-mes-de-la-red-de-salas-de-cine-y-el-27-festival-de-cine-europeo\/\"},\"wordCount\":847,\"image\":{\"@id\":\"https:\/\/dev.antudigital.cl\/sites\/vc\/insomnia-realiza-sera-sede-de-ciclos-especiales-por-el-mes-de-la-red-de-salas-de-cine-y-el-27-festival-de-cine-europeo\/#primaryimage\"},\"thumbnailUrl\":\"https:\/\/dev.antudigital.cl\/sites\/vc\/wp-content\/uploads\/2025\/07\/Imagen-cuerpo-nota-4.jpg\",\"articleSection\":[\"Uncategorized\"],\"inLanguage\":\"es\"},{\"@type\":\"WebPage\",\"@id\":\"https:\/\/dev.antudigital.cl\/sites\/vc\/insomnia-realiza-sera-sede-de-ciclos-especiales-por-el-mes-de-la-red-de-salas-de-cine-y-el-27-festival-de-cine-europeo\/\",\"url\":\"https:\/\/dev.antudigital.cl\/sites\/vc\/insomnia-realiza-sera-sede-de-ciclos-especiales-por-el-mes-de-la-red-de-salas-de-cine-y-el-27-festival-de-cine-europeo\/\",\"name\":\"INSOMNIA realiza ser\u00e1 sede de ciclos especiales por el Mes de la Red de Salas de Cine y el 27\u00b0 Festival de Cine Europeo - Valpara\u00ed\u00adso Creativo\",\"isPartOf\":{\"@id\":\"https:\/\/dev.antudigital.cl\/sites\/vc\/#website\"},\"primaryImageOfPage\":{\"@id\":\"https:\/\/dev.antudigital.cl\/sites\/vc\/insomnia-realiza-sera-sede-de-ciclos-especiales-por-el-mes-de-la-red-de-salas-de-cine-y-el-27-festival-de-cine-europeo\/#primaryimage\"},\"image\":{\"@id\":\"https:\/\/dev.antudigital.cl\/sites\/vc\/insomnia-realiza-sera-sede-de-ciclos-especiales-por-el-mes-de-la-red-de-salas-de-cine-y-el-27-festival-de-cine-europeo\/#primaryimage\"},\"thumbnailUrl\":\"https:\/\/dev.antudigital.cl\/sites\/vc\/wp-content\/uploads\/2025\/07\/Imagen-cuerpo-nota-4.jpg\",\"datePublished\":\"2025-06-10T14:46:00+00:00\",\"dateModified\":\"2025-07-11T19:48:28+00:00\",\"author\":{\"@id\":\"https:\/\/dev.antudigital.cl\/sites\/vc\/#\/schema\/person\/c2b9da8dd545e27166fc5ab232837318\"},\"breadcrumb\":{\"@id\":\"https:\/\/dev.antudigital.cl\/sites\/vc\/insomnia-realiza-sera-sede-de-ciclos-especiales-por-el-mes-de-la-red-de-salas-de-cine-y-el-27-festival-de-cine-europeo\/#breadcrumb\"},\"inLanguage\":\"es\",\"potentialAction\":[{\"@type\":\"ReadAction\",\"target\":[\"https:\/\/dev.antudigital.cl\/sites\/vc\/insomnia-realiza-sera-sede-de-ciclos-especiales-por-el-mes-de-la-red-de-salas-de-cine-y-el-27-festival-de-cine-europeo\/\"]}]},{\"@type\":\"ImageObject\",\"inLanguage\":\"es\",\"@id\":\"https:\/\/dev.antudigital.cl\/sites\/vc\/insomnia-realiza-sera-sede-de-ciclos-especiales-por-el-mes-de-la-red-de-salas-de-cine-y-el-27-festival-de-cine-europeo\/#primaryimage\",\"url\":\"https:\/\/dev.antudigital.cl\/sites\/vc\/wp-content\/uploads\/2025\/07\/Imagen-cuerpo-nota-4.jpg\",\"contentUrl\":\"https:\/\/dev.antudigital.cl\/sites\/vc\/wp-content\/uploads\/2025\/07\/Imagen-cuerpo-nota-4.jpg\",\"width\":960,\"height\":540},{\"@type\":\"BreadcrumbList\",\"@id\":\"https:\/\/dev.antudigital.cl\/sites\/vc\/insomnia-realiza-sera-sede-de-ciclos-especiales-por-el-mes-de-la-red-de-salas-de-cine-y-el-27-festival-de-cine-europeo\/#breadcrumb\",\"itemListElement\":[{\"@type\":\"ListItem\",\"position\":1,\"name\":\"Home\",\"item\":\"https:\/\/dev.antudigital.cl\/sites\/vc\/\"},{\"@type\":\"ListItem\",\"position\":2,\"name\":\"INSOMNIA realiza ser\u00e1 sede de ciclos especiales por el Mes de la Red de Salas de Cine y el 27\u00b0 Festival de Cine Europeo\"}]},{\"@type\":\"WebSite\",\"@id\":\"https:\/\/dev.antudigital.cl\/sites\/vc\/#website\",\"url\":\"https:\/\/dev.antudigital.cl\/sites\/vc\/\",\"name\":\"Valpara\u00ed\u00adso Creativo\",\"description\":\"\",\"potentialAction\":[{\"@type\":\"SearchAction\",\"target\":{\"@type\":\"EntryPoint\",\"urlTemplate\":\"https:\/\/dev.antudigital.cl\/sites\/vc\/?s={search_term_string}\"},\"query-input\":{\"@type\":\"PropertyValueSpecification\",\"valueRequired\":true,\"valueName\":\"search_term_string\"}}],\"inLanguage\":\"es\"},{\"@type\":\"Person\",\"@id\":\"https:\/\/dev.antudigital.cl\/sites\/vc\/#\/schema\/person\/c2b9da8dd545e27166fc5ab232837318\",\"name\":\"Valpara\u00edso Creativo\",\"description\":\"Periodista de cultura en la Regi\u00f3n de Valpara\u00edso.\",\"url\":\"https:\/\/dev.antudigital.cl\/sites\/vc\/author\/valpoadmin\/\"}]}<\/script>\n<!-- \/ Yoast SEO plugin. -->","yoast_head_json":{"title":"INSOMNIA realiza ser\u00e1 sede de ciclos especiales por el Mes de la Red de Salas de Cine y el 27\u00b0 Festival de Cine Europeo - Valpara\u00ed\u00adso Creativo","robots":{"index":"index","follow":"follow","max-snippet":"max-snippet:-1","max-image-preview":"max-image-preview:large","max-video-preview":"max-video-preview:-1"},"canonical":"https:\/\/dev.antudigital.cl\/sites\/vc\/insomnia-realiza-sera-sede-de-ciclos-especiales-por-el-mes-de-la-red-de-salas-de-cine-y-el-27-festival-de-cine-europeo\/","og_locale":"es_ES","og_type":"article","og_title":"INSOMNIA realiza ser\u00e1 sede de ciclos especiales por el Mes de la Red de Salas de Cine y el 27\u00b0 Festival de Cine Europeo - Valpara\u00ed\u00adso Creativo","og_description":"&nbsp;&nbsp;&nbsp;Esta semana INSOMNIA Teatro Condell ser\u00e1 sede de dos celebraciones cinematogr\u00e1ficas: el mes de la Red de Salas de Cine y el 27\u00b0 Festival de cine europeo con proyecciones de pa\u00edses como Eslovenia, Italia, Francia, Hungr\u00eda y Suecia. Para celebrar a la Red de salas, este s\u00e1bado a las 21:30 hrs. se proyectar\u00e1 una de [&hellip;]","og_url":"https:\/\/dev.antudigital.cl\/sites\/vc\/insomnia-realiza-sera-sede-de-ciclos-especiales-por-el-mes-de-la-red-de-salas-de-cine-y-el-27-festival-de-cine-europeo\/","og_site_name":"Valpara\u00ed\u00adso Creativo","article_published_time":"2025-06-10T14:46:00+00:00","article_modified_time":"2025-07-11T19:48:28+00:00","og_image":[{"width":960,"height":540,"url":"https:\/\/dev.antudigital.cl\/sites\/vc\/wp-content\/uploads\/2025\/07\/Imagen-cuerpo-nota-4.jpg","type":"image\/jpeg"}],"author":"Valpara\u00edso Creativo","twitter_card":"summary_large_image","twitter_misc":{"Escrito por":"Valpara\u00edso Creativo","Tiempo de lectura":"5 minutos"},"schema":{"@context":"https:\/\/schema.org","@graph":[{"@type":"Article","@id":"https:\/\/dev.antudigital.cl\/sites\/vc\/insomnia-realiza-sera-sede-de-ciclos-especiales-por-el-mes-de-la-red-de-salas-de-cine-y-el-27-festival-de-cine-europeo\/#article","isPartOf":{"@id":"https:\/\/dev.antudigital.cl\/sites\/vc\/insomnia-realiza-sera-sede-de-ciclos-especiales-por-el-mes-de-la-red-de-salas-de-cine-y-el-27-festival-de-cine-europeo\/"},"author":{"name":"Valpara\u00edso Creativo","@id":"https:\/\/dev.antudigital.cl\/sites\/vc\/#\/schema\/person\/c2b9da8dd545e27166fc5ab232837318"},"headline":"INSOMNIA realiza ser\u00e1 sede de ciclos especiales por el Mes de la Red de Salas de Cine y el 27\u00b0 Festival de Cine Europeo","datePublished":"2025-06-10T14:46:00+00:00","dateModified":"2025-07-11T19:48:28+00:00","mainEntityOfPage":{"@id":"https:\/\/dev.antudigital.cl\/sites\/vc\/insomnia-realiza-sera-sede-de-ciclos-especiales-por-el-mes-de-la-red-de-salas-de-cine-y-el-27-festival-de-cine-europeo\/"},"wordCount":847,"image":{"@id":"https:\/\/dev.antudigital.cl\/sites\/vc\/insomnia-realiza-sera-sede-de-ciclos-especiales-por-el-mes-de-la-red-de-salas-de-cine-y-el-27-festival-de-cine-europeo\/#primaryimage"},"thumbnailUrl":"https:\/\/dev.antudigital.cl\/sites\/vc\/wp-content\/uploads\/2025\/07\/Imagen-cuerpo-nota-4.jpg","articleSection":["Uncategorized"],"inLanguage":"es"},{"@type":"WebPage","@id":"https:\/\/dev.antudigital.cl\/sites\/vc\/insomnia-realiza-sera-sede-de-ciclos-especiales-por-el-mes-de-la-red-de-salas-de-cine-y-el-27-festival-de-cine-europeo\/","url":"https:\/\/dev.antudigital.cl\/sites\/vc\/insomnia-realiza-sera-sede-de-ciclos-especiales-por-el-mes-de-la-red-de-salas-de-cine-y-el-27-festival-de-cine-europeo\/","name":"INSOMNIA realiza ser\u00e1 sede de ciclos especiales por el Mes de la Red de Salas de Cine y el 27\u00b0 Festival de Cine Europeo - Valpara\u00ed\u00adso Creativo","isPartOf":{"@id":"https:\/\/dev.antudigital.cl\/sites\/vc\/#website"},"primaryImageOfPage":{"@id":"https:\/\/dev.antudigital.cl\/sites\/vc\/insomnia-realiza-sera-sede-de-ciclos-especiales-por-el-mes-de-la-red-de-salas-de-cine-y-el-27-festival-de-cine-europeo\/#primaryimage"},"image":{"@id":"https:\/\/dev.antudigital.cl\/sites\/vc\/insomnia-realiza-sera-sede-de-ciclos-especiales-por-el-mes-de-la-red-de-salas-de-cine-y-el-27-festival-de-cine-europeo\/#primaryimage"},"thumbnailUrl":"https:\/\/dev.antudigital.cl\/sites\/vc\/wp-content\/uploads\/2025\/07\/Imagen-cuerpo-nota-4.jpg","datePublished":"2025-06-10T14:46:00+00:00","dateModified":"2025-07-11T19:48:28+00:00","author":{"@id":"https:\/\/dev.antudigital.cl\/sites\/vc\/#\/schema\/person\/c2b9da8dd545e27166fc5ab232837318"},"breadcrumb":{"@id":"https:\/\/dev.antudigital.cl\/sites\/vc\/insomnia-realiza-sera-sede-de-ciclos-especiales-por-el-mes-de-la-red-de-salas-de-cine-y-el-27-festival-de-cine-europeo\/#breadcrumb"},"inLanguage":"es","potentialAction":[{"@type":"ReadAction","target":["https:\/\/dev.antudigital.cl\/sites\/vc\/insomnia-realiza-sera-sede-de-ciclos-especiales-por-el-mes-de-la-red-de-salas-de-cine-y-el-27-festival-de-cine-europeo\/"]}]},{"@type":"ImageObject","inLanguage":"es","@id":"https:\/\/dev.antudigital.cl\/sites\/vc\/insomnia-realiza-sera-sede-de-ciclos-especiales-por-el-mes-de-la-red-de-salas-de-cine-y-el-27-festival-de-cine-europeo\/#primaryimage","url":"https:\/\/dev.antudigital.cl\/sites\/vc\/wp-content\/uploads\/2025\/07\/Imagen-cuerpo-nota-4.jpg","contentUrl":"https:\/\/dev.antudigital.cl\/sites\/vc\/wp-content\/uploads\/2025\/07\/Imagen-cuerpo-nota-4.jpg","width":960,"height":540},{"@type":"BreadcrumbList","@id":"https:\/\/dev.antudigital.cl\/sites\/vc\/insomnia-realiza-sera-sede-de-ciclos-especiales-por-el-mes-de-la-red-de-salas-de-cine-y-el-27-festival-de-cine-europeo\/#breadcrumb","itemListElement":[{"@type":"ListItem","position":1,"name":"Home","item":"https:\/\/dev.antudigital.cl\/sites\/vc\/"},{"@type":"ListItem","position":2,"name":"INSOMNIA realiza ser\u00e1 sede de ciclos especiales por el Mes de la Red de Salas de Cine y el 27\u00b0 Festival de Cine Europeo"}]},{"@type":"WebSite","@id":"https:\/\/dev.antudigital.cl\/sites\/vc\/#website","url":"https:\/\/dev.antudigital.cl\/sites\/vc\/","name":"Valpara\u00ed\u00adso Creativo","description":"","potentialAction":[{"@type":"SearchAction","target":{"@type":"EntryPoint","urlTemplate":"https:\/\/dev.antudigital.cl\/sites\/vc\/?s={search_term_string}"},"query-input":{"@type":"PropertyValueSpecification","valueRequired":true,"valueName":"search_term_string"}}],"inLanguage":"es"},{"@type":"Person","@id":"https:\/\/dev.antudigital.cl\/sites\/vc\/#\/schema\/person\/c2b9da8dd545e27166fc5ab232837318","name":"Valpara\u00edso Creativo","description":"Periodista de cultura en la Regi\u00f3n de Valpara\u00edso.","url":"https:\/\/dev.antudigital.cl\/sites\/vc\/author\/valpoadmin\/"}]}},"_links":{"self":[{"href":"https:\/\/dev.antudigital.cl\/sites\/vc\/wp-json\/wp\/v2\/posts\/25332","targetHints":{"allow":["GET"]}}],"collection":[{"href":"https:\/\/dev.antudigital.cl\/sites\/vc\/wp-json\/wp\/v2\/posts"}],"about":[{"href":"https:\/\/dev.antudigital.cl\/sites\/vc\/wp-json\/wp\/v2\/types\/post"}],"author":[{"embeddable":true,"href":"https:\/\/dev.antudigital.cl\/sites\/vc\/wp-json\/wp\/v2\/users\/1"}],"replies":[{"embeddable":true,"href":"https:\/\/dev.antudigital.cl\/sites\/vc\/wp-json\/wp\/v2\/comments?post=25332"}],"version-history":[{"count":1,"href":"https:\/\/dev.antudigital.cl\/sites\/vc\/wp-json\/wp\/v2\/posts\/25332\/revisions"}],"predecessor-version":[{"id":25334,"href":"https:\/\/dev.antudigital.cl\/sites\/vc\/wp-json\/wp\/v2\/posts\/25332\/revisions\/25334"}],"wp:featuredmedia":[{"embeddable":true,"href":"https:\/\/dev.antudigital.cl\/sites\/vc\/wp-json\/wp\/v2\/media\/25333"}],"wp:attachment":[{"href":"https:\/\/dev.antudigital.cl\/sites\/vc\/wp-json\/wp\/v2\/media?parent=25332"}],"wp:term":[{"taxonomy":"category","embeddable":true,"href":"https:\/\/dev.antudigital.cl\/sites\/vc\/wp-json\/wp\/v2\/categories?post=25332"},{"taxonomy":"post_tag","embeddable":true,"href":"https:\/\/dev.antudigital.cl\/sites\/vc\/wp-json\/wp\/v2\/tags?post=25332"}],"curies":[{"name":"wp","href":"https:\/\/api.w.org\/{rel}","templated":true}]}}