{"id":25335,"date":"2025-06-10T09:48:00","date_gmt":"2025-06-10T13:48:00","guid":{"rendered":"https:\/\/www.valparaisocreativo.cl\/?p=25335"},"modified":"2025-07-11T15:50:38","modified_gmt":"2025-07-11T19:50:38","slug":"bafochi-sinfonico-llega-al-teatro-municipal-de-vina-del-mar-con-una-propuesta-artistica-unica","status":"publish","type":"post","link":"https:\/\/dev.antudigital.cl\/sites\/vc\/bafochi-sinfonico-llega-al-teatro-municipal-de-vina-del-mar-con-una-propuesta-artistica-unica\/","title":{"rendered":"Bafochi Sinf\u00f3nico llega al Teatro Municipal de Vi\u00f1a del Mar con una propuesta art\u00edstica \u00fanica"},"content":{"rendered":"\n<p>El pr\u00f3ximo jueves 27 de junio, el prestigioso Teatro Municipal de Vi\u00f1a del Mar abrir\u00e1 sus puertas para recibir \u00abBafochi Sinf\u00f3nico\u00bb, una ambiciosa y emotiva puesta en escena que une dos mundos: la profundidad del folclore chileno y la potencia expresiva de la m\u00fasica sinf\u00f3nica. Tickets disponibles en eventrid.cl.<\/p>\n\n\n\n<p>El espect\u00e1culo, protagonizado por el reconocido Ballet Folcl\u00f3rico de Chile (BAFOCHI), propone un viaje sensorial por el alma cultural del pa\u00eds, a trav\u00e9s de una cuidada selecci\u00f3n de cuadros danc\u00edsticos y sonoros que representan distintas zonas, costumbres y expresiones del territorio nacional.<\/p>\n\n\n\n<p>M\u00e1s de 50 artistas en escena, entre bailarines, m\u00fasicos sinf\u00f3nicos y ejecutantes de instrumentos tradicionales, dar\u00e1n vida a una propuesta art\u00edstica sin precedentes en la trayectoria del ballet. La compa\u00f1\u00eda, con m\u00e1s de 35 a\u00f1os de historia, se ha consolidado como uno de los principales referentes del folclore esc\u00e9nico en Chile y el extranjero, y en esta ocasi\u00f3n redobla su apuesta integrando una orquesta sinf\u00f3nica en vivo.<\/p>\n\n\n\n<p>La obra combina la energ\u00eda de 24 bailarines con la imponente sonoridad de 30 m\u00fasicos que ejecutar\u00e1n arreglos orquestales especialmente creados para este montaje. La agrupaci\u00f3n incluye cuerdas (violines, violas, cellos), vientos, bronces, percusi\u00f3n y un ensamble de instrumentos vern\u00e1culos chilenos, a cargo de 10 m\u00fasicos especialistas en sonoridades tradicionales. Esta integraci\u00f3n busca no solo enriquecer la experiencia est\u00e9tica, sino tambi\u00e9n revalorizar el patrimonio musical chileno desde una mirada contempor\u00e1nea y orquestal.<\/p>\n\n\n\n<p>Cada pieza del repertorio, desde danzas nortinas hasta expresiones del sur profundo, ha sido cuidadosamente reimaginada para esta nueva propuesta, sin perder su ra\u00edz ni autenticidad. As\u00ed, los sonidos ancestrales dialogan con armon\u00edas sinf\u00f3nicas, y la danza folcl\u00f3rica se eleva con una narrativa visual y musical que emociona y sorprende.<\/p>\n\n\n\n<p>\u00abBafochi Sinf\u00f3nico\u00bb no es solo un espect\u00e1culo, sino una declaraci\u00f3n de amor a la cultura chilena. La direcci\u00f3n art\u00edstica ha buscado que cada elemento, coreograf\u00edas, vestuario, m\u00fasica, iluminaci\u00f3n y escenograf\u00eda, contribuya a una experiencia inmersiva y conmovedora.<\/p>\n\n\n\n<p>La elecci\u00f3n del Teatro Municipal de Vi\u00f1a del Mar como escenario no es casual. Este espacio emblem\u00e1tico de la ciudad jard\u00edn es un s\u00edmbolo del quehacer cultural nacional, y ofrece el marco perfecto para un montaje que une excelencia art\u00edstica, identidad y modernidad.<\/p>\n\n\n\n<p>Esta funci\u00f3n es \u00fanica y representa una oportunidad especial para el p\u00fablico de presenciar un proyecto que trasciende g\u00e9neros, generaciones y territorios, y que se propone emocionar y conectar con lo m\u00e1s profundo del alma chilena.<\/p>\n\n\n\n<p>Entradas disponibles en <a href=\"http:\/\/www.eventrid.cl\">eventrid.cl<\/a> .<\/p>\n\n\n\n<p><\/p>\n","protected":false},"excerpt":{"rendered":"<p>El pr\u00f3ximo jueves 27 de junio, el prestigioso Teatro Municipal de Vi\u00f1a del Mar abrir\u00e1 sus puertas para recibir \u00abBafochi Sinf\u00f3nico\u00bb, una ambiciosa y emotiva puesta en escena que une dos mundos: la profundidad del folclore chileno y la potencia expresiva de la m\u00fasica sinf\u00f3nica. Tickets disponibles en eventrid.cl. El espect\u00e1culo, protagonizado por el reconocido [&hellip;]<\/p>\n","protected":false},"author":1,"featured_media":25336,"comment_status":"closed","ping_status":"closed","sticky":false,"template":"","format":"standard","meta":{"_acf_changed":false,"footnotes":""},"categories":[1],"tags":[],"class_list":["post-25335","post","type-post","status-publish","format-standard","has-post-thumbnail","hentry","category-uncategorized"],"acf":[],"yoast_head":"<!-- This site is optimized with the Yoast SEO plugin v27.1.1 - https:\/\/yoast.com\/product\/yoast-seo-wordpress\/ -->\n<title>Bafochi Sinf\u00f3nico llega al Teatro Municipal de Vi\u00f1a del Mar con una propuesta art\u00edstica \u00fanica - Valpara\u00ed\u00adso Creativo<\/title>\n<meta name=\"robots\" content=\"index, follow, max-snippet:-1, max-image-preview:large, max-video-preview:-1\" \/>\n<link rel=\"canonical\" href=\"https:\/\/dev.antudigital.cl\/sites\/vc\/bafochi-sinfonico-llega-al-teatro-municipal-de-vina-del-mar-con-una-propuesta-artistica-unica\/\" \/>\n<meta property=\"og:locale\" content=\"es_ES\" \/>\n<meta property=\"og:type\" content=\"article\" \/>\n<meta property=\"og:title\" content=\"Bafochi Sinf\u00f3nico llega al Teatro Municipal de Vi\u00f1a del Mar con una propuesta art\u00edstica \u00fanica - Valpara\u00ed\u00adso Creativo\" \/>\n<meta property=\"og:description\" content=\"El pr\u00f3ximo jueves 27 de junio, el prestigioso Teatro Municipal de Vi\u00f1a del Mar abrir\u00e1 sus puertas para recibir \u00abBafochi Sinf\u00f3nico\u00bb, una ambiciosa y emotiva puesta en escena que une dos mundos: la profundidad del folclore chileno y la potencia expresiva de la m\u00fasica sinf\u00f3nica. Tickets disponibles en eventrid.cl. El espect\u00e1culo, protagonizado por el reconocido [&hellip;]\" \/>\n<meta property=\"og:url\" content=\"https:\/\/dev.antudigital.cl\/sites\/vc\/bafochi-sinfonico-llega-al-teatro-municipal-de-vina-del-mar-con-una-propuesta-artistica-unica\/\" \/>\n<meta property=\"og:site_name\" content=\"Valpara\u00ed\u00adso Creativo\" \/>\n<meta property=\"article:published_time\" content=\"2025-06-10T13:48:00+00:00\" \/>\n<meta property=\"article:modified_time\" content=\"2025-07-11T19:50:38+00:00\" \/>\n<meta property=\"og:image\" content=\"https:\/\/dev.antudigital.cl\/sites\/vc\/wp-content\/uploads\/2025\/07\/unnamed-3.jpg\" \/>\n\t<meta property=\"og:image:width\" content=\"1920\" \/>\n\t<meta property=\"og:image:height\" content=\"1279\" \/>\n\t<meta property=\"og:image:type\" content=\"image\/jpeg\" \/>\n<meta name=\"author\" content=\"Valpara\u00edso Creativo\" \/>\n<meta name=\"twitter:card\" content=\"summary_large_image\" \/>\n<meta name=\"twitter:label1\" content=\"Escrito por\" \/>\n\t<meta name=\"twitter:data1\" content=\"Valpara\u00edso Creativo\" \/>\n\t<meta name=\"twitter:label2\" content=\"Tiempo de lectura\" \/>\n\t<meta name=\"twitter:data2\" content=\"3 minutos\" \/>\n<script type=\"application\/ld+json\" class=\"yoast-schema-graph\">{\"@context\":\"https:\/\/schema.org\",\"@graph\":[{\"@type\":\"Article\",\"@id\":\"https:\/\/dev.antudigital.cl\/sites\/vc\/bafochi-sinfonico-llega-al-teatro-municipal-de-vina-del-mar-con-una-propuesta-artistica-unica\/#article\",\"isPartOf\":{\"@id\":\"https:\/\/dev.antudigital.cl\/sites\/vc\/bafochi-sinfonico-llega-al-teatro-municipal-de-vina-del-mar-con-una-propuesta-artistica-unica\/\"},\"author\":{\"name\":\"Valpara\u00edso Creativo\",\"@id\":\"https:\/\/dev.antudigital.cl\/sites\/vc\/#\/schema\/person\/c2b9da8dd545e27166fc5ab232837318\"},\"headline\":\"Bafochi Sinf\u00f3nico llega al Teatro Municipal de Vi\u00f1a del Mar con una propuesta art\u00edstica \u00fanica\",\"datePublished\":\"2025-06-10T13:48:00+00:00\",\"dateModified\":\"2025-07-11T19:50:38+00:00\",\"mainEntityOfPage\":{\"@id\":\"https:\/\/dev.antudigital.cl\/sites\/vc\/bafochi-sinfonico-llega-al-teatro-municipal-de-vina-del-mar-con-una-propuesta-artistica-unica\/\"},\"wordCount\":470,\"image\":{\"@id\":\"https:\/\/dev.antudigital.cl\/sites\/vc\/bafochi-sinfonico-llega-al-teatro-municipal-de-vina-del-mar-con-una-propuesta-artistica-unica\/#primaryimage\"},\"thumbnailUrl\":\"https:\/\/dev.antudigital.cl\/sites\/vc\/wp-content\/uploads\/2025\/07\/unnamed-3.jpg\",\"articleSection\":[\"Uncategorized\"],\"inLanguage\":\"es\"},{\"@type\":\"WebPage\",\"@id\":\"https:\/\/dev.antudigital.cl\/sites\/vc\/bafochi-sinfonico-llega-al-teatro-municipal-de-vina-del-mar-con-una-propuesta-artistica-unica\/\",\"url\":\"https:\/\/dev.antudigital.cl\/sites\/vc\/bafochi-sinfonico-llega-al-teatro-municipal-de-vina-del-mar-con-una-propuesta-artistica-unica\/\",\"name\":\"Bafochi Sinf\u00f3nico llega al Teatro Municipal de Vi\u00f1a del Mar con una propuesta art\u00edstica \u00fanica - Valpara\u00ed\u00adso Creativo\",\"isPartOf\":{\"@id\":\"https:\/\/dev.antudigital.cl\/sites\/vc\/#website\"},\"primaryImageOfPage\":{\"@id\":\"https:\/\/dev.antudigital.cl\/sites\/vc\/bafochi-sinfonico-llega-al-teatro-municipal-de-vina-del-mar-con-una-propuesta-artistica-unica\/#primaryimage\"},\"image\":{\"@id\":\"https:\/\/dev.antudigital.cl\/sites\/vc\/bafochi-sinfonico-llega-al-teatro-municipal-de-vina-del-mar-con-una-propuesta-artistica-unica\/#primaryimage\"},\"thumbnailUrl\":\"https:\/\/dev.antudigital.cl\/sites\/vc\/wp-content\/uploads\/2025\/07\/unnamed-3.jpg\",\"datePublished\":\"2025-06-10T13:48:00+00:00\",\"dateModified\":\"2025-07-11T19:50:38+00:00\",\"author\":{\"@id\":\"https:\/\/dev.antudigital.cl\/sites\/vc\/#\/schema\/person\/c2b9da8dd545e27166fc5ab232837318\"},\"breadcrumb\":{\"@id\":\"https:\/\/dev.antudigital.cl\/sites\/vc\/bafochi-sinfonico-llega-al-teatro-municipal-de-vina-del-mar-con-una-propuesta-artistica-unica\/#breadcrumb\"},\"inLanguage\":\"es\",\"potentialAction\":[{\"@type\":\"ReadAction\",\"target\":[\"https:\/\/dev.antudigital.cl\/sites\/vc\/bafochi-sinfonico-llega-al-teatro-municipal-de-vina-del-mar-con-una-propuesta-artistica-unica\/\"]}]},{\"@type\":\"ImageObject\",\"inLanguage\":\"es\",\"@id\":\"https:\/\/dev.antudigital.cl\/sites\/vc\/bafochi-sinfonico-llega-al-teatro-municipal-de-vina-del-mar-con-una-propuesta-artistica-unica\/#primaryimage\",\"url\":\"https:\/\/dev.antudigital.cl\/sites\/vc\/wp-content\/uploads\/2025\/07\/unnamed-3.jpg\",\"contentUrl\":\"https:\/\/dev.antudigital.cl\/sites\/vc\/wp-content\/uploads\/2025\/07\/unnamed-3.jpg\",\"width\":1920,\"height\":1279},{\"@type\":\"BreadcrumbList\",\"@id\":\"https:\/\/dev.antudigital.cl\/sites\/vc\/bafochi-sinfonico-llega-al-teatro-municipal-de-vina-del-mar-con-una-propuesta-artistica-unica\/#breadcrumb\",\"itemListElement\":[{\"@type\":\"ListItem\",\"position\":1,\"name\":\"Home\",\"item\":\"https:\/\/dev.antudigital.cl\/sites\/vc\/\"},{\"@type\":\"ListItem\",\"position\":2,\"name\":\"Bafochi Sinf\u00f3nico llega al Teatro Municipal de Vi\u00f1a del Mar con una propuesta art\u00edstica \u00fanica\"}]},{\"@type\":\"WebSite\",\"@id\":\"https:\/\/dev.antudigital.cl\/sites\/vc\/#website\",\"url\":\"https:\/\/dev.antudigital.cl\/sites\/vc\/\",\"name\":\"Valpara\u00ed\u00adso Creativo\",\"description\":\"\",\"potentialAction\":[{\"@type\":\"SearchAction\",\"target\":{\"@type\":\"EntryPoint\",\"urlTemplate\":\"https:\/\/dev.antudigital.cl\/sites\/vc\/?s={search_term_string}\"},\"query-input\":{\"@type\":\"PropertyValueSpecification\",\"valueRequired\":true,\"valueName\":\"search_term_string\"}}],\"inLanguage\":\"es\"},{\"@type\":\"Person\",\"@id\":\"https:\/\/dev.antudigital.cl\/sites\/vc\/#\/schema\/person\/c2b9da8dd545e27166fc5ab232837318\",\"name\":\"Valpara\u00edso Creativo\",\"description\":\"Periodista de cultura en la Regi\u00f3n de Valpara\u00edso.\",\"url\":\"https:\/\/dev.antudigital.cl\/sites\/vc\/author\/valpoadmin\/\"}]}<\/script>\n<!-- \/ Yoast SEO plugin. -->","yoast_head_json":{"title":"Bafochi Sinf\u00f3nico llega al Teatro Municipal de Vi\u00f1a del Mar con una propuesta art\u00edstica \u00fanica - Valpara\u00ed\u00adso Creativo","robots":{"index":"index","follow":"follow","max-snippet":"max-snippet:-1","max-image-preview":"max-image-preview:large","max-video-preview":"max-video-preview:-1"},"canonical":"https:\/\/dev.antudigital.cl\/sites\/vc\/bafochi-sinfonico-llega-al-teatro-municipal-de-vina-del-mar-con-una-propuesta-artistica-unica\/","og_locale":"es_ES","og_type":"article","og_title":"Bafochi Sinf\u00f3nico llega al Teatro Municipal de Vi\u00f1a del Mar con una propuesta art\u00edstica \u00fanica - Valpara\u00ed\u00adso Creativo","og_description":"El pr\u00f3ximo jueves 27 de junio, el prestigioso Teatro Municipal de Vi\u00f1a del Mar abrir\u00e1 sus puertas para recibir \u00abBafochi Sinf\u00f3nico\u00bb, una ambiciosa y emotiva puesta en escena que une dos mundos: la profundidad del folclore chileno y la potencia expresiva de la m\u00fasica sinf\u00f3nica. Tickets disponibles en eventrid.cl. El espect\u00e1culo, protagonizado por el reconocido [&hellip;]","og_url":"https:\/\/dev.antudigital.cl\/sites\/vc\/bafochi-sinfonico-llega-al-teatro-municipal-de-vina-del-mar-con-una-propuesta-artistica-unica\/","og_site_name":"Valpara\u00ed\u00adso Creativo","article_published_time":"2025-06-10T13:48:00+00:00","article_modified_time":"2025-07-11T19:50:38+00:00","og_image":[{"width":1920,"height":1279,"url":"https:\/\/dev.antudigital.cl\/sites\/vc\/wp-content\/uploads\/2025\/07\/unnamed-3.jpg","type":"image\/jpeg"}],"author":"Valpara\u00edso Creativo","twitter_card":"summary_large_image","twitter_misc":{"Escrito por":"Valpara\u00edso Creativo","Tiempo de lectura":"3 minutos"},"schema":{"@context":"https:\/\/schema.org","@graph":[{"@type":"Article","@id":"https:\/\/dev.antudigital.cl\/sites\/vc\/bafochi-sinfonico-llega-al-teatro-municipal-de-vina-del-mar-con-una-propuesta-artistica-unica\/#article","isPartOf":{"@id":"https:\/\/dev.antudigital.cl\/sites\/vc\/bafochi-sinfonico-llega-al-teatro-municipal-de-vina-del-mar-con-una-propuesta-artistica-unica\/"},"author":{"name":"Valpara\u00edso Creativo","@id":"https:\/\/dev.antudigital.cl\/sites\/vc\/#\/schema\/person\/c2b9da8dd545e27166fc5ab232837318"},"headline":"Bafochi Sinf\u00f3nico llega al Teatro Municipal de Vi\u00f1a del Mar con una propuesta art\u00edstica \u00fanica","datePublished":"2025-06-10T13:48:00+00:00","dateModified":"2025-07-11T19:50:38+00:00","mainEntityOfPage":{"@id":"https:\/\/dev.antudigital.cl\/sites\/vc\/bafochi-sinfonico-llega-al-teatro-municipal-de-vina-del-mar-con-una-propuesta-artistica-unica\/"},"wordCount":470,"image":{"@id":"https:\/\/dev.antudigital.cl\/sites\/vc\/bafochi-sinfonico-llega-al-teatro-municipal-de-vina-del-mar-con-una-propuesta-artistica-unica\/#primaryimage"},"thumbnailUrl":"https:\/\/dev.antudigital.cl\/sites\/vc\/wp-content\/uploads\/2025\/07\/unnamed-3.jpg","articleSection":["Uncategorized"],"inLanguage":"es"},{"@type":"WebPage","@id":"https:\/\/dev.antudigital.cl\/sites\/vc\/bafochi-sinfonico-llega-al-teatro-municipal-de-vina-del-mar-con-una-propuesta-artistica-unica\/","url":"https:\/\/dev.antudigital.cl\/sites\/vc\/bafochi-sinfonico-llega-al-teatro-municipal-de-vina-del-mar-con-una-propuesta-artistica-unica\/","name":"Bafochi Sinf\u00f3nico llega al Teatro Municipal de Vi\u00f1a del Mar con una propuesta art\u00edstica \u00fanica - Valpara\u00ed\u00adso Creativo","isPartOf":{"@id":"https:\/\/dev.antudigital.cl\/sites\/vc\/#website"},"primaryImageOfPage":{"@id":"https:\/\/dev.antudigital.cl\/sites\/vc\/bafochi-sinfonico-llega-al-teatro-municipal-de-vina-del-mar-con-una-propuesta-artistica-unica\/#primaryimage"},"image":{"@id":"https:\/\/dev.antudigital.cl\/sites\/vc\/bafochi-sinfonico-llega-al-teatro-municipal-de-vina-del-mar-con-una-propuesta-artistica-unica\/#primaryimage"},"thumbnailUrl":"https:\/\/dev.antudigital.cl\/sites\/vc\/wp-content\/uploads\/2025\/07\/unnamed-3.jpg","datePublished":"2025-06-10T13:48:00+00:00","dateModified":"2025-07-11T19:50:38+00:00","author":{"@id":"https:\/\/dev.antudigital.cl\/sites\/vc\/#\/schema\/person\/c2b9da8dd545e27166fc5ab232837318"},"breadcrumb":{"@id":"https:\/\/dev.antudigital.cl\/sites\/vc\/bafochi-sinfonico-llega-al-teatro-municipal-de-vina-del-mar-con-una-propuesta-artistica-unica\/#breadcrumb"},"inLanguage":"es","potentialAction":[{"@type":"ReadAction","target":["https:\/\/dev.antudigital.cl\/sites\/vc\/bafochi-sinfonico-llega-al-teatro-municipal-de-vina-del-mar-con-una-propuesta-artistica-unica\/"]}]},{"@type":"ImageObject","inLanguage":"es","@id":"https:\/\/dev.antudigital.cl\/sites\/vc\/bafochi-sinfonico-llega-al-teatro-municipal-de-vina-del-mar-con-una-propuesta-artistica-unica\/#primaryimage","url":"https:\/\/dev.antudigital.cl\/sites\/vc\/wp-content\/uploads\/2025\/07\/unnamed-3.jpg","contentUrl":"https:\/\/dev.antudigital.cl\/sites\/vc\/wp-content\/uploads\/2025\/07\/unnamed-3.jpg","width":1920,"height":1279},{"@type":"BreadcrumbList","@id":"https:\/\/dev.antudigital.cl\/sites\/vc\/bafochi-sinfonico-llega-al-teatro-municipal-de-vina-del-mar-con-una-propuesta-artistica-unica\/#breadcrumb","itemListElement":[{"@type":"ListItem","position":1,"name":"Home","item":"https:\/\/dev.antudigital.cl\/sites\/vc\/"},{"@type":"ListItem","position":2,"name":"Bafochi Sinf\u00f3nico llega al Teatro Municipal de Vi\u00f1a del Mar con una propuesta art\u00edstica \u00fanica"}]},{"@type":"WebSite","@id":"https:\/\/dev.antudigital.cl\/sites\/vc\/#website","url":"https:\/\/dev.antudigital.cl\/sites\/vc\/","name":"Valpara\u00ed\u00adso Creativo","description":"","potentialAction":[{"@type":"SearchAction","target":{"@type":"EntryPoint","urlTemplate":"https:\/\/dev.antudigital.cl\/sites\/vc\/?s={search_term_string}"},"query-input":{"@type":"PropertyValueSpecification","valueRequired":true,"valueName":"search_term_string"}}],"inLanguage":"es"},{"@type":"Person","@id":"https:\/\/dev.antudigital.cl\/sites\/vc\/#\/schema\/person\/c2b9da8dd545e27166fc5ab232837318","name":"Valpara\u00edso Creativo","description":"Periodista de cultura en la Regi\u00f3n de Valpara\u00edso.","url":"https:\/\/dev.antudigital.cl\/sites\/vc\/author\/valpoadmin\/"}]}},"_links":{"self":[{"href":"https:\/\/dev.antudigital.cl\/sites\/vc\/wp-json\/wp\/v2\/posts\/25335","targetHints":{"allow":["GET"]}}],"collection":[{"href":"https:\/\/dev.antudigital.cl\/sites\/vc\/wp-json\/wp\/v2\/posts"}],"about":[{"href":"https:\/\/dev.antudigital.cl\/sites\/vc\/wp-json\/wp\/v2\/types\/post"}],"author":[{"embeddable":true,"href":"https:\/\/dev.antudigital.cl\/sites\/vc\/wp-json\/wp\/v2\/users\/1"}],"replies":[{"embeddable":true,"href":"https:\/\/dev.antudigital.cl\/sites\/vc\/wp-json\/wp\/v2\/comments?post=25335"}],"version-history":[{"count":1,"href":"https:\/\/dev.antudigital.cl\/sites\/vc\/wp-json\/wp\/v2\/posts\/25335\/revisions"}],"predecessor-version":[{"id":25337,"href":"https:\/\/dev.antudigital.cl\/sites\/vc\/wp-json\/wp\/v2\/posts\/25335\/revisions\/25337"}],"wp:featuredmedia":[{"embeddable":true,"href":"https:\/\/dev.antudigital.cl\/sites\/vc\/wp-json\/wp\/v2\/media\/25336"}],"wp:attachment":[{"href":"https:\/\/dev.antudigital.cl\/sites\/vc\/wp-json\/wp\/v2\/media?parent=25335"}],"wp:term":[{"taxonomy":"category","embeddable":true,"href":"https:\/\/dev.antudigital.cl\/sites\/vc\/wp-json\/wp\/v2\/categories?post=25335"},{"taxonomy":"post_tag","embeddable":true,"href":"https:\/\/dev.antudigital.cl\/sites\/vc\/wp-json\/wp\/v2\/tags?post=25335"}],"curies":[{"name":"wp","href":"https:\/\/api.w.org\/{rel}","templated":true}]}}