{"id":25339,"date":"2025-06-09T15:59:26","date_gmt":"2025-06-09T19:59:26","guid":{"rendered":"https:\/\/www.valparaisocreativo.cl\/?p=25339"},"modified":"2025-07-11T16:02:20","modified_gmt":"2025-07-11T20:02:20","slug":"dia-de-los-pueblos-originarios-y-del-orgullo-gay-marcan-la-programacion-de-junio-en-el-centro-cultural-ipa","status":"publish","type":"post","link":"https:\/\/dev.antudigital.cl\/sites\/vc\/dia-de-los-pueblos-originarios-y-del-orgullo-gay-marcan-la-programacion-de-junio-en-el-centro-cultural-ipa\/","title":{"rendered":"D\u00eda de los Pueblos Originarios y del Orgullo Gay marcan la programaci\u00f3n de junio en el Centro Cultural IPA"},"content":{"rendered":"\n<figure class=\"wp-block-image\"><img decoding=\"async\" src=\"https:\/\/lh7-rt.googleusercontent.com\/docsz\/AD_4nXd51DVdNw7QATBCqkddCjIh355eLXjE7httm6F4N4m1qc2ollmg1mokWRX5h0HF8QSa4L9HRixSIENJMw1gWyXAujf6JmxopfcC_2BeJ5SiAZaauMztgqy4eSka6z3XLcjl8V_etVdzMWrqm2zpCA?key=9lQNT3MdaI1Iw_LGuU80HA\" alt=\"\"\/><\/figure>\n\n\n\n<p><em>Imagen correspondiente a la obra de teatro \u201cAnku, un ni\u00f1o aymara\u201d de la Compa\u00f1\u00eda de Teatro IluCi\u00f3n.<\/em><\/p>\n\n\n\n<p><em>Estas actividades de mediaci\u00f3n tienen por objetivo sensibilizar respecto de las minor\u00edas presentes en nuestro pa\u00eds y contribuir al debate a trav\u00e9s de p\u00fablicos objetivo diversos. La programaci\u00f3n cuenta con el financiamiento del Ministerio de las Culturas, las Artes y el Patrimonio a trav\u00e9s de su Programa de Apoyo a Organizaciones Culturales Colaboradoras.<\/em><\/p>\n\n\n\n<p>Como una manera de conmemorar fechas importantes y que involucran a minor\u00edas presentes en nuestro pa\u00eds, durante el mes de junio el Centro Cultural IPA prepar\u00f3 una programaci\u00f3n especial dedicada al D\u00eda de los Pueblos Originarios y el D\u00eda Internacional del Orgullo Gay. Se trata de espect\u00e1culos con entrada liberada previa inscripci\u00f3n y que cuentan con el financiamiento del Ministerio de las Culturas, las Artes y el Patrimonio a trav\u00e9s de su Programa de Apoyo a Organizaciones Culturales Colaboradoras.<\/p>\n\n\n\n<p>Es as\u00ed como el 12 y 13 de junio se presentar\u00e1 en la Sala de Teatro IPA y en el Centro Cultural San Antonio, respectivamente, la obra para todo espectador <strong>\u201cAnku, un ni\u00f1o aymara\u201d,<\/strong> un montaje de la Compa\u00f1\u00eda de Teatro IluCi\u00f3n que sumerge al p\u00fablico en la cultura de un peque\u00f1o ni\u00f1o cuyo nombre significa \u201cindomable\u201d. Anku nos invita a conocer las tradiciones de su gente, su lengua y sus costumbres.&nbsp;<\/p>\n\n\n\n<p>Rodrigo Reyes Forrich, actor del montaje comenta que \u201charemos un viaje al norte de nuestro pa\u00eds hasta el pueblo de Ayquina, donde todos y todas podremos ser parte de su gran carnaval. Para Teatro IluCi\u00f3n es muy importante esta obra, ya que como su nombre lo dice, es el origen de lo que hoy somos como sociedad, como pa\u00eds, y adem\u00e1s, en este caso, el pueblo Aymara en la actualidad es una de las etnias m\u00e1s importantes de Sudam\u00e9rica, tiene su propia lengua y ha sabido resistir a lo largo de su historia. Por esto nuestro trabajo est\u00e1 hecho con mucha responsabilidad, con mucho respeto y por sobre todo con mucho amor\u201d.<\/p>\n\n\n\n<p>Desde lo sutil de atmosferas sonoras, hasta un tema cantando compuesto para la obra, acompa\u00f1an y hace crecer el montaje, realzando cada tema que gu\u00eda la interpretaci\u00f3n de los actores, completando cada escena.<\/p>\n\n\n\n<p>Jos\u00e9 Salinas Rivera, m\u00fasico y creador de la musicalizaci\u00f3n de la obra Anku, explica que \u201cel proceso musical fue sin duda un nuevo desaf\u00edo. El estudio de sonidos y r\u00edtmicas de la cultura aymara nos llev\u00f3 a trabajar melod\u00edas acordes con el paisaje sonoro, donde nos lleva especialmente el montaje, pero sin dejar de lado que armon\u00edas fuesen populares, para acercar al p\u00fablico familiar durante el transcurso de la obra. Si bien ya cont\u00e1bamos con una base importante de cada tema, reversionamos nuestro trabajo incorporando nuevos instrumentos acordes al dise\u00f1o sonoro de la obra\u201d.&nbsp;<\/p>\n\n\n\n<p><strong>ORGULLO<\/strong><\/p>\n\n\n\n<p>Para conmemorar el D\u00eda Internacional del Orgullo Gay o LGBTIQA+ la programaci\u00f3n del Centro Cultural IPA se traslada hasta la Biblioteca de Humanidades de la Facultad de Humanidades y Educaci\u00f3n de la Universidad de Valpara\u00edso el d\u00eda viernes 27 de junio a las 12 hrs. en donde se realizar\u00e1 la lectura dramatizada de <strong>\u201cTengo Miedo Torero\u201d,<\/strong> obra del escritor y cronista chileno, Pedro Lemebel, cuya adaptaci\u00f3n est\u00e1 a cargo de la Compa\u00f1\u00eda de Teatro IluCi\u00f3n.<\/p>\n\n\n\n<p>La lectura estar\u00e1 a cargo del actor y director del Centro Cultural IPA, <strong>Claudio Vidal, <\/strong>quien, en tiempos de pandemia, se le present\u00f3 la oportunidad de darle vida a esta obra y realizar esta versi\u00f3n de la obra de Lemebel.&nbsp; \u201cRealic\u00e9, como actor, muchas funciones de manera online, tanto de cuentacuentos, personajes, adaptaciones teatrales desde Teatro IluCi\u00f3n, y se me solicit\u00f3 poder realizar una versi\u00f3n dramatizada de este libro, en la que, en pocos minutos, comparto la esencia de la novela de Pedro Lemebel, visibilizando esta bandera de lucha tan importante, como son las diversidades. Poder participar activamente en el Mes del Orgullo es una alegr\u00eda, m\u00e1s a\u00fan en vinculaci\u00f3n con otros espacios y organizaciones\u201d, explica.<\/p>\n\n\n\n<p>La obra se presentar\u00e1 el d\u00eda viernes 27 de junio a las 12:00 hrs. en la Biblioteca de Humanidades UV, Prat #677, Valpara\u00edso, y es con entrada liberada, pero hasta completar el aforo del lugar, por lo que se recomienda llegar 15 minutos antes.&nbsp;<\/p>\n\n\n\n<p>La obra de teatro <strong>\u201cAnku, un ni\u00f1o aymara\u201d<\/strong> y la lectura dramatizada de <strong>\u201cTengo Miedo Torero\u201d<\/strong> son posibles gracias al financiamiento del Ministerio de las Culturas, las Artes y el Patrimonio a trav\u00e9s de su Programa de Apoyo a Organizaciones Culturales Colaboradoras.<\/p>\n\n\n\n<p><strong>PROGRAMACI\u00d3N:<\/strong><\/p>\n\n\n\n<p>Jueves 12 de junio 2025, 14:30 horas.<\/p>\n\n\n\n<p><strong>\u00abAnku, un ni\u00f1o aymara\u00bb, Teatro<\/strong><\/p>\n\n\n\n<p>Actividad de mediaci\u00f3n<\/p>\n\n\n\n<p>Sala Teatro IPA Valpara\u00edso.<\/p>\n\n\n\n<p>Viernes 13 de junio 2025, 11:00 horas<\/p>\n\n\n\n<p><strong>\u00abAnku, un ni\u00f1o aymara\u00bb, Teatro<\/strong><\/p>\n\n\n\n<p>Actividad de mediaci\u00f3n<\/p>\n\n\n\n<p>Centro Cultural de San Antonio<\/p>\n\n\n\n<p>Viernes 27 de junio 2025, 11:00 horas.<\/p>\n\n\n\n<p><strong>\u00abTengo miedo torero\u00bb &#8211; Lectura Dramatizada<\/strong><\/p>\n\n\n\n<p>Biblioteca de Humanidades, Facultad de Humanidades&nbsp;<\/p>\n\n\n\n<p>y Educaci\u00f3n, Universidad de Valpara\u00edso.<\/p>\n","protected":false},"excerpt":{"rendered":"<p>Imagen correspondiente a la obra de teatro \u201cAnku, un ni\u00f1o aymara\u201d de la Compa\u00f1\u00eda de Teatro IluCi\u00f3n. Estas actividades de mediaci\u00f3n tienen por objetivo sensibilizar respecto de las minor\u00edas presentes en nuestro pa\u00eds y contribuir al debate a trav\u00e9s de p\u00fablicos objetivo diversos. La programaci\u00f3n cuenta con el financiamiento del Ministerio de las Culturas, las [&hellip;]<\/p>\n","protected":false},"author":1,"featured_media":25340,"comment_status":"closed","ping_status":"closed","sticky":false,"template":"","format":"standard","meta":{"_acf_changed":false,"footnotes":""},"categories":[1],"tags":[],"class_list":["post-25339","post","type-post","status-publish","format-standard","has-post-thumbnail","hentry","category-uncategorized"],"acf":[],"yoast_head":"<!-- This site is optimized with the Yoast SEO plugin v27.1.1 - https:\/\/yoast.com\/product\/yoast-seo-wordpress\/ -->\n<title>D\u00eda de los Pueblos Originarios y del Orgullo Gay marcan la programaci\u00f3n de junio en el Centro Cultural IPA - Valpara\u00ed\u00adso Creativo<\/title>\n<meta name=\"robots\" content=\"index, follow, max-snippet:-1, max-image-preview:large, max-video-preview:-1\" \/>\n<link rel=\"canonical\" href=\"https:\/\/dev.antudigital.cl\/sites\/vc\/dia-de-los-pueblos-originarios-y-del-orgullo-gay-marcan-la-programacion-de-junio-en-el-centro-cultural-ipa\/\" \/>\n<meta property=\"og:locale\" content=\"es_ES\" \/>\n<meta property=\"og:type\" content=\"article\" \/>\n<meta property=\"og:title\" content=\"D\u00eda de los Pueblos Originarios y del Orgullo Gay marcan la programaci\u00f3n de junio en el Centro Cultural IPA - Valpara\u00ed\u00adso Creativo\" \/>\n<meta property=\"og:description\" content=\"Imagen correspondiente a la obra de teatro \u201cAnku, un ni\u00f1o aymara\u201d de la Compa\u00f1\u00eda de Teatro IluCi\u00f3n. Estas actividades de mediaci\u00f3n tienen por objetivo sensibilizar respecto de las minor\u00edas presentes en nuestro pa\u00eds y contribuir al debate a trav\u00e9s de p\u00fablicos objetivo diversos. La programaci\u00f3n cuenta con el financiamiento del Ministerio de las Culturas, las [&hellip;]\" \/>\n<meta property=\"og:url\" content=\"https:\/\/dev.antudigital.cl\/sites\/vc\/dia-de-los-pueblos-originarios-y-del-orgullo-gay-marcan-la-programacion-de-junio-en-el-centro-cultural-ipa\/\" \/>\n<meta property=\"og:site_name\" content=\"Valpara\u00ed\u00adso Creativo\" \/>\n<meta property=\"article:published_time\" content=\"2025-06-09T19:59:26+00:00\" \/>\n<meta property=\"article:modified_time\" content=\"2025-07-11T20:02:20+00:00\" \/>\n<meta property=\"og:image\" content=\"https:\/\/dev.antudigital.cl\/sites\/vc\/wp-content\/uploads\/2025\/07\/Captura-de-pantalla-2025-06-09-a-las-7.51.25\u202fp.-m.png\" \/>\n\t<meta property=\"og:image:width\" content=\"1000\" \/>\n\t<meta property=\"og:image:height\" content=\"618\" \/>\n\t<meta property=\"og:image:type\" content=\"image\/png\" \/>\n<meta name=\"author\" content=\"Valpara\u00edso Creativo\" \/>\n<meta name=\"twitter:card\" content=\"summary_large_image\" \/>\n<meta name=\"twitter:label1\" content=\"Escrito por\" \/>\n\t<meta name=\"twitter:data1\" content=\"Valpara\u00edso Creativo\" \/>\n\t<meta name=\"twitter:label2\" content=\"Tiempo de lectura\" \/>\n\t<meta name=\"twitter:data2\" content=\"5 minutos\" \/>\n<script type=\"application\/ld+json\" class=\"yoast-schema-graph\">{\"@context\":\"https:\/\/schema.org\",\"@graph\":[{\"@type\":\"Article\",\"@id\":\"https:\/\/dev.antudigital.cl\/sites\/vc\/dia-de-los-pueblos-originarios-y-del-orgullo-gay-marcan-la-programacion-de-junio-en-el-centro-cultural-ipa\/#article\",\"isPartOf\":{\"@id\":\"https:\/\/dev.antudigital.cl\/sites\/vc\/dia-de-los-pueblos-originarios-y-del-orgullo-gay-marcan-la-programacion-de-junio-en-el-centro-cultural-ipa\/\"},\"author\":{\"name\":\"Valpara\u00edso Creativo\",\"@id\":\"https:\/\/dev.antudigital.cl\/sites\/vc\/#\/schema\/person\/c2b9da8dd545e27166fc5ab232837318\"},\"headline\":\"D\u00eda de los Pueblos Originarios y del Orgullo Gay marcan la programaci\u00f3n de junio en el Centro Cultural IPA\",\"datePublished\":\"2025-06-09T19:59:26+00:00\",\"dateModified\":\"2025-07-11T20:02:20+00:00\",\"mainEntityOfPage\":{\"@id\":\"https:\/\/dev.antudigital.cl\/sites\/vc\/dia-de-los-pueblos-originarios-y-del-orgullo-gay-marcan-la-programacion-de-junio-en-el-centro-cultural-ipa\/\"},\"wordCount\":880,\"image\":{\"@id\":\"https:\/\/dev.antudigital.cl\/sites\/vc\/dia-de-los-pueblos-originarios-y-del-orgullo-gay-marcan-la-programacion-de-junio-en-el-centro-cultural-ipa\/#primaryimage\"},\"thumbnailUrl\":\"https:\/\/dev.antudigital.cl\/sites\/vc\/wp-content\/uploads\/2025\/07\/Captura-de-pantalla-2025-06-09-a-las-7.51.25\u202fp.-m.png\",\"articleSection\":[\"Uncategorized\"],\"inLanguage\":\"es\"},{\"@type\":\"WebPage\",\"@id\":\"https:\/\/dev.antudigital.cl\/sites\/vc\/dia-de-los-pueblos-originarios-y-del-orgullo-gay-marcan-la-programacion-de-junio-en-el-centro-cultural-ipa\/\",\"url\":\"https:\/\/dev.antudigital.cl\/sites\/vc\/dia-de-los-pueblos-originarios-y-del-orgullo-gay-marcan-la-programacion-de-junio-en-el-centro-cultural-ipa\/\",\"name\":\"D\u00eda de los Pueblos Originarios y del Orgullo Gay marcan la programaci\u00f3n de junio en el Centro Cultural IPA - Valpara\u00ed\u00adso Creativo\",\"isPartOf\":{\"@id\":\"https:\/\/dev.antudigital.cl\/sites\/vc\/#website\"},\"primaryImageOfPage\":{\"@id\":\"https:\/\/dev.antudigital.cl\/sites\/vc\/dia-de-los-pueblos-originarios-y-del-orgullo-gay-marcan-la-programacion-de-junio-en-el-centro-cultural-ipa\/#primaryimage\"},\"image\":{\"@id\":\"https:\/\/dev.antudigital.cl\/sites\/vc\/dia-de-los-pueblos-originarios-y-del-orgullo-gay-marcan-la-programacion-de-junio-en-el-centro-cultural-ipa\/#primaryimage\"},\"thumbnailUrl\":\"https:\/\/dev.antudigital.cl\/sites\/vc\/wp-content\/uploads\/2025\/07\/Captura-de-pantalla-2025-06-09-a-las-7.51.25\u202fp.-m.png\",\"datePublished\":\"2025-06-09T19:59:26+00:00\",\"dateModified\":\"2025-07-11T20:02:20+00:00\",\"author\":{\"@id\":\"https:\/\/dev.antudigital.cl\/sites\/vc\/#\/schema\/person\/c2b9da8dd545e27166fc5ab232837318\"},\"breadcrumb\":{\"@id\":\"https:\/\/dev.antudigital.cl\/sites\/vc\/dia-de-los-pueblos-originarios-y-del-orgullo-gay-marcan-la-programacion-de-junio-en-el-centro-cultural-ipa\/#breadcrumb\"},\"inLanguage\":\"es\",\"potentialAction\":[{\"@type\":\"ReadAction\",\"target\":[\"https:\/\/dev.antudigital.cl\/sites\/vc\/dia-de-los-pueblos-originarios-y-del-orgullo-gay-marcan-la-programacion-de-junio-en-el-centro-cultural-ipa\/\"]}]},{\"@type\":\"ImageObject\",\"inLanguage\":\"es\",\"@id\":\"https:\/\/dev.antudigital.cl\/sites\/vc\/dia-de-los-pueblos-originarios-y-del-orgullo-gay-marcan-la-programacion-de-junio-en-el-centro-cultural-ipa\/#primaryimage\",\"url\":\"https:\/\/dev.antudigital.cl\/sites\/vc\/wp-content\/uploads\/2025\/07\/Captura-de-pantalla-2025-06-09-a-las-7.51.25\u202fp.-m.png\",\"contentUrl\":\"https:\/\/dev.antudigital.cl\/sites\/vc\/wp-content\/uploads\/2025\/07\/Captura-de-pantalla-2025-06-09-a-las-7.51.25\u202fp.-m.png\",\"width\":1000,\"height\":618},{\"@type\":\"BreadcrumbList\",\"@id\":\"https:\/\/dev.antudigital.cl\/sites\/vc\/dia-de-los-pueblos-originarios-y-del-orgullo-gay-marcan-la-programacion-de-junio-en-el-centro-cultural-ipa\/#breadcrumb\",\"itemListElement\":[{\"@type\":\"ListItem\",\"position\":1,\"name\":\"Home\",\"item\":\"https:\/\/dev.antudigital.cl\/sites\/vc\/\"},{\"@type\":\"ListItem\",\"position\":2,\"name\":\"D\u00eda de los Pueblos Originarios y del Orgullo Gay marcan la programaci\u00f3n de junio en el Centro Cultural IPA\"}]},{\"@type\":\"WebSite\",\"@id\":\"https:\/\/dev.antudigital.cl\/sites\/vc\/#website\",\"url\":\"https:\/\/dev.antudigital.cl\/sites\/vc\/\",\"name\":\"Valpara\u00ed\u00adso Creativo\",\"description\":\"\",\"potentialAction\":[{\"@type\":\"SearchAction\",\"target\":{\"@type\":\"EntryPoint\",\"urlTemplate\":\"https:\/\/dev.antudigital.cl\/sites\/vc\/?s={search_term_string}\"},\"query-input\":{\"@type\":\"PropertyValueSpecification\",\"valueRequired\":true,\"valueName\":\"search_term_string\"}}],\"inLanguage\":\"es\"},{\"@type\":\"Person\",\"@id\":\"https:\/\/dev.antudigital.cl\/sites\/vc\/#\/schema\/person\/c2b9da8dd545e27166fc5ab232837318\",\"name\":\"Valpara\u00edso Creativo\",\"description\":\"Periodista de cultura en la Regi\u00f3n de Valpara\u00edso.\",\"url\":\"https:\/\/dev.antudigital.cl\/sites\/vc\/author\/valpoadmin\/\"}]}<\/script>\n<!-- \/ Yoast SEO plugin. -->","yoast_head_json":{"title":"D\u00eda de los Pueblos Originarios y del Orgullo Gay marcan la programaci\u00f3n de junio en el Centro Cultural IPA - Valpara\u00ed\u00adso Creativo","robots":{"index":"index","follow":"follow","max-snippet":"max-snippet:-1","max-image-preview":"max-image-preview:large","max-video-preview":"max-video-preview:-1"},"canonical":"https:\/\/dev.antudigital.cl\/sites\/vc\/dia-de-los-pueblos-originarios-y-del-orgullo-gay-marcan-la-programacion-de-junio-en-el-centro-cultural-ipa\/","og_locale":"es_ES","og_type":"article","og_title":"D\u00eda de los Pueblos Originarios y del Orgullo Gay marcan la programaci\u00f3n de junio en el Centro Cultural IPA - Valpara\u00ed\u00adso Creativo","og_description":"Imagen correspondiente a la obra de teatro \u201cAnku, un ni\u00f1o aymara\u201d de la Compa\u00f1\u00eda de Teatro IluCi\u00f3n. Estas actividades de mediaci\u00f3n tienen por objetivo sensibilizar respecto de las minor\u00edas presentes en nuestro pa\u00eds y contribuir al debate a trav\u00e9s de p\u00fablicos objetivo diversos. La programaci\u00f3n cuenta con el financiamiento del Ministerio de las Culturas, las [&hellip;]","og_url":"https:\/\/dev.antudigital.cl\/sites\/vc\/dia-de-los-pueblos-originarios-y-del-orgullo-gay-marcan-la-programacion-de-junio-en-el-centro-cultural-ipa\/","og_site_name":"Valpara\u00ed\u00adso Creativo","article_published_time":"2025-06-09T19:59:26+00:00","article_modified_time":"2025-07-11T20:02:20+00:00","og_image":[{"width":1000,"height":618,"url":"https:\/\/dev.antudigital.cl\/sites\/vc\/wp-content\/uploads\/2025\/07\/Captura-de-pantalla-2025-06-09-a-las-7.51.25\u202fp.-m.png","type":"image\/png"}],"author":"Valpara\u00edso Creativo","twitter_card":"summary_large_image","twitter_misc":{"Escrito por":"Valpara\u00edso Creativo","Tiempo de lectura":"5 minutos"},"schema":{"@context":"https:\/\/schema.org","@graph":[{"@type":"Article","@id":"https:\/\/dev.antudigital.cl\/sites\/vc\/dia-de-los-pueblos-originarios-y-del-orgullo-gay-marcan-la-programacion-de-junio-en-el-centro-cultural-ipa\/#article","isPartOf":{"@id":"https:\/\/dev.antudigital.cl\/sites\/vc\/dia-de-los-pueblos-originarios-y-del-orgullo-gay-marcan-la-programacion-de-junio-en-el-centro-cultural-ipa\/"},"author":{"name":"Valpara\u00edso Creativo","@id":"https:\/\/dev.antudigital.cl\/sites\/vc\/#\/schema\/person\/c2b9da8dd545e27166fc5ab232837318"},"headline":"D\u00eda de los Pueblos Originarios y del Orgullo Gay marcan la programaci\u00f3n de junio en el Centro Cultural IPA","datePublished":"2025-06-09T19:59:26+00:00","dateModified":"2025-07-11T20:02:20+00:00","mainEntityOfPage":{"@id":"https:\/\/dev.antudigital.cl\/sites\/vc\/dia-de-los-pueblos-originarios-y-del-orgullo-gay-marcan-la-programacion-de-junio-en-el-centro-cultural-ipa\/"},"wordCount":880,"image":{"@id":"https:\/\/dev.antudigital.cl\/sites\/vc\/dia-de-los-pueblos-originarios-y-del-orgullo-gay-marcan-la-programacion-de-junio-en-el-centro-cultural-ipa\/#primaryimage"},"thumbnailUrl":"https:\/\/dev.antudigital.cl\/sites\/vc\/wp-content\/uploads\/2025\/07\/Captura-de-pantalla-2025-06-09-a-las-7.51.25\u202fp.-m.png","articleSection":["Uncategorized"],"inLanguage":"es"},{"@type":"WebPage","@id":"https:\/\/dev.antudigital.cl\/sites\/vc\/dia-de-los-pueblos-originarios-y-del-orgullo-gay-marcan-la-programacion-de-junio-en-el-centro-cultural-ipa\/","url":"https:\/\/dev.antudigital.cl\/sites\/vc\/dia-de-los-pueblos-originarios-y-del-orgullo-gay-marcan-la-programacion-de-junio-en-el-centro-cultural-ipa\/","name":"D\u00eda de los Pueblos Originarios y del Orgullo Gay marcan la programaci\u00f3n de junio en el Centro Cultural IPA - Valpara\u00ed\u00adso Creativo","isPartOf":{"@id":"https:\/\/dev.antudigital.cl\/sites\/vc\/#website"},"primaryImageOfPage":{"@id":"https:\/\/dev.antudigital.cl\/sites\/vc\/dia-de-los-pueblos-originarios-y-del-orgullo-gay-marcan-la-programacion-de-junio-en-el-centro-cultural-ipa\/#primaryimage"},"image":{"@id":"https:\/\/dev.antudigital.cl\/sites\/vc\/dia-de-los-pueblos-originarios-y-del-orgullo-gay-marcan-la-programacion-de-junio-en-el-centro-cultural-ipa\/#primaryimage"},"thumbnailUrl":"https:\/\/dev.antudigital.cl\/sites\/vc\/wp-content\/uploads\/2025\/07\/Captura-de-pantalla-2025-06-09-a-las-7.51.25\u202fp.-m.png","datePublished":"2025-06-09T19:59:26+00:00","dateModified":"2025-07-11T20:02:20+00:00","author":{"@id":"https:\/\/dev.antudigital.cl\/sites\/vc\/#\/schema\/person\/c2b9da8dd545e27166fc5ab232837318"},"breadcrumb":{"@id":"https:\/\/dev.antudigital.cl\/sites\/vc\/dia-de-los-pueblos-originarios-y-del-orgullo-gay-marcan-la-programacion-de-junio-en-el-centro-cultural-ipa\/#breadcrumb"},"inLanguage":"es","potentialAction":[{"@type":"ReadAction","target":["https:\/\/dev.antudigital.cl\/sites\/vc\/dia-de-los-pueblos-originarios-y-del-orgullo-gay-marcan-la-programacion-de-junio-en-el-centro-cultural-ipa\/"]}]},{"@type":"ImageObject","inLanguage":"es","@id":"https:\/\/dev.antudigital.cl\/sites\/vc\/dia-de-los-pueblos-originarios-y-del-orgullo-gay-marcan-la-programacion-de-junio-en-el-centro-cultural-ipa\/#primaryimage","url":"https:\/\/dev.antudigital.cl\/sites\/vc\/wp-content\/uploads\/2025\/07\/Captura-de-pantalla-2025-06-09-a-las-7.51.25\u202fp.-m.png","contentUrl":"https:\/\/dev.antudigital.cl\/sites\/vc\/wp-content\/uploads\/2025\/07\/Captura-de-pantalla-2025-06-09-a-las-7.51.25\u202fp.-m.png","width":1000,"height":618},{"@type":"BreadcrumbList","@id":"https:\/\/dev.antudigital.cl\/sites\/vc\/dia-de-los-pueblos-originarios-y-del-orgullo-gay-marcan-la-programacion-de-junio-en-el-centro-cultural-ipa\/#breadcrumb","itemListElement":[{"@type":"ListItem","position":1,"name":"Home","item":"https:\/\/dev.antudigital.cl\/sites\/vc\/"},{"@type":"ListItem","position":2,"name":"D\u00eda de los Pueblos Originarios y del Orgullo Gay marcan la programaci\u00f3n de junio en el Centro Cultural IPA"}]},{"@type":"WebSite","@id":"https:\/\/dev.antudigital.cl\/sites\/vc\/#website","url":"https:\/\/dev.antudigital.cl\/sites\/vc\/","name":"Valpara\u00ed\u00adso Creativo","description":"","potentialAction":[{"@type":"SearchAction","target":{"@type":"EntryPoint","urlTemplate":"https:\/\/dev.antudigital.cl\/sites\/vc\/?s={search_term_string}"},"query-input":{"@type":"PropertyValueSpecification","valueRequired":true,"valueName":"search_term_string"}}],"inLanguage":"es"},{"@type":"Person","@id":"https:\/\/dev.antudigital.cl\/sites\/vc\/#\/schema\/person\/c2b9da8dd545e27166fc5ab232837318","name":"Valpara\u00edso Creativo","description":"Periodista de cultura en la Regi\u00f3n de Valpara\u00edso.","url":"https:\/\/dev.antudigital.cl\/sites\/vc\/author\/valpoadmin\/"}]}},"_links":{"self":[{"href":"https:\/\/dev.antudigital.cl\/sites\/vc\/wp-json\/wp\/v2\/posts\/25339","targetHints":{"allow":["GET"]}}],"collection":[{"href":"https:\/\/dev.antudigital.cl\/sites\/vc\/wp-json\/wp\/v2\/posts"}],"about":[{"href":"https:\/\/dev.antudigital.cl\/sites\/vc\/wp-json\/wp\/v2\/types\/post"}],"author":[{"embeddable":true,"href":"https:\/\/dev.antudigital.cl\/sites\/vc\/wp-json\/wp\/v2\/users\/1"}],"replies":[{"embeddable":true,"href":"https:\/\/dev.antudigital.cl\/sites\/vc\/wp-json\/wp\/v2\/comments?post=25339"}],"version-history":[{"count":1,"href":"https:\/\/dev.antudigital.cl\/sites\/vc\/wp-json\/wp\/v2\/posts\/25339\/revisions"}],"predecessor-version":[{"id":25341,"href":"https:\/\/dev.antudigital.cl\/sites\/vc\/wp-json\/wp\/v2\/posts\/25339\/revisions\/25341"}],"wp:featuredmedia":[{"embeddable":true,"href":"https:\/\/dev.antudigital.cl\/sites\/vc\/wp-json\/wp\/v2\/media\/25340"}],"wp:attachment":[{"href":"https:\/\/dev.antudigital.cl\/sites\/vc\/wp-json\/wp\/v2\/media?parent=25339"}],"wp:term":[{"taxonomy":"category","embeddable":true,"href":"https:\/\/dev.antudigital.cl\/sites\/vc\/wp-json\/wp\/v2\/categories?post=25339"},{"taxonomy":"post_tag","embeddable":true,"href":"https:\/\/dev.antudigital.cl\/sites\/vc\/wp-json\/wp\/v2\/tags?post=25339"}],"curies":[{"name":"wp","href":"https:\/\/api.w.org\/{rel}","templated":true}]}}