{"id":25342,"date":"2025-06-09T11:02:00","date_gmt":"2025-06-09T15:02:00","guid":{"rendered":"https:\/\/www.valparaisocreativo.cl\/?p=25342"},"modified":"2025-07-11T16:05:20","modified_gmt":"2025-07-11T20:05:20","slug":"los-anos-salvajes-la-pelicula-que-entrelaza-la-bohemia-portena-con-el-rocanrol-se-proyectara-gratis-en-quillota","status":"publish","type":"post","link":"https:\/\/dev.antudigital.cl\/sites\/vc\/los-anos-salvajes-la-pelicula-que-entrelaza-la-bohemia-portena-con-el-rocanrol-se-proyectara-gratis-en-quillota\/","title":{"rendered":"\u201cLos a\u00f1os salvajes\u201d la pel\u00edcula que entrelaza la bohemia porte\u00f1a con el rocanrol se proyectar\u00e1 gratis en Quillota"},"content":{"rendered":"\n<p><em>La cinta es protagonizada por Daniel Antivilo, quien interpreta a Ricky Palace, un cantante olvidado de 65 a\u00f1os, que sobrevive tocando sus viejos \u00e9xitos en un bar de Valpara\u00edso.<\/em><\/p>\n\n\n\n<p>Para seguir con su cartelera anual de cine chileno en la comuna, el&nbsp;<strong>Centro Cultural Quilpu\u00e9 Audiovisual<\/strong>&nbsp;en&nbsp;<strong>colaboraci\u00f3n con la Municipalidad de Quillota<\/strong>, proyectar\u00e1 un estreno nacional filmado y producido en Valpara\u00edso.<\/p>\n\n\n\n<p>La exhibici\u00f3n est\u00e1 programada para el&nbsp;<strong>mi\u00e9rcoles 11 de junio<\/strong>&nbsp;a las&nbsp;<strong>19:00 horas<\/strong>&nbsp;en el&nbsp;<strong>Teatro Rodolfo Bravo del Centro Cultural Leopoldo Silva<\/strong>. La entrada es liberada y el ingreso es por orden de llegada.<\/p>\n\n\n\n<p>Se trata de&nbsp;<strong><em>Los A\u00f1os Salvajes<\/em><\/strong>, una pel\u00edcula dirigida por Andr\u00e9s Nazarala que entrelaza a<strong>&nbsp;Valpara\u00edso, la bohemia y la m\u00fasica.&nbsp;<\/strong>La pel\u00edcula sigue a Ricky Palace, un cantante olvidado de 65 a\u00f1os, que sobrevive tocando sus viejos \u00e9xitos en un bar de Valpara\u00edso. Cuando el local cierra y, por error, un obituario local lo da por muerto, el protagonista decide enfrentarse a Tommy Wolf, una estrella internacional que recientemente se ha apropiado de una canci\u00f3n grabada por Ricky en su juventud.<\/p>\n\n\n\n<p><em>Los a\u00f1os salvajes<\/em>&nbsp;cuenta con un elenco de primera l\u00ednea, liderado por Daniel Antivilo en el papel de Ricky Palace, junto a reconocidos actores como Jos\u00e9 Soza, Nathalia Galgani, Daniel Mu\u00f1oz y Alejandro Goic. Cada interpretaci\u00f3n aporta profundidad a esta historia de redenci\u00f3n, nostalgia y resistencia.<\/p>\n\n\n\n<p>Sobre el motivo de programar la cinta,&nbsp;<strong>Chandra Espinoza<\/strong>, Encargada de Comunicaciones de Quilpu\u00e9 Audiovisual expresa:&nbsp;<em>\u201cPara nosotros es muy importante exhibir esta pel\u00edcula, porque fue grabada y producida al cien por ciento con personas de la regi\u00f3n de Valpara\u00edso, lo que es un valor para la difusi\u00f3n del cine y su descentralizaci\u00f3n. Tambi\u00e9n porque es una cinta muy humana y emotiva que pone el acento en la vejez, el olvido\u201d.<\/em><\/p>\n\n\n\n<figure class=\"wp-block-image size-large\"><img decoding=\"async\" src=\"https:\/\/www.valparaisocreativo.cl\/wp-content\/uploads\/2025\/06\/Los-anos-salvajes-QP-1024x538.jpg\" alt=\"\" class=\"wp-image-23804\"\/><\/figure>\n\n\n\n<p>La pr\u00f3xima funci\u00f3n ser\u00e1 el&nbsp;<strong>jueves 17 de julio&nbsp;<\/strong>-mismo horario y lugar- con&nbsp;<strong><em>Denominaci\u00f3n de origen<\/em><\/strong>, la pel\u00edcula que ha llenado los cines este \u00faltimo tiempo y a\u00fan se mantiene en cartelera. La cinta narra c\u00f3mo un grupo de h\u00e9roes sancarlinos se embarcan en una emocionante aventura para recuperar la codiciada denominaci\u00f3n de origen a la \u00abMejor longaniza de Chile\u00bb, que les fue arrebatada por Chill\u00e1n.<\/p>\n\n\n\n<p>El proyecto es financiado por el Ministerio de las Culturas, las Artes y el Patrimonio a trav\u00e9s de su Programa de Apoyo a Organizaciones Culturales Colaboradoras, y cuenta con la colaboraci\u00f3n de la&nbsp;<strong>Municipalidad de Quillota y EFE Trenes Valpara\u00edso.<\/strong><\/p>\n\n\n\n<p>Conoce toda la programaci\u00f3n en&nbsp;<a href=\"http:\/\/www.quilpueaudiovisual.cl\/\" target=\"_blank\" rel=\"noreferrer noopener\">www.quilpueaudiovisual.cl<\/a><\/p>\n\n\n\n<p><strong>Redes sociales: @ccquilpueaudiovisual<\/strong><\/p>\n\n\n\n<p><strong>*Fotograf\u00edas: Francisca Gonz\u00e1lez.<\/strong><\/p>\n\n\n\n<p><\/p>\n","protected":false},"excerpt":{"rendered":"<p>La cinta es protagonizada por Daniel Antivilo, quien interpreta a Ricky Palace, un cantante olvidado de 65 a\u00f1os, que sobrevive tocando sus viejos \u00e9xitos en un bar de Valpara\u00edso. Para seguir con su cartelera anual de cine chileno en la comuna, el&nbsp;Centro Cultural Quilpu\u00e9 Audiovisual&nbsp;en&nbsp;colaboraci\u00f3n con la Municipalidad de Quillota, proyectar\u00e1 un estreno nacional filmado [&hellip;]<\/p>\n","protected":false},"author":1,"featured_media":25343,"comment_status":"closed","ping_status":"closed","sticky":false,"template":"","format":"standard","meta":{"_acf_changed":false,"footnotes":""},"categories":[11],"tags":[],"class_list":["post-25342","post","type-post","status-publish","format-standard","has-post-thumbnail","hentry","category-audiovisual"],"acf":[],"yoast_head":"<!-- This site is optimized with the Yoast SEO plugin v27.1.1 - https:\/\/yoast.com\/product\/yoast-seo-wordpress\/ -->\n<title>\u201cLos a\u00f1os salvajes\u201d la pel\u00edcula que entrelaza la bohemia porte\u00f1a con el rocanrol se proyectar\u00e1 gratis en Quillota - Valpara\u00ed\u00adso Creativo<\/title>\n<meta name=\"robots\" content=\"index, follow, max-snippet:-1, max-image-preview:large, max-video-preview:-1\" \/>\n<link rel=\"canonical\" href=\"https:\/\/dev.antudigital.cl\/sites\/vc\/los-anos-salvajes-la-pelicula-que-entrelaza-la-bohemia-portena-con-el-rocanrol-se-proyectara-gratis-en-quillota\/\" \/>\n<meta property=\"og:locale\" content=\"es_ES\" \/>\n<meta property=\"og:type\" content=\"article\" \/>\n<meta property=\"og:title\" content=\"\u201cLos a\u00f1os salvajes\u201d la pel\u00edcula que entrelaza la bohemia porte\u00f1a con el rocanrol se proyectar\u00e1 gratis en Quillota - Valpara\u00ed\u00adso Creativo\" \/>\n<meta property=\"og:description\" content=\"La cinta es protagonizada por Daniel Antivilo, quien interpreta a Ricky Palace, un cantante olvidado de 65 a\u00f1os, que sobrevive tocando sus viejos \u00e9xitos en un bar de Valpara\u00edso. Para seguir con su cartelera anual de cine chileno en la comuna, el&nbsp;Centro Cultural Quilpu\u00e9 Audiovisual&nbsp;en&nbsp;colaboraci\u00f3n con la Municipalidad de Quillota, proyectar\u00e1 un estreno nacional filmado [&hellip;]\" \/>\n<meta property=\"og:url\" content=\"https:\/\/dev.antudigital.cl\/sites\/vc\/los-anos-salvajes-la-pelicula-que-entrelaza-la-bohemia-portena-con-el-rocanrol-se-proyectara-gratis-en-quillota\/\" \/>\n<meta property=\"og:site_name\" content=\"Valpara\u00ed\u00adso Creativo\" \/>\n<meta property=\"article:published_time\" content=\"2025-06-09T15:02:00+00:00\" \/>\n<meta property=\"article:modified_time\" content=\"2025-07-11T20:05:20+00:00\" \/>\n<meta property=\"og:image\" content=\"https:\/\/dev.antudigital.cl\/sites\/vc\/wp-content\/uploads\/2025\/07\/Quillota-junio_foto-prensa-1.jpg\" \/>\n\t<meta property=\"og:image:width\" content=\"1360\" \/>\n\t<meta property=\"og:image:height\" content=\"905\" \/>\n\t<meta property=\"og:image:type\" content=\"image\/jpeg\" \/>\n<meta name=\"author\" content=\"Valpara\u00edso Creativo\" \/>\n<meta name=\"twitter:card\" content=\"summary_large_image\" \/>\n<meta name=\"twitter:label1\" content=\"Escrito por\" \/>\n\t<meta name=\"twitter:data1\" content=\"Valpara\u00edso Creativo\" \/>\n\t<meta name=\"twitter:label2\" content=\"Tiempo de lectura\" \/>\n\t<meta name=\"twitter:data2\" content=\"3 minutos\" \/>\n<script type=\"application\/ld+json\" class=\"yoast-schema-graph\">{\"@context\":\"https:\/\/schema.org\",\"@graph\":[{\"@type\":\"Article\",\"@id\":\"https:\/\/dev.antudigital.cl\/sites\/vc\/los-anos-salvajes-la-pelicula-que-entrelaza-la-bohemia-portena-con-el-rocanrol-se-proyectara-gratis-en-quillota\/#article\",\"isPartOf\":{\"@id\":\"https:\/\/dev.antudigital.cl\/sites\/vc\/los-anos-salvajes-la-pelicula-que-entrelaza-la-bohemia-portena-con-el-rocanrol-se-proyectara-gratis-en-quillota\/\"},\"author\":{\"name\":\"Valpara\u00edso Creativo\",\"@id\":\"https:\/\/dev.antudigital.cl\/sites\/vc\/#\/schema\/person\/c2b9da8dd545e27166fc5ab232837318\"},\"headline\":\"\u201cLos a\u00f1os salvajes\u201d la pel\u00edcula que entrelaza la bohemia porte\u00f1a con el rocanrol se proyectar\u00e1 gratis en Quillota\",\"datePublished\":\"2025-06-09T15:02:00+00:00\",\"dateModified\":\"2025-07-11T20:05:20+00:00\",\"mainEntityOfPage\":{\"@id\":\"https:\/\/dev.antudigital.cl\/sites\/vc\/los-anos-salvajes-la-pelicula-que-entrelaza-la-bohemia-portena-con-el-rocanrol-se-proyectara-gratis-en-quillota\/\"},\"wordCount\":494,\"image\":{\"@id\":\"https:\/\/dev.antudigital.cl\/sites\/vc\/los-anos-salvajes-la-pelicula-que-entrelaza-la-bohemia-portena-con-el-rocanrol-se-proyectara-gratis-en-quillota\/#primaryimage\"},\"thumbnailUrl\":\"https:\/\/dev.antudigital.cl\/sites\/vc\/wp-content\/uploads\/2025\/07\/Quillota-junio_foto-prensa-1.jpg\",\"articleSection\":[\"Audiovisual\"],\"inLanguage\":\"es\"},{\"@type\":\"WebPage\",\"@id\":\"https:\/\/dev.antudigital.cl\/sites\/vc\/los-anos-salvajes-la-pelicula-que-entrelaza-la-bohemia-portena-con-el-rocanrol-se-proyectara-gratis-en-quillota\/\",\"url\":\"https:\/\/dev.antudigital.cl\/sites\/vc\/los-anos-salvajes-la-pelicula-que-entrelaza-la-bohemia-portena-con-el-rocanrol-se-proyectara-gratis-en-quillota\/\",\"name\":\"\u201cLos a\u00f1os salvajes\u201d la pel\u00edcula que entrelaza la bohemia porte\u00f1a con el rocanrol se proyectar\u00e1 gratis en Quillota - Valpara\u00ed\u00adso Creativo\",\"isPartOf\":{\"@id\":\"https:\/\/dev.antudigital.cl\/sites\/vc\/#website\"},\"primaryImageOfPage\":{\"@id\":\"https:\/\/dev.antudigital.cl\/sites\/vc\/los-anos-salvajes-la-pelicula-que-entrelaza-la-bohemia-portena-con-el-rocanrol-se-proyectara-gratis-en-quillota\/#primaryimage\"},\"image\":{\"@id\":\"https:\/\/dev.antudigital.cl\/sites\/vc\/los-anos-salvajes-la-pelicula-que-entrelaza-la-bohemia-portena-con-el-rocanrol-se-proyectara-gratis-en-quillota\/#primaryimage\"},\"thumbnailUrl\":\"https:\/\/dev.antudigital.cl\/sites\/vc\/wp-content\/uploads\/2025\/07\/Quillota-junio_foto-prensa-1.jpg\",\"datePublished\":\"2025-06-09T15:02:00+00:00\",\"dateModified\":\"2025-07-11T20:05:20+00:00\",\"author\":{\"@id\":\"https:\/\/dev.antudigital.cl\/sites\/vc\/#\/schema\/person\/c2b9da8dd545e27166fc5ab232837318\"},\"breadcrumb\":{\"@id\":\"https:\/\/dev.antudigital.cl\/sites\/vc\/los-anos-salvajes-la-pelicula-que-entrelaza-la-bohemia-portena-con-el-rocanrol-se-proyectara-gratis-en-quillota\/#breadcrumb\"},\"inLanguage\":\"es\",\"potentialAction\":[{\"@type\":\"ReadAction\",\"target\":[\"https:\/\/dev.antudigital.cl\/sites\/vc\/los-anos-salvajes-la-pelicula-que-entrelaza-la-bohemia-portena-con-el-rocanrol-se-proyectara-gratis-en-quillota\/\"]}]},{\"@type\":\"ImageObject\",\"inLanguage\":\"es\",\"@id\":\"https:\/\/dev.antudigital.cl\/sites\/vc\/los-anos-salvajes-la-pelicula-que-entrelaza-la-bohemia-portena-con-el-rocanrol-se-proyectara-gratis-en-quillota\/#primaryimage\",\"url\":\"https:\/\/dev.antudigital.cl\/sites\/vc\/wp-content\/uploads\/2025\/07\/Quillota-junio_foto-prensa-1.jpg\",\"contentUrl\":\"https:\/\/dev.antudigital.cl\/sites\/vc\/wp-content\/uploads\/2025\/07\/Quillota-junio_foto-prensa-1.jpg\",\"width\":1360,\"height\":905},{\"@type\":\"BreadcrumbList\",\"@id\":\"https:\/\/dev.antudigital.cl\/sites\/vc\/los-anos-salvajes-la-pelicula-que-entrelaza-la-bohemia-portena-con-el-rocanrol-se-proyectara-gratis-en-quillota\/#breadcrumb\",\"itemListElement\":[{\"@type\":\"ListItem\",\"position\":1,\"name\":\"Home\",\"item\":\"https:\/\/dev.antudigital.cl\/sites\/vc\/\"},{\"@type\":\"ListItem\",\"position\":2,\"name\":\"\u201cLos a\u00f1os salvajes\u201d la pel\u00edcula que entrelaza la bohemia porte\u00f1a con el rocanrol se proyectar\u00e1 gratis en Quillota\"}]},{\"@type\":\"WebSite\",\"@id\":\"https:\/\/dev.antudigital.cl\/sites\/vc\/#website\",\"url\":\"https:\/\/dev.antudigital.cl\/sites\/vc\/\",\"name\":\"Valpara\u00ed\u00adso Creativo\",\"description\":\"\",\"potentialAction\":[{\"@type\":\"SearchAction\",\"target\":{\"@type\":\"EntryPoint\",\"urlTemplate\":\"https:\/\/dev.antudigital.cl\/sites\/vc\/?s={search_term_string}\"},\"query-input\":{\"@type\":\"PropertyValueSpecification\",\"valueRequired\":true,\"valueName\":\"search_term_string\"}}],\"inLanguage\":\"es\"},{\"@type\":\"Person\",\"@id\":\"https:\/\/dev.antudigital.cl\/sites\/vc\/#\/schema\/person\/c2b9da8dd545e27166fc5ab232837318\",\"name\":\"Valpara\u00edso Creativo\",\"description\":\"Periodista de cultura en la Regi\u00f3n de Valpara\u00edso.\",\"url\":\"https:\/\/dev.antudigital.cl\/sites\/vc\/author\/valpoadmin\/\"}]}<\/script>\n<!-- \/ Yoast SEO plugin. -->","yoast_head_json":{"title":"\u201cLos a\u00f1os salvajes\u201d la pel\u00edcula que entrelaza la bohemia porte\u00f1a con el rocanrol se proyectar\u00e1 gratis en Quillota - Valpara\u00ed\u00adso Creativo","robots":{"index":"index","follow":"follow","max-snippet":"max-snippet:-1","max-image-preview":"max-image-preview:large","max-video-preview":"max-video-preview:-1"},"canonical":"https:\/\/dev.antudigital.cl\/sites\/vc\/los-anos-salvajes-la-pelicula-que-entrelaza-la-bohemia-portena-con-el-rocanrol-se-proyectara-gratis-en-quillota\/","og_locale":"es_ES","og_type":"article","og_title":"\u201cLos a\u00f1os salvajes\u201d la pel\u00edcula que entrelaza la bohemia porte\u00f1a con el rocanrol se proyectar\u00e1 gratis en Quillota - Valpara\u00ed\u00adso Creativo","og_description":"La cinta es protagonizada por Daniel Antivilo, quien interpreta a Ricky Palace, un cantante olvidado de 65 a\u00f1os, que sobrevive tocando sus viejos \u00e9xitos en un bar de Valpara\u00edso. Para seguir con su cartelera anual de cine chileno en la comuna, el&nbsp;Centro Cultural Quilpu\u00e9 Audiovisual&nbsp;en&nbsp;colaboraci\u00f3n con la Municipalidad de Quillota, proyectar\u00e1 un estreno nacional filmado [&hellip;]","og_url":"https:\/\/dev.antudigital.cl\/sites\/vc\/los-anos-salvajes-la-pelicula-que-entrelaza-la-bohemia-portena-con-el-rocanrol-se-proyectara-gratis-en-quillota\/","og_site_name":"Valpara\u00ed\u00adso Creativo","article_published_time":"2025-06-09T15:02:00+00:00","article_modified_time":"2025-07-11T20:05:20+00:00","og_image":[{"width":1360,"height":905,"url":"https:\/\/dev.antudigital.cl\/sites\/vc\/wp-content\/uploads\/2025\/07\/Quillota-junio_foto-prensa-1.jpg","type":"image\/jpeg"}],"author":"Valpara\u00edso Creativo","twitter_card":"summary_large_image","twitter_misc":{"Escrito por":"Valpara\u00edso Creativo","Tiempo de lectura":"3 minutos"},"schema":{"@context":"https:\/\/schema.org","@graph":[{"@type":"Article","@id":"https:\/\/dev.antudigital.cl\/sites\/vc\/los-anos-salvajes-la-pelicula-que-entrelaza-la-bohemia-portena-con-el-rocanrol-se-proyectara-gratis-en-quillota\/#article","isPartOf":{"@id":"https:\/\/dev.antudigital.cl\/sites\/vc\/los-anos-salvajes-la-pelicula-que-entrelaza-la-bohemia-portena-con-el-rocanrol-se-proyectara-gratis-en-quillota\/"},"author":{"name":"Valpara\u00edso Creativo","@id":"https:\/\/dev.antudigital.cl\/sites\/vc\/#\/schema\/person\/c2b9da8dd545e27166fc5ab232837318"},"headline":"\u201cLos a\u00f1os salvajes\u201d la pel\u00edcula que entrelaza la bohemia porte\u00f1a con el rocanrol se proyectar\u00e1 gratis en Quillota","datePublished":"2025-06-09T15:02:00+00:00","dateModified":"2025-07-11T20:05:20+00:00","mainEntityOfPage":{"@id":"https:\/\/dev.antudigital.cl\/sites\/vc\/los-anos-salvajes-la-pelicula-que-entrelaza-la-bohemia-portena-con-el-rocanrol-se-proyectara-gratis-en-quillota\/"},"wordCount":494,"image":{"@id":"https:\/\/dev.antudigital.cl\/sites\/vc\/los-anos-salvajes-la-pelicula-que-entrelaza-la-bohemia-portena-con-el-rocanrol-se-proyectara-gratis-en-quillota\/#primaryimage"},"thumbnailUrl":"https:\/\/dev.antudigital.cl\/sites\/vc\/wp-content\/uploads\/2025\/07\/Quillota-junio_foto-prensa-1.jpg","articleSection":["Audiovisual"],"inLanguage":"es"},{"@type":"WebPage","@id":"https:\/\/dev.antudigital.cl\/sites\/vc\/los-anos-salvajes-la-pelicula-que-entrelaza-la-bohemia-portena-con-el-rocanrol-se-proyectara-gratis-en-quillota\/","url":"https:\/\/dev.antudigital.cl\/sites\/vc\/los-anos-salvajes-la-pelicula-que-entrelaza-la-bohemia-portena-con-el-rocanrol-se-proyectara-gratis-en-quillota\/","name":"\u201cLos a\u00f1os salvajes\u201d la pel\u00edcula que entrelaza la bohemia porte\u00f1a con el rocanrol se proyectar\u00e1 gratis en Quillota - Valpara\u00ed\u00adso Creativo","isPartOf":{"@id":"https:\/\/dev.antudigital.cl\/sites\/vc\/#website"},"primaryImageOfPage":{"@id":"https:\/\/dev.antudigital.cl\/sites\/vc\/los-anos-salvajes-la-pelicula-que-entrelaza-la-bohemia-portena-con-el-rocanrol-se-proyectara-gratis-en-quillota\/#primaryimage"},"image":{"@id":"https:\/\/dev.antudigital.cl\/sites\/vc\/los-anos-salvajes-la-pelicula-que-entrelaza-la-bohemia-portena-con-el-rocanrol-se-proyectara-gratis-en-quillota\/#primaryimage"},"thumbnailUrl":"https:\/\/dev.antudigital.cl\/sites\/vc\/wp-content\/uploads\/2025\/07\/Quillota-junio_foto-prensa-1.jpg","datePublished":"2025-06-09T15:02:00+00:00","dateModified":"2025-07-11T20:05:20+00:00","author":{"@id":"https:\/\/dev.antudigital.cl\/sites\/vc\/#\/schema\/person\/c2b9da8dd545e27166fc5ab232837318"},"breadcrumb":{"@id":"https:\/\/dev.antudigital.cl\/sites\/vc\/los-anos-salvajes-la-pelicula-que-entrelaza-la-bohemia-portena-con-el-rocanrol-se-proyectara-gratis-en-quillota\/#breadcrumb"},"inLanguage":"es","potentialAction":[{"@type":"ReadAction","target":["https:\/\/dev.antudigital.cl\/sites\/vc\/los-anos-salvajes-la-pelicula-que-entrelaza-la-bohemia-portena-con-el-rocanrol-se-proyectara-gratis-en-quillota\/"]}]},{"@type":"ImageObject","inLanguage":"es","@id":"https:\/\/dev.antudigital.cl\/sites\/vc\/los-anos-salvajes-la-pelicula-que-entrelaza-la-bohemia-portena-con-el-rocanrol-se-proyectara-gratis-en-quillota\/#primaryimage","url":"https:\/\/dev.antudigital.cl\/sites\/vc\/wp-content\/uploads\/2025\/07\/Quillota-junio_foto-prensa-1.jpg","contentUrl":"https:\/\/dev.antudigital.cl\/sites\/vc\/wp-content\/uploads\/2025\/07\/Quillota-junio_foto-prensa-1.jpg","width":1360,"height":905},{"@type":"BreadcrumbList","@id":"https:\/\/dev.antudigital.cl\/sites\/vc\/los-anos-salvajes-la-pelicula-que-entrelaza-la-bohemia-portena-con-el-rocanrol-se-proyectara-gratis-en-quillota\/#breadcrumb","itemListElement":[{"@type":"ListItem","position":1,"name":"Home","item":"https:\/\/dev.antudigital.cl\/sites\/vc\/"},{"@type":"ListItem","position":2,"name":"\u201cLos a\u00f1os salvajes\u201d la pel\u00edcula que entrelaza la bohemia porte\u00f1a con el rocanrol se proyectar\u00e1 gratis en Quillota"}]},{"@type":"WebSite","@id":"https:\/\/dev.antudigital.cl\/sites\/vc\/#website","url":"https:\/\/dev.antudigital.cl\/sites\/vc\/","name":"Valpara\u00ed\u00adso Creativo","description":"","potentialAction":[{"@type":"SearchAction","target":{"@type":"EntryPoint","urlTemplate":"https:\/\/dev.antudigital.cl\/sites\/vc\/?s={search_term_string}"},"query-input":{"@type":"PropertyValueSpecification","valueRequired":true,"valueName":"search_term_string"}}],"inLanguage":"es"},{"@type":"Person","@id":"https:\/\/dev.antudigital.cl\/sites\/vc\/#\/schema\/person\/c2b9da8dd545e27166fc5ab232837318","name":"Valpara\u00edso Creativo","description":"Periodista de cultura en la Regi\u00f3n de Valpara\u00edso.","url":"https:\/\/dev.antudigital.cl\/sites\/vc\/author\/valpoadmin\/"}]}},"_links":{"self":[{"href":"https:\/\/dev.antudigital.cl\/sites\/vc\/wp-json\/wp\/v2\/posts\/25342","targetHints":{"allow":["GET"]}}],"collection":[{"href":"https:\/\/dev.antudigital.cl\/sites\/vc\/wp-json\/wp\/v2\/posts"}],"about":[{"href":"https:\/\/dev.antudigital.cl\/sites\/vc\/wp-json\/wp\/v2\/types\/post"}],"author":[{"embeddable":true,"href":"https:\/\/dev.antudigital.cl\/sites\/vc\/wp-json\/wp\/v2\/users\/1"}],"replies":[{"embeddable":true,"href":"https:\/\/dev.antudigital.cl\/sites\/vc\/wp-json\/wp\/v2\/comments?post=25342"}],"version-history":[{"count":1,"href":"https:\/\/dev.antudigital.cl\/sites\/vc\/wp-json\/wp\/v2\/posts\/25342\/revisions"}],"predecessor-version":[{"id":25344,"href":"https:\/\/dev.antudigital.cl\/sites\/vc\/wp-json\/wp\/v2\/posts\/25342\/revisions\/25344"}],"wp:featuredmedia":[{"embeddable":true,"href":"https:\/\/dev.antudigital.cl\/sites\/vc\/wp-json\/wp\/v2\/media\/25343"}],"wp:attachment":[{"href":"https:\/\/dev.antudigital.cl\/sites\/vc\/wp-json\/wp\/v2\/media?parent=25342"}],"wp:term":[{"taxonomy":"category","embeddable":true,"href":"https:\/\/dev.antudigital.cl\/sites\/vc\/wp-json\/wp\/v2\/categories?post=25342"},{"taxonomy":"post_tag","embeddable":true,"href":"https:\/\/dev.antudigital.cl\/sites\/vc\/wp-json\/wp\/v2\/tags?post=25342"}],"curies":[{"name":"wp","href":"https:\/\/api.w.org\/{rel}","templated":true}]}}